{"id":121017,"date":"2025-12-10T18:16:50","date_gmt":"2025-12-11T00:16:50","guid":{"rendered":"https:\/\/quehacerpolitico.mx\/?p=121017"},"modified":"2025-12-10T18:16:53","modified_gmt":"2025-12-11T00:16:53","slug":"el-quehacer-politico-en-la-cultura-a-traves-del-enfoque-litza-deniss-duran-espinosa-fiestas-musica-y-danzas-de-nueve-paises-latinoamericanos-entran-a-lista-de-la-unesco","status":"publish","type":"post","link":"https:\/\/quehacerpolitico.mx\/?p=121017","title":{"rendered":"El Quehacer Pol\u00edtico en la Cultura a trav\u00e9s del Enfoque\/\/\/Litza Deniss Dur\u00e1n Espinosa\/\/\/Fiestas, m\u00fasica y danzas de nueve pa\u00edses latinoamericanos entran a lista de la Unesco"},"content":{"rendered":"\n<p>Por Litza Deniss Dur\u00e1n Espinosa<\/p>\n\n\n\n<p>Entre las manifestaciones inscritas como Patrimonio Cultural Inmaterial de Cuba, Chile, Per\u00fa, El Salvador y Venezuela destacan las de Panam\u00e1 y Paraguay que est\u00e1n en la categor\u00eda de Salvaguardia Urgente<\/p>\n\n\n\n<p>Adem\u00e1s de las celebraciones religiosas de M\u00e9xico \u2014la&nbsp;Pasi\u00f3n de Cristo en Iztapalapa\u2014&nbsp;y Bolivia \u2014la fiesta de la Virgen de Guadalupe en Sucre\u2014, las manifestaciones culturales de&nbsp;<strong>otras cinco naciones de Am\u00e9rica Latina<\/strong>fueron inscritas en estos d\u00edas por el Comit\u00e9 del Patrimonio Cultural Inmaterial de la Unesco&nbsp;en su Lista Representativa.<\/p>\n\n\n\n<p>Este mi\u00e9rcoles, en el tercer d\u00eda de la&nbsp;<strong>reuni\u00f3n del comit\u00e9 en Nueva Delhi<\/strong>, India, fueron elegidas las tradiciones del son cubano, el circo de tradici\u00f3n familiar de Chile, la m\u00fasica y danzas sarawja de los aimara de Per\u00fa, el Festival de Flores y Palmas de El salvador y el joropo venezolano.<\/p>\n\n\n\n<figure class=\"wp-block-image size-full\"><img loading=\"lazy\" decoding=\"async\" width=\"425\" height=\"230\" src=\"https:\/\/quehacerpolitico.mx\/wp-content\/uploads\/2025\/12\/IMG_5594.jpeg\" alt=\"\" class=\"wp-image-121018\" srcset=\"https:\/\/quehacerpolitico.mx\/wp-content\/uploads\/2025\/12\/IMG_5594.jpeg 425w, https:\/\/quehacerpolitico.mx\/wp-content\/uploads\/2025\/12\/IMG_5594-300x162.jpeg 300w\" sizes=\"auto, (max-width: 425px) 100vw, 425px\" \/><\/figure>\n\n\n\n<p>Destacan\u00a0entre\u00a0las nuevas inscripciones la cer\u00e1mica \u00f1ai&#8217;upo de Paraguay y las casas quicha de Panam\u00e1, porque entraron\u00a0en la\u00a0<strong>Lista de Salvaguardia Urgente<\/strong>, lo que activa\u00a0una alerta internacional para rescatar estas pr\u00e1cticas tradicionales.<\/p>\n\n\n\n<h2 class=\"wp-block-heading\">Las inscripciones&nbsp;urgentes<\/h2>\n\n\n\n<p>El \u00f1ai&#8217;upo (que significa &#8220;hacer de barro&#8221; en guaran\u00ed) es un sistema de conocimientos transmitido de madres a hijas que ha resistido la colonizaci\u00f3n y la modernizaci\u00f3n. Sin embargo,&nbsp;<strong>el censo actual de portadoras es cr\u00edtico<\/strong>: apenas quedan cinco maestras en la ciudad de It\u00e1, ocho en Tobat\u00ed y una sola artesana de edad avanzada en Yaguar\u00f3n, reconocida como Tesoro Nacional Vivo.<\/p>\n\n\n\n<p>La viabilidad de&nbsp;t\u00e9cnica prehisp\u00e1nica con valor hist\u00f3rico est\u00e1 en riesgo por tres factores principales, la falta de relevo generacional,&nbsp;la escasez de materia prima y&nbsp;la precariedad econ\u00f3mica de las artesanas, se\u00f1ala&nbsp;el expediente paraguayo.<\/p>\n\n\n\n<p>Se espera que la inscripci\u00f3n de este arte cer\u00e1mico ancestral en la&nbsp;<a href=\"https:\/\/www.unesco.org\/en\/articles\/unesco-intangible-cultural-heritage-68-nominations-examined-december?hub=701\" target=\"_blank\" rel=\"noreferrer noopener\">Lista del Patrimonio Cultural Inmaterial<\/a>&nbsp;ayude a la&nbsp;<strong>implementaci\u00f3n de medidas urgentes de salvaguardia<\/strong>&nbsp;al permitir&nbsp;a Paraguay acceder a cooperaci\u00f3n y asistencia internacional para garantizar su continuidad.<\/p>\n\n\n\n<figure class=\"wp-block-image\"><img decoding=\"async\" src=\"https:\/\/latinus.us\/u\/fotografias\/m\/2025\/12\/10\/f768x400-132752_176655_4142.jpg\" alt=\"La cer\u00e1mica \u00f1ai'upo de Paraguay entr\u00f3 a la Lista de Patrimonio Cultural Inmaterial y la Salvaguardia Urgente.\"\/><figcaption class=\"wp-element-caption\">Cr\u00e9dito:&nbsp;@IpaParaguay<\/figcaption><\/figure>\n\n\n\n<p>En la misma Lista de Salvaguardia Urgente est\u00e1n las t\u00e9cnicas de construcci\u00f3n de las casas de quincha de Panam\u00e1, una decisi\u00f3n que reconoce el valor clim\u00e1tico de esta arquitectura ancestral pero&nbsp;<strong>alerta sobre su inminente desaparici\u00f3n<\/strong>&nbsp;debido a la escasez de materias primas.<\/p>\n\n\n\n<p>La t\u00e9cnica consiste en levantar un armaz\u00f3n de madera y ca\u00f1a amarga que posteriormente se rellena con una mezcla de barro, paja seca y agua. Este dise\u00f1o ofrece&nbsp;<strong>una alta resistencia t\u00e9rmica<\/strong>, manteniendo el interior fresco ante las temperaturas extremas del &#8220;Arco Seco&#8221; paname\u00f1o, adem\u00e1s de poseer propiedades antis\u00edsmicas gracias a la flexibilidad de sus materiales.&nbsp;<\/p>\n\n\n\n<p>Esta inscripci\u00f3n busca proteger la &#8220;junta de embarre&#8221;, el tejido social que hace posibles estas casas, que&nbsp;<strong>no se construyen con dinero, sino con solidaridad<\/strong>. La comunidad se re\u00fane en una jornada festiva para pisar el barro y levantar los muros colectivamente, bajo un sistema de reciprocidad donde hoy se ayuda al vecino para recibir ayuda ma\u00f1ana.&nbsp;<\/p>\n\n\n\n<h2 class=\"wp-block-heading\">El Salvador, primerizo<\/h2>\n\n\n\n<p>La Organizaci\u00f3n de las Naciones Unidas para la Educaci\u00f3n, la Ciencia y la Cultura&nbsp;(Unesco) inscribi\u00f3 este mi\u00e9rcoles el tradicional Festival de Flores y Palmas&nbsp;de El Salvador, en lo que constituye la&nbsp;<strong>primera declaratoria de este tipo<\/strong>&nbsp;para el pa\u00eds centroamericano.&nbsp;<\/p>\n\n\n\n<p>El festival de Flores y Palmas es una forma tradicional de&nbsp;<strong>agradecer la llegada de la \u00e9poca de lluvias<\/strong>&nbsp;y celebrar&nbsp;la fiesta de la Virgen de Concepci\u00f3n. De acuerdo con el&nbsp;Ministerio de Relaciones Exteriores de El Salvador,&nbsp;la inscripci\u00f3n constituye un reconocimiento a &#8220;la riqueza, profundidad y vitalidad de nuestras tradiciones vivas&#8221;.&nbsp;<\/p>\n\n\n\n<p>La canciller\u00eda comenta que Flores y Palmas, que se hace el primer&nbsp;domingo de mayo,&nbsp;&#8220;es un testimonio excepcional de la espiritualidad, creatividad colectiva y continuidad cultural de la comunidad de Panchimalco, cuyas mujeres, portadores y familias han preservado, transmitido y renovado esta manifestaci\u00f3n&nbsp;<strong>a lo largo de generaciones<\/strong>&#8220;.&nbsp;<\/p>\n\n\n\n<p>Al encuentro, donde se juntan tradiciones ind\u00edgenas y cristianas y se realiza anualmente, concurre una numerosa cantidad de turistas locales y extranjeros.&nbsp;<\/p>\n\n\n\n<h2 class=\"wp-block-heading\">M\u00fasica y baile<\/h2>\n\n\n\n<p>Desde el martes, el Comit\u00e9 del Patrimonio Cultural Inmaterial de la Unesco inscribi\u00f3 al&nbsp;<strong>joropo de Venezuela<\/strong>en su Lista Representativa.&nbsp;&nbsp;<\/p>\n\n\n\n<p>\u201cSon fundamentales las contribuciones de la Unesco al mundo, ya que promueve la democratizaci\u00f3n de la educaci\u00f3n, la ciencia, la cultura y la comunicaci\u00f3n, al tiempo que protege la biodiversidad, en aras de alcanzar el progreso y la justicia social para todos los pueblos\u201d, declar\u00f3 en la plenaria la embajadora de Venezuela en la India, Capaya Rodr\u00edguez Gonz\u00e1lez.&nbsp;&nbsp;<\/p>\n\n\n\n<figure class=\"wp-block-image\"><img decoding=\"async\" src=\"https:\/\/latinus.us\/u\/fotografias\/m\/2025\/12\/10\/f768x400-132756_176659_5050.jpg\" alt=\" \"\/><figcaption class=\"wp-element-caption\">Adem\u00e1s del arpa, el cuatro y las maracas, los instrumentos tradicionales del joropo, se usan la bandola, el viol\u00edn y la mar\u00edmbula (en la imagen). Cr\u00e9dito: EFE<\/figcaption><\/figure>\n\n\n\n<p>Est\u00e9 mi\u00e9rcoles, el comit\u00e9 inscribi\u00f3 el&nbsp;sarawja de Per\u00fa, destacando que esta&nbsp;<strong>pr\u00e1ctica musical y danc\u00edstica aimara<\/strong>&nbsp;&#8220;fortalece el di\u00e1logo entre comunidades, grupos e individuos&#8221;.&nbsp;<\/p>\n\n\n\n<p>Ramiro Silva, delegado permanente de Per\u00fa ante la Unesco, se\u00f1al\u00f3 que &#8220;el sarawja es mucho m\u00e1s que m\u00fasica y danza; es una pr\u00e1ctica colectiva que&nbsp;<strong>celebra la vida, la tierra y la abundancia<\/strong>y que expresa, a trav\u00e9s del canto, la m\u00fasica y el encuentro comunitario, valores de reciprocidad, solidaridad y un profundo v\u00ednculo con la naturaleza&#8221;, declar\u00f3 .&nbsp;<\/p>\n\n\n\n<p>El comit\u00e9 reconoci\u00f3 al sarawja \u2014tambi\u00e9n conocido como sarawjatana\u2014 como &#8220;el veh\u00edculo m\u00e1s importante de identidad social y cultural en su regi\u00f3n, ya que fortalece cada a\u00f1o un&nbsp;<strong>sentido de pertenencia<\/strong>&nbsp;vinculado a las costumbres, la lengua nativa, el territorio y la historia&#8221; en los distritos de Cuchumbaya, Carumas y San Crist\u00f3bal.&nbsp;<\/p>\n\n\n\n<p>Tambi\u00e9n este mi\u00e9rcoles el Comit\u00e9 del Patrimonio Cultural Inmaterial de la Unesco inscribi\u00f3 el&nbsp;<strong>son cubano<\/strong>&nbsp;en su Lista Representativa, otorg\u00e1ndole estatus universal, y destacando que se trata de un \u201cpilar hist\u00f3rico\u201d de la m\u00fasica tradicional bailable de Cuba con m\u00e1s de un siglo de mestizaje art\u00edstico.&nbsp;<\/p>\n\n\n\n<p>De acuerdo con Sonia Virgen P\u00e9rez, presidenta del Consejo Nacional de Patrimonio Cultural de Cuba, se trata de un &#8220;reconocimiento que honra la creatividad, la memoria colectiva y la vitalidad de nuestras comunidades en momentos tan dif\u00edciles de nuestro pa\u00eds&#8221;, de los cuales culp\u00f3&nbsp;a Estados Unidos.&nbsp;<\/p>\n\n\n\n<p>La inscripci\u00f3n de esta tradici\u00f3n musical del pa\u00eds caribe\u00f1o lo destaca como una pr\u00e1ctica cuya &#8220;variedad y riqueza, con ritmos tradicionales de ascendencia africana y europea, son resultado de la memoria y transculturaci\u00f3n de la naci\u00f3n&#8221;.&nbsp;<\/p>\n\n\n\n<h2 class=\"wp-block-heading\">Circo en chile<\/h2>\n\n\n\n<p>El circo de tradici\u00f3n familiar de Chile, que fue inscrito este mi\u00e9rcoles, es una pr\u00e1ctica con&nbsp;<strong>m\u00e1s de dos siglos de historia<\/strong>&nbsp;sostenida por familias que viajan en autocaravanas y levantan sus carpas en ciudades, pueblos y zonas rurales para mantener vivo un oficio que forma parte del imaginario chileno.&nbsp;<\/p>\n\n\n\n<p>Se trata de un reconocimiento &#8220;a las familias, compa\u00f1\u00edas, comunidades portadoras que han sostenido,&nbsp;<strong>transmitido y renovado durante generaciones<\/strong>, saberes, pr\u00e1cticas y ritos que forman parte de nuestra identidad colectiva&#8221;, dijo en Nueva Delhi la subsecretaria de Patrimonio Cultural de Chile, Carolina P\u00e9rez.&nbsp;<\/p>\n\n\n\n<p>Cada uno de estos circos est\u00e1 integrado por familias que desarrollan su vida bajo la carpa y que mantienen rituales propios \u2014como bautizos, debuts, matrimonios o funerales\u2014 mientras sus integrantes asumen m\u00faltiples oficios, desde acr\u00f3batas y payasos hasta t\u00e9cnicos o maestros de ceremonia, sin distinci\u00f3n de g\u00e9nero.&nbsp;<\/p>\n\n\n\n<p>Adem\u00e1s de su valor cultural, el circo cumple una funci\u00f3n social: organiza funciones solidarias, acompa\u00f1a a comunidades afectadas por desastres naturales y se ha convertido en un espacio inclusivo para mujeres, personas LGTBIQ+ y artistas hist\u00f3ricamente marginados. Su actividad itinerante tambi\u00e9n aporta dinamismo econ\u00f3mico a las localidades donde se instala.&nbsp;<\/p>\n\n\n\n<figure class=\"wp-block-image\"><img decoding=\"async\" src=\"https:\/\/latinus.us\/u\/fotografias\/m\/2025\/12\/10\/f768x400-132751_176654_5050.jpg\" alt=\"Las casas de quincha de Panam\u00e1 no se construyen con dinero sino con solidaridad.\"\/><\/figure>\n","protected":false},"excerpt":{"rendered":"<p>Por Litza Deniss Dur\u00e1n Espinosa Entre las manifestaciones inscritas como Patrimonio Cultural Inmaterial de Cuba,&#8230;<\/p>\n","protected":false},"author":2,"featured_media":121019,"comment_status":"open","ping_status":"open","sticky":false,"template":"","format":"standard","meta":{"_monsterinsights_skip_tracking":false,"_monsterinsights_sitenote_active":false,"_monsterinsights_sitenote_note":"","_monsterinsights_sitenote_category":0,"footnotes":""},"categories":[58],"tags":[],"class_list":["post-121017","post","type-post","status-publish","format-standard","has-post-thumbnail","hentry","category-cultura"],"yoast_head":"<!-- This site is optimized with the Yoast SEO plugin v27.3 - https:\/\/yoast.com\/product\/yoast-seo-wordpress\/ -->\n<title>El Quehacer Pol\u00edtico en la Cultura a trav\u00e9s del Enfoque\/\/\/Litza Deniss Dur\u00e1n Espinosa\/\/\/Fiestas, m\u00fasica y danzas de nueve pa\u00edses latinoamericanos entran a lista de la Unesco -<\/title>\n<meta name=\"robots\" content=\"index, follow, max-snippet:-1, max-image-preview:large, max-video-preview:-1\" \/>\n<link rel=\"canonical\" href=\"https:\/\/quehacerpolitico.mx\/?p=121017\" \/>\n<meta property=\"og:locale\" content=\"es_MX\" \/>\n<meta property=\"og:type\" content=\"article\" \/>\n<meta property=\"og:title\" content=\"El Quehacer Pol\u00edtico en la Cultura a trav\u00e9s del Enfoque\/\/\/Litza Deniss Dur\u00e1n Espinosa\/\/\/Fiestas, m\u00fasica y danzas de nueve pa\u00edses latinoamericanos entran a lista de la Unesco -\" \/>\n<meta property=\"og:description\" content=\"Por Litza Deniss Dur\u00e1n Espinosa Entre las manifestaciones inscritas como Patrimonio Cultural Inmaterial de Cuba,...\" \/>\n<meta property=\"og:url\" content=\"https:\/\/quehacerpolitico.mx\/?p=121017\" \/>\n<meta property=\"article:published_time\" content=\"2025-12-11T00:16:50+00:00\" \/>\n<meta property=\"article:modified_time\" content=\"2025-12-11T00:16:53+00:00\" \/>\n<meta property=\"og:image\" content=\"http:\/\/quehacerpolitico.mx\/wp-content\/uploads\/2025\/12\/1f82780f-42aa-4c37-8ba4-0ba4279e0a43-1.jpeg\" \/>\n\t<meta property=\"og:image:width\" content=\"963\" \/>\n\t<meta property=\"og:image:height\" content=\"493\" \/>\n\t<meta property=\"og:image:type\" content=\"image\/jpeg\" \/>\n<meta name=\"author\" content=\"Redacci\u00f3n QP\" \/>\n<meta name=\"twitter:card\" content=\"summary_large_image\" \/>\n<meta name=\"twitter:label1\" content=\"Escrito por\" \/>\n\t<meta name=\"twitter:data1\" content=\"Redacci\u00f3n QP\" \/>\n\t<meta name=\"twitter:label2\" content=\"Tiempo de lectura\" \/>\n\t<meta name=\"twitter:data2\" content=\"7 minutos\" \/>\n<script type=\"application\/ld+json\" class=\"yoast-schema-graph\">{\"@context\":\"https:\\\/\\\/schema.org\",\"@graph\":[{\"@type\":\"Article\",\"@id\":\"https:\\\/\\\/quehacerpolitico.mx\\\/?p=121017#article\",\"isPartOf\":{\"@id\":\"https:\\\/\\\/quehacerpolitico.mx\\\/?p=121017\"},\"author\":{\"name\":\"Redacci\u00f3n QP\",\"@id\":\"https:\\\/\\\/quehacerpolitico.mx\\\/#\\\/schema\\\/person\\\/496d8ad2d1d3f8036101dca7ee39e585\"},\"headline\":\"El Quehacer Pol\u00edtico en la Cultura a trav\u00e9s del Enfoque\\\/\\\/\\\/Litza Deniss Dur\u00e1n Espinosa\\\/\\\/\\\/Fiestas, m\u00fasica y danzas de nueve pa\u00edses latinoamericanos entran a lista de la Unesco\",\"datePublished\":\"2025-12-11T00:16:50+00:00\",\"dateModified\":\"2025-12-11T00:16:53+00:00\",\"mainEntityOfPage\":{\"@id\":\"https:\\\/\\\/quehacerpolitico.mx\\\/?p=121017\"},\"wordCount\":1426,\"commentCount\":0,\"image\":{\"@id\":\"https:\\\/\\\/quehacerpolitico.mx\\\/?p=121017#primaryimage\"},\"thumbnailUrl\":\"https:\\\/\\\/quehacerpolitico.mx\\\/wp-content\\\/uploads\\\/2025\\\/12\\\/1f82780f-42aa-4c37-8ba4-0ba4279e0a43-1.jpeg\",\"articleSection\":[\"Cultura y Entretenimiento\"],\"inLanguage\":\"es\",\"potentialAction\":[{\"@type\":\"CommentAction\",\"name\":\"Comment\",\"target\":[\"https:\\\/\\\/quehacerpolitico.mx\\\/?p=121017#respond\"]}]},{\"@type\":\"WebPage\",\"@id\":\"https:\\\/\\\/quehacerpolitico.mx\\\/?p=121017\",\"url\":\"https:\\\/\\\/quehacerpolitico.mx\\\/?p=121017\",\"name\":\"El Quehacer Pol\u00edtico en la Cultura a trav\u00e9s del Enfoque\\\/\\\/\\\/Litza Deniss Dur\u00e1n Espinosa\\\/\\\/\\\/Fiestas, m\u00fasica y danzas de nueve pa\u00edses latinoamericanos entran a lista de la Unesco -\",\"isPartOf\":{\"@id\":\"https:\\\/\\\/quehacerpolitico.mx\\\/#website\"},\"primaryImageOfPage\":{\"@id\":\"https:\\\/\\\/quehacerpolitico.mx\\\/?p=121017#primaryimage\"},\"image\":{\"@id\":\"https:\\\/\\\/quehacerpolitico.mx\\\/?p=121017#primaryimage\"},\"thumbnailUrl\":\"https:\\\/\\\/quehacerpolitico.mx\\\/wp-content\\\/uploads\\\/2025\\\/12\\\/1f82780f-42aa-4c37-8ba4-0ba4279e0a43-1.jpeg\",\"datePublished\":\"2025-12-11T00:16:50+00:00\",\"dateModified\":\"2025-12-11T00:16:53+00:00\",\"author\":{\"@id\":\"https:\\\/\\\/quehacerpolitico.mx\\\/#\\\/schema\\\/person\\\/496d8ad2d1d3f8036101dca7ee39e585\"},\"breadcrumb\":{\"@id\":\"https:\\\/\\\/quehacerpolitico.mx\\\/?p=121017#breadcrumb\"},\"inLanguage\":\"es\",\"potentialAction\":[{\"@type\":\"ReadAction\",\"target\":[\"https:\\\/\\\/quehacerpolitico.mx\\\/?p=121017\"]}]},{\"@type\":\"ImageObject\",\"inLanguage\":\"es\",\"@id\":\"https:\\\/\\\/quehacerpolitico.mx\\\/?p=121017#primaryimage\",\"url\":\"https:\\\/\\\/quehacerpolitico.mx\\\/wp-content\\\/uploads\\\/2025\\\/12\\\/1f82780f-42aa-4c37-8ba4-0ba4279e0a43-1.jpeg\",\"contentUrl\":\"https:\\\/\\\/quehacerpolitico.mx\\\/wp-content\\\/uploads\\\/2025\\\/12\\\/1f82780f-42aa-4c37-8ba4-0ba4279e0a43-1.jpeg\",\"width\":963,\"height\":493},{\"@type\":\"BreadcrumbList\",\"@id\":\"https:\\\/\\\/quehacerpolitico.mx\\\/?p=121017#breadcrumb\",\"itemListElement\":[{\"@type\":\"ListItem\",\"position\":1,\"name\":\"Inicio\",\"item\":\"https:\\\/\\\/quehacerpolitico.mx\\\/\"},{\"@type\":\"ListItem\",\"position\":2,\"name\":\"El Quehacer Pol\u00edtico en la Cultura a trav\u00e9s del Enfoque\\\/\\\/\\\/Litza Deniss Dur\u00e1n Espinosa\\\/\\\/\\\/Fiestas, m\u00fasica y danzas de nueve pa\u00edses latinoamericanos entran a lista de la Unesco\"}]},{\"@type\":\"WebSite\",\"@id\":\"https:\\\/\\\/quehacerpolitico.mx\\\/#website\",\"url\":\"https:\\\/\\\/quehacerpolitico.mx\\\/\",\"name\":\"\",\"description\":\"\",\"potentialAction\":[{\"@type\":\"SearchAction\",\"target\":{\"@type\":\"EntryPoint\",\"urlTemplate\":\"https:\\\/\\\/quehacerpolitico.mx\\\/?s={search_term_string}\"},\"query-input\":{\"@type\":\"PropertyValueSpecification\",\"valueRequired\":true,\"valueName\":\"search_term_string\"}}],\"inLanguage\":\"es\"},{\"@type\":\"Person\",\"@id\":\"https:\\\/\\\/quehacerpolitico.mx\\\/#\\\/schema\\\/person\\\/496d8ad2d1d3f8036101dca7ee39e585\",\"name\":\"Redacci\u00f3n QP\",\"image\":{\"@type\":\"ImageObject\",\"inLanguage\":\"es\",\"@id\":\"https:\\\/\\\/secure.gravatar.com\\\/avatar\\\/c7164ed6fdec453195284ad24a5ae5b6e1eed2b848477fa2a4787ba9adf39a41?s=96&d=mm&r=g\",\"url\":\"https:\\\/\\\/secure.gravatar.com\\\/avatar\\\/c7164ed6fdec453195284ad24a5ae5b6e1eed2b848477fa2a4787ba9adf39a41?s=96&d=mm&r=g\",\"contentUrl\":\"https:\\\/\\\/secure.gravatar.com\\\/avatar\\\/c7164ed6fdec453195284ad24a5ae5b6e1eed2b848477fa2a4787ba9adf39a41?s=96&d=mm&r=g\",\"caption\":\"Redacci\u00f3n QP\"},\"url\":\"https:\\\/\\\/quehacerpolitico.mx\\\/?author=2\"}]}<\/script>\n<!-- \/ Yoast SEO plugin. -->","yoast_head_json":{"title":"El Quehacer Pol\u00edtico en la Cultura a trav\u00e9s del Enfoque\/\/\/Litza Deniss Dur\u00e1n Espinosa\/\/\/Fiestas, m\u00fasica y danzas de nueve pa\u00edses latinoamericanos entran a lista de la Unesco -","robots":{"index":"index","follow":"follow","max-snippet":"max-snippet:-1","max-image-preview":"max-image-preview:large","max-video-preview":"max-video-preview:-1"},"canonical":"https:\/\/quehacerpolitico.mx\/?p=121017","og_locale":"es_MX","og_type":"article","og_title":"El Quehacer Pol\u00edtico en la Cultura a trav\u00e9s del Enfoque\/\/\/Litza Deniss Dur\u00e1n Espinosa\/\/\/Fiestas, m\u00fasica y danzas de nueve pa\u00edses latinoamericanos entran a lista de la Unesco -","og_description":"Por Litza Deniss Dur\u00e1n Espinosa Entre las manifestaciones inscritas como Patrimonio Cultural Inmaterial de Cuba,...","og_url":"https:\/\/quehacerpolitico.mx\/?p=121017","article_published_time":"2025-12-11T00:16:50+00:00","article_modified_time":"2025-12-11T00:16:53+00:00","og_image":[{"width":963,"height":493,"url":"http:\/\/quehacerpolitico.mx\/wp-content\/uploads\/2025\/12\/1f82780f-42aa-4c37-8ba4-0ba4279e0a43-1.jpeg","type":"image\/jpeg"}],"author":"Redacci\u00f3n QP","twitter_card":"summary_large_image","twitter_misc":{"Escrito por":"Redacci\u00f3n QP","Tiempo de lectura":"7 minutos"},"schema":{"@context":"https:\/\/schema.org","@graph":[{"@type":"Article","@id":"https:\/\/quehacerpolitico.mx\/?p=121017#article","isPartOf":{"@id":"https:\/\/quehacerpolitico.mx\/?p=121017"},"author":{"name":"Redacci\u00f3n QP","@id":"https:\/\/quehacerpolitico.mx\/#\/schema\/person\/496d8ad2d1d3f8036101dca7ee39e585"},"headline":"El Quehacer Pol\u00edtico en la Cultura a trav\u00e9s del Enfoque\/\/\/Litza Deniss Dur\u00e1n Espinosa\/\/\/Fiestas, m\u00fasica y danzas de nueve pa\u00edses latinoamericanos entran a lista de la Unesco","datePublished":"2025-12-11T00:16:50+00:00","dateModified":"2025-12-11T00:16:53+00:00","mainEntityOfPage":{"@id":"https:\/\/quehacerpolitico.mx\/?p=121017"},"wordCount":1426,"commentCount":0,"image":{"@id":"https:\/\/quehacerpolitico.mx\/?p=121017#primaryimage"},"thumbnailUrl":"https:\/\/quehacerpolitico.mx\/wp-content\/uploads\/2025\/12\/1f82780f-42aa-4c37-8ba4-0ba4279e0a43-1.jpeg","articleSection":["Cultura y Entretenimiento"],"inLanguage":"es","potentialAction":[{"@type":"CommentAction","name":"Comment","target":["https:\/\/quehacerpolitico.mx\/?p=121017#respond"]}]},{"@type":"WebPage","@id":"https:\/\/quehacerpolitico.mx\/?p=121017","url":"https:\/\/quehacerpolitico.mx\/?p=121017","name":"El Quehacer Pol\u00edtico en la Cultura a trav\u00e9s del Enfoque\/\/\/Litza Deniss Dur\u00e1n Espinosa\/\/\/Fiestas, m\u00fasica y danzas de nueve pa\u00edses latinoamericanos entran a lista de la Unesco -","isPartOf":{"@id":"https:\/\/quehacerpolitico.mx\/#website"},"primaryImageOfPage":{"@id":"https:\/\/quehacerpolitico.mx\/?p=121017#primaryimage"},"image":{"@id":"https:\/\/quehacerpolitico.mx\/?p=121017#primaryimage"},"thumbnailUrl":"https:\/\/quehacerpolitico.mx\/wp-content\/uploads\/2025\/12\/1f82780f-42aa-4c37-8ba4-0ba4279e0a43-1.jpeg","datePublished":"2025-12-11T00:16:50+00:00","dateModified":"2025-12-11T00:16:53+00:00","author":{"@id":"https:\/\/quehacerpolitico.mx\/#\/schema\/person\/496d8ad2d1d3f8036101dca7ee39e585"},"breadcrumb":{"@id":"https:\/\/quehacerpolitico.mx\/?p=121017#breadcrumb"},"inLanguage":"es","potentialAction":[{"@type":"ReadAction","target":["https:\/\/quehacerpolitico.mx\/?p=121017"]}]},{"@type":"ImageObject","inLanguage":"es","@id":"https:\/\/quehacerpolitico.mx\/?p=121017#primaryimage","url":"https:\/\/quehacerpolitico.mx\/wp-content\/uploads\/2025\/12\/1f82780f-42aa-4c37-8ba4-0ba4279e0a43-1.jpeg","contentUrl":"https:\/\/quehacerpolitico.mx\/wp-content\/uploads\/2025\/12\/1f82780f-42aa-4c37-8ba4-0ba4279e0a43-1.jpeg","width":963,"height":493},{"@type":"BreadcrumbList","@id":"https:\/\/quehacerpolitico.mx\/?p=121017#breadcrumb","itemListElement":[{"@type":"ListItem","position":1,"name":"Inicio","item":"https:\/\/quehacerpolitico.mx\/"},{"@type":"ListItem","position":2,"name":"El Quehacer Pol\u00edtico en la Cultura a trav\u00e9s del Enfoque\/\/\/Litza Deniss Dur\u00e1n Espinosa\/\/\/Fiestas, m\u00fasica y danzas de nueve pa\u00edses latinoamericanos entran a lista de la Unesco"}]},{"@type":"WebSite","@id":"https:\/\/quehacerpolitico.mx\/#website","url":"https:\/\/quehacerpolitico.mx\/","name":"","description":"","potentialAction":[{"@type":"SearchAction","target":{"@type":"EntryPoint","urlTemplate":"https:\/\/quehacerpolitico.mx\/?s={search_term_string}"},"query-input":{"@type":"PropertyValueSpecification","valueRequired":true,"valueName":"search_term_string"}}],"inLanguage":"es"},{"@type":"Person","@id":"https:\/\/quehacerpolitico.mx\/#\/schema\/person\/496d8ad2d1d3f8036101dca7ee39e585","name":"Redacci\u00f3n QP","image":{"@type":"ImageObject","inLanguage":"es","@id":"https:\/\/secure.gravatar.com\/avatar\/c7164ed6fdec453195284ad24a5ae5b6e1eed2b848477fa2a4787ba9adf39a41?s=96&d=mm&r=g","url":"https:\/\/secure.gravatar.com\/avatar\/c7164ed6fdec453195284ad24a5ae5b6e1eed2b848477fa2a4787ba9adf39a41?s=96&d=mm&r=g","contentUrl":"https:\/\/secure.gravatar.com\/avatar\/c7164ed6fdec453195284ad24a5ae5b6e1eed2b848477fa2a4787ba9adf39a41?s=96&d=mm&r=g","caption":"Redacci\u00f3n QP"},"url":"https:\/\/quehacerpolitico.mx\/?author=2"}]}},"featured_image_urls":{"full":["https:\/\/quehacerpolitico.mx\/wp-content\/uploads\/2025\/12\/1f82780f-42aa-4c37-8ba4-0ba4279e0a43-1.jpeg",963,493,false],"thumbnail":["https:\/\/quehacerpolitico.mx\/wp-content\/uploads\/2025\/12\/1f82780f-42aa-4c37-8ba4-0ba4279e0a43-1-150x150.jpeg",150,150,true],"medium":["https:\/\/quehacerpolitico.mx\/wp-content\/uploads\/2025\/12\/1f82780f-42aa-4c37-8ba4-0ba4279e0a43-1-300x154.jpeg",300,154,true],"medium_large":["https:\/\/quehacerpolitico.mx\/wp-content\/uploads\/2025\/12\/1f82780f-42aa-4c37-8ba4-0ba4279e0a43-1-768x393.jpeg",640,328,true],"large":["https:\/\/quehacerpolitico.mx\/wp-content\/uploads\/2025\/12\/1f82780f-42aa-4c37-8ba4-0ba4279e0a43-1.jpeg",640,328,false],"1536x1536":["https:\/\/quehacerpolitico.mx\/wp-content\/uploads\/2025\/12\/1f82780f-42aa-4c37-8ba4-0ba4279e0a43-1.jpeg",963,493,false],"2048x2048":["https:\/\/quehacerpolitico.mx\/wp-content\/uploads\/2025\/12\/1f82780f-42aa-4c37-8ba4-0ba4279e0a43-1.jpeg",963,493,false],"covernews-featured":["https:\/\/quehacerpolitico.mx\/wp-content\/uploads\/2025\/12\/1f82780f-42aa-4c37-8ba4-0ba4279e0a43-1.jpeg",963,493,false],"covernews-medium":["https:\/\/quehacerpolitico.mx\/wp-content\/uploads\/2025\/12\/1f82780f-42aa-4c37-8ba4-0ba4279e0a43-1-540x340.jpeg",540,340,true]},"author_info":{"display_name":"Redacci\u00f3n QP","author_link":"https:\/\/quehacerpolitico.mx\/?author=2"},"category_info":"<a href=\"https:\/\/quehacerpolitico.mx\/?cat=58\" rel=\"category\">Cultura y Entretenimiento<\/a>","tag_info":"Cultura y Entretenimiento","comment_count":"0","_links":{"self":[{"href":"https:\/\/quehacerpolitico.mx\/index.php?rest_route=\/wp\/v2\/posts\/121017","targetHints":{"allow":["GET"]}}],"collection":[{"href":"https:\/\/quehacerpolitico.mx\/index.php?rest_route=\/wp\/v2\/posts"}],"about":[{"href":"https:\/\/quehacerpolitico.mx\/index.php?rest_route=\/wp\/v2\/types\/post"}],"author":[{"embeddable":true,"href":"https:\/\/quehacerpolitico.mx\/index.php?rest_route=\/wp\/v2\/users\/2"}],"replies":[{"embeddable":true,"href":"https:\/\/quehacerpolitico.mx\/index.php?rest_route=%2Fwp%2Fv2%2Fcomments&post=121017"}],"version-history":[{"count":1,"href":"https:\/\/quehacerpolitico.mx\/index.php?rest_route=\/wp\/v2\/posts\/121017\/revisions"}],"predecessor-version":[{"id":121020,"href":"https:\/\/quehacerpolitico.mx\/index.php?rest_route=\/wp\/v2\/posts\/121017\/revisions\/121020"}],"wp:featuredmedia":[{"embeddable":true,"href":"https:\/\/quehacerpolitico.mx\/index.php?rest_route=\/wp\/v2\/media\/121019"}],"wp:attachment":[{"href":"https:\/\/quehacerpolitico.mx\/index.php?rest_route=%2Fwp%2Fv2%2Fmedia&parent=121017"}],"wp:term":[{"taxonomy":"category","embeddable":true,"href":"https:\/\/quehacerpolitico.mx\/index.php?rest_route=%2Fwp%2Fv2%2Fcategories&post=121017"},{"taxonomy":"post_tag","embeddable":true,"href":"https:\/\/quehacerpolitico.mx\/index.php?rest_route=%2Fwp%2Fv2%2Ftags&post=121017"}],"curies":[{"name":"wp","href":"https:\/\/api.w.org\/{rel}","templated":true}]}}