{"id":121012,"date":"2025-12-10T16:16:30","date_gmt":"2025-12-10T22:16:30","guid":{"rendered":"https:\/\/quehacerpolitico.mx\/?p=121012"},"modified":"2025-12-10T18:03:00","modified_gmt":"2025-12-11T00:03:00","slug":"el-quehacer-politico-internacional-a-traves-del-tintero-edgar-castaneda-trump-confirma-que-eu-incauto-un-buque-petrolero-frente-a-las-costas-de-venezuela","status":"publish","type":"post","link":"https:\/\/quehacerpolitico.mx\/?p=121012","title":{"rendered":"El Quehacer Pol\u00edtico Internacional a trav\u00e9s del Tintero\/\/\/Edgar Casta\u00f1eda\/\/\/Trump confirma que EU incaut\u00f3 un buque petrolero frente a las costas de Venezuela"},"content":{"rendered":"\n<p>Por Edgar Casta\u00f1eda<\/p>\n\n\n\n<p>El mandatario asegur\u00f3 antes de iniciar una mesa redonda con empresarios que la embarcaci\u00f3n era la &#8220;m\u00e1s grande jam\u00e1s incautada&#8221;<\/p>\n\n\n\n<p>El presidente,&nbsp;<strong>Donald<\/strong>&nbsp;<strong>Trump<\/strong>, confirm\u00f3 este mi\u00e9rcoles que Estados Unidos&nbsp;<strong>intercept\u00f3<\/strong>&nbsp;e&nbsp;<strong>incaut\u00f3<\/strong>&nbsp;un petrolero frente a las costas de Venezuela, elevando la tensi\u00f3n entre Washington y Caracas.&nbsp;<\/p>\n\n\n\n<p>&#8220;Acabamos de incautar un petrolero en la costa de Venezuela, un&nbsp;<strong>petrolero<\/strong> grande, muy grande, el m\u00e1s grande jam\u00e1s incautado, en realidad&#8221;, declar\u00f3 el mandatario al iniciar una mesa redonda con empresarios en la&nbsp;<strong>Casa Blanca<\/strong>.<\/p>\n\n\n\n<figure class=\"wp-block-embed is-type-rich is-provider-twitter wp-block-embed-twitter\"><div class=\"wp-block-embed__wrapper\">\n<blockquote class=\"twitter-tweet\" data-width=\"550\" data-dnt=\"true\"><p lang=\"es\" dir=\"ltr\">\ud83d\udd34 El presidente, Trump, inform\u00f3 que fuerzas de EE.UU \u201ccapturaron\u201d un gran petrolero frente a las costas de Venezuela, se\u00f1alando que se trata del barco m\u00e1s grande que han logrado detener.<a href=\"https:\/\/t.co\/tFPenQaSL8\">pic.twitter.com\/tFPenQaSL8<\/a><\/p>&mdash; Azucena Uresti (@azucenau) <a href=\"https:\/\/twitter.com\/azucenau\/status\/1998850443943002151?ref_src=twsrc%5Etfw\">December 10, 2025<\/a><\/blockquote><script async src=\"https:\/\/platform.twitter.com\/widgets.js\" charset=\"utf-8\"><\/script>\n<\/div><\/figure>\n\n\n\n<p>La agencia&nbsp;<em>Bloomberg<\/em>&nbsp;hab\u00eda informado primero en exclusiva, citando a&nbsp;<strong>fuentes<\/strong> familiarizadas, que un petrolero sancionado por Estados Unidos hab\u00eda sido confiscado por el pa\u00eds norteamericano frente a las costas de Venezuela.<\/p>\n\n\n\n<p>Esta incautaci\u00f3n podr\u00eda dificultar mucho m\u00e1s la&nbsp;<strong>exportaci\u00f3n de petr\u00f3leo de Venezuela<\/strong>, ya que otros transportistas ahora probablemente se muestren m\u00e1s reacios a cargar sus cargamentos.<\/p>\n\n\n\n<p>Estos hechos ocurren el mismo d\u00eda de la ceremonia en Oslo para la entrega del&nbsp;<strong>Premio Nobel de la Paz<\/strong>&nbsp;a la opositora venezolana&nbsp;<strong>Mar\u00eda Corina Machado<\/strong>, quien no asisti\u00f3, aunque asegur\u00f3 que llegar\u00e1 a la capital noruega en las pr\u00f3ximas horas<\/p>\n\n\n\n<p>La administraci\u00f3n de Donald Trump increment\u00f3&nbsp;la presi\u00f3n sobre el Gobierno de&nbsp;<strong>Nicol\u00e1s Maduro<\/strong>, a quien acusa de<strong>liderar una red internacional de narcotr\u00e1fic<\/strong>o como supuesto l\u00edder del C\u00e1rtel de los Soles, algo que Caracas niega tajantemente.<\/p>\n\n\n\n<p>Desde septiembre, las Fuerzas Armadas estadounidenses han destruido m\u00e1s de una veintena de&nbsp;<strong>embarcaciones supuestamente cargadas con droga&nbsp;<\/strong>en el Caribe y en el Pac\u00edfico, matando extrajudicialmente a m\u00e1s de 80 tripulantes.<\/p>\n\n\n\n<figure class=\"wp-block-embed is-type-rich is-provider-twitter wp-block-embed-twitter\"><div class=\"wp-block-embed__wrapper\">\n<blockquote class=\"twitter-tweet\" data-width=\"550\" data-dnt=\"true\"><p lang=\"es\" dir=\"ltr\">\ud83c\uddfa\ud83c\uddf8\ud83c\uddfb\ud83c\uddea\ud83c\udde8\ud83c\uddfa \u2014 El momento en que las fuerzas militares de Estados Unidos interceptan e incautan a un buque petrolero en las costas de Venezuela.<br><br>El buque iba destinado a la dictadura cubana.<a href=\"https:\/\/t.co\/UZ0orWh06t\">pic.twitter.com\/UZ0orWh06t<\/a><\/p>&mdash; Agust\u00edn Antonetti (@agusantonetti) <a href=\"https:\/\/twitter.com\/agusantonetti\/status\/1998884821712699830?ref_src=twsrc%5Etfw\">December 10, 2025<\/a><\/blockquote><script async src=\"https:\/\/platform.twitter.com\/widgets.js\" charset=\"utf-8\"><\/script>\n<\/div><\/figure>\n\n\n\n<p>Trump prometi\u00f3&nbsp;que &#8220;pronto&#8221; comenzar\u00e1n los&nbsp;<strong>ataques dentro de territorio venezolano<\/strong>, mientras Maduro llama&nbsp;a sus ciudadanos a&nbsp;<strong>unirse contras las amenazas estadounidenses&nbsp;<\/strong>y alistarse en milicias ciudadanas.&nbsp;<\/p>\n\n\n\n<p>PDVSA, la petrolera estatal venezolana, trabaja en tareas de perforaci\u00f3n con la estadounidense&nbsp;<strong>Chevron<\/strong>, que tiene una licencia del Departamento del Tesoro que la exime de las sanciones.<\/p>\n\n\n\n<p>Con informaci\u00f3n de EFE<\/p>\n","protected":false},"excerpt":{"rendered":"<p>Por Edgar Casta\u00f1eda El mandatario asegur\u00f3 antes de iniciar una mesa redonda con empresarios que&#8230;<\/p>\n","protected":false},"author":2,"featured_media":121013,"comment_status":"open","ping_status":"open","sticky":false,"template":"","format":"standard","meta":{"_monsterinsights_skip_tracking":false,"_monsterinsights_sitenote_active":false,"_monsterinsights_sitenote_note":"","_monsterinsights_sitenote_category":0,"footnotes":""},"categories":[1],"tags":[],"class_list":["post-121012","post","type-post","status-publish","format-standard","has-post-thumbnail","hentry","category-sin-categoria"],"yoast_head":"<!-- This site is optimized with the Yoast SEO plugin v27.3 - https:\/\/yoast.com\/product\/yoast-seo-wordpress\/ -->\n<title>El Quehacer Pol\u00edtico Internacional a trav\u00e9s del Tintero\/\/\/Edgar Casta\u00f1eda\/\/\/Trump confirma que EU incaut\u00f3 un buque petrolero frente a las costas de Venezuela -<\/title>\n<meta name=\"robots\" content=\"index, follow, max-snippet:-1, max-image-preview:large, max-video-preview:-1\" \/>\n<link rel=\"canonical\" href=\"https:\/\/quehacerpolitico.mx\/?p=121012\" \/>\n<meta property=\"og:locale\" content=\"es_MX\" \/>\n<meta property=\"og:type\" content=\"article\" \/>\n<meta property=\"og:title\" content=\"El Quehacer Pol\u00edtico Internacional a trav\u00e9s del Tintero\/\/\/Edgar Casta\u00f1eda\/\/\/Trump confirma que EU incaut\u00f3 un buque petrolero frente a las costas de Venezuela -\" \/>\n<meta property=\"og:description\" content=\"Por Edgar Casta\u00f1eda El mandatario asegur\u00f3 antes de iniciar una mesa redonda con empresarios que...\" \/>\n<meta property=\"og:url\" content=\"https:\/\/quehacerpolitico.mx\/?p=121012\" \/>\n<meta property=\"article:published_time\" content=\"2025-12-10T22:16:30+00:00\" \/>\n<meta property=\"article:modified_time\" content=\"2025-12-11T00:03:00+00:00\" \/>\n<meta property=\"og:image\" content=\"http:\/\/quehacerpolitico.mx\/wp-content\/uploads\/2025\/12\/821cdf72-7c9e-4572-809c-7489a568476d.jpeg\" \/>\n\t<meta property=\"og:image:width\" content=\"963\" \/>\n\t<meta property=\"og:image:height\" content=\"493\" \/>\n\t<meta property=\"og:image:type\" content=\"image\/jpeg\" \/>\n<meta name=\"author\" content=\"Redacci\u00f3n QP\" \/>\n<meta name=\"twitter:card\" content=\"summary_large_image\" \/>\n<meta name=\"twitter:label1\" content=\"Escrito por\" \/>\n\t<meta name=\"twitter:data1\" content=\"Redacci\u00f3n QP\" \/>\n\t<meta name=\"twitter:label2\" content=\"Tiempo de lectura\" \/>\n\t<meta name=\"twitter:data2\" content=\"2 minutos\" \/>\n<script type=\"application\/ld+json\" class=\"yoast-schema-graph\">{\"@context\":\"https:\\\/\\\/schema.org\",\"@graph\":[{\"@type\":\"Article\",\"@id\":\"https:\\\/\\\/quehacerpolitico.mx\\\/?p=121012#article\",\"isPartOf\":{\"@id\":\"https:\\\/\\\/quehacerpolitico.mx\\\/?p=121012\"},\"author\":{\"name\":\"Redacci\u00f3n QP\",\"@id\":\"https:\\\/\\\/quehacerpolitico.mx\\\/#\\\/schema\\\/person\\\/496d8ad2d1d3f8036101dca7ee39e585\"},\"headline\":\"El Quehacer Pol\u00edtico Internacional a trav\u00e9s del Tintero\\\/\\\/\\\/Edgar Casta\u00f1eda\\\/\\\/\\\/Trump confirma que EU incaut\u00f3 un buque petrolero frente a las costas de Venezuela\",\"datePublished\":\"2025-12-10T22:16:30+00:00\",\"dateModified\":\"2025-12-11T00:03:00+00:00\",\"mainEntityOfPage\":{\"@id\":\"https:\\\/\\\/quehacerpolitico.mx\\\/?p=121012\"},\"wordCount\":412,\"commentCount\":0,\"image\":{\"@id\":\"https:\\\/\\\/quehacerpolitico.mx\\\/?p=121012#primaryimage\"},\"thumbnailUrl\":\"https:\\\/\\\/quehacerpolitico.mx\\\/wp-content\\\/uploads\\\/2025\\\/12\\\/821cdf72-7c9e-4572-809c-7489a568476d.jpeg\",\"articleSection\":[\"Internacionales\"],\"inLanguage\":\"es\",\"potentialAction\":[{\"@type\":\"CommentAction\",\"name\":\"Comment\",\"target\":[\"https:\\\/\\\/quehacerpolitico.mx\\\/?p=121012#respond\"]}]},{\"@type\":\"WebPage\",\"@id\":\"https:\\\/\\\/quehacerpolitico.mx\\\/?p=121012\",\"url\":\"https:\\\/\\\/quehacerpolitico.mx\\\/?p=121012\",\"name\":\"El Quehacer Pol\u00edtico Internacional a trav\u00e9s del Tintero\\\/\\\/\\\/Edgar Casta\u00f1eda\\\/\\\/\\\/Trump confirma que EU incaut\u00f3 un buque petrolero frente a las costas de Venezuela -\",\"isPartOf\":{\"@id\":\"https:\\\/\\\/quehacerpolitico.mx\\\/#website\"},\"primaryImageOfPage\":{\"@id\":\"https:\\\/\\\/quehacerpolitico.mx\\\/?p=121012#primaryimage\"},\"image\":{\"@id\":\"https:\\\/\\\/quehacerpolitico.mx\\\/?p=121012#primaryimage\"},\"thumbnailUrl\":\"https:\\\/\\\/quehacerpolitico.mx\\\/wp-content\\\/uploads\\\/2025\\\/12\\\/821cdf72-7c9e-4572-809c-7489a568476d.jpeg\",\"datePublished\":\"2025-12-10T22:16:30+00:00\",\"dateModified\":\"2025-12-11T00:03:00+00:00\",\"author\":{\"@id\":\"https:\\\/\\\/quehacerpolitico.mx\\\/#\\\/schema\\\/person\\\/496d8ad2d1d3f8036101dca7ee39e585\"},\"breadcrumb\":{\"@id\":\"https:\\\/\\\/quehacerpolitico.mx\\\/?p=121012#breadcrumb\"},\"inLanguage\":\"es\",\"potentialAction\":[{\"@type\":\"ReadAction\",\"target\":[\"https:\\\/\\\/quehacerpolitico.mx\\\/?p=121012\"]}]},{\"@type\":\"ImageObject\",\"inLanguage\":\"es\",\"@id\":\"https:\\\/\\\/quehacerpolitico.mx\\\/?p=121012#primaryimage\",\"url\":\"https:\\\/\\\/quehacerpolitico.mx\\\/wp-content\\\/uploads\\\/2025\\\/12\\\/821cdf72-7c9e-4572-809c-7489a568476d.jpeg\",\"contentUrl\":\"https:\\\/\\\/quehacerpolitico.mx\\\/wp-content\\\/uploads\\\/2025\\\/12\\\/821cdf72-7c9e-4572-809c-7489a568476d.jpeg\",\"width\":963,\"height\":493},{\"@type\":\"BreadcrumbList\",\"@id\":\"https:\\\/\\\/quehacerpolitico.mx\\\/?p=121012#breadcrumb\",\"itemListElement\":[{\"@type\":\"ListItem\",\"position\":1,\"name\":\"Inicio\",\"item\":\"https:\\\/\\\/quehacerpolitico.mx\\\/\"},{\"@type\":\"ListItem\",\"position\":2,\"name\":\"El Quehacer Pol\u00edtico Internacional a trav\u00e9s del Tintero\\\/\\\/\\\/Edgar Casta\u00f1eda\\\/\\\/\\\/Trump confirma que EU incaut\u00f3 un buque petrolero frente a las costas de Venezuela\"}]},{\"@type\":\"WebSite\",\"@id\":\"https:\\\/\\\/quehacerpolitico.mx\\\/#website\",\"url\":\"https:\\\/\\\/quehacerpolitico.mx\\\/\",\"name\":\"\",\"description\":\"\",\"potentialAction\":[{\"@type\":\"SearchAction\",\"target\":{\"@type\":\"EntryPoint\",\"urlTemplate\":\"https:\\\/\\\/quehacerpolitico.mx\\\/?s={search_term_string}\"},\"query-input\":{\"@type\":\"PropertyValueSpecification\",\"valueRequired\":true,\"valueName\":\"search_term_string\"}}],\"inLanguage\":\"es\"},{\"@type\":\"Person\",\"@id\":\"https:\\\/\\\/quehacerpolitico.mx\\\/#\\\/schema\\\/person\\\/496d8ad2d1d3f8036101dca7ee39e585\",\"name\":\"Redacci\u00f3n QP\",\"image\":{\"@type\":\"ImageObject\",\"inLanguage\":\"es\",\"@id\":\"https:\\\/\\\/secure.gravatar.com\\\/avatar\\\/c7164ed6fdec453195284ad24a5ae5b6e1eed2b848477fa2a4787ba9adf39a41?s=96&d=mm&r=g\",\"url\":\"https:\\\/\\\/secure.gravatar.com\\\/avatar\\\/c7164ed6fdec453195284ad24a5ae5b6e1eed2b848477fa2a4787ba9adf39a41?s=96&d=mm&r=g\",\"contentUrl\":\"https:\\\/\\\/secure.gravatar.com\\\/avatar\\\/c7164ed6fdec453195284ad24a5ae5b6e1eed2b848477fa2a4787ba9adf39a41?s=96&d=mm&r=g\",\"caption\":\"Redacci\u00f3n QP\"},\"url\":\"https:\\\/\\\/quehacerpolitico.mx\\\/?author=2\"}]}<\/script>\n<!-- \/ Yoast SEO plugin. -->","yoast_head_json":{"title":"El Quehacer Pol\u00edtico Internacional a trav\u00e9s del Tintero\/\/\/Edgar Casta\u00f1eda\/\/\/Trump confirma que EU incaut\u00f3 un buque petrolero frente a las costas de Venezuela -","robots":{"index":"index","follow":"follow","max-snippet":"max-snippet:-1","max-image-preview":"max-image-preview:large","max-video-preview":"max-video-preview:-1"},"canonical":"https:\/\/quehacerpolitico.mx\/?p=121012","og_locale":"es_MX","og_type":"article","og_title":"El Quehacer Pol\u00edtico Internacional a trav\u00e9s del Tintero\/\/\/Edgar Casta\u00f1eda\/\/\/Trump confirma que EU incaut\u00f3 un buque petrolero frente a las costas de Venezuela -","og_description":"Por Edgar Casta\u00f1eda El mandatario asegur\u00f3 antes de iniciar una mesa redonda con empresarios que...","og_url":"https:\/\/quehacerpolitico.mx\/?p=121012","article_published_time":"2025-12-10T22:16:30+00:00","article_modified_time":"2025-12-11T00:03:00+00:00","og_image":[{"width":963,"height":493,"url":"http:\/\/quehacerpolitico.mx\/wp-content\/uploads\/2025\/12\/821cdf72-7c9e-4572-809c-7489a568476d.jpeg","type":"image\/jpeg"}],"author":"Redacci\u00f3n QP","twitter_card":"summary_large_image","twitter_misc":{"Escrito por":"Redacci\u00f3n QP","Tiempo de lectura":"2 minutos"},"schema":{"@context":"https:\/\/schema.org","@graph":[{"@type":"Article","@id":"https:\/\/quehacerpolitico.mx\/?p=121012#article","isPartOf":{"@id":"https:\/\/quehacerpolitico.mx\/?p=121012"},"author":{"name":"Redacci\u00f3n QP","@id":"https:\/\/quehacerpolitico.mx\/#\/schema\/person\/496d8ad2d1d3f8036101dca7ee39e585"},"headline":"El Quehacer Pol\u00edtico Internacional a trav\u00e9s del Tintero\/\/\/Edgar Casta\u00f1eda\/\/\/Trump confirma que EU incaut\u00f3 un buque petrolero frente a las costas de Venezuela","datePublished":"2025-12-10T22:16:30+00:00","dateModified":"2025-12-11T00:03:00+00:00","mainEntityOfPage":{"@id":"https:\/\/quehacerpolitico.mx\/?p=121012"},"wordCount":412,"commentCount":0,"image":{"@id":"https:\/\/quehacerpolitico.mx\/?p=121012#primaryimage"},"thumbnailUrl":"https:\/\/quehacerpolitico.mx\/wp-content\/uploads\/2025\/12\/821cdf72-7c9e-4572-809c-7489a568476d.jpeg","articleSection":["Internacionales"],"inLanguage":"es","potentialAction":[{"@type":"CommentAction","name":"Comment","target":["https:\/\/quehacerpolitico.mx\/?p=121012#respond"]}]},{"@type":"WebPage","@id":"https:\/\/quehacerpolitico.mx\/?p=121012","url":"https:\/\/quehacerpolitico.mx\/?p=121012","name":"El Quehacer Pol\u00edtico Internacional a trav\u00e9s del Tintero\/\/\/Edgar Casta\u00f1eda\/\/\/Trump confirma que EU incaut\u00f3 un buque petrolero frente a las costas de Venezuela -","isPartOf":{"@id":"https:\/\/quehacerpolitico.mx\/#website"},"primaryImageOfPage":{"@id":"https:\/\/quehacerpolitico.mx\/?p=121012#primaryimage"},"image":{"@id":"https:\/\/quehacerpolitico.mx\/?p=121012#primaryimage"},"thumbnailUrl":"https:\/\/quehacerpolitico.mx\/wp-content\/uploads\/2025\/12\/821cdf72-7c9e-4572-809c-7489a568476d.jpeg","datePublished":"2025-12-10T22:16:30+00:00","dateModified":"2025-12-11T00:03:00+00:00","author":{"@id":"https:\/\/quehacerpolitico.mx\/#\/schema\/person\/496d8ad2d1d3f8036101dca7ee39e585"},"breadcrumb":{"@id":"https:\/\/quehacerpolitico.mx\/?p=121012#breadcrumb"},"inLanguage":"es","potentialAction":[{"@type":"ReadAction","target":["https:\/\/quehacerpolitico.mx\/?p=121012"]}]},{"@type":"ImageObject","inLanguage":"es","@id":"https:\/\/quehacerpolitico.mx\/?p=121012#primaryimage","url":"https:\/\/quehacerpolitico.mx\/wp-content\/uploads\/2025\/12\/821cdf72-7c9e-4572-809c-7489a568476d.jpeg","contentUrl":"https:\/\/quehacerpolitico.mx\/wp-content\/uploads\/2025\/12\/821cdf72-7c9e-4572-809c-7489a568476d.jpeg","width":963,"height":493},{"@type":"BreadcrumbList","@id":"https:\/\/quehacerpolitico.mx\/?p=121012#breadcrumb","itemListElement":[{"@type":"ListItem","position":1,"name":"Inicio","item":"https:\/\/quehacerpolitico.mx\/"},{"@type":"ListItem","position":2,"name":"El Quehacer Pol\u00edtico Internacional a trav\u00e9s del Tintero\/\/\/Edgar Casta\u00f1eda\/\/\/Trump confirma que EU incaut\u00f3 un buque petrolero frente a las costas de Venezuela"}]},{"@type":"WebSite","@id":"https:\/\/quehacerpolitico.mx\/#website","url":"https:\/\/quehacerpolitico.mx\/","name":"","description":"","potentialAction":[{"@type":"SearchAction","target":{"@type":"EntryPoint","urlTemplate":"https:\/\/quehacerpolitico.mx\/?s={search_term_string}"},"query-input":{"@type":"PropertyValueSpecification","valueRequired":true,"valueName":"search_term_string"}}],"inLanguage":"es"},{"@type":"Person","@id":"https:\/\/quehacerpolitico.mx\/#\/schema\/person\/496d8ad2d1d3f8036101dca7ee39e585","name":"Redacci\u00f3n QP","image":{"@type":"ImageObject","inLanguage":"es","@id":"https:\/\/secure.gravatar.com\/avatar\/c7164ed6fdec453195284ad24a5ae5b6e1eed2b848477fa2a4787ba9adf39a41?s=96&d=mm&r=g","url":"https:\/\/secure.gravatar.com\/avatar\/c7164ed6fdec453195284ad24a5ae5b6e1eed2b848477fa2a4787ba9adf39a41?s=96&d=mm&r=g","contentUrl":"https:\/\/secure.gravatar.com\/avatar\/c7164ed6fdec453195284ad24a5ae5b6e1eed2b848477fa2a4787ba9adf39a41?s=96&d=mm&r=g","caption":"Redacci\u00f3n QP"},"url":"https:\/\/quehacerpolitico.mx\/?author=2"}]}},"featured_image_urls":{"full":["https:\/\/quehacerpolitico.mx\/wp-content\/uploads\/2025\/12\/821cdf72-7c9e-4572-809c-7489a568476d.jpeg",963,493,false],"thumbnail":["https:\/\/quehacerpolitico.mx\/wp-content\/uploads\/2025\/12\/821cdf72-7c9e-4572-809c-7489a568476d-150x150.jpeg",150,150,true],"medium":["https:\/\/quehacerpolitico.mx\/wp-content\/uploads\/2025\/12\/821cdf72-7c9e-4572-809c-7489a568476d-300x154.jpeg",300,154,true],"medium_large":["https:\/\/quehacerpolitico.mx\/wp-content\/uploads\/2025\/12\/821cdf72-7c9e-4572-809c-7489a568476d-768x393.jpeg",640,328,true],"large":["https:\/\/quehacerpolitico.mx\/wp-content\/uploads\/2025\/12\/821cdf72-7c9e-4572-809c-7489a568476d.jpeg",640,328,false],"1536x1536":["https:\/\/quehacerpolitico.mx\/wp-content\/uploads\/2025\/12\/821cdf72-7c9e-4572-809c-7489a568476d.jpeg",963,493,false],"2048x2048":["https:\/\/quehacerpolitico.mx\/wp-content\/uploads\/2025\/12\/821cdf72-7c9e-4572-809c-7489a568476d.jpeg",963,493,false],"covernews-featured":["https:\/\/quehacerpolitico.mx\/wp-content\/uploads\/2025\/12\/821cdf72-7c9e-4572-809c-7489a568476d.jpeg",963,493,false],"covernews-medium":["https:\/\/quehacerpolitico.mx\/wp-content\/uploads\/2025\/12\/821cdf72-7c9e-4572-809c-7489a568476d-540x340.jpeg",540,340,true]},"author_info":{"display_name":"Redacci\u00f3n QP","author_link":"https:\/\/quehacerpolitico.mx\/?author=2"},"category_info":"<a href=\"https:\/\/quehacerpolitico.mx\/?cat=1\" rel=\"category\">Internacionales<\/a>","tag_info":"Internacionales","comment_count":"0","_links":{"self":[{"href":"https:\/\/quehacerpolitico.mx\/index.php?rest_route=\/wp\/v2\/posts\/121012","targetHints":{"allow":["GET"]}}],"collection":[{"href":"https:\/\/quehacerpolitico.mx\/index.php?rest_route=\/wp\/v2\/posts"}],"about":[{"href":"https:\/\/quehacerpolitico.mx\/index.php?rest_route=\/wp\/v2\/types\/post"}],"author":[{"embeddable":true,"href":"https:\/\/quehacerpolitico.mx\/index.php?rest_route=\/wp\/v2\/users\/2"}],"replies":[{"embeddable":true,"href":"https:\/\/quehacerpolitico.mx\/index.php?rest_route=%2Fwp%2Fv2%2Fcomments&post=121012"}],"version-history":[{"count":2,"href":"https:\/\/quehacerpolitico.mx\/index.php?rest_route=\/wp\/v2\/posts\/121012\/revisions"}],"predecessor-version":[{"id":121016,"href":"https:\/\/quehacerpolitico.mx\/index.php?rest_route=\/wp\/v2\/posts\/121012\/revisions\/121016"}],"wp:featuredmedia":[{"embeddable":true,"href":"https:\/\/quehacerpolitico.mx\/index.php?rest_route=\/wp\/v2\/media\/121013"}],"wp:attachment":[{"href":"https:\/\/quehacerpolitico.mx\/index.php?rest_route=%2Fwp%2Fv2%2Fmedia&parent=121012"}],"wp:term":[{"taxonomy":"category","embeddable":true,"href":"https:\/\/quehacerpolitico.mx\/index.php?rest_route=%2Fwp%2Fv2%2Fcategories&post=121012"},{"taxonomy":"post_tag","embeddable":true,"href":"https:\/\/quehacerpolitico.mx\/index.php?rest_route=%2Fwp%2Fv2%2Ftags&post=121012"}],"curies":[{"name":"wp","href":"https:\/\/api.w.org\/{rel}","templated":true}]}}