{"id":121008,"date":"2025-12-10T15:44:40","date_gmt":"2025-12-10T21:44:40","guid":{"rendered":"https:\/\/quehacerpolitico.mx\/?p=121008"},"modified":"2025-12-10T15:44:45","modified_gmt":"2025-12-10T21:44:45","slug":"maria-corina-machado-salio-en-un-barco-de-venezuela-hacia-una-isla-caribena-para-intentar-llegar-a-recibir-el-nobel-de-la-paz-wsj","status":"publish","type":"post","link":"https:\/\/quehacerpolitico.mx\/?p=121008","title":{"rendered":"Mar\u00eda Corina Machado sali\u00f3 en un barco de Venezuela hacia una isla caribe\u00f1a para intentar llegar a recibir el Nobel de la Paz: WSJ"},"content":{"rendered":"\n<p>Por Redacci\u00f3n QP<\/p>\n\n\n\n<p>Fuentes del gobierno de Estados Unidos comentaron al peri\u00f3dico que la opositora venezolana se dirigi\u00f3 primero a Curazao, que se encuentra a 80 kil\u00f3metros de las costas de su pa\u00eds<\/p>\n\n\n\n<p>La opositora venezolana<strong>&nbsp;Mar\u00eda Corina Machado<\/strong>&nbsp;sali\u00f3 de Venezuela el martes en barco hacia&nbsp;<strong>Curazao<\/strong>&nbsp;para intentar llegar a Oslo y recibir el&nbsp;<strong>Premio Nobel de la Paz<\/strong>, inform\u00f3 este mi\u00e9rcoles el diario&nbsp;<em>The Wall Street Journal<\/em>.<\/p>\n\n\n\n<figure class=\"wp-block-embed is-type-video is-provider-youtube wp-block-embed-youtube wp-embed-aspect-16-9 wp-has-aspect-ratio\"><div class=\"wp-block-embed__wrapper\">\n<iframe loading=\"lazy\" title=\"Con este audio Mar\u00eda Corina Machado confirm\u00f3 que se encuentra bien y est\u00e1 viajando a Oslo\" width=\"640\" height=\"360\" src=\"https:\/\/www.youtube.com\/embed\/VZV9xBA0NBs?feature=oembed\" frameborder=\"0\" allow=\"accelerometer; autoplay; clipboard-write; encrypted-media; gyroscope; picture-in-picture; web-share\" referrerpolicy=\"strict-origin-when-cross-origin\" allowfullscreen><\/iframe>\n<\/div><\/figure>\n\n\n\n<p>Seg\u00fan fuentes del gobierno estadounidense citadas por el peri\u00f3dico, Machado&nbsp;<strong>viaj\u00f3 en secreto a la isla caribe\u00f1a<\/strong>, situada a menos de 80 kil\u00f3metros de las costas venezolanas<\/p>\n\n\n\n<figure class=\"wp-block-image size-large\"><img loading=\"lazy\" decoding=\"async\" width=\"972\" height=\"1024\" src=\"https:\/\/quehacerpolitico.mx\/wp-content\/uploads\/2025\/12\/image-1-972x1024.jpeg\" alt=\"\" class=\"wp-image-121009\" srcset=\"https:\/\/quehacerpolitico.mx\/wp-content\/uploads\/2025\/12\/image-1-972x1024.jpeg 972w, https:\/\/quehacerpolitico.mx\/wp-content\/uploads\/2025\/12\/image-1-285x300.jpeg 285w, https:\/\/quehacerpolitico.mx\/wp-content\/uploads\/2025\/12\/image-1-768x809.jpeg 768w, https:\/\/quehacerpolitico.mx\/wp-content\/uploads\/2025\/12\/image-1-1024x1079.jpeg 1024w, https:\/\/quehacerpolitico.mx\/wp-content\/uploads\/2025\/12\/image-1.jpeg 1125w\" sizes=\"auto, (max-width: 972px) 100vw, 972px\" \/><\/figure>\n\n\n\n<p>La dirigente venezolana\u00a0<strong>no lleg\u00f3 a tiempo<\/strong>\u00a0a la ceremonia celebrada este mi\u00e9rcoles en la que fue galardonada con el Nobel, pero confirm\u00f3 que\u00a0<strong>estar\u00e1 en la capital noruega\u00a0<\/strong>en las pr\u00f3ximas horas.<\/p>\n\n\n\n<p>De acuerdo con\u00a0<em>The Wall Street Journal<\/em>, este desplazamiento podr\u00eda obligar a Machado a\u00a0<strong>exiliarse<\/strong>, despu\u00e9s de haber pasado gran parte del \u00faltimo a\u00f1o\u00a0<strong>escondida en Venezuela\u00a0<\/strong>para evitar ser arrestada por el gobierno de Nicol\u00e1s Maduro.<\/p>\n\n\n\n<figure class=\"wp-block-embed is-type-video is-provider-youtube wp-block-embed-youtube wp-embed-aspect-16-9 wp-has-aspect-ratio\"><div class=\"wp-block-embed__wrapper\">\n<iframe loading=\"lazy\" title=\"Escoltada por aviones F18, as\u00ed habr\u00eda escapado Mar\u00eda Corina Machado del r\u00e9gimen de Nicol\u00e1s Maduro\" width=\"640\" height=\"360\" src=\"https:\/\/www.youtube.com\/embed\/21p3Wb56tuc?feature=oembed\" frameborder=\"0\" allow=\"accelerometer; autoplay; clipboard-write; encrypted-media; gyroscope; picture-in-picture; web-share\" referrerpolicy=\"strict-origin-when-cross-origin\" allowfullscreen><\/iframe>\n<\/div><\/figure>\n\n\n\n<p>Machado, sin embargo, ha expresado su intenci\u00f3n de<strong>&nbsp;regresar &#8220;muy pronto&#8221;<\/strong>&nbsp;a su pa\u00eds tras su paso por Oslo.<\/p>\n\n\n\n<p><strong>Ana Corina Sosa<\/strong>, hija de la Nobel de la Paz, fue la encargada de recibir el premio en nombre de su madre y&nbsp;<strong>leer su discurso&nbsp;<\/strong>durante la ceremonia, en el que asegur\u00f3 que&nbsp;<strong>Venezuela &#8220;volver\u00e1 a respirar&#8221;.<\/strong><\/p>\n\n\n\n<p>&#8220;Abriremos las puertas de las c\u00e1rceles y veremos salir al sol a miles de inocentes que fueron encarcelados injustamente&#8221;, pronunci\u00f3 Sosa desde el estrado del Ayuntamiento de Oslo, tras afirmar que &#8220;en unas horas&#8221; podr\u00e1 abrazar a su madre despu\u00e9s de dos a\u00f1os.<\/p>\n\n\n\n<p>Con informaci\u00f3n de EFE<\/p>\n","protected":false},"excerpt":{"rendered":"<p>Por Redacci\u00f3n QP Fuentes del gobierno de Estados Unidos comentaron al peri\u00f3dico que la opositora&#8230;<\/p>\n","protected":false},"author":2,"featured_media":121010,"comment_status":"open","ping_status":"open","sticky":false,"template":"","format":"standard","meta":{"_monsterinsights_skip_tracking":false,"_monsterinsights_sitenote_active":false,"_monsterinsights_sitenote_note":"","_monsterinsights_sitenote_category":0,"footnotes":""},"categories":[1],"tags":[],"class_list":["post-121008","post","type-post","status-publish","format-standard","has-post-thumbnail","hentry","category-sin-categoria"],"yoast_head":"<!-- This site is optimized with the Yoast SEO plugin v27.3 - https:\/\/yoast.com\/product\/yoast-seo-wordpress\/ -->\n<title>Mar\u00eda Corina Machado sali\u00f3 en un barco de Venezuela hacia una isla caribe\u00f1a para intentar llegar a recibir el Nobel de la Paz: WSJ -<\/title>\n<meta name=\"robots\" content=\"index, follow, max-snippet:-1, max-image-preview:large, max-video-preview:-1\" \/>\n<link rel=\"canonical\" href=\"https:\/\/quehacerpolitico.mx\/?p=121008\" \/>\n<meta property=\"og:locale\" content=\"es_MX\" \/>\n<meta property=\"og:type\" content=\"article\" \/>\n<meta property=\"og:title\" content=\"Mar\u00eda Corina Machado sali\u00f3 en un barco de Venezuela hacia una isla caribe\u00f1a para intentar llegar a recibir el Nobel de la Paz: WSJ -\" \/>\n<meta property=\"og:description\" content=\"Por Redacci\u00f3n QP Fuentes del gobierno de Estados Unidos comentaron al peri\u00f3dico que la opositora...\" \/>\n<meta property=\"og:url\" content=\"https:\/\/quehacerpolitico.mx\/?p=121008\" \/>\n<meta property=\"article:published_time\" content=\"2025-12-10T21:44:40+00:00\" \/>\n<meta property=\"article:modified_time\" content=\"2025-12-10T21:44:45+00:00\" \/>\n<meta property=\"og:image\" content=\"http:\/\/quehacerpolitico.mx\/wp-content\/uploads\/2025\/12\/IMG_5591.jpeg\" \/>\n\t<meta property=\"og:image:width\" content=\"516\" \/>\n\t<meta property=\"og:image:height\" content=\"543\" \/>\n\t<meta property=\"og:image:type\" content=\"image\/jpeg\" \/>\n<meta name=\"author\" content=\"Redacci\u00f3n QP\" \/>\n<meta name=\"twitter:card\" content=\"summary_large_image\" \/>\n<meta name=\"twitter:label1\" content=\"Escrito por\" \/>\n\t<meta name=\"twitter:data1\" content=\"Redacci\u00f3n QP\" \/>\n\t<meta name=\"twitter:label2\" content=\"Tiempo de lectura\" \/>\n\t<meta name=\"twitter:data2\" content=\"2 minutos\" \/>\n<script type=\"application\/ld+json\" class=\"yoast-schema-graph\">{\"@context\":\"https:\\\/\\\/schema.org\",\"@graph\":[{\"@type\":\"Article\",\"@id\":\"https:\\\/\\\/quehacerpolitico.mx\\\/?p=121008#article\",\"isPartOf\":{\"@id\":\"https:\\\/\\\/quehacerpolitico.mx\\\/?p=121008\"},\"author\":{\"name\":\"Redacci\u00f3n QP\",\"@id\":\"https:\\\/\\\/quehacerpolitico.mx\\\/#\\\/schema\\\/person\\\/496d8ad2d1d3f8036101dca7ee39e585\"},\"headline\":\"Mar\u00eda Corina Machado sali\u00f3 en un barco de Venezuela hacia una isla caribe\u00f1a para intentar llegar a recibir el Nobel de la Paz: WSJ\",\"datePublished\":\"2025-12-10T21:44:40+00:00\",\"dateModified\":\"2025-12-10T21:44:45+00:00\",\"mainEntityOfPage\":{\"@id\":\"https:\\\/\\\/quehacerpolitico.mx\\\/?p=121008\"},\"wordCount\":347,\"commentCount\":0,\"image\":{\"@id\":\"https:\\\/\\\/quehacerpolitico.mx\\\/?p=121008#primaryimage\"},\"thumbnailUrl\":\"https:\\\/\\\/quehacerpolitico.mx\\\/wp-content\\\/uploads\\\/2025\\\/12\\\/IMG_5591.jpeg\",\"articleSection\":[\"Internacionales\"],\"inLanguage\":\"es\",\"potentialAction\":[{\"@type\":\"CommentAction\",\"name\":\"Comment\",\"target\":[\"https:\\\/\\\/quehacerpolitico.mx\\\/?p=121008#respond\"]}]},{\"@type\":\"WebPage\",\"@id\":\"https:\\\/\\\/quehacerpolitico.mx\\\/?p=121008\",\"url\":\"https:\\\/\\\/quehacerpolitico.mx\\\/?p=121008\",\"name\":\"Mar\u00eda Corina Machado sali\u00f3 en un barco de Venezuela hacia una isla caribe\u00f1a para intentar llegar a recibir el Nobel de la Paz: WSJ -\",\"isPartOf\":{\"@id\":\"https:\\\/\\\/quehacerpolitico.mx\\\/#website\"},\"primaryImageOfPage\":{\"@id\":\"https:\\\/\\\/quehacerpolitico.mx\\\/?p=121008#primaryimage\"},\"image\":{\"@id\":\"https:\\\/\\\/quehacerpolitico.mx\\\/?p=121008#primaryimage\"},\"thumbnailUrl\":\"https:\\\/\\\/quehacerpolitico.mx\\\/wp-content\\\/uploads\\\/2025\\\/12\\\/IMG_5591.jpeg\",\"datePublished\":\"2025-12-10T21:44:40+00:00\",\"dateModified\":\"2025-12-10T21:44:45+00:00\",\"author\":{\"@id\":\"https:\\\/\\\/quehacerpolitico.mx\\\/#\\\/schema\\\/person\\\/496d8ad2d1d3f8036101dca7ee39e585\"},\"breadcrumb\":{\"@id\":\"https:\\\/\\\/quehacerpolitico.mx\\\/?p=121008#breadcrumb\"},\"inLanguage\":\"es\",\"potentialAction\":[{\"@type\":\"ReadAction\",\"target\":[\"https:\\\/\\\/quehacerpolitico.mx\\\/?p=121008\"]}]},{\"@type\":\"ImageObject\",\"inLanguage\":\"es\",\"@id\":\"https:\\\/\\\/quehacerpolitico.mx\\\/?p=121008#primaryimage\",\"url\":\"https:\\\/\\\/quehacerpolitico.mx\\\/wp-content\\\/uploads\\\/2025\\\/12\\\/IMG_5591.jpeg\",\"contentUrl\":\"https:\\\/\\\/quehacerpolitico.mx\\\/wp-content\\\/uploads\\\/2025\\\/12\\\/IMG_5591.jpeg\",\"width\":516,\"height\":543},{\"@type\":\"BreadcrumbList\",\"@id\":\"https:\\\/\\\/quehacerpolitico.mx\\\/?p=121008#breadcrumb\",\"itemListElement\":[{\"@type\":\"ListItem\",\"position\":1,\"name\":\"Inicio\",\"item\":\"https:\\\/\\\/quehacerpolitico.mx\\\/\"},{\"@type\":\"ListItem\",\"position\":2,\"name\":\"Mar\u00eda Corina Machado sali\u00f3 en un barco de Venezuela hacia una isla caribe\u00f1a para intentar llegar a recibir el Nobel de la Paz: WSJ\"}]},{\"@type\":\"WebSite\",\"@id\":\"https:\\\/\\\/quehacerpolitico.mx\\\/#website\",\"url\":\"https:\\\/\\\/quehacerpolitico.mx\\\/\",\"name\":\"\",\"description\":\"\",\"potentialAction\":[{\"@type\":\"SearchAction\",\"target\":{\"@type\":\"EntryPoint\",\"urlTemplate\":\"https:\\\/\\\/quehacerpolitico.mx\\\/?s={search_term_string}\"},\"query-input\":{\"@type\":\"PropertyValueSpecification\",\"valueRequired\":true,\"valueName\":\"search_term_string\"}}],\"inLanguage\":\"es\"},{\"@type\":\"Person\",\"@id\":\"https:\\\/\\\/quehacerpolitico.mx\\\/#\\\/schema\\\/person\\\/496d8ad2d1d3f8036101dca7ee39e585\",\"name\":\"Redacci\u00f3n QP\",\"image\":{\"@type\":\"ImageObject\",\"inLanguage\":\"es\",\"@id\":\"https:\\\/\\\/secure.gravatar.com\\\/avatar\\\/c7164ed6fdec453195284ad24a5ae5b6e1eed2b848477fa2a4787ba9adf39a41?s=96&d=mm&r=g\",\"url\":\"https:\\\/\\\/secure.gravatar.com\\\/avatar\\\/c7164ed6fdec453195284ad24a5ae5b6e1eed2b848477fa2a4787ba9adf39a41?s=96&d=mm&r=g\",\"contentUrl\":\"https:\\\/\\\/secure.gravatar.com\\\/avatar\\\/c7164ed6fdec453195284ad24a5ae5b6e1eed2b848477fa2a4787ba9adf39a41?s=96&d=mm&r=g\",\"caption\":\"Redacci\u00f3n QP\"},\"url\":\"https:\\\/\\\/quehacerpolitico.mx\\\/?author=2\"}]}<\/script>\n<!-- \/ Yoast SEO plugin. -->","yoast_head_json":{"title":"Mar\u00eda Corina Machado sali\u00f3 en un barco de Venezuela hacia una isla caribe\u00f1a para intentar llegar a recibir el Nobel de la Paz: WSJ -","robots":{"index":"index","follow":"follow","max-snippet":"max-snippet:-1","max-image-preview":"max-image-preview:large","max-video-preview":"max-video-preview:-1"},"canonical":"https:\/\/quehacerpolitico.mx\/?p=121008","og_locale":"es_MX","og_type":"article","og_title":"Mar\u00eda Corina Machado sali\u00f3 en un barco de Venezuela hacia una isla caribe\u00f1a para intentar llegar a recibir el Nobel de la Paz: WSJ -","og_description":"Por Redacci\u00f3n QP Fuentes del gobierno de Estados Unidos comentaron al peri\u00f3dico que la opositora...","og_url":"https:\/\/quehacerpolitico.mx\/?p=121008","article_published_time":"2025-12-10T21:44:40+00:00","article_modified_time":"2025-12-10T21:44:45+00:00","og_image":[{"width":516,"height":543,"url":"http:\/\/quehacerpolitico.mx\/wp-content\/uploads\/2025\/12\/IMG_5591.jpeg","type":"image\/jpeg"}],"author":"Redacci\u00f3n QP","twitter_card":"summary_large_image","twitter_misc":{"Escrito por":"Redacci\u00f3n QP","Tiempo de lectura":"2 minutos"},"schema":{"@context":"https:\/\/schema.org","@graph":[{"@type":"Article","@id":"https:\/\/quehacerpolitico.mx\/?p=121008#article","isPartOf":{"@id":"https:\/\/quehacerpolitico.mx\/?p=121008"},"author":{"name":"Redacci\u00f3n QP","@id":"https:\/\/quehacerpolitico.mx\/#\/schema\/person\/496d8ad2d1d3f8036101dca7ee39e585"},"headline":"Mar\u00eda Corina Machado sali\u00f3 en un barco de Venezuela hacia una isla caribe\u00f1a para intentar llegar a recibir el Nobel de la Paz: WSJ","datePublished":"2025-12-10T21:44:40+00:00","dateModified":"2025-12-10T21:44:45+00:00","mainEntityOfPage":{"@id":"https:\/\/quehacerpolitico.mx\/?p=121008"},"wordCount":347,"commentCount":0,"image":{"@id":"https:\/\/quehacerpolitico.mx\/?p=121008#primaryimage"},"thumbnailUrl":"https:\/\/quehacerpolitico.mx\/wp-content\/uploads\/2025\/12\/IMG_5591.jpeg","articleSection":["Internacionales"],"inLanguage":"es","potentialAction":[{"@type":"CommentAction","name":"Comment","target":["https:\/\/quehacerpolitico.mx\/?p=121008#respond"]}]},{"@type":"WebPage","@id":"https:\/\/quehacerpolitico.mx\/?p=121008","url":"https:\/\/quehacerpolitico.mx\/?p=121008","name":"Mar\u00eda Corina Machado sali\u00f3 en un barco de Venezuela hacia una isla caribe\u00f1a para intentar llegar a recibir el Nobel de la Paz: WSJ -","isPartOf":{"@id":"https:\/\/quehacerpolitico.mx\/#website"},"primaryImageOfPage":{"@id":"https:\/\/quehacerpolitico.mx\/?p=121008#primaryimage"},"image":{"@id":"https:\/\/quehacerpolitico.mx\/?p=121008#primaryimage"},"thumbnailUrl":"https:\/\/quehacerpolitico.mx\/wp-content\/uploads\/2025\/12\/IMG_5591.jpeg","datePublished":"2025-12-10T21:44:40+00:00","dateModified":"2025-12-10T21:44:45+00:00","author":{"@id":"https:\/\/quehacerpolitico.mx\/#\/schema\/person\/496d8ad2d1d3f8036101dca7ee39e585"},"breadcrumb":{"@id":"https:\/\/quehacerpolitico.mx\/?p=121008#breadcrumb"},"inLanguage":"es","potentialAction":[{"@type":"ReadAction","target":["https:\/\/quehacerpolitico.mx\/?p=121008"]}]},{"@type":"ImageObject","inLanguage":"es","@id":"https:\/\/quehacerpolitico.mx\/?p=121008#primaryimage","url":"https:\/\/quehacerpolitico.mx\/wp-content\/uploads\/2025\/12\/IMG_5591.jpeg","contentUrl":"https:\/\/quehacerpolitico.mx\/wp-content\/uploads\/2025\/12\/IMG_5591.jpeg","width":516,"height":543},{"@type":"BreadcrumbList","@id":"https:\/\/quehacerpolitico.mx\/?p=121008#breadcrumb","itemListElement":[{"@type":"ListItem","position":1,"name":"Inicio","item":"https:\/\/quehacerpolitico.mx\/"},{"@type":"ListItem","position":2,"name":"Mar\u00eda Corina Machado sali\u00f3 en un barco de Venezuela hacia una isla caribe\u00f1a para intentar llegar a recibir el Nobel de la Paz: WSJ"}]},{"@type":"WebSite","@id":"https:\/\/quehacerpolitico.mx\/#website","url":"https:\/\/quehacerpolitico.mx\/","name":"","description":"","potentialAction":[{"@type":"SearchAction","target":{"@type":"EntryPoint","urlTemplate":"https:\/\/quehacerpolitico.mx\/?s={search_term_string}"},"query-input":{"@type":"PropertyValueSpecification","valueRequired":true,"valueName":"search_term_string"}}],"inLanguage":"es"},{"@type":"Person","@id":"https:\/\/quehacerpolitico.mx\/#\/schema\/person\/496d8ad2d1d3f8036101dca7ee39e585","name":"Redacci\u00f3n QP","image":{"@type":"ImageObject","inLanguage":"es","@id":"https:\/\/secure.gravatar.com\/avatar\/c7164ed6fdec453195284ad24a5ae5b6e1eed2b848477fa2a4787ba9adf39a41?s=96&d=mm&r=g","url":"https:\/\/secure.gravatar.com\/avatar\/c7164ed6fdec453195284ad24a5ae5b6e1eed2b848477fa2a4787ba9adf39a41?s=96&d=mm&r=g","contentUrl":"https:\/\/secure.gravatar.com\/avatar\/c7164ed6fdec453195284ad24a5ae5b6e1eed2b848477fa2a4787ba9adf39a41?s=96&d=mm&r=g","caption":"Redacci\u00f3n QP"},"url":"https:\/\/quehacerpolitico.mx\/?author=2"}]}},"featured_image_urls":{"full":["https:\/\/quehacerpolitico.mx\/wp-content\/uploads\/2025\/12\/IMG_5591.jpeg",516,543,false],"thumbnail":["https:\/\/quehacerpolitico.mx\/wp-content\/uploads\/2025\/12\/IMG_5591-150x150.jpeg",150,150,true],"medium":["https:\/\/quehacerpolitico.mx\/wp-content\/uploads\/2025\/12\/IMG_5591-285x300.jpeg",285,300,true],"medium_large":["https:\/\/quehacerpolitico.mx\/wp-content\/uploads\/2025\/12\/IMG_5591.jpeg",516,543,false],"large":["https:\/\/quehacerpolitico.mx\/wp-content\/uploads\/2025\/12\/IMG_5591.jpeg",516,543,false],"1536x1536":["https:\/\/quehacerpolitico.mx\/wp-content\/uploads\/2025\/12\/IMG_5591.jpeg",516,543,false],"2048x2048":["https:\/\/quehacerpolitico.mx\/wp-content\/uploads\/2025\/12\/IMG_5591.jpeg",516,543,false],"covernews-featured":["https:\/\/quehacerpolitico.mx\/wp-content\/uploads\/2025\/12\/IMG_5591.jpeg",516,543,false],"covernews-medium":["https:\/\/quehacerpolitico.mx\/wp-content\/uploads\/2025\/12\/IMG_5591-516x340.jpeg",516,340,true]},"author_info":{"display_name":"Redacci\u00f3n QP","author_link":"https:\/\/quehacerpolitico.mx\/?author=2"},"category_info":"<a href=\"https:\/\/quehacerpolitico.mx\/?cat=1\" rel=\"category\">Internacionales<\/a>","tag_info":"Internacionales","comment_count":"0","_links":{"self":[{"href":"https:\/\/quehacerpolitico.mx\/index.php?rest_route=\/wp\/v2\/posts\/121008","targetHints":{"allow":["GET"]}}],"collection":[{"href":"https:\/\/quehacerpolitico.mx\/index.php?rest_route=\/wp\/v2\/posts"}],"about":[{"href":"https:\/\/quehacerpolitico.mx\/index.php?rest_route=\/wp\/v2\/types\/post"}],"author":[{"embeddable":true,"href":"https:\/\/quehacerpolitico.mx\/index.php?rest_route=\/wp\/v2\/users\/2"}],"replies":[{"embeddable":true,"href":"https:\/\/quehacerpolitico.mx\/index.php?rest_route=%2Fwp%2Fv2%2Fcomments&post=121008"}],"version-history":[{"count":1,"href":"https:\/\/quehacerpolitico.mx\/index.php?rest_route=\/wp\/v2\/posts\/121008\/revisions"}],"predecessor-version":[{"id":121011,"href":"https:\/\/quehacerpolitico.mx\/index.php?rest_route=\/wp\/v2\/posts\/121008\/revisions\/121011"}],"wp:featuredmedia":[{"embeddable":true,"href":"https:\/\/quehacerpolitico.mx\/index.php?rest_route=\/wp\/v2\/media\/121010"}],"wp:attachment":[{"href":"https:\/\/quehacerpolitico.mx\/index.php?rest_route=%2Fwp%2Fv2%2Fmedia&parent=121008"}],"wp:term":[{"taxonomy":"category","embeddable":true,"href":"https:\/\/quehacerpolitico.mx\/index.php?rest_route=%2Fwp%2Fv2%2Fcategories&post=121008"},{"taxonomy":"post_tag","embeddable":true,"href":"https:\/\/quehacerpolitico.mx\/index.php?rest_route=%2Fwp%2Fv2%2Ftags&post=121008"}],"curies":[{"name":"wp","href":"https:\/\/api.w.org\/{rel}","templated":true}]}}