{"id":121005,"date":"2025-12-10T15:18:14","date_gmt":"2025-12-10T21:18:14","guid":{"rendered":"https:\/\/quehacerpolitico.mx\/?p=121005"},"modified":"2025-12-10T15:18:22","modified_gmt":"2025-12-10T21:18:22","slug":"se-aplaza-al-jueves-la-preventa-de-boletos-para-el-partido-mexico-portugal-por-actividad-inusual-que-hizo-colapsar-la-plataforma","status":"publish","type":"post","link":"https:\/\/quehacerpolitico.mx\/?p=121005","title":{"rendered":"Se aplaza al jueves la preventa de boletos para el partido M\u00e9xico-Portugal por \u201cactividad inusual\u201d que hizo colapsar la plataforma"},"content":{"rendered":"\n<p>Por Redacci\u00f3n QP<\/p>\n\n\n\n<p>La plataforma &#8216;Fanki&#8217; activ\u00f3 sus protocolos al ver comprometida la seguridad y cancel\u00f3 la preventa de boletos para el M\u00e9xico vs Portugal.<\/p>\n\n\n\n<p>La&nbsp;<strong>preventa<\/strong>&nbsp;de los&nbsp;<strong>boletos para el partido amistoso entre M\u00e9xico y Portugal<\/strong>&nbsp;del pr\u00f3ximo 28 de marzo en la&nbsp;<strong>reinauguraci\u00f3n del Estadio Azteca&nbsp;<\/strong>programada para este mi\u00e9rcoles&nbsp;<strong>se reprogram\u00f3 para el jueves 11<\/strong>&nbsp;debido a una<strong>&nbsp;\u201cactividad inusual\u201d<\/strong>&nbsp;que hizo&nbsp;<strong>colapsar la plataforma \u2018Fanki\u2019<\/strong>.<\/p>\n\n\n\n<p>El&nbsp;<strong>inicio de la preventa exclusiva para tarjetahabientes&nbsp;<\/strong>de Banorte estaba programado para las<strong>&nbsp;9:00 horas de este mi\u00e9rcoles<\/strong>, pero 20 minutos antes los&nbsp;<strong>aficionados reportaron fallas en la p\u00e1gina y aplicaci\u00f3n de \u2018Fanki\u2019,<\/strong>&nbsp;que marcaba&nbsp;<strong>error<\/strong>&nbsp;al intentar ingresar. La boletera recorri\u00f3 el horario a las 9:30 horas.<\/p>\n\n\n\n<figure class=\"wp-block-embed is-type-rich is-provider-twitter wp-block-embed-twitter\"><div class=\"wp-block-embed__wrapper\">\n<blockquote class=\"twitter-tweet\" data-width=\"550\" data-dnt=\"true\"><p lang=\"es\" dir=\"ltr\">\u00a1Ma\u00f1ana inicia la preventa, ATENTOS! \ud83d\udea8<br><br>Recuerden que es exclusiva de <a href=\"https:\/\/twitter.com\/Banorte_mx?ref_src=twsrc%5Etfw\">@Banorte_mx<\/a> \ud83c\uddf2\ud83c\uddfd\ud83c\udd9a\ud83c\uddf5\ud83c\uddf9<br>\u00a1Que no se les pase! \ud83d\udc40<a href=\"https:\/\/twitter.com\/hashtag\/SomosM%C3%A9xico?src=hash&amp;ref_src=twsrc%5Etfw\">#SomosM\u00e9xico<\/a> \u26bd\ufe0f <a href=\"https:\/\/t.co\/ReKqdjqZVl\">pic.twitter.com\/ReKqdjqZVl<\/a><\/p>&mdash; Selecci\u00f3n Nacional (@miseleccionmx) <a href=\"https:\/\/twitter.com\/miseleccionmx\/status\/1998482756477632701?ref_src=twsrc%5Etfw\">December 9, 2025<\/a><\/blockquote><script async src=\"https:\/\/platform.twitter.com\/widgets.js\" charset=\"utf-8\"><\/script>\n<\/div><\/figure>\n\n\n\n<p>Sin embargo, los problemas para recibir un turno en la fila virtual continuaron y los aficionados reportaron en redes sociales las fallas.<\/p>\n\n\n\n<p>Ante los reclamos, la plataforma respond\u00eda en redes sociales que estaban \u201ctratando de responder a los usuarios\u201d y a \u201ctoda la comunidad\u201d. \u201cEstamos con nuestro equipo dando soluci\u00f3n de una forma segura al sistema\u201d.<\/p>\n\n\n\n<h2 class=\"wp-block-heading\">CANCELADA<\/h2>\n\n\n\n<p>Despu\u00e9s de varias horas, &#8216;Fanki&#8217; public\u00f3 un<strong>&nbsp;comunicado<\/strong>&nbsp;en sus redes sociales en el que explic\u00f3 que ante la<strong>&nbsp;\u201cactividad inusual\u201d<\/strong>&nbsp;detectada antes del inicio de la preventa,&nbsp;<strong>se decidi\u00f3 cancelarla<\/strong>.<\/p>\n\n\n\n<p>\u201cEn FANKI mantenemos un compromiso absoluto con la seguridad, la transparencia y la operaci\u00f3n responsable de eventos de alta demanda.<\/p>\n\n\n\n<p>\u201cAntes de habilitar la preventa del partido M\u00e9xico vs Portugal, nuestro sistema de monitoreo identific\u00f3&nbsp;<strong>actividad inusual<\/strong>&nbsp;en el tr\u00e1fico entrante. En l\u00ednea con los&nbsp;<strong>protocolos de seguridad, estabilidad y protecci\u00f3n del usuario<\/strong>, tomamos la decisi\u00f3n preventiva de&nbsp;<strong>no abrir la venta el d\u00eda de hoy y resguardar la plataforma<\/strong>.<\/p>\n\n\n\n<p>\u201cSabemos que este es uno de los partidos m\u00e1s esperados del a\u00f1o y entendemos la emoci\u00f3n y expectativa de todos los aficionados. Sin embargo, nuestra prioridad es garantizar una experiencia segura, justa y estable para todas las personas que deseen adquirir sus boletos.&nbsp;<\/p>\n\n\n\n<p>\u201cPor esa raz\u00f3n,&nbsp;<strong>se re programar\u00e1 la preventa<\/strong>&nbsp;para as\u00ed: Asegurar el correcto funcionamiento, Proteger la integridad de las transacciones, Garantizar que todos tengan la oportunidad de acceder de manera segura. Agradecemos su paciencia y comprensi\u00f3n.<\/p>\n\n\n\n<figure class=\"wp-block-embed is-type-rich is-provider-twitter wp-block-embed-twitter\"><div class=\"wp-block-embed__wrapper\">\n<blockquote class=\"twitter-tweet\" data-width=\"550\" data-dnt=\"true\"><p lang=\"es\" dir=\"ltr\">Comunidad Fanki: antes de la preventa M\u00e9xico vs Portugal detectamos actividad inusual en el tr\u00e1fico entrante.<br>Por seguridad decidimos no abrir la venta hoy.<br><br>Buscamos garantizar una experiencia segura y justa para tod@s.<br>Pronto anunciaremos el nuevo horario. <a href=\"https:\/\/t.co\/dvHGFz2Fun\">pic.twitter.com\/dvHGFz2Fun<\/a><\/p>&mdash; Fanki (@Fankisports) <a href=\"https:\/\/twitter.com\/Fankisports\/status\/1998841215869919340?ref_src=twsrc%5Etfw\">December 10, 2025<\/a><\/blockquote><script async src=\"https:\/\/platform.twitter.com\/widgets.js\" charset=\"utf-8\"><\/script>\n<\/div><\/figure>\n\n\n\n<p>En un comunicado posterior, la plataforma anunci\u00f3 que la preventa se reprogram\u00f3 para este jueves 11 y viernes 12 a partr de las 9:00 horas.<\/p>\n\n\n\n<figure class=\"wp-block-embed is-type-rich is-provider-twitter wp-block-embed-twitter\"><div class=\"wp-block-embed__wrapper\">\n<blockquote class=\"twitter-tweet\" data-width=\"550\" data-dnt=\"true\"><p lang=\"es\" dir=\"ltr\">Querida afici\u00f3n de la Selecci\u00f3n de M\u00e9xico:<br>La preventa Banorte de M\u00e9xico vs Portugal queda reprogramada.<br><br>\ud83d\uddd3\ufe0f 11 y 12 de diciembre 2025<br>\u23f0 Desde las 9:00 a.m.<br>\ud83d\udccd Partido: 28 de marzo 2026 \u2013 19:00 hrs (CDMX)<br><br>Canales oficiales:<br>\ud83d\udce9 soporte@fanki.mx<br>\ud83d\udcde +57 317 0292048 <a href=\"https:\/\/t.co\/mvg1DDIe1b\">pic.twitter.com\/mvg1DDIe1b<\/a><\/p>&mdash; Fanki (@Fankisports) <a href=\"https:\/\/twitter.com\/Fankisports\/status\/1998855178758521098?ref_src=twsrc%5Etfw\">December 10, 2025<\/a><\/blockquote><script async src=\"https:\/\/platform.twitter.com\/widgets.js\" charset=\"utf-8\"><\/script>\n<\/div><\/figure>\n","protected":false},"excerpt":{"rendered":"<p>Por Redacci\u00f3n QP La plataforma &#8216;Fanki&#8217; activ\u00f3 sus protocolos al ver comprometida la seguridad y&#8230;<\/p>\n","protected":false},"author":2,"featured_media":121006,"comment_status":"open","ping_status":"open","sticky":false,"template":"","format":"standard","meta":{"_monsterinsights_skip_tracking":false,"_monsterinsights_sitenote_active":false,"_monsterinsights_sitenote_note":"","_monsterinsights_sitenote_category":0,"footnotes":""},"categories":[54],"tags":[],"class_list":["post-121005","post","type-post","status-publish","format-standard","has-post-thumbnail","hentry","category-deportes"],"yoast_head":"<!-- This site is optimized with the Yoast SEO plugin v27.3 - https:\/\/yoast.com\/product\/yoast-seo-wordpress\/ -->\n<title>Se aplaza al jueves la preventa de boletos para el partido M\u00e9xico-Portugal por \u201cactividad inusual\u201d que hizo colapsar la plataforma -<\/title>\n<meta name=\"robots\" content=\"index, follow, max-snippet:-1, max-image-preview:large, max-video-preview:-1\" \/>\n<link rel=\"canonical\" href=\"https:\/\/quehacerpolitico.mx\/?p=121005\" \/>\n<meta property=\"og:locale\" content=\"es_MX\" \/>\n<meta property=\"og:type\" content=\"article\" \/>\n<meta property=\"og:title\" content=\"Se aplaza al jueves la preventa de boletos para el partido M\u00e9xico-Portugal por \u201cactividad inusual\u201d que hizo colapsar la plataforma -\" \/>\n<meta property=\"og:description\" content=\"Por Redacci\u00f3n QP La plataforma &#8216;Fanki&#8217; activ\u00f3 sus protocolos al ver comprometida la seguridad y...\" \/>\n<meta property=\"og:url\" content=\"https:\/\/quehacerpolitico.mx\/?p=121005\" \/>\n<meta property=\"article:published_time\" content=\"2025-12-10T21:18:14+00:00\" \/>\n<meta property=\"article:modified_time\" content=\"2025-12-10T21:18:22+00:00\" \/>\n<meta property=\"og:image\" content=\"http:\/\/quehacerpolitico.mx\/wp-content\/uploads\/2025\/12\/IMG_5592.jpeg\" \/>\n\t<meta property=\"og:image:width\" content=\"1440\" \/>\n\t<meta property=\"og:image:height\" content=\"810\" \/>\n\t<meta property=\"og:image:type\" content=\"image\/jpeg\" \/>\n<meta name=\"author\" content=\"Redacci\u00f3n QP\" \/>\n<meta name=\"twitter:card\" content=\"summary_large_image\" \/>\n<meta name=\"twitter:label1\" content=\"Escrito por\" \/>\n\t<meta name=\"twitter:data1\" content=\"Redacci\u00f3n QP\" \/>\n\t<meta name=\"twitter:label2\" content=\"Tiempo de lectura\" \/>\n\t<meta name=\"twitter:data2\" content=\"2 minutos\" \/>\n<script type=\"application\/ld+json\" class=\"yoast-schema-graph\">{\"@context\":\"https:\\\/\\\/schema.org\",\"@graph\":[{\"@type\":\"Article\",\"@id\":\"https:\\\/\\\/quehacerpolitico.mx\\\/?p=121005#article\",\"isPartOf\":{\"@id\":\"https:\\\/\\\/quehacerpolitico.mx\\\/?p=121005\"},\"author\":{\"name\":\"Redacci\u00f3n QP\",\"@id\":\"https:\\\/\\\/quehacerpolitico.mx\\\/#\\\/schema\\\/person\\\/496d8ad2d1d3f8036101dca7ee39e585\"},\"headline\":\"Se aplaza al jueves la preventa de boletos para el partido M\u00e9xico-Portugal por \u201cactividad inusual\u201d que hizo colapsar la plataforma\",\"datePublished\":\"2025-12-10T21:18:14+00:00\",\"dateModified\":\"2025-12-10T21:18:22+00:00\",\"mainEntityOfPage\":{\"@id\":\"https:\\\/\\\/quehacerpolitico.mx\\\/?p=121005\"},\"wordCount\":466,\"commentCount\":0,\"image\":{\"@id\":\"https:\\\/\\\/quehacerpolitico.mx\\\/?p=121005#primaryimage\"},\"thumbnailUrl\":\"https:\\\/\\\/quehacerpolitico.mx\\\/wp-content\\\/uploads\\\/2025\\\/12\\\/IMG_5592.jpeg\",\"articleSection\":[\"Deportes\"],\"inLanguage\":\"es\",\"potentialAction\":[{\"@type\":\"CommentAction\",\"name\":\"Comment\",\"target\":[\"https:\\\/\\\/quehacerpolitico.mx\\\/?p=121005#respond\"]}]},{\"@type\":\"WebPage\",\"@id\":\"https:\\\/\\\/quehacerpolitico.mx\\\/?p=121005\",\"url\":\"https:\\\/\\\/quehacerpolitico.mx\\\/?p=121005\",\"name\":\"Se aplaza al jueves la preventa de boletos para el partido M\u00e9xico-Portugal por \u201cactividad inusual\u201d que hizo colapsar la plataforma -\",\"isPartOf\":{\"@id\":\"https:\\\/\\\/quehacerpolitico.mx\\\/#website\"},\"primaryImageOfPage\":{\"@id\":\"https:\\\/\\\/quehacerpolitico.mx\\\/?p=121005#primaryimage\"},\"image\":{\"@id\":\"https:\\\/\\\/quehacerpolitico.mx\\\/?p=121005#primaryimage\"},\"thumbnailUrl\":\"https:\\\/\\\/quehacerpolitico.mx\\\/wp-content\\\/uploads\\\/2025\\\/12\\\/IMG_5592.jpeg\",\"datePublished\":\"2025-12-10T21:18:14+00:00\",\"dateModified\":\"2025-12-10T21:18:22+00:00\",\"author\":{\"@id\":\"https:\\\/\\\/quehacerpolitico.mx\\\/#\\\/schema\\\/person\\\/496d8ad2d1d3f8036101dca7ee39e585\"},\"breadcrumb\":{\"@id\":\"https:\\\/\\\/quehacerpolitico.mx\\\/?p=121005#breadcrumb\"},\"inLanguage\":\"es\",\"potentialAction\":[{\"@type\":\"ReadAction\",\"target\":[\"https:\\\/\\\/quehacerpolitico.mx\\\/?p=121005\"]}]},{\"@type\":\"ImageObject\",\"inLanguage\":\"es\",\"@id\":\"https:\\\/\\\/quehacerpolitico.mx\\\/?p=121005#primaryimage\",\"url\":\"https:\\\/\\\/quehacerpolitico.mx\\\/wp-content\\\/uploads\\\/2025\\\/12\\\/IMG_5592.jpeg\",\"contentUrl\":\"https:\\\/\\\/quehacerpolitico.mx\\\/wp-content\\\/uploads\\\/2025\\\/12\\\/IMG_5592.jpeg\",\"width\":1440,\"height\":810},{\"@type\":\"BreadcrumbList\",\"@id\":\"https:\\\/\\\/quehacerpolitico.mx\\\/?p=121005#breadcrumb\",\"itemListElement\":[{\"@type\":\"ListItem\",\"position\":1,\"name\":\"Inicio\",\"item\":\"https:\\\/\\\/quehacerpolitico.mx\\\/\"},{\"@type\":\"ListItem\",\"position\":2,\"name\":\"Se aplaza al jueves la preventa de boletos para el partido M\u00e9xico-Portugal por \u201cactividad inusual\u201d que hizo colapsar la plataforma\"}]},{\"@type\":\"WebSite\",\"@id\":\"https:\\\/\\\/quehacerpolitico.mx\\\/#website\",\"url\":\"https:\\\/\\\/quehacerpolitico.mx\\\/\",\"name\":\"\",\"description\":\"\",\"potentialAction\":[{\"@type\":\"SearchAction\",\"target\":{\"@type\":\"EntryPoint\",\"urlTemplate\":\"https:\\\/\\\/quehacerpolitico.mx\\\/?s={search_term_string}\"},\"query-input\":{\"@type\":\"PropertyValueSpecification\",\"valueRequired\":true,\"valueName\":\"search_term_string\"}}],\"inLanguage\":\"es\"},{\"@type\":\"Person\",\"@id\":\"https:\\\/\\\/quehacerpolitico.mx\\\/#\\\/schema\\\/person\\\/496d8ad2d1d3f8036101dca7ee39e585\",\"name\":\"Redacci\u00f3n QP\",\"image\":{\"@type\":\"ImageObject\",\"inLanguage\":\"es\",\"@id\":\"https:\\\/\\\/secure.gravatar.com\\\/avatar\\\/c7164ed6fdec453195284ad24a5ae5b6e1eed2b848477fa2a4787ba9adf39a41?s=96&d=mm&r=g\",\"url\":\"https:\\\/\\\/secure.gravatar.com\\\/avatar\\\/c7164ed6fdec453195284ad24a5ae5b6e1eed2b848477fa2a4787ba9adf39a41?s=96&d=mm&r=g\",\"contentUrl\":\"https:\\\/\\\/secure.gravatar.com\\\/avatar\\\/c7164ed6fdec453195284ad24a5ae5b6e1eed2b848477fa2a4787ba9adf39a41?s=96&d=mm&r=g\",\"caption\":\"Redacci\u00f3n QP\"},\"url\":\"https:\\\/\\\/quehacerpolitico.mx\\\/?author=2\"}]}<\/script>\n<!-- \/ Yoast SEO plugin. -->","yoast_head_json":{"title":"Se aplaza al jueves la preventa de boletos para el partido M\u00e9xico-Portugal por \u201cactividad inusual\u201d que hizo colapsar la plataforma -","robots":{"index":"index","follow":"follow","max-snippet":"max-snippet:-1","max-image-preview":"max-image-preview:large","max-video-preview":"max-video-preview:-1"},"canonical":"https:\/\/quehacerpolitico.mx\/?p=121005","og_locale":"es_MX","og_type":"article","og_title":"Se aplaza al jueves la preventa de boletos para el partido M\u00e9xico-Portugal por \u201cactividad inusual\u201d que hizo colapsar la plataforma -","og_description":"Por Redacci\u00f3n QP La plataforma &#8216;Fanki&#8217; activ\u00f3 sus protocolos al ver comprometida la seguridad y...","og_url":"https:\/\/quehacerpolitico.mx\/?p=121005","article_published_time":"2025-12-10T21:18:14+00:00","article_modified_time":"2025-12-10T21:18:22+00:00","og_image":[{"width":1440,"height":810,"url":"http:\/\/quehacerpolitico.mx\/wp-content\/uploads\/2025\/12\/IMG_5592.jpeg","type":"image\/jpeg"}],"author":"Redacci\u00f3n QP","twitter_card":"summary_large_image","twitter_misc":{"Escrito por":"Redacci\u00f3n QP","Tiempo de lectura":"2 minutos"},"schema":{"@context":"https:\/\/schema.org","@graph":[{"@type":"Article","@id":"https:\/\/quehacerpolitico.mx\/?p=121005#article","isPartOf":{"@id":"https:\/\/quehacerpolitico.mx\/?p=121005"},"author":{"name":"Redacci\u00f3n QP","@id":"https:\/\/quehacerpolitico.mx\/#\/schema\/person\/496d8ad2d1d3f8036101dca7ee39e585"},"headline":"Se aplaza al jueves la preventa de boletos para el partido M\u00e9xico-Portugal por \u201cactividad inusual\u201d que hizo colapsar la plataforma","datePublished":"2025-12-10T21:18:14+00:00","dateModified":"2025-12-10T21:18:22+00:00","mainEntityOfPage":{"@id":"https:\/\/quehacerpolitico.mx\/?p=121005"},"wordCount":466,"commentCount":0,"image":{"@id":"https:\/\/quehacerpolitico.mx\/?p=121005#primaryimage"},"thumbnailUrl":"https:\/\/quehacerpolitico.mx\/wp-content\/uploads\/2025\/12\/IMG_5592.jpeg","articleSection":["Deportes"],"inLanguage":"es","potentialAction":[{"@type":"CommentAction","name":"Comment","target":["https:\/\/quehacerpolitico.mx\/?p=121005#respond"]}]},{"@type":"WebPage","@id":"https:\/\/quehacerpolitico.mx\/?p=121005","url":"https:\/\/quehacerpolitico.mx\/?p=121005","name":"Se aplaza al jueves la preventa de boletos para el partido M\u00e9xico-Portugal por \u201cactividad inusual\u201d que hizo colapsar la plataforma -","isPartOf":{"@id":"https:\/\/quehacerpolitico.mx\/#website"},"primaryImageOfPage":{"@id":"https:\/\/quehacerpolitico.mx\/?p=121005#primaryimage"},"image":{"@id":"https:\/\/quehacerpolitico.mx\/?p=121005#primaryimage"},"thumbnailUrl":"https:\/\/quehacerpolitico.mx\/wp-content\/uploads\/2025\/12\/IMG_5592.jpeg","datePublished":"2025-12-10T21:18:14+00:00","dateModified":"2025-12-10T21:18:22+00:00","author":{"@id":"https:\/\/quehacerpolitico.mx\/#\/schema\/person\/496d8ad2d1d3f8036101dca7ee39e585"},"breadcrumb":{"@id":"https:\/\/quehacerpolitico.mx\/?p=121005#breadcrumb"},"inLanguage":"es","potentialAction":[{"@type":"ReadAction","target":["https:\/\/quehacerpolitico.mx\/?p=121005"]}]},{"@type":"ImageObject","inLanguage":"es","@id":"https:\/\/quehacerpolitico.mx\/?p=121005#primaryimage","url":"https:\/\/quehacerpolitico.mx\/wp-content\/uploads\/2025\/12\/IMG_5592.jpeg","contentUrl":"https:\/\/quehacerpolitico.mx\/wp-content\/uploads\/2025\/12\/IMG_5592.jpeg","width":1440,"height":810},{"@type":"BreadcrumbList","@id":"https:\/\/quehacerpolitico.mx\/?p=121005#breadcrumb","itemListElement":[{"@type":"ListItem","position":1,"name":"Inicio","item":"https:\/\/quehacerpolitico.mx\/"},{"@type":"ListItem","position":2,"name":"Se aplaza al jueves la preventa de boletos para el partido M\u00e9xico-Portugal por \u201cactividad inusual\u201d que hizo colapsar la plataforma"}]},{"@type":"WebSite","@id":"https:\/\/quehacerpolitico.mx\/#website","url":"https:\/\/quehacerpolitico.mx\/","name":"","description":"","potentialAction":[{"@type":"SearchAction","target":{"@type":"EntryPoint","urlTemplate":"https:\/\/quehacerpolitico.mx\/?s={search_term_string}"},"query-input":{"@type":"PropertyValueSpecification","valueRequired":true,"valueName":"search_term_string"}}],"inLanguage":"es"},{"@type":"Person","@id":"https:\/\/quehacerpolitico.mx\/#\/schema\/person\/496d8ad2d1d3f8036101dca7ee39e585","name":"Redacci\u00f3n QP","image":{"@type":"ImageObject","inLanguage":"es","@id":"https:\/\/secure.gravatar.com\/avatar\/c7164ed6fdec453195284ad24a5ae5b6e1eed2b848477fa2a4787ba9adf39a41?s=96&d=mm&r=g","url":"https:\/\/secure.gravatar.com\/avatar\/c7164ed6fdec453195284ad24a5ae5b6e1eed2b848477fa2a4787ba9adf39a41?s=96&d=mm&r=g","contentUrl":"https:\/\/secure.gravatar.com\/avatar\/c7164ed6fdec453195284ad24a5ae5b6e1eed2b848477fa2a4787ba9adf39a41?s=96&d=mm&r=g","caption":"Redacci\u00f3n QP"},"url":"https:\/\/quehacerpolitico.mx\/?author=2"}]}},"featured_image_urls":{"full":["https:\/\/quehacerpolitico.mx\/wp-content\/uploads\/2025\/12\/IMG_5592.jpeg",1440,810,false],"thumbnail":["https:\/\/quehacerpolitico.mx\/wp-content\/uploads\/2025\/12\/IMG_5592-150x150.jpeg",150,150,true],"medium":["https:\/\/quehacerpolitico.mx\/wp-content\/uploads\/2025\/12\/IMG_5592-300x169.jpeg",300,169,true],"medium_large":["https:\/\/quehacerpolitico.mx\/wp-content\/uploads\/2025\/12\/IMG_5592-768x432.jpeg",640,360,true],"large":["https:\/\/quehacerpolitico.mx\/wp-content\/uploads\/2025\/12\/IMG_5592-1024x576.jpeg",640,360,true],"1536x1536":["https:\/\/quehacerpolitico.mx\/wp-content\/uploads\/2025\/12\/IMG_5592.jpeg",1440,810,false],"2048x2048":["https:\/\/quehacerpolitico.mx\/wp-content\/uploads\/2025\/12\/IMG_5592.jpeg",1440,810,false],"covernews-featured":["https:\/\/quehacerpolitico.mx\/wp-content\/uploads\/2025\/12\/IMG_5592-1024x576.jpeg",1024,576,true],"covernews-medium":["https:\/\/quehacerpolitico.mx\/wp-content\/uploads\/2025\/12\/IMG_5592-540x340.jpeg",540,340,true]},"author_info":{"display_name":"Redacci\u00f3n QP","author_link":"https:\/\/quehacerpolitico.mx\/?author=2"},"category_info":"<a href=\"https:\/\/quehacerpolitico.mx\/?cat=54\" rel=\"category\">Deportes<\/a>","tag_info":"Deportes","comment_count":"0","_links":{"self":[{"href":"https:\/\/quehacerpolitico.mx\/index.php?rest_route=\/wp\/v2\/posts\/121005","targetHints":{"allow":["GET"]}}],"collection":[{"href":"https:\/\/quehacerpolitico.mx\/index.php?rest_route=\/wp\/v2\/posts"}],"about":[{"href":"https:\/\/quehacerpolitico.mx\/index.php?rest_route=\/wp\/v2\/types\/post"}],"author":[{"embeddable":true,"href":"https:\/\/quehacerpolitico.mx\/index.php?rest_route=\/wp\/v2\/users\/2"}],"replies":[{"embeddable":true,"href":"https:\/\/quehacerpolitico.mx\/index.php?rest_route=%2Fwp%2Fv2%2Fcomments&post=121005"}],"version-history":[{"count":1,"href":"https:\/\/quehacerpolitico.mx\/index.php?rest_route=\/wp\/v2\/posts\/121005\/revisions"}],"predecessor-version":[{"id":121007,"href":"https:\/\/quehacerpolitico.mx\/index.php?rest_route=\/wp\/v2\/posts\/121005\/revisions\/121007"}],"wp:featuredmedia":[{"embeddable":true,"href":"https:\/\/quehacerpolitico.mx\/index.php?rest_route=\/wp\/v2\/media\/121006"}],"wp:attachment":[{"href":"https:\/\/quehacerpolitico.mx\/index.php?rest_route=%2Fwp%2Fv2%2Fmedia&parent=121005"}],"wp:term":[{"taxonomy":"category","embeddable":true,"href":"https:\/\/quehacerpolitico.mx\/index.php?rest_route=%2Fwp%2Fv2%2Fcategories&post=121005"},{"taxonomy":"post_tag","embeddable":true,"href":"https:\/\/quehacerpolitico.mx\/index.php?rest_route=%2Fwp%2Fv2%2Ftags&post=121005"}],"curies":[{"name":"wp","href":"https:\/\/api.w.org\/{rel}","templated":true}]}}