{"id":121002,"date":"2025-12-10T14:43:51","date_gmt":"2025-12-10T20:43:51","guid":{"rendered":"https:\/\/quehacerpolitico.mx\/?p=121002"},"modified":"2025-12-10T14:43:55","modified_gmt":"2025-12-10T20:43:55","slug":"robo-al-museo-del-louvre-autoridades-afirman-que-por-30-segundos-se-habria-impedido-la-huida-de-los-ladrones","status":"publish","type":"post","link":"https:\/\/quehacerpolitico.mx\/?p=121002","title":{"rendered":"Robo al Museo del Louvre: autoridades afirman que por 30 segundos se habr\u00eda impedido la huida de los ladrones"},"content":{"rendered":"\n<p>Por Redacci\u00f3n QP<\/p>\n\n\n\n<p>El jefe de Inspecci\u00f3n General de Asuntos Culturales se\u00f1al\u00f3 que si la alerta se hubiera emitido antes o los cristales resistieran al forcejeo, el atraco podr\u00eda haber sido frenado por los agentes de seguridad<\/p>\n\n\n\n<p>Los agentes de seguridad privada del Museo de Louvre o la Polic\u00eda podr\u00edan haber impedido la fuga de los ladrones que asaltaron el museo parisino el 19 de octubre por un lapso&nbsp;<strong>de tan s\u00f3lo unos 30 segundos,&nbsp;<\/strong>seg\u00fan las conclusiones de la investigaci\u00f3n administrativa lanzada a ra\u00edz del suceso.<\/p>\n\n\n\n<p>&#8220;Por cerca de 30 segundos, los agentes de Securitas o los agentes a bordo del coche (de polic\u00eda) podr\u00edan haber impedido la huida de los ladrones&#8221;, indic\u00f3 este mi\u00e9rcoles No\u00ebl Corbin, jefe de la Inspecci\u00f3n General de Asuntos Culturales, al comparecer ante la comisi\u00f3n de Cultura del Senado franc\u00e9s para explicar los&nbsp;<strong>detalles de esa investigaci\u00f3n,<\/strong>&nbsp;que se concluy\u00f3 y present\u00f3 el pasado 5 de noviembre.<\/p>\n\n\n\n<p>Corbin matiz\u00f3 que es m\u00e1s &#8220;f\u00e1cil&#8221; decirlo &#8216;a posteriori&#8217;, pero que\u00a0<strong>esos &#8220;30 preciados segundos&#8221;\u00a0<\/strong>podr\u00edan haberse logrado si se hubiera dado la alerta antes \u2014algo que fue imposible por la inadecuaci\u00f3n de los equipos de seguridad\u2014\u00a0o si los cristales de la galer\u00eda asaltada\u00a0<strong>hubieran resistido un poco m\u00e1s al forcejeo\u00a0<\/strong>de los ladrones.<\/p>\n\n\n\n<p>Este fracaso es debido a un &#8220;encadenamiento de fragilidades&#8221;, dijo Corbin, que afectan al funcionamiento del Louvre desde hace a\u00f1os, tanto por la vetustez de sus instalaciones como por la subestimaci\u00f3n cronificada de los riesgos de robo y la falta de coordinaci\u00f3n.<\/p>\n\n\n\n<p>Respecto a la inadecuaci\u00f3n de los equipos de seguridad, la investigaci\u00f3n apunta, como ya hab\u00edan reconocido la ministra de Cultura, Rachida Dati, y la presidenta del Louvre, Laurence des Cars, en declaraciones previas ante los legisladores franceses, al n\u00famero de&nbsp;<strong>c\u00e1maras exteriores<\/strong>, que considera &#8220;muy insuficiente&#8221;.<\/p>\n\n\n\n<p>En la zona del robo precis\u00f3 que s\u00f3lo una se encontraba en funcionamiento y, pese a su calidad mediocre, permit\u00eda ver los preparativos del asalto.<\/p>\n\n\n\n<p>Sin embargo, el sistema de seguridad del Louvre<strong>&nbsp;no cuenta con un puesto central e<\/strong>n el que se puedan ver en simult\u00e1neo todas las c\u00e1maras de seguridad por falta de pantallas, por lo que las im\u00e1genes de los ladrones iniciando su operaci\u00f3n, que dur\u00f3 solo entre siete&nbsp;y ocho minutos, no fueron vistas en directo.<\/p>\n\n\n\n<p>A eso se sum\u00f3 una &#8220;insuficiencia de los dispositivos mec\u00e1nicos&#8221; de seguridad, ya que el tiempo de resistencia de la ventana del sector afectado la Galer\u00eda de Apolo&nbsp;fue &#8220;extremadamente d\u00e9bil&#8221;, seg\u00fan Corbin.&nbsp;<\/p>\n\n\n\n<p>Tampoco hubo&nbsp;<strong>una buena &#8220;coordinaci\u00f3n de la alerta&#8221;<\/strong>&nbsp;y la polic\u00eda no recibi\u00f3 instrucciones suficientemente detalladas sobre el rumbo que hab\u00edan tomado los ladrones, por lo que los agentes se dirigieron inicialmente hacia la direcci\u00f3n contraria, a la zona del arco de triunfo del Carrusel.&nbsp;<\/p>\n\n\n\n<p>La r\u00e1pida intervenci\u00f3n de los agentes de seguridad del museo y de la polic\u00eda s\u00ed impidi\u00f3, sin embargo, que los ladrones pudieran&nbsp;<strong>quemar las pistas de su huida,<\/strong>tal y como hab\u00edan planeado.&nbsp;<\/p>\n\n\n\n<p>Es algo que ha sido clave para la detenci\u00f3n, en las semanas posteriores, de los cuatro presuntos autores materiales del robo, adem\u00e1s de algunos de sus supuestos c\u00f3mplices, si bien el bot\u00edn, ocho joyas de la Corona francesa, de un valor patrimonial incalculable, no ha sido recuperado.&nbsp;<\/p>\n\n\n\n<h2 class=\"wp-block-heading\">Auditor\u00edas de seguridad desaparecidas<\/h2>\n\n\n\n<p>La investigaci\u00f3n tambi\u00e9n da cuenta de un fuerte retraso en la implementaci\u00f3n de un nuevo plan general de seguridad para el que es el museo m\u00e1s visitado del mundo (con casi 9 millones de visitantes anuales), ya que se inici\u00f3 tras una auditor\u00eda en 2017, pero en 2021, tras el cambio de presidencia del Louvre, la estrategia dise\u00f1ada fue juzgada poco ambiciosa y<strong>&nbsp;tuvo que ser ampliamente revisada.<\/strong><\/p>\n\n\n\n<p>La falta de ese plan, sin embargo, no exim\u00eda de hacer mejoras de seguridad, pero a partir de 2022 y, sobre todo, en 2023 y 2024, se redujeron mucho las inversiones en esta materia, seg\u00fan la investigaci\u00f3n.&nbsp;<\/p>\n\n\n\n<p>Otro problema resaltado durante la audici\u00f3n en el Senado fue la&nbsp;<strong>disfuncional transmisi\u00f3n de documentos<\/strong>&nbsp;clave de la instituci\u00f3n a nivel interno, concretamente en el traspaso de funciones en 2021 entre el precedente equipo directivo, liderado por Jean-Luc Martinez, y el actual, con Des Cars a la cabeza.&nbsp;<\/p>\n\n\n\n<p>En concreto, la falta de un sistema adecuado de archivo impidi\u00f3 que llegaran&nbsp;hasta los responsables actuales importantes informes de seguridad, como&nbsp;<strong>una auditor\u00eda realizada en 2019<\/strong>por la firma de joyer\u00eda Van&nbsp;Cleef &amp;&nbsp;Arpels que identificaba con gran precisi\u00f3n el riesgo que implicaba el balc\u00f3n que da al r\u00edo Sena utilizado como v\u00eda de entrada en el robo.&nbsp;<\/p>\n\n\n\n<p>Los responsables de la investigaci\u00f3n administrativa se han mostrado extremadamente sorprendidos por el mal funcionamiento del museo, pero subrayaron que no ha habido &#8220;mala fe&#8221; por ninguna de las partes sino m\u00e1s bien una cadena de disfunciones que progresivamente llevaron a una situaci\u00f3n de cat\u00e1strofe.<\/p>\n\n\n\n<p>Con informaci\u00f3n de EFE<\/p>\n","protected":false},"excerpt":{"rendered":"<p>Por Redacci\u00f3n QP El jefe de Inspecci\u00f3n General de Asuntos Culturales se\u00f1al\u00f3 que si la&#8230;<\/p>\n","protected":false},"author":2,"featured_media":121003,"comment_status":"open","ping_status":"open","sticky":false,"template":"","format":"standard","meta":{"_monsterinsights_skip_tracking":false,"_monsterinsights_sitenote_active":false,"_monsterinsights_sitenote_note":"","_monsterinsights_sitenote_category":0,"footnotes":""},"categories":[58],"tags":[],"class_list":["post-121002","post","type-post","status-publish","format-standard","has-post-thumbnail","hentry","category-cultura"],"yoast_head":"<!-- This site is optimized with the Yoast SEO plugin v27.3 - https:\/\/yoast.com\/product\/yoast-seo-wordpress\/ -->\n<title>Robo al Museo del Louvre: autoridades afirman que por 30 segundos se habr\u00eda impedido la huida de los ladrones -<\/title>\n<meta name=\"robots\" content=\"index, follow, max-snippet:-1, max-image-preview:large, max-video-preview:-1\" \/>\n<link rel=\"canonical\" href=\"https:\/\/quehacerpolitico.mx\/?p=121002\" \/>\n<meta property=\"og:locale\" content=\"es_MX\" \/>\n<meta property=\"og:type\" content=\"article\" \/>\n<meta property=\"og:title\" content=\"Robo al Museo del Louvre: autoridades afirman que por 30 segundos se habr\u00eda impedido la huida de los ladrones -\" \/>\n<meta property=\"og:description\" content=\"Por Redacci\u00f3n QP El jefe de Inspecci\u00f3n General de Asuntos Culturales se\u00f1al\u00f3 que si la...\" \/>\n<meta property=\"og:url\" content=\"https:\/\/quehacerpolitico.mx\/?p=121002\" \/>\n<meta property=\"article:published_time\" content=\"2025-12-10T20:43:51+00:00\" \/>\n<meta property=\"article:modified_time\" content=\"2025-12-10T20:43:55+00:00\" \/>\n<meta property=\"og:image\" content=\"http:\/\/quehacerpolitico.mx\/wp-content\/uploads\/2025\/12\/IMG_5589.jpeg\" \/>\n\t<meta property=\"og:image:width\" content=\"1500\" \/>\n\t<meta property=\"og:image:height\" content=\"1000\" \/>\n\t<meta property=\"og:image:type\" content=\"image\/jpeg\" \/>\n<meta name=\"author\" content=\"Redacci\u00f3n QP\" \/>\n<meta name=\"twitter:card\" content=\"summary_large_image\" \/>\n<meta name=\"twitter:label1\" content=\"Escrito por\" \/>\n\t<meta name=\"twitter:data1\" content=\"Redacci\u00f3n QP\" \/>\n\t<meta name=\"twitter:label2\" content=\"Tiempo de lectura\" \/>\n\t<meta name=\"twitter:data2\" content=\"4 minutos\" \/>\n<script type=\"application\/ld+json\" class=\"yoast-schema-graph\">{\"@context\":\"https:\\\/\\\/schema.org\",\"@graph\":[{\"@type\":\"Article\",\"@id\":\"https:\\\/\\\/quehacerpolitico.mx\\\/?p=121002#article\",\"isPartOf\":{\"@id\":\"https:\\\/\\\/quehacerpolitico.mx\\\/?p=121002\"},\"author\":{\"name\":\"Redacci\u00f3n QP\",\"@id\":\"https:\\\/\\\/quehacerpolitico.mx\\\/#\\\/schema\\\/person\\\/496d8ad2d1d3f8036101dca7ee39e585\"},\"headline\":\"Robo al Museo del Louvre: autoridades afirman que por 30 segundos se habr\u00eda impedido la huida de los ladrones\",\"datePublished\":\"2025-12-10T20:43:51+00:00\",\"dateModified\":\"2025-12-10T20:43:55+00:00\",\"mainEntityOfPage\":{\"@id\":\"https:\\\/\\\/quehacerpolitico.mx\\\/?p=121002\"},\"wordCount\":909,\"commentCount\":0,\"image\":{\"@id\":\"https:\\\/\\\/quehacerpolitico.mx\\\/?p=121002#primaryimage\"},\"thumbnailUrl\":\"https:\\\/\\\/quehacerpolitico.mx\\\/wp-content\\\/uploads\\\/2025\\\/12\\\/IMG_5589.jpeg\",\"articleSection\":[\"Cultura y Entretenimiento\"],\"inLanguage\":\"es\",\"potentialAction\":[{\"@type\":\"CommentAction\",\"name\":\"Comment\",\"target\":[\"https:\\\/\\\/quehacerpolitico.mx\\\/?p=121002#respond\"]}]},{\"@type\":\"WebPage\",\"@id\":\"https:\\\/\\\/quehacerpolitico.mx\\\/?p=121002\",\"url\":\"https:\\\/\\\/quehacerpolitico.mx\\\/?p=121002\",\"name\":\"Robo al Museo del Louvre: autoridades afirman que por 30 segundos se habr\u00eda impedido la huida de los ladrones -\",\"isPartOf\":{\"@id\":\"https:\\\/\\\/quehacerpolitico.mx\\\/#website\"},\"primaryImageOfPage\":{\"@id\":\"https:\\\/\\\/quehacerpolitico.mx\\\/?p=121002#primaryimage\"},\"image\":{\"@id\":\"https:\\\/\\\/quehacerpolitico.mx\\\/?p=121002#primaryimage\"},\"thumbnailUrl\":\"https:\\\/\\\/quehacerpolitico.mx\\\/wp-content\\\/uploads\\\/2025\\\/12\\\/IMG_5589.jpeg\",\"datePublished\":\"2025-12-10T20:43:51+00:00\",\"dateModified\":\"2025-12-10T20:43:55+00:00\",\"author\":{\"@id\":\"https:\\\/\\\/quehacerpolitico.mx\\\/#\\\/schema\\\/person\\\/496d8ad2d1d3f8036101dca7ee39e585\"},\"breadcrumb\":{\"@id\":\"https:\\\/\\\/quehacerpolitico.mx\\\/?p=121002#breadcrumb\"},\"inLanguage\":\"es\",\"potentialAction\":[{\"@type\":\"ReadAction\",\"target\":[\"https:\\\/\\\/quehacerpolitico.mx\\\/?p=121002\"]}]},{\"@type\":\"ImageObject\",\"inLanguage\":\"es\",\"@id\":\"https:\\\/\\\/quehacerpolitico.mx\\\/?p=121002#primaryimage\",\"url\":\"https:\\\/\\\/quehacerpolitico.mx\\\/wp-content\\\/uploads\\\/2025\\\/12\\\/IMG_5589.jpeg\",\"contentUrl\":\"https:\\\/\\\/quehacerpolitico.mx\\\/wp-content\\\/uploads\\\/2025\\\/12\\\/IMG_5589.jpeg\",\"width\":1500,\"height\":1000},{\"@type\":\"BreadcrumbList\",\"@id\":\"https:\\\/\\\/quehacerpolitico.mx\\\/?p=121002#breadcrumb\",\"itemListElement\":[{\"@type\":\"ListItem\",\"position\":1,\"name\":\"Inicio\",\"item\":\"https:\\\/\\\/quehacerpolitico.mx\\\/\"},{\"@type\":\"ListItem\",\"position\":2,\"name\":\"Robo al Museo del Louvre: autoridades afirman que por 30 segundos se habr\u00eda impedido la huida de los ladrones\"}]},{\"@type\":\"WebSite\",\"@id\":\"https:\\\/\\\/quehacerpolitico.mx\\\/#website\",\"url\":\"https:\\\/\\\/quehacerpolitico.mx\\\/\",\"name\":\"\",\"description\":\"\",\"potentialAction\":[{\"@type\":\"SearchAction\",\"target\":{\"@type\":\"EntryPoint\",\"urlTemplate\":\"https:\\\/\\\/quehacerpolitico.mx\\\/?s={search_term_string}\"},\"query-input\":{\"@type\":\"PropertyValueSpecification\",\"valueRequired\":true,\"valueName\":\"search_term_string\"}}],\"inLanguage\":\"es\"},{\"@type\":\"Person\",\"@id\":\"https:\\\/\\\/quehacerpolitico.mx\\\/#\\\/schema\\\/person\\\/496d8ad2d1d3f8036101dca7ee39e585\",\"name\":\"Redacci\u00f3n QP\",\"image\":{\"@type\":\"ImageObject\",\"inLanguage\":\"es\",\"@id\":\"https:\\\/\\\/secure.gravatar.com\\\/avatar\\\/c7164ed6fdec453195284ad24a5ae5b6e1eed2b848477fa2a4787ba9adf39a41?s=96&d=mm&r=g\",\"url\":\"https:\\\/\\\/secure.gravatar.com\\\/avatar\\\/c7164ed6fdec453195284ad24a5ae5b6e1eed2b848477fa2a4787ba9adf39a41?s=96&d=mm&r=g\",\"contentUrl\":\"https:\\\/\\\/secure.gravatar.com\\\/avatar\\\/c7164ed6fdec453195284ad24a5ae5b6e1eed2b848477fa2a4787ba9adf39a41?s=96&d=mm&r=g\",\"caption\":\"Redacci\u00f3n QP\"},\"url\":\"https:\\\/\\\/quehacerpolitico.mx\\\/?author=2\"}]}<\/script>\n<!-- \/ Yoast SEO plugin. -->","yoast_head_json":{"title":"Robo al Museo del Louvre: autoridades afirman que por 30 segundos se habr\u00eda impedido la huida de los ladrones -","robots":{"index":"index","follow":"follow","max-snippet":"max-snippet:-1","max-image-preview":"max-image-preview:large","max-video-preview":"max-video-preview:-1"},"canonical":"https:\/\/quehacerpolitico.mx\/?p=121002","og_locale":"es_MX","og_type":"article","og_title":"Robo al Museo del Louvre: autoridades afirman que por 30 segundos se habr\u00eda impedido la huida de los ladrones -","og_description":"Por Redacci\u00f3n QP El jefe de Inspecci\u00f3n General de Asuntos Culturales se\u00f1al\u00f3 que si la...","og_url":"https:\/\/quehacerpolitico.mx\/?p=121002","article_published_time":"2025-12-10T20:43:51+00:00","article_modified_time":"2025-12-10T20:43:55+00:00","og_image":[{"width":1500,"height":1000,"url":"http:\/\/quehacerpolitico.mx\/wp-content\/uploads\/2025\/12\/IMG_5589.jpeg","type":"image\/jpeg"}],"author":"Redacci\u00f3n QP","twitter_card":"summary_large_image","twitter_misc":{"Escrito por":"Redacci\u00f3n QP","Tiempo de lectura":"4 minutos"},"schema":{"@context":"https:\/\/schema.org","@graph":[{"@type":"Article","@id":"https:\/\/quehacerpolitico.mx\/?p=121002#article","isPartOf":{"@id":"https:\/\/quehacerpolitico.mx\/?p=121002"},"author":{"name":"Redacci\u00f3n QP","@id":"https:\/\/quehacerpolitico.mx\/#\/schema\/person\/496d8ad2d1d3f8036101dca7ee39e585"},"headline":"Robo al Museo del Louvre: autoridades afirman que por 30 segundos se habr\u00eda impedido la huida de los ladrones","datePublished":"2025-12-10T20:43:51+00:00","dateModified":"2025-12-10T20:43:55+00:00","mainEntityOfPage":{"@id":"https:\/\/quehacerpolitico.mx\/?p=121002"},"wordCount":909,"commentCount":0,"image":{"@id":"https:\/\/quehacerpolitico.mx\/?p=121002#primaryimage"},"thumbnailUrl":"https:\/\/quehacerpolitico.mx\/wp-content\/uploads\/2025\/12\/IMG_5589.jpeg","articleSection":["Cultura y Entretenimiento"],"inLanguage":"es","potentialAction":[{"@type":"CommentAction","name":"Comment","target":["https:\/\/quehacerpolitico.mx\/?p=121002#respond"]}]},{"@type":"WebPage","@id":"https:\/\/quehacerpolitico.mx\/?p=121002","url":"https:\/\/quehacerpolitico.mx\/?p=121002","name":"Robo al Museo del Louvre: autoridades afirman que por 30 segundos se habr\u00eda impedido la huida de los ladrones -","isPartOf":{"@id":"https:\/\/quehacerpolitico.mx\/#website"},"primaryImageOfPage":{"@id":"https:\/\/quehacerpolitico.mx\/?p=121002#primaryimage"},"image":{"@id":"https:\/\/quehacerpolitico.mx\/?p=121002#primaryimage"},"thumbnailUrl":"https:\/\/quehacerpolitico.mx\/wp-content\/uploads\/2025\/12\/IMG_5589.jpeg","datePublished":"2025-12-10T20:43:51+00:00","dateModified":"2025-12-10T20:43:55+00:00","author":{"@id":"https:\/\/quehacerpolitico.mx\/#\/schema\/person\/496d8ad2d1d3f8036101dca7ee39e585"},"breadcrumb":{"@id":"https:\/\/quehacerpolitico.mx\/?p=121002#breadcrumb"},"inLanguage":"es","potentialAction":[{"@type":"ReadAction","target":["https:\/\/quehacerpolitico.mx\/?p=121002"]}]},{"@type":"ImageObject","inLanguage":"es","@id":"https:\/\/quehacerpolitico.mx\/?p=121002#primaryimage","url":"https:\/\/quehacerpolitico.mx\/wp-content\/uploads\/2025\/12\/IMG_5589.jpeg","contentUrl":"https:\/\/quehacerpolitico.mx\/wp-content\/uploads\/2025\/12\/IMG_5589.jpeg","width":1500,"height":1000},{"@type":"BreadcrumbList","@id":"https:\/\/quehacerpolitico.mx\/?p=121002#breadcrumb","itemListElement":[{"@type":"ListItem","position":1,"name":"Inicio","item":"https:\/\/quehacerpolitico.mx\/"},{"@type":"ListItem","position":2,"name":"Robo al Museo del Louvre: autoridades afirman que por 30 segundos se habr\u00eda impedido la huida de los ladrones"}]},{"@type":"WebSite","@id":"https:\/\/quehacerpolitico.mx\/#website","url":"https:\/\/quehacerpolitico.mx\/","name":"","description":"","potentialAction":[{"@type":"SearchAction","target":{"@type":"EntryPoint","urlTemplate":"https:\/\/quehacerpolitico.mx\/?s={search_term_string}"},"query-input":{"@type":"PropertyValueSpecification","valueRequired":true,"valueName":"search_term_string"}}],"inLanguage":"es"},{"@type":"Person","@id":"https:\/\/quehacerpolitico.mx\/#\/schema\/person\/496d8ad2d1d3f8036101dca7ee39e585","name":"Redacci\u00f3n QP","image":{"@type":"ImageObject","inLanguage":"es","@id":"https:\/\/secure.gravatar.com\/avatar\/c7164ed6fdec453195284ad24a5ae5b6e1eed2b848477fa2a4787ba9adf39a41?s=96&d=mm&r=g","url":"https:\/\/secure.gravatar.com\/avatar\/c7164ed6fdec453195284ad24a5ae5b6e1eed2b848477fa2a4787ba9adf39a41?s=96&d=mm&r=g","contentUrl":"https:\/\/secure.gravatar.com\/avatar\/c7164ed6fdec453195284ad24a5ae5b6e1eed2b848477fa2a4787ba9adf39a41?s=96&d=mm&r=g","caption":"Redacci\u00f3n QP"},"url":"https:\/\/quehacerpolitico.mx\/?author=2"}]}},"featured_image_urls":{"full":["https:\/\/quehacerpolitico.mx\/wp-content\/uploads\/2025\/12\/IMG_5589.jpeg",1500,1000,false],"thumbnail":["https:\/\/quehacerpolitico.mx\/wp-content\/uploads\/2025\/12\/IMG_5589-150x150.jpeg",150,150,true],"medium":["https:\/\/quehacerpolitico.mx\/wp-content\/uploads\/2025\/12\/IMG_5589-300x200.jpeg",300,200,true],"medium_large":["https:\/\/quehacerpolitico.mx\/wp-content\/uploads\/2025\/12\/IMG_5589-768x512.jpeg",640,427,true],"large":["https:\/\/quehacerpolitico.mx\/wp-content\/uploads\/2025\/12\/IMG_5589-1024x683.jpeg",640,427,true],"1536x1536":["https:\/\/quehacerpolitico.mx\/wp-content\/uploads\/2025\/12\/IMG_5589.jpeg",1500,1000,false],"2048x2048":["https:\/\/quehacerpolitico.mx\/wp-content\/uploads\/2025\/12\/IMG_5589.jpeg",1500,1000,false],"covernews-featured":["https:\/\/quehacerpolitico.mx\/wp-content\/uploads\/2025\/12\/IMG_5589-1024x683.jpeg",1024,683,true],"covernews-medium":["https:\/\/quehacerpolitico.mx\/wp-content\/uploads\/2025\/12\/IMG_5589-540x340.jpeg",540,340,true]},"author_info":{"display_name":"Redacci\u00f3n QP","author_link":"https:\/\/quehacerpolitico.mx\/?author=2"},"category_info":"<a href=\"https:\/\/quehacerpolitico.mx\/?cat=58\" rel=\"category\">Cultura y Entretenimiento<\/a>","tag_info":"Cultura y Entretenimiento","comment_count":"0","_links":{"self":[{"href":"https:\/\/quehacerpolitico.mx\/index.php?rest_route=\/wp\/v2\/posts\/121002","targetHints":{"allow":["GET"]}}],"collection":[{"href":"https:\/\/quehacerpolitico.mx\/index.php?rest_route=\/wp\/v2\/posts"}],"about":[{"href":"https:\/\/quehacerpolitico.mx\/index.php?rest_route=\/wp\/v2\/types\/post"}],"author":[{"embeddable":true,"href":"https:\/\/quehacerpolitico.mx\/index.php?rest_route=\/wp\/v2\/users\/2"}],"replies":[{"embeddable":true,"href":"https:\/\/quehacerpolitico.mx\/index.php?rest_route=%2Fwp%2Fv2%2Fcomments&post=121002"}],"version-history":[{"count":1,"href":"https:\/\/quehacerpolitico.mx\/index.php?rest_route=\/wp\/v2\/posts\/121002\/revisions"}],"predecessor-version":[{"id":121004,"href":"https:\/\/quehacerpolitico.mx\/index.php?rest_route=\/wp\/v2\/posts\/121002\/revisions\/121004"}],"wp:featuredmedia":[{"embeddable":true,"href":"https:\/\/quehacerpolitico.mx\/index.php?rest_route=\/wp\/v2\/media\/121003"}],"wp:attachment":[{"href":"https:\/\/quehacerpolitico.mx\/index.php?rest_route=%2Fwp%2Fv2%2Fmedia&parent=121002"}],"wp:term":[{"taxonomy":"category","embeddable":true,"href":"https:\/\/quehacerpolitico.mx\/index.php?rest_route=%2Fwp%2Fv2%2Fcategories&post=121002"},{"taxonomy":"post_tag","embeddable":true,"href":"https:\/\/quehacerpolitico.mx\/index.php?rest_route=%2Fwp%2Fv2%2Ftags&post=121002"}],"curies":[{"name":"wp","href":"https:\/\/api.w.org\/{rel}","templated":true}]}}