{"id":120999,"date":"2025-12-10T14:19:37","date_gmt":"2025-12-10T20:19:37","guid":{"rendered":"https:\/\/quehacerpolitico.mx\/?p=120999"},"modified":"2025-12-10T14:19:40","modified_gmt":"2025-12-10T20:19:40","slug":"ciencia-y-literatura-ofrecen-esperanza-contra-polarizacion-y-conflicto-fundacion-de-los-premios-nobel","status":"publish","type":"post","link":"https:\/\/quehacerpolitico.mx\/?p=120999","title":{"rendered":"&#8220;Ciencia y literatura ofrecen esperanza contra polarizaci\u00f3n y conflicto&#8221;: Fundaci\u00f3n de los Premios Nobel"},"content":{"rendered":"\n<p>Por Redacci\u00f3n QP<\/p>\n\n\n\n<p>Astrid S\u00f6derbergh, presidenta de la organizaci\u00f3n que concede el reconocimiento, destac\u00f3 que el trabajo de los galardonados de 2025 apela a nuestra responsabilidad para abordar retos globales con conocimiento, integridad y creatividad<\/p>\n\n\n\n<p>La ciencia y la literatura&nbsp;<strong>pueden ser un ant\u00eddoto<\/strong>&nbsp;para superar &#8220;estos tiempos oscuros, de divisi\u00f3n, polarizaci\u00f3n y conflicto&#8221; que atraviesa el mundo, dijo este mi\u00e9rcoles la presidenta de la Fundaci\u00f3n Nobel, Astrid S\u00f6derbergh, en la entrega de los premios creados por Alfred Nobel en Estocolmo, Suecia.<\/p>\n\n\n\n<p>&#8220;En un contexto mundial sombr\u00edo, de acontecimientos r\u00e1pidos, impredecibles y confusos, los galardonados de 2025 nos ofrecen la esperanza de que a trav\u00e9s del conocimiento, de la integridad y de la creatividad&nbsp;<strong>es posible abordar los retos globales&nbsp;<\/strong>a los que nos enfrentamos&#8221;, a\u00f1adi\u00f3 S\u00f6derbergh, en el discurso inaugural de la ceremonia.<\/p>\n\n\n\n<p>Los galardonados,\u00a0<strong>12 hombres y una mujer<\/strong>, recibieron de manos de Carlos Gustavo,\u00a0rey de Suecia, la ic\u00f3nica medalla y el diploma en la centenaria Sala de Conciertos de Estocolmo (Konserthuset), en la que tambi\u00e9n estaban presentes la reina Silvia, la princesa heredera Victoria y su esposo, el pr\u00edncipe Daniel.<\/p>\n\n\n\n<p>El trabajo de los premiados,\u00a0<a href=\"https:\/\/www.nobelprize.org\/ceremonies\/opening-address-2025\/\" target=\"_blank\" rel=\"noreferrer noopener\">continu\u00f3 S\u00f6derbergh<\/a>, &#8220;apela a nuestra responsabilidad, a que no debemos ser meros espectadores pasivos, sino contribuyentes activos a la defensa de la ciencia, de la literatura y de la paz para transformar el mundo en un lugar mejor&#8221;.<\/p>\n\n\n\n<p>Al recibir el galard\u00f3n los premiados hicieron tres saludos: uno al monarca, otro a los miembros de las academias que seleccionan a los ganadores y un tercero al p\u00fablico. A diferencia de los actos celebrados en d\u00edas previos,&nbsp;<strong>los homenajeados no intervinieron<\/strong>. Sus logros fueron ensalzados por portavoces de las instituciones que les han elegido.<\/p>\n\n\n\n<h2 class=\"wp-block-heading\">El poder transformador de la ciencia y la literatura &nbsp;<\/h2>\n\n\n\n<p>La labor de los 13 galardonados en la ceremonia de Estocolmo (el Nobel de la Paz se entreg\u00f3 en Oslo, Noruega,&nbsp;al mediod\u00eda) comparte un hilo conductor: la ciencia y las artes&nbsp;<strong>hechas a fuego lento<\/strong>.&nbsp;<\/p>\n\n\n\n<p>En el caso de la investigaci\u00f3n, se premian experimentos de ciencia b\u00e1sica realizados hace d\u00e9cadas que requirieron de grandes dosis de paciencia, rigor y colaboraci\u00f3n internacional. Hoy constituyen las bases que sostienen&nbsp;grandes avances de la humanidad en medicina y tecnolog\u00eda.<\/p>\n\n\n\n<p>Olle K\u00e4mpe, presidente del Comit\u00e9 Nobel de Medicina del Instituto Karolinska, fue especialmente efusivo al destacar&nbsp;<strong>los logros de los premiados en esta categor\u00eda<\/strong>, la \u00fanica en la que se galardon\u00f3 a una mujer: la bi\u00f3loga molecular estadounidense Mary Brunkow, que comparte reconocimiento con Fred Ramsdell y Shimon Sakaguchi.&nbsp;<\/p>\n\n\n\n<p>&#8220;Sus descubrimientos revelan uno de los mecanismos de equilibrio m\u00e1s elegantes de la naturaleza: c\u00f3mo se regula el sistema inmunitario para no atacarse a s\u00ed mismo en su misi\u00f3n de protegernos. Su trabajo&nbsp;<strong>ha abierto la puerta a la inmunoterapia<\/strong>&nbsp;contra el c\u00e1ncer y al \u00e9xito de los trasplantes&#8221;, glos\u00f3.&nbsp;<\/p>\n\n\n\n<p>&#8220;Para evitar el fuego amigo, ciertas c\u00e9lulas inmunitarias se someten a una rigurosa formaci\u00f3n en un \u00f3rgano llamado timo, que tenemos en el pecho. Este \u00f3rgano es tambi\u00e9n un manjar culinario, por lo que hay una peque\u00f1a posibilidad de que aparezca en el men\u00fa del banquete\u201d, brome\u00f3 K\u00e4mpe.&nbsp;<\/p>\n\n\n\n<figure class=\"wp-block-image\"><img decoding=\"async\" src=\"https:\/\/latinus.us\/u\/fotografias\/m\/2025\/12\/10\/f768x400-132724_176627_4732.jpg\" alt=\"Los 13 galardonados con el Premio Nobel 2025 en ciencias y literatura\"\/><figcaption class=\"wp-element-caption\">Los 13 galardonados con el Premio Nobel 2025 en ciencias y literatura el 6 de diciembre, cuando acudieron a la ceremonia de firma de sillas. Cr\u00e9dito: EFE<\/figcaption><\/figure>\n\n\n\n<p>G\u00f6ran Johansson, miembro del Comit\u00e9 Nobel de F\u00edsica en la Academia Sueca de Ciencias, resalt\u00f3 la descripci\u00f3n de dos propiedades de la mec\u00e1nica cu\u00e1ntica por parte de los galardonados en esta categor\u00eda: John Clarke, Michel Devoret y John Martinis, en 1985.&nbsp;<\/p>\n\n\n\n<p>Tres d\u00e9cadas despu\u00e9s, la computaci\u00f3n&nbsp;cu\u00e1ntica&nbsp;est\u00e1 llamada&nbsp;a convertirse, en cualquier momento, en&nbsp;<strong>la revoluci\u00f3n cient\u00edfica de nuestra era<\/strong>gracias a aquel descubrimiento.&nbsp;<\/p>\n\n\n\n<p>Por su parte, Olof Ramstr\u00f6m, miembro del Comit\u00e9 Nobel de Qu\u00edmica en la Academia Sueca, destac\u00f3 el trabajo de Susumu Kitagawa, Richard Robson y Omar Yaghi, cuyos descubrimientos han llevado al desarrollo de estructuras metal-org\u00e1nicas.&nbsp;<\/p>\n\n\n\n<p>&#8220;Un&nbsp;<strong>logro grandioso<\/strong>&nbsp;para poder contar con nuevos materiales porosos para capturar di\u00f3xido de carbono, almacenar hidr\u00f3geno o crear f\u00e1rmacos\u201d, remarc\u00f3 Ramstr\u00f6m.&nbsp;<\/p>\n\n\n\n<p>Los galardonados con el Nobel de Econom\u00eda este a\u00f1o &#8220;demuestran que el crecimiento de los dos \u00faltimos siglos proviene de un&nbsp;<strong>flujo constante de mejoras tecnol\u00f3gicas<\/strong>&#8220;, se\u00f1al\u00f3 John Hassler, presidente del Comit\u00e9 del Premio de Ciencias Econ\u00f3micas, sobre los premiados: Joel Mokyr, Philippe Aghion y Peter Howitt.&nbsp;<\/p>\n\n\n\n<p>&#8220;A pesar de la turbulencia, la destrucci\u00f3n creativa da lugar a un&nbsp;<strong>crecimiento constante<\/strong>, del que pueden extraerse lecciones importantes para la sociedad&#8221;, a\u00f1adi\u00f3.&nbsp;<\/p>\n\n\n\n<p>&#8220;La grandeza de L\u00e1szl\u00f3 Krasznahorkai como escritor reside en&nbsp;<strong>su fe inquebrantable en el poder de la literatura<\/strong>&nbsp;en un mundo en decadencia&#8221;, indic\u00f3 Anders Olsson, presidente del Comit\u00e9 Nobel de Literatura de la Academia Sueca.&nbsp;<\/p>\n\n\n\n<p>Krasznahorkai nos dice tambi\u00e9n que &#8220;no toda la esperanza est\u00e1 perdida en este mundo oscuro, solo que no sabemos c\u00f3mo ni cu\u00e1ndo surgir\u00e1. Quiz\u00e1s de un orden oculto en este desorden de guerras que desgarran nuestro pobre mundo&#8221;, concluy\u00f3.&nbsp;<\/p>\n\n\n\n<p>Cada Premio Nobel est\u00e1 dotado de 11 millones de coronas suecas (algo m\u00e1s de un mill\u00f3n de d\u00f3lares), a repartir si es compartido.&nbsp;&nbsp;<\/p>\n\n\n\n<p>La soprano Maria Bengtsson puso m\u00fasica a la ceremonia acompa\u00f1ada de la Real Orquesta Filarm\u00f3nica de Estocolmo. Los arreglos florales fueron dise\u00f1ados por Helen Magnusson con flores cedidas por la ciudad italiana de San Remo, donde muri\u00f3 Alfred Nobel un 10 de diciembre de 1896.&nbsp;<\/p>\n\n\n\n<p>Al banquete en honor a los premiados, que se realiza en el Sal\u00f3n Azul del Ayuntamiento de Estocolmo, est\u00e1 previsto que asistan mil 300 invitados. Los chefs Tommy Myllym\u00e4ki y Pi Le, y la repostera Frida B\u00e4cke dise\u00f1aron un men\u00fa que tendr\u00e1 como protagonistas dos ingredientes muy n\u00f3rdicos: las setas y las bayas salvajes.<\/p>\n\n\n\n<p>Con informaci\u00f3n de EFE<\/p>\n","protected":false},"excerpt":{"rendered":"<p>Por Redacci\u00f3n QP Astrid S\u00f6derbergh, presidenta de la organizaci\u00f3n que concede el reconocimiento, destac\u00f3 que&#8230;<\/p>\n","protected":false},"author":2,"featured_media":121000,"comment_status":"open","ping_status":"open","sticky":false,"template":"","format":"standard","meta":{"_monsterinsights_skip_tracking":false,"_monsterinsights_sitenote_active":false,"_monsterinsights_sitenote_note":"","_monsterinsights_sitenote_category":0,"footnotes":""},"categories":[58],"tags":[],"class_list":["post-120999","post","type-post","status-publish","format-standard","has-post-thumbnail","hentry","category-cultura"],"yoast_head":"<!-- This site is optimized with the Yoast SEO plugin v27.3 - https:\/\/yoast.com\/product\/yoast-seo-wordpress\/ -->\n<title>&quot;Ciencia y literatura ofrecen esperanza contra polarizaci\u00f3n y conflicto&quot;: Fundaci\u00f3n de los Premios Nobel -<\/title>\n<meta name=\"robots\" content=\"index, follow, max-snippet:-1, max-image-preview:large, max-video-preview:-1\" \/>\n<link rel=\"canonical\" href=\"https:\/\/quehacerpolitico.mx\/?p=120999\" \/>\n<meta property=\"og:locale\" content=\"es_MX\" \/>\n<meta property=\"og:type\" content=\"article\" \/>\n<meta property=\"og:title\" content=\"&quot;Ciencia y literatura ofrecen esperanza contra polarizaci\u00f3n y conflicto&quot;: Fundaci\u00f3n de los Premios Nobel -\" \/>\n<meta property=\"og:description\" content=\"Por Redacci\u00f3n QP Astrid S\u00f6derbergh, presidenta de la organizaci\u00f3n que concede el reconocimiento, destac\u00f3 que...\" \/>\n<meta property=\"og:url\" content=\"https:\/\/quehacerpolitico.mx\/?p=120999\" \/>\n<meta property=\"article:published_time\" content=\"2025-12-10T20:19:37+00:00\" \/>\n<meta property=\"article:modified_time\" content=\"2025-12-10T20:19:40+00:00\" \/>\n<meta property=\"og:image\" content=\"http:\/\/quehacerpolitico.mx\/wp-content\/uploads\/2025\/12\/IMG_5587.jpeg\" \/>\n\t<meta property=\"og:image:width\" content=\"425\" \/>\n\t<meta property=\"og:image:height\" content=\"230\" \/>\n\t<meta property=\"og:image:type\" content=\"image\/jpeg\" \/>\n<meta name=\"author\" content=\"Redacci\u00f3n QP\" \/>\n<meta name=\"twitter:card\" content=\"summary_large_image\" \/>\n<meta name=\"twitter:label1\" content=\"Escrito por\" \/>\n\t<meta name=\"twitter:data1\" content=\"Redacci\u00f3n QP\" \/>\n\t<meta name=\"twitter:label2\" content=\"Tiempo de lectura\" \/>\n\t<meta name=\"twitter:data2\" content=\"5 minutos\" \/>\n<script type=\"application\/ld+json\" class=\"yoast-schema-graph\">{\"@context\":\"https:\\\/\\\/schema.org\",\"@graph\":[{\"@type\":\"Article\",\"@id\":\"https:\\\/\\\/quehacerpolitico.mx\\\/?p=120999#article\",\"isPartOf\":{\"@id\":\"https:\\\/\\\/quehacerpolitico.mx\\\/?p=120999\"},\"author\":{\"name\":\"Redacci\u00f3n QP\",\"@id\":\"https:\\\/\\\/quehacerpolitico.mx\\\/#\\\/schema\\\/person\\\/496d8ad2d1d3f8036101dca7ee39e585\"},\"headline\":\"&#8220;Ciencia y literatura ofrecen esperanza contra polarizaci\u00f3n y conflicto&#8221;: Fundaci\u00f3n de los Premios Nobel\",\"datePublished\":\"2025-12-10T20:19:37+00:00\",\"dateModified\":\"2025-12-10T20:19:40+00:00\",\"mainEntityOfPage\":{\"@id\":\"https:\\\/\\\/quehacerpolitico.mx\\\/?p=120999\"},\"wordCount\":1060,\"commentCount\":0,\"image\":{\"@id\":\"https:\\\/\\\/quehacerpolitico.mx\\\/?p=120999#primaryimage\"},\"thumbnailUrl\":\"https:\\\/\\\/quehacerpolitico.mx\\\/wp-content\\\/uploads\\\/2025\\\/12\\\/IMG_5587.jpeg\",\"articleSection\":[\"Cultura y Entretenimiento\"],\"inLanguage\":\"es\",\"potentialAction\":[{\"@type\":\"CommentAction\",\"name\":\"Comment\",\"target\":[\"https:\\\/\\\/quehacerpolitico.mx\\\/?p=120999#respond\"]}]},{\"@type\":\"WebPage\",\"@id\":\"https:\\\/\\\/quehacerpolitico.mx\\\/?p=120999\",\"url\":\"https:\\\/\\\/quehacerpolitico.mx\\\/?p=120999\",\"name\":\"\\\"Ciencia y literatura ofrecen esperanza contra polarizaci\u00f3n y conflicto\\\": Fundaci\u00f3n de los Premios Nobel -\",\"isPartOf\":{\"@id\":\"https:\\\/\\\/quehacerpolitico.mx\\\/#website\"},\"primaryImageOfPage\":{\"@id\":\"https:\\\/\\\/quehacerpolitico.mx\\\/?p=120999#primaryimage\"},\"image\":{\"@id\":\"https:\\\/\\\/quehacerpolitico.mx\\\/?p=120999#primaryimage\"},\"thumbnailUrl\":\"https:\\\/\\\/quehacerpolitico.mx\\\/wp-content\\\/uploads\\\/2025\\\/12\\\/IMG_5587.jpeg\",\"datePublished\":\"2025-12-10T20:19:37+00:00\",\"dateModified\":\"2025-12-10T20:19:40+00:00\",\"author\":{\"@id\":\"https:\\\/\\\/quehacerpolitico.mx\\\/#\\\/schema\\\/person\\\/496d8ad2d1d3f8036101dca7ee39e585\"},\"breadcrumb\":{\"@id\":\"https:\\\/\\\/quehacerpolitico.mx\\\/?p=120999#breadcrumb\"},\"inLanguage\":\"es\",\"potentialAction\":[{\"@type\":\"ReadAction\",\"target\":[\"https:\\\/\\\/quehacerpolitico.mx\\\/?p=120999\"]}]},{\"@type\":\"ImageObject\",\"inLanguage\":\"es\",\"@id\":\"https:\\\/\\\/quehacerpolitico.mx\\\/?p=120999#primaryimage\",\"url\":\"https:\\\/\\\/quehacerpolitico.mx\\\/wp-content\\\/uploads\\\/2025\\\/12\\\/IMG_5587.jpeg\",\"contentUrl\":\"https:\\\/\\\/quehacerpolitico.mx\\\/wp-content\\\/uploads\\\/2025\\\/12\\\/IMG_5587.jpeg\",\"width\":425,\"height\":230},{\"@type\":\"BreadcrumbList\",\"@id\":\"https:\\\/\\\/quehacerpolitico.mx\\\/?p=120999#breadcrumb\",\"itemListElement\":[{\"@type\":\"ListItem\",\"position\":1,\"name\":\"Inicio\",\"item\":\"https:\\\/\\\/quehacerpolitico.mx\\\/\"},{\"@type\":\"ListItem\",\"position\":2,\"name\":\"&#8220;Ciencia y literatura ofrecen esperanza contra polarizaci\u00f3n y conflicto&#8221;: Fundaci\u00f3n de los Premios Nobel\"}]},{\"@type\":\"WebSite\",\"@id\":\"https:\\\/\\\/quehacerpolitico.mx\\\/#website\",\"url\":\"https:\\\/\\\/quehacerpolitico.mx\\\/\",\"name\":\"\",\"description\":\"\",\"potentialAction\":[{\"@type\":\"SearchAction\",\"target\":{\"@type\":\"EntryPoint\",\"urlTemplate\":\"https:\\\/\\\/quehacerpolitico.mx\\\/?s={search_term_string}\"},\"query-input\":{\"@type\":\"PropertyValueSpecification\",\"valueRequired\":true,\"valueName\":\"search_term_string\"}}],\"inLanguage\":\"es\"},{\"@type\":\"Person\",\"@id\":\"https:\\\/\\\/quehacerpolitico.mx\\\/#\\\/schema\\\/person\\\/496d8ad2d1d3f8036101dca7ee39e585\",\"name\":\"Redacci\u00f3n QP\",\"image\":{\"@type\":\"ImageObject\",\"inLanguage\":\"es\",\"@id\":\"https:\\\/\\\/secure.gravatar.com\\\/avatar\\\/c7164ed6fdec453195284ad24a5ae5b6e1eed2b848477fa2a4787ba9adf39a41?s=96&d=mm&r=g\",\"url\":\"https:\\\/\\\/secure.gravatar.com\\\/avatar\\\/c7164ed6fdec453195284ad24a5ae5b6e1eed2b848477fa2a4787ba9adf39a41?s=96&d=mm&r=g\",\"contentUrl\":\"https:\\\/\\\/secure.gravatar.com\\\/avatar\\\/c7164ed6fdec453195284ad24a5ae5b6e1eed2b848477fa2a4787ba9adf39a41?s=96&d=mm&r=g\",\"caption\":\"Redacci\u00f3n QP\"},\"url\":\"https:\\\/\\\/quehacerpolitico.mx\\\/?author=2\"}]}<\/script>\n<!-- \/ Yoast SEO plugin. -->","yoast_head_json":{"title":"\"Ciencia y literatura ofrecen esperanza contra polarizaci\u00f3n y conflicto\": Fundaci\u00f3n de los Premios Nobel -","robots":{"index":"index","follow":"follow","max-snippet":"max-snippet:-1","max-image-preview":"max-image-preview:large","max-video-preview":"max-video-preview:-1"},"canonical":"https:\/\/quehacerpolitico.mx\/?p=120999","og_locale":"es_MX","og_type":"article","og_title":"\"Ciencia y literatura ofrecen esperanza contra polarizaci\u00f3n y conflicto\": Fundaci\u00f3n de los Premios Nobel -","og_description":"Por Redacci\u00f3n QP Astrid S\u00f6derbergh, presidenta de la organizaci\u00f3n que concede el reconocimiento, destac\u00f3 que...","og_url":"https:\/\/quehacerpolitico.mx\/?p=120999","article_published_time":"2025-12-10T20:19:37+00:00","article_modified_time":"2025-12-10T20:19:40+00:00","og_image":[{"width":425,"height":230,"url":"http:\/\/quehacerpolitico.mx\/wp-content\/uploads\/2025\/12\/IMG_5587.jpeg","type":"image\/jpeg"}],"author":"Redacci\u00f3n QP","twitter_card":"summary_large_image","twitter_misc":{"Escrito por":"Redacci\u00f3n QP","Tiempo de lectura":"5 minutos"},"schema":{"@context":"https:\/\/schema.org","@graph":[{"@type":"Article","@id":"https:\/\/quehacerpolitico.mx\/?p=120999#article","isPartOf":{"@id":"https:\/\/quehacerpolitico.mx\/?p=120999"},"author":{"name":"Redacci\u00f3n QP","@id":"https:\/\/quehacerpolitico.mx\/#\/schema\/person\/496d8ad2d1d3f8036101dca7ee39e585"},"headline":"&#8220;Ciencia y literatura ofrecen esperanza contra polarizaci\u00f3n y conflicto&#8221;: Fundaci\u00f3n de los Premios Nobel","datePublished":"2025-12-10T20:19:37+00:00","dateModified":"2025-12-10T20:19:40+00:00","mainEntityOfPage":{"@id":"https:\/\/quehacerpolitico.mx\/?p=120999"},"wordCount":1060,"commentCount":0,"image":{"@id":"https:\/\/quehacerpolitico.mx\/?p=120999#primaryimage"},"thumbnailUrl":"https:\/\/quehacerpolitico.mx\/wp-content\/uploads\/2025\/12\/IMG_5587.jpeg","articleSection":["Cultura y Entretenimiento"],"inLanguage":"es","potentialAction":[{"@type":"CommentAction","name":"Comment","target":["https:\/\/quehacerpolitico.mx\/?p=120999#respond"]}]},{"@type":"WebPage","@id":"https:\/\/quehacerpolitico.mx\/?p=120999","url":"https:\/\/quehacerpolitico.mx\/?p=120999","name":"\"Ciencia y literatura ofrecen esperanza contra polarizaci\u00f3n y conflicto\": Fundaci\u00f3n de los Premios Nobel -","isPartOf":{"@id":"https:\/\/quehacerpolitico.mx\/#website"},"primaryImageOfPage":{"@id":"https:\/\/quehacerpolitico.mx\/?p=120999#primaryimage"},"image":{"@id":"https:\/\/quehacerpolitico.mx\/?p=120999#primaryimage"},"thumbnailUrl":"https:\/\/quehacerpolitico.mx\/wp-content\/uploads\/2025\/12\/IMG_5587.jpeg","datePublished":"2025-12-10T20:19:37+00:00","dateModified":"2025-12-10T20:19:40+00:00","author":{"@id":"https:\/\/quehacerpolitico.mx\/#\/schema\/person\/496d8ad2d1d3f8036101dca7ee39e585"},"breadcrumb":{"@id":"https:\/\/quehacerpolitico.mx\/?p=120999#breadcrumb"},"inLanguage":"es","potentialAction":[{"@type":"ReadAction","target":["https:\/\/quehacerpolitico.mx\/?p=120999"]}]},{"@type":"ImageObject","inLanguage":"es","@id":"https:\/\/quehacerpolitico.mx\/?p=120999#primaryimage","url":"https:\/\/quehacerpolitico.mx\/wp-content\/uploads\/2025\/12\/IMG_5587.jpeg","contentUrl":"https:\/\/quehacerpolitico.mx\/wp-content\/uploads\/2025\/12\/IMG_5587.jpeg","width":425,"height":230},{"@type":"BreadcrumbList","@id":"https:\/\/quehacerpolitico.mx\/?p=120999#breadcrumb","itemListElement":[{"@type":"ListItem","position":1,"name":"Inicio","item":"https:\/\/quehacerpolitico.mx\/"},{"@type":"ListItem","position":2,"name":"&#8220;Ciencia y literatura ofrecen esperanza contra polarizaci\u00f3n y conflicto&#8221;: Fundaci\u00f3n de los Premios Nobel"}]},{"@type":"WebSite","@id":"https:\/\/quehacerpolitico.mx\/#website","url":"https:\/\/quehacerpolitico.mx\/","name":"","description":"","potentialAction":[{"@type":"SearchAction","target":{"@type":"EntryPoint","urlTemplate":"https:\/\/quehacerpolitico.mx\/?s={search_term_string}"},"query-input":{"@type":"PropertyValueSpecification","valueRequired":true,"valueName":"search_term_string"}}],"inLanguage":"es"},{"@type":"Person","@id":"https:\/\/quehacerpolitico.mx\/#\/schema\/person\/496d8ad2d1d3f8036101dca7ee39e585","name":"Redacci\u00f3n QP","image":{"@type":"ImageObject","inLanguage":"es","@id":"https:\/\/secure.gravatar.com\/avatar\/c7164ed6fdec453195284ad24a5ae5b6e1eed2b848477fa2a4787ba9adf39a41?s=96&d=mm&r=g","url":"https:\/\/secure.gravatar.com\/avatar\/c7164ed6fdec453195284ad24a5ae5b6e1eed2b848477fa2a4787ba9adf39a41?s=96&d=mm&r=g","contentUrl":"https:\/\/secure.gravatar.com\/avatar\/c7164ed6fdec453195284ad24a5ae5b6e1eed2b848477fa2a4787ba9adf39a41?s=96&d=mm&r=g","caption":"Redacci\u00f3n QP"},"url":"https:\/\/quehacerpolitico.mx\/?author=2"}]}},"featured_image_urls":{"full":["https:\/\/quehacerpolitico.mx\/wp-content\/uploads\/2025\/12\/IMG_5587.jpeg",425,230,false],"thumbnail":["https:\/\/quehacerpolitico.mx\/wp-content\/uploads\/2025\/12\/IMG_5587-150x150.jpeg",150,150,true],"medium":["https:\/\/quehacerpolitico.mx\/wp-content\/uploads\/2025\/12\/IMG_5587-300x162.jpeg",300,162,true],"medium_large":["https:\/\/quehacerpolitico.mx\/wp-content\/uploads\/2025\/12\/IMG_5587.jpeg",425,230,false],"large":["https:\/\/quehacerpolitico.mx\/wp-content\/uploads\/2025\/12\/IMG_5587.jpeg",425,230,false],"1536x1536":["https:\/\/quehacerpolitico.mx\/wp-content\/uploads\/2025\/12\/IMG_5587.jpeg",425,230,false],"2048x2048":["https:\/\/quehacerpolitico.mx\/wp-content\/uploads\/2025\/12\/IMG_5587.jpeg",425,230,false],"covernews-featured":["https:\/\/quehacerpolitico.mx\/wp-content\/uploads\/2025\/12\/IMG_5587.jpeg",425,230,false],"covernews-medium":["https:\/\/quehacerpolitico.mx\/wp-content\/uploads\/2025\/12\/IMG_5587.jpeg",425,230,false]},"author_info":{"display_name":"Redacci\u00f3n QP","author_link":"https:\/\/quehacerpolitico.mx\/?author=2"},"category_info":"<a href=\"https:\/\/quehacerpolitico.mx\/?cat=58\" rel=\"category\">Cultura y Entretenimiento<\/a>","tag_info":"Cultura y Entretenimiento","comment_count":"0","_links":{"self":[{"href":"https:\/\/quehacerpolitico.mx\/index.php?rest_route=\/wp\/v2\/posts\/120999","targetHints":{"allow":["GET"]}}],"collection":[{"href":"https:\/\/quehacerpolitico.mx\/index.php?rest_route=\/wp\/v2\/posts"}],"about":[{"href":"https:\/\/quehacerpolitico.mx\/index.php?rest_route=\/wp\/v2\/types\/post"}],"author":[{"embeddable":true,"href":"https:\/\/quehacerpolitico.mx\/index.php?rest_route=\/wp\/v2\/users\/2"}],"replies":[{"embeddable":true,"href":"https:\/\/quehacerpolitico.mx\/index.php?rest_route=%2Fwp%2Fv2%2Fcomments&post=120999"}],"version-history":[{"count":1,"href":"https:\/\/quehacerpolitico.mx\/index.php?rest_route=\/wp\/v2\/posts\/120999\/revisions"}],"predecessor-version":[{"id":121001,"href":"https:\/\/quehacerpolitico.mx\/index.php?rest_route=\/wp\/v2\/posts\/120999\/revisions\/121001"}],"wp:featuredmedia":[{"embeddable":true,"href":"https:\/\/quehacerpolitico.mx\/index.php?rest_route=\/wp\/v2\/media\/121000"}],"wp:attachment":[{"href":"https:\/\/quehacerpolitico.mx\/index.php?rest_route=%2Fwp%2Fv2%2Fmedia&parent=120999"}],"wp:term":[{"taxonomy":"category","embeddable":true,"href":"https:\/\/quehacerpolitico.mx\/index.php?rest_route=%2Fwp%2Fv2%2Fcategories&post=120999"},{"taxonomy":"post_tag","embeddable":true,"href":"https:\/\/quehacerpolitico.mx\/index.php?rest_route=%2Fwp%2Fv2%2Ftags&post=120999"}],"curies":[{"name":"wp","href":"https:\/\/api.w.org\/{rel}","templated":true}]}}