{"id":120996,"date":"2025-12-10T14:00:10","date_gmt":"2025-12-10T20:00:10","guid":{"rendered":"https:\/\/quehacerpolitico.mx\/?p=120996"},"modified":"2025-12-10T14:00:15","modified_gmt":"2025-12-10T20:00:15","slug":"bad-bunny-asiste-a-funcion-de-lucha-libre-en-la-arena-mexico-cubierto-con-una-mascara-de-mistico-aunque-varios-aficionados-lo-reconocieron","status":"publish","type":"post","link":"https:\/\/quehacerpolitico.mx\/?p=120996","title":{"rendered":"Bad Bunny asiste a funci\u00f3n de lucha libre en la Arena M\u00e9xico cubierto con una m\u00e1scara de \u2018M\u00edstico\u2019, aunque varios aficionados lo reconocieron"},"content":{"rendered":"\n<p>Por Redacci\u00f3n QP<\/p>\n\n\n\n<p>Aunque usaba la m\u00e1scara de M\u00edstico, varios aficionados reconocieron a Bad Bunny, quien lleg\u00f3 fuertemente resguardado a la Arena M\u00e9xico.<\/p>\n\n\n\n<p>El cantante puertorique\u00f1o&nbsp;<strong>Bad Bunny<\/strong>, quien ofrecer\u00e1 una serie de conciertos en la Ciudad de M\u00e9xico a partir de esta noche, acudi\u00f3 el martes a una&nbsp;<strong>funci\u00f3n de la lucha libre en la Arena M\u00e9xico<\/strong>.<\/p>\n\n\n\n<p>Aunque&nbsp;<strong>Bad Bunny se intent\u00f3 ocultar bajo una m\u00e1scara del luchador \u2018M\u00edstico\u2019<\/strong>, varios aficionados publicaron videos tras&nbsp;<strong>reconocer al artista<\/strong>. Al final, la&nbsp;<strong>cuenta oficial del Consejo Mundial de Lucha Libre confirm\u00f3 que el cantante era el personaje bajo la famosa m\u00e1scara<\/strong>.<\/p>\n\n\n\n<p>&#8220;\u00a1<strong>Deb\u00ed tirar m\u00e1s fotos<\/strong>! Una\u00a0<strong>velada \u00fanica<\/strong>que confirma que la magia de la Arena M\u00e9xico conquista a todo el mundo&#8221;, public\u00f3 el CMLL junto a una serie de im\u00e1genes en las que aparece en primera fila junto a un amplio grupo de acompa\u00f1antes, tambi\u00e9n enmascarados.<\/p>\n\n\n\n<figure class=\"wp-block-embed is-type-rich is-provider-twitter wp-block-embed-twitter\"><div class=\"wp-block-embed__wrapper\">\n<blockquote class=\"twitter-tweet\" data-width=\"550\" data-dnt=\"true\"><p lang=\"es\" dir=\"ltr\">Una velada \u00fanica que confirma que la magia de la Arena M\u00e9xico conquista a todo el mundo.<a href=\"https:\/\/twitter.com\/hashtag\/BadBunny?src=hash&amp;ref_src=twsrc%5Etfw\">#BadBunny<\/a> <a href=\"https:\/\/twitter.com\/hashtag\/DTMF?src=hash&amp;ref_src=twsrc%5Etfw\">#DTMF<\/a> <a href=\"https:\/\/twitter.com\/hashtag\/MartesDeArenaM%C3%A9xico?src=hash&amp;ref_src=twsrc%5Etfw\">#MartesDeArenaM\u00e9xico<\/a> <a href=\"https:\/\/t.co\/pTAElhp3aP\">pic.twitter.com\/pTAElhp3aP<\/a><\/p>&mdash; Lucha Libre CMLL (@CMLL_OFICIAL) <a href=\"https:\/\/twitter.com\/CMLL_OFICIAL\/status\/1998626422009852299?ref_src=twsrc%5Etfw\">December 10, 2025<\/a><\/blockquote><script async src=\"https:\/\/platform.twitter.com\/widgets.js\" charset=\"utf-8\"><\/script>\n<\/div><\/figure>\n\n\n\n<p>En los\u00a0<strong>videos que grabaron los aficionados<\/strong>\u00a0se observa que todo el tiempo el cantante fue resguardado para que no se le acercaran, incluso en el \u00e1rea del estacionamiento.<\/p>\n\n\n\n<figure class=\"wp-block-embed is-type-rich is-provider-twitter wp-block-embed-twitter\"><div class=\"wp-block-embed__wrapper\">\n<blockquote class=\"twitter-tweet\" data-width=\"550\" data-dnt=\"true\"><p lang=\"es\" dir=\"ltr\">Bad Bunny hoy en CMLL Martes de Arena Mexico. \ud83d\ude02\ud83c\uddf2\ud83c\uddfd<br> <a href=\"https:\/\/t.co\/rFfDasfG4C\">pic.twitter.com\/rFfDasfG4C<\/a><\/p>&mdash; Bad Bunny Network (@badbunnynetwork) <a href=\"https:\/\/twitter.com\/badbunnynetwork\/status\/1998606631039582607?ref_src=twsrc%5Etfw\">December 10, 2025<\/a><\/blockquote><script async src=\"https:\/\/platform.twitter.com\/widgets.js\" charset=\"utf-8\"><\/script>\n<\/div><\/figure>\n\n\n\n<figure class=\"wp-block-embed is-type-rich is-provider-twitter wp-block-embed-twitter\"><div class=\"wp-block-embed__wrapper\">\n<blockquote class=\"twitter-tweet\" data-width=\"550\" data-dnt=\"true\"><p lang=\"en\" dir=\"ltr\">Bad Bunny enjoying lucha libre in Mexico City. \ud83c\uddf2\ud83c\uddfd <a href=\"https:\/\/t.co\/mrgDCnLsKD\">pic.twitter.com\/mrgDCnLsKD<\/a><\/p>&mdash; Access Bad Bunny (@AccessBadBunny) <a href=\"https:\/\/twitter.com\/AccessBadBunny\/status\/1998609128395317741?ref_src=twsrc%5Etfw\">December 10, 2025<\/a><\/blockquote><script async src=\"https:\/\/platform.twitter.com\/widgets.js\" charset=\"utf-8\"><\/script>\n<\/div><\/figure>\n\n\n\n<figure class=\"wp-block-embed is-type-rich is-provider-twitter wp-block-embed-twitter\"><div class=\"wp-block-embed__wrapper\">\n<blockquote class=\"twitter-tweet\" data-width=\"550\" data-dnt=\"true\"><p lang=\"es\" dir=\"ltr\">\u00a1Debi tirar m\u00e1s fotos! \ud83d\udcf8\ud83e\udee3<br><br>El multigalardonado Bad Bunny vivi\u00f3 de cerca La Mejor Lucha Libre del Mundo, vibrando con cada ca\u00edda y cada llave\u2026 \u00a1y luciendo nada menos que la m\u00e1scara del Rey de Plata y Oro, M\u00edstico! \ud83e\udd29\u2728<a href=\"https:\/\/twitter.com\/hashtag\/BadBunny?src=hash&amp;ref_src=twsrc%5Etfw\">#BadBunny<\/a> <a href=\"https:\/\/twitter.com\/hashtag\/DTMF?src=hash&amp;ref_src=twsrc%5Etfw\">#DTMF<\/a> <a href=\"https:\/\/twitter.com\/hashtag\/MartesDeArenaM%C3%A9xico?src=hash&amp;ref_src=twsrc%5Etfw\">#MartesDeArenaM\u00e9xico<\/a> <a href=\"https:\/\/t.co\/aShFvT82iz\">pic.twitter.com\/aShFvT82iz<\/a><\/p>&mdash; Lucha Libre CMLL (@CMLL_OFICIAL) <a href=\"https:\/\/twitter.com\/CMLL_OFICIAL\/status\/1998626405232546135?ref_src=twsrc%5Etfw\">December 10, 2025<\/a><\/blockquote><script async src=\"https:\/\/platform.twitter.com\/widgets.js\" charset=\"utf-8\"><\/script>\n<\/div><\/figure>\n\n\n\n<figure class=\"wp-block-embed is-type-rich is-provider-twitter wp-block-embed-twitter\"><div class=\"wp-block-embed__wrapper\">\n<blockquote class=\"twitter-tweet\" data-width=\"550\" data-dnt=\"true\"><p lang=\"qme\" dir=\"ltr\"> <a href=\"https:\/\/t.co\/8oI1MWnDUE\">pic.twitter.com\/8oI1MWnDUE<\/a><\/p>&mdash; Eddiel Lardizabal (@Eddiel1981) <a href=\"https:\/\/twitter.com\/Eddiel1981\/status\/1998631805466099856?ref_src=twsrc%5Etfw\">December 10, 2025<\/a><\/blockquote><script async src=\"https:\/\/platform.twitter.com\/widgets.js\" charset=\"utf-8\"><\/script>\n<\/div><\/figure>\n\n\n\n<p>La pelea estelar del martes en la Arena M\u00e9xico enfrent\u00f3 a M\u00edstico y Tit\u00e1n contra \u00c1ngel de Oro y Niebla Roja, seg\u00fan la cartelera oficial. Asimismo, se enfrentaron M\u00e1scara Dorada vs B\u00e1rbaro Cavernario en una semifinal de match rel\u00e1mpago.<\/p>\n","protected":false},"excerpt":{"rendered":"<p>Por Redacci\u00f3n QP Aunque usaba la m\u00e1scara de M\u00edstico, varios aficionados reconocieron a Bad Bunny,&#8230;<\/p>\n","protected":false},"author":2,"featured_media":120997,"comment_status":"open","ping_status":"open","sticky":false,"template":"","format":"standard","meta":{"_monsterinsights_skip_tracking":false,"_monsterinsights_sitenote_active":false,"_monsterinsights_sitenote_note":"","_monsterinsights_sitenote_category":0,"footnotes":""},"categories":[58,54],"tags":[],"class_list":["post-120996","post","type-post","status-publish","format-standard","has-post-thumbnail","hentry","category-cultura","category-deportes"],"yoast_head":"<!-- This site is optimized with the Yoast SEO plugin v27.3 - https:\/\/yoast.com\/product\/yoast-seo-wordpress\/ -->\n<title>Bad Bunny asiste a funci\u00f3n de lucha libre en la Arena M\u00e9xico cubierto con una m\u00e1scara de \u2018M\u00edstico\u2019, aunque varios aficionados lo reconocieron -<\/title>\n<meta name=\"robots\" content=\"index, follow, max-snippet:-1, max-image-preview:large, max-video-preview:-1\" \/>\n<link rel=\"canonical\" href=\"https:\/\/quehacerpolitico.mx\/?p=120996\" \/>\n<meta property=\"og:locale\" content=\"es_MX\" \/>\n<meta property=\"og:type\" content=\"article\" \/>\n<meta property=\"og:title\" content=\"Bad Bunny asiste a funci\u00f3n de lucha libre en la Arena M\u00e9xico cubierto con una m\u00e1scara de \u2018M\u00edstico\u2019, aunque varios aficionados lo reconocieron -\" \/>\n<meta property=\"og:description\" content=\"Por Redacci\u00f3n QP Aunque usaba la m\u00e1scara de M\u00edstico, varios aficionados reconocieron a Bad Bunny,...\" \/>\n<meta property=\"og:url\" content=\"https:\/\/quehacerpolitico.mx\/?p=120996\" \/>\n<meta property=\"article:published_time\" content=\"2025-12-10T20:00:10+00:00\" \/>\n<meta property=\"article:modified_time\" content=\"2025-12-10T20:00:15+00:00\" \/>\n<meta property=\"og:image\" content=\"http:\/\/quehacerpolitico.mx\/wp-content\/uploads\/2025\/12\/IMG_5586.jpeg\" \/>\n\t<meta property=\"og:image:width\" content=\"1024\" \/>\n\t<meta property=\"og:image:height\" content=\"682\" \/>\n\t<meta property=\"og:image:type\" content=\"image\/jpeg\" \/>\n<meta name=\"author\" content=\"Redacci\u00f3n QP\" \/>\n<meta name=\"twitter:card\" content=\"summary_large_image\" \/>\n<meta name=\"twitter:label1\" content=\"Escrito por\" \/>\n\t<meta name=\"twitter:data1\" content=\"Redacci\u00f3n QP\" \/>\n\t<meta name=\"twitter:label2\" content=\"Tiempo de lectura\" \/>\n\t<meta name=\"twitter:data2\" content=\"2 minutos\" \/>\n<script type=\"application\/ld+json\" class=\"yoast-schema-graph\">{\"@context\":\"https:\\\/\\\/schema.org\",\"@graph\":[{\"@type\":\"Article\",\"@id\":\"https:\\\/\\\/quehacerpolitico.mx\\\/?p=120996#article\",\"isPartOf\":{\"@id\":\"https:\\\/\\\/quehacerpolitico.mx\\\/?p=120996\"},\"author\":{\"name\":\"Redacci\u00f3n QP\",\"@id\":\"https:\\\/\\\/quehacerpolitico.mx\\\/#\\\/schema\\\/person\\\/496d8ad2d1d3f8036101dca7ee39e585\"},\"headline\":\"Bad Bunny asiste a funci\u00f3n de lucha libre en la Arena M\u00e9xico cubierto con una m\u00e1scara de \u2018M\u00edstico\u2019, aunque varios aficionados lo reconocieron\",\"datePublished\":\"2025-12-10T20:00:10+00:00\",\"dateModified\":\"2025-12-10T20:00:15+00:00\",\"mainEntityOfPage\":{\"@id\":\"https:\\\/\\\/quehacerpolitico.mx\\\/?p=120996\"},\"wordCount\":300,\"commentCount\":0,\"image\":{\"@id\":\"https:\\\/\\\/quehacerpolitico.mx\\\/?p=120996#primaryimage\"},\"thumbnailUrl\":\"https:\\\/\\\/quehacerpolitico.mx\\\/wp-content\\\/uploads\\\/2025\\\/12\\\/IMG_5586.jpeg\",\"articleSection\":[\"Cultura y Entretenimiento\",\"Deportes\"],\"inLanguage\":\"es\",\"potentialAction\":[{\"@type\":\"CommentAction\",\"name\":\"Comment\",\"target\":[\"https:\\\/\\\/quehacerpolitico.mx\\\/?p=120996#respond\"]}]},{\"@type\":\"WebPage\",\"@id\":\"https:\\\/\\\/quehacerpolitico.mx\\\/?p=120996\",\"url\":\"https:\\\/\\\/quehacerpolitico.mx\\\/?p=120996\",\"name\":\"Bad Bunny asiste a funci\u00f3n de lucha libre en la Arena M\u00e9xico cubierto con una m\u00e1scara de \u2018M\u00edstico\u2019, aunque varios aficionados lo reconocieron -\",\"isPartOf\":{\"@id\":\"https:\\\/\\\/quehacerpolitico.mx\\\/#website\"},\"primaryImageOfPage\":{\"@id\":\"https:\\\/\\\/quehacerpolitico.mx\\\/?p=120996#primaryimage\"},\"image\":{\"@id\":\"https:\\\/\\\/quehacerpolitico.mx\\\/?p=120996#primaryimage\"},\"thumbnailUrl\":\"https:\\\/\\\/quehacerpolitico.mx\\\/wp-content\\\/uploads\\\/2025\\\/12\\\/IMG_5586.jpeg\",\"datePublished\":\"2025-12-10T20:00:10+00:00\",\"dateModified\":\"2025-12-10T20:00:15+00:00\",\"author\":{\"@id\":\"https:\\\/\\\/quehacerpolitico.mx\\\/#\\\/schema\\\/person\\\/496d8ad2d1d3f8036101dca7ee39e585\"},\"breadcrumb\":{\"@id\":\"https:\\\/\\\/quehacerpolitico.mx\\\/?p=120996#breadcrumb\"},\"inLanguage\":\"es\",\"potentialAction\":[{\"@type\":\"ReadAction\",\"target\":[\"https:\\\/\\\/quehacerpolitico.mx\\\/?p=120996\"]}]},{\"@type\":\"ImageObject\",\"inLanguage\":\"es\",\"@id\":\"https:\\\/\\\/quehacerpolitico.mx\\\/?p=120996#primaryimage\",\"url\":\"https:\\\/\\\/quehacerpolitico.mx\\\/wp-content\\\/uploads\\\/2025\\\/12\\\/IMG_5586.jpeg\",\"contentUrl\":\"https:\\\/\\\/quehacerpolitico.mx\\\/wp-content\\\/uploads\\\/2025\\\/12\\\/IMG_5586.jpeg\",\"width\":1024,\"height\":682},{\"@type\":\"BreadcrumbList\",\"@id\":\"https:\\\/\\\/quehacerpolitico.mx\\\/?p=120996#breadcrumb\",\"itemListElement\":[{\"@type\":\"ListItem\",\"position\":1,\"name\":\"Inicio\",\"item\":\"https:\\\/\\\/quehacerpolitico.mx\\\/\"},{\"@type\":\"ListItem\",\"position\":2,\"name\":\"Bad Bunny asiste a funci\u00f3n de lucha libre en la Arena M\u00e9xico cubierto con una m\u00e1scara de \u2018M\u00edstico\u2019, aunque varios aficionados lo reconocieron\"}]},{\"@type\":\"WebSite\",\"@id\":\"https:\\\/\\\/quehacerpolitico.mx\\\/#website\",\"url\":\"https:\\\/\\\/quehacerpolitico.mx\\\/\",\"name\":\"\",\"description\":\"\",\"potentialAction\":[{\"@type\":\"SearchAction\",\"target\":{\"@type\":\"EntryPoint\",\"urlTemplate\":\"https:\\\/\\\/quehacerpolitico.mx\\\/?s={search_term_string}\"},\"query-input\":{\"@type\":\"PropertyValueSpecification\",\"valueRequired\":true,\"valueName\":\"search_term_string\"}}],\"inLanguage\":\"es\"},{\"@type\":\"Person\",\"@id\":\"https:\\\/\\\/quehacerpolitico.mx\\\/#\\\/schema\\\/person\\\/496d8ad2d1d3f8036101dca7ee39e585\",\"name\":\"Redacci\u00f3n QP\",\"image\":{\"@type\":\"ImageObject\",\"inLanguage\":\"es\",\"@id\":\"https:\\\/\\\/secure.gravatar.com\\\/avatar\\\/c7164ed6fdec453195284ad24a5ae5b6e1eed2b848477fa2a4787ba9adf39a41?s=96&d=mm&r=g\",\"url\":\"https:\\\/\\\/secure.gravatar.com\\\/avatar\\\/c7164ed6fdec453195284ad24a5ae5b6e1eed2b848477fa2a4787ba9adf39a41?s=96&d=mm&r=g\",\"contentUrl\":\"https:\\\/\\\/secure.gravatar.com\\\/avatar\\\/c7164ed6fdec453195284ad24a5ae5b6e1eed2b848477fa2a4787ba9adf39a41?s=96&d=mm&r=g\",\"caption\":\"Redacci\u00f3n QP\"},\"url\":\"https:\\\/\\\/quehacerpolitico.mx\\\/?author=2\"}]}<\/script>\n<!-- \/ Yoast SEO plugin. -->","yoast_head_json":{"title":"Bad Bunny asiste a funci\u00f3n de lucha libre en la Arena M\u00e9xico cubierto con una m\u00e1scara de \u2018M\u00edstico\u2019, aunque varios aficionados lo reconocieron -","robots":{"index":"index","follow":"follow","max-snippet":"max-snippet:-1","max-image-preview":"max-image-preview:large","max-video-preview":"max-video-preview:-1"},"canonical":"https:\/\/quehacerpolitico.mx\/?p=120996","og_locale":"es_MX","og_type":"article","og_title":"Bad Bunny asiste a funci\u00f3n de lucha libre en la Arena M\u00e9xico cubierto con una m\u00e1scara de \u2018M\u00edstico\u2019, aunque varios aficionados lo reconocieron -","og_description":"Por Redacci\u00f3n QP Aunque usaba la m\u00e1scara de M\u00edstico, varios aficionados reconocieron a Bad Bunny,...","og_url":"https:\/\/quehacerpolitico.mx\/?p=120996","article_published_time":"2025-12-10T20:00:10+00:00","article_modified_time":"2025-12-10T20:00:15+00:00","og_image":[{"width":1024,"height":682,"url":"http:\/\/quehacerpolitico.mx\/wp-content\/uploads\/2025\/12\/IMG_5586.jpeg","type":"image\/jpeg"}],"author":"Redacci\u00f3n QP","twitter_card":"summary_large_image","twitter_misc":{"Escrito por":"Redacci\u00f3n QP","Tiempo de lectura":"2 minutos"},"schema":{"@context":"https:\/\/schema.org","@graph":[{"@type":"Article","@id":"https:\/\/quehacerpolitico.mx\/?p=120996#article","isPartOf":{"@id":"https:\/\/quehacerpolitico.mx\/?p=120996"},"author":{"name":"Redacci\u00f3n QP","@id":"https:\/\/quehacerpolitico.mx\/#\/schema\/person\/496d8ad2d1d3f8036101dca7ee39e585"},"headline":"Bad Bunny asiste a funci\u00f3n de lucha libre en la Arena M\u00e9xico cubierto con una m\u00e1scara de \u2018M\u00edstico\u2019, aunque varios aficionados lo reconocieron","datePublished":"2025-12-10T20:00:10+00:00","dateModified":"2025-12-10T20:00:15+00:00","mainEntityOfPage":{"@id":"https:\/\/quehacerpolitico.mx\/?p=120996"},"wordCount":300,"commentCount":0,"image":{"@id":"https:\/\/quehacerpolitico.mx\/?p=120996#primaryimage"},"thumbnailUrl":"https:\/\/quehacerpolitico.mx\/wp-content\/uploads\/2025\/12\/IMG_5586.jpeg","articleSection":["Cultura y Entretenimiento","Deportes"],"inLanguage":"es","potentialAction":[{"@type":"CommentAction","name":"Comment","target":["https:\/\/quehacerpolitico.mx\/?p=120996#respond"]}]},{"@type":"WebPage","@id":"https:\/\/quehacerpolitico.mx\/?p=120996","url":"https:\/\/quehacerpolitico.mx\/?p=120996","name":"Bad Bunny asiste a funci\u00f3n de lucha libre en la Arena M\u00e9xico cubierto con una m\u00e1scara de \u2018M\u00edstico\u2019, aunque varios aficionados lo reconocieron -","isPartOf":{"@id":"https:\/\/quehacerpolitico.mx\/#website"},"primaryImageOfPage":{"@id":"https:\/\/quehacerpolitico.mx\/?p=120996#primaryimage"},"image":{"@id":"https:\/\/quehacerpolitico.mx\/?p=120996#primaryimage"},"thumbnailUrl":"https:\/\/quehacerpolitico.mx\/wp-content\/uploads\/2025\/12\/IMG_5586.jpeg","datePublished":"2025-12-10T20:00:10+00:00","dateModified":"2025-12-10T20:00:15+00:00","author":{"@id":"https:\/\/quehacerpolitico.mx\/#\/schema\/person\/496d8ad2d1d3f8036101dca7ee39e585"},"breadcrumb":{"@id":"https:\/\/quehacerpolitico.mx\/?p=120996#breadcrumb"},"inLanguage":"es","potentialAction":[{"@type":"ReadAction","target":["https:\/\/quehacerpolitico.mx\/?p=120996"]}]},{"@type":"ImageObject","inLanguage":"es","@id":"https:\/\/quehacerpolitico.mx\/?p=120996#primaryimage","url":"https:\/\/quehacerpolitico.mx\/wp-content\/uploads\/2025\/12\/IMG_5586.jpeg","contentUrl":"https:\/\/quehacerpolitico.mx\/wp-content\/uploads\/2025\/12\/IMG_5586.jpeg","width":1024,"height":682},{"@type":"BreadcrumbList","@id":"https:\/\/quehacerpolitico.mx\/?p=120996#breadcrumb","itemListElement":[{"@type":"ListItem","position":1,"name":"Inicio","item":"https:\/\/quehacerpolitico.mx\/"},{"@type":"ListItem","position":2,"name":"Bad Bunny asiste a funci\u00f3n de lucha libre en la Arena M\u00e9xico cubierto con una m\u00e1scara de \u2018M\u00edstico\u2019, aunque varios aficionados lo reconocieron"}]},{"@type":"WebSite","@id":"https:\/\/quehacerpolitico.mx\/#website","url":"https:\/\/quehacerpolitico.mx\/","name":"","description":"","potentialAction":[{"@type":"SearchAction","target":{"@type":"EntryPoint","urlTemplate":"https:\/\/quehacerpolitico.mx\/?s={search_term_string}"},"query-input":{"@type":"PropertyValueSpecification","valueRequired":true,"valueName":"search_term_string"}}],"inLanguage":"es"},{"@type":"Person","@id":"https:\/\/quehacerpolitico.mx\/#\/schema\/person\/496d8ad2d1d3f8036101dca7ee39e585","name":"Redacci\u00f3n QP","image":{"@type":"ImageObject","inLanguage":"es","@id":"https:\/\/secure.gravatar.com\/avatar\/c7164ed6fdec453195284ad24a5ae5b6e1eed2b848477fa2a4787ba9adf39a41?s=96&d=mm&r=g","url":"https:\/\/secure.gravatar.com\/avatar\/c7164ed6fdec453195284ad24a5ae5b6e1eed2b848477fa2a4787ba9adf39a41?s=96&d=mm&r=g","contentUrl":"https:\/\/secure.gravatar.com\/avatar\/c7164ed6fdec453195284ad24a5ae5b6e1eed2b848477fa2a4787ba9adf39a41?s=96&d=mm&r=g","caption":"Redacci\u00f3n QP"},"url":"https:\/\/quehacerpolitico.mx\/?author=2"}]}},"featured_image_urls":{"full":["https:\/\/quehacerpolitico.mx\/wp-content\/uploads\/2025\/12\/IMG_5586.jpeg",1024,682,false],"thumbnail":["https:\/\/quehacerpolitico.mx\/wp-content\/uploads\/2025\/12\/IMG_5586-150x150.jpeg",150,150,true],"medium":["https:\/\/quehacerpolitico.mx\/wp-content\/uploads\/2025\/12\/IMG_5586-300x200.jpeg",300,200,true],"medium_large":["https:\/\/quehacerpolitico.mx\/wp-content\/uploads\/2025\/12\/IMG_5586-768x512.jpeg",640,427,true],"large":["https:\/\/quehacerpolitico.mx\/wp-content\/uploads\/2025\/12\/IMG_5586.jpeg",640,426,false],"1536x1536":["https:\/\/quehacerpolitico.mx\/wp-content\/uploads\/2025\/12\/IMG_5586.jpeg",1024,682,false],"2048x2048":["https:\/\/quehacerpolitico.mx\/wp-content\/uploads\/2025\/12\/IMG_5586.jpeg",1024,682,false],"covernews-featured":["https:\/\/quehacerpolitico.mx\/wp-content\/uploads\/2025\/12\/IMG_5586.jpeg",1024,682,false],"covernews-medium":["https:\/\/quehacerpolitico.mx\/wp-content\/uploads\/2025\/12\/IMG_5586-540x340.jpeg",540,340,true]},"author_info":{"display_name":"Redacci\u00f3n QP","author_link":"https:\/\/quehacerpolitico.mx\/?author=2"},"category_info":"<a href=\"https:\/\/quehacerpolitico.mx\/?cat=58\" rel=\"category\">Cultura y Entretenimiento<\/a> <a href=\"https:\/\/quehacerpolitico.mx\/?cat=54\" rel=\"category\">Deportes<\/a>","tag_info":"Deportes","comment_count":"0","_links":{"self":[{"href":"https:\/\/quehacerpolitico.mx\/index.php?rest_route=\/wp\/v2\/posts\/120996","targetHints":{"allow":["GET"]}}],"collection":[{"href":"https:\/\/quehacerpolitico.mx\/index.php?rest_route=\/wp\/v2\/posts"}],"about":[{"href":"https:\/\/quehacerpolitico.mx\/index.php?rest_route=\/wp\/v2\/types\/post"}],"author":[{"embeddable":true,"href":"https:\/\/quehacerpolitico.mx\/index.php?rest_route=\/wp\/v2\/users\/2"}],"replies":[{"embeddable":true,"href":"https:\/\/quehacerpolitico.mx\/index.php?rest_route=%2Fwp%2Fv2%2Fcomments&post=120996"}],"version-history":[{"count":1,"href":"https:\/\/quehacerpolitico.mx\/index.php?rest_route=\/wp\/v2\/posts\/120996\/revisions"}],"predecessor-version":[{"id":120998,"href":"https:\/\/quehacerpolitico.mx\/index.php?rest_route=\/wp\/v2\/posts\/120996\/revisions\/120998"}],"wp:featuredmedia":[{"embeddable":true,"href":"https:\/\/quehacerpolitico.mx\/index.php?rest_route=\/wp\/v2\/media\/120997"}],"wp:attachment":[{"href":"https:\/\/quehacerpolitico.mx\/index.php?rest_route=%2Fwp%2Fv2%2Fmedia&parent=120996"}],"wp:term":[{"taxonomy":"category","embeddable":true,"href":"https:\/\/quehacerpolitico.mx\/index.php?rest_route=%2Fwp%2Fv2%2Fcategories&post=120996"},{"taxonomy":"post_tag","embeddable":true,"href":"https:\/\/quehacerpolitico.mx\/index.php?rest_route=%2Fwp%2Fv2%2Ftags&post=120996"}],"curies":[{"name":"wp","href":"https:\/\/api.w.org\/{rel}","templated":true}]}}