{"id":120990,"date":"2025-12-10T13:16:33","date_gmt":"2025-12-10T19:16:33","guid":{"rendered":"https:\/\/quehacerpolitico.mx\/?p=120990"},"modified":"2025-12-10T13:16:37","modified_gmt":"2025-12-10T19:16:37","slug":"la-pasion-de-cristo-en-iztapalapa-trasciende-lo-religioso-el-viacrucis-mexicano-entra-a-lista-de-la-unesco","status":"publish","type":"post","link":"https:\/\/quehacerpolitico.mx\/?p=120990","title":{"rendered":"&#8220;La Pasi\u00f3n de Cristo en Iztapalapa trasciende lo religioso&#8221;: el viacrucis mexicano entra a lista de la Unesco"},"content":{"rendered":"\n<p>Por Redacci\u00f3n QP<\/p>\n\n\n\n<p>La representaci\u00f3n que se hace en ocho barrios de esa alcald\u00eda de la Ciudad de M\u00e9xico fue considerado un acto de fe y unidad, as\u00ed como un ejercicio colectivo de memoria, identidad y participaci\u00f3n<\/p>\n\n\n\n<p>Porque &#8220;se trata de una manifestaci\u00f3n que&nbsp;<strong>trasciende lo religioso<\/strong>&#8220;, &#8220;La representaci\u00f3n de la Pasi\u00f3n, Muerte y Resurrecci\u00f3n de Cristo en&nbsp;Iztapalapa&#8221; fue inscrita este mi\u00e9rcoles en la Lista Representativa del Patrimonio Cultural Inmaterial de la Humanidad de la Unesco.<\/p>\n\n\n\n<figure class=\"wp-block-embed is-type-rich is-provider-twitter wp-block-embed-twitter\"><div class=\"wp-block-embed__wrapper\">\n<blockquote class=\"twitter-tweet\" data-width=\"550\" data-dnt=\"true\"><p lang=\"es\" dir=\"ltr\">Celebramos que la Representaci\u00f3n de la Pasi\u00f3n, Muerte y Resurrecci\u00f3n de Cristo sea reconocida como Patrimonio Cultural Inmaterial de la Humanidad por la <a href=\"https:\/\/twitter.com\/UNESCOMexico?ref_src=twsrc%5Etfw\">@UNESCOMexico<\/a>. Un homenaje merecido a las y los habitantes de Iztapalapa y a quienes mantienen viva esta tradici\u00f3n que mueve el\u2026 <a href=\"https:\/\/t.co\/NprzwISoAr\">pic.twitter.com\/NprzwISoAr<\/a><\/p>&mdash; Clara Brugada Molina (@ClaraBrugadaM) <a href=\"https:\/\/twitter.com\/ClaraBrugadaM\/status\/1998829820806049879?ref_src=twsrc%5Etfw\">December 10, 2025<\/a><\/blockquote><script async src=\"https:\/\/platform.twitter.com\/widgets.js\" charset=\"utf-8\"><\/script>\n<\/div><\/figure>\n\n\n\n<p>&#8220;Es un acto de unidad, fe, resiliencia, que convoca a miles de personas en un\u00a0<strong>ejercicio colectivo de memoria, identidad y participaci\u00f3n<\/strong>&#8220;, explic\u00f3\u00a0la subdirectora de Patrimonio Inmaterial de M\u00e9xico, Edaly Quiroz, durante la vig\u00e9sima reuni\u00f3n del Comit\u00e9 Intergubernamental de la Unesco que se celebra en Nueva Delhi.<\/p>\n\n\n\n<p>La reresentaci\u00f3n moviliza cada a\u00f1o a los\u00a0<strong>ocho barrios de Iztapalapa<\/strong>, una demarcaci\u00f3n del oriente de la Ciudad de M\u00e9xico, donde los vecinos transforman el espacio urbano en escenarios b\u00edblicos para escenificar episodios del Nuevo Testamento.<\/p>\n\n\n\n<figure class=\"wp-block-embed is-type-rich is-provider-twitter wp-block-embed-twitter\"><div class=\"wp-block-embed__wrapper\">\n<blockquote class=\"twitter-tweet\" data-width=\"550\" data-dnt=\"true\"><p lang=\"es\" dir=\"ltr\">Agradecemos a la presidenta <a href=\"https:\/\/twitter.com\/Claudiashein?ref_src=twsrc%5Etfw\">@Claudiashein<\/a>, la felicitaci\u00f3n por el nombramiento de La Semana Santa en <a href=\"https:\/\/twitter.com\/Alc_Iztapalapa?ref_src=twsrc%5Etfw\">@Alc_Iztapalapa<\/a> como Patrimonio Inmaterial de la Humanidad por parte de la <a href=\"https:\/\/twitter.com\/UNESCOMexico?ref_src=twsrc%5Etfw\">@UNESCOMexico<\/a>, un reconocimiento a nuestra historia, cultura y comunidad. <a href=\"https:\/\/t.co\/eKfhR0wN8V\">pic.twitter.com\/eKfhR0wN8V<\/a><\/p>&mdash; Clara Brugada Molina (@ClaraBrugadaM) <a href=\"https:\/\/twitter.com\/ClaraBrugadaM\/status\/1998766744542838925?ref_src=twsrc%5Etfw\">December 10, 2025<\/a><\/blockquote><script async src=\"https:\/\/platform.twitter.com\/widgets.js\" charset=\"utf-8\"><\/script>\n<\/div><\/figure>\n\n\n\n<p>Se trata de la representaci\u00f3n de Semana Santa\u00a0<strong>m\u00e1s multitudinaria del pa\u00eds<\/strong>\u00a0y una de las mayores concentraciones religiosas de Am\u00e9rica Latina. En 2024 reuni\u00f3 a m\u00e1s de 1.4 millones de asistentes y, en ediciones previas a la pandemia, lleg\u00f3 a superar los dos millones de personas en las calles.<\/p>\n\n\n\n<h2 class=\"wp-block-heading\">M\u00e1s de 180 a\u00f1os de la Pasi\u00f3n de Cristo en Iztapalapa<\/h2>\n\n\n\n<p>Esta tradici\u00f3n naci\u00f3 en 1833 como un voto comunitario para pedir el fin de&nbsp;<strong>una epidemia de c\u00f3lera<\/strong>&nbsp;que diezmaba a la poblaci\u00f3n. Una d\u00e9cada despu\u00e9s se formaliz\u00f3 aquel compromiso con la primera puesta en escena, iniciando en 1843 un ciclo que acumula ya m\u00e1s de 180 a\u00f1os de historia ininterrumpida.<\/p>\n\n\n\n<p>Iztapalapa, una alcald\u00eda hist\u00f3ricamente marcada por desaf\u00edos de seguridad y densidad demogr\u00e1fica, encuentra en el viacrucis su principal motor de&nbsp;<strong>cohesi\u00f3n social<\/strong>.&nbsp;<\/p>\n\n\n\n<figure class=\"wp-block-image\"><img decoding=\"async\" src=\"https:\/\/latinus.us\/u\/fotografias\/m\/2025\/12\/10\/f768x400-132706_176609_5050.jpg\" alt=\"La Representaci\u00f3n de la Pasi\u00f3n de Cristo en Iztapalapa se origin\u00f3 en 1833\"\/><figcaption class=\"wp-element-caption\">Imagen del 180 aniversario de La representaci\u00f3n de la Pasi\u00f3n de Cristo en Iztapalapa. Cr\u00e9dito: Cuartoscuro<\/figcaption><\/figure>\n\n\n\n<p>M\u00e9xico defendi\u00f3 ante la Unesco que la tradici\u00f3n&nbsp;<strong>ha sabido evolucionar<\/strong>, integrando en sus estatutos principios de igualdad de g\u00e9nero y derechos humanos. El plan de salvaguardia aprobado contempla reforzar los archivos hist\u00f3ricos y consolidar al Comit\u00e9 Organizador de la Semana Santa en Iztapalapa (COSSIAC) como el \u00f3rgano rector leg\u00edtimo de la celebraci\u00f3n.<\/p>\n\n\n\n<p>Con esta inscripci\u00f3n, la Pasi\u00f3n de Iztapalapa se suma a expresiones ic\u00f3nicas como la cocina tradicional, el D\u00eda de Muertos, el mariachi o el bolero, ampliando el cat\u00e1logo de manifestaciones mexicanas reconocidas por el organismo internacional.<\/p>\n\n\n\n<p>Con informaci\u00f3n de EFE<\/p>\n","protected":false},"excerpt":{"rendered":"<p>Por Redacci\u00f3n QP La representaci\u00f3n que se hace en ocho barrios de esa alcald\u00eda de&#8230;<\/p>\n","protected":false},"author":2,"featured_media":120991,"comment_status":"open","ping_status":"open","sticky":false,"template":"","format":"standard","meta":{"_monsterinsights_skip_tracking":false,"_monsterinsights_sitenote_active":false,"_monsterinsights_sitenote_note":"","_monsterinsights_sitenote_category":0,"footnotes":""},"categories":[55,58],"tags":[],"class_list":["post-120990","post","type-post","status-publish","format-standard","has-post-thumbnail","hentry","category-cdmx","category-cultura"],"yoast_head":"<!-- This site is optimized with the Yoast SEO plugin v27.3 - https:\/\/yoast.com\/product\/yoast-seo-wordpress\/ -->\n<title>&quot;La Pasi\u00f3n de Cristo en Iztapalapa trasciende lo religioso&quot;: el viacrucis mexicano entra a lista de la Unesco -<\/title>\n<meta name=\"robots\" content=\"index, follow, max-snippet:-1, max-image-preview:large, max-video-preview:-1\" \/>\n<link rel=\"canonical\" href=\"https:\/\/quehacerpolitico.mx\/?p=120990\" \/>\n<meta property=\"og:locale\" content=\"es_MX\" \/>\n<meta property=\"og:type\" content=\"article\" \/>\n<meta property=\"og:title\" content=\"&quot;La Pasi\u00f3n de Cristo en Iztapalapa trasciende lo religioso&quot;: el viacrucis mexicano entra a lista de la Unesco -\" \/>\n<meta property=\"og:description\" content=\"Por Redacci\u00f3n QP La representaci\u00f3n que se hace en ocho barrios de esa alcald\u00eda de...\" \/>\n<meta property=\"og:url\" content=\"https:\/\/quehacerpolitico.mx\/?p=120990\" \/>\n<meta property=\"article:published_time\" content=\"2025-12-10T19:16:33+00:00\" \/>\n<meta property=\"article:modified_time\" content=\"2025-12-10T19:16:37+00:00\" \/>\n<meta property=\"og:image\" content=\"http:\/\/quehacerpolitico.mx\/wp-content\/uploads\/2025\/12\/IMG_5584.jpeg\" \/>\n\t<meta property=\"og:image:width\" content=\"1200\" \/>\n\t<meta property=\"og:image:height\" content=\"800\" \/>\n\t<meta property=\"og:image:type\" content=\"image\/jpeg\" \/>\n<meta name=\"author\" content=\"Redacci\u00f3n QP\" \/>\n<meta name=\"twitter:card\" content=\"summary_large_image\" \/>\n<meta name=\"twitter:label1\" content=\"Escrito por\" \/>\n\t<meta name=\"twitter:data1\" content=\"Redacci\u00f3n QP\" \/>\n\t<meta name=\"twitter:label2\" content=\"Tiempo de lectura\" \/>\n\t<meta name=\"twitter:data2\" content=\"3 minutos\" \/>\n<script type=\"application\/ld+json\" class=\"yoast-schema-graph\">{\"@context\":\"https:\\\/\\\/schema.org\",\"@graph\":[{\"@type\":\"Article\",\"@id\":\"https:\\\/\\\/quehacerpolitico.mx\\\/?p=120990#article\",\"isPartOf\":{\"@id\":\"https:\\\/\\\/quehacerpolitico.mx\\\/?p=120990\"},\"author\":{\"name\":\"Redacci\u00f3n QP\",\"@id\":\"https:\\\/\\\/quehacerpolitico.mx\\\/#\\\/schema\\\/person\\\/496d8ad2d1d3f8036101dca7ee39e585\"},\"headline\":\"&#8220;La Pasi\u00f3n de Cristo en Iztapalapa trasciende lo religioso&#8221;: el viacrucis mexicano entra a lista de la Unesco\",\"datePublished\":\"2025-12-10T19:16:33+00:00\",\"dateModified\":\"2025-12-10T19:16:37+00:00\",\"mainEntityOfPage\":{\"@id\":\"https:\\\/\\\/quehacerpolitico.mx\\\/?p=120990\"},\"wordCount\":489,\"commentCount\":0,\"image\":{\"@id\":\"https:\\\/\\\/quehacerpolitico.mx\\\/?p=120990#primaryimage\"},\"thumbnailUrl\":\"https:\\\/\\\/quehacerpolitico.mx\\\/wp-content\\\/uploads\\\/2025\\\/12\\\/IMG_5584.jpeg\",\"articleSection\":[\"CDMX\",\"Cultura y Entretenimiento\"],\"inLanguage\":\"es\",\"potentialAction\":[{\"@type\":\"CommentAction\",\"name\":\"Comment\",\"target\":[\"https:\\\/\\\/quehacerpolitico.mx\\\/?p=120990#respond\"]}]},{\"@type\":\"WebPage\",\"@id\":\"https:\\\/\\\/quehacerpolitico.mx\\\/?p=120990\",\"url\":\"https:\\\/\\\/quehacerpolitico.mx\\\/?p=120990\",\"name\":\"\\\"La Pasi\u00f3n de Cristo en Iztapalapa trasciende lo religioso\\\": el viacrucis mexicano entra a lista de la Unesco -\",\"isPartOf\":{\"@id\":\"https:\\\/\\\/quehacerpolitico.mx\\\/#website\"},\"primaryImageOfPage\":{\"@id\":\"https:\\\/\\\/quehacerpolitico.mx\\\/?p=120990#primaryimage\"},\"image\":{\"@id\":\"https:\\\/\\\/quehacerpolitico.mx\\\/?p=120990#primaryimage\"},\"thumbnailUrl\":\"https:\\\/\\\/quehacerpolitico.mx\\\/wp-content\\\/uploads\\\/2025\\\/12\\\/IMG_5584.jpeg\",\"datePublished\":\"2025-12-10T19:16:33+00:00\",\"dateModified\":\"2025-12-10T19:16:37+00:00\",\"author\":{\"@id\":\"https:\\\/\\\/quehacerpolitico.mx\\\/#\\\/schema\\\/person\\\/496d8ad2d1d3f8036101dca7ee39e585\"},\"breadcrumb\":{\"@id\":\"https:\\\/\\\/quehacerpolitico.mx\\\/?p=120990#breadcrumb\"},\"inLanguage\":\"es\",\"potentialAction\":[{\"@type\":\"ReadAction\",\"target\":[\"https:\\\/\\\/quehacerpolitico.mx\\\/?p=120990\"]}]},{\"@type\":\"ImageObject\",\"inLanguage\":\"es\",\"@id\":\"https:\\\/\\\/quehacerpolitico.mx\\\/?p=120990#primaryimage\",\"url\":\"https:\\\/\\\/quehacerpolitico.mx\\\/wp-content\\\/uploads\\\/2025\\\/12\\\/IMG_5584.jpeg\",\"contentUrl\":\"https:\\\/\\\/quehacerpolitico.mx\\\/wp-content\\\/uploads\\\/2025\\\/12\\\/IMG_5584.jpeg\",\"width\":1200,\"height\":800},{\"@type\":\"BreadcrumbList\",\"@id\":\"https:\\\/\\\/quehacerpolitico.mx\\\/?p=120990#breadcrumb\",\"itemListElement\":[{\"@type\":\"ListItem\",\"position\":1,\"name\":\"Inicio\",\"item\":\"https:\\\/\\\/quehacerpolitico.mx\\\/\"},{\"@type\":\"ListItem\",\"position\":2,\"name\":\"&#8220;La Pasi\u00f3n de Cristo en Iztapalapa trasciende lo religioso&#8221;: el viacrucis mexicano entra a lista de la Unesco\"}]},{\"@type\":\"WebSite\",\"@id\":\"https:\\\/\\\/quehacerpolitico.mx\\\/#website\",\"url\":\"https:\\\/\\\/quehacerpolitico.mx\\\/\",\"name\":\"\",\"description\":\"\",\"potentialAction\":[{\"@type\":\"SearchAction\",\"target\":{\"@type\":\"EntryPoint\",\"urlTemplate\":\"https:\\\/\\\/quehacerpolitico.mx\\\/?s={search_term_string}\"},\"query-input\":{\"@type\":\"PropertyValueSpecification\",\"valueRequired\":true,\"valueName\":\"search_term_string\"}}],\"inLanguage\":\"es\"},{\"@type\":\"Person\",\"@id\":\"https:\\\/\\\/quehacerpolitico.mx\\\/#\\\/schema\\\/person\\\/496d8ad2d1d3f8036101dca7ee39e585\",\"name\":\"Redacci\u00f3n QP\",\"image\":{\"@type\":\"ImageObject\",\"inLanguage\":\"es\",\"@id\":\"https:\\\/\\\/secure.gravatar.com\\\/avatar\\\/c7164ed6fdec453195284ad24a5ae5b6e1eed2b848477fa2a4787ba9adf39a41?s=96&d=mm&r=g\",\"url\":\"https:\\\/\\\/secure.gravatar.com\\\/avatar\\\/c7164ed6fdec453195284ad24a5ae5b6e1eed2b848477fa2a4787ba9adf39a41?s=96&d=mm&r=g\",\"contentUrl\":\"https:\\\/\\\/secure.gravatar.com\\\/avatar\\\/c7164ed6fdec453195284ad24a5ae5b6e1eed2b848477fa2a4787ba9adf39a41?s=96&d=mm&r=g\",\"caption\":\"Redacci\u00f3n QP\"},\"url\":\"https:\\\/\\\/quehacerpolitico.mx\\\/?author=2\"}]}<\/script>\n<!-- \/ Yoast SEO plugin. -->","yoast_head_json":{"title":"\"La Pasi\u00f3n de Cristo en Iztapalapa trasciende lo religioso\": el viacrucis mexicano entra a lista de la Unesco -","robots":{"index":"index","follow":"follow","max-snippet":"max-snippet:-1","max-image-preview":"max-image-preview:large","max-video-preview":"max-video-preview:-1"},"canonical":"https:\/\/quehacerpolitico.mx\/?p=120990","og_locale":"es_MX","og_type":"article","og_title":"\"La Pasi\u00f3n de Cristo en Iztapalapa trasciende lo religioso\": el viacrucis mexicano entra a lista de la Unesco -","og_description":"Por Redacci\u00f3n QP La representaci\u00f3n que se hace en ocho barrios de esa alcald\u00eda de...","og_url":"https:\/\/quehacerpolitico.mx\/?p=120990","article_published_time":"2025-12-10T19:16:33+00:00","article_modified_time":"2025-12-10T19:16:37+00:00","og_image":[{"width":1200,"height":800,"url":"http:\/\/quehacerpolitico.mx\/wp-content\/uploads\/2025\/12\/IMG_5584.jpeg","type":"image\/jpeg"}],"author":"Redacci\u00f3n QP","twitter_card":"summary_large_image","twitter_misc":{"Escrito por":"Redacci\u00f3n QP","Tiempo de lectura":"3 minutos"},"schema":{"@context":"https:\/\/schema.org","@graph":[{"@type":"Article","@id":"https:\/\/quehacerpolitico.mx\/?p=120990#article","isPartOf":{"@id":"https:\/\/quehacerpolitico.mx\/?p=120990"},"author":{"name":"Redacci\u00f3n QP","@id":"https:\/\/quehacerpolitico.mx\/#\/schema\/person\/496d8ad2d1d3f8036101dca7ee39e585"},"headline":"&#8220;La Pasi\u00f3n de Cristo en Iztapalapa trasciende lo religioso&#8221;: el viacrucis mexicano entra a lista de la Unesco","datePublished":"2025-12-10T19:16:33+00:00","dateModified":"2025-12-10T19:16:37+00:00","mainEntityOfPage":{"@id":"https:\/\/quehacerpolitico.mx\/?p=120990"},"wordCount":489,"commentCount":0,"image":{"@id":"https:\/\/quehacerpolitico.mx\/?p=120990#primaryimage"},"thumbnailUrl":"https:\/\/quehacerpolitico.mx\/wp-content\/uploads\/2025\/12\/IMG_5584.jpeg","articleSection":["CDMX","Cultura y Entretenimiento"],"inLanguage":"es","potentialAction":[{"@type":"CommentAction","name":"Comment","target":["https:\/\/quehacerpolitico.mx\/?p=120990#respond"]}]},{"@type":"WebPage","@id":"https:\/\/quehacerpolitico.mx\/?p=120990","url":"https:\/\/quehacerpolitico.mx\/?p=120990","name":"\"La Pasi\u00f3n de Cristo en Iztapalapa trasciende lo religioso\": el viacrucis mexicano entra a lista de la Unesco -","isPartOf":{"@id":"https:\/\/quehacerpolitico.mx\/#website"},"primaryImageOfPage":{"@id":"https:\/\/quehacerpolitico.mx\/?p=120990#primaryimage"},"image":{"@id":"https:\/\/quehacerpolitico.mx\/?p=120990#primaryimage"},"thumbnailUrl":"https:\/\/quehacerpolitico.mx\/wp-content\/uploads\/2025\/12\/IMG_5584.jpeg","datePublished":"2025-12-10T19:16:33+00:00","dateModified":"2025-12-10T19:16:37+00:00","author":{"@id":"https:\/\/quehacerpolitico.mx\/#\/schema\/person\/496d8ad2d1d3f8036101dca7ee39e585"},"breadcrumb":{"@id":"https:\/\/quehacerpolitico.mx\/?p=120990#breadcrumb"},"inLanguage":"es","potentialAction":[{"@type":"ReadAction","target":["https:\/\/quehacerpolitico.mx\/?p=120990"]}]},{"@type":"ImageObject","inLanguage":"es","@id":"https:\/\/quehacerpolitico.mx\/?p=120990#primaryimage","url":"https:\/\/quehacerpolitico.mx\/wp-content\/uploads\/2025\/12\/IMG_5584.jpeg","contentUrl":"https:\/\/quehacerpolitico.mx\/wp-content\/uploads\/2025\/12\/IMG_5584.jpeg","width":1200,"height":800},{"@type":"BreadcrumbList","@id":"https:\/\/quehacerpolitico.mx\/?p=120990#breadcrumb","itemListElement":[{"@type":"ListItem","position":1,"name":"Inicio","item":"https:\/\/quehacerpolitico.mx\/"},{"@type":"ListItem","position":2,"name":"&#8220;La Pasi\u00f3n de Cristo en Iztapalapa trasciende lo religioso&#8221;: el viacrucis mexicano entra a lista de la Unesco"}]},{"@type":"WebSite","@id":"https:\/\/quehacerpolitico.mx\/#website","url":"https:\/\/quehacerpolitico.mx\/","name":"","description":"","potentialAction":[{"@type":"SearchAction","target":{"@type":"EntryPoint","urlTemplate":"https:\/\/quehacerpolitico.mx\/?s={search_term_string}"},"query-input":{"@type":"PropertyValueSpecification","valueRequired":true,"valueName":"search_term_string"}}],"inLanguage":"es"},{"@type":"Person","@id":"https:\/\/quehacerpolitico.mx\/#\/schema\/person\/496d8ad2d1d3f8036101dca7ee39e585","name":"Redacci\u00f3n QP","image":{"@type":"ImageObject","inLanguage":"es","@id":"https:\/\/secure.gravatar.com\/avatar\/c7164ed6fdec453195284ad24a5ae5b6e1eed2b848477fa2a4787ba9adf39a41?s=96&d=mm&r=g","url":"https:\/\/secure.gravatar.com\/avatar\/c7164ed6fdec453195284ad24a5ae5b6e1eed2b848477fa2a4787ba9adf39a41?s=96&d=mm&r=g","contentUrl":"https:\/\/secure.gravatar.com\/avatar\/c7164ed6fdec453195284ad24a5ae5b6e1eed2b848477fa2a4787ba9adf39a41?s=96&d=mm&r=g","caption":"Redacci\u00f3n QP"},"url":"https:\/\/quehacerpolitico.mx\/?author=2"}]}},"featured_image_urls":{"full":["https:\/\/quehacerpolitico.mx\/wp-content\/uploads\/2025\/12\/IMG_5584.jpeg",1200,800,false],"thumbnail":["https:\/\/quehacerpolitico.mx\/wp-content\/uploads\/2025\/12\/IMG_5584-150x150.jpeg",150,150,true],"medium":["https:\/\/quehacerpolitico.mx\/wp-content\/uploads\/2025\/12\/IMG_5584-300x200.jpeg",300,200,true],"medium_large":["https:\/\/quehacerpolitico.mx\/wp-content\/uploads\/2025\/12\/IMG_5584-768x512.jpeg",640,427,true],"large":["https:\/\/quehacerpolitico.mx\/wp-content\/uploads\/2025\/12\/IMG_5584-1024x683.jpeg",640,427,true],"1536x1536":["https:\/\/quehacerpolitico.mx\/wp-content\/uploads\/2025\/12\/IMG_5584.jpeg",1200,800,false],"2048x2048":["https:\/\/quehacerpolitico.mx\/wp-content\/uploads\/2025\/12\/IMG_5584.jpeg",1200,800,false],"covernews-featured":["https:\/\/quehacerpolitico.mx\/wp-content\/uploads\/2025\/12\/IMG_5584-1024x683.jpeg",1024,683,true],"covernews-medium":["https:\/\/quehacerpolitico.mx\/wp-content\/uploads\/2025\/12\/IMG_5584-540x340.jpeg",540,340,true]},"author_info":{"display_name":"Redacci\u00f3n QP","author_link":"https:\/\/quehacerpolitico.mx\/?author=2"},"category_info":"<a href=\"https:\/\/quehacerpolitico.mx\/?cat=55\" rel=\"category\">CDMX<\/a> <a href=\"https:\/\/quehacerpolitico.mx\/?cat=58\" rel=\"category\">Cultura y Entretenimiento<\/a>","tag_info":"Cultura y Entretenimiento","comment_count":"0","_links":{"self":[{"href":"https:\/\/quehacerpolitico.mx\/index.php?rest_route=\/wp\/v2\/posts\/120990","targetHints":{"allow":["GET"]}}],"collection":[{"href":"https:\/\/quehacerpolitico.mx\/index.php?rest_route=\/wp\/v2\/posts"}],"about":[{"href":"https:\/\/quehacerpolitico.mx\/index.php?rest_route=\/wp\/v2\/types\/post"}],"author":[{"embeddable":true,"href":"https:\/\/quehacerpolitico.mx\/index.php?rest_route=\/wp\/v2\/users\/2"}],"replies":[{"embeddable":true,"href":"https:\/\/quehacerpolitico.mx\/index.php?rest_route=%2Fwp%2Fv2%2Fcomments&post=120990"}],"version-history":[{"count":1,"href":"https:\/\/quehacerpolitico.mx\/index.php?rest_route=\/wp\/v2\/posts\/120990\/revisions"}],"predecessor-version":[{"id":120992,"href":"https:\/\/quehacerpolitico.mx\/index.php?rest_route=\/wp\/v2\/posts\/120990\/revisions\/120992"}],"wp:featuredmedia":[{"embeddable":true,"href":"https:\/\/quehacerpolitico.mx\/index.php?rest_route=\/wp\/v2\/media\/120991"}],"wp:attachment":[{"href":"https:\/\/quehacerpolitico.mx\/index.php?rest_route=%2Fwp%2Fv2%2Fmedia&parent=120990"}],"wp:term":[{"taxonomy":"category","embeddable":true,"href":"https:\/\/quehacerpolitico.mx\/index.php?rest_route=%2Fwp%2Fv2%2Fcategories&post=120990"},{"taxonomy":"post_tag","embeddable":true,"href":"https:\/\/quehacerpolitico.mx\/index.php?rest_route=%2Fwp%2Fv2%2Ftags&post=120990"}],"curies":[{"name":"wp","href":"https:\/\/api.w.org\/{rel}","templated":true}]}}