{"id":120981,"date":"2025-12-10T11:50:04","date_gmt":"2025-12-10T17:50:04","guid":{"rendered":"https:\/\/quehacerpolitico.mx\/?p=120981"},"modified":"2025-12-10T11:50:16","modified_gmt":"2025-12-10T17:50:16","slug":"venezuela-volvera-a-respirar-hija-de-maria-corina-machado-recibe-el-nobel-de-la-paz-en-su-nombre","status":"publish","type":"post","link":"https:\/\/quehacerpolitico.mx\/?p=120981","title":{"rendered":"&#8220;Venezuela volver\u00e1 a respirar&#8221;: hija de Mar\u00eda Corina Machado recibe el Nobel de la Paz en su nombre"},"content":{"rendered":"\n<p>Por Redacci\u00f3n QP<\/p>\n\n\n\n<p>Ana Corina Sosa recogi\u00f3 el diploma y recibi\u00f3 la ovaci\u00f3n del p\u00fablico en una ceremonia presidida por los reyes Harald V y Sonia de Noruega<\/p>\n\n\n\n<p><strong>Ana Corina Sosa,<\/strong>&nbsp;hija de&nbsp;<strong>Mar\u00eda Corina Machado<\/strong>, recibi\u00f3 este mi\u00e9rcoles en el Ayuntamiento de Oslo el Nobel de la Paz en nombre de la opositora venezolana, que no ha podido viajar a Noruega a tiempo para recibir en persona el premio, seg\u00fan el Instituto Nobel.<\/p>\n\n\n\n<figure class=\"wp-block-embed is-type-video is-provider-youtube wp-block-embed-youtube wp-embed-aspect-4-3 wp-has-aspect-ratio\"><div class=\"wp-block-embed__wrapper\">\n<iframe loading=\"lazy\" title=\"Ana Corina Sosa recibe el Nobel en representaci\u00f3n de Mar\u00eda Corina Machado\" width=\"640\" height=\"480\" src=\"https:\/\/www.youtube.com\/embed\/XkVAWWic2IU?feature=oembed\" frameborder=\"0\" allow=\"accelerometer; autoplay; clipboard-write; encrypted-media; gyroscope; picture-in-picture; web-share\" referrerpolicy=\"strict-origin-when-cross-origin\" allowfullscreen><\/iframe>\n<\/div><\/figure>\n\n\n\n<p>La hija de Machado se puso en pie y recogi\u00f3 el diploma acreditativo y<strong>&nbsp;la medalla Nobel&nbsp;<\/strong>que acompa\u00f1an al premio \u2014dotado este a\u00f1o con 11 millones de coronas suecas (1.2 millones de d\u00f3lares)\u2014, de manos del presidente del Comit\u00e9 Noruego del Nobel, J\u00f8rgen Watne Frydnes.<\/p>\n\n\n\n<p>Visiblemente emocionada, Sosa recibi\u00f3 la ovaci\u00f3n del p\u00fablico, puesto en pie, erguida delante de una foto de su madre.<\/p>\n\n\n\n<p>La ceremonia estuvo presidida por los reyes Harald V y Sonia de Noruega.<\/p>\n\n\n\n<p>Sosa comenz\u00f3 expresando la &#8220;infinita gratitud&#8221;, en nombre de su familia y de toda Venezuela, al Comit\u00e9 Noruego del Nobel por el hecho de que &#8220;la lucha de todo un pueblo por la verdad, la libertad, la democracia y la paz es hoy reconocida en todo el mundo&#8221;.<\/p>\n\n\n\n<figure class=\"wp-block-embed is-type-video is-provider-youtube wp-block-embed-youtube wp-embed-aspect-16-9 wp-has-aspect-ratio\"><div class=\"wp-block-embed__wrapper\">\n<iframe loading=\"lazy\" title=\"Emotivo discurso de Ana Corina Sosa, hija de Mar\u00eda Corina Machado, en ceremonia del Nobel de Paz\" width=\"640\" height=\"360\" src=\"https:\/\/www.youtube.com\/embed\/QP3FIyMXTjE?feature=oembed\" frameborder=\"0\" allow=\"accelerometer; autoplay; clipboard-write; encrypted-media; gyroscope; picture-in-picture; web-share\" referrerpolicy=\"strict-origin-when-cross-origin\" allowfullscreen><\/iframe>\n<\/div><\/figure>\n\n\n\n<p>&#8220;Estoy aqu\u00ed en nombre de mi madre,<strong>Mar\u00eda Corina Machado,<\/strong>&nbsp;quien ha unido a millones de venezolanos en un esfuerzo extraordinario que ustedes, nuestros anfitriones, han honrado con el&nbsp;<strong>Premio Nobel de la Paz&#8221;<\/strong>, dijo.<\/p>\n\n\n\n<p>Ana Corina ofreci\u00f3 un mensaje de esperanza a los venezolanos que han sido exiliados, a los encarcelados y a los que han sido&nbsp;distanciados a la fuerza de sus familias.&nbsp;<\/p>\n\n\n\n<p>&#8220;Venezuela volver\u00e1 a respirar, abriremos las puertas de la c\u00e1rcel y ver\u00e1n a miles de personas que fueron injustamente detenidas (&#8230;)\u00a0Nos abrazaremos de nuevo, nos enamoraremos de nuevo. Ver\u00e1n nuestras calles llenas de risa y m\u00fasica de nuevo&#8221;, se\u00f1al\u00f3.<\/p>\n\n\n\n<figure class=\"wp-block-image\"><img decoding=\"async\" src=\"https:\/\/latinus.us\/u\/fotografias\/m\/2025\/12\/10\/f768x400-132702_176605_5050.jpg\" alt=\"\"\/><\/figure>\n\n\n\n<p>Tambi\u00e9n asistieron el l\u00edder opositor venezolano<strong>&nbsp;Edmundo Gonz\u00e1lez,<\/strong>&nbsp;el primer ministro noruego Jonas Gahr Store, el presidente argentino, Javier Milei, el paname\u00f1o Jos\u00e9 Ra\u00fal Mulino; y el paraguayo, Santiago Pe\u00f1a.&nbsp;<\/p>\n\n\n\n<p>Antes de entregar el galard\u00f3n, Frydnes pronunci\u00f3 un discurso en el que inst\u00f3 al presidente de Venezuela, Nicol\u00e1s Maduro, a renunciar a su cargo para sentar las bases hacia &#8220;una transici\u00f3n pac\u00edfica hacia la democracia&#8221; en el pa\u00eds, un llamamiento que recibi\u00f3 un largo aplauso de los invitados en el Ayuntamiento de Oslo.<\/p>\n\n\n\n<figure class=\"wp-block-embed is-type-video is-provider-youtube wp-block-embed-youtube wp-embed-aspect-16-9 wp-has-aspect-ratio\"><div class=\"wp-block-embed__wrapper\">\n<iframe loading=\"lazy\" title=\"Unas cortas pero muy sentidas declaraciones an Ana Corina Sosa Machado, hija de Mar\u00eda Corina Machado\" width=\"640\" height=\"360\" src=\"https:\/\/www.youtube.com\/embed\/INIHnxRheSA?feature=oembed\" frameborder=\"0\" allow=\"accelerometer; autoplay; clipboard-write; encrypted-media; gyroscope; picture-in-picture; web-share\" referrerpolicy=\"strict-origin-when-cross-origin\" allowfullscreen><\/iframe>\n<\/div><\/figure>\n\n\n\n<p>Con informaci\u00f3n de EFE<\/p>\n\n\n\n<p><\/p>\n","protected":false},"excerpt":{"rendered":"<p>Por Redacci\u00f3n QP Ana Corina Sosa recogi\u00f3 el diploma y recibi\u00f3 la ovaci\u00f3n del p\u00fablico&#8230;<\/p>\n","protected":false},"author":2,"featured_media":120982,"comment_status":"open","ping_status":"open","sticky":false,"template":"","format":"standard","meta":{"_monsterinsights_skip_tracking":false,"_monsterinsights_sitenote_active":false,"_monsterinsights_sitenote_note":"","_monsterinsights_sitenote_category":0,"footnotes":""},"categories":[1],"tags":[],"class_list":["post-120981","post","type-post","status-publish","format-standard","has-post-thumbnail","hentry","category-sin-categoria"],"yoast_head":"<!-- This site is optimized with the Yoast SEO plugin v27.3 - https:\/\/yoast.com\/product\/yoast-seo-wordpress\/ -->\n<title>&quot;Venezuela volver\u00e1 a respirar&quot;: hija de Mar\u00eda Corina Machado recibe el Nobel de la Paz en su nombre -<\/title>\n<meta name=\"robots\" content=\"index, follow, max-snippet:-1, max-image-preview:large, max-video-preview:-1\" \/>\n<link rel=\"canonical\" href=\"https:\/\/quehacerpolitico.mx\/?p=120981\" \/>\n<meta property=\"og:locale\" content=\"es_MX\" \/>\n<meta property=\"og:type\" content=\"article\" \/>\n<meta property=\"og:title\" content=\"&quot;Venezuela volver\u00e1 a respirar&quot;: hija de Mar\u00eda Corina Machado recibe el Nobel de la Paz en su nombre -\" \/>\n<meta property=\"og:description\" content=\"Por Redacci\u00f3n QP Ana Corina Sosa recogi\u00f3 el diploma y recibi\u00f3 la ovaci\u00f3n del p\u00fablico...\" \/>\n<meta property=\"og:url\" content=\"https:\/\/quehacerpolitico.mx\/?p=120981\" \/>\n<meta property=\"article:published_time\" content=\"2025-12-10T17:50:04+00:00\" \/>\n<meta property=\"article:modified_time\" content=\"2025-12-10T17:50:16+00:00\" \/>\n<meta property=\"og:image\" content=\"http:\/\/quehacerpolitico.mx\/wp-content\/uploads\/2025\/12\/IMG_5576.jpeg\" \/>\n\t<meta property=\"og:image:width\" content=\"425\" \/>\n\t<meta property=\"og:image:height\" content=\"230\" \/>\n\t<meta property=\"og:image:type\" content=\"image\/jpeg\" \/>\n<meta name=\"author\" content=\"Redacci\u00f3n QP\" \/>\n<meta name=\"twitter:card\" content=\"summary_large_image\" \/>\n<meta name=\"twitter:label1\" content=\"Escrito por\" \/>\n\t<meta name=\"twitter:data1\" content=\"Redacci\u00f3n QP\" \/>\n\t<meta name=\"twitter:label2\" content=\"Tiempo de lectura\" \/>\n\t<meta name=\"twitter:data2\" content=\"3 minutos\" \/>\n<script type=\"application\/ld+json\" class=\"yoast-schema-graph\">{\"@context\":\"https:\\\/\\\/schema.org\",\"@graph\":[{\"@type\":\"Article\",\"@id\":\"https:\\\/\\\/quehacerpolitico.mx\\\/?p=120981#article\",\"isPartOf\":{\"@id\":\"https:\\\/\\\/quehacerpolitico.mx\\\/?p=120981\"},\"author\":{\"name\":\"Redacci\u00f3n QP\",\"@id\":\"https:\\\/\\\/quehacerpolitico.mx\\\/#\\\/schema\\\/person\\\/496d8ad2d1d3f8036101dca7ee39e585\"},\"headline\":\"&#8220;Venezuela volver\u00e1 a respirar&#8221;: hija de Mar\u00eda Corina Machado recibe el Nobel de la Paz en su nombre\",\"datePublished\":\"2025-12-10T17:50:04+00:00\",\"dateModified\":\"2025-12-10T17:50:16+00:00\",\"mainEntityOfPage\":{\"@id\":\"https:\\\/\\\/quehacerpolitico.mx\\\/?p=120981\"},\"wordCount\":475,\"commentCount\":0,\"image\":{\"@id\":\"https:\\\/\\\/quehacerpolitico.mx\\\/?p=120981#primaryimage\"},\"thumbnailUrl\":\"https:\\\/\\\/quehacerpolitico.mx\\\/wp-content\\\/uploads\\\/2025\\\/12\\\/IMG_5576.jpeg\",\"articleSection\":[\"Internacionales\"],\"inLanguage\":\"es\",\"potentialAction\":[{\"@type\":\"CommentAction\",\"name\":\"Comment\",\"target\":[\"https:\\\/\\\/quehacerpolitico.mx\\\/?p=120981#respond\"]}]},{\"@type\":\"WebPage\",\"@id\":\"https:\\\/\\\/quehacerpolitico.mx\\\/?p=120981\",\"url\":\"https:\\\/\\\/quehacerpolitico.mx\\\/?p=120981\",\"name\":\"\\\"Venezuela volver\u00e1 a respirar\\\": hija de Mar\u00eda Corina Machado recibe el Nobel de la Paz en su nombre -\",\"isPartOf\":{\"@id\":\"https:\\\/\\\/quehacerpolitico.mx\\\/#website\"},\"primaryImageOfPage\":{\"@id\":\"https:\\\/\\\/quehacerpolitico.mx\\\/?p=120981#primaryimage\"},\"image\":{\"@id\":\"https:\\\/\\\/quehacerpolitico.mx\\\/?p=120981#primaryimage\"},\"thumbnailUrl\":\"https:\\\/\\\/quehacerpolitico.mx\\\/wp-content\\\/uploads\\\/2025\\\/12\\\/IMG_5576.jpeg\",\"datePublished\":\"2025-12-10T17:50:04+00:00\",\"dateModified\":\"2025-12-10T17:50:16+00:00\",\"author\":{\"@id\":\"https:\\\/\\\/quehacerpolitico.mx\\\/#\\\/schema\\\/person\\\/496d8ad2d1d3f8036101dca7ee39e585\"},\"breadcrumb\":{\"@id\":\"https:\\\/\\\/quehacerpolitico.mx\\\/?p=120981#breadcrumb\"},\"inLanguage\":\"es\",\"potentialAction\":[{\"@type\":\"ReadAction\",\"target\":[\"https:\\\/\\\/quehacerpolitico.mx\\\/?p=120981\"]}]},{\"@type\":\"ImageObject\",\"inLanguage\":\"es\",\"@id\":\"https:\\\/\\\/quehacerpolitico.mx\\\/?p=120981#primaryimage\",\"url\":\"https:\\\/\\\/quehacerpolitico.mx\\\/wp-content\\\/uploads\\\/2025\\\/12\\\/IMG_5576.jpeg\",\"contentUrl\":\"https:\\\/\\\/quehacerpolitico.mx\\\/wp-content\\\/uploads\\\/2025\\\/12\\\/IMG_5576.jpeg\",\"width\":425,\"height\":230},{\"@type\":\"BreadcrumbList\",\"@id\":\"https:\\\/\\\/quehacerpolitico.mx\\\/?p=120981#breadcrumb\",\"itemListElement\":[{\"@type\":\"ListItem\",\"position\":1,\"name\":\"Inicio\",\"item\":\"https:\\\/\\\/quehacerpolitico.mx\\\/\"},{\"@type\":\"ListItem\",\"position\":2,\"name\":\"&#8220;Venezuela volver\u00e1 a respirar&#8221;: hija de Mar\u00eda Corina Machado recibe el Nobel de la Paz en su nombre\"}]},{\"@type\":\"WebSite\",\"@id\":\"https:\\\/\\\/quehacerpolitico.mx\\\/#website\",\"url\":\"https:\\\/\\\/quehacerpolitico.mx\\\/\",\"name\":\"\",\"description\":\"\",\"potentialAction\":[{\"@type\":\"SearchAction\",\"target\":{\"@type\":\"EntryPoint\",\"urlTemplate\":\"https:\\\/\\\/quehacerpolitico.mx\\\/?s={search_term_string}\"},\"query-input\":{\"@type\":\"PropertyValueSpecification\",\"valueRequired\":true,\"valueName\":\"search_term_string\"}}],\"inLanguage\":\"es\"},{\"@type\":\"Person\",\"@id\":\"https:\\\/\\\/quehacerpolitico.mx\\\/#\\\/schema\\\/person\\\/496d8ad2d1d3f8036101dca7ee39e585\",\"name\":\"Redacci\u00f3n QP\",\"image\":{\"@type\":\"ImageObject\",\"inLanguage\":\"es\",\"@id\":\"https:\\\/\\\/secure.gravatar.com\\\/avatar\\\/c7164ed6fdec453195284ad24a5ae5b6e1eed2b848477fa2a4787ba9adf39a41?s=96&d=mm&r=g\",\"url\":\"https:\\\/\\\/secure.gravatar.com\\\/avatar\\\/c7164ed6fdec453195284ad24a5ae5b6e1eed2b848477fa2a4787ba9adf39a41?s=96&d=mm&r=g\",\"contentUrl\":\"https:\\\/\\\/secure.gravatar.com\\\/avatar\\\/c7164ed6fdec453195284ad24a5ae5b6e1eed2b848477fa2a4787ba9adf39a41?s=96&d=mm&r=g\",\"caption\":\"Redacci\u00f3n QP\"},\"url\":\"https:\\\/\\\/quehacerpolitico.mx\\\/?author=2\"}]}<\/script>\n<!-- \/ Yoast SEO plugin. -->","yoast_head_json":{"title":"\"Venezuela volver\u00e1 a respirar\": hija de Mar\u00eda Corina Machado recibe el Nobel de la Paz en su nombre -","robots":{"index":"index","follow":"follow","max-snippet":"max-snippet:-1","max-image-preview":"max-image-preview:large","max-video-preview":"max-video-preview:-1"},"canonical":"https:\/\/quehacerpolitico.mx\/?p=120981","og_locale":"es_MX","og_type":"article","og_title":"\"Venezuela volver\u00e1 a respirar\": hija de Mar\u00eda Corina Machado recibe el Nobel de la Paz en su nombre -","og_description":"Por Redacci\u00f3n QP Ana Corina Sosa recogi\u00f3 el diploma y recibi\u00f3 la ovaci\u00f3n del p\u00fablico...","og_url":"https:\/\/quehacerpolitico.mx\/?p=120981","article_published_time":"2025-12-10T17:50:04+00:00","article_modified_time":"2025-12-10T17:50:16+00:00","og_image":[{"width":425,"height":230,"url":"http:\/\/quehacerpolitico.mx\/wp-content\/uploads\/2025\/12\/IMG_5576.jpeg","type":"image\/jpeg"}],"author":"Redacci\u00f3n QP","twitter_card":"summary_large_image","twitter_misc":{"Escrito por":"Redacci\u00f3n QP","Tiempo de lectura":"3 minutos"},"schema":{"@context":"https:\/\/schema.org","@graph":[{"@type":"Article","@id":"https:\/\/quehacerpolitico.mx\/?p=120981#article","isPartOf":{"@id":"https:\/\/quehacerpolitico.mx\/?p=120981"},"author":{"name":"Redacci\u00f3n QP","@id":"https:\/\/quehacerpolitico.mx\/#\/schema\/person\/496d8ad2d1d3f8036101dca7ee39e585"},"headline":"&#8220;Venezuela volver\u00e1 a respirar&#8221;: hija de Mar\u00eda Corina Machado recibe el Nobel de la Paz en su nombre","datePublished":"2025-12-10T17:50:04+00:00","dateModified":"2025-12-10T17:50:16+00:00","mainEntityOfPage":{"@id":"https:\/\/quehacerpolitico.mx\/?p=120981"},"wordCount":475,"commentCount":0,"image":{"@id":"https:\/\/quehacerpolitico.mx\/?p=120981#primaryimage"},"thumbnailUrl":"https:\/\/quehacerpolitico.mx\/wp-content\/uploads\/2025\/12\/IMG_5576.jpeg","articleSection":["Internacionales"],"inLanguage":"es","potentialAction":[{"@type":"CommentAction","name":"Comment","target":["https:\/\/quehacerpolitico.mx\/?p=120981#respond"]}]},{"@type":"WebPage","@id":"https:\/\/quehacerpolitico.mx\/?p=120981","url":"https:\/\/quehacerpolitico.mx\/?p=120981","name":"\"Venezuela volver\u00e1 a respirar\": hija de Mar\u00eda Corina Machado recibe el Nobel de la Paz en su nombre -","isPartOf":{"@id":"https:\/\/quehacerpolitico.mx\/#website"},"primaryImageOfPage":{"@id":"https:\/\/quehacerpolitico.mx\/?p=120981#primaryimage"},"image":{"@id":"https:\/\/quehacerpolitico.mx\/?p=120981#primaryimage"},"thumbnailUrl":"https:\/\/quehacerpolitico.mx\/wp-content\/uploads\/2025\/12\/IMG_5576.jpeg","datePublished":"2025-12-10T17:50:04+00:00","dateModified":"2025-12-10T17:50:16+00:00","author":{"@id":"https:\/\/quehacerpolitico.mx\/#\/schema\/person\/496d8ad2d1d3f8036101dca7ee39e585"},"breadcrumb":{"@id":"https:\/\/quehacerpolitico.mx\/?p=120981#breadcrumb"},"inLanguage":"es","potentialAction":[{"@type":"ReadAction","target":["https:\/\/quehacerpolitico.mx\/?p=120981"]}]},{"@type":"ImageObject","inLanguage":"es","@id":"https:\/\/quehacerpolitico.mx\/?p=120981#primaryimage","url":"https:\/\/quehacerpolitico.mx\/wp-content\/uploads\/2025\/12\/IMG_5576.jpeg","contentUrl":"https:\/\/quehacerpolitico.mx\/wp-content\/uploads\/2025\/12\/IMG_5576.jpeg","width":425,"height":230},{"@type":"BreadcrumbList","@id":"https:\/\/quehacerpolitico.mx\/?p=120981#breadcrumb","itemListElement":[{"@type":"ListItem","position":1,"name":"Inicio","item":"https:\/\/quehacerpolitico.mx\/"},{"@type":"ListItem","position":2,"name":"&#8220;Venezuela volver\u00e1 a respirar&#8221;: hija de Mar\u00eda Corina Machado recibe el Nobel de la Paz en su nombre"}]},{"@type":"WebSite","@id":"https:\/\/quehacerpolitico.mx\/#website","url":"https:\/\/quehacerpolitico.mx\/","name":"","description":"","potentialAction":[{"@type":"SearchAction","target":{"@type":"EntryPoint","urlTemplate":"https:\/\/quehacerpolitico.mx\/?s={search_term_string}"},"query-input":{"@type":"PropertyValueSpecification","valueRequired":true,"valueName":"search_term_string"}}],"inLanguage":"es"},{"@type":"Person","@id":"https:\/\/quehacerpolitico.mx\/#\/schema\/person\/496d8ad2d1d3f8036101dca7ee39e585","name":"Redacci\u00f3n QP","image":{"@type":"ImageObject","inLanguage":"es","@id":"https:\/\/secure.gravatar.com\/avatar\/c7164ed6fdec453195284ad24a5ae5b6e1eed2b848477fa2a4787ba9adf39a41?s=96&d=mm&r=g","url":"https:\/\/secure.gravatar.com\/avatar\/c7164ed6fdec453195284ad24a5ae5b6e1eed2b848477fa2a4787ba9adf39a41?s=96&d=mm&r=g","contentUrl":"https:\/\/secure.gravatar.com\/avatar\/c7164ed6fdec453195284ad24a5ae5b6e1eed2b848477fa2a4787ba9adf39a41?s=96&d=mm&r=g","caption":"Redacci\u00f3n QP"},"url":"https:\/\/quehacerpolitico.mx\/?author=2"}]}},"featured_image_urls":{"full":["https:\/\/quehacerpolitico.mx\/wp-content\/uploads\/2025\/12\/IMG_5576.jpeg",425,230,false],"thumbnail":["https:\/\/quehacerpolitico.mx\/wp-content\/uploads\/2025\/12\/IMG_5576-150x150.jpeg",150,150,true],"medium":["https:\/\/quehacerpolitico.mx\/wp-content\/uploads\/2025\/12\/IMG_5576-300x162.jpeg",300,162,true],"medium_large":["https:\/\/quehacerpolitico.mx\/wp-content\/uploads\/2025\/12\/IMG_5576.jpeg",425,230,false],"large":["https:\/\/quehacerpolitico.mx\/wp-content\/uploads\/2025\/12\/IMG_5576.jpeg",425,230,false],"1536x1536":["https:\/\/quehacerpolitico.mx\/wp-content\/uploads\/2025\/12\/IMG_5576.jpeg",425,230,false],"2048x2048":["https:\/\/quehacerpolitico.mx\/wp-content\/uploads\/2025\/12\/IMG_5576.jpeg",425,230,false],"covernews-featured":["https:\/\/quehacerpolitico.mx\/wp-content\/uploads\/2025\/12\/IMG_5576.jpeg",425,230,false],"covernews-medium":["https:\/\/quehacerpolitico.mx\/wp-content\/uploads\/2025\/12\/IMG_5576.jpeg",425,230,false]},"author_info":{"display_name":"Redacci\u00f3n QP","author_link":"https:\/\/quehacerpolitico.mx\/?author=2"},"category_info":"<a href=\"https:\/\/quehacerpolitico.mx\/?cat=1\" rel=\"category\">Internacionales<\/a>","tag_info":"Internacionales","comment_count":"0","_links":{"self":[{"href":"https:\/\/quehacerpolitico.mx\/index.php?rest_route=\/wp\/v2\/posts\/120981","targetHints":{"allow":["GET"]}}],"collection":[{"href":"https:\/\/quehacerpolitico.mx\/index.php?rest_route=\/wp\/v2\/posts"}],"about":[{"href":"https:\/\/quehacerpolitico.mx\/index.php?rest_route=\/wp\/v2\/types\/post"}],"author":[{"embeddable":true,"href":"https:\/\/quehacerpolitico.mx\/index.php?rest_route=\/wp\/v2\/users\/2"}],"replies":[{"embeddable":true,"href":"https:\/\/quehacerpolitico.mx\/index.php?rest_route=%2Fwp%2Fv2%2Fcomments&post=120981"}],"version-history":[{"count":1,"href":"https:\/\/quehacerpolitico.mx\/index.php?rest_route=\/wp\/v2\/posts\/120981\/revisions"}],"predecessor-version":[{"id":120983,"href":"https:\/\/quehacerpolitico.mx\/index.php?rest_route=\/wp\/v2\/posts\/120981\/revisions\/120983"}],"wp:featuredmedia":[{"embeddable":true,"href":"https:\/\/quehacerpolitico.mx\/index.php?rest_route=\/wp\/v2\/media\/120982"}],"wp:attachment":[{"href":"https:\/\/quehacerpolitico.mx\/index.php?rest_route=%2Fwp%2Fv2%2Fmedia&parent=120981"}],"wp:term":[{"taxonomy":"category","embeddable":true,"href":"https:\/\/quehacerpolitico.mx\/index.php?rest_route=%2Fwp%2Fv2%2Fcategories&post=120981"},{"taxonomy":"post_tag","embeddable":true,"href":"https:\/\/quehacerpolitico.mx\/index.php?rest_route=%2Fwp%2Fv2%2Ftags&post=120981"}],"curies":[{"name":"wp","href":"https:\/\/api.w.org\/{rel}","templated":true}]}}