{"id":120949,"date":"2025-12-07T20:25:04","date_gmt":"2025-12-08T02:25:04","guid":{"rendered":"https:\/\/quehacerpolitico.mx\/?p=120949"},"modified":"2025-12-07T20:25:08","modified_gmt":"2025-12-08T02:25:08","slug":"el-quehacer-politico-a-traves-de-la-opinion-mtro-federico-alcala-franco-y-la-ilusion-del-orden-la-generacion-z-y-su-romance-con-la-dictadura","status":"publish","type":"post","link":"https:\/\/quehacerpolitico.mx\/?p=120949","title":{"rendered":"El Quehacer Pol\u00edtico a trav\u00e9s de la opini\u00f3n\/\/\/Mtro Federico Alcal\u00e1\/\/\/FRANCO Y LA ILUSI\u00d3N DEL ORDEN La Generaci\u00f3n Z y su romance con la dictadura"},"content":{"rendered":"\n<p>Por Mtro Federico Alcal\u00e1 <\/p>\n\n\n\n<p>El 20 de noviembre de 1975&nbsp;fue el inicio del fin del mito de Franco\u2026o por lo menos eso pensaron aquellos cuyo exilio obligado los llev\u00f3 a recorrer el mundo en busca de la paz arrebatada por la Guerra Civil y una dictadura f\u00e9rrea, cruel y fan\u00e1tica&nbsp;que inici\u00f3 un 1 de abril de 1939. &nbsp;\u00bfPero realmente la figura del autodenominado \u201ccaudillo y general\u00edsimo\u201d se ha difuminado en este siglo XXI?<\/p>\n\n\n\n<p>Pocos ahora recuerdan&nbsp;los miles&nbsp;de personas que abandonaron tierra, patria, libertad y raz\u00f3n de ser en busca de salvar la vida de la&nbsp;cruel persecuci\u00f3n que Franco inici\u00f3 al final de la lucha fratricida. Miles que partieron en barcos como el Sinaia y&nbsp;que&nbsp;llegaron a puertos de este lado del \u201ccharco\u201d como Veracruz, La Habana, Santo Domingo y Buenos Aires. &nbsp;Otros m\u00e1s partieron a la otrora Uni\u00f3n Sovi\u00e9tica o los pa\u00edses de la esfera comunista.&nbsp;<\/p>\n\n\n\n<p>La intelectualidad que nutri\u00f3 culturalmente a nuestra Latinoam\u00e9rica y otros tantos que llegaron a emprender con sus oficios guardados en mochilas y en sacos y cuya sapiencia t\u00e9cnica quedaba protegida por la inconfundible boina vasca.&nbsp;<\/p>\n\n\n\n<p>Franco fue cruel, despiadado y c\u00ednico. &nbsp;Visti\u00f3 de \u201csantidad\u201d el genocidio de sus propios compatriotas y super\u00f3 con \u00e9xito la purga de nazis y fascistas italianos en un mundo que, en la posguerra entendi\u00f3 que el \u201cenemigo de tu enemigo, es tu amigo\u201d. &nbsp;La hipocres\u00eda norteamericana&nbsp;no solo le perdon\u00f3 el pecado de ser socio de Hitler, sino utiliz\u00f3 su imagen y semejanza para imponer su modelo dictatorial en todo el continente americano.<\/p>\n\n\n\n<p>Dictadores como Trujillo y una larga lista m\u00e1s hasta llegar a Pinochet y la junta militar argentina, desde Guatemala hasta la Patagonia fueron hechos a partir del modelo franquista.&nbsp;La desaparici\u00f3n forzada, los asesinatos, los campos de concentraci\u00f3n, la prisi\u00f3n y la tortura a quienes se atrevieran a poner en entredicho las \u201cbondades del orden\u201d fueron el pan nuestro de toda Hispanoam\u00e9rica.<\/p>\n\n\n\n<p>Desde luego hablar de \u201cdictadura\u201d implica la destrucci\u00f3n total del orden constitucional y la negaci\u00f3n de la condici\u00f3n humana como titular de derechos inalienables. &nbsp;Y, sin embargo, ahora a cincuenta a\u00f1os del fallecimiento del dictador no faltan imberbes que caigan bajo la narrativa hipn\u00f3tica del orden perdido, de la raz\u00f3n cultivada entre misas, rosarios y glorificaci\u00f3n del \u201cSant\u00edsimo\u201d y la figura intocable del Caudillo.&nbsp;<\/p>\n\n\n\n<p>En el mundo actual hay un nuevo fantasma que pulula en todos los pa\u00edses del orbe\u2026el retorno de los fanatismos ultraderechistas imbuidos de odio hacia \u201cel otro\u201d,&nbsp;de&nbsp;discriminaci\u00f3n, fanatismo religioso e intolerancia. &nbsp;Los Republicanos en Norteam\u00e9rica, el Partido Popular y VOX en Espa\u00f1a y una larga lista de partidos y pol\u00edticos en Europa y Latinoam\u00e9rica&nbsp;cuyo discurso suena a sue\u00f1os de grandeza entre los integrantes de una generaci\u00f3n que se desmorona por falta de una raz\u00f3n que justifique su vac\u00eda existencia.&nbsp;<\/p>\n\n\n\n<p>Y, resulta curioso. &nbsp;En estos tiempos donde predomina&nbsp;a nivel mundial&nbsp;la tolerancia hacia la homosexualidad femenina y masculina y se posiciona la perspectiva de g\u00e9nero y la diversidad sexual, en Espa\u00f1a los estudios a partir de la conmemoraci\u00f3n del fallecimiento de Franco arrojanuna desconexi\u00f3n severa en la Generaci\u00f3n Z. &nbsp;Se encontr\u00f3 que&nbsp;el 48% de la juventud de entre 18 y 28 a\u00f1os ignora queFederico Garc\u00eda&nbsp;Lorca fue asesinado. Casi la mitad de los j\u00f3venes que han crecido en democracia saben que Lorca fue un&nbsp;gran&nbsp;poeta&nbsp;y representante&nbsp;importante&nbsp;de su generaci\u00f3n, pero&nbsp;la gran&nbsp;mayor\u00eda&nbsp;ignoran que fue asesinado por los golpistas debido a su ideolog\u00eda, compromiso social y, sobretodo, por su&nbsp;orientaci\u00f3n sexual.<\/p>\n\n\n\n<p>El caso de Federico Garc\u00eda Lorca se tom\u00f3 como referencia para medir la respuesta de la poblaci\u00f3n respecto de la figura de Francisco Franco y su r\u00e9gimen. Lorca no solo es uno de los intelectuales m\u00e1s brillantes del entorno intelectual de Espa\u00f1a en las primeras dos d\u00e9cadas de siglo XX, sino una de las primeras v\u00edctimas mortales de la Dictadura. &nbsp;Amigo de Bu\u00f1uel y Salvador Dal\u00ed, el poeta nunca represent\u00f3 un peligro pol\u00edtico pues no se ostentaba como comunista o radical. &nbsp;Simplemente aprovecho un momento de&nbsp;apertura ideol\u00f3gica de la Espa\u00f1a que buscaba salir del oscurantismo del siglo precedente y enfrentar el cosmopolitismo imperante. &nbsp;No olvidemos que Lorca viaj\u00f3 a Nueva York y su creaci\u00f3n no solo abarc\u00f3 la poes\u00eda, sino tambi\u00e9n las artes esc\u00e9nicas.&nbsp;En fin, era simplemente un hombre de su tiempo.<\/p>\n\n\n\n<p>Sin embargo, es precisamente su cosmopolitismo y su abierta homosexualidad lo que trajo el odio de sus captores, intoxicados de \u201cnacionalismo\u201d y \u201ccatolicismo\u201d pero, sobretodo de la narrativa fascista de \u201cdestruir al otro\u201d\u2026de exterminar la peste, de allanar el camino a la \u201cNueva Espa\u00f1a\u201d. Por ello, plantear su figura como referente de estudio sobre la influencia del franquismo en la nueva ultra derecha espa\u00f1ola \u2013y mundial- es tan importante.<\/p>\n\n\n\n<p>Es as\u00ed que, en Espa\u00f1a a&nbsp;nivel nacional, solo el 62,8% de la poblaci\u00f3n es capaz de se\u00f1alar correctamente al bando franquista como responsable de su&nbsp;asesinato. El resto de las respuestas dibuja un mapa de la desmemoria en Espa\u00f1a que se explica a trav\u00e9s de dos ejes fundamentales: la brecha generacional y la posici\u00f3n ideol\u00f3gica.&nbsp;&nbsp;Por cuanto a la brecha generacional ya hemos se\u00f1alado que un 48% de la poblaci\u00f3n espa\u00f1ola entre los 18 y 28 a\u00f1os de edad ignora el hecho de su homicidio, pero por cuanto a la cuesti\u00f3n&nbsp;ideol\u00f3gica, en este 2025&nbsp;la figura de Federico Garc\u00eda Lorca emerge en las encuestas con una dualidad estad\u00edstica incontestable: a pesar de ser uno de los iconos culturales m\u00e1s reconocidos del pa\u00eds, su tragedia pol\u00edtica est\u00e1 cada vez m\u00e1s desdibujada.<\/p>\n\n\n\n<p>De acuerdo a los estudios generados a partir del&nbsp;cincuenta aniversario&nbsp;de la muerte de Franco, el 94,5% de los espa\u00f1oles sabe qui\u00e9n fue el poeta granadino, sin embargo, al preguntar por su tr\u00e1gico final el consenso se difumina. &nbsp;Y, en ese sentido, solo el 62,8% de la poblaci\u00f3n \u2013incluyendo la Generaci\u00f3n Z- es capaz de se\u00f1alar correctamente al bando franquista como responsable de su sacrificio.<\/p>\n\n\n\n<p>Por cuanto al universo pol\u00edtico en Espa\u00f1a, la gente que se dijo de&nbsp;\u201cCentro\u201d&nbsp;se aleja de la realidad pues, hasta un&nbsp;24,3% de&nbsp;los&nbsp;encuestados,&nbsp;atribuye err\u00f3neamente el asesinato de Lorca al bando republicano.&nbsp;&nbsp;Por otro lado, los afectos a la&nbsp;extrema derecha,&nbsp;son los que de plano niegan o desconocen los hechos sobre la muerte de Garc\u00eda Lorca. Los datos arrojan&nbsp;que apenas la mitad de sus simpatizantes, es decir un51,7%,&nbsp;admite que fue el franquismo quien&nbsp;asesino&nbsp;a Lorca. El otro 48% se refugia en dos posturas: el&nbsp;\u201crevisionismo\u201d en el cual hasta&nbsp;un 23,8%&nbsp;de afines a la extrema derecha&nbsp;culpa falsamente a la Rep\u00fablica y, otros de plano desconocen el hecho. Estos que ni siquiera les interesa el homicidio de Lorca implican un&nbsp;24,4%&nbsp;de los encuestados. Estos estudios demostraron que&nbsp;la poblaci\u00f3n af\u00edn a las corrientes de ultra derecha actuales constituye&nbsp;el&nbsp;grupo&nbsp;ideol\u00f3gico con mayor tasa de ignorancia sobre este hecho.<\/p>\n\n\n\n<p>\u00bfEn verdad es ignorancia o simplemente la banalidad de minimizar el hecho para seguir la corriente \u201cde moda\u201d? &nbsp;La ultra derecha espa\u00f1ola, como el resto de las corrientes de ultra derecha en el mundo, asume posiciones radicales que entusiasman a la juventud como si estas se tratasen de una \u201ctendencia\u201d que se debe seguir para estar \u201cconectado\u201d con el resto de la generaci\u00f3n Z. &nbsp; Es&nbsp;evidente que la frase grafiteada afuera de una biblioteca p\u00fablica\u2026\u201d Menos&nbsp;libros, m\u00e1s Espa\u00f1a, VOX\u201d es tan clara como las&nbsp;arengas&nbsp;del General&nbsp;Mill\u00e1n-Astray de&nbsp;\u201cMuera la inteligencia, viva la muerte\u201d y causan en esta juventud sin simientes el mismo furor quecaus\u00f3 en&nbsp;aquella que impuls\u00f3 y mat\u00f3 a nombre de Francisco Franco y la Falange.<\/p>\n\n\n\n<p>\u00bfDe que viene el \u201camor\u201d por Franco a cincuenta a\u00f1os de su muerte f\u00edsica? &nbsp;As\u00ed como en Chile se rememora a Pinochet y en Alemania a Hitler, lo mismo sucede con su presencia que, a\u00fan despu\u00e9s de cincuenta a\u00f1os no ha desaparecido del todo en la poblaci\u00f3n actual. &nbsp;La poblaci\u00f3n que creci\u00f3 en los a\u00f1os de la dictadura se adentra cada vez m\u00e1s en la vejez. &nbsp;Para muchos de ellos, Franco simplemente fue algo cotidiano y, para aquellos que nacieron a partir de 1970, un recuerdo con diversos matices: &nbsp;aquellos que percibieron en sus progenitores los aires de libertad u otros a quienes el franquismo&nbsp;dio a sus familias posici\u00f3n, riqueza y reconocimiento.<\/p>\n\n\n\n<p>En la mayor\u00eda de los casos, nadie en la Espa\u00f1a actual conoce lo que es vivir fuera de la democracia, y sin embargo la idea de recuperar el r\u00e9gimen dictatorial se asoma como una soluci\u00f3n viable a la din\u00e1mica pol\u00edtica de estos tiempos. &nbsp;Esto no solo acontece en Espa\u00f1a, pues vemos resurgir corrientes de ultra derecha en Italia, Alemania, Polonia y, por cuanto a este lado del oc\u00e9ano, el giro autoritario que adopt\u00f3 la actual gesti\u00f3n de Donald Trump como presidente del pa\u00eds m\u00e1s poderoso del mundo, ha sido el justificante perfecto para que pol\u00edticos de ultra derecha en Latinoam\u00e9rica se sientan cobijados por un poder ilimitado.&nbsp;<\/p>\n\n\n\n<p>Ahora m\u00e1s que nunca ponemos en duda lo que el sabio Miguel de Unamuno le espet\u00f3 a Mill\u00e1n-Astray: \u201cVencer\u00e9is, pero no&nbsp;convencer\u00e9is\u201d \u2026&nbsp;Los medios, el internet y las redes sociales;&nbsp;la manipulaci\u00f3n de las masas y el descontento generalizado de una generaci\u00f3n que no comprende ni siquiera el objetivo de existir en este mundo, impondr\u00e1n en un buen n\u00famero de pa\u00edses del orbe un r\u00e9gimen de excepci\u00f3n que no tardar\u00e1 de mostrar sus garras y sus dientes. &nbsp;Ser\u00e1 para ellos, victimas no solo de su vac\u00edo sino tambi\u00e9n de la suplantaci\u00f3n de una \u201cinteligencia artificial\u201d que pretende omitirlos, el final de los tiempos. Ya no ser\u00e1 necesario convencer\u2026el destino del fascismo crudo y llano es vencer. Dixit.<\/p>\n","protected":false},"excerpt":{"rendered":"<p>Por Mtro Federico Alcal\u00e1 El 20 de noviembre de 1975&nbsp;fue el inicio del fin del&#8230;<\/p>\n","protected":false},"author":2,"featured_media":120950,"comment_status":"open","ping_status":"open","sticky":false,"template":"","format":"standard","meta":{"_monsterinsights_skip_tracking":false,"_monsterinsights_sitenote_active":false,"_monsterinsights_sitenote_note":"","_monsterinsights_sitenote_category":0,"footnotes":""},"categories":[280,2],"tags":[],"class_list":["post-120949","post","type-post","status-publish","format-standard","has-post-thumbnail","hentry","category-nacionales","category-noticias"],"yoast_head":"<!-- This site is optimized with the Yoast SEO plugin v27.3 - https:\/\/yoast.com\/product\/yoast-seo-wordpress\/ -->\n<title>El Quehacer Pol\u00edtico a trav\u00e9s de la opini\u00f3n\/\/\/Mtro Federico Alcal\u00e1\/\/\/FRANCO Y LA ILUSI\u00d3N DEL ORDEN La Generaci\u00f3n Z y su romance con la dictadura -<\/title>\n<meta name=\"robots\" content=\"index, follow, max-snippet:-1, max-image-preview:large, max-video-preview:-1\" \/>\n<link rel=\"canonical\" href=\"https:\/\/quehacerpolitico.mx\/?p=120949\" \/>\n<meta property=\"og:locale\" content=\"es_MX\" \/>\n<meta property=\"og:type\" content=\"article\" \/>\n<meta property=\"og:title\" content=\"El Quehacer Pol\u00edtico a trav\u00e9s de la opini\u00f3n\/\/\/Mtro Federico Alcal\u00e1\/\/\/FRANCO Y LA ILUSI\u00d3N DEL ORDEN La Generaci\u00f3n Z y su romance con la dictadura -\" \/>\n<meta property=\"og:description\" content=\"Por Mtro Federico Alcal\u00e1 El 20 de noviembre de 1975&nbsp;fue el inicio del fin del...\" \/>\n<meta property=\"og:url\" content=\"https:\/\/quehacerpolitico.mx\/?p=120949\" \/>\n<meta property=\"article:published_time\" content=\"2025-12-08T02:25:04+00:00\" \/>\n<meta property=\"article:modified_time\" content=\"2025-12-08T02:25:08+00:00\" \/>\n<meta property=\"og:image\" content=\"http:\/\/quehacerpolitico.mx\/wp-content\/uploads\/2025\/12\/1b3d6e6e-28e1-4481-b072-735031db0852.jpeg\" \/>\n\t<meta property=\"og:image:width\" content=\"963\" \/>\n\t<meta property=\"og:image:height\" content=\"493\" \/>\n\t<meta property=\"og:image:type\" content=\"image\/jpeg\" \/>\n<meta name=\"author\" content=\"Redacci\u00f3n QP\" \/>\n<meta name=\"twitter:card\" content=\"summary_large_image\" \/>\n<meta name=\"twitter:label1\" content=\"Escrito por\" \/>\n\t<meta name=\"twitter:data1\" content=\"Redacci\u00f3n QP\" \/>\n\t<meta name=\"twitter:label2\" content=\"Tiempo de lectura\" \/>\n\t<meta name=\"twitter:data2\" content=\"8 minutos\" \/>\n<script type=\"application\/ld+json\" class=\"yoast-schema-graph\">{\"@context\":\"https:\\\/\\\/schema.org\",\"@graph\":[{\"@type\":\"Article\",\"@id\":\"https:\\\/\\\/quehacerpolitico.mx\\\/?p=120949#article\",\"isPartOf\":{\"@id\":\"https:\\\/\\\/quehacerpolitico.mx\\\/?p=120949\"},\"author\":{\"name\":\"Redacci\u00f3n QP\",\"@id\":\"https:\\\/\\\/quehacerpolitico.mx\\\/#\\\/schema\\\/person\\\/496d8ad2d1d3f8036101dca7ee39e585\"},\"headline\":\"El Quehacer Pol\u00edtico a trav\u00e9s de la opini\u00f3n\\\/\\\/\\\/Mtro Federico Alcal\u00e1\\\/\\\/\\\/FRANCO Y LA ILUSI\u00d3N DEL ORDEN La Generaci\u00f3n Z y su romance con la dictadura\",\"datePublished\":\"2025-12-08T02:25:04+00:00\",\"dateModified\":\"2025-12-08T02:25:08+00:00\",\"mainEntityOfPage\":{\"@id\":\"https:\\\/\\\/quehacerpolitico.mx\\\/?p=120949\"},\"wordCount\":1854,\"commentCount\":0,\"image\":{\"@id\":\"https:\\\/\\\/quehacerpolitico.mx\\\/?p=120949#primaryimage\"},\"thumbnailUrl\":\"https:\\\/\\\/quehacerpolitico.mx\\\/wp-content\\\/uploads\\\/2025\\\/12\\\/1b3d6e6e-28e1-4481-b072-735031db0852.jpeg\",\"articleSection\":[\"Nacionales\",\"Noticias\"],\"inLanguage\":\"es\",\"potentialAction\":[{\"@type\":\"CommentAction\",\"name\":\"Comment\",\"target\":[\"https:\\\/\\\/quehacerpolitico.mx\\\/?p=120949#respond\"]}]},{\"@type\":\"WebPage\",\"@id\":\"https:\\\/\\\/quehacerpolitico.mx\\\/?p=120949\",\"url\":\"https:\\\/\\\/quehacerpolitico.mx\\\/?p=120949\",\"name\":\"El Quehacer Pol\u00edtico a trav\u00e9s de la opini\u00f3n\\\/\\\/\\\/Mtro Federico Alcal\u00e1\\\/\\\/\\\/FRANCO Y LA ILUSI\u00d3N DEL ORDEN La Generaci\u00f3n Z y su romance con la dictadura -\",\"isPartOf\":{\"@id\":\"https:\\\/\\\/quehacerpolitico.mx\\\/#website\"},\"primaryImageOfPage\":{\"@id\":\"https:\\\/\\\/quehacerpolitico.mx\\\/?p=120949#primaryimage\"},\"image\":{\"@id\":\"https:\\\/\\\/quehacerpolitico.mx\\\/?p=120949#primaryimage\"},\"thumbnailUrl\":\"https:\\\/\\\/quehacerpolitico.mx\\\/wp-content\\\/uploads\\\/2025\\\/12\\\/1b3d6e6e-28e1-4481-b072-735031db0852.jpeg\",\"datePublished\":\"2025-12-08T02:25:04+00:00\",\"dateModified\":\"2025-12-08T02:25:08+00:00\",\"author\":{\"@id\":\"https:\\\/\\\/quehacerpolitico.mx\\\/#\\\/schema\\\/person\\\/496d8ad2d1d3f8036101dca7ee39e585\"},\"breadcrumb\":{\"@id\":\"https:\\\/\\\/quehacerpolitico.mx\\\/?p=120949#breadcrumb\"},\"inLanguage\":\"es\",\"potentialAction\":[{\"@type\":\"ReadAction\",\"target\":[\"https:\\\/\\\/quehacerpolitico.mx\\\/?p=120949\"]}]},{\"@type\":\"ImageObject\",\"inLanguage\":\"es\",\"@id\":\"https:\\\/\\\/quehacerpolitico.mx\\\/?p=120949#primaryimage\",\"url\":\"https:\\\/\\\/quehacerpolitico.mx\\\/wp-content\\\/uploads\\\/2025\\\/12\\\/1b3d6e6e-28e1-4481-b072-735031db0852.jpeg\",\"contentUrl\":\"https:\\\/\\\/quehacerpolitico.mx\\\/wp-content\\\/uploads\\\/2025\\\/12\\\/1b3d6e6e-28e1-4481-b072-735031db0852.jpeg\",\"width\":963,\"height\":493},{\"@type\":\"BreadcrumbList\",\"@id\":\"https:\\\/\\\/quehacerpolitico.mx\\\/?p=120949#breadcrumb\",\"itemListElement\":[{\"@type\":\"ListItem\",\"position\":1,\"name\":\"Inicio\",\"item\":\"https:\\\/\\\/quehacerpolitico.mx\\\/\"},{\"@type\":\"ListItem\",\"position\":2,\"name\":\"El Quehacer Pol\u00edtico a trav\u00e9s de la opini\u00f3n\\\/\\\/\\\/Mtro Federico Alcal\u00e1\\\/\\\/\\\/FRANCO Y LA ILUSI\u00d3N DEL ORDEN La Generaci\u00f3n Z y su romance con la dictadura\"}]},{\"@type\":\"WebSite\",\"@id\":\"https:\\\/\\\/quehacerpolitico.mx\\\/#website\",\"url\":\"https:\\\/\\\/quehacerpolitico.mx\\\/\",\"name\":\"\",\"description\":\"\",\"potentialAction\":[{\"@type\":\"SearchAction\",\"target\":{\"@type\":\"EntryPoint\",\"urlTemplate\":\"https:\\\/\\\/quehacerpolitico.mx\\\/?s={search_term_string}\"},\"query-input\":{\"@type\":\"PropertyValueSpecification\",\"valueRequired\":true,\"valueName\":\"search_term_string\"}}],\"inLanguage\":\"es\"},{\"@type\":\"Person\",\"@id\":\"https:\\\/\\\/quehacerpolitico.mx\\\/#\\\/schema\\\/person\\\/496d8ad2d1d3f8036101dca7ee39e585\",\"name\":\"Redacci\u00f3n QP\",\"image\":{\"@type\":\"ImageObject\",\"inLanguage\":\"es\",\"@id\":\"https:\\\/\\\/secure.gravatar.com\\\/avatar\\\/c7164ed6fdec453195284ad24a5ae5b6e1eed2b848477fa2a4787ba9adf39a41?s=96&d=mm&r=g\",\"url\":\"https:\\\/\\\/secure.gravatar.com\\\/avatar\\\/c7164ed6fdec453195284ad24a5ae5b6e1eed2b848477fa2a4787ba9adf39a41?s=96&d=mm&r=g\",\"contentUrl\":\"https:\\\/\\\/secure.gravatar.com\\\/avatar\\\/c7164ed6fdec453195284ad24a5ae5b6e1eed2b848477fa2a4787ba9adf39a41?s=96&d=mm&r=g\",\"caption\":\"Redacci\u00f3n QP\"},\"url\":\"https:\\\/\\\/quehacerpolitico.mx\\\/?author=2\"}]}<\/script>\n<!-- \/ Yoast SEO plugin. -->","yoast_head_json":{"title":"El Quehacer Pol\u00edtico a trav\u00e9s de la opini\u00f3n\/\/\/Mtro Federico Alcal\u00e1\/\/\/FRANCO Y LA ILUSI\u00d3N DEL ORDEN La Generaci\u00f3n Z y su romance con la dictadura -","robots":{"index":"index","follow":"follow","max-snippet":"max-snippet:-1","max-image-preview":"max-image-preview:large","max-video-preview":"max-video-preview:-1"},"canonical":"https:\/\/quehacerpolitico.mx\/?p=120949","og_locale":"es_MX","og_type":"article","og_title":"El Quehacer Pol\u00edtico a trav\u00e9s de la opini\u00f3n\/\/\/Mtro Federico Alcal\u00e1\/\/\/FRANCO Y LA ILUSI\u00d3N DEL ORDEN La Generaci\u00f3n Z y su romance con la dictadura -","og_description":"Por Mtro Federico Alcal\u00e1 El 20 de noviembre de 1975&nbsp;fue el inicio del fin del...","og_url":"https:\/\/quehacerpolitico.mx\/?p=120949","article_published_time":"2025-12-08T02:25:04+00:00","article_modified_time":"2025-12-08T02:25:08+00:00","og_image":[{"width":963,"height":493,"url":"http:\/\/quehacerpolitico.mx\/wp-content\/uploads\/2025\/12\/1b3d6e6e-28e1-4481-b072-735031db0852.jpeg","type":"image\/jpeg"}],"author":"Redacci\u00f3n QP","twitter_card":"summary_large_image","twitter_misc":{"Escrito por":"Redacci\u00f3n QP","Tiempo de lectura":"8 minutos"},"schema":{"@context":"https:\/\/schema.org","@graph":[{"@type":"Article","@id":"https:\/\/quehacerpolitico.mx\/?p=120949#article","isPartOf":{"@id":"https:\/\/quehacerpolitico.mx\/?p=120949"},"author":{"name":"Redacci\u00f3n QP","@id":"https:\/\/quehacerpolitico.mx\/#\/schema\/person\/496d8ad2d1d3f8036101dca7ee39e585"},"headline":"El Quehacer Pol\u00edtico a trav\u00e9s de la opini\u00f3n\/\/\/Mtro Federico Alcal\u00e1\/\/\/FRANCO Y LA ILUSI\u00d3N DEL ORDEN La Generaci\u00f3n Z y su romance con la dictadura","datePublished":"2025-12-08T02:25:04+00:00","dateModified":"2025-12-08T02:25:08+00:00","mainEntityOfPage":{"@id":"https:\/\/quehacerpolitico.mx\/?p=120949"},"wordCount":1854,"commentCount":0,"image":{"@id":"https:\/\/quehacerpolitico.mx\/?p=120949#primaryimage"},"thumbnailUrl":"https:\/\/quehacerpolitico.mx\/wp-content\/uploads\/2025\/12\/1b3d6e6e-28e1-4481-b072-735031db0852.jpeg","articleSection":["Nacionales","Noticias"],"inLanguage":"es","potentialAction":[{"@type":"CommentAction","name":"Comment","target":["https:\/\/quehacerpolitico.mx\/?p=120949#respond"]}]},{"@type":"WebPage","@id":"https:\/\/quehacerpolitico.mx\/?p=120949","url":"https:\/\/quehacerpolitico.mx\/?p=120949","name":"El Quehacer Pol\u00edtico a trav\u00e9s de la opini\u00f3n\/\/\/Mtro Federico Alcal\u00e1\/\/\/FRANCO Y LA ILUSI\u00d3N DEL ORDEN La Generaci\u00f3n Z y su romance con la dictadura -","isPartOf":{"@id":"https:\/\/quehacerpolitico.mx\/#website"},"primaryImageOfPage":{"@id":"https:\/\/quehacerpolitico.mx\/?p=120949#primaryimage"},"image":{"@id":"https:\/\/quehacerpolitico.mx\/?p=120949#primaryimage"},"thumbnailUrl":"https:\/\/quehacerpolitico.mx\/wp-content\/uploads\/2025\/12\/1b3d6e6e-28e1-4481-b072-735031db0852.jpeg","datePublished":"2025-12-08T02:25:04+00:00","dateModified":"2025-12-08T02:25:08+00:00","author":{"@id":"https:\/\/quehacerpolitico.mx\/#\/schema\/person\/496d8ad2d1d3f8036101dca7ee39e585"},"breadcrumb":{"@id":"https:\/\/quehacerpolitico.mx\/?p=120949#breadcrumb"},"inLanguage":"es","potentialAction":[{"@type":"ReadAction","target":["https:\/\/quehacerpolitico.mx\/?p=120949"]}]},{"@type":"ImageObject","inLanguage":"es","@id":"https:\/\/quehacerpolitico.mx\/?p=120949#primaryimage","url":"https:\/\/quehacerpolitico.mx\/wp-content\/uploads\/2025\/12\/1b3d6e6e-28e1-4481-b072-735031db0852.jpeg","contentUrl":"https:\/\/quehacerpolitico.mx\/wp-content\/uploads\/2025\/12\/1b3d6e6e-28e1-4481-b072-735031db0852.jpeg","width":963,"height":493},{"@type":"BreadcrumbList","@id":"https:\/\/quehacerpolitico.mx\/?p=120949#breadcrumb","itemListElement":[{"@type":"ListItem","position":1,"name":"Inicio","item":"https:\/\/quehacerpolitico.mx\/"},{"@type":"ListItem","position":2,"name":"El Quehacer Pol\u00edtico a trav\u00e9s de la opini\u00f3n\/\/\/Mtro Federico Alcal\u00e1\/\/\/FRANCO Y LA ILUSI\u00d3N DEL ORDEN La Generaci\u00f3n Z y su romance con la dictadura"}]},{"@type":"WebSite","@id":"https:\/\/quehacerpolitico.mx\/#website","url":"https:\/\/quehacerpolitico.mx\/","name":"","description":"","potentialAction":[{"@type":"SearchAction","target":{"@type":"EntryPoint","urlTemplate":"https:\/\/quehacerpolitico.mx\/?s={search_term_string}"},"query-input":{"@type":"PropertyValueSpecification","valueRequired":true,"valueName":"search_term_string"}}],"inLanguage":"es"},{"@type":"Person","@id":"https:\/\/quehacerpolitico.mx\/#\/schema\/person\/496d8ad2d1d3f8036101dca7ee39e585","name":"Redacci\u00f3n QP","image":{"@type":"ImageObject","inLanguage":"es","@id":"https:\/\/secure.gravatar.com\/avatar\/c7164ed6fdec453195284ad24a5ae5b6e1eed2b848477fa2a4787ba9adf39a41?s=96&d=mm&r=g","url":"https:\/\/secure.gravatar.com\/avatar\/c7164ed6fdec453195284ad24a5ae5b6e1eed2b848477fa2a4787ba9adf39a41?s=96&d=mm&r=g","contentUrl":"https:\/\/secure.gravatar.com\/avatar\/c7164ed6fdec453195284ad24a5ae5b6e1eed2b848477fa2a4787ba9adf39a41?s=96&d=mm&r=g","caption":"Redacci\u00f3n QP"},"url":"https:\/\/quehacerpolitico.mx\/?author=2"}]}},"featured_image_urls":{"full":["https:\/\/quehacerpolitico.mx\/wp-content\/uploads\/2025\/12\/1b3d6e6e-28e1-4481-b072-735031db0852.jpeg",963,493,false],"thumbnail":["https:\/\/quehacerpolitico.mx\/wp-content\/uploads\/2025\/12\/1b3d6e6e-28e1-4481-b072-735031db0852-150x150.jpeg",150,150,true],"medium":["https:\/\/quehacerpolitico.mx\/wp-content\/uploads\/2025\/12\/1b3d6e6e-28e1-4481-b072-735031db0852-300x154.jpeg",300,154,true],"medium_large":["https:\/\/quehacerpolitico.mx\/wp-content\/uploads\/2025\/12\/1b3d6e6e-28e1-4481-b072-735031db0852-768x393.jpeg",640,328,true],"large":["https:\/\/quehacerpolitico.mx\/wp-content\/uploads\/2025\/12\/1b3d6e6e-28e1-4481-b072-735031db0852.jpeg",640,328,false],"1536x1536":["https:\/\/quehacerpolitico.mx\/wp-content\/uploads\/2025\/12\/1b3d6e6e-28e1-4481-b072-735031db0852.jpeg",963,493,false],"2048x2048":["https:\/\/quehacerpolitico.mx\/wp-content\/uploads\/2025\/12\/1b3d6e6e-28e1-4481-b072-735031db0852.jpeg",963,493,false],"covernews-featured":["https:\/\/quehacerpolitico.mx\/wp-content\/uploads\/2025\/12\/1b3d6e6e-28e1-4481-b072-735031db0852.jpeg",963,493,false],"covernews-medium":["https:\/\/quehacerpolitico.mx\/wp-content\/uploads\/2025\/12\/1b3d6e6e-28e1-4481-b072-735031db0852-540x340.jpeg",540,340,true]},"author_info":{"display_name":"Redacci\u00f3n QP","author_link":"https:\/\/quehacerpolitico.mx\/?author=2"},"category_info":"<a href=\"https:\/\/quehacerpolitico.mx\/?cat=280\" rel=\"category\">Nacionales<\/a> <a href=\"https:\/\/quehacerpolitico.mx\/?cat=2\" rel=\"category\">Noticias<\/a>","tag_info":"Noticias","comment_count":"0","_links":{"self":[{"href":"https:\/\/quehacerpolitico.mx\/index.php?rest_route=\/wp\/v2\/posts\/120949","targetHints":{"allow":["GET"]}}],"collection":[{"href":"https:\/\/quehacerpolitico.mx\/index.php?rest_route=\/wp\/v2\/posts"}],"about":[{"href":"https:\/\/quehacerpolitico.mx\/index.php?rest_route=\/wp\/v2\/types\/post"}],"author":[{"embeddable":true,"href":"https:\/\/quehacerpolitico.mx\/index.php?rest_route=\/wp\/v2\/users\/2"}],"replies":[{"embeddable":true,"href":"https:\/\/quehacerpolitico.mx\/index.php?rest_route=%2Fwp%2Fv2%2Fcomments&post=120949"}],"version-history":[{"count":1,"href":"https:\/\/quehacerpolitico.mx\/index.php?rest_route=\/wp\/v2\/posts\/120949\/revisions"}],"predecessor-version":[{"id":120951,"href":"https:\/\/quehacerpolitico.mx\/index.php?rest_route=\/wp\/v2\/posts\/120949\/revisions\/120951"}],"wp:featuredmedia":[{"embeddable":true,"href":"https:\/\/quehacerpolitico.mx\/index.php?rest_route=\/wp\/v2\/media\/120950"}],"wp:attachment":[{"href":"https:\/\/quehacerpolitico.mx\/index.php?rest_route=%2Fwp%2Fv2%2Fmedia&parent=120949"}],"wp:term":[{"taxonomy":"category","embeddable":true,"href":"https:\/\/quehacerpolitico.mx\/index.php?rest_route=%2Fwp%2Fv2%2Fcategories&post=120949"},{"taxonomy":"post_tag","embeddable":true,"href":"https:\/\/quehacerpolitico.mx\/index.php?rest_route=%2Fwp%2Fv2%2Ftags&post=120949"}],"curies":[{"name":"wp","href":"https:\/\/api.w.org\/{rel}","templated":true}]}}