{"id":120947,"date":"2025-12-07T20:06:05","date_gmt":"2025-12-08T02:06:05","guid":{"rendered":"https:\/\/quehacerpolitico.mx\/?p=120947"},"modified":"2025-12-07T20:06:08","modified_gmt":"2025-12-08T02:06:08","slug":"el-quehacer-politico-a-traves-de-las-visiones-en-papel-en-la-opinion-de-karla-flores-la-corona-como-simbolo-de-poder-el-lado-glam-y-politico-de-los-certamenes","status":"publish","type":"post","link":"https:\/\/quehacerpolitico.mx\/?p=120947","title":{"rendered":"El Quehacer Pol\u00edtico a trav\u00e9s de las visiones en papel en la opini\u00f3n de Karla Flores\/\/\/La corona como s\u00edmbolo de poder: el lado glam y pol\u00edtico de los cert\u00e1menes"},"content":{"rendered":"\n<p>Por Karla Flores<\/p>\n\n\n\n<p>Analista<\/p>\n\n\n\n<p>En un mundo saturado de debates, tendencias ef\u00edmeras y pantallas que cambian cada segundo, los cert\u00e1menes de belleza siguen ocupando un lugar inesperadamente relevante. No son s\u00f3lo espect\u00e1culos glamorosos ni noches de coronaci\u00f3n: son escenarios donde se cruzan cultura, geopol\u00edtica, identidades y las narrativas que un pa\u00eds quiere o necesita mostrarle al mundo.<\/p>\n\n\n\n<p>Este 2025 F\u00e1tima Bosh, representante mexicana, fue la muestra de c\u00f3mo un evento que pareciera manejar las motivaciones m\u00e1s superficiales, se convirti\u00f3 en el centro de una conversaci\u00f3n global. No por un tropiezo ni por un esc\u00e1ndalo, sino por algo mucho m\u00e1s profundo: la manera en que su presencia, su discurso y lo que ocurri\u00f3 durante la final expusieron tensiones, aspiraciones y contradicciones que van m\u00e1s all\u00e1 del brillo del escenario.<\/p>\n\n\n\n<p>Aunque parezca un relicario del siglo pasado, los cert\u00e1menes de belleza siguen siendo eventos diplom\u00e1ticos, vitrinas de pol\u00edtica blanda y plataformas donde cada pa\u00eds ensaya su narrativa internacional. &nbsp;Lo que se premia y lo que se castiga &nbsp;dice mucho acerca de qu\u00e9 cuerpos se consideran ideales, qu\u00e9 voces se celebran, qu\u00e9 temas se le permiten a las mujeres y c\u00f3mo cada naci\u00f3n quiere ser vista. &nbsp;En definitiva, la belleza es entendida como s\u00edmbolo cultural, es tambi\u00e9n un acto pol\u00edtico.<\/p>\n\n\n\n<p>En 2025, F\u00e1tima Bosh lleg\u00f3 al certamen con una preparaci\u00f3n impecable: pasarela, carisma, dominio esc\u00e9nico y una inteligencia estrat\u00e9gica que la coloc\u00f3 r\u00e1pidamente entre las favoritas. &nbsp;Pero el verdadero giro vino durante las rondas finales, cuando una respuesta suya &nbsp;matizada, elegante y profundamente humana abri\u00f3 una conversaci\u00f3n global sobre representaci\u00f3n, diversidad y el papel de las mujeres en la vida p\u00fablica.<\/p>\n\n\n\n<p>Lo que pudo ser una respuesta m\u00e1s en un certamen, se convirti\u00f3 en tendencia internacional porque toc\u00f3 fibras sensibles: &nbsp;la presi\u00f3n est\u00e9tica, el escrutinio en redes y las expectativas que recaen sobre las mujeres cuando est\u00e1n bajo reflectores.<\/p>\n\n\n\n<p>Durante la final, un gesto, un silencio breve, una expresi\u00f3n contenida, una frase que no estaba en libreto, bast\u00f3 para que millones conectaran emocionalmente con ella. &nbsp;Ese instante, que en otro contexto hubiera pasado inadvertido, dej\u00f3 en evidencia lo mucho que cargan sobre los hombros las participantes: no solo representan belleza, sino tambi\u00e9n aspiraciones sociales, orgullo nacional y debates que el mundo a\u00fan no resuelve.<\/p>\n\n\n\n<p>Lo sucedido con F\u00e1tima provoc\u00f3 titulares, reacciones de todo tipo y un eco inesperado: de pronto, M\u00e9xico no s\u00f3lo estaba compitiendo por una corona, sino mostrando una conversaci\u00f3n pendiente sobre identidad, autenticidad y presi\u00f3n medi\u00e1tica.<\/p>\n\n\n\n<p>Porque detr\u00e1s de la puesta en escena , el maquillaje impecable, los vestidos que roban aliento, los reflectores, existen mujeres que encarnan discusiones globales:<br>desde la inclusi\u00f3n y la salud mental hasta la representaci\u00f3n medi\u00e1tica y las narrativas de \u00e9xito.<\/p>\n\n\n\n<p>F\u00e1tima Bosh se volvi\u00f3, sin propon\u00e9rselo, un s\u00edmbolo de esa dualidad: la fuerza detr\u00e1s del glamour, la vulnerabilidad dentro del espect\u00e1culo, la inteligencia detr\u00e1s de la sonrisa.<\/p>\n\n\n\n<p>En definitiva, los cert\u00e1menes, aunque muchos los den por superados, siguen moldeando imaginarios colectivos. &nbsp;Lo que ocurre en ellos, las pol\u00e9micas, los silencios, los aciertos, influye en conversaciones sobre: feminidad, feminismo cultura, poder, diplomacia, redes sociales y visi\u00f3n internacional del pa\u00eds. Y este a\u00f1o, M\u00e9xico estuvo en el centro de esa conversaci\u00f3n gracias a F\u00e1tima.<\/p>\n\n\n\n<p>La historia de este a\u00f1o nos recuerda que la belleza no es solo est\u00e9tica: es narrativa, es pol\u00edtica y es reflejo de un mundo que todav\u00eda debate qui\u00e9n puede ocupar un escenario y qu\u00e9 se espera de quienes lo hacen.<\/p>\n\n\n\n<p>F\u00e1tima Bosh no solo compiti\u00f3;&nbsp;<strong>represent\u00f3 un momento<\/strong>, una fractura en el libreto, una respuesta sensible en un ecosistema que exige perfecci\u00f3n. Y eso m\u00e1s que la corona, fue lo que la volvi\u00f3 inolvidable.<\/p>\n","protected":false},"excerpt":{"rendered":"<p>Por Karla Flores Analista En un mundo saturado de debates, tendencias ef\u00edmeras y pantallas que&#8230;<\/p>\n","protected":false},"author":2,"featured_media":118433,"comment_status":"open","ping_status":"open","sticky":false,"template":"","format":"standard","meta":{"_monsterinsights_skip_tracking":false,"_monsterinsights_sitenote_active":false,"_monsterinsights_sitenote_note":"","_monsterinsights_sitenote_category":0,"footnotes":""},"categories":[1,280,2],"tags":[],"class_list":["post-120947","post","type-post","status-publish","format-standard","has-post-thumbnail","hentry","category-sin-categoria","category-nacionales","category-noticias"],"yoast_head":"<!-- This site is optimized with the Yoast SEO plugin v27.3 - https:\/\/yoast.com\/product\/yoast-seo-wordpress\/ -->\n<title>El Quehacer Pol\u00edtico a trav\u00e9s de las visiones en papel en la opini\u00f3n de Karla Flores\/\/\/La corona como s\u00edmbolo de poder: el lado glam y pol\u00edtico de los cert\u00e1menes -<\/title>\n<meta name=\"robots\" content=\"index, follow, max-snippet:-1, max-image-preview:large, max-video-preview:-1\" \/>\n<link rel=\"canonical\" href=\"https:\/\/quehacerpolitico.mx\/?p=120947\" \/>\n<meta property=\"og:locale\" content=\"es_MX\" \/>\n<meta property=\"og:type\" content=\"article\" \/>\n<meta property=\"og:title\" content=\"El Quehacer Pol\u00edtico a trav\u00e9s de las visiones en papel en la opini\u00f3n de Karla Flores\/\/\/La corona como s\u00edmbolo de poder: el lado glam y pol\u00edtico de los cert\u00e1menes -\" \/>\n<meta property=\"og:description\" content=\"Por Karla Flores Analista En un mundo saturado de debates, tendencias ef\u00edmeras y pantallas que...\" \/>\n<meta property=\"og:url\" content=\"https:\/\/quehacerpolitico.mx\/?p=120947\" \/>\n<meta property=\"article:published_time\" content=\"2025-12-08T02:06:05+00:00\" \/>\n<meta property=\"article:modified_time\" content=\"2025-12-08T02:06:08+00:00\" \/>\n<meta property=\"og:image\" content=\"http:\/\/quehacerpolitico.mx\/wp-content\/uploads\/2025\/08\/3edbde9e-59ea-422f-9a1e-ab2bc0046014.jpeg\" \/>\n\t<meta property=\"og:image:width\" content=\"963\" \/>\n\t<meta property=\"og:image:height\" content=\"493\" \/>\n\t<meta property=\"og:image:type\" content=\"image\/jpeg\" \/>\n<meta name=\"author\" content=\"Redacci\u00f3n QP\" \/>\n<meta name=\"twitter:card\" content=\"summary_large_image\" \/>\n<meta name=\"twitter:label1\" content=\"Escrito por\" \/>\n\t<meta name=\"twitter:data1\" content=\"Redacci\u00f3n QP\" \/>\n\t<meta name=\"twitter:label2\" content=\"Tiempo de lectura\" \/>\n\t<meta name=\"twitter:data2\" content=\"3 minutos\" \/>\n<script type=\"application\/ld+json\" class=\"yoast-schema-graph\">{\"@context\":\"https:\\\/\\\/schema.org\",\"@graph\":[{\"@type\":\"Article\",\"@id\":\"https:\\\/\\\/quehacerpolitico.mx\\\/?p=120947#article\",\"isPartOf\":{\"@id\":\"https:\\\/\\\/quehacerpolitico.mx\\\/?p=120947\"},\"author\":{\"name\":\"Redacci\u00f3n QP\",\"@id\":\"https:\\\/\\\/quehacerpolitico.mx\\\/#\\\/schema\\\/person\\\/496d8ad2d1d3f8036101dca7ee39e585\"},\"headline\":\"El Quehacer Pol\u00edtico a trav\u00e9s de las visiones en papel en la opini\u00f3n de Karla Flores\\\/\\\/\\\/La corona como s\u00edmbolo de poder: el lado glam y pol\u00edtico de los cert\u00e1menes\",\"datePublished\":\"2025-12-08T02:06:05+00:00\",\"dateModified\":\"2025-12-08T02:06:08+00:00\",\"mainEntityOfPage\":{\"@id\":\"https:\\\/\\\/quehacerpolitico.mx\\\/?p=120947\"},\"wordCount\":714,\"commentCount\":0,\"image\":{\"@id\":\"https:\\\/\\\/quehacerpolitico.mx\\\/?p=120947#primaryimage\"},\"thumbnailUrl\":\"https:\\\/\\\/quehacerpolitico.mx\\\/wp-content\\\/uploads\\\/2025\\\/08\\\/3edbde9e-59ea-422f-9a1e-ab2bc0046014.jpeg\",\"articleSection\":[\"Internacionales\",\"Nacionales\",\"Noticias\"],\"inLanguage\":\"es\",\"potentialAction\":[{\"@type\":\"CommentAction\",\"name\":\"Comment\",\"target\":[\"https:\\\/\\\/quehacerpolitico.mx\\\/?p=120947#respond\"]}]},{\"@type\":\"WebPage\",\"@id\":\"https:\\\/\\\/quehacerpolitico.mx\\\/?p=120947\",\"url\":\"https:\\\/\\\/quehacerpolitico.mx\\\/?p=120947\",\"name\":\"El Quehacer Pol\u00edtico a trav\u00e9s de las visiones en papel en la opini\u00f3n de Karla Flores\\\/\\\/\\\/La corona como s\u00edmbolo de poder: el lado glam y pol\u00edtico de los cert\u00e1menes -\",\"isPartOf\":{\"@id\":\"https:\\\/\\\/quehacerpolitico.mx\\\/#website\"},\"primaryImageOfPage\":{\"@id\":\"https:\\\/\\\/quehacerpolitico.mx\\\/?p=120947#primaryimage\"},\"image\":{\"@id\":\"https:\\\/\\\/quehacerpolitico.mx\\\/?p=120947#primaryimage\"},\"thumbnailUrl\":\"https:\\\/\\\/quehacerpolitico.mx\\\/wp-content\\\/uploads\\\/2025\\\/08\\\/3edbde9e-59ea-422f-9a1e-ab2bc0046014.jpeg\",\"datePublished\":\"2025-12-08T02:06:05+00:00\",\"dateModified\":\"2025-12-08T02:06:08+00:00\",\"author\":{\"@id\":\"https:\\\/\\\/quehacerpolitico.mx\\\/#\\\/schema\\\/person\\\/496d8ad2d1d3f8036101dca7ee39e585\"},\"breadcrumb\":{\"@id\":\"https:\\\/\\\/quehacerpolitico.mx\\\/?p=120947#breadcrumb\"},\"inLanguage\":\"es\",\"potentialAction\":[{\"@type\":\"ReadAction\",\"target\":[\"https:\\\/\\\/quehacerpolitico.mx\\\/?p=120947\"]}]},{\"@type\":\"ImageObject\",\"inLanguage\":\"es\",\"@id\":\"https:\\\/\\\/quehacerpolitico.mx\\\/?p=120947#primaryimage\",\"url\":\"https:\\\/\\\/quehacerpolitico.mx\\\/wp-content\\\/uploads\\\/2025\\\/08\\\/3edbde9e-59ea-422f-9a1e-ab2bc0046014.jpeg\",\"contentUrl\":\"https:\\\/\\\/quehacerpolitico.mx\\\/wp-content\\\/uploads\\\/2025\\\/08\\\/3edbde9e-59ea-422f-9a1e-ab2bc0046014.jpeg\",\"width\":963,\"height\":493},{\"@type\":\"BreadcrumbList\",\"@id\":\"https:\\\/\\\/quehacerpolitico.mx\\\/?p=120947#breadcrumb\",\"itemListElement\":[{\"@type\":\"ListItem\",\"position\":1,\"name\":\"Inicio\",\"item\":\"https:\\\/\\\/quehacerpolitico.mx\\\/\"},{\"@type\":\"ListItem\",\"position\":2,\"name\":\"El Quehacer Pol\u00edtico a trav\u00e9s de las visiones en papel en la opini\u00f3n de Karla Flores\\\/\\\/\\\/La corona como s\u00edmbolo de poder: el lado glam y pol\u00edtico de los cert\u00e1menes\"}]},{\"@type\":\"WebSite\",\"@id\":\"https:\\\/\\\/quehacerpolitico.mx\\\/#website\",\"url\":\"https:\\\/\\\/quehacerpolitico.mx\\\/\",\"name\":\"\",\"description\":\"\",\"potentialAction\":[{\"@type\":\"SearchAction\",\"target\":{\"@type\":\"EntryPoint\",\"urlTemplate\":\"https:\\\/\\\/quehacerpolitico.mx\\\/?s={search_term_string}\"},\"query-input\":{\"@type\":\"PropertyValueSpecification\",\"valueRequired\":true,\"valueName\":\"search_term_string\"}}],\"inLanguage\":\"es\"},{\"@type\":\"Person\",\"@id\":\"https:\\\/\\\/quehacerpolitico.mx\\\/#\\\/schema\\\/person\\\/496d8ad2d1d3f8036101dca7ee39e585\",\"name\":\"Redacci\u00f3n QP\",\"image\":{\"@type\":\"ImageObject\",\"inLanguage\":\"es\",\"@id\":\"https:\\\/\\\/secure.gravatar.com\\\/avatar\\\/c7164ed6fdec453195284ad24a5ae5b6e1eed2b848477fa2a4787ba9adf39a41?s=96&d=mm&r=g\",\"url\":\"https:\\\/\\\/secure.gravatar.com\\\/avatar\\\/c7164ed6fdec453195284ad24a5ae5b6e1eed2b848477fa2a4787ba9adf39a41?s=96&d=mm&r=g\",\"contentUrl\":\"https:\\\/\\\/secure.gravatar.com\\\/avatar\\\/c7164ed6fdec453195284ad24a5ae5b6e1eed2b848477fa2a4787ba9adf39a41?s=96&d=mm&r=g\",\"caption\":\"Redacci\u00f3n QP\"},\"url\":\"https:\\\/\\\/quehacerpolitico.mx\\\/?author=2\"}]}<\/script>\n<!-- \/ Yoast SEO plugin. -->","yoast_head_json":{"title":"El Quehacer Pol\u00edtico a trav\u00e9s de las visiones en papel en la opini\u00f3n de Karla Flores\/\/\/La corona como s\u00edmbolo de poder: el lado glam y pol\u00edtico de los cert\u00e1menes -","robots":{"index":"index","follow":"follow","max-snippet":"max-snippet:-1","max-image-preview":"max-image-preview:large","max-video-preview":"max-video-preview:-1"},"canonical":"https:\/\/quehacerpolitico.mx\/?p=120947","og_locale":"es_MX","og_type":"article","og_title":"El Quehacer Pol\u00edtico a trav\u00e9s de las visiones en papel en la opini\u00f3n de Karla Flores\/\/\/La corona como s\u00edmbolo de poder: el lado glam y pol\u00edtico de los cert\u00e1menes -","og_description":"Por Karla Flores Analista En un mundo saturado de debates, tendencias ef\u00edmeras y pantallas que...","og_url":"https:\/\/quehacerpolitico.mx\/?p=120947","article_published_time":"2025-12-08T02:06:05+00:00","article_modified_time":"2025-12-08T02:06:08+00:00","og_image":[{"width":963,"height":493,"url":"http:\/\/quehacerpolitico.mx\/wp-content\/uploads\/2025\/08\/3edbde9e-59ea-422f-9a1e-ab2bc0046014.jpeg","type":"image\/jpeg"}],"author":"Redacci\u00f3n QP","twitter_card":"summary_large_image","twitter_misc":{"Escrito por":"Redacci\u00f3n QP","Tiempo de lectura":"3 minutos"},"schema":{"@context":"https:\/\/schema.org","@graph":[{"@type":"Article","@id":"https:\/\/quehacerpolitico.mx\/?p=120947#article","isPartOf":{"@id":"https:\/\/quehacerpolitico.mx\/?p=120947"},"author":{"name":"Redacci\u00f3n QP","@id":"https:\/\/quehacerpolitico.mx\/#\/schema\/person\/496d8ad2d1d3f8036101dca7ee39e585"},"headline":"El Quehacer Pol\u00edtico a trav\u00e9s de las visiones en papel en la opini\u00f3n de Karla Flores\/\/\/La corona como s\u00edmbolo de poder: el lado glam y pol\u00edtico de los cert\u00e1menes","datePublished":"2025-12-08T02:06:05+00:00","dateModified":"2025-12-08T02:06:08+00:00","mainEntityOfPage":{"@id":"https:\/\/quehacerpolitico.mx\/?p=120947"},"wordCount":714,"commentCount":0,"image":{"@id":"https:\/\/quehacerpolitico.mx\/?p=120947#primaryimage"},"thumbnailUrl":"https:\/\/quehacerpolitico.mx\/wp-content\/uploads\/2025\/08\/3edbde9e-59ea-422f-9a1e-ab2bc0046014.jpeg","articleSection":["Internacionales","Nacionales","Noticias"],"inLanguage":"es","potentialAction":[{"@type":"CommentAction","name":"Comment","target":["https:\/\/quehacerpolitico.mx\/?p=120947#respond"]}]},{"@type":"WebPage","@id":"https:\/\/quehacerpolitico.mx\/?p=120947","url":"https:\/\/quehacerpolitico.mx\/?p=120947","name":"El Quehacer Pol\u00edtico a trav\u00e9s de las visiones en papel en la opini\u00f3n de Karla Flores\/\/\/La corona como s\u00edmbolo de poder: el lado glam y pol\u00edtico de los cert\u00e1menes -","isPartOf":{"@id":"https:\/\/quehacerpolitico.mx\/#website"},"primaryImageOfPage":{"@id":"https:\/\/quehacerpolitico.mx\/?p=120947#primaryimage"},"image":{"@id":"https:\/\/quehacerpolitico.mx\/?p=120947#primaryimage"},"thumbnailUrl":"https:\/\/quehacerpolitico.mx\/wp-content\/uploads\/2025\/08\/3edbde9e-59ea-422f-9a1e-ab2bc0046014.jpeg","datePublished":"2025-12-08T02:06:05+00:00","dateModified":"2025-12-08T02:06:08+00:00","author":{"@id":"https:\/\/quehacerpolitico.mx\/#\/schema\/person\/496d8ad2d1d3f8036101dca7ee39e585"},"breadcrumb":{"@id":"https:\/\/quehacerpolitico.mx\/?p=120947#breadcrumb"},"inLanguage":"es","potentialAction":[{"@type":"ReadAction","target":["https:\/\/quehacerpolitico.mx\/?p=120947"]}]},{"@type":"ImageObject","inLanguage":"es","@id":"https:\/\/quehacerpolitico.mx\/?p=120947#primaryimage","url":"https:\/\/quehacerpolitico.mx\/wp-content\/uploads\/2025\/08\/3edbde9e-59ea-422f-9a1e-ab2bc0046014.jpeg","contentUrl":"https:\/\/quehacerpolitico.mx\/wp-content\/uploads\/2025\/08\/3edbde9e-59ea-422f-9a1e-ab2bc0046014.jpeg","width":963,"height":493},{"@type":"BreadcrumbList","@id":"https:\/\/quehacerpolitico.mx\/?p=120947#breadcrumb","itemListElement":[{"@type":"ListItem","position":1,"name":"Inicio","item":"https:\/\/quehacerpolitico.mx\/"},{"@type":"ListItem","position":2,"name":"El Quehacer Pol\u00edtico a trav\u00e9s de las visiones en papel en la opini\u00f3n de Karla Flores\/\/\/La corona como s\u00edmbolo de poder: el lado glam y pol\u00edtico de los cert\u00e1menes"}]},{"@type":"WebSite","@id":"https:\/\/quehacerpolitico.mx\/#website","url":"https:\/\/quehacerpolitico.mx\/","name":"","description":"","potentialAction":[{"@type":"SearchAction","target":{"@type":"EntryPoint","urlTemplate":"https:\/\/quehacerpolitico.mx\/?s={search_term_string}"},"query-input":{"@type":"PropertyValueSpecification","valueRequired":true,"valueName":"search_term_string"}}],"inLanguage":"es"},{"@type":"Person","@id":"https:\/\/quehacerpolitico.mx\/#\/schema\/person\/496d8ad2d1d3f8036101dca7ee39e585","name":"Redacci\u00f3n QP","image":{"@type":"ImageObject","inLanguage":"es","@id":"https:\/\/secure.gravatar.com\/avatar\/c7164ed6fdec453195284ad24a5ae5b6e1eed2b848477fa2a4787ba9adf39a41?s=96&d=mm&r=g","url":"https:\/\/secure.gravatar.com\/avatar\/c7164ed6fdec453195284ad24a5ae5b6e1eed2b848477fa2a4787ba9adf39a41?s=96&d=mm&r=g","contentUrl":"https:\/\/secure.gravatar.com\/avatar\/c7164ed6fdec453195284ad24a5ae5b6e1eed2b848477fa2a4787ba9adf39a41?s=96&d=mm&r=g","caption":"Redacci\u00f3n QP"},"url":"https:\/\/quehacerpolitico.mx\/?author=2"}]}},"featured_image_urls":{"full":["https:\/\/quehacerpolitico.mx\/wp-content\/uploads\/2025\/08\/3edbde9e-59ea-422f-9a1e-ab2bc0046014.jpeg",963,493,false],"thumbnail":["https:\/\/quehacerpolitico.mx\/wp-content\/uploads\/2025\/08\/3edbde9e-59ea-422f-9a1e-ab2bc0046014-150x150.jpeg",150,150,true],"medium":["https:\/\/quehacerpolitico.mx\/wp-content\/uploads\/2025\/08\/3edbde9e-59ea-422f-9a1e-ab2bc0046014-300x154.jpeg",300,154,true],"medium_large":["https:\/\/quehacerpolitico.mx\/wp-content\/uploads\/2025\/08\/3edbde9e-59ea-422f-9a1e-ab2bc0046014-768x393.jpeg",640,328,true],"large":["https:\/\/quehacerpolitico.mx\/wp-content\/uploads\/2025\/08\/3edbde9e-59ea-422f-9a1e-ab2bc0046014.jpeg",640,328,false],"1536x1536":["https:\/\/quehacerpolitico.mx\/wp-content\/uploads\/2025\/08\/3edbde9e-59ea-422f-9a1e-ab2bc0046014.jpeg",963,493,false],"2048x2048":["https:\/\/quehacerpolitico.mx\/wp-content\/uploads\/2025\/08\/3edbde9e-59ea-422f-9a1e-ab2bc0046014.jpeg",963,493,false],"covernews-featured":["https:\/\/quehacerpolitico.mx\/wp-content\/uploads\/2025\/08\/3edbde9e-59ea-422f-9a1e-ab2bc0046014.jpeg",963,493,false],"covernews-medium":["https:\/\/quehacerpolitico.mx\/wp-content\/uploads\/2025\/08\/3edbde9e-59ea-422f-9a1e-ab2bc0046014-540x340.jpeg",540,340,true]},"author_info":{"display_name":"Redacci\u00f3n QP","author_link":"https:\/\/quehacerpolitico.mx\/?author=2"},"category_info":"<a href=\"https:\/\/quehacerpolitico.mx\/?cat=1\" rel=\"category\">Internacionales<\/a> <a href=\"https:\/\/quehacerpolitico.mx\/?cat=280\" rel=\"category\">Nacionales<\/a> <a href=\"https:\/\/quehacerpolitico.mx\/?cat=2\" rel=\"category\">Noticias<\/a>","tag_info":"Noticias","comment_count":"0","_links":{"self":[{"href":"https:\/\/quehacerpolitico.mx\/index.php?rest_route=\/wp\/v2\/posts\/120947","targetHints":{"allow":["GET"]}}],"collection":[{"href":"https:\/\/quehacerpolitico.mx\/index.php?rest_route=\/wp\/v2\/posts"}],"about":[{"href":"https:\/\/quehacerpolitico.mx\/index.php?rest_route=\/wp\/v2\/types\/post"}],"author":[{"embeddable":true,"href":"https:\/\/quehacerpolitico.mx\/index.php?rest_route=\/wp\/v2\/users\/2"}],"replies":[{"embeddable":true,"href":"https:\/\/quehacerpolitico.mx\/index.php?rest_route=%2Fwp%2Fv2%2Fcomments&post=120947"}],"version-history":[{"count":1,"href":"https:\/\/quehacerpolitico.mx\/index.php?rest_route=\/wp\/v2\/posts\/120947\/revisions"}],"predecessor-version":[{"id":120948,"href":"https:\/\/quehacerpolitico.mx\/index.php?rest_route=\/wp\/v2\/posts\/120947\/revisions\/120948"}],"wp:featuredmedia":[{"embeddable":true,"href":"https:\/\/quehacerpolitico.mx\/index.php?rest_route=\/wp\/v2\/media\/118433"}],"wp:attachment":[{"href":"https:\/\/quehacerpolitico.mx\/index.php?rest_route=%2Fwp%2Fv2%2Fmedia&parent=120947"}],"wp:term":[{"taxonomy":"category","embeddable":true,"href":"https:\/\/quehacerpolitico.mx\/index.php?rest_route=%2Fwp%2Fv2%2Fcategories&post=120947"},{"taxonomy":"post_tag","embeddable":true,"href":"https:\/\/quehacerpolitico.mx\/index.php?rest_route=%2Fwp%2Fv2%2Ftags&post=120947"}],"curies":[{"name":"wp","href":"https:\/\/api.w.org\/{rel}","templated":true}]}}