{"id":120941,"date":"2025-12-07T19:23:26","date_gmt":"2025-12-08T01:23:26","guid":{"rendered":"https:\/\/quehacerpolitico.mx\/?p=120941"},"modified":"2025-12-07T19:23:31","modified_gmt":"2025-12-08T01:23:31","slug":"el-quehacer-politico-en-los-deportes-a-traves-del-arco-a-la-tribuna-en-la-opinion-alberto-del-arco-mendez-entre-el-odio-y-el-amor-la-telenovela-del-tri","status":"publish","type":"post","link":"https:\/\/quehacerpolitico.mx\/?p=120941","title":{"rendered":"El Quehacer Pol\u00edtico en los Deportes a trav\u00e9s del Arco a la Tribuna en la opini\u00f3n\/\/\/Alberto del Arco M\u00e9ndez\/\/\/Entre el Odio y el Amor: La telenovela del Tri"},"content":{"rendered":"\n<p>Por Alberto del Arco M\u00e9ndez <\/p>\n\n\n\n<p><em>Analista deportivo titular del programa \u201cDel arco a la tribuna\u201d<\/em><\/p>\n\n\n\n<p>La situaci\u00f3n que est\u00e1 viviendo la selecci\u00f3n nacional, no la pod\u00eda haber imaginado ninguno de los guionistas profesionales, expertos en situaciones lacrim\u00f3genas y melodram\u00e1ticas, lo que vive el aficionado mexicano con su selecci\u00f3n es una aut\u00e9ntica relaci\u00f3n de amor \u2013 odio al mas puro estilo del canal de las estrellas.<\/p>\n\n\n\n<p>Y es que si hay un deporte en el pa\u00eds&nbsp;que vive de la pasi\u00f3n y el drama, ese es el f\u00fatbol&nbsp;soccer.<\/p>\n\n\n\n<p>Y si hay un p\u00fablico que sabe combinar exigencia con una paciencia de santo que muchas veces se agota, ese es el aficionado mexicano. Bienvenidos a la eterna telenovela con un elenco de millones: la Selecci\u00f3n Nacional de M\u00e9xico.<\/p>\n\n\n\n<p>Para entender el fen\u00f3meno, hay que hacer un recuento sin anestesia: los abucheos en el estadio, los comentarios voraces en redes sociales,&nbsp;el mal llamado grito \u201chomof\u00f3bico\u201dy la frustraci\u00f3n latente despu\u00e9s de cada partido. \u00bfHasta cu\u00e1ndo, afici\u00f3n? \u00bfPor qu\u00e9 la Selecci\u00f3n siempre despierta este amor-odio m\u00e1s dram\u00e1tico que&nbsp;cualquier&nbsp;novela rosa?<\/p>\n\n\n\n<p>El aficionado mexicano tiene un coraz\u00f3n grande, capaz de so\u00f1ar con la gloria y perdonar un penalty fallado, un \u00e1rbitro injusto o una t\u00e1ctica cuestionable. Sin embargo, cuando los malos resultados se acumulan sin dar pie a la esperanza, lo que antes era paciencia se convierte en un coro de &#8220;\u00a1Fuera&nbsp;Vasco!, \u00a1Fuera&nbsp;Vasco!&#8221;, que resuena hasta en las paredes de la Federaci\u00f3n, que ultimamente ha presumido una piel muy delgadita.<\/p>\n\n\n\n<p>No es para menos. La Selecci\u00f3n ha construido un historial de actuaciones que oscilan entre un aceptable &#8220;casi&#8221;&nbsp;logramos el 5\u00ba. partido&nbsp;y un frustrante &#8220;ah\u00ed&nbsp;ser\u00e1&nbsp;para la otra&#8221;, un guion repetido m\u00e1s que la telenovela de&nbsp;horario estelar del canal 2. Y esto, a fuerza&nbsp;de repetici\u00f3n,&nbsp;le amarga la vida&nbsp;hasta al fan m\u00e1s devoto.<\/p>\n\n\n\n<p>En su m\u00e1s reciente aparici\u00f3n, M\u00e9xico recibi\u00f3 a Uruguay en el Estadio Corona de Torre\u00f3n y apenas logr\u00f3 un cero a cero que dej\u00f3 a casi todos con sabor a poco. El partido fue intenso, s\u00ed, pero con escasas acciones ofensivas y m\u00e1s lucha que goles. La Selecci\u00f3n presion\u00f3, cort\u00f3 circuitos a Uruguay, pero no logr\u00f3 concretar. Incluso un penal no sancionado a favor de M\u00e9xico gener\u00f3 pol\u00e9mica. La afici\u00f3n, acostumbrada a emociones y goles,&nbsp;(al menos en los juegos amistosos)&nbsp;termin\u00f3 entre&nbsp;caras largas&nbsp;y&nbsp;sonoros&nbsp;abucheos.<\/p>\n\n\n\n<p>Luego vino la visita a San Antonio, Estados Unidos, donde la derrota 2-1 ante Paraguay&nbsp;increment\u00f3&nbsp;la larga lista de momentos frustrantes. M\u00e9xico empez\u00f3 perdiendo, logr\u00f3&nbsp;empatar con un penal de Ra\u00fal Jim\u00e9nez, pero recibi\u00f3 otro gol que apag\u00f3 la ilusi\u00f3n. En un partido que parec\u00eda m\u00e1s de tr\u00e1mite que de preparaci\u00f3n para el Mundial que M\u00e9xico coorganizar\u00e1, la entrega y estrategia en la cancha no convencieron. Los silbidos volvieron a sonar con&nbsp;mayor&nbsp;fuerza,&nbsp;comprobando que la ubicaci\u00f3n geogr\u00e1fica del partido no tienen nada que ver con los abucheos&nbsp;de un p\u00fablico que ya no sabe si llorar o seguir alentando.<\/p>\n\n\n\n<p>Despu\u00e9s del empate contra Uruguay, Ra\u00fal Jim\u00e9nez&nbsp;con la piel mas delgadita que todos, no repar\u00f3 en comentar que&#8230; &#8220;Genera tristeza jugar de local y que te abucheen,&#8221; dijo con molestia. M\u00e1s a\u00fan, critic\u00f3 la actitud de algunos fans que lanzaron insultos hacia el entrenador y el portero, que aunque reprochables, reflejan la desesperaci\u00f3n contenida. &#8220;Tal vez por eso nos llevan siempre a Estados Unidos,&#8221; concluy\u00f3, haciendo un comentario que encendi\u00f3 a\u00fan m\u00e1s el debate entre aficionados y medios.<\/p>\n\n\n\n<p>Sus palabras no cayeron&nbsp;nada&nbsp;bien entre el p\u00fablico, que enfrenta el dif\u00edcil papel de ser cr\u00edtico y al mismo tiempo apasionado, exigiendo car\u00e1cter y resultados a un equipo que parece siempre entre el \u201ccasi\u201d y el \u201cpor poco\u201d.<\/p>\n\n\n\n<p>Podr\u00eda decirse que el problema no es s\u00f3lo el desempe\u00f1o en la cancha, sino la expectativa&nbsp;viciada por comentaristas a modo&nbsp;vs&nbsp;la&nbsp;realidad&nbsp;inocultable a los ojos del aficionado.&nbsp;Punto y aparte son las posturas de los directivos a quienes s\u00f3lo parece importar el beneficio econ\u00f3mico y la inclusi\u00f3n forzada de algunos jugadores, como el caso de Malag\u00f3n y Ochoa de identidad americanista o en otras palabras de Televisa.<\/p>\n\n\n\n<p>El p\u00fablico quiere&nbsp;un buen desempe\u00f1o y calidad. Quiere garra, s\u00ed, pero tambi\u00e9n juego y resultados que avalen el esfuerzo. No quiere solo que el Tri participe, quiere que compita, gane y despu\u00e9s\u2026 que celebre. Esa din\u00e1mica es la que genera los abucheos: el cansancio de ver oportunidades desperdiciadas, decisiones t\u00e1cticas m\u00e1s confusas que manual de Ikea, y pol\u00e9micas que distraen m\u00e1s&nbsp;de lo&nbsp;que motivan.<\/p>\n\n\n\n<p>Entrar a un estadio y escuchar abucheos es inc\u00f3modo, pero tambi\u00e9n es un mensaje claro: el p\u00fablico est\u00e1 desencantado. Desde el humor negro de gritar &#8220;\u00a1Ooole!&#8221; cuando alg\u00fan jugador pierde el bal\u00f3n, hasta los c\u00e1nticos reprobatorios que pueden parecer crueles, existe un trasfondo de frustraci\u00f3n genuina. No siempre es odio, sino el grito desesperado de quienes esperan m\u00e1s.<\/p>\n\n\n\n<p>No faltan las voces que piden paciencia, otras que exigen cambios profundos en la estructura del f\u00fatbol nacional y algunas que apuestan por un cambio generacional, de entrenador o hasta de presidente. Lo cierto es que la Selecci\u00f3n necesita devolverle al p\u00fablico la pasi\u00f3n y la esperanza a trav\u00e9s de resultados no solo a corto, sino a mediano plazo&nbsp;para poder ilusionarse otra vez llegado el mundial, lo cual no parece muy factible.<\/p>\n\n\n\n<p>Mientras tanto, desde la tribuna y la pantalla, el p\u00fablico seguir\u00e1 siendo exigente porque en M\u00e9xico el f\u00fatbol no es solo un deporte: es una pasi\u00f3n, pero tambi\u00e9n un temblor emocional que se siente desde el primer silbatazo.<\/p>\n","protected":false},"excerpt":{"rendered":"<p>Por Alberto del Arco M\u00e9ndez Analista deportivo titular del programa \u201cDel arco a la tribuna\u201d&#8230;<\/p>\n","protected":false},"author":2,"featured_media":115143,"comment_status":"open","ping_status":"open","sticky":false,"template":"","format":"standard","meta":{"_monsterinsights_skip_tracking":false,"_monsterinsights_sitenote_active":false,"_monsterinsights_sitenote_note":"","_monsterinsights_sitenote_category":0,"footnotes":""},"categories":[54],"tags":[],"class_list":["post-120941","post","type-post","status-publish","format-standard","has-post-thumbnail","hentry","category-deportes"],"yoast_head":"<!-- This site is optimized with the Yoast SEO plugin v27.3 - https:\/\/yoast.com\/product\/yoast-seo-wordpress\/ -->\n<title>El Quehacer Pol\u00edtico en los Deportes a trav\u00e9s del Arco a la Tribuna en la opini\u00f3n\/\/\/Alberto del Arco M\u00e9ndez\/\/\/Entre el Odio y el Amor: La telenovela del Tri -<\/title>\n<meta name=\"robots\" content=\"index, follow, max-snippet:-1, max-image-preview:large, max-video-preview:-1\" \/>\n<link rel=\"canonical\" href=\"https:\/\/quehacerpolitico.mx\/?p=120941\" \/>\n<meta property=\"og:locale\" content=\"es_MX\" \/>\n<meta property=\"og:type\" content=\"article\" \/>\n<meta property=\"og:title\" content=\"El Quehacer Pol\u00edtico en los Deportes a trav\u00e9s del Arco a la Tribuna en la opini\u00f3n\/\/\/Alberto del Arco M\u00e9ndez\/\/\/Entre el Odio y el Amor: La telenovela del Tri -\" \/>\n<meta property=\"og:description\" content=\"Por Alberto del Arco M\u00e9ndez Analista deportivo titular del programa \u201cDel arco a la tribuna\u201d...\" \/>\n<meta property=\"og:url\" content=\"https:\/\/quehacerpolitico.mx\/?p=120941\" \/>\n<meta property=\"article:published_time\" content=\"2025-12-08T01:23:26+00:00\" \/>\n<meta property=\"article:modified_time\" content=\"2025-12-08T01:23:31+00:00\" \/>\n<meta property=\"og:image\" content=\"http:\/\/quehacerpolitico.mx\/wp-content\/uploads\/2025\/03\/56198866-60c0-4f15-93a8-989c72aa5bc4.jpeg\" \/>\n\t<meta property=\"og:image:width\" content=\"963\" \/>\n\t<meta property=\"og:image:height\" content=\"493\" \/>\n\t<meta property=\"og:image:type\" content=\"image\/jpeg\" \/>\n<meta name=\"author\" content=\"Redacci\u00f3n QP\" \/>\n<meta name=\"twitter:card\" content=\"summary_large_image\" \/>\n<meta name=\"twitter:label1\" content=\"Escrito por\" \/>\n\t<meta name=\"twitter:data1\" content=\"Redacci\u00f3n QP\" \/>\n\t<meta name=\"twitter:label2\" content=\"Tiempo de lectura\" \/>\n\t<meta name=\"twitter:data2\" content=\"5 minutos\" \/>\n<script type=\"application\/ld+json\" class=\"yoast-schema-graph\">{\"@context\":\"https:\\\/\\\/schema.org\",\"@graph\":[{\"@type\":\"Article\",\"@id\":\"https:\\\/\\\/quehacerpolitico.mx\\\/?p=120941#article\",\"isPartOf\":{\"@id\":\"https:\\\/\\\/quehacerpolitico.mx\\\/?p=120941\"},\"author\":{\"name\":\"Redacci\u00f3n QP\",\"@id\":\"https:\\\/\\\/quehacerpolitico.mx\\\/#\\\/schema\\\/person\\\/496d8ad2d1d3f8036101dca7ee39e585\"},\"headline\":\"El Quehacer Pol\u00edtico en los Deportes a trav\u00e9s del Arco a la Tribuna en la opini\u00f3n\\\/\\\/\\\/Alberto del Arco M\u00e9ndez\\\/\\\/\\\/Entre el Odio y el Amor: La telenovela del Tri\",\"datePublished\":\"2025-12-08T01:23:26+00:00\",\"dateModified\":\"2025-12-08T01:23:31+00:00\",\"mainEntityOfPage\":{\"@id\":\"https:\\\/\\\/quehacerpolitico.mx\\\/?p=120941\"},\"wordCount\":1092,\"commentCount\":0,\"image\":{\"@id\":\"https:\\\/\\\/quehacerpolitico.mx\\\/?p=120941#primaryimage\"},\"thumbnailUrl\":\"https:\\\/\\\/quehacerpolitico.mx\\\/wp-content\\\/uploads\\\/2025\\\/03\\\/56198866-60c0-4f15-93a8-989c72aa5bc4.jpeg\",\"articleSection\":[\"Deportes\"],\"inLanguage\":\"es\",\"potentialAction\":[{\"@type\":\"CommentAction\",\"name\":\"Comment\",\"target\":[\"https:\\\/\\\/quehacerpolitico.mx\\\/?p=120941#respond\"]}]},{\"@type\":\"WebPage\",\"@id\":\"https:\\\/\\\/quehacerpolitico.mx\\\/?p=120941\",\"url\":\"https:\\\/\\\/quehacerpolitico.mx\\\/?p=120941\",\"name\":\"El Quehacer Pol\u00edtico en los Deportes a trav\u00e9s del Arco a la Tribuna en la opini\u00f3n\\\/\\\/\\\/Alberto del Arco M\u00e9ndez\\\/\\\/\\\/Entre el Odio y el Amor: La telenovela del Tri -\",\"isPartOf\":{\"@id\":\"https:\\\/\\\/quehacerpolitico.mx\\\/#website\"},\"primaryImageOfPage\":{\"@id\":\"https:\\\/\\\/quehacerpolitico.mx\\\/?p=120941#primaryimage\"},\"image\":{\"@id\":\"https:\\\/\\\/quehacerpolitico.mx\\\/?p=120941#primaryimage\"},\"thumbnailUrl\":\"https:\\\/\\\/quehacerpolitico.mx\\\/wp-content\\\/uploads\\\/2025\\\/03\\\/56198866-60c0-4f15-93a8-989c72aa5bc4.jpeg\",\"datePublished\":\"2025-12-08T01:23:26+00:00\",\"dateModified\":\"2025-12-08T01:23:31+00:00\",\"author\":{\"@id\":\"https:\\\/\\\/quehacerpolitico.mx\\\/#\\\/schema\\\/person\\\/496d8ad2d1d3f8036101dca7ee39e585\"},\"breadcrumb\":{\"@id\":\"https:\\\/\\\/quehacerpolitico.mx\\\/?p=120941#breadcrumb\"},\"inLanguage\":\"es\",\"potentialAction\":[{\"@type\":\"ReadAction\",\"target\":[\"https:\\\/\\\/quehacerpolitico.mx\\\/?p=120941\"]}]},{\"@type\":\"ImageObject\",\"inLanguage\":\"es\",\"@id\":\"https:\\\/\\\/quehacerpolitico.mx\\\/?p=120941#primaryimage\",\"url\":\"https:\\\/\\\/quehacerpolitico.mx\\\/wp-content\\\/uploads\\\/2025\\\/03\\\/56198866-60c0-4f15-93a8-989c72aa5bc4.jpeg\",\"contentUrl\":\"https:\\\/\\\/quehacerpolitico.mx\\\/wp-content\\\/uploads\\\/2025\\\/03\\\/56198866-60c0-4f15-93a8-989c72aa5bc4.jpeg\",\"width\":963,\"height\":493},{\"@type\":\"BreadcrumbList\",\"@id\":\"https:\\\/\\\/quehacerpolitico.mx\\\/?p=120941#breadcrumb\",\"itemListElement\":[{\"@type\":\"ListItem\",\"position\":1,\"name\":\"Inicio\",\"item\":\"https:\\\/\\\/quehacerpolitico.mx\\\/\"},{\"@type\":\"ListItem\",\"position\":2,\"name\":\"El Quehacer Pol\u00edtico en los Deportes a trav\u00e9s del Arco a la Tribuna en la opini\u00f3n\\\/\\\/\\\/Alberto del Arco M\u00e9ndez\\\/\\\/\\\/Entre el Odio y el Amor: La telenovela del Tri\"}]},{\"@type\":\"WebSite\",\"@id\":\"https:\\\/\\\/quehacerpolitico.mx\\\/#website\",\"url\":\"https:\\\/\\\/quehacerpolitico.mx\\\/\",\"name\":\"\",\"description\":\"\",\"potentialAction\":[{\"@type\":\"SearchAction\",\"target\":{\"@type\":\"EntryPoint\",\"urlTemplate\":\"https:\\\/\\\/quehacerpolitico.mx\\\/?s={search_term_string}\"},\"query-input\":{\"@type\":\"PropertyValueSpecification\",\"valueRequired\":true,\"valueName\":\"search_term_string\"}}],\"inLanguage\":\"es\"},{\"@type\":\"Person\",\"@id\":\"https:\\\/\\\/quehacerpolitico.mx\\\/#\\\/schema\\\/person\\\/496d8ad2d1d3f8036101dca7ee39e585\",\"name\":\"Redacci\u00f3n QP\",\"image\":{\"@type\":\"ImageObject\",\"inLanguage\":\"es\",\"@id\":\"https:\\\/\\\/secure.gravatar.com\\\/avatar\\\/c7164ed6fdec453195284ad24a5ae5b6e1eed2b848477fa2a4787ba9adf39a41?s=96&d=mm&r=g\",\"url\":\"https:\\\/\\\/secure.gravatar.com\\\/avatar\\\/c7164ed6fdec453195284ad24a5ae5b6e1eed2b848477fa2a4787ba9adf39a41?s=96&d=mm&r=g\",\"contentUrl\":\"https:\\\/\\\/secure.gravatar.com\\\/avatar\\\/c7164ed6fdec453195284ad24a5ae5b6e1eed2b848477fa2a4787ba9adf39a41?s=96&d=mm&r=g\",\"caption\":\"Redacci\u00f3n QP\"},\"url\":\"https:\\\/\\\/quehacerpolitico.mx\\\/?author=2\"}]}<\/script>\n<!-- \/ Yoast SEO plugin. -->","yoast_head_json":{"title":"El Quehacer Pol\u00edtico en los Deportes a trav\u00e9s del Arco a la Tribuna en la opini\u00f3n\/\/\/Alberto del Arco M\u00e9ndez\/\/\/Entre el Odio y el Amor: La telenovela del Tri -","robots":{"index":"index","follow":"follow","max-snippet":"max-snippet:-1","max-image-preview":"max-image-preview:large","max-video-preview":"max-video-preview:-1"},"canonical":"https:\/\/quehacerpolitico.mx\/?p=120941","og_locale":"es_MX","og_type":"article","og_title":"El Quehacer Pol\u00edtico en los Deportes a trav\u00e9s del Arco a la Tribuna en la opini\u00f3n\/\/\/Alberto del Arco M\u00e9ndez\/\/\/Entre el Odio y el Amor: La telenovela del Tri -","og_description":"Por Alberto del Arco M\u00e9ndez Analista deportivo titular del programa \u201cDel arco a la tribuna\u201d...","og_url":"https:\/\/quehacerpolitico.mx\/?p=120941","article_published_time":"2025-12-08T01:23:26+00:00","article_modified_time":"2025-12-08T01:23:31+00:00","og_image":[{"width":963,"height":493,"url":"http:\/\/quehacerpolitico.mx\/wp-content\/uploads\/2025\/03\/56198866-60c0-4f15-93a8-989c72aa5bc4.jpeg","type":"image\/jpeg"}],"author":"Redacci\u00f3n QP","twitter_card":"summary_large_image","twitter_misc":{"Escrito por":"Redacci\u00f3n QP","Tiempo de lectura":"5 minutos"},"schema":{"@context":"https:\/\/schema.org","@graph":[{"@type":"Article","@id":"https:\/\/quehacerpolitico.mx\/?p=120941#article","isPartOf":{"@id":"https:\/\/quehacerpolitico.mx\/?p=120941"},"author":{"name":"Redacci\u00f3n QP","@id":"https:\/\/quehacerpolitico.mx\/#\/schema\/person\/496d8ad2d1d3f8036101dca7ee39e585"},"headline":"El Quehacer Pol\u00edtico en los Deportes a trav\u00e9s del Arco a la Tribuna en la opini\u00f3n\/\/\/Alberto del Arco M\u00e9ndez\/\/\/Entre el Odio y el Amor: La telenovela del Tri","datePublished":"2025-12-08T01:23:26+00:00","dateModified":"2025-12-08T01:23:31+00:00","mainEntityOfPage":{"@id":"https:\/\/quehacerpolitico.mx\/?p=120941"},"wordCount":1092,"commentCount":0,"image":{"@id":"https:\/\/quehacerpolitico.mx\/?p=120941#primaryimage"},"thumbnailUrl":"https:\/\/quehacerpolitico.mx\/wp-content\/uploads\/2025\/03\/56198866-60c0-4f15-93a8-989c72aa5bc4.jpeg","articleSection":["Deportes"],"inLanguage":"es","potentialAction":[{"@type":"CommentAction","name":"Comment","target":["https:\/\/quehacerpolitico.mx\/?p=120941#respond"]}]},{"@type":"WebPage","@id":"https:\/\/quehacerpolitico.mx\/?p=120941","url":"https:\/\/quehacerpolitico.mx\/?p=120941","name":"El Quehacer Pol\u00edtico en los Deportes a trav\u00e9s del Arco a la Tribuna en la opini\u00f3n\/\/\/Alberto del Arco M\u00e9ndez\/\/\/Entre el Odio y el Amor: La telenovela del Tri -","isPartOf":{"@id":"https:\/\/quehacerpolitico.mx\/#website"},"primaryImageOfPage":{"@id":"https:\/\/quehacerpolitico.mx\/?p=120941#primaryimage"},"image":{"@id":"https:\/\/quehacerpolitico.mx\/?p=120941#primaryimage"},"thumbnailUrl":"https:\/\/quehacerpolitico.mx\/wp-content\/uploads\/2025\/03\/56198866-60c0-4f15-93a8-989c72aa5bc4.jpeg","datePublished":"2025-12-08T01:23:26+00:00","dateModified":"2025-12-08T01:23:31+00:00","author":{"@id":"https:\/\/quehacerpolitico.mx\/#\/schema\/person\/496d8ad2d1d3f8036101dca7ee39e585"},"breadcrumb":{"@id":"https:\/\/quehacerpolitico.mx\/?p=120941#breadcrumb"},"inLanguage":"es","potentialAction":[{"@type":"ReadAction","target":["https:\/\/quehacerpolitico.mx\/?p=120941"]}]},{"@type":"ImageObject","inLanguage":"es","@id":"https:\/\/quehacerpolitico.mx\/?p=120941#primaryimage","url":"https:\/\/quehacerpolitico.mx\/wp-content\/uploads\/2025\/03\/56198866-60c0-4f15-93a8-989c72aa5bc4.jpeg","contentUrl":"https:\/\/quehacerpolitico.mx\/wp-content\/uploads\/2025\/03\/56198866-60c0-4f15-93a8-989c72aa5bc4.jpeg","width":963,"height":493},{"@type":"BreadcrumbList","@id":"https:\/\/quehacerpolitico.mx\/?p=120941#breadcrumb","itemListElement":[{"@type":"ListItem","position":1,"name":"Inicio","item":"https:\/\/quehacerpolitico.mx\/"},{"@type":"ListItem","position":2,"name":"El Quehacer Pol\u00edtico en los Deportes a trav\u00e9s del Arco a la Tribuna en la opini\u00f3n\/\/\/Alberto del Arco M\u00e9ndez\/\/\/Entre el Odio y el Amor: La telenovela del Tri"}]},{"@type":"WebSite","@id":"https:\/\/quehacerpolitico.mx\/#website","url":"https:\/\/quehacerpolitico.mx\/","name":"","description":"","potentialAction":[{"@type":"SearchAction","target":{"@type":"EntryPoint","urlTemplate":"https:\/\/quehacerpolitico.mx\/?s={search_term_string}"},"query-input":{"@type":"PropertyValueSpecification","valueRequired":true,"valueName":"search_term_string"}}],"inLanguage":"es"},{"@type":"Person","@id":"https:\/\/quehacerpolitico.mx\/#\/schema\/person\/496d8ad2d1d3f8036101dca7ee39e585","name":"Redacci\u00f3n QP","image":{"@type":"ImageObject","inLanguage":"es","@id":"https:\/\/secure.gravatar.com\/avatar\/c7164ed6fdec453195284ad24a5ae5b6e1eed2b848477fa2a4787ba9adf39a41?s=96&d=mm&r=g","url":"https:\/\/secure.gravatar.com\/avatar\/c7164ed6fdec453195284ad24a5ae5b6e1eed2b848477fa2a4787ba9adf39a41?s=96&d=mm&r=g","contentUrl":"https:\/\/secure.gravatar.com\/avatar\/c7164ed6fdec453195284ad24a5ae5b6e1eed2b848477fa2a4787ba9adf39a41?s=96&d=mm&r=g","caption":"Redacci\u00f3n QP"},"url":"https:\/\/quehacerpolitico.mx\/?author=2"}]}},"featured_image_urls":{"full":["https:\/\/quehacerpolitico.mx\/wp-content\/uploads\/2025\/03\/56198866-60c0-4f15-93a8-989c72aa5bc4.jpeg",963,493,false],"thumbnail":["https:\/\/quehacerpolitico.mx\/wp-content\/uploads\/2025\/03\/56198866-60c0-4f15-93a8-989c72aa5bc4-150x150.jpeg",150,150,true],"medium":["https:\/\/quehacerpolitico.mx\/wp-content\/uploads\/2025\/03\/56198866-60c0-4f15-93a8-989c72aa5bc4-300x154.jpeg",300,154,true],"medium_large":["https:\/\/quehacerpolitico.mx\/wp-content\/uploads\/2025\/03\/56198866-60c0-4f15-93a8-989c72aa5bc4-768x393.jpeg",640,328,true],"large":["https:\/\/quehacerpolitico.mx\/wp-content\/uploads\/2025\/03\/56198866-60c0-4f15-93a8-989c72aa5bc4.jpeg",640,328,false],"1536x1536":["https:\/\/quehacerpolitico.mx\/wp-content\/uploads\/2025\/03\/56198866-60c0-4f15-93a8-989c72aa5bc4.jpeg",963,493,false],"2048x2048":["https:\/\/quehacerpolitico.mx\/wp-content\/uploads\/2025\/03\/56198866-60c0-4f15-93a8-989c72aa5bc4.jpeg",963,493,false],"covernews-featured":["https:\/\/quehacerpolitico.mx\/wp-content\/uploads\/2025\/03\/56198866-60c0-4f15-93a8-989c72aa5bc4.jpeg",963,493,false],"covernews-medium":["https:\/\/quehacerpolitico.mx\/wp-content\/uploads\/2025\/03\/56198866-60c0-4f15-93a8-989c72aa5bc4-540x340.jpeg",540,340,true]},"author_info":{"display_name":"Redacci\u00f3n QP","author_link":"https:\/\/quehacerpolitico.mx\/?author=2"},"category_info":"<a href=\"https:\/\/quehacerpolitico.mx\/?cat=54\" rel=\"category\">Deportes<\/a>","tag_info":"Deportes","comment_count":"0","_links":{"self":[{"href":"https:\/\/quehacerpolitico.mx\/index.php?rest_route=\/wp\/v2\/posts\/120941","targetHints":{"allow":["GET"]}}],"collection":[{"href":"https:\/\/quehacerpolitico.mx\/index.php?rest_route=\/wp\/v2\/posts"}],"about":[{"href":"https:\/\/quehacerpolitico.mx\/index.php?rest_route=\/wp\/v2\/types\/post"}],"author":[{"embeddable":true,"href":"https:\/\/quehacerpolitico.mx\/index.php?rest_route=\/wp\/v2\/users\/2"}],"replies":[{"embeddable":true,"href":"https:\/\/quehacerpolitico.mx\/index.php?rest_route=%2Fwp%2Fv2%2Fcomments&post=120941"}],"version-history":[{"count":1,"href":"https:\/\/quehacerpolitico.mx\/index.php?rest_route=\/wp\/v2\/posts\/120941\/revisions"}],"predecessor-version":[{"id":120942,"href":"https:\/\/quehacerpolitico.mx\/index.php?rest_route=\/wp\/v2\/posts\/120941\/revisions\/120942"}],"wp:featuredmedia":[{"embeddable":true,"href":"https:\/\/quehacerpolitico.mx\/index.php?rest_route=\/wp\/v2\/media\/115143"}],"wp:attachment":[{"href":"https:\/\/quehacerpolitico.mx\/index.php?rest_route=%2Fwp%2Fv2%2Fmedia&parent=120941"}],"wp:term":[{"taxonomy":"category","embeddable":true,"href":"https:\/\/quehacerpolitico.mx\/index.php?rest_route=%2Fwp%2Fv2%2Fcategories&post=120941"},{"taxonomy":"post_tag","embeddable":true,"href":"https:\/\/quehacerpolitico.mx\/index.php?rest_route=%2Fwp%2Fv2%2Ftags&post=120941"}],"curies":[{"name":"wp","href":"https:\/\/api.w.org\/{rel}","templated":true}]}}