{"id":120929,"date":"2025-12-07T17:36:45","date_gmt":"2025-12-07T23:36:45","guid":{"rendered":"https:\/\/quehacerpolitico.mx\/?p=120929"},"modified":"2025-12-07T17:36:49","modified_gmt":"2025-12-07T23:36:49","slug":"el-quehacer-politico-en-la-tecnologia-y-de-todo-un-poco-a-traves-de-la-opinion-ing-abel-jimenez-hernandez-mexico-en-transformaciondel-despertar-de-2025-al-renacimiento-que-comienza-en-2026","status":"publish","type":"post","link":"https:\/\/quehacerpolitico.mx\/?p=120929","title":{"rendered":"El Quehacer Pol\u00edtico en la Tecnolog\u00eda y de todo un poco a trav\u00e9s de la opini\u00f3n\/\/\/Ing Abel Jim\u00e9nez Hernandez\/\/\/M\u00e9xico en transformaci\u00f3n:DEL DESPERTAR DE 2025 AL RENACIMIENTO QUE COMIENZA EN 2026**"},"content":{"rendered":"\n<p>Por Ing Abel Jim\u00e9nez Hernandez <\/p>\n\n\n\n<p>M\u00e9xico cerr\u00f3 el a\u00f1o 2025 mirando su propio reflejo con una claridad pocas veces vista. Atr\u00e1s quedaron las narrativas c\u00f3modas, las excusas institucionales y el optimismo superficial. El pa\u00eds vivi\u00f3 un a\u00f1o que lo oblig\u00f3 a enfrentarse a su verdad: la urgencia de modernizarse, de fortalecerse, de replantear sus prioridades y de asumir que el mundo ya no espera a nadie.<br>Lo que ocurri\u00f3 en estos doce meses dej\u00f3 marcas profundas en todos los sectores, pero tambi\u00e9n abri\u00f3 una de las oportunidades m\u00e1s grandes que la naci\u00f3n ha tenido en las \u00faltimas d\u00e9cadas: la posibilidad real de transformarse.<\/p>\n\n\n\n<p>2026 inicia como una puerta abierta, como un nuevo cap\u00edtulo donde M\u00e9xico puede decidir si quiere simplemente sobrevivir o si est\u00e1 listo para evolucionar. Esta no es solo una transici\u00f3n de calendario; es el inicio de una d\u00e9cada que definir\u00e1 el destino del pa\u00eds frente a un mundo que avanza de manera acelerada.<\/p>\n\n\n\n<p><strong>2025: El a\u00f1o que sacudi\u00f3 aM\u00e9xico<\/strong><\/p>\n\n\n\n<p>Los hechos del a\u00f1o dejaron claro que M\u00e9xico vive atrapado entre dos velocidades: la de quienes ya trabajan con inteligencia artificial, automatizaci\u00f3n y sistemas modernos, y la de quienes todav\u00eda dependen de procesos manuales, burocr\u00e1ticos y obsoletos. Esa fractura tecnol\u00f3gica dej\u00f3 de ser una conversaci\u00f3n acad\u00e9mica para convertirse en un problema real que impacta la competitividad del pa\u00eds.<\/p>\n\n\n\n<p>La brecha digital se hizo m\u00e1s evidente que nunca. Mientras algunos sectores comenzaron a operar con plataformas avanzadas, otros sobreviv\u00edan con las herramientas del pasado. Este contraste gener\u00f3 un freno estructural que afect\u00f3 no solo a las empresas, sino a la ciudadan\u00eda, a la movilidad, al comercio y a la calidad de vida. M\u00e9xico descubri\u00f3 que no puede seguir construyendo su futuro con estructuras del siglo pasado.<\/p>\n\n\n\n<p>Al mismo tiempo, la crisis ambiental dej\u00f3 de ser un tema de especialistas para convertirse en un asunto urgente. Sequ\u00edas en amplias regiones del pa\u00eds, incendios at\u00edpicos, crisis de agua, deterioro de ecosistemas, y un problema de residuos que supera los 50 millones de toneladas al a\u00f1o mostraron la fragilidad ambiental del pa\u00eds. De ese total, solo un peque\u00f1o porcentaje se recicla correctamente. La naturaleza le record\u00f3 a M\u00e9xico que ignorarla no es una opci\u00f3n.<\/p>\n\n\n\n<p>Pero 2025 tambi\u00e9n dej\u00f3 claro que el ciudadano mexicano cambi\u00f3. La poblaci\u00f3n exige otro tipo de pa\u00eds: uno eficiente, moderno, transparente y seguro. Hoy la gente quiere soluciones reales, servicios digitales, tr\u00e1mites \u00e1giles, seguridad en l\u00ednea, movilidad inteligente y decisiones p\u00fablicas basadas en datos, no en improvisaci\u00f3n. Ese cambio cultural es uno de los motores m\u00e1s poderosos de transformaci\u00f3n.<\/p>\n\n\n\n<p>Las instituciones, sin embargo, mostraron l\u00edmites estructurales. La burocracia qued\u00f3 rebasada, incapaz de ofrecer respuestas al ritmo que el pa\u00eds necesita. Los procesos manuales, los tr\u00e1mites interminables y la falta de interoperabilidad digital demostraron que M\u00e9xico requiere urgentemente una transformaci\u00f3n gubernamental profunda. La ineficiencia termin\u00f3 afectando desde la econom\u00eda hasta la confianza ciudadana.<\/p>\n\n\n\n<p>2025 fue, en resumen, un espejo. Un espejo doloroso, pero necesario.<\/p>\n\n\n\n<p><strong>2026: El comienzo de la d\u00e9cada que puede cambiarlo todo<\/strong><\/p>\n\n\n\n<p>Despu\u00e9s de un a\u00f1o que oblig\u00f3 a abrir los ojos, M\u00e9xico inicia 2026 con la sensaci\u00f3n de que lleg\u00f3 la hora de actuar. No se trata de cambios superficiales ni de intenciones. Se trata de replantear la estructura del pa\u00eds desde sus ra\u00edces. La d\u00e9cada que comienza es decisiva porque coincide con un fen\u00f3meno global: la revoluci\u00f3n tecnol\u00f3gica m\u00e1s acelerada de la historia moderna.<\/p>\n\n\n\n<p>La inteligencia artificial dej\u00f3 de ser una promesa y se convirti\u00f3 en el motor que mueve los sistemas m\u00e1s avanzados del mundo. En esta d\u00e9cada, M\u00e9xico no puede conformarse con adoptar tecnolog\u00eda; debe aprender a producirla, adaptarla, integrarla y convertirla en una ventaja competitiva nacional.<\/p>\n\n\n\n<p>Las proyecciones para los pr\u00f3ximos a\u00f1os son contundentes. La automatizaci\u00f3n tiene el potencial de incrementar la productividad del pa\u00eds en niveles nunca antes alcanzados. El nearshoring abre posibilidades comerciales hist\u00f3ricas, con miles de millones de d\u00f3lares en inversi\u00f3n internacional listas para llegar si M\u00e9xico desarrolla la infraestructura adecuada. El mercado laboral tambi\u00e9n cambiar\u00e1: el talento digital ser\u00e1 uno de los recursos m\u00e1s valiosos y escasos del pa\u00eds.<\/p>\n\n\n\n<p>El reto no es t\u00e9cnico; es cultural. M\u00e9xico debe dejar atr\u00e1s el miedo a modernizarse y adoptar una visi\u00f3n de largo plazo que le permita dar un salto continental.<\/p>\n\n\n\n<p><strong>La tecnolog\u00eda como columna vertebral del nuevo M\u00e9xico<\/strong><\/p>\n\n\n\n<p>La inteligencia artificial tendr\u00e1 un papel central en el desarrollo del pa\u00eds. Las industrias comenzar\u00e1n a integrar sistemas aut\u00f3nomos, an\u00e1lisis de datos en tiempo real, algoritmos predictivos y plataformas interconectadas. Esto transformar\u00e1 desde la log\u00edstica hasta la salud, desde la agricultura hasta el transporte, y desde la educaci\u00f3n hasta la seguridad p\u00fablica.<\/p>\n\n\n\n<p>M\u00e9xico tiene la posibilidad de construir ecosistemas tecnol\u00f3gicos propios, fortalecer la innovaci\u00f3n local y crear un mercado interno capaz de competir con cualquier econom\u00eda del continente. La pregunta ya no es si M\u00e9xico puede transformarse, sino si est\u00e1 dispuesto a hacerlo a la velocidad que el futuro exige.<\/p>\n\n\n\n<p><strong>La crisis ambiental como punto de inflexi\u00f3n<\/strong><\/p>\n\n\n\n<p>2026 inicia con una realidad innegable: la sustentabilidad ya no es una opci\u00f3n estrat\u00e9gica, es una necesidad nacional. La presi\u00f3n ambiental acumulada durante a\u00f1os alcanz\u00f3 un punto cr\u00edtico. El pa\u00eds deber\u00e1 dar pasos firmes hacia modelos de econom\u00eda circular, reciclaje avanzado, tecnolog\u00edas verdes, manejo inteligente de residuos peligrosos y energ\u00edas limpias.<\/p>\n\n\n\n<p>M\u00e9xico puede convertirse en un referente ambiental si combina tecnolog\u00eda con pol\u00edticas p\u00fablicas inteligentes. La creaci\u00f3n de empleos verdes, la inversi\u00f3n en infraestructura sostenible y la incorporaci\u00f3n de automatizaci\u00f3n y trazabilidad ambiental pueden transformar un problema hist\u00f3rico en una oportunidad econ\u00f3mica gigantesca.<\/p>\n\n\n\n<p><strong>La log\u00edstica mexicana: el motor econ\u00f3mico de la d\u00e9cada<\/strong><\/p>\n\n\n\n<p>M\u00e9xico posee una posici\u00f3n geogr\u00e1fica privilegiada. El comercio con Estados Unidos se fortalece cada a\u00f1o, y el nearshoring generar\u00e1 una ola de reindustrializaci\u00f3n que puede posicionar al pa\u00eds como un centro log\u00edstico continental. Pero para lograrlo, M\u00e9xico necesita modernizar su infraestructura de transporte, incorporar sistemas de monitoreo inteligente, digitalizar rutas, fortalecer su seguridad y mejorar la calidad operativa del pa\u00eds.<\/p>\n\n\n\n<p>La log\u00edstica ser\u00e1 uno de los pilares m\u00e1s importantes para la econom\u00eda mexicana durante los pr\u00f3ximos diez a\u00f1os. Ser\u00e1 un sector que combinar\u00e1 tecnolog\u00eda, movilidad, infraestructura y sustentabilidad.<\/p>\n\n\n\n<p><strong>Un M\u00e9xico m\u00e1s seguro, en f\u00edsico y en digital<\/strong><\/p>\n\n\n\n<p>Los ciberataques durante 2025 mostraron que M\u00e9xico necesita construir una capa de protecci\u00f3n moderna y robusta. No solo para proteger instituciones gubernamentales, sino tambi\u00e9n empresas, escuelas, hospitales, sistemas de transporte y datos ciudadanos.<\/p>\n\n\n\n<p>La seguridad ser\u00e1 h\u00edbrida: tanto f\u00edsica como digital. Con sistemas de alerta temprana, monitoreo en tiempo real, protecci\u00f3n de datos, centros de ciberseguridad y estructuras resilientes capaces de anticiparse a amenazas. El pa\u00eds debe entender que no hay futuro tecnol\u00f3gico sin seguridad tecnol\u00f3gica.<\/p>\n\n\n\n<p><strong>El gobierno digital: el gran pendiente nacional<\/strong><\/p>\n\n\n\n<p>Una de las transformaciones m\u00e1s urgentes es la del aparato gubernamental. Digitalizar tr\u00e1mites, unificar plataformas, mejorar la interoperabilidad entre instituciones, eliminar el papel y reducir la corrupci\u00f3n por medio de sistemas automatizados es una tarea impostergable.<br>M\u00e9xico no puede aspirar a ser un pa\u00eds moderno con un gobierno anal\u00f3gico.<\/p>\n\n\n\n<p>2026 debe ser el a\u00f1o en que el Estado asuma su papel como motor tecnol\u00f3gico y no como freno burocr\u00e1tico.<\/p>\n\n\n\n<p><strong>El ciudadano digital: el nuevo rostro del pa\u00eds<\/strong><\/p>\n\n\n\n<p>El mexicano del futuro cercano es distinto al de cualquier \u00e9poca anterior. Utiliza servicios digitales, realiza pagos electr\u00f3nicos, se educa en plataformas h\u00edbridas, se informa en tiempo real, interact\u00faa con servicios automatizados y vive en un entorno cada vez m\u00e1s conectado.<\/p>\n\n\n\n<p>La sociedad mexicana est\u00e1 avanzando aceleradamente y exige instituciones que vayan al mismo ritmo. Si el gobierno, las empresas y la infraestructura no se modernizan, quedar\u00e1n rezagados frente a una poblaci\u00f3n que ya vive en el siglo XXI.<\/p>\n\n\n\n<p><strong>Una d\u00e9cada para redefinir a M\u00e9xico<\/strong><\/p>\n\n\n\n<p>Todo lo que ocurra entre 2026 y 2036 ser\u00e1 determinante. M\u00e9xico tiene la oportunidad de convertirse en una potencia emergente, en un referente de innovaci\u00f3n y en un ejemplo de transici\u00f3n hacia una econom\u00eda verde e inteligente.<br>Pero para lograrlo, el pa\u00eds debe acelerar, invertir, adaptarse y trabajar con una visi\u00f3n clara del futuro.<\/p>\n\n\n\n<p><strong>CONCLUSI\u00d3N: La oportunidad hist\u00f3rica que M\u00e9xico no puede dejar pasar<\/strong><\/p>\n\n\n\n<p>El 2025 nos mostr\u00f3 el pa\u00eds que somos.<br>El 2026 nos mostrar\u00e1 el pa\u00eds que podemos ser.<br>Y la d\u00e9cada que estamos iniciando decidir\u00e1 cu\u00e1l de los dos elegimos.<\/p>\n\n\n\n<p>M\u00e9xico tiene talento, recursos, creatividad, ubicaci\u00f3n estrat\u00e9gica y una nueva generaci\u00f3n lista para transformar todo.<br>Es el momento perfecto para reconstruirse, modernizarse e innovar.<\/p>\n\n\n\n<p>La historia ya abri\u00f3 la puerta.<br>Ahora es M\u00e9xico quien debe cruzarla.<\/p>\n","protected":false},"excerpt":{"rendered":"<p>Por Ing Abel Jim\u00e9nez Hernandez M\u00e9xico cerr\u00f3 el a\u00f1o 2025 mirando su propio reflejo con&#8230;<\/p>\n","protected":false},"author":2,"featured_media":120930,"comment_status":"open","ping_status":"open","sticky":false,"template":"","format":"standard","meta":{"_monsterinsights_skip_tracking":false,"_monsterinsights_sitenote_active":false,"_monsterinsights_sitenote_note":"","_monsterinsights_sitenote_category":0,"footnotes":""},"categories":[280,2],"tags":[],"class_list":["post-120929","post","type-post","status-publish","format-standard","has-post-thumbnail","hentry","category-nacionales","category-noticias"],"yoast_head":"<!-- This site is optimized with the Yoast SEO plugin v27.3 - https:\/\/yoast.com\/product\/yoast-seo-wordpress\/ -->\n<title>El Quehacer Pol\u00edtico en la Tecnolog\u00eda y de todo un poco a trav\u00e9s de la opini\u00f3n\/\/\/Ing Abel Jim\u00e9nez Hernandez\/\/\/M\u00e9xico en transformaci\u00f3n:DEL DESPERTAR DE 2025 AL RENACIMIENTO QUE COMIENZA EN 2026** -<\/title>\n<meta name=\"robots\" content=\"index, follow, max-snippet:-1, max-image-preview:large, max-video-preview:-1\" \/>\n<link rel=\"canonical\" href=\"https:\/\/quehacerpolitico.mx\/?p=120929\" \/>\n<meta property=\"og:locale\" content=\"es_MX\" \/>\n<meta property=\"og:type\" content=\"article\" \/>\n<meta property=\"og:title\" content=\"El Quehacer Pol\u00edtico en la Tecnolog\u00eda y de todo un poco a trav\u00e9s de la opini\u00f3n\/\/\/Ing Abel Jim\u00e9nez Hernandez\/\/\/M\u00e9xico en transformaci\u00f3n:DEL DESPERTAR DE 2025 AL RENACIMIENTO QUE COMIENZA EN 2026** -\" \/>\n<meta property=\"og:description\" content=\"Por Ing Abel Jim\u00e9nez Hernandez M\u00e9xico cerr\u00f3 el a\u00f1o 2025 mirando su propio reflejo con...\" \/>\n<meta property=\"og:url\" content=\"https:\/\/quehacerpolitico.mx\/?p=120929\" \/>\n<meta property=\"article:published_time\" content=\"2025-12-07T23:36:45+00:00\" \/>\n<meta property=\"article:modified_time\" content=\"2025-12-07T23:36:49+00:00\" \/>\n<meta property=\"og:image\" content=\"http:\/\/quehacerpolitico.mx\/wp-content\/uploads\/2025\/12\/59409e2b-31e6-43bd-98ff-4eea4dc1431d.jpeg\" \/>\n\t<meta property=\"og:image:width\" content=\"963\" \/>\n\t<meta property=\"og:image:height\" content=\"493\" \/>\n\t<meta property=\"og:image:type\" content=\"image\/jpeg\" \/>\n<meta name=\"author\" content=\"Redacci\u00f3n QP\" \/>\n<meta name=\"twitter:card\" content=\"summary_large_image\" \/>\n<meta name=\"twitter:label1\" content=\"Escrito por\" \/>\n\t<meta name=\"twitter:data1\" content=\"Redacci\u00f3n QP\" \/>\n\t<meta name=\"twitter:label2\" content=\"Tiempo de lectura\" \/>\n\t<meta name=\"twitter:data2\" content=\"7 minutos\" \/>\n<script type=\"application\/ld+json\" class=\"yoast-schema-graph\">{\"@context\":\"https:\\\/\\\/schema.org\",\"@graph\":[{\"@type\":\"Article\",\"@id\":\"https:\\\/\\\/quehacerpolitico.mx\\\/?p=120929#article\",\"isPartOf\":{\"@id\":\"https:\\\/\\\/quehacerpolitico.mx\\\/?p=120929\"},\"author\":{\"name\":\"Redacci\u00f3n QP\",\"@id\":\"https:\\\/\\\/quehacerpolitico.mx\\\/#\\\/schema\\\/person\\\/496d8ad2d1d3f8036101dca7ee39e585\"},\"headline\":\"El Quehacer Pol\u00edtico en la Tecnolog\u00eda y de todo un poco a trav\u00e9s de la opini\u00f3n\\\/\\\/\\\/Ing Abel Jim\u00e9nez Hernandez\\\/\\\/\\\/M\u00e9xico en transformaci\u00f3n:DEL DESPERTAR DE 2025 AL RENACIMIENTO QUE COMIENZA EN 2026**\",\"datePublished\":\"2025-12-07T23:36:45+00:00\",\"dateModified\":\"2025-12-07T23:36:49+00:00\",\"mainEntityOfPage\":{\"@id\":\"https:\\\/\\\/quehacerpolitico.mx\\\/?p=120929\"},\"wordCount\":1596,\"commentCount\":0,\"image\":{\"@id\":\"https:\\\/\\\/quehacerpolitico.mx\\\/?p=120929#primaryimage\"},\"thumbnailUrl\":\"https:\\\/\\\/quehacerpolitico.mx\\\/wp-content\\\/uploads\\\/2025\\\/12\\\/59409e2b-31e6-43bd-98ff-4eea4dc1431d.jpeg\",\"articleSection\":[\"Nacionales\",\"Noticias\"],\"inLanguage\":\"es\",\"potentialAction\":[{\"@type\":\"CommentAction\",\"name\":\"Comment\",\"target\":[\"https:\\\/\\\/quehacerpolitico.mx\\\/?p=120929#respond\"]}]},{\"@type\":\"WebPage\",\"@id\":\"https:\\\/\\\/quehacerpolitico.mx\\\/?p=120929\",\"url\":\"https:\\\/\\\/quehacerpolitico.mx\\\/?p=120929\",\"name\":\"El Quehacer Pol\u00edtico en la Tecnolog\u00eda y de todo un poco a trav\u00e9s de la opini\u00f3n\\\/\\\/\\\/Ing Abel Jim\u00e9nez Hernandez\\\/\\\/\\\/M\u00e9xico en transformaci\u00f3n:DEL DESPERTAR DE 2025 AL RENACIMIENTO QUE COMIENZA EN 2026** -\",\"isPartOf\":{\"@id\":\"https:\\\/\\\/quehacerpolitico.mx\\\/#website\"},\"primaryImageOfPage\":{\"@id\":\"https:\\\/\\\/quehacerpolitico.mx\\\/?p=120929#primaryimage\"},\"image\":{\"@id\":\"https:\\\/\\\/quehacerpolitico.mx\\\/?p=120929#primaryimage\"},\"thumbnailUrl\":\"https:\\\/\\\/quehacerpolitico.mx\\\/wp-content\\\/uploads\\\/2025\\\/12\\\/59409e2b-31e6-43bd-98ff-4eea4dc1431d.jpeg\",\"datePublished\":\"2025-12-07T23:36:45+00:00\",\"dateModified\":\"2025-12-07T23:36:49+00:00\",\"author\":{\"@id\":\"https:\\\/\\\/quehacerpolitico.mx\\\/#\\\/schema\\\/person\\\/496d8ad2d1d3f8036101dca7ee39e585\"},\"breadcrumb\":{\"@id\":\"https:\\\/\\\/quehacerpolitico.mx\\\/?p=120929#breadcrumb\"},\"inLanguage\":\"es\",\"potentialAction\":[{\"@type\":\"ReadAction\",\"target\":[\"https:\\\/\\\/quehacerpolitico.mx\\\/?p=120929\"]}]},{\"@type\":\"ImageObject\",\"inLanguage\":\"es\",\"@id\":\"https:\\\/\\\/quehacerpolitico.mx\\\/?p=120929#primaryimage\",\"url\":\"https:\\\/\\\/quehacerpolitico.mx\\\/wp-content\\\/uploads\\\/2025\\\/12\\\/59409e2b-31e6-43bd-98ff-4eea4dc1431d.jpeg\",\"contentUrl\":\"https:\\\/\\\/quehacerpolitico.mx\\\/wp-content\\\/uploads\\\/2025\\\/12\\\/59409e2b-31e6-43bd-98ff-4eea4dc1431d.jpeg\",\"width\":963,\"height\":493},{\"@type\":\"BreadcrumbList\",\"@id\":\"https:\\\/\\\/quehacerpolitico.mx\\\/?p=120929#breadcrumb\",\"itemListElement\":[{\"@type\":\"ListItem\",\"position\":1,\"name\":\"Inicio\",\"item\":\"https:\\\/\\\/quehacerpolitico.mx\\\/\"},{\"@type\":\"ListItem\",\"position\":2,\"name\":\"El Quehacer Pol\u00edtico en la Tecnolog\u00eda y de todo un poco a trav\u00e9s de la opini\u00f3n\\\/\\\/\\\/Ing Abel Jim\u00e9nez Hernandez\\\/\\\/\\\/M\u00e9xico en transformaci\u00f3n:DEL DESPERTAR DE 2025 AL RENACIMIENTO QUE COMIENZA EN 2026**\"}]},{\"@type\":\"WebSite\",\"@id\":\"https:\\\/\\\/quehacerpolitico.mx\\\/#website\",\"url\":\"https:\\\/\\\/quehacerpolitico.mx\\\/\",\"name\":\"\",\"description\":\"\",\"potentialAction\":[{\"@type\":\"SearchAction\",\"target\":{\"@type\":\"EntryPoint\",\"urlTemplate\":\"https:\\\/\\\/quehacerpolitico.mx\\\/?s={search_term_string}\"},\"query-input\":{\"@type\":\"PropertyValueSpecification\",\"valueRequired\":true,\"valueName\":\"search_term_string\"}}],\"inLanguage\":\"es\"},{\"@type\":\"Person\",\"@id\":\"https:\\\/\\\/quehacerpolitico.mx\\\/#\\\/schema\\\/person\\\/496d8ad2d1d3f8036101dca7ee39e585\",\"name\":\"Redacci\u00f3n QP\",\"image\":{\"@type\":\"ImageObject\",\"inLanguage\":\"es\",\"@id\":\"https:\\\/\\\/secure.gravatar.com\\\/avatar\\\/c7164ed6fdec453195284ad24a5ae5b6e1eed2b848477fa2a4787ba9adf39a41?s=96&d=mm&r=g\",\"url\":\"https:\\\/\\\/secure.gravatar.com\\\/avatar\\\/c7164ed6fdec453195284ad24a5ae5b6e1eed2b848477fa2a4787ba9adf39a41?s=96&d=mm&r=g\",\"contentUrl\":\"https:\\\/\\\/secure.gravatar.com\\\/avatar\\\/c7164ed6fdec453195284ad24a5ae5b6e1eed2b848477fa2a4787ba9adf39a41?s=96&d=mm&r=g\",\"caption\":\"Redacci\u00f3n QP\"},\"url\":\"https:\\\/\\\/quehacerpolitico.mx\\\/?author=2\"}]}<\/script>\n<!-- \/ Yoast SEO plugin. -->","yoast_head_json":{"title":"El Quehacer Pol\u00edtico en la Tecnolog\u00eda y de todo un poco a trav\u00e9s de la opini\u00f3n\/\/\/Ing Abel Jim\u00e9nez Hernandez\/\/\/M\u00e9xico en transformaci\u00f3n:DEL DESPERTAR DE 2025 AL RENACIMIENTO QUE COMIENZA EN 2026** -","robots":{"index":"index","follow":"follow","max-snippet":"max-snippet:-1","max-image-preview":"max-image-preview:large","max-video-preview":"max-video-preview:-1"},"canonical":"https:\/\/quehacerpolitico.mx\/?p=120929","og_locale":"es_MX","og_type":"article","og_title":"El Quehacer Pol\u00edtico en la Tecnolog\u00eda y de todo un poco a trav\u00e9s de la opini\u00f3n\/\/\/Ing Abel Jim\u00e9nez Hernandez\/\/\/M\u00e9xico en transformaci\u00f3n:DEL DESPERTAR DE 2025 AL RENACIMIENTO QUE COMIENZA EN 2026** -","og_description":"Por Ing Abel Jim\u00e9nez Hernandez M\u00e9xico cerr\u00f3 el a\u00f1o 2025 mirando su propio reflejo con...","og_url":"https:\/\/quehacerpolitico.mx\/?p=120929","article_published_time":"2025-12-07T23:36:45+00:00","article_modified_time":"2025-12-07T23:36:49+00:00","og_image":[{"width":963,"height":493,"url":"http:\/\/quehacerpolitico.mx\/wp-content\/uploads\/2025\/12\/59409e2b-31e6-43bd-98ff-4eea4dc1431d.jpeg","type":"image\/jpeg"}],"author":"Redacci\u00f3n QP","twitter_card":"summary_large_image","twitter_misc":{"Escrito por":"Redacci\u00f3n QP","Tiempo de lectura":"7 minutos"},"schema":{"@context":"https:\/\/schema.org","@graph":[{"@type":"Article","@id":"https:\/\/quehacerpolitico.mx\/?p=120929#article","isPartOf":{"@id":"https:\/\/quehacerpolitico.mx\/?p=120929"},"author":{"name":"Redacci\u00f3n QP","@id":"https:\/\/quehacerpolitico.mx\/#\/schema\/person\/496d8ad2d1d3f8036101dca7ee39e585"},"headline":"El Quehacer Pol\u00edtico en la Tecnolog\u00eda y de todo un poco a trav\u00e9s de la opini\u00f3n\/\/\/Ing Abel Jim\u00e9nez Hernandez\/\/\/M\u00e9xico en transformaci\u00f3n:DEL DESPERTAR DE 2025 AL RENACIMIENTO QUE COMIENZA EN 2026**","datePublished":"2025-12-07T23:36:45+00:00","dateModified":"2025-12-07T23:36:49+00:00","mainEntityOfPage":{"@id":"https:\/\/quehacerpolitico.mx\/?p=120929"},"wordCount":1596,"commentCount":0,"image":{"@id":"https:\/\/quehacerpolitico.mx\/?p=120929#primaryimage"},"thumbnailUrl":"https:\/\/quehacerpolitico.mx\/wp-content\/uploads\/2025\/12\/59409e2b-31e6-43bd-98ff-4eea4dc1431d.jpeg","articleSection":["Nacionales","Noticias"],"inLanguage":"es","potentialAction":[{"@type":"CommentAction","name":"Comment","target":["https:\/\/quehacerpolitico.mx\/?p=120929#respond"]}]},{"@type":"WebPage","@id":"https:\/\/quehacerpolitico.mx\/?p=120929","url":"https:\/\/quehacerpolitico.mx\/?p=120929","name":"El Quehacer Pol\u00edtico en la Tecnolog\u00eda y de todo un poco a trav\u00e9s de la opini\u00f3n\/\/\/Ing Abel Jim\u00e9nez Hernandez\/\/\/M\u00e9xico en transformaci\u00f3n:DEL DESPERTAR DE 2025 AL RENACIMIENTO QUE COMIENZA EN 2026** -","isPartOf":{"@id":"https:\/\/quehacerpolitico.mx\/#website"},"primaryImageOfPage":{"@id":"https:\/\/quehacerpolitico.mx\/?p=120929#primaryimage"},"image":{"@id":"https:\/\/quehacerpolitico.mx\/?p=120929#primaryimage"},"thumbnailUrl":"https:\/\/quehacerpolitico.mx\/wp-content\/uploads\/2025\/12\/59409e2b-31e6-43bd-98ff-4eea4dc1431d.jpeg","datePublished":"2025-12-07T23:36:45+00:00","dateModified":"2025-12-07T23:36:49+00:00","author":{"@id":"https:\/\/quehacerpolitico.mx\/#\/schema\/person\/496d8ad2d1d3f8036101dca7ee39e585"},"breadcrumb":{"@id":"https:\/\/quehacerpolitico.mx\/?p=120929#breadcrumb"},"inLanguage":"es","potentialAction":[{"@type":"ReadAction","target":["https:\/\/quehacerpolitico.mx\/?p=120929"]}]},{"@type":"ImageObject","inLanguage":"es","@id":"https:\/\/quehacerpolitico.mx\/?p=120929#primaryimage","url":"https:\/\/quehacerpolitico.mx\/wp-content\/uploads\/2025\/12\/59409e2b-31e6-43bd-98ff-4eea4dc1431d.jpeg","contentUrl":"https:\/\/quehacerpolitico.mx\/wp-content\/uploads\/2025\/12\/59409e2b-31e6-43bd-98ff-4eea4dc1431d.jpeg","width":963,"height":493},{"@type":"BreadcrumbList","@id":"https:\/\/quehacerpolitico.mx\/?p=120929#breadcrumb","itemListElement":[{"@type":"ListItem","position":1,"name":"Inicio","item":"https:\/\/quehacerpolitico.mx\/"},{"@type":"ListItem","position":2,"name":"El Quehacer Pol\u00edtico en la Tecnolog\u00eda y de todo un poco a trav\u00e9s de la opini\u00f3n\/\/\/Ing Abel Jim\u00e9nez Hernandez\/\/\/M\u00e9xico en transformaci\u00f3n:DEL DESPERTAR DE 2025 AL RENACIMIENTO QUE COMIENZA EN 2026**"}]},{"@type":"WebSite","@id":"https:\/\/quehacerpolitico.mx\/#website","url":"https:\/\/quehacerpolitico.mx\/","name":"","description":"","potentialAction":[{"@type":"SearchAction","target":{"@type":"EntryPoint","urlTemplate":"https:\/\/quehacerpolitico.mx\/?s={search_term_string}"},"query-input":{"@type":"PropertyValueSpecification","valueRequired":true,"valueName":"search_term_string"}}],"inLanguage":"es"},{"@type":"Person","@id":"https:\/\/quehacerpolitico.mx\/#\/schema\/person\/496d8ad2d1d3f8036101dca7ee39e585","name":"Redacci\u00f3n QP","image":{"@type":"ImageObject","inLanguage":"es","@id":"https:\/\/secure.gravatar.com\/avatar\/c7164ed6fdec453195284ad24a5ae5b6e1eed2b848477fa2a4787ba9adf39a41?s=96&d=mm&r=g","url":"https:\/\/secure.gravatar.com\/avatar\/c7164ed6fdec453195284ad24a5ae5b6e1eed2b848477fa2a4787ba9adf39a41?s=96&d=mm&r=g","contentUrl":"https:\/\/secure.gravatar.com\/avatar\/c7164ed6fdec453195284ad24a5ae5b6e1eed2b848477fa2a4787ba9adf39a41?s=96&d=mm&r=g","caption":"Redacci\u00f3n QP"},"url":"https:\/\/quehacerpolitico.mx\/?author=2"}]}},"featured_image_urls":{"full":["https:\/\/quehacerpolitico.mx\/wp-content\/uploads\/2025\/12\/59409e2b-31e6-43bd-98ff-4eea4dc1431d.jpeg",963,493,false],"thumbnail":["https:\/\/quehacerpolitico.mx\/wp-content\/uploads\/2025\/12\/59409e2b-31e6-43bd-98ff-4eea4dc1431d-150x150.jpeg",150,150,true],"medium":["https:\/\/quehacerpolitico.mx\/wp-content\/uploads\/2025\/12\/59409e2b-31e6-43bd-98ff-4eea4dc1431d-300x154.jpeg",300,154,true],"medium_large":["https:\/\/quehacerpolitico.mx\/wp-content\/uploads\/2025\/12\/59409e2b-31e6-43bd-98ff-4eea4dc1431d-768x393.jpeg",640,328,true],"large":["https:\/\/quehacerpolitico.mx\/wp-content\/uploads\/2025\/12\/59409e2b-31e6-43bd-98ff-4eea4dc1431d.jpeg",640,328,false],"1536x1536":["https:\/\/quehacerpolitico.mx\/wp-content\/uploads\/2025\/12\/59409e2b-31e6-43bd-98ff-4eea4dc1431d.jpeg",963,493,false],"2048x2048":["https:\/\/quehacerpolitico.mx\/wp-content\/uploads\/2025\/12\/59409e2b-31e6-43bd-98ff-4eea4dc1431d.jpeg",963,493,false],"covernews-featured":["https:\/\/quehacerpolitico.mx\/wp-content\/uploads\/2025\/12\/59409e2b-31e6-43bd-98ff-4eea4dc1431d.jpeg",963,493,false],"covernews-medium":["https:\/\/quehacerpolitico.mx\/wp-content\/uploads\/2025\/12\/59409e2b-31e6-43bd-98ff-4eea4dc1431d-540x340.jpeg",540,340,true]},"author_info":{"display_name":"Redacci\u00f3n QP","author_link":"https:\/\/quehacerpolitico.mx\/?author=2"},"category_info":"<a href=\"https:\/\/quehacerpolitico.mx\/?cat=280\" rel=\"category\">Nacionales<\/a> <a href=\"https:\/\/quehacerpolitico.mx\/?cat=2\" rel=\"category\">Noticias<\/a>","tag_info":"Noticias","comment_count":"0","_links":{"self":[{"href":"https:\/\/quehacerpolitico.mx\/index.php?rest_route=\/wp\/v2\/posts\/120929","targetHints":{"allow":["GET"]}}],"collection":[{"href":"https:\/\/quehacerpolitico.mx\/index.php?rest_route=\/wp\/v2\/posts"}],"about":[{"href":"https:\/\/quehacerpolitico.mx\/index.php?rest_route=\/wp\/v2\/types\/post"}],"author":[{"embeddable":true,"href":"https:\/\/quehacerpolitico.mx\/index.php?rest_route=\/wp\/v2\/users\/2"}],"replies":[{"embeddable":true,"href":"https:\/\/quehacerpolitico.mx\/index.php?rest_route=%2Fwp%2Fv2%2Fcomments&post=120929"}],"version-history":[{"count":1,"href":"https:\/\/quehacerpolitico.mx\/index.php?rest_route=\/wp\/v2\/posts\/120929\/revisions"}],"predecessor-version":[{"id":120931,"href":"https:\/\/quehacerpolitico.mx\/index.php?rest_route=\/wp\/v2\/posts\/120929\/revisions\/120931"}],"wp:featuredmedia":[{"embeddable":true,"href":"https:\/\/quehacerpolitico.mx\/index.php?rest_route=\/wp\/v2\/media\/120930"}],"wp:attachment":[{"href":"https:\/\/quehacerpolitico.mx\/index.php?rest_route=%2Fwp%2Fv2%2Fmedia&parent=120929"}],"wp:term":[{"taxonomy":"category","embeddable":true,"href":"https:\/\/quehacerpolitico.mx\/index.php?rest_route=%2Fwp%2Fv2%2Fcategories&post=120929"},{"taxonomy":"post_tag","embeddable":true,"href":"https:\/\/quehacerpolitico.mx\/index.php?rest_route=%2Fwp%2Fv2%2Ftags&post=120929"}],"curies":[{"name":"wp","href":"https:\/\/api.w.org\/{rel}","templated":true}]}}