{"id":120911,"date":"2025-12-06T21:48:56","date_gmt":"2025-12-07T03:48:56","guid":{"rendered":"https:\/\/quehacerpolitico.mx\/?p=120911"},"modified":"2025-12-06T21:49:00","modified_gmt":"2025-12-07T03:49:00","slug":"el-quehacer-politico-en-la-cultura-a-traves-del-enfoque-litza-deniss-duran-espinosa-tengo-un-sueno-estatal-fiesta-de-las-culturas-comunitarias-cierra-en-el-estado-de-mexico","status":"publish","type":"post","link":"https:\/\/quehacerpolitico.mx\/?p=120911","title":{"rendered":"El Quehacer Pol\u00edtico en la Cultura a trav\u00e9s del Enfoque\/\/\/Litza Deniss Dur\u00e1n Espinosa\/\/\/\u201cTENGO UN SUE\u00d1O ESTATAL, FIESTA DE LAS CULTURAS COMUNITARIAS\u201d CIERRA EN EL ESTADO DE M\u00c9XICO"},"content":{"rendered":"\n<p>Por Litza Deniss Dur\u00e1n Espinosa<\/p>\n\n\n\n<ul class=\"wp-block-list\">\n<li><strong>Nueve Semilleros Creativos de\u00a0la entidad participaron en la celebraci\u00f3n\u00a0que marc\u00f3 el cierre nacional de los eventos \u00a0<\/strong><\/li>\n\n\n\n<li><strong>23 entidades del pa\u00eds participaron en los eventos, en los que se mostr\u00f3 el talento y creatividad de ni\u00f1as, ni\u00f1os y j\u00f3venes que son parte de\u00a0los Semilleros Creativos<\/strong><\/li>\n<\/ul>\n\n\n\n<p>El Estado de M\u00e9xico fue sede del \u00faltimo \u201cTengo un sue\u00f1o Estatal, Fiestas de las Culturas Comunitarias\u201d, que se realizaron en diversas entidades del pa\u00eds, para celebrar la diversidad cultural del pa\u00eds y el trabajo de las infancias y juventudes que forman parte de los Semilleros Creativos, grupos de creaci\u00f3n colectiva, de la Secretar\u00eda de Cultura del Gobierno de M\u00e9xico.<\/p>\n\n\n\n<p>El evento, que llev\u00f3 por t\u00edtulo \u201cFraternidad entre Infancias\u201d, reuni\u00f3 a m\u00e1s de 280 ni\u00f1as, ni\u00f1os y j\u00f3venes de nueve Semilleros Creativos, quienes, a trav\u00e9s de diversas presentaciones art\u00edsticas, mostraron el trabajo que realizaron en el a\u00f1o&nbsp; a trav\u00e9s del programa Cultura Comunitaria. Las actividades incluyeron teatro, t\u00edteres, danza, creaci\u00f3n literaria, dibujo, pintura, modelado, fotograf\u00eda, artes visuales y&nbsp;<em>performance<\/em>, disciplinas en las que las infancias desarrollaron habilidades, expresiones y formas de colaboraci\u00f3n comunitaria.<\/p>\n\n\n\n<figure class=\"wp-block-gallery has-nested-images columns-default is-cropped wp-block-gallery-1 is-layout-flex wp-block-gallery-is-layout-flex\">\n<figure class=\"wp-block-image size-large\"><img loading=\"lazy\" decoding=\"async\" width=\"1024\" height=\"576\" data-id=\"120913\" src=\"https:\/\/quehacerpolitico.mx\/wp-content\/uploads\/2025\/12\/IMG_5515-1024x576.jpeg\" alt=\"\" class=\"wp-image-120913\" srcset=\"https:\/\/quehacerpolitico.mx\/wp-content\/uploads\/2025\/12\/IMG_5515-1024x576.jpeg 1024w, https:\/\/quehacerpolitico.mx\/wp-content\/uploads\/2025\/12\/IMG_5515-300x169.jpeg 300w, https:\/\/quehacerpolitico.mx\/wp-content\/uploads\/2025\/12\/IMG_5515-768x432.jpeg 768w, https:\/\/quehacerpolitico.mx\/wp-content\/uploads\/2025\/12\/IMG_5515-1536x864.jpeg 1536w, https:\/\/quehacerpolitico.mx\/wp-content\/uploads\/2025\/12\/IMG_5515-2048x1152.jpeg 2048w\" sizes=\"auto, (max-width: 1024px) 100vw, 1024px\" \/><\/figure>\n\n\n\n<figure class=\"wp-block-image size-large\"><img loading=\"lazy\" decoding=\"async\" width=\"1024\" height=\"576\" data-id=\"120914\" src=\"https:\/\/quehacerpolitico.mx\/wp-content\/uploads\/2025\/12\/IMG_5516-1024x576.jpeg\" alt=\"\" class=\"wp-image-120914\" srcset=\"https:\/\/quehacerpolitico.mx\/wp-content\/uploads\/2025\/12\/IMG_5516-1024x576.jpeg 1024w, https:\/\/quehacerpolitico.mx\/wp-content\/uploads\/2025\/12\/IMG_5516-300x169.jpeg 300w, https:\/\/quehacerpolitico.mx\/wp-content\/uploads\/2025\/12\/IMG_5516-768x432.jpeg 768w, https:\/\/quehacerpolitico.mx\/wp-content\/uploads\/2025\/12\/IMG_5516-1536x864.jpeg 1536w, https:\/\/quehacerpolitico.mx\/wp-content\/uploads\/2025\/12\/IMG_5516-2048x1152.jpeg 2048w\" sizes=\"auto, (max-width: 1024px) 100vw, 1024px\" \/><\/figure>\n\n\n\n<figure class=\"wp-block-image size-large\"><img loading=\"lazy\" decoding=\"async\" width=\"1024\" height=\"576\" data-id=\"120915\" src=\"https:\/\/quehacerpolitico.mx\/wp-content\/uploads\/2025\/12\/IMG_5518-1024x576.jpeg\" alt=\"\" class=\"wp-image-120915\" srcset=\"https:\/\/quehacerpolitico.mx\/wp-content\/uploads\/2025\/12\/IMG_5518-1024x576.jpeg 1024w, https:\/\/quehacerpolitico.mx\/wp-content\/uploads\/2025\/12\/IMG_5518-300x169.jpeg 300w, https:\/\/quehacerpolitico.mx\/wp-content\/uploads\/2025\/12\/IMG_5518-768x432.jpeg 768w, https:\/\/quehacerpolitico.mx\/wp-content\/uploads\/2025\/12\/IMG_5518-1536x864.jpeg 1536w, https:\/\/quehacerpolitico.mx\/wp-content\/uploads\/2025\/12\/IMG_5518-2048x1152.jpeg 2048w\" sizes=\"auto, (max-width: 1024px) 100vw, 1024px\" \/><\/figure>\n\n\n\n<figure class=\"wp-block-image size-large\"><img loading=\"lazy\" decoding=\"async\" width=\"1024\" height=\"576\" data-id=\"120916\" src=\"https:\/\/quehacerpolitico.mx\/wp-content\/uploads\/2025\/12\/IMG_5519-1024x576.jpeg\" alt=\"\" class=\"wp-image-120916\" srcset=\"https:\/\/quehacerpolitico.mx\/wp-content\/uploads\/2025\/12\/IMG_5519-1024x576.jpeg 1024w, https:\/\/quehacerpolitico.mx\/wp-content\/uploads\/2025\/12\/IMG_5519-300x169.jpeg 300w, https:\/\/quehacerpolitico.mx\/wp-content\/uploads\/2025\/12\/IMG_5519-768x432.jpeg 768w, https:\/\/quehacerpolitico.mx\/wp-content\/uploads\/2025\/12\/IMG_5519-1536x864.jpeg 1536w, https:\/\/quehacerpolitico.mx\/wp-content\/uploads\/2025\/12\/IMG_5519-2048x1152.jpeg 2048w\" sizes=\"auto, (max-width: 1024px) 100vw, 1024px\" \/><\/figure>\n<\/figure>\n\n\n\n<p>\u201cGracias a las maestras y maestros por su entrega. Como dijeron las ni\u00f1as y los ni\u00f1os, los Semilleros Creativos cambian vidas, transforman realidades y abren nuevas formas de pensar. Damos por concluidos los \u2018Tengo un sue\u00f1o estatal, Fiestas de las Culturas Comunitarias\u2019 con esta gran muestra. Un aplauso para todas y todos quienes lo hicieron posible\u201d, dijo a nombre del director general de Vinculaci\u00f3n Cultural, Diego Ra\u00fal Mart\u00ednez Garc\u00eda, la directora de Vinculaci\u00f3n con Estados y Municipios, Ana Ximena Monterde Corona.<\/p>\n\n\n\n<p>Cabe recordar que los Semilleros Creativos \u2014del programa Cultura Comunitaria de la Secretar\u00eda de Cultura del Gobierno de M\u00e9xico\u2014 son grupos de formaci\u00f3n art\u00edstica gratuita y comunitaria, integrados por ni\u00f1as, ni\u00f1os y j\u00f3venes en contextos de vulnerabilidad social en el pa\u00eds. A trav\u00e9s del arte, desarrollan su creatividad y pensamiento cr\u00edtico, para fortalecer el tejido social y promover la construcci\u00f3n de paz desde un enfoque de cuidados comunitarios.<\/p>\n\n\n\n<p>Como parte de la Fiesta en Edomex, que dio fin al ciclo a nivel nacional, se inaugur\u00f3 una exposici\u00f3n con m\u00e1s de 200 obras, resultado del aprendizaje que durante 2025 obtuvieron las y los participantes. La muestra permanecer\u00e1 abierta al p\u00fablico hasta el 15 de enero de 2026 en el \u00c1gora del Parque Naucalli, de 10 a 18 h.<\/p>\n\n\n\n<figure class=\"wp-block-gallery has-nested-images columns-default is-cropped wp-block-gallery-2 is-layout-flex wp-block-gallery-is-layout-flex\">\n<figure class=\"wp-block-image size-large\"><img loading=\"lazy\" decoding=\"async\" width=\"1024\" height=\"576\" data-id=\"120917\" src=\"https:\/\/quehacerpolitico.mx\/wp-content\/uploads\/2025\/12\/IMG_5520-1024x576.jpeg\" alt=\"\" class=\"wp-image-120917\" srcset=\"https:\/\/quehacerpolitico.mx\/wp-content\/uploads\/2025\/12\/IMG_5520-1024x576.jpeg 1024w, https:\/\/quehacerpolitico.mx\/wp-content\/uploads\/2025\/12\/IMG_5520-300x169.jpeg 300w, https:\/\/quehacerpolitico.mx\/wp-content\/uploads\/2025\/12\/IMG_5520-768x432.jpeg 768w, https:\/\/quehacerpolitico.mx\/wp-content\/uploads\/2025\/12\/IMG_5520-1536x864.jpeg 1536w, https:\/\/quehacerpolitico.mx\/wp-content\/uploads\/2025\/12\/IMG_5520-2048x1152.jpeg 2048w\" sizes=\"auto, (max-width: 1024px) 100vw, 1024px\" \/><\/figure>\n\n\n\n<figure class=\"wp-block-image size-large\"><img loading=\"lazy\" decoding=\"async\" width=\"1024\" height=\"625\" data-id=\"120918\" src=\"https:\/\/quehacerpolitico.mx\/wp-content\/uploads\/2025\/12\/IMG_5521-1024x625.jpeg\" alt=\"\" class=\"wp-image-120918\" srcset=\"https:\/\/quehacerpolitico.mx\/wp-content\/uploads\/2025\/12\/IMG_5521-1024x625.jpeg 1024w, https:\/\/quehacerpolitico.mx\/wp-content\/uploads\/2025\/12\/IMG_5521-300x183.jpeg 300w, https:\/\/quehacerpolitico.mx\/wp-content\/uploads\/2025\/12\/IMG_5521-768x469.jpeg 768w, https:\/\/quehacerpolitico.mx\/wp-content\/uploads\/2025\/12\/IMG_5521-1536x938.jpeg 1536w, https:\/\/quehacerpolitico.mx\/wp-content\/uploads\/2025\/12\/IMG_5521-2048x1250.jpeg 2048w\" sizes=\"auto, (max-width: 1024px) 100vw, 1024px\" \/><\/figure>\n\n\n\n<figure class=\"wp-block-image size-large\"><img loading=\"lazy\" decoding=\"async\" width=\"1024\" height=\"768\" data-id=\"120919\" src=\"https:\/\/quehacerpolitico.mx\/wp-content\/uploads\/2025\/12\/IMG_5522-1024x768.jpeg\" alt=\"\" class=\"wp-image-120919\" srcset=\"https:\/\/quehacerpolitico.mx\/wp-content\/uploads\/2025\/12\/IMG_5522-1024x768.jpeg 1024w, https:\/\/quehacerpolitico.mx\/wp-content\/uploads\/2025\/12\/IMG_5522-300x225.jpeg 300w, https:\/\/quehacerpolitico.mx\/wp-content\/uploads\/2025\/12\/IMG_5522-768x576.jpeg 768w, https:\/\/quehacerpolitico.mx\/wp-content\/uploads\/2025\/12\/IMG_5522.jpeg 1280w\" sizes=\"auto, (max-width: 1024px) 100vw, 1024px\" \/><\/figure>\n\n\n\n<figure class=\"wp-block-image size-large\"><img loading=\"lazy\" decoding=\"async\" width=\"768\" height=\"1024\" data-id=\"120920\" src=\"https:\/\/quehacerpolitico.mx\/wp-content\/uploads\/2025\/12\/IMG_5523-768x1024.jpeg\" alt=\"\" class=\"wp-image-120920\" srcset=\"https:\/\/quehacerpolitico.mx\/wp-content\/uploads\/2025\/12\/IMG_5523-768x1024.jpeg 768w, https:\/\/quehacerpolitico.mx\/wp-content\/uploads\/2025\/12\/IMG_5523-225x300.jpeg 225w, https:\/\/quehacerpolitico.mx\/wp-content\/uploads\/2025\/12\/IMG_5523.jpeg 960w\" sizes=\"auto, (max-width: 768px) 100vw, 768px\" \/><\/figure>\n<\/figure>\n\n\n\n<p>Tambi\u00e9n, se tuvieron las presentaciones esc\u00e9nicas:&nbsp;<em>\u00bfD\u00f3nde est\u00e1n los pastores?<\/em>,&nbsp;<em>Casa Mono tuerto<\/em>,&nbsp;<em>El Lobo de Bel\u00e9n<\/em>&nbsp;y&nbsp;<em>Memorias de papel,&nbsp;<\/em>interpretadas por los Semilleros de Ecatepec de Morelos, Tec\u00e1mac, Tepotzotl\u00e1n y Sultepec, de forma respectiva. Adem\u00e1s, ocho laboratorios l\u00fadicos, en los que, a trav\u00e9s de diversas disciplinas art\u00edsticas, ni\u00f1as, ni\u00f1os y j\u00f3venes desarrollaron su creatividad e imaginaci\u00f3n, para fortalecer el trabajo en equipo y la participaci\u00f3n.<\/p>\n\n\n\n<p>El encuentro concluy\u00f3 con&nbsp;<em>Buenos d\u00edas, somos sus gu\u00edas<\/em>, del elenco El Gallinero Teatro, de la Coordinaci\u00f3n Nacional de Desarrollo Cultural Infantil-Alas y Ra\u00edces, que ofreci\u00f3 un cierre festivo y l\u00fadico para todas las familias asistentes.<\/p>\n\n\n\n<p>En el acto, estuvo presente el titular del Consejo Editorial de la Administraci\u00f3n P\u00fablica, de la Secretar\u00eda de Cultura y Turismo del Estado de M\u00e9xico, Francisco Jos\u00e9 Contla Ortega, quien don\u00f3 libros a la comunidad de Semilleros Creativos.<\/p>\n\n\n\n<figure class=\"wp-block-image size-large\"><img loading=\"lazy\" decoding=\"async\" width=\"1024\" height=\"576\" src=\"https:\/\/quehacerpolitico.mx\/wp-content\/uploads\/2025\/12\/IMG_5517-1024x576.jpeg\" alt=\"\" class=\"wp-image-120912\" srcset=\"https:\/\/quehacerpolitico.mx\/wp-content\/uploads\/2025\/12\/IMG_5517-1024x576.jpeg 1024w, https:\/\/quehacerpolitico.mx\/wp-content\/uploads\/2025\/12\/IMG_5517-300x169.jpeg 300w, https:\/\/quehacerpolitico.mx\/wp-content\/uploads\/2025\/12\/IMG_5517-768x432.jpeg 768w, https:\/\/quehacerpolitico.mx\/wp-content\/uploads\/2025\/12\/IMG_5517-1536x864.jpeg 1536w, https:\/\/quehacerpolitico.mx\/wp-content\/uploads\/2025\/12\/IMG_5517-2048x1152.jpeg 2048w\" sizes=\"auto, (max-width: 1024px) 100vw, 1024px\" \/><\/figure>\n\n\n\n<p><strong>CIERRE DEL CICLO NACIONAL<\/strong><\/p>\n\n\n\n<p>Entre agosto y diciembre de 2025, la Secretar\u00eda de Cultura del Gobierno de M\u00e9xico, a trav\u00e9s de la Direcci\u00f3n General de Vinculaci\u00f3n Cultural, llev\u00f3 a cabo el ciclo \u201cTengo un sue\u00f1o estatal, Fiesta de las Culturas Comunitarias\u201d, presentaciones art\u00edsticas y culturales en 23 entidades del pa\u00eds: Aguascalientes, Baja California, Campeche, Ciudad de M\u00e9xico, Coahuila, Colima, Estado de M\u00e9xico, Guanajuato, Guerrero, Hidalgo, Jalisco, Michoac\u00e1n, Morelos, Nuevo Le\u00f3n, Oaxaca, Puebla, Quer\u00e9taro, San Luis Potos\u00ed, Sonora, Tabasco, Tamaulipas, Tlaxcala y Yucat\u00e1n.<\/p>\n\n\n\n<figure class=\"wp-block-gallery has-nested-images columns-default is-cropped wp-block-gallery-3 is-layout-flex wp-block-gallery-is-layout-flex\">\n<figure class=\"wp-block-image size-large\"><img loading=\"lazy\" decoding=\"async\" width=\"1024\" height=\"768\" data-id=\"120921\" src=\"https:\/\/quehacerpolitico.mx\/wp-content\/uploads\/2025\/12\/IMG_5524-1024x768.jpeg\" alt=\"\" class=\"wp-image-120921\" srcset=\"https:\/\/quehacerpolitico.mx\/wp-content\/uploads\/2025\/12\/IMG_5524-1024x768.jpeg 1024w, https:\/\/quehacerpolitico.mx\/wp-content\/uploads\/2025\/12\/IMG_5524-300x225.jpeg 300w, https:\/\/quehacerpolitico.mx\/wp-content\/uploads\/2025\/12\/IMG_5524-768x576.jpeg 768w, https:\/\/quehacerpolitico.mx\/wp-content\/uploads\/2025\/12\/IMG_5524.jpeg 1280w\" sizes=\"auto, (max-width: 1024px) 100vw, 1024px\" \/><\/figure>\n\n\n\n<figure class=\"wp-block-image size-large\"><img loading=\"lazy\" decoding=\"async\" width=\"1024\" height=\"767\" data-id=\"120922\" src=\"https:\/\/quehacerpolitico.mx\/wp-content\/uploads\/2025\/12\/IMG_5525-1024x767.jpeg\" alt=\"\" class=\"wp-image-120922\" srcset=\"https:\/\/quehacerpolitico.mx\/wp-content\/uploads\/2025\/12\/IMG_5525-1024x767.jpeg 1024w, https:\/\/quehacerpolitico.mx\/wp-content\/uploads\/2025\/12\/IMG_5525-300x225.jpeg 300w, https:\/\/quehacerpolitico.mx\/wp-content\/uploads\/2025\/12\/IMG_5525-768x575.jpeg 768w, https:\/\/quehacerpolitico.mx\/wp-content\/uploads\/2025\/12\/IMG_5525.jpeg 1280w\" sizes=\"auto, (max-width: 1024px) 100vw, 1024px\" \/><\/figure>\n\n\n\n<figure class=\"wp-block-image size-large\"><img loading=\"lazy\" decoding=\"async\" width=\"1024\" height=\"768\" data-id=\"120923\" src=\"https:\/\/quehacerpolitico.mx\/wp-content\/uploads\/2025\/12\/IMG_5526-1024x768.jpeg\" alt=\"\" class=\"wp-image-120923\" srcset=\"https:\/\/quehacerpolitico.mx\/wp-content\/uploads\/2025\/12\/IMG_5526-1024x768.jpeg 1024w, https:\/\/quehacerpolitico.mx\/wp-content\/uploads\/2025\/12\/IMG_5526-300x225.jpeg 300w, https:\/\/quehacerpolitico.mx\/wp-content\/uploads\/2025\/12\/IMG_5526-768x576.jpeg 768w, https:\/\/quehacerpolitico.mx\/wp-content\/uploads\/2025\/12\/IMG_5526.jpeg 1280w\" sizes=\"auto, (max-width: 1024px) 100vw, 1024px\" \/><\/figure>\n\n\n\n<figure class=\"wp-block-image size-large\"><img loading=\"lazy\" decoding=\"async\" width=\"1024\" height=\"576\" data-id=\"120924\" src=\"https:\/\/quehacerpolitico.mx\/wp-content\/uploads\/2025\/12\/IMG_5527-1024x576.jpeg\" alt=\"\" class=\"wp-image-120924\" srcset=\"https:\/\/quehacerpolitico.mx\/wp-content\/uploads\/2025\/12\/IMG_5527-1024x576.jpeg 1024w, https:\/\/quehacerpolitico.mx\/wp-content\/uploads\/2025\/12\/IMG_5527-300x169.jpeg 300w, https:\/\/quehacerpolitico.mx\/wp-content\/uploads\/2025\/12\/IMG_5527-768x432.jpeg 768w, https:\/\/quehacerpolitico.mx\/wp-content\/uploads\/2025\/12\/IMG_5527-1536x864.jpeg 1536w, https:\/\/quehacerpolitico.mx\/wp-content\/uploads\/2025\/12\/IMG_5527-2048x1152.jpeg 2048w\" sizes=\"auto, (max-width: 1024px) 100vw, 1024px\" \/><\/figure>\n\n\n\n<figure class=\"wp-block-image size-large\"><img loading=\"lazy\" decoding=\"async\" width=\"1024\" height=\"576\" data-id=\"120925\" src=\"https:\/\/quehacerpolitico.mx\/wp-content\/uploads\/2025\/12\/IMG_5528-1024x576.jpeg\" alt=\"\" class=\"wp-image-120925\" srcset=\"https:\/\/quehacerpolitico.mx\/wp-content\/uploads\/2025\/12\/IMG_5528-1024x576.jpeg 1024w, https:\/\/quehacerpolitico.mx\/wp-content\/uploads\/2025\/12\/IMG_5528-300x169.jpeg 300w, https:\/\/quehacerpolitico.mx\/wp-content\/uploads\/2025\/12\/IMG_5528-768x432.jpeg 768w, https:\/\/quehacerpolitico.mx\/wp-content\/uploads\/2025\/12\/IMG_5528-1536x864.jpeg 1536w, https:\/\/quehacerpolitico.mx\/wp-content\/uploads\/2025\/12\/IMG_5528-2048x1152.jpeg 2048w\" sizes=\"auto, (max-width: 1024px) 100vw, 1024px\" \/><\/figure>\n\n\n\n<figure class=\"wp-block-image size-large\"><img loading=\"lazy\" decoding=\"async\" width=\"1024\" height=\"576\" data-id=\"120926\" src=\"https:\/\/quehacerpolitico.mx\/wp-content\/uploads\/2025\/12\/IMG_5529-1024x576.jpeg\" alt=\"\" class=\"wp-image-120926\" srcset=\"https:\/\/quehacerpolitico.mx\/wp-content\/uploads\/2025\/12\/IMG_5529-1024x576.jpeg 1024w, https:\/\/quehacerpolitico.mx\/wp-content\/uploads\/2025\/12\/IMG_5529-300x169.jpeg 300w, https:\/\/quehacerpolitico.mx\/wp-content\/uploads\/2025\/12\/IMG_5529-768x432.jpeg 768w, https:\/\/quehacerpolitico.mx\/wp-content\/uploads\/2025\/12\/IMG_5529-1536x864.jpeg 1536w, https:\/\/quehacerpolitico.mx\/wp-content\/uploads\/2025\/12\/IMG_5529-2048x1152.jpeg 2048w\" sizes=\"auto, (max-width: 1024px) 100vw, 1024px\" \/><\/figure>\n<\/figure>\n\n\n\n<p>En cada una, infancias y juventudes compartieron con sus comunidades los resultados de los procesos art\u00edsticos y culturales que desarrollaron durante los \u00faltimos meses.<\/p>\n\n\n\n<p>Las jornadas se consolidaron como espacios de convivencia, di\u00e1logo y expresi\u00f3n colectiva, en los que las y los participantes presentaron una amplia variedad de manifestaciones art\u00edsticas en teatros, museos, centros culturales y plazas p\u00fablicas. A trav\u00e9s de disciplinas como dibujo, pintura, narraci\u00f3n, teatro, danza, circo, fotograf\u00eda, artes visuales y m\u00e1s, las infancias y juventudes mostraron su creatividad, sus aprendizajes y la diversidad cultural de sus territorios.<\/p>\n\n\n\n<p>Con el ciclo, la Secretar\u00eda de Cultura del Gobierno de M\u00e9xico refrenda su compromiso con tres ejes esenciales: la articulaci\u00f3n interinstitucional, el fomento de una cultura de paz en comunidades en situaci\u00f3n de vulnerabilidad y el fortalecimiento de los v\u00ednculos con estados y municipios, pilares fundamentales de la estrategia cultural comunitaria en el pa\u00eds.<\/p>\n","protected":false},"excerpt":{"rendered":"<p>Por Litza Deniss Dur\u00e1n Espinosa El Estado de M\u00e9xico fue sede del \u00faltimo \u201cTengo un&#8230;<\/p>\n","protected":false},"author":2,"featured_media":120927,"comment_status":"open","ping_status":"open","sticky":false,"template":"","format":"standard","meta":{"_monsterinsights_skip_tracking":false,"_monsterinsights_sitenote_active":false,"_monsterinsights_sitenote_note":"","_monsterinsights_sitenote_category":0,"footnotes":""},"categories":[58],"tags":[],"class_list":["post-120911","post","type-post","status-publish","format-standard","has-post-thumbnail","hentry","category-cultura"],"yoast_head":"<!-- This site is optimized with the Yoast SEO plugin v27.3 - https:\/\/yoast.com\/product\/yoast-seo-wordpress\/ -->\n<title>El Quehacer Pol\u00edtico en la Cultura a trav\u00e9s del Enfoque\/\/\/Litza Deniss Dur\u00e1n Espinosa\/\/\/\u201cTENGO UN SUE\u00d1O ESTATAL, FIESTA DE LAS CULTURAS COMUNITARIAS\u201d CIERRA EN EL ESTADO DE M\u00c9XICO -<\/title>\n<meta name=\"robots\" content=\"index, follow, max-snippet:-1, max-image-preview:large, max-video-preview:-1\" \/>\n<link rel=\"canonical\" href=\"https:\/\/quehacerpolitico.mx\/?p=120911\" \/>\n<meta property=\"og:locale\" content=\"es_MX\" \/>\n<meta property=\"og:type\" content=\"article\" \/>\n<meta property=\"og:title\" content=\"El Quehacer Pol\u00edtico en la Cultura a trav\u00e9s del Enfoque\/\/\/Litza Deniss Dur\u00e1n Espinosa\/\/\/\u201cTENGO UN SUE\u00d1O ESTATAL, FIESTA DE LAS CULTURAS COMUNITARIAS\u201d CIERRA EN EL ESTADO DE M\u00c9XICO -\" \/>\n<meta property=\"og:description\" content=\"Por Litza Deniss Dur\u00e1n Espinosa El Estado de M\u00e9xico fue sede del \u00faltimo \u201cTengo un...\" \/>\n<meta property=\"og:url\" content=\"https:\/\/quehacerpolitico.mx\/?p=120911\" \/>\n<meta property=\"article:published_time\" content=\"2025-12-07T03:48:56+00:00\" \/>\n<meta property=\"article:modified_time\" content=\"2025-12-07T03:49:00+00:00\" \/>\n<meta property=\"og:image\" content=\"http:\/\/quehacerpolitico.mx\/wp-content\/uploads\/2025\/12\/1f82780f-42aa-4c37-8ba4-0ba4279e0a43.jpeg\" \/>\n\t<meta property=\"og:image:width\" content=\"963\" \/>\n\t<meta property=\"og:image:height\" content=\"493\" \/>\n\t<meta property=\"og:image:type\" content=\"image\/jpeg\" \/>\n<meta name=\"author\" content=\"Redacci\u00f3n QP\" \/>\n<meta name=\"twitter:card\" content=\"summary_large_image\" \/>\n<meta name=\"twitter:label1\" content=\"Escrito por\" \/>\n\t<meta name=\"twitter:data1\" content=\"Redacci\u00f3n QP\" \/>\n\t<meta name=\"twitter:label2\" content=\"Tiempo de lectura\" \/>\n\t<meta name=\"twitter:data2\" content=\"7 minutos\" \/>\n<script type=\"application\/ld+json\" class=\"yoast-schema-graph\">{\"@context\":\"https:\\\/\\\/schema.org\",\"@graph\":[{\"@type\":\"Article\",\"@id\":\"https:\\\/\\\/quehacerpolitico.mx\\\/?p=120911#article\",\"isPartOf\":{\"@id\":\"https:\\\/\\\/quehacerpolitico.mx\\\/?p=120911\"},\"author\":{\"name\":\"Redacci\u00f3n QP\",\"@id\":\"https:\\\/\\\/quehacerpolitico.mx\\\/#\\\/schema\\\/person\\\/496d8ad2d1d3f8036101dca7ee39e585\"},\"headline\":\"El Quehacer Pol\u00edtico en la Cultura a trav\u00e9s del Enfoque\\\/\\\/\\\/Litza Deniss Dur\u00e1n Espinosa\\\/\\\/\\\/\u201cTENGO UN SUE\u00d1O ESTATAL, FIESTA DE LAS CULTURAS COMUNITARIAS\u201d CIERRA EN EL ESTADO DE M\u00c9XICO\",\"datePublished\":\"2025-12-07T03:48:56+00:00\",\"dateModified\":\"2025-12-07T03:49:00+00:00\",\"mainEntityOfPage\":{\"@id\":\"https:\\\/\\\/quehacerpolitico.mx\\\/?p=120911\"},\"wordCount\":895,\"commentCount\":0,\"image\":{\"@id\":\"https:\\\/\\\/quehacerpolitico.mx\\\/?p=120911#primaryimage\"},\"thumbnailUrl\":\"https:\\\/\\\/quehacerpolitico.mx\\\/wp-content\\\/uploads\\\/2025\\\/12\\\/1f82780f-42aa-4c37-8ba4-0ba4279e0a43.jpeg\",\"articleSection\":[\"Cultura y Entretenimiento\"],\"inLanguage\":\"es\",\"potentialAction\":[{\"@type\":\"CommentAction\",\"name\":\"Comment\",\"target\":[\"https:\\\/\\\/quehacerpolitico.mx\\\/?p=120911#respond\"]}]},{\"@type\":\"WebPage\",\"@id\":\"https:\\\/\\\/quehacerpolitico.mx\\\/?p=120911\",\"url\":\"https:\\\/\\\/quehacerpolitico.mx\\\/?p=120911\",\"name\":\"El Quehacer Pol\u00edtico en la Cultura a trav\u00e9s del Enfoque\\\/\\\/\\\/Litza Deniss Dur\u00e1n Espinosa\\\/\\\/\\\/\u201cTENGO UN SUE\u00d1O ESTATAL, FIESTA DE LAS CULTURAS COMUNITARIAS\u201d CIERRA EN EL ESTADO DE M\u00c9XICO -\",\"isPartOf\":{\"@id\":\"https:\\\/\\\/quehacerpolitico.mx\\\/#website\"},\"primaryImageOfPage\":{\"@id\":\"https:\\\/\\\/quehacerpolitico.mx\\\/?p=120911#primaryimage\"},\"image\":{\"@id\":\"https:\\\/\\\/quehacerpolitico.mx\\\/?p=120911#primaryimage\"},\"thumbnailUrl\":\"https:\\\/\\\/quehacerpolitico.mx\\\/wp-content\\\/uploads\\\/2025\\\/12\\\/1f82780f-42aa-4c37-8ba4-0ba4279e0a43.jpeg\",\"datePublished\":\"2025-12-07T03:48:56+00:00\",\"dateModified\":\"2025-12-07T03:49:00+00:00\",\"author\":{\"@id\":\"https:\\\/\\\/quehacerpolitico.mx\\\/#\\\/schema\\\/person\\\/496d8ad2d1d3f8036101dca7ee39e585\"},\"breadcrumb\":{\"@id\":\"https:\\\/\\\/quehacerpolitico.mx\\\/?p=120911#breadcrumb\"},\"inLanguage\":\"es\",\"potentialAction\":[{\"@type\":\"ReadAction\",\"target\":[\"https:\\\/\\\/quehacerpolitico.mx\\\/?p=120911\"]}]},{\"@type\":\"ImageObject\",\"inLanguage\":\"es\",\"@id\":\"https:\\\/\\\/quehacerpolitico.mx\\\/?p=120911#primaryimage\",\"url\":\"https:\\\/\\\/quehacerpolitico.mx\\\/wp-content\\\/uploads\\\/2025\\\/12\\\/1f82780f-42aa-4c37-8ba4-0ba4279e0a43.jpeg\",\"contentUrl\":\"https:\\\/\\\/quehacerpolitico.mx\\\/wp-content\\\/uploads\\\/2025\\\/12\\\/1f82780f-42aa-4c37-8ba4-0ba4279e0a43.jpeg\",\"width\":963,\"height\":493},{\"@type\":\"BreadcrumbList\",\"@id\":\"https:\\\/\\\/quehacerpolitico.mx\\\/?p=120911#breadcrumb\",\"itemListElement\":[{\"@type\":\"ListItem\",\"position\":1,\"name\":\"Inicio\",\"item\":\"https:\\\/\\\/quehacerpolitico.mx\\\/\"},{\"@type\":\"ListItem\",\"position\":2,\"name\":\"El Quehacer Pol\u00edtico en la Cultura a trav\u00e9s del Enfoque\\\/\\\/\\\/Litza Deniss Dur\u00e1n Espinosa\\\/\\\/\\\/\u201cTENGO UN SUE\u00d1O ESTATAL, FIESTA DE LAS CULTURAS COMUNITARIAS\u201d CIERRA EN EL ESTADO DE M\u00c9XICO\"}]},{\"@type\":\"WebSite\",\"@id\":\"https:\\\/\\\/quehacerpolitico.mx\\\/#website\",\"url\":\"https:\\\/\\\/quehacerpolitico.mx\\\/\",\"name\":\"\",\"description\":\"\",\"potentialAction\":[{\"@type\":\"SearchAction\",\"target\":{\"@type\":\"EntryPoint\",\"urlTemplate\":\"https:\\\/\\\/quehacerpolitico.mx\\\/?s={search_term_string}\"},\"query-input\":{\"@type\":\"PropertyValueSpecification\",\"valueRequired\":true,\"valueName\":\"search_term_string\"}}],\"inLanguage\":\"es\"},{\"@type\":\"Person\",\"@id\":\"https:\\\/\\\/quehacerpolitico.mx\\\/#\\\/schema\\\/person\\\/496d8ad2d1d3f8036101dca7ee39e585\",\"name\":\"Redacci\u00f3n QP\",\"image\":{\"@type\":\"ImageObject\",\"inLanguage\":\"es\",\"@id\":\"https:\\\/\\\/secure.gravatar.com\\\/avatar\\\/c7164ed6fdec453195284ad24a5ae5b6e1eed2b848477fa2a4787ba9adf39a41?s=96&d=mm&r=g\",\"url\":\"https:\\\/\\\/secure.gravatar.com\\\/avatar\\\/c7164ed6fdec453195284ad24a5ae5b6e1eed2b848477fa2a4787ba9adf39a41?s=96&d=mm&r=g\",\"contentUrl\":\"https:\\\/\\\/secure.gravatar.com\\\/avatar\\\/c7164ed6fdec453195284ad24a5ae5b6e1eed2b848477fa2a4787ba9adf39a41?s=96&d=mm&r=g\",\"caption\":\"Redacci\u00f3n QP\"},\"url\":\"https:\\\/\\\/quehacerpolitico.mx\\\/?author=2\"}]}<\/script>\n<!-- \/ Yoast SEO plugin. -->","yoast_head_json":{"title":"El Quehacer Pol\u00edtico en la Cultura a trav\u00e9s del Enfoque\/\/\/Litza Deniss Dur\u00e1n Espinosa\/\/\/\u201cTENGO UN SUE\u00d1O ESTATAL, FIESTA DE LAS CULTURAS COMUNITARIAS\u201d CIERRA EN EL ESTADO DE M\u00c9XICO -","robots":{"index":"index","follow":"follow","max-snippet":"max-snippet:-1","max-image-preview":"max-image-preview:large","max-video-preview":"max-video-preview:-1"},"canonical":"https:\/\/quehacerpolitico.mx\/?p=120911","og_locale":"es_MX","og_type":"article","og_title":"El Quehacer Pol\u00edtico en la Cultura a trav\u00e9s del Enfoque\/\/\/Litza Deniss Dur\u00e1n Espinosa\/\/\/\u201cTENGO UN SUE\u00d1O ESTATAL, FIESTA DE LAS CULTURAS COMUNITARIAS\u201d CIERRA EN EL ESTADO DE M\u00c9XICO -","og_description":"Por Litza Deniss Dur\u00e1n Espinosa El Estado de M\u00e9xico fue sede del \u00faltimo \u201cTengo un...","og_url":"https:\/\/quehacerpolitico.mx\/?p=120911","article_published_time":"2025-12-07T03:48:56+00:00","article_modified_time":"2025-12-07T03:49:00+00:00","og_image":[{"width":963,"height":493,"url":"http:\/\/quehacerpolitico.mx\/wp-content\/uploads\/2025\/12\/1f82780f-42aa-4c37-8ba4-0ba4279e0a43.jpeg","type":"image\/jpeg"}],"author":"Redacci\u00f3n QP","twitter_card":"summary_large_image","twitter_misc":{"Escrito por":"Redacci\u00f3n QP","Tiempo de lectura":"7 minutos"},"schema":{"@context":"https:\/\/schema.org","@graph":[{"@type":"Article","@id":"https:\/\/quehacerpolitico.mx\/?p=120911#article","isPartOf":{"@id":"https:\/\/quehacerpolitico.mx\/?p=120911"},"author":{"name":"Redacci\u00f3n QP","@id":"https:\/\/quehacerpolitico.mx\/#\/schema\/person\/496d8ad2d1d3f8036101dca7ee39e585"},"headline":"El Quehacer Pol\u00edtico en la Cultura a trav\u00e9s del Enfoque\/\/\/Litza Deniss Dur\u00e1n Espinosa\/\/\/\u201cTENGO UN SUE\u00d1O ESTATAL, FIESTA DE LAS CULTURAS COMUNITARIAS\u201d CIERRA EN EL ESTADO DE M\u00c9XICO","datePublished":"2025-12-07T03:48:56+00:00","dateModified":"2025-12-07T03:49:00+00:00","mainEntityOfPage":{"@id":"https:\/\/quehacerpolitico.mx\/?p=120911"},"wordCount":895,"commentCount":0,"image":{"@id":"https:\/\/quehacerpolitico.mx\/?p=120911#primaryimage"},"thumbnailUrl":"https:\/\/quehacerpolitico.mx\/wp-content\/uploads\/2025\/12\/1f82780f-42aa-4c37-8ba4-0ba4279e0a43.jpeg","articleSection":["Cultura y Entretenimiento"],"inLanguage":"es","potentialAction":[{"@type":"CommentAction","name":"Comment","target":["https:\/\/quehacerpolitico.mx\/?p=120911#respond"]}]},{"@type":"WebPage","@id":"https:\/\/quehacerpolitico.mx\/?p=120911","url":"https:\/\/quehacerpolitico.mx\/?p=120911","name":"El Quehacer Pol\u00edtico en la Cultura a trav\u00e9s del Enfoque\/\/\/Litza Deniss Dur\u00e1n Espinosa\/\/\/\u201cTENGO UN SUE\u00d1O ESTATAL, FIESTA DE LAS CULTURAS COMUNITARIAS\u201d CIERRA EN EL ESTADO DE M\u00c9XICO -","isPartOf":{"@id":"https:\/\/quehacerpolitico.mx\/#website"},"primaryImageOfPage":{"@id":"https:\/\/quehacerpolitico.mx\/?p=120911#primaryimage"},"image":{"@id":"https:\/\/quehacerpolitico.mx\/?p=120911#primaryimage"},"thumbnailUrl":"https:\/\/quehacerpolitico.mx\/wp-content\/uploads\/2025\/12\/1f82780f-42aa-4c37-8ba4-0ba4279e0a43.jpeg","datePublished":"2025-12-07T03:48:56+00:00","dateModified":"2025-12-07T03:49:00+00:00","author":{"@id":"https:\/\/quehacerpolitico.mx\/#\/schema\/person\/496d8ad2d1d3f8036101dca7ee39e585"},"breadcrumb":{"@id":"https:\/\/quehacerpolitico.mx\/?p=120911#breadcrumb"},"inLanguage":"es","potentialAction":[{"@type":"ReadAction","target":["https:\/\/quehacerpolitico.mx\/?p=120911"]}]},{"@type":"ImageObject","inLanguage":"es","@id":"https:\/\/quehacerpolitico.mx\/?p=120911#primaryimage","url":"https:\/\/quehacerpolitico.mx\/wp-content\/uploads\/2025\/12\/1f82780f-42aa-4c37-8ba4-0ba4279e0a43.jpeg","contentUrl":"https:\/\/quehacerpolitico.mx\/wp-content\/uploads\/2025\/12\/1f82780f-42aa-4c37-8ba4-0ba4279e0a43.jpeg","width":963,"height":493},{"@type":"BreadcrumbList","@id":"https:\/\/quehacerpolitico.mx\/?p=120911#breadcrumb","itemListElement":[{"@type":"ListItem","position":1,"name":"Inicio","item":"https:\/\/quehacerpolitico.mx\/"},{"@type":"ListItem","position":2,"name":"El Quehacer Pol\u00edtico en la Cultura a trav\u00e9s del Enfoque\/\/\/Litza Deniss Dur\u00e1n Espinosa\/\/\/\u201cTENGO UN SUE\u00d1O ESTATAL, FIESTA DE LAS CULTURAS COMUNITARIAS\u201d CIERRA EN EL ESTADO DE M\u00c9XICO"}]},{"@type":"WebSite","@id":"https:\/\/quehacerpolitico.mx\/#website","url":"https:\/\/quehacerpolitico.mx\/","name":"","description":"","potentialAction":[{"@type":"SearchAction","target":{"@type":"EntryPoint","urlTemplate":"https:\/\/quehacerpolitico.mx\/?s={search_term_string}"},"query-input":{"@type":"PropertyValueSpecification","valueRequired":true,"valueName":"search_term_string"}}],"inLanguage":"es"},{"@type":"Person","@id":"https:\/\/quehacerpolitico.mx\/#\/schema\/person\/496d8ad2d1d3f8036101dca7ee39e585","name":"Redacci\u00f3n QP","image":{"@type":"ImageObject","inLanguage":"es","@id":"https:\/\/secure.gravatar.com\/avatar\/c7164ed6fdec453195284ad24a5ae5b6e1eed2b848477fa2a4787ba9adf39a41?s=96&d=mm&r=g","url":"https:\/\/secure.gravatar.com\/avatar\/c7164ed6fdec453195284ad24a5ae5b6e1eed2b848477fa2a4787ba9adf39a41?s=96&d=mm&r=g","contentUrl":"https:\/\/secure.gravatar.com\/avatar\/c7164ed6fdec453195284ad24a5ae5b6e1eed2b848477fa2a4787ba9adf39a41?s=96&d=mm&r=g","caption":"Redacci\u00f3n QP"},"url":"https:\/\/quehacerpolitico.mx\/?author=2"}]}},"featured_image_urls":{"full":["https:\/\/quehacerpolitico.mx\/wp-content\/uploads\/2025\/12\/1f82780f-42aa-4c37-8ba4-0ba4279e0a43.jpeg",963,493,false],"thumbnail":["https:\/\/quehacerpolitico.mx\/wp-content\/uploads\/2025\/12\/1f82780f-42aa-4c37-8ba4-0ba4279e0a43-150x150.jpeg",150,150,true],"medium":["https:\/\/quehacerpolitico.mx\/wp-content\/uploads\/2025\/12\/1f82780f-42aa-4c37-8ba4-0ba4279e0a43-300x154.jpeg",300,154,true],"medium_large":["https:\/\/quehacerpolitico.mx\/wp-content\/uploads\/2025\/12\/1f82780f-42aa-4c37-8ba4-0ba4279e0a43-768x393.jpeg",640,328,true],"large":["https:\/\/quehacerpolitico.mx\/wp-content\/uploads\/2025\/12\/1f82780f-42aa-4c37-8ba4-0ba4279e0a43.jpeg",640,328,false],"1536x1536":["https:\/\/quehacerpolitico.mx\/wp-content\/uploads\/2025\/12\/1f82780f-42aa-4c37-8ba4-0ba4279e0a43.jpeg",963,493,false],"2048x2048":["https:\/\/quehacerpolitico.mx\/wp-content\/uploads\/2025\/12\/1f82780f-42aa-4c37-8ba4-0ba4279e0a43.jpeg",963,493,false],"covernews-featured":["https:\/\/quehacerpolitico.mx\/wp-content\/uploads\/2025\/12\/1f82780f-42aa-4c37-8ba4-0ba4279e0a43.jpeg",963,493,false],"covernews-medium":["https:\/\/quehacerpolitico.mx\/wp-content\/uploads\/2025\/12\/1f82780f-42aa-4c37-8ba4-0ba4279e0a43-540x340.jpeg",540,340,true]},"author_info":{"display_name":"Redacci\u00f3n QP","author_link":"https:\/\/quehacerpolitico.mx\/?author=2"},"category_info":"<a href=\"https:\/\/quehacerpolitico.mx\/?cat=58\" rel=\"category\">Cultura y Entretenimiento<\/a>","tag_info":"Cultura y Entretenimiento","comment_count":"0","_links":{"self":[{"href":"https:\/\/quehacerpolitico.mx\/index.php?rest_route=\/wp\/v2\/posts\/120911","targetHints":{"allow":["GET"]}}],"collection":[{"href":"https:\/\/quehacerpolitico.mx\/index.php?rest_route=\/wp\/v2\/posts"}],"about":[{"href":"https:\/\/quehacerpolitico.mx\/index.php?rest_route=\/wp\/v2\/types\/post"}],"author":[{"embeddable":true,"href":"https:\/\/quehacerpolitico.mx\/index.php?rest_route=\/wp\/v2\/users\/2"}],"replies":[{"embeddable":true,"href":"https:\/\/quehacerpolitico.mx\/index.php?rest_route=%2Fwp%2Fv2%2Fcomments&post=120911"}],"version-history":[{"count":1,"href":"https:\/\/quehacerpolitico.mx\/index.php?rest_route=\/wp\/v2\/posts\/120911\/revisions"}],"predecessor-version":[{"id":120928,"href":"https:\/\/quehacerpolitico.mx\/index.php?rest_route=\/wp\/v2\/posts\/120911\/revisions\/120928"}],"wp:featuredmedia":[{"embeddable":true,"href":"https:\/\/quehacerpolitico.mx\/index.php?rest_route=\/wp\/v2\/media\/120927"}],"wp:attachment":[{"href":"https:\/\/quehacerpolitico.mx\/index.php?rest_route=%2Fwp%2Fv2%2Fmedia&parent=120911"}],"wp:term":[{"taxonomy":"category","embeddable":true,"href":"https:\/\/quehacerpolitico.mx\/index.php?rest_route=%2Fwp%2Fv2%2Fcategories&post=120911"},{"taxonomy":"post_tag","embeddable":true,"href":"https:\/\/quehacerpolitico.mx\/index.php?rest_route=%2Fwp%2Fv2%2Ftags&post=120911"}],"curies":[{"name":"wp","href":"https:\/\/api.w.org\/{rel}","templated":true}]}}