{"id":120736,"date":"2025-11-21T21:51:19","date_gmt":"2025-11-22T03:51:19","guid":{"rendered":"https:\/\/quehacerpolitico.mx\/?p=120736"},"modified":"2025-11-21T21:51:22","modified_gmt":"2025-11-22T03:51:22","slug":"casi-dos-horas-despues-la-linea-12-reanuda-el-servicio-tras-revision-del-sistema-electrico","status":"publish","type":"post","link":"https:\/\/quehacerpolitico.mx\/?p=120736","title":{"rendered":"Casi dos horas despu\u00e9s, la L\u00ednea 12 reanuda el servicio tras revisi\u00f3n del sistema el\u00e9ctrico"},"content":{"rendered":"\n<p>Por Redacci\u00f3n QP<\/p>\n\n\n\n<p>El Sistema de Transporte Colectivo inform\u00f3 el cierre que afect\u00f3 a siete estaciones ubicadas entre las alcald\u00edas Tl\u00e1huac e Iztapalapa<\/p>\n\n\n\n<p>E<strong>l Sistema de Transporte Colectivo<\/strong>(STC) inform\u00f3 la tarde de&nbsp;este viernes el cierre de un tramo de la<strong>&nbsp;L\u00ednea 12&nbsp;<\/strong>desde la estaci\u00f3n Atlalilco a&nbsp;<strong>Olivos<\/strong>.<\/p>\n\n\n\n<figure class=\"wp-block-embed is-type-rich is-provider-twitter wp-block-embed-twitter\"><div class=\"wp-block-embed__wrapper\">\n<blockquote class=\"twitter-tweet\" data-width=\"550\" data-dnt=\"true\"><p lang=\"es\" dir=\"ltr\"><a href=\"https:\/\/twitter.com\/hashtag\/ULTIMAHORA?src=hash&amp;ref_src=twsrc%5Etfw\">#ULTIMAHORA<\/a> <br><br>Usuarios son Evacuados de Emergencia por zona de v\u00edas de L\u00ednea 12 del Metro Ciudad de M\u00e9xico \ud83c\uddf2\ud83c\uddfd <a href=\"https:\/\/twitter.com\/MetroCDMX?ref_src=twsrc%5Etfw\">@MetroCDMX<\/a> al presentarse Problemas en el Suministro El\u00e9ctrico\ud83d\udea8<br><br>Los Usuarios del <a href=\"https:\/\/twitter.com\/hashtag\/MetroCDMX?src=hash&amp;ref_src=twsrc%5Etfw\">#MetroCDMX<\/a> llevaban m\u00e1s de 30 minutos varados\u2026\u203c\ufe0f\u26a0\ufe0f<br><br>M\u00e1s de 20 a\u00f1os lleva el Metro SIN\u2026 <a href=\"https:\/\/t.co\/3pcu01fgp2\">pic.twitter.com\/3pcu01fgp2<\/a><\/p>&mdash; Fan MetroViral (@MetroViralMx) <a href=\"https:\/\/twitter.com\/MetroViralMx\/status\/1992016058723582251?ref_src=twsrc%5Etfw\">November 21, 2025<\/a><\/blockquote><script async src=\"https:\/\/platform.twitter.com\/widgets.js\" charset=\"utf-8\"><\/script>\n<\/div><\/figure>\n\n\n\n<p>Este cierre afecta a las estaciones Culhuac\u00e1n, San Andr\u00e9s, Tomatl\u00e1n, Lomas Estrella, Calle 11, Perif\u00e9rico Oriente, Tezonco, ubicadas entre las alcald\u00edas Tl\u00e1huac e Iztapalapa.<\/p>\n\n\n\n<figure class=\"wp-block-image size-large\"><img loading=\"lazy\" decoding=\"async\" width=\"576\" height=\"1024\" src=\"https:\/\/quehacerpolitico.mx\/wp-content\/uploads\/2025\/11\/IMG_5234-576x1024.jpeg\" alt=\"\" class=\"wp-image-120739\" srcset=\"https:\/\/quehacerpolitico.mx\/wp-content\/uploads\/2025\/11\/IMG_5234-576x1024.jpeg 576w, https:\/\/quehacerpolitico.mx\/wp-content\/uploads\/2025\/11\/IMG_5234-169x300.jpeg 169w, https:\/\/quehacerpolitico.mx\/wp-content\/uploads\/2025\/11\/IMG_5234-768x1365.jpeg 768w, https:\/\/quehacerpolitico.mx\/wp-content\/uploads\/2025\/11\/IMG_5234-864x1536.jpeg 864w, https:\/\/quehacerpolitico.mx\/wp-content\/uploads\/2025\/11\/IMG_5234-1024x1820.jpeg 1024w, https:\/\/quehacerpolitico.mx\/wp-content\/uploads\/2025\/11\/IMG_5234.jpeg 1152w\" sizes=\"auto, (max-width: 576px) 100vw, 576px\" \/><\/figure>\n\n\n\n<p>A las 4:47 de la tarde, el\u00a0<strong>STC<\/strong>\u00a0realiz\u00f3 una publicaci\u00f3n a trav\u00e9s de redes sociales que &#8220;Se realiza una revisi\u00f3n del sistema el\u00e9ctrico, por lo que el servicio se encuentra moment\u00e1neamente detenido en la L\u00ednea 12&#8221;.<\/p>\n\n\n\n<figure class=\"wp-block-embed is-type-rich is-provider-twitter wp-block-embed-twitter\"><div class=\"wp-block-embed__wrapper\">\n<blockquote class=\"twitter-tweet\" data-width=\"550\" data-dnt=\"true\"><p lang=\"es\" dir=\"ltr\"><a href=\"https:\/\/twitter.com\/hashtag\/ULTIMAHORA?src=hash&amp;ref_src=twsrc%5Etfw\">#ULTIMAHORA<\/a> <br><br>Personas en sillas de ruedas, muletas, adultos mayores y j\u00f3venes tienen qu\u00e9 caminar por zona de v\u00edas del Metro Ciudad de M\u00e9xico \ud83c\uddf2\ud83c\uddfd <a href=\"https:\/\/twitter.com\/MetroCDMX?ref_src=twsrc%5Etfw\">@MetroCDMX<\/a> por las Fallas de Mantenimiento en L\u00ednea 12\u203c\ufe0f\u26a0\ufe0f<br><br>El <a href=\"https:\/\/twitter.com\/hashtag\/MetroCDMX?src=hash&amp;ref_src=twsrc%5Etfw\">#MetroCDMX<\/a> lleva muchos a\u00f1os sin mantenimiento, y los \u00fanicos afectados\u2026 <a href=\"https:\/\/t.co\/ujeO0E3oe7\">pic.twitter.com\/ujeO0E3oe7<\/a><\/p>&mdash; Fan MetroViral (@MetroViralMx) <a href=\"https:\/\/twitter.com\/MetroViralMx\/status\/1992023711726391547?ref_src=twsrc%5Etfw\">November 22, 2025<\/a><\/blockquote><script async src=\"https:\/\/platform.twitter.com\/widgets.js\" charset=\"utf-8\"><\/script>\n<\/div><\/figure>\n\n\n\n<p>El&nbsp;<strong>STC<\/strong>&nbsp;inform\u00f3 que el servicio en la L\u00ednea 12 operar\u00e1 de manera provisional de&nbsp;<strong>Olivos<\/strong>&nbsp;a Tl\u00e1huac y de Atlalilco a Mixcoac.<\/p>\n\n\n\n<p>&#8220;No hay servicio de trenes entre Atlalilco y&nbsp;<strong>Olivos<\/strong>, en ambos sentidos&#8221;, asever\u00f3 el sistema de transporte colectivo.<\/p>\n\n\n\n<figure class=\"wp-block-gallery has-nested-images columns-default is-cropped wp-block-gallery-1 is-layout-flex wp-block-gallery-is-layout-flex\">\n<figure class=\"wp-block-image size-large\"><img loading=\"lazy\" decoding=\"async\" width=\"576\" height=\"1024\" data-id=\"120737\" src=\"https:\/\/quehacerpolitico.mx\/wp-content\/uploads\/2025\/11\/IMG_5233-576x1024.jpeg\" alt=\"\" class=\"wp-image-120737\" srcset=\"https:\/\/quehacerpolitico.mx\/wp-content\/uploads\/2025\/11\/IMG_5233-576x1024.jpeg 576w, https:\/\/quehacerpolitico.mx\/wp-content\/uploads\/2025\/11\/IMG_5233-169x300.jpeg 169w, https:\/\/quehacerpolitico.mx\/wp-content\/uploads\/2025\/11\/IMG_5233-768x1365.jpeg 768w, https:\/\/quehacerpolitico.mx\/wp-content\/uploads\/2025\/11\/IMG_5233-864x1536.jpeg 864w, https:\/\/quehacerpolitico.mx\/wp-content\/uploads\/2025\/11\/IMG_5233-1024x1820.jpeg 1024w, https:\/\/quehacerpolitico.mx\/wp-content\/uploads\/2025\/11\/IMG_5233.jpeg 1152w\" sizes=\"auto, (max-width: 576px) 100vw, 576px\" \/><\/figure>\n\n\n\n<figure class=\"wp-block-image size-large\"><img loading=\"lazy\" decoding=\"async\" width=\"576\" height=\"1024\" data-id=\"120738\" src=\"https:\/\/quehacerpolitico.mx\/wp-content\/uploads\/2025\/11\/IMG_5235-576x1024.jpeg\" alt=\"\" class=\"wp-image-120738\" srcset=\"https:\/\/quehacerpolitico.mx\/wp-content\/uploads\/2025\/11\/IMG_5235-576x1024.jpeg 576w, https:\/\/quehacerpolitico.mx\/wp-content\/uploads\/2025\/11\/IMG_5235-169x300.jpeg 169w, https:\/\/quehacerpolitico.mx\/wp-content\/uploads\/2025\/11\/IMG_5235-768x1365.jpeg 768w, https:\/\/quehacerpolitico.mx\/wp-content\/uploads\/2025\/11\/IMG_5235-864x1536.jpeg 864w, https:\/\/quehacerpolitico.mx\/wp-content\/uploads\/2025\/11\/IMG_5235-1024x1820.jpeg 1024w, https:\/\/quehacerpolitico.mx\/wp-content\/uploads\/2025\/11\/IMG_5235.jpeg 1152w\" sizes=\"auto, (max-width: 576px) 100vw, 576px\" \/><\/figure>\n<\/figure>\n\n\n\n<p>En videos compartidos a trav\u00e9s de redes sociales por usuarios se logra ver a una fila de personas caminando en medio de las v\u00edas para llegar a la estaci\u00f3n m\u00e1s cercana.<\/p>\n\n\n\n<p>Fue hasta las 6:18 de la tarde que el Metro inform\u00f3 la reanudaci\u00f3n del servicio.<\/p>\n\n\n\n<figure class=\"wp-block-embed is-type-rich is-provider-twitter wp-block-embed-twitter\"><div class=\"wp-block-embed__wrapper\">\n<blockquote class=\"twitter-tweet\" data-width=\"550\" data-dnt=\"true\"><p lang=\"es\" dir=\"ltr\">Ah\u00ed est\u00e1 tu pinche reanudaci\u00f3n de mierda, saludos y abrazos y feliz navidad y a\u00f1o nuevo <a href=\"https:\/\/t.co\/p15O1089C3\">pic.twitter.com\/p15O1089C3<\/a><\/p>&mdash; Toxic_Doni (@Doni17311892) <a href=\"https:\/\/twitter.com\/Doni17311892\/status\/1992036335582892222?ref_src=twsrc%5Etfw\">November 22, 2025<\/a><\/blockquote><script async src=\"https:\/\/platform.twitter.com\/widgets.js\" charset=\"utf-8\"><\/script>\n<\/div><\/figure>\n\n\n\n<p>Seg\u00fan el STM, las estaciones afectadas registraron una afluencia total de 10 millones&nbsp;381 mil 417 pasajeros durante el periodo de enero a marzo de este a\u00f1o, del total de los usuarios que fue&nbsp;28 millones 694 mil 66.<\/p>\n\n\n\n<figure class=\"wp-block-embed is-type-rich is-provider-twitter wp-block-embed-twitter\"><div class=\"wp-block-embed__wrapper\">\n<blockquote class=\"twitter-tweet\" data-width=\"550\" data-dnt=\"true\"><p lang=\"es\" dir=\"ltr\"><a href=\"https:\/\/twitter.com\/hashtag\/AvisoMetro?src=hash&amp;ref_src=twsrc%5Etfw\">#AvisoMetro<\/a>: Se reanuda la circulaci\u00f3n de los trenes en la L\u00ednea 12, tras concluir la revisi\u00f3n al sistema el\u00e9ctrico. Todas las estaciones permanecen abiertas y en operaci\u00f3n.<br><br>Permite el libre cierre de puertas y as\u00ed como desciender del vag\u00f3n antes de ingresar.<br><br>Gracias por tu\u2026<\/p>&mdash; MetroCDMX (@MetroCDMX) <a href=\"https:\/\/twitter.com\/MetroCDMX\/status\/1992024753599553984?ref_src=twsrc%5Etfw\">November 22, 2025<\/a><\/blockquote><script async src=\"https:\/\/platform.twitter.com\/widgets.js\" charset=\"utf-8\"><\/script>\n<\/div><\/figure>\n","protected":false},"excerpt":{"rendered":"<p>Por Redacci\u00f3n QP El Sistema de Transporte Colectivo inform\u00f3 el cierre que afect\u00f3 a siete&#8230;<\/p>\n","protected":false},"author":2,"featured_media":120740,"comment_status":"open","ping_status":"open","sticky":false,"template":"","format":"standard","meta":{"_monsterinsights_skip_tracking":false,"_monsterinsights_sitenote_active":false,"_monsterinsights_sitenote_note":"","_monsterinsights_sitenote_category":0,"footnotes":""},"categories":[55],"tags":[],"class_list":["post-120736","post","type-post","status-publish","format-standard","has-post-thumbnail","hentry","category-cdmx"],"yoast_head":"<!-- This site is optimized with the Yoast SEO plugin v27.3 - https:\/\/yoast.com\/product\/yoast-seo-wordpress\/ -->\n<title>Casi dos horas despu\u00e9s, la L\u00ednea 12 reanuda el servicio tras revisi\u00f3n del sistema el\u00e9ctrico -<\/title>\n<meta name=\"robots\" content=\"index, follow, max-snippet:-1, max-image-preview:large, max-video-preview:-1\" \/>\n<link rel=\"canonical\" href=\"https:\/\/quehacerpolitico.mx\/?p=120736\" \/>\n<meta property=\"og:locale\" content=\"es_MX\" \/>\n<meta property=\"og:type\" content=\"article\" \/>\n<meta property=\"og:title\" content=\"Casi dos horas despu\u00e9s, la L\u00ednea 12 reanuda el servicio tras revisi\u00f3n del sistema el\u00e9ctrico -\" \/>\n<meta property=\"og:description\" content=\"Por Redacci\u00f3n QP El Sistema de Transporte Colectivo inform\u00f3 el cierre que afect\u00f3 a siete...\" \/>\n<meta property=\"og:url\" content=\"https:\/\/quehacerpolitico.mx\/?p=120736\" \/>\n<meta property=\"article:published_time\" content=\"2025-11-22T03:51:19+00:00\" \/>\n<meta property=\"article:modified_time\" content=\"2025-11-22T03:51:22+00:00\" \/>\n<meta property=\"og:image\" content=\"http:\/\/quehacerpolitico.mx\/wp-content\/uploads\/2025\/11\/IMG_5236.jpeg\" \/>\n\t<meta property=\"og:image:width\" content=\"960\" \/>\n\t<meta property=\"og:image:height\" content=\"720\" \/>\n\t<meta property=\"og:image:type\" content=\"image\/jpeg\" \/>\n<meta name=\"author\" content=\"Redacci\u00f3n QP\" \/>\n<meta name=\"twitter:card\" content=\"summary_large_image\" \/>\n<meta name=\"twitter:label1\" content=\"Escrito por\" \/>\n\t<meta name=\"twitter:data1\" content=\"Redacci\u00f3n QP\" \/>\n\t<meta name=\"twitter:label2\" content=\"Tiempo de lectura\" \/>\n\t<meta name=\"twitter:data2\" content=\"2 minutos\" \/>\n<script type=\"application\/ld+json\" class=\"yoast-schema-graph\">{\"@context\":\"https:\\\/\\\/schema.org\",\"@graph\":[{\"@type\":\"Article\",\"@id\":\"https:\\\/\\\/quehacerpolitico.mx\\\/?p=120736#article\",\"isPartOf\":{\"@id\":\"https:\\\/\\\/quehacerpolitico.mx\\\/?p=120736\"},\"author\":{\"name\":\"Redacci\u00f3n QP\",\"@id\":\"https:\\\/\\\/quehacerpolitico.mx\\\/#\\\/schema\\\/person\\\/496d8ad2d1d3f8036101dca7ee39e585\"},\"headline\":\"Casi dos horas despu\u00e9s, la L\u00ednea 12 reanuda el servicio tras revisi\u00f3n del sistema el\u00e9ctrico\",\"datePublished\":\"2025-11-22T03:51:19+00:00\",\"dateModified\":\"2025-11-22T03:51:22+00:00\",\"mainEntityOfPage\":{\"@id\":\"https:\\\/\\\/quehacerpolitico.mx\\\/?p=120736\"},\"wordCount\":304,\"commentCount\":0,\"image\":{\"@id\":\"https:\\\/\\\/quehacerpolitico.mx\\\/?p=120736#primaryimage\"},\"thumbnailUrl\":\"https:\\\/\\\/quehacerpolitico.mx\\\/wp-content\\\/uploads\\\/2025\\\/11\\\/IMG_5236.jpeg\",\"articleSection\":[\"CDMX\"],\"inLanguage\":\"es\",\"potentialAction\":[{\"@type\":\"CommentAction\",\"name\":\"Comment\",\"target\":[\"https:\\\/\\\/quehacerpolitico.mx\\\/?p=120736#respond\"]}]},{\"@type\":\"WebPage\",\"@id\":\"https:\\\/\\\/quehacerpolitico.mx\\\/?p=120736\",\"url\":\"https:\\\/\\\/quehacerpolitico.mx\\\/?p=120736\",\"name\":\"Casi dos horas despu\u00e9s, la L\u00ednea 12 reanuda el servicio tras revisi\u00f3n del sistema el\u00e9ctrico -\",\"isPartOf\":{\"@id\":\"https:\\\/\\\/quehacerpolitico.mx\\\/#website\"},\"primaryImageOfPage\":{\"@id\":\"https:\\\/\\\/quehacerpolitico.mx\\\/?p=120736#primaryimage\"},\"image\":{\"@id\":\"https:\\\/\\\/quehacerpolitico.mx\\\/?p=120736#primaryimage\"},\"thumbnailUrl\":\"https:\\\/\\\/quehacerpolitico.mx\\\/wp-content\\\/uploads\\\/2025\\\/11\\\/IMG_5236.jpeg\",\"datePublished\":\"2025-11-22T03:51:19+00:00\",\"dateModified\":\"2025-11-22T03:51:22+00:00\",\"author\":{\"@id\":\"https:\\\/\\\/quehacerpolitico.mx\\\/#\\\/schema\\\/person\\\/496d8ad2d1d3f8036101dca7ee39e585\"},\"breadcrumb\":{\"@id\":\"https:\\\/\\\/quehacerpolitico.mx\\\/?p=120736#breadcrumb\"},\"inLanguage\":\"es\",\"potentialAction\":[{\"@type\":\"ReadAction\",\"target\":[\"https:\\\/\\\/quehacerpolitico.mx\\\/?p=120736\"]}]},{\"@type\":\"ImageObject\",\"inLanguage\":\"es\",\"@id\":\"https:\\\/\\\/quehacerpolitico.mx\\\/?p=120736#primaryimage\",\"url\":\"https:\\\/\\\/quehacerpolitico.mx\\\/wp-content\\\/uploads\\\/2025\\\/11\\\/IMG_5236.jpeg\",\"contentUrl\":\"https:\\\/\\\/quehacerpolitico.mx\\\/wp-content\\\/uploads\\\/2025\\\/11\\\/IMG_5236.jpeg\",\"width\":960,\"height\":720},{\"@type\":\"BreadcrumbList\",\"@id\":\"https:\\\/\\\/quehacerpolitico.mx\\\/?p=120736#breadcrumb\",\"itemListElement\":[{\"@type\":\"ListItem\",\"position\":1,\"name\":\"Inicio\",\"item\":\"https:\\\/\\\/quehacerpolitico.mx\\\/\"},{\"@type\":\"ListItem\",\"position\":2,\"name\":\"Casi dos horas despu\u00e9s, la L\u00ednea 12 reanuda el servicio tras revisi\u00f3n del sistema el\u00e9ctrico\"}]},{\"@type\":\"WebSite\",\"@id\":\"https:\\\/\\\/quehacerpolitico.mx\\\/#website\",\"url\":\"https:\\\/\\\/quehacerpolitico.mx\\\/\",\"name\":\"\",\"description\":\"\",\"potentialAction\":[{\"@type\":\"SearchAction\",\"target\":{\"@type\":\"EntryPoint\",\"urlTemplate\":\"https:\\\/\\\/quehacerpolitico.mx\\\/?s={search_term_string}\"},\"query-input\":{\"@type\":\"PropertyValueSpecification\",\"valueRequired\":true,\"valueName\":\"search_term_string\"}}],\"inLanguage\":\"es\"},{\"@type\":\"Person\",\"@id\":\"https:\\\/\\\/quehacerpolitico.mx\\\/#\\\/schema\\\/person\\\/496d8ad2d1d3f8036101dca7ee39e585\",\"name\":\"Redacci\u00f3n QP\",\"image\":{\"@type\":\"ImageObject\",\"inLanguage\":\"es\",\"@id\":\"https:\\\/\\\/secure.gravatar.com\\\/avatar\\\/c7164ed6fdec453195284ad24a5ae5b6e1eed2b848477fa2a4787ba9adf39a41?s=96&d=mm&r=g\",\"url\":\"https:\\\/\\\/secure.gravatar.com\\\/avatar\\\/c7164ed6fdec453195284ad24a5ae5b6e1eed2b848477fa2a4787ba9adf39a41?s=96&d=mm&r=g\",\"contentUrl\":\"https:\\\/\\\/secure.gravatar.com\\\/avatar\\\/c7164ed6fdec453195284ad24a5ae5b6e1eed2b848477fa2a4787ba9adf39a41?s=96&d=mm&r=g\",\"caption\":\"Redacci\u00f3n QP\"},\"url\":\"https:\\\/\\\/quehacerpolitico.mx\\\/?author=2\"}]}<\/script>\n<!-- \/ Yoast SEO plugin. -->","yoast_head_json":{"title":"Casi dos horas despu\u00e9s, la L\u00ednea 12 reanuda el servicio tras revisi\u00f3n del sistema el\u00e9ctrico -","robots":{"index":"index","follow":"follow","max-snippet":"max-snippet:-1","max-image-preview":"max-image-preview:large","max-video-preview":"max-video-preview:-1"},"canonical":"https:\/\/quehacerpolitico.mx\/?p=120736","og_locale":"es_MX","og_type":"article","og_title":"Casi dos horas despu\u00e9s, la L\u00ednea 12 reanuda el servicio tras revisi\u00f3n del sistema el\u00e9ctrico -","og_description":"Por Redacci\u00f3n QP El Sistema de Transporte Colectivo inform\u00f3 el cierre que afect\u00f3 a siete...","og_url":"https:\/\/quehacerpolitico.mx\/?p=120736","article_published_time":"2025-11-22T03:51:19+00:00","article_modified_time":"2025-11-22T03:51:22+00:00","og_image":[{"width":960,"height":720,"url":"http:\/\/quehacerpolitico.mx\/wp-content\/uploads\/2025\/11\/IMG_5236.jpeg","type":"image\/jpeg"}],"author":"Redacci\u00f3n QP","twitter_card":"summary_large_image","twitter_misc":{"Escrito por":"Redacci\u00f3n QP","Tiempo de lectura":"2 minutos"},"schema":{"@context":"https:\/\/schema.org","@graph":[{"@type":"Article","@id":"https:\/\/quehacerpolitico.mx\/?p=120736#article","isPartOf":{"@id":"https:\/\/quehacerpolitico.mx\/?p=120736"},"author":{"name":"Redacci\u00f3n QP","@id":"https:\/\/quehacerpolitico.mx\/#\/schema\/person\/496d8ad2d1d3f8036101dca7ee39e585"},"headline":"Casi dos horas despu\u00e9s, la L\u00ednea 12 reanuda el servicio tras revisi\u00f3n del sistema el\u00e9ctrico","datePublished":"2025-11-22T03:51:19+00:00","dateModified":"2025-11-22T03:51:22+00:00","mainEntityOfPage":{"@id":"https:\/\/quehacerpolitico.mx\/?p=120736"},"wordCount":304,"commentCount":0,"image":{"@id":"https:\/\/quehacerpolitico.mx\/?p=120736#primaryimage"},"thumbnailUrl":"https:\/\/quehacerpolitico.mx\/wp-content\/uploads\/2025\/11\/IMG_5236.jpeg","articleSection":["CDMX"],"inLanguage":"es","potentialAction":[{"@type":"CommentAction","name":"Comment","target":["https:\/\/quehacerpolitico.mx\/?p=120736#respond"]}]},{"@type":"WebPage","@id":"https:\/\/quehacerpolitico.mx\/?p=120736","url":"https:\/\/quehacerpolitico.mx\/?p=120736","name":"Casi dos horas despu\u00e9s, la L\u00ednea 12 reanuda el servicio tras revisi\u00f3n del sistema el\u00e9ctrico -","isPartOf":{"@id":"https:\/\/quehacerpolitico.mx\/#website"},"primaryImageOfPage":{"@id":"https:\/\/quehacerpolitico.mx\/?p=120736#primaryimage"},"image":{"@id":"https:\/\/quehacerpolitico.mx\/?p=120736#primaryimage"},"thumbnailUrl":"https:\/\/quehacerpolitico.mx\/wp-content\/uploads\/2025\/11\/IMG_5236.jpeg","datePublished":"2025-11-22T03:51:19+00:00","dateModified":"2025-11-22T03:51:22+00:00","author":{"@id":"https:\/\/quehacerpolitico.mx\/#\/schema\/person\/496d8ad2d1d3f8036101dca7ee39e585"},"breadcrumb":{"@id":"https:\/\/quehacerpolitico.mx\/?p=120736#breadcrumb"},"inLanguage":"es","potentialAction":[{"@type":"ReadAction","target":["https:\/\/quehacerpolitico.mx\/?p=120736"]}]},{"@type":"ImageObject","inLanguage":"es","@id":"https:\/\/quehacerpolitico.mx\/?p=120736#primaryimage","url":"https:\/\/quehacerpolitico.mx\/wp-content\/uploads\/2025\/11\/IMG_5236.jpeg","contentUrl":"https:\/\/quehacerpolitico.mx\/wp-content\/uploads\/2025\/11\/IMG_5236.jpeg","width":960,"height":720},{"@type":"BreadcrumbList","@id":"https:\/\/quehacerpolitico.mx\/?p=120736#breadcrumb","itemListElement":[{"@type":"ListItem","position":1,"name":"Inicio","item":"https:\/\/quehacerpolitico.mx\/"},{"@type":"ListItem","position":2,"name":"Casi dos horas despu\u00e9s, la L\u00ednea 12 reanuda el servicio tras revisi\u00f3n del sistema el\u00e9ctrico"}]},{"@type":"WebSite","@id":"https:\/\/quehacerpolitico.mx\/#website","url":"https:\/\/quehacerpolitico.mx\/","name":"","description":"","potentialAction":[{"@type":"SearchAction","target":{"@type":"EntryPoint","urlTemplate":"https:\/\/quehacerpolitico.mx\/?s={search_term_string}"},"query-input":{"@type":"PropertyValueSpecification","valueRequired":true,"valueName":"search_term_string"}}],"inLanguage":"es"},{"@type":"Person","@id":"https:\/\/quehacerpolitico.mx\/#\/schema\/person\/496d8ad2d1d3f8036101dca7ee39e585","name":"Redacci\u00f3n QP","image":{"@type":"ImageObject","inLanguage":"es","@id":"https:\/\/secure.gravatar.com\/avatar\/c7164ed6fdec453195284ad24a5ae5b6e1eed2b848477fa2a4787ba9adf39a41?s=96&d=mm&r=g","url":"https:\/\/secure.gravatar.com\/avatar\/c7164ed6fdec453195284ad24a5ae5b6e1eed2b848477fa2a4787ba9adf39a41?s=96&d=mm&r=g","contentUrl":"https:\/\/secure.gravatar.com\/avatar\/c7164ed6fdec453195284ad24a5ae5b6e1eed2b848477fa2a4787ba9adf39a41?s=96&d=mm&r=g","caption":"Redacci\u00f3n QP"},"url":"https:\/\/quehacerpolitico.mx\/?author=2"}]}},"featured_image_urls":{"full":["https:\/\/quehacerpolitico.mx\/wp-content\/uploads\/2025\/11\/IMG_5236.jpeg",960,720,false],"thumbnail":["https:\/\/quehacerpolitico.mx\/wp-content\/uploads\/2025\/11\/IMG_5236-150x150.jpeg",150,150,true],"medium":["https:\/\/quehacerpolitico.mx\/wp-content\/uploads\/2025\/11\/IMG_5236-300x225.jpeg",300,225,true],"medium_large":["https:\/\/quehacerpolitico.mx\/wp-content\/uploads\/2025\/11\/IMG_5236-768x576.jpeg",640,480,true],"large":["https:\/\/quehacerpolitico.mx\/wp-content\/uploads\/2025\/11\/IMG_5236.jpeg",640,480,false],"1536x1536":["https:\/\/quehacerpolitico.mx\/wp-content\/uploads\/2025\/11\/IMG_5236.jpeg",960,720,false],"2048x2048":["https:\/\/quehacerpolitico.mx\/wp-content\/uploads\/2025\/11\/IMG_5236.jpeg",960,720,false],"covernews-featured":["https:\/\/quehacerpolitico.mx\/wp-content\/uploads\/2025\/11\/IMG_5236.jpeg",960,720,false],"covernews-medium":["https:\/\/quehacerpolitico.mx\/wp-content\/uploads\/2025\/11\/IMG_5236-540x340.jpeg",540,340,true]},"author_info":{"display_name":"Redacci\u00f3n QP","author_link":"https:\/\/quehacerpolitico.mx\/?author=2"},"category_info":"<a href=\"https:\/\/quehacerpolitico.mx\/?cat=55\" rel=\"category\">CDMX<\/a>","tag_info":"CDMX","comment_count":"0","_links":{"self":[{"href":"https:\/\/quehacerpolitico.mx\/index.php?rest_route=\/wp\/v2\/posts\/120736","targetHints":{"allow":["GET"]}}],"collection":[{"href":"https:\/\/quehacerpolitico.mx\/index.php?rest_route=\/wp\/v2\/posts"}],"about":[{"href":"https:\/\/quehacerpolitico.mx\/index.php?rest_route=\/wp\/v2\/types\/post"}],"author":[{"embeddable":true,"href":"https:\/\/quehacerpolitico.mx\/index.php?rest_route=\/wp\/v2\/users\/2"}],"replies":[{"embeddable":true,"href":"https:\/\/quehacerpolitico.mx\/index.php?rest_route=%2Fwp%2Fv2%2Fcomments&post=120736"}],"version-history":[{"count":1,"href":"https:\/\/quehacerpolitico.mx\/index.php?rest_route=\/wp\/v2\/posts\/120736\/revisions"}],"predecessor-version":[{"id":120741,"href":"https:\/\/quehacerpolitico.mx\/index.php?rest_route=\/wp\/v2\/posts\/120736\/revisions\/120741"}],"wp:featuredmedia":[{"embeddable":true,"href":"https:\/\/quehacerpolitico.mx\/index.php?rest_route=\/wp\/v2\/media\/120740"}],"wp:attachment":[{"href":"https:\/\/quehacerpolitico.mx\/index.php?rest_route=%2Fwp%2Fv2%2Fmedia&parent=120736"}],"wp:term":[{"taxonomy":"category","embeddable":true,"href":"https:\/\/quehacerpolitico.mx\/index.php?rest_route=%2Fwp%2Fv2%2Fcategories&post=120736"},{"taxonomy":"post_tag","embeddable":true,"href":"https:\/\/quehacerpolitico.mx\/index.php?rest_route=%2Fwp%2Fv2%2Ftags&post=120736"}],"curies":[{"name":"wp","href":"https:\/\/api.w.org\/{rel}","templated":true}]}}