{"id":120733,"date":"2025-11-21T19:36:51","date_gmt":"2025-11-22T01:36:51","guid":{"rendered":"https:\/\/quehacerpolitico.mx\/?p=120733"},"modified":"2025-11-21T19:36:54","modified_gmt":"2025-11-22T01:36:54","slug":"autorretrato-de-frida-kahlo-el-sueno-alcanza-precio-millonario-nunca-antes-visto","status":"publish","type":"post","link":"https:\/\/quehacerpolitico.mx\/?p=120733","title":{"rendered":"Autorretrato de Frida Kahlo &#8216;El sue\u00f1o&#8217; alcanza precio millonario nunca antes visto"},"content":{"rendered":"\n<p>Por Redacci\u00f3n QP<\/p>\n\n\n\n<p>Previo a la subasta, se estim\u00f3 que ser\u00eda ofertada entre los 40 y 60 millones de d\u00f3lares, al final super\u00f3 el rango previsto<\/p>\n\n\n\n<p>El cuadro \u201cEl sue\u00f1o\u201d de Frida Kahlo acaba de ser&nbsp;<strong>subastado en 54.6 millones de d\u00f3lares<\/strong>&nbsp;la tarde de este jueves, en la casa subastadora Sotherby&#8217;s en Nueva York.<mark><strong>&nbsp;Convirtiendo de esta forma a la artista en la mujer pintora m\u00e1s cara de la historia.<\/strong><\/mark><\/p>\n\n\n\n<p>Anteriormente la pintura estuvo en manos de un coleccionista privado, que la consigui\u00f3 en otra subasta obteni\u00e9ndola en&nbsp;<strong>45.6 millones de d\u00f3lares<\/strong>, otra cifra muy alta que&nbsp;<strong>desde entonces, ya se le hab\u00eda considerado la obra de una artista mujer y latinoamericana, con el mayor precio de venta en una puja.<\/strong><\/p>\n\n\n\n<figure class=\"wp-block-embed is-type-video is-provider-youtube wp-block-embed-youtube wp-embed-aspect-9-16 wp-has-aspect-ratio\"><div class=\"wp-block-embed__wrapper\">\n<iframe loading=\"lazy\" title=\"Pintura de Frida Kahlo impone r\u00e9cord en subasta de Sotheby\u2019s\" width=\"540\" height=\"960\" src=\"https:\/\/www.youtube.com\/embed\/sATgBuPfmsQ?feature=oembed\" frameborder=\"0\" allow=\"accelerometer; autoplay; clipboard-write; encrypted-media; gyroscope; picture-in-picture; web-share\" referrerpolicy=\"strict-origin-when-cross-origin\" allowfullscreen><\/iframe>\n<\/div><\/figure>\n\n\n\n<p>Incluso&nbsp;<strong>lleg\u00f3 a superar los 34.9 millones de d\u00f3lares<\/strong>&nbsp;que le costaron al argentino Eduardo Costantini por&nbsp;<strong>el cuadro &#8220;Diego y yo&#8221;<\/strong>, tambi\u00e9n de Kahlo&nbsp;<strong>en 2021<\/strong>.<\/p>\n\n\n\n<p>Desde el anuncio de la subasta hace unas semanas, se inform\u00f3 que la particular pieza<strong> ser\u00eda ofertada entre los 40 y 60 millones de d\u00f3lares<\/strong>; en la subasta, tras una&nbsp;<strong>re\u00f1ida oferta de los compradores,<\/strong>&nbsp;<strong>la cifra final super\u00f3 el rango previsto.<\/strong><\/p>\n\n\n\n<p>La oferta&nbsp;<strong>comenz\u00f3 con los 22 millones<\/strong>&nbsp;de d\u00f3lares, y poco a poco<strong>&nbsp;subi\u00f3 en dos millones hasta llegar<\/strong>&nbsp;a los<strong>&nbsp;40 millones<\/strong>; luego de esa cifra, tard\u00f3 m\u00e1s en subir, y esta vez de un mill\u00f3n a la vez. En la sala predominaba el silencio, y los compradores susurraban y se ve\u00edan unos a los otros. Fue que luego de varios minutos, la cifra alcanz\u00f3 el precio final.<\/p>\n\n\n\n<p>Por el momento no se sabe la identidad del comprador actual del cuadro \u201cEl sue\u00f1o\u201d.<\/p>\n\n\n\n<figure class=\"wp-block-image\" id=\"cnt_img_6222\"><img decoding=\"async\" src=\"https:\/\/www.informador.mx\/__export\/1763689435947\/sites\/elinformador\/img\/2025\/11\/20\/-15202921-18a02bbee801cf4408c9bd9791aa4da0-.png_158021514.png\" alt=\"AP\/K. Wigglesworth\" title=\"AP\/K. Wigglesworth\"\/><figcaption class=\"wp-element-caption\">AP\/K. Wigglesworth&nbsp;<\/figcaption><\/figure>\n\n\n\n<p>Creada en un momento de gran turbulencia personal marcada por el dolor cr\u00f3nico debido a la poliomielitis, y las secuelas del tr\u00e1gico accidente de autob\u00fas de 1925, esta pieza es un autorretrato que captura la vulnerabilidad de la artista.&nbsp;<\/p>\n\n\n\n<p><mark>En el lienzo, Kahlo yace dormida en una cama de estilo colonial envuelta en una manta, mientras un esqueleto de tama\u00f1o natural, cargado de dinamita y portando un ramo de flores, levita sobre ella.<\/mark><\/p>\n\n\n\n<p>Con informaci\u00f3n de SUN<\/p>\n","protected":false},"excerpt":{"rendered":"<p>Por Redacci\u00f3n QP Previo a la subasta, se estim\u00f3 que ser\u00eda ofertada entre los 40&#8230;<\/p>\n","protected":false},"author":2,"featured_media":120734,"comment_status":"open","ping_status":"open","sticky":false,"template":"","format":"standard","meta":{"_monsterinsights_skip_tracking":false,"_monsterinsights_sitenote_active":false,"_monsterinsights_sitenote_note":"","_monsterinsights_sitenote_category":0,"footnotes":""},"categories":[58],"tags":[],"class_list":["post-120733","post","type-post","status-publish","format-standard","has-post-thumbnail","hentry","category-cultura"],"yoast_head":"<!-- This site is optimized with the Yoast SEO plugin v27.3 - https:\/\/yoast.com\/product\/yoast-seo-wordpress\/ -->\n<title>Autorretrato de Frida Kahlo &#039;El sue\u00f1o&#039; alcanza precio millonario nunca antes visto -<\/title>\n<meta name=\"robots\" content=\"index, follow, max-snippet:-1, max-image-preview:large, max-video-preview:-1\" \/>\n<link rel=\"canonical\" href=\"https:\/\/quehacerpolitico.mx\/?p=120733\" \/>\n<meta property=\"og:locale\" content=\"es_MX\" \/>\n<meta property=\"og:type\" content=\"article\" \/>\n<meta property=\"og:title\" content=\"Autorretrato de Frida Kahlo &#039;El sue\u00f1o&#039; alcanza precio millonario nunca antes visto -\" \/>\n<meta property=\"og:description\" content=\"Por Redacci\u00f3n QP Previo a la subasta, se estim\u00f3 que ser\u00eda ofertada entre los 40...\" \/>\n<meta property=\"og:url\" content=\"https:\/\/quehacerpolitico.mx\/?p=120733\" \/>\n<meta property=\"article:published_time\" content=\"2025-11-22T01:36:51+00:00\" \/>\n<meta property=\"article:modified_time\" content=\"2025-11-22T01:36:54+00:00\" \/>\n<meta property=\"og:image\" content=\"http:\/\/quehacerpolitico.mx\/wp-content\/uploads\/2025\/11\/IMG_5227.webp\" \/>\n\t<meta property=\"og:image:width\" content=\"1140\" \/>\n\t<meta property=\"og:image:height\" content=\"750\" \/>\n\t<meta property=\"og:image:type\" content=\"image\/webp\" \/>\n<meta name=\"author\" content=\"Redacci\u00f3n QP\" \/>\n<meta name=\"twitter:card\" content=\"summary_large_image\" \/>\n<meta name=\"twitter:label1\" content=\"Escrito por\" \/>\n\t<meta name=\"twitter:data1\" content=\"Redacci\u00f3n QP\" \/>\n\t<meta name=\"twitter:label2\" content=\"Tiempo de lectura\" \/>\n\t<meta name=\"twitter:data2\" content=\"3 minutos\" \/>\n<script type=\"application\/ld+json\" class=\"yoast-schema-graph\">{\"@context\":\"https:\\\/\\\/schema.org\",\"@graph\":[{\"@type\":\"Article\",\"@id\":\"https:\\\/\\\/quehacerpolitico.mx\\\/?p=120733#article\",\"isPartOf\":{\"@id\":\"https:\\\/\\\/quehacerpolitico.mx\\\/?p=120733\"},\"author\":{\"name\":\"Redacci\u00f3n QP\",\"@id\":\"https:\\\/\\\/quehacerpolitico.mx\\\/#\\\/schema\\\/person\\\/496d8ad2d1d3f8036101dca7ee39e585\"},\"headline\":\"Autorretrato de Frida Kahlo &#8216;El sue\u00f1o&#8217; alcanza precio millonario nunca antes visto\",\"datePublished\":\"2025-11-22T01:36:51+00:00\",\"dateModified\":\"2025-11-22T01:36:54+00:00\",\"mainEntityOfPage\":{\"@id\":\"https:\\\/\\\/quehacerpolitico.mx\\\/?p=120733\"},\"wordCount\":410,\"commentCount\":0,\"image\":{\"@id\":\"https:\\\/\\\/quehacerpolitico.mx\\\/?p=120733#primaryimage\"},\"thumbnailUrl\":\"https:\\\/\\\/quehacerpolitico.mx\\\/wp-content\\\/uploads\\\/2025\\\/11\\\/IMG_5227.webp\",\"articleSection\":[\"Cultura y Entretenimiento\"],\"inLanguage\":\"es\",\"potentialAction\":[{\"@type\":\"CommentAction\",\"name\":\"Comment\",\"target\":[\"https:\\\/\\\/quehacerpolitico.mx\\\/?p=120733#respond\"]}]},{\"@type\":\"WebPage\",\"@id\":\"https:\\\/\\\/quehacerpolitico.mx\\\/?p=120733\",\"url\":\"https:\\\/\\\/quehacerpolitico.mx\\\/?p=120733\",\"name\":\"Autorretrato de Frida Kahlo 'El sue\u00f1o' alcanza precio millonario nunca antes visto -\",\"isPartOf\":{\"@id\":\"https:\\\/\\\/quehacerpolitico.mx\\\/#website\"},\"primaryImageOfPage\":{\"@id\":\"https:\\\/\\\/quehacerpolitico.mx\\\/?p=120733#primaryimage\"},\"image\":{\"@id\":\"https:\\\/\\\/quehacerpolitico.mx\\\/?p=120733#primaryimage\"},\"thumbnailUrl\":\"https:\\\/\\\/quehacerpolitico.mx\\\/wp-content\\\/uploads\\\/2025\\\/11\\\/IMG_5227.webp\",\"datePublished\":\"2025-11-22T01:36:51+00:00\",\"dateModified\":\"2025-11-22T01:36:54+00:00\",\"author\":{\"@id\":\"https:\\\/\\\/quehacerpolitico.mx\\\/#\\\/schema\\\/person\\\/496d8ad2d1d3f8036101dca7ee39e585\"},\"breadcrumb\":{\"@id\":\"https:\\\/\\\/quehacerpolitico.mx\\\/?p=120733#breadcrumb\"},\"inLanguage\":\"es\",\"potentialAction\":[{\"@type\":\"ReadAction\",\"target\":[\"https:\\\/\\\/quehacerpolitico.mx\\\/?p=120733\"]}]},{\"@type\":\"ImageObject\",\"inLanguage\":\"es\",\"@id\":\"https:\\\/\\\/quehacerpolitico.mx\\\/?p=120733#primaryimage\",\"url\":\"https:\\\/\\\/quehacerpolitico.mx\\\/wp-content\\\/uploads\\\/2025\\\/11\\\/IMG_5227.webp\",\"contentUrl\":\"https:\\\/\\\/quehacerpolitico.mx\\\/wp-content\\\/uploads\\\/2025\\\/11\\\/IMG_5227.webp\",\"width\":1140,\"height\":750},{\"@type\":\"BreadcrumbList\",\"@id\":\"https:\\\/\\\/quehacerpolitico.mx\\\/?p=120733#breadcrumb\",\"itemListElement\":[{\"@type\":\"ListItem\",\"position\":1,\"name\":\"Inicio\",\"item\":\"https:\\\/\\\/quehacerpolitico.mx\\\/\"},{\"@type\":\"ListItem\",\"position\":2,\"name\":\"Autorretrato de Frida Kahlo &#8216;El sue\u00f1o&#8217; alcanza precio millonario nunca antes visto\"}]},{\"@type\":\"WebSite\",\"@id\":\"https:\\\/\\\/quehacerpolitico.mx\\\/#website\",\"url\":\"https:\\\/\\\/quehacerpolitico.mx\\\/\",\"name\":\"\",\"description\":\"\",\"potentialAction\":[{\"@type\":\"SearchAction\",\"target\":{\"@type\":\"EntryPoint\",\"urlTemplate\":\"https:\\\/\\\/quehacerpolitico.mx\\\/?s={search_term_string}\"},\"query-input\":{\"@type\":\"PropertyValueSpecification\",\"valueRequired\":true,\"valueName\":\"search_term_string\"}}],\"inLanguage\":\"es\"},{\"@type\":\"Person\",\"@id\":\"https:\\\/\\\/quehacerpolitico.mx\\\/#\\\/schema\\\/person\\\/496d8ad2d1d3f8036101dca7ee39e585\",\"name\":\"Redacci\u00f3n QP\",\"image\":{\"@type\":\"ImageObject\",\"inLanguage\":\"es\",\"@id\":\"https:\\\/\\\/secure.gravatar.com\\\/avatar\\\/c7164ed6fdec453195284ad24a5ae5b6e1eed2b848477fa2a4787ba9adf39a41?s=96&d=mm&r=g\",\"url\":\"https:\\\/\\\/secure.gravatar.com\\\/avatar\\\/c7164ed6fdec453195284ad24a5ae5b6e1eed2b848477fa2a4787ba9adf39a41?s=96&d=mm&r=g\",\"contentUrl\":\"https:\\\/\\\/secure.gravatar.com\\\/avatar\\\/c7164ed6fdec453195284ad24a5ae5b6e1eed2b848477fa2a4787ba9adf39a41?s=96&d=mm&r=g\",\"caption\":\"Redacci\u00f3n QP\"},\"url\":\"https:\\\/\\\/quehacerpolitico.mx\\\/?author=2\"}]}<\/script>\n<!-- \/ Yoast SEO plugin. -->","yoast_head_json":{"title":"Autorretrato de Frida Kahlo 'El sue\u00f1o' alcanza precio millonario nunca antes visto -","robots":{"index":"index","follow":"follow","max-snippet":"max-snippet:-1","max-image-preview":"max-image-preview:large","max-video-preview":"max-video-preview:-1"},"canonical":"https:\/\/quehacerpolitico.mx\/?p=120733","og_locale":"es_MX","og_type":"article","og_title":"Autorretrato de Frida Kahlo 'El sue\u00f1o' alcanza precio millonario nunca antes visto -","og_description":"Por Redacci\u00f3n QP Previo a la subasta, se estim\u00f3 que ser\u00eda ofertada entre los 40...","og_url":"https:\/\/quehacerpolitico.mx\/?p=120733","article_published_time":"2025-11-22T01:36:51+00:00","article_modified_time":"2025-11-22T01:36:54+00:00","og_image":[{"width":1140,"height":750,"url":"http:\/\/quehacerpolitico.mx\/wp-content\/uploads\/2025\/11\/IMG_5227.webp","type":"image\/webp"}],"author":"Redacci\u00f3n QP","twitter_card":"summary_large_image","twitter_misc":{"Escrito por":"Redacci\u00f3n QP","Tiempo de lectura":"3 minutos"},"schema":{"@context":"https:\/\/schema.org","@graph":[{"@type":"Article","@id":"https:\/\/quehacerpolitico.mx\/?p=120733#article","isPartOf":{"@id":"https:\/\/quehacerpolitico.mx\/?p=120733"},"author":{"name":"Redacci\u00f3n QP","@id":"https:\/\/quehacerpolitico.mx\/#\/schema\/person\/496d8ad2d1d3f8036101dca7ee39e585"},"headline":"Autorretrato de Frida Kahlo &#8216;El sue\u00f1o&#8217; alcanza precio millonario nunca antes visto","datePublished":"2025-11-22T01:36:51+00:00","dateModified":"2025-11-22T01:36:54+00:00","mainEntityOfPage":{"@id":"https:\/\/quehacerpolitico.mx\/?p=120733"},"wordCount":410,"commentCount":0,"image":{"@id":"https:\/\/quehacerpolitico.mx\/?p=120733#primaryimage"},"thumbnailUrl":"https:\/\/quehacerpolitico.mx\/wp-content\/uploads\/2025\/11\/IMG_5227.webp","articleSection":["Cultura y Entretenimiento"],"inLanguage":"es","potentialAction":[{"@type":"CommentAction","name":"Comment","target":["https:\/\/quehacerpolitico.mx\/?p=120733#respond"]}]},{"@type":"WebPage","@id":"https:\/\/quehacerpolitico.mx\/?p=120733","url":"https:\/\/quehacerpolitico.mx\/?p=120733","name":"Autorretrato de Frida Kahlo 'El sue\u00f1o' alcanza precio millonario nunca antes visto -","isPartOf":{"@id":"https:\/\/quehacerpolitico.mx\/#website"},"primaryImageOfPage":{"@id":"https:\/\/quehacerpolitico.mx\/?p=120733#primaryimage"},"image":{"@id":"https:\/\/quehacerpolitico.mx\/?p=120733#primaryimage"},"thumbnailUrl":"https:\/\/quehacerpolitico.mx\/wp-content\/uploads\/2025\/11\/IMG_5227.webp","datePublished":"2025-11-22T01:36:51+00:00","dateModified":"2025-11-22T01:36:54+00:00","author":{"@id":"https:\/\/quehacerpolitico.mx\/#\/schema\/person\/496d8ad2d1d3f8036101dca7ee39e585"},"breadcrumb":{"@id":"https:\/\/quehacerpolitico.mx\/?p=120733#breadcrumb"},"inLanguage":"es","potentialAction":[{"@type":"ReadAction","target":["https:\/\/quehacerpolitico.mx\/?p=120733"]}]},{"@type":"ImageObject","inLanguage":"es","@id":"https:\/\/quehacerpolitico.mx\/?p=120733#primaryimage","url":"https:\/\/quehacerpolitico.mx\/wp-content\/uploads\/2025\/11\/IMG_5227.webp","contentUrl":"https:\/\/quehacerpolitico.mx\/wp-content\/uploads\/2025\/11\/IMG_5227.webp","width":1140,"height":750},{"@type":"BreadcrumbList","@id":"https:\/\/quehacerpolitico.mx\/?p=120733#breadcrumb","itemListElement":[{"@type":"ListItem","position":1,"name":"Inicio","item":"https:\/\/quehacerpolitico.mx\/"},{"@type":"ListItem","position":2,"name":"Autorretrato de Frida Kahlo &#8216;El sue\u00f1o&#8217; alcanza precio millonario nunca antes visto"}]},{"@type":"WebSite","@id":"https:\/\/quehacerpolitico.mx\/#website","url":"https:\/\/quehacerpolitico.mx\/","name":"","description":"","potentialAction":[{"@type":"SearchAction","target":{"@type":"EntryPoint","urlTemplate":"https:\/\/quehacerpolitico.mx\/?s={search_term_string}"},"query-input":{"@type":"PropertyValueSpecification","valueRequired":true,"valueName":"search_term_string"}}],"inLanguage":"es"},{"@type":"Person","@id":"https:\/\/quehacerpolitico.mx\/#\/schema\/person\/496d8ad2d1d3f8036101dca7ee39e585","name":"Redacci\u00f3n QP","image":{"@type":"ImageObject","inLanguage":"es","@id":"https:\/\/secure.gravatar.com\/avatar\/c7164ed6fdec453195284ad24a5ae5b6e1eed2b848477fa2a4787ba9adf39a41?s=96&d=mm&r=g","url":"https:\/\/secure.gravatar.com\/avatar\/c7164ed6fdec453195284ad24a5ae5b6e1eed2b848477fa2a4787ba9adf39a41?s=96&d=mm&r=g","contentUrl":"https:\/\/secure.gravatar.com\/avatar\/c7164ed6fdec453195284ad24a5ae5b6e1eed2b848477fa2a4787ba9adf39a41?s=96&d=mm&r=g","caption":"Redacci\u00f3n QP"},"url":"https:\/\/quehacerpolitico.mx\/?author=2"}]}},"featured_image_urls":{"full":["https:\/\/quehacerpolitico.mx\/wp-content\/uploads\/2025\/11\/IMG_5227.webp",1140,750,false],"thumbnail":["https:\/\/quehacerpolitico.mx\/wp-content\/uploads\/2025\/11\/IMG_5227-150x150.webp",150,150,true],"medium":["https:\/\/quehacerpolitico.mx\/wp-content\/uploads\/2025\/11\/IMG_5227-300x197.webp",300,197,true],"medium_large":["https:\/\/quehacerpolitico.mx\/wp-content\/uploads\/2025\/11\/IMG_5227-768x505.webp",640,421,true],"large":["https:\/\/quehacerpolitico.mx\/wp-content\/uploads\/2025\/11\/IMG_5227-1024x674.webp",640,421,true],"1536x1536":["https:\/\/quehacerpolitico.mx\/wp-content\/uploads\/2025\/11\/IMG_5227.webp",1140,750,false],"2048x2048":["https:\/\/quehacerpolitico.mx\/wp-content\/uploads\/2025\/11\/IMG_5227.webp",1140,750,false],"covernews-featured":["https:\/\/quehacerpolitico.mx\/wp-content\/uploads\/2025\/11\/IMG_5227-1024x674.webp",1024,674,true],"covernews-medium":["https:\/\/quehacerpolitico.mx\/wp-content\/uploads\/2025\/11\/IMG_5227-540x340.webp",540,340,true]},"author_info":{"display_name":"Redacci\u00f3n QP","author_link":"https:\/\/quehacerpolitico.mx\/?author=2"},"category_info":"<a href=\"https:\/\/quehacerpolitico.mx\/?cat=58\" rel=\"category\">Cultura y Entretenimiento<\/a>","tag_info":"Cultura y Entretenimiento","comment_count":"0","_links":{"self":[{"href":"https:\/\/quehacerpolitico.mx\/index.php?rest_route=\/wp\/v2\/posts\/120733","targetHints":{"allow":["GET"]}}],"collection":[{"href":"https:\/\/quehacerpolitico.mx\/index.php?rest_route=\/wp\/v2\/posts"}],"about":[{"href":"https:\/\/quehacerpolitico.mx\/index.php?rest_route=\/wp\/v2\/types\/post"}],"author":[{"embeddable":true,"href":"https:\/\/quehacerpolitico.mx\/index.php?rest_route=\/wp\/v2\/users\/2"}],"replies":[{"embeddable":true,"href":"https:\/\/quehacerpolitico.mx\/index.php?rest_route=%2Fwp%2Fv2%2Fcomments&post=120733"}],"version-history":[{"count":1,"href":"https:\/\/quehacerpolitico.mx\/index.php?rest_route=\/wp\/v2\/posts\/120733\/revisions"}],"predecessor-version":[{"id":120735,"href":"https:\/\/quehacerpolitico.mx\/index.php?rest_route=\/wp\/v2\/posts\/120733\/revisions\/120735"}],"wp:featuredmedia":[{"embeddable":true,"href":"https:\/\/quehacerpolitico.mx\/index.php?rest_route=\/wp\/v2\/media\/120734"}],"wp:attachment":[{"href":"https:\/\/quehacerpolitico.mx\/index.php?rest_route=%2Fwp%2Fv2%2Fmedia&parent=120733"}],"wp:term":[{"taxonomy":"category","embeddable":true,"href":"https:\/\/quehacerpolitico.mx\/index.php?rest_route=%2Fwp%2Fv2%2Fcategories&post=120733"},{"taxonomy":"post_tag","embeddable":true,"href":"https:\/\/quehacerpolitico.mx\/index.php?rest_route=%2Fwp%2Fv2%2Ftags&post=120733"}],"curies":[{"name":"wp","href":"https:\/\/api.w.org\/{rel}","templated":true}]}}