{"id":120709,"date":"2025-11-19T20:10:26","date_gmt":"2025-11-20T02:10:26","guid":{"rendered":"https:\/\/quehacerpolitico.mx\/?p=120709"},"modified":"2025-11-19T20:10:44","modified_gmt":"2025-11-20T02:10:44","slug":"segunda-marcha-generacion-z-en-cdmx-ruta-horario-y-alternativas-viales","status":"publish","type":"post","link":"https:\/\/quehacerpolitico.mx\/?p=120709","title":{"rendered":"Segunda Marcha Generaci\u00f3n Z en CDMX: Ruta, horario y alternativas viales"},"content":{"rendered":"\n<p>Por Redacci\u00f3n QP<\/p>\n\n\n\n<p>El jueves 20 de noviembre se llevar\u00e1 a cabo en la Ciudad de M\u00e9xico la segunda marcha convocada por el grupo autodenominado \u201cGeneraci\u00f3n Z\u201d<\/p>\n\n\n\n<p>A trav\u00e9s de sus redes sociales, el colectivo autodenominado &#8220;Generaci\u00f3n Z&#8221; convoc\u00f3 una segunda marcha para el d\u00eda de ma\u00f1ana, jueves 20 de noviembre, en la Ciudad de M\u00e9xico (CDMX), misma fecha en la que tambi\u00e9n se desarrollar\u00e1 en la capital el desfile c\u00edvico-militar para conmemorar el inicio de la lucha por la Revoluci\u00f3n Mexicana. Conoce aqu\u00ed las rutas y los horarios.<\/p>\n\n\n\n<h2 class=\"wp-block-heading\">\u00bfA qu\u00e9 hora es la segunda marcha de la &#8220;Generaci\u00f3n Z&#8221; y cu\u00e1l es su ruta?<\/h2>\n\n\n\n<p><mark><strong>La nueva marcha tendr\u00e1 el mismo horario y la misma ruta que la movilizaci\u00f3n anterior, llevada a cabo el s\u00e1bado 15 de noviembre.&nbsp;<\/strong><\/mark>De este modo, los manifestantes saldr\u00e1n a las 11:00 horas desde el \u00c1ngel de la Independencia para avanzar sobre Paseo de la Reforma hasta avenida Ju\u00e1rez, luego adelantar\u00e1n un peque\u00f1o tramo por el Eje Central L\u00e1zaro C\u00e1rdenas y finalmente 5 de Mayo hasta llegar al Z\u00f3calo.<\/p>\n\n\n\n<h2 class=\"wp-block-heading\">Alternativas viales<\/h2>\n\n\n\n<p>Las alternativas viales por la manifestaci\u00f3n de la Generaci\u00f3n Z del pasado s\u00e1bado 15 de noviembre, dadas a conocer por la Unidad de Orientaci\u00f3n Vial de la Secretar\u00eda de Seguridad Ciudadana fueron:<\/p>\n\n\n\n<ul class=\"wp-block-list\">\n<li>Para los automovilistas que busquen desplazarse de norte a sur se recomienda usar el Circuito Interior.<\/li>\n\n\n\n<li>La alternativa para moverse de poniente a oriente de la capital es el Eje 1 Norte Jos\u00e9 Antonio Alzate.<\/li>\n\n\n\n<li>Quienes busquen trasladarse de norte a sur al oriente de la ciudad pueden usar el Eje 1 Oriente Circunvalaci\u00f3n.<\/li>\n\n\n\n<li>La opci\u00f3n al sur para los automovilistas que se trasladen de oriente a poniente, y viceversa, es la avenida Chapultepec y Jos\u00e9 Mar\u00eda Izazaga.<\/li>\n<\/ul>\n\n\n\n<p>Adem\u00e1s, se convoc\u00f3 a otra manifestaci\u00f3n a las 9:00 horas del 20 de noviembre en la UNAM, sin dar m\u00e1s detalles del lugar exacto.<\/p>\n\n\n\n<h2 class=\"wp-block-heading\">\u00bfA qu\u00e9 hora ser\u00e1 el desfile c\u00edvico-militar?<\/h2>\n\n\n\n<p><mark><strong>Cabe se\u00f1alar que la ma\u00f1ana del jueves tambi\u00e9n se realizar\u00e1 el desfile c\u00edvico-militar por el 115 aniversario del inicio de la Revoluci\u00f3n Mexicana, el cual saldr\u00e1 del Z\u00f3calo capitalino a las 10 de la ma\u00f1ana.<\/strong><\/mark><\/p>\n\n\n\n<p>La ruta del desfile fue modificada este a\u00f1o, ya que partir\u00e1 del Circuito Z\u00f3calo para tomar avenida 5 de Mayo, el Eje Central L\u00e1zaro C\u00e1rdenas, posteriormente avenida Ju\u00e1rez y al final Avenida de la Rep\u00fablica, para culminar en el Monumento a la Revoluci\u00f3n.<\/p>\n\n\n\n<p>Con informaci\u00f3n de SUN<\/p>\n","protected":false},"excerpt":{"rendered":"<p>Por Redacci\u00f3n QP El jueves 20 de noviembre se llevar\u00e1 a cabo en la Ciudad&#8230;<\/p>\n","protected":false},"author":2,"featured_media":120710,"comment_status":"open","ping_status":"open","sticky":false,"template":"","format":"standard","meta":{"_monsterinsights_skip_tracking":false,"_monsterinsights_sitenote_active":false,"_monsterinsights_sitenote_note":"","_monsterinsights_sitenote_category":0,"footnotes":""},"categories":[55],"tags":[],"class_list":["post-120709","post","type-post","status-publish","format-standard","has-post-thumbnail","hentry","category-cdmx"],"yoast_head":"<!-- This site is optimized with the Yoast SEO plugin v27.3 - https:\/\/yoast.com\/product\/yoast-seo-wordpress\/ -->\n<title>Segunda Marcha Generaci\u00f3n Z en CDMX: Ruta, horario y alternativas viales -<\/title>\n<meta name=\"robots\" content=\"index, follow, max-snippet:-1, max-image-preview:large, max-video-preview:-1\" \/>\n<link rel=\"canonical\" href=\"https:\/\/quehacerpolitico.mx\/?p=120709\" \/>\n<meta property=\"og:locale\" content=\"es_MX\" \/>\n<meta property=\"og:type\" content=\"article\" \/>\n<meta property=\"og:title\" content=\"Segunda Marcha Generaci\u00f3n Z en CDMX: Ruta, horario y alternativas viales -\" \/>\n<meta property=\"og:description\" content=\"Por Redacci\u00f3n QP El jueves 20 de noviembre se llevar\u00e1 a cabo en la Ciudad...\" \/>\n<meta property=\"og:url\" content=\"https:\/\/quehacerpolitico.mx\/?p=120709\" \/>\n<meta property=\"article:published_time\" content=\"2025-11-20T02:10:26+00:00\" \/>\n<meta property=\"article:modified_time\" content=\"2025-11-20T02:10:44+00:00\" \/>\n<meta property=\"og:image\" content=\"http:\/\/quehacerpolitico.mx\/wp-content\/uploads\/2025\/11\/IMG_5199.png\" \/>\n\t<meta property=\"og:image:width\" content=\"768\" \/>\n\t<meta property=\"og:image:height\" content=\"473\" \/>\n\t<meta property=\"og:image:type\" content=\"image\/png\" \/>\n<meta name=\"author\" content=\"Redacci\u00f3n QP\" \/>\n<meta name=\"twitter:card\" content=\"summary_large_image\" \/>\n<meta name=\"twitter:label1\" content=\"Escrito por\" \/>\n\t<meta name=\"twitter:data1\" content=\"Redacci\u00f3n QP\" \/>\n\t<meta name=\"twitter:label2\" content=\"Tiempo de lectura\" \/>\n\t<meta name=\"twitter:data2\" content=\"3 minutos\" \/>\n<script type=\"application\/ld+json\" class=\"yoast-schema-graph\">{\"@context\":\"https:\\\/\\\/schema.org\",\"@graph\":[{\"@type\":\"Article\",\"@id\":\"https:\\\/\\\/quehacerpolitico.mx\\\/?p=120709#article\",\"isPartOf\":{\"@id\":\"https:\\\/\\\/quehacerpolitico.mx\\\/?p=120709\"},\"author\":{\"name\":\"Redacci\u00f3n QP\",\"@id\":\"https:\\\/\\\/quehacerpolitico.mx\\\/#\\\/schema\\\/person\\\/496d8ad2d1d3f8036101dca7ee39e585\"},\"headline\":\"Segunda Marcha Generaci\u00f3n Z en CDMX: Ruta, horario y alternativas viales\",\"datePublished\":\"2025-11-20T02:10:26+00:00\",\"dateModified\":\"2025-11-20T02:10:44+00:00\",\"mainEntityOfPage\":{\"@id\":\"https:\\\/\\\/quehacerpolitico.mx\\\/?p=120709\"},\"wordCount\":448,\"commentCount\":0,\"image\":{\"@id\":\"https:\\\/\\\/quehacerpolitico.mx\\\/?p=120709#primaryimage\"},\"thumbnailUrl\":\"https:\\\/\\\/quehacerpolitico.mx\\\/wp-content\\\/uploads\\\/2025\\\/11\\\/IMG_5199.png\",\"articleSection\":[\"CDMX\"],\"inLanguage\":\"es\",\"potentialAction\":[{\"@type\":\"CommentAction\",\"name\":\"Comment\",\"target\":[\"https:\\\/\\\/quehacerpolitico.mx\\\/?p=120709#respond\"]}]},{\"@type\":\"WebPage\",\"@id\":\"https:\\\/\\\/quehacerpolitico.mx\\\/?p=120709\",\"url\":\"https:\\\/\\\/quehacerpolitico.mx\\\/?p=120709\",\"name\":\"Segunda Marcha Generaci\u00f3n Z en CDMX: Ruta, horario y alternativas viales -\",\"isPartOf\":{\"@id\":\"https:\\\/\\\/quehacerpolitico.mx\\\/#website\"},\"primaryImageOfPage\":{\"@id\":\"https:\\\/\\\/quehacerpolitico.mx\\\/?p=120709#primaryimage\"},\"image\":{\"@id\":\"https:\\\/\\\/quehacerpolitico.mx\\\/?p=120709#primaryimage\"},\"thumbnailUrl\":\"https:\\\/\\\/quehacerpolitico.mx\\\/wp-content\\\/uploads\\\/2025\\\/11\\\/IMG_5199.png\",\"datePublished\":\"2025-11-20T02:10:26+00:00\",\"dateModified\":\"2025-11-20T02:10:44+00:00\",\"author\":{\"@id\":\"https:\\\/\\\/quehacerpolitico.mx\\\/#\\\/schema\\\/person\\\/496d8ad2d1d3f8036101dca7ee39e585\"},\"breadcrumb\":{\"@id\":\"https:\\\/\\\/quehacerpolitico.mx\\\/?p=120709#breadcrumb\"},\"inLanguage\":\"es\",\"potentialAction\":[{\"@type\":\"ReadAction\",\"target\":[\"https:\\\/\\\/quehacerpolitico.mx\\\/?p=120709\"]}]},{\"@type\":\"ImageObject\",\"inLanguage\":\"es\",\"@id\":\"https:\\\/\\\/quehacerpolitico.mx\\\/?p=120709#primaryimage\",\"url\":\"https:\\\/\\\/quehacerpolitico.mx\\\/wp-content\\\/uploads\\\/2025\\\/11\\\/IMG_5199.png\",\"contentUrl\":\"https:\\\/\\\/quehacerpolitico.mx\\\/wp-content\\\/uploads\\\/2025\\\/11\\\/IMG_5199.png\",\"width\":768,\"height\":473},{\"@type\":\"BreadcrumbList\",\"@id\":\"https:\\\/\\\/quehacerpolitico.mx\\\/?p=120709#breadcrumb\",\"itemListElement\":[{\"@type\":\"ListItem\",\"position\":1,\"name\":\"Inicio\",\"item\":\"https:\\\/\\\/quehacerpolitico.mx\\\/\"},{\"@type\":\"ListItem\",\"position\":2,\"name\":\"Segunda Marcha Generaci\u00f3n Z en CDMX: Ruta, horario y alternativas viales\"}]},{\"@type\":\"WebSite\",\"@id\":\"https:\\\/\\\/quehacerpolitico.mx\\\/#website\",\"url\":\"https:\\\/\\\/quehacerpolitico.mx\\\/\",\"name\":\"\",\"description\":\"\",\"potentialAction\":[{\"@type\":\"SearchAction\",\"target\":{\"@type\":\"EntryPoint\",\"urlTemplate\":\"https:\\\/\\\/quehacerpolitico.mx\\\/?s={search_term_string}\"},\"query-input\":{\"@type\":\"PropertyValueSpecification\",\"valueRequired\":true,\"valueName\":\"search_term_string\"}}],\"inLanguage\":\"es\"},{\"@type\":\"Person\",\"@id\":\"https:\\\/\\\/quehacerpolitico.mx\\\/#\\\/schema\\\/person\\\/496d8ad2d1d3f8036101dca7ee39e585\",\"name\":\"Redacci\u00f3n QP\",\"image\":{\"@type\":\"ImageObject\",\"inLanguage\":\"es\",\"@id\":\"https:\\\/\\\/secure.gravatar.com\\\/avatar\\\/c7164ed6fdec453195284ad24a5ae5b6e1eed2b848477fa2a4787ba9adf39a41?s=96&d=mm&r=g\",\"url\":\"https:\\\/\\\/secure.gravatar.com\\\/avatar\\\/c7164ed6fdec453195284ad24a5ae5b6e1eed2b848477fa2a4787ba9adf39a41?s=96&d=mm&r=g\",\"contentUrl\":\"https:\\\/\\\/secure.gravatar.com\\\/avatar\\\/c7164ed6fdec453195284ad24a5ae5b6e1eed2b848477fa2a4787ba9adf39a41?s=96&d=mm&r=g\",\"caption\":\"Redacci\u00f3n QP\"},\"url\":\"https:\\\/\\\/quehacerpolitico.mx\\\/?author=2\"}]}<\/script>\n<!-- \/ Yoast SEO plugin. -->","yoast_head_json":{"title":"Segunda Marcha Generaci\u00f3n Z en CDMX: Ruta, horario y alternativas viales -","robots":{"index":"index","follow":"follow","max-snippet":"max-snippet:-1","max-image-preview":"max-image-preview:large","max-video-preview":"max-video-preview:-1"},"canonical":"https:\/\/quehacerpolitico.mx\/?p=120709","og_locale":"es_MX","og_type":"article","og_title":"Segunda Marcha Generaci\u00f3n Z en CDMX: Ruta, horario y alternativas viales -","og_description":"Por Redacci\u00f3n QP El jueves 20 de noviembre se llevar\u00e1 a cabo en la Ciudad...","og_url":"https:\/\/quehacerpolitico.mx\/?p=120709","article_published_time":"2025-11-20T02:10:26+00:00","article_modified_time":"2025-11-20T02:10:44+00:00","og_image":[{"width":768,"height":473,"url":"http:\/\/quehacerpolitico.mx\/wp-content\/uploads\/2025\/11\/IMG_5199.png","type":"image\/png"}],"author":"Redacci\u00f3n QP","twitter_card":"summary_large_image","twitter_misc":{"Escrito por":"Redacci\u00f3n QP","Tiempo de lectura":"3 minutos"},"schema":{"@context":"https:\/\/schema.org","@graph":[{"@type":"Article","@id":"https:\/\/quehacerpolitico.mx\/?p=120709#article","isPartOf":{"@id":"https:\/\/quehacerpolitico.mx\/?p=120709"},"author":{"name":"Redacci\u00f3n QP","@id":"https:\/\/quehacerpolitico.mx\/#\/schema\/person\/496d8ad2d1d3f8036101dca7ee39e585"},"headline":"Segunda Marcha Generaci\u00f3n Z en CDMX: Ruta, horario y alternativas viales","datePublished":"2025-11-20T02:10:26+00:00","dateModified":"2025-11-20T02:10:44+00:00","mainEntityOfPage":{"@id":"https:\/\/quehacerpolitico.mx\/?p=120709"},"wordCount":448,"commentCount":0,"image":{"@id":"https:\/\/quehacerpolitico.mx\/?p=120709#primaryimage"},"thumbnailUrl":"https:\/\/quehacerpolitico.mx\/wp-content\/uploads\/2025\/11\/IMG_5199.png","articleSection":["CDMX"],"inLanguage":"es","potentialAction":[{"@type":"CommentAction","name":"Comment","target":["https:\/\/quehacerpolitico.mx\/?p=120709#respond"]}]},{"@type":"WebPage","@id":"https:\/\/quehacerpolitico.mx\/?p=120709","url":"https:\/\/quehacerpolitico.mx\/?p=120709","name":"Segunda Marcha Generaci\u00f3n Z en CDMX: Ruta, horario y alternativas viales -","isPartOf":{"@id":"https:\/\/quehacerpolitico.mx\/#website"},"primaryImageOfPage":{"@id":"https:\/\/quehacerpolitico.mx\/?p=120709#primaryimage"},"image":{"@id":"https:\/\/quehacerpolitico.mx\/?p=120709#primaryimage"},"thumbnailUrl":"https:\/\/quehacerpolitico.mx\/wp-content\/uploads\/2025\/11\/IMG_5199.png","datePublished":"2025-11-20T02:10:26+00:00","dateModified":"2025-11-20T02:10:44+00:00","author":{"@id":"https:\/\/quehacerpolitico.mx\/#\/schema\/person\/496d8ad2d1d3f8036101dca7ee39e585"},"breadcrumb":{"@id":"https:\/\/quehacerpolitico.mx\/?p=120709#breadcrumb"},"inLanguage":"es","potentialAction":[{"@type":"ReadAction","target":["https:\/\/quehacerpolitico.mx\/?p=120709"]}]},{"@type":"ImageObject","inLanguage":"es","@id":"https:\/\/quehacerpolitico.mx\/?p=120709#primaryimage","url":"https:\/\/quehacerpolitico.mx\/wp-content\/uploads\/2025\/11\/IMG_5199.png","contentUrl":"https:\/\/quehacerpolitico.mx\/wp-content\/uploads\/2025\/11\/IMG_5199.png","width":768,"height":473},{"@type":"BreadcrumbList","@id":"https:\/\/quehacerpolitico.mx\/?p=120709#breadcrumb","itemListElement":[{"@type":"ListItem","position":1,"name":"Inicio","item":"https:\/\/quehacerpolitico.mx\/"},{"@type":"ListItem","position":2,"name":"Segunda Marcha Generaci\u00f3n Z en CDMX: Ruta, horario y alternativas viales"}]},{"@type":"WebSite","@id":"https:\/\/quehacerpolitico.mx\/#website","url":"https:\/\/quehacerpolitico.mx\/","name":"","description":"","potentialAction":[{"@type":"SearchAction","target":{"@type":"EntryPoint","urlTemplate":"https:\/\/quehacerpolitico.mx\/?s={search_term_string}"},"query-input":{"@type":"PropertyValueSpecification","valueRequired":true,"valueName":"search_term_string"}}],"inLanguage":"es"},{"@type":"Person","@id":"https:\/\/quehacerpolitico.mx\/#\/schema\/person\/496d8ad2d1d3f8036101dca7ee39e585","name":"Redacci\u00f3n QP","image":{"@type":"ImageObject","inLanguage":"es","@id":"https:\/\/secure.gravatar.com\/avatar\/c7164ed6fdec453195284ad24a5ae5b6e1eed2b848477fa2a4787ba9adf39a41?s=96&d=mm&r=g","url":"https:\/\/secure.gravatar.com\/avatar\/c7164ed6fdec453195284ad24a5ae5b6e1eed2b848477fa2a4787ba9adf39a41?s=96&d=mm&r=g","contentUrl":"https:\/\/secure.gravatar.com\/avatar\/c7164ed6fdec453195284ad24a5ae5b6e1eed2b848477fa2a4787ba9adf39a41?s=96&d=mm&r=g","caption":"Redacci\u00f3n QP"},"url":"https:\/\/quehacerpolitico.mx\/?author=2"}]}},"featured_image_urls":{"full":["https:\/\/quehacerpolitico.mx\/wp-content\/uploads\/2025\/11\/IMG_5199.png",768,473,false],"thumbnail":["https:\/\/quehacerpolitico.mx\/wp-content\/uploads\/2025\/11\/IMG_5199-150x150.png",150,150,true],"medium":["https:\/\/quehacerpolitico.mx\/wp-content\/uploads\/2025\/11\/IMG_5199-300x185.png",300,185,true],"medium_large":["https:\/\/quehacerpolitico.mx\/wp-content\/uploads\/2025\/11\/IMG_5199.png",640,394,false],"large":["https:\/\/quehacerpolitico.mx\/wp-content\/uploads\/2025\/11\/IMG_5199.png",640,394,false],"1536x1536":["https:\/\/quehacerpolitico.mx\/wp-content\/uploads\/2025\/11\/IMG_5199.png",768,473,false],"2048x2048":["https:\/\/quehacerpolitico.mx\/wp-content\/uploads\/2025\/11\/IMG_5199.png",768,473,false],"covernews-featured":["https:\/\/quehacerpolitico.mx\/wp-content\/uploads\/2025\/11\/IMG_5199.png",768,473,false],"covernews-medium":["https:\/\/quehacerpolitico.mx\/wp-content\/uploads\/2025\/11\/IMG_5199-540x340.png",540,340,true]},"author_info":{"display_name":"Redacci\u00f3n QP","author_link":"https:\/\/quehacerpolitico.mx\/?author=2"},"category_info":"<a href=\"https:\/\/quehacerpolitico.mx\/?cat=55\" rel=\"category\">CDMX<\/a>","tag_info":"CDMX","comment_count":"0","_links":{"self":[{"href":"https:\/\/quehacerpolitico.mx\/index.php?rest_route=\/wp\/v2\/posts\/120709","targetHints":{"allow":["GET"]}}],"collection":[{"href":"https:\/\/quehacerpolitico.mx\/index.php?rest_route=\/wp\/v2\/posts"}],"about":[{"href":"https:\/\/quehacerpolitico.mx\/index.php?rest_route=\/wp\/v2\/types\/post"}],"author":[{"embeddable":true,"href":"https:\/\/quehacerpolitico.mx\/index.php?rest_route=\/wp\/v2\/users\/2"}],"replies":[{"embeddable":true,"href":"https:\/\/quehacerpolitico.mx\/index.php?rest_route=%2Fwp%2Fv2%2Fcomments&post=120709"}],"version-history":[{"count":1,"href":"https:\/\/quehacerpolitico.mx\/index.php?rest_route=\/wp\/v2\/posts\/120709\/revisions"}],"predecessor-version":[{"id":120711,"href":"https:\/\/quehacerpolitico.mx\/index.php?rest_route=\/wp\/v2\/posts\/120709\/revisions\/120711"}],"wp:featuredmedia":[{"embeddable":true,"href":"https:\/\/quehacerpolitico.mx\/index.php?rest_route=\/wp\/v2\/media\/120710"}],"wp:attachment":[{"href":"https:\/\/quehacerpolitico.mx\/index.php?rest_route=%2Fwp%2Fv2%2Fmedia&parent=120709"}],"wp:term":[{"taxonomy":"category","embeddable":true,"href":"https:\/\/quehacerpolitico.mx\/index.php?rest_route=%2Fwp%2Fv2%2Fcategories&post=120709"},{"taxonomy":"post_tag","embeddable":true,"href":"https:\/\/quehacerpolitico.mx\/index.php?rest_route=%2Fwp%2Fv2%2Ftags&post=120709"}],"curies":[{"name":"wp","href":"https:\/\/api.w.org\/{rel}","templated":true}]}}