{"id":120695,"date":"2025-11-19T19:46:15","date_gmt":"2025-11-20T01:46:15","guid":{"rendered":"https:\/\/quehacerpolitico.mx\/?p=120695"},"modified":"2025-11-19T19:46:21","modified_gmt":"2025-11-20T01:46:21","slug":"yoltlajtoli-voces-vivas-celebracion-de-la-enorme-riqueza-cultural-y-linguistica-de-mexico","status":"publish","type":"post","link":"https:\/\/quehacerpolitico.mx\/?p=120695","title":{"rendered":"\u201cYOLTLAJTOLI \u2013 VOCES VIVAS\u201d, CELEBRACI\u00d3N DE LA ENORME RIQUEZA CULTURAL Y LING\u00dc\u00cdSTICA DE M\u00c9XICO"},"content":{"rendered":"\n<p>Por Redacci\u00f3n QP<\/p>\n\n\n\n<ul class=\"wp-block-list\">\n<li>Provenientes de 26 entidades del pa\u00eds, 1,500 ni\u00f1as y ni\u00f1os afinan detalles para su presentaci\u00f3n en el Z\u00f3calo capitalino el pr\u00f3ximo domingo 22 de noviembre a las 17:30 h<\/li>\n\n\n\n<li>Se celebra la diversidad ling\u00fc\u00edstica de M\u00e9xico con participantes hablantes de lenguas ind\u00edgenas pertenecientes a pueblos como el amuzgo (Nn\u2019anncue), chichimeco jonaz (Uz\u00e1), mazahua (J\u00f1atrjo), mixteco (Na Savi\/\u00d1uu Saavi), nahua, otom\u00ed, popoluca de la Sierra, tarahumara (Rar\u00e1muri\/Ralamuli), tepehuano del norte (O\u2019dame), tepehuano del sur (O\u2019dam) y tlapaneco (Me\u2019phaa)<\/li>\n\n\n\n<li>El programa Cultura Comunitaria se ha fortalecido con la alianza entre la Secretar\u00eda de Cultura del Gobierno de M\u00e9xico, el INPI, el Gobierno de la Ciudad de M\u00e9xico, con apoyo del IMSS y el IMSS &#8211; Bienestar<\/li>\n<\/ul>\n\n\n\n<p>Rumbo a la presentaci\u00f3n del pr\u00f3ximo domingo 22 de noviembre de 2025, se lleva a cabo el campamento de la Fiesta de las Culturas Comunitarias \u201cYoltlajtoli \u2013 Voces Vivas\u201d, el cual re\u00fane, en el Centro Vacacional IMSS Oaxtepec, en Morelos, a m\u00e1s de 1,500 ni\u00f1as, ni\u00f1os y j\u00f3venes de 26 entidades del pa\u00eds \u2013incluidas agrupaciones comunitarias del Sistema Nacional de Fomento Musical (SNFM), coros y orquestas comunitarias de Faros, Utop\u00edas y Puntos de Innovaci\u00f3n, Libertad, Arte, Educaci\u00f3n y Saberes (PILARES), y los Cuicallis: Casas de canto y poes\u00eda de la ni\u00f1ez ind\u00edgena del Instituto Nacional de Pueblos Ind\u00edgenas (INPI), para conformar un contingente de m\u00e1s de mil quinientas personas, infancias y juventudes\u2013.<\/p>\n\n\n\n<figure class=\"wp-block-gallery has-nested-images columns-default is-cropped wp-block-gallery-1 is-layout-flex wp-block-gallery-is-layout-flex\">\n<figure class=\"wp-block-image size-large\"><img loading=\"lazy\" decoding=\"async\" width=\"1024\" height=\"682\" data-id=\"120696\" src=\"https:\/\/quehacerpolitico.mx\/wp-content\/uploads\/2025\/11\/IMG_5189-1024x682.jpeg\" alt=\"\" class=\"wp-image-120696\" srcset=\"https:\/\/quehacerpolitico.mx\/wp-content\/uploads\/2025\/11\/IMG_5189-1024x682.jpeg 1024w, https:\/\/quehacerpolitico.mx\/wp-content\/uploads\/2025\/11\/IMG_5189-300x200.jpeg 300w, https:\/\/quehacerpolitico.mx\/wp-content\/uploads\/2025\/11\/IMG_5189-768x511.jpeg 768w, https:\/\/quehacerpolitico.mx\/wp-content\/uploads\/2025\/11\/IMG_5189.jpeg 1080w\" sizes=\"auto, (max-width: 1024px) 100vw, 1024px\" \/><\/figure>\n\n\n\n<figure class=\"wp-block-image size-large\"><img loading=\"lazy\" decoding=\"async\" width=\"1024\" height=\"682\" data-id=\"120697\" src=\"https:\/\/quehacerpolitico.mx\/wp-content\/uploads\/2025\/11\/IMG_5190-1024x682.jpeg\" alt=\"\" class=\"wp-image-120697\" srcset=\"https:\/\/quehacerpolitico.mx\/wp-content\/uploads\/2025\/11\/IMG_5190-1024x682.jpeg 1024w, https:\/\/quehacerpolitico.mx\/wp-content\/uploads\/2025\/11\/IMG_5190-300x200.jpeg 300w, https:\/\/quehacerpolitico.mx\/wp-content\/uploads\/2025\/11\/IMG_5190-768x511.jpeg 768w, https:\/\/quehacerpolitico.mx\/wp-content\/uploads\/2025\/11\/IMG_5190.jpeg 1080w\" sizes=\"auto, (max-width: 1024px) 100vw, 1024px\" \/><\/figure>\n\n\n\n<figure class=\"wp-block-image size-large\"><img loading=\"lazy\" decoding=\"async\" width=\"1024\" height=\"682\" data-id=\"120698\" src=\"https:\/\/quehacerpolitico.mx\/wp-content\/uploads\/2025\/11\/IMG_5191-1024x682.jpeg\" alt=\"\" class=\"wp-image-120698\" srcset=\"https:\/\/quehacerpolitico.mx\/wp-content\/uploads\/2025\/11\/IMG_5191-1024x682.jpeg 1024w, https:\/\/quehacerpolitico.mx\/wp-content\/uploads\/2025\/11\/IMG_5191-300x200.jpeg 300w, https:\/\/quehacerpolitico.mx\/wp-content\/uploads\/2025\/11\/IMG_5191-768x511.jpeg 768w, https:\/\/quehacerpolitico.mx\/wp-content\/uploads\/2025\/11\/IMG_5191.jpeg 1080w\" sizes=\"auto, (max-width: 1024px) 100vw, 1024px\" \/><\/figure>\n<\/figure>\n\n\n\n<p>Como parte de las actividades, las agrupaciones realizaron una muestra de la presentaci\u00f3n esc\u00e9nica que llegar\u00e1 el s\u00e1bado a las 17:30 h al coraz\u00f3n de M\u00e9xico. De manera previa el titular del SNFM, Roberto Renter\u00eda Yrene, afirm\u00f3 que \u201cYoltlajtoli \u2013 Voces Vivas\u201d pone en evidencia el crecimiento del programa Cultura Comunitaria, el cual se ha fortalecido con la alianza entre la Secretar\u00eda de Cultura del Gobierno de M\u00e9xico, el INPI, el Gobierno de la Ciudad de M\u00e9xico, con apoyo del IMSS y el IMSS &#8211; Bienestar.&nbsp;<\/p>\n\n\n\n<p>\u201cEste evento \u2013a trav\u00e9s de las voces de ni\u00f1as, ni\u00f1os, adolescentes y j\u00f3venes de todo el pa\u00eds, y especialmente de diversas comunidades ind\u00edgenas\u2013 celebrar\u00e1 la enorme riqueza cultural y, sobre todo, ling\u00fc\u00edstica de nuestro pa\u00eds. Es para nosotros un verdadero placer y orgullo tener la oportunidad de trabajar, a trav\u00e9s del programa Cultura Comunitaria, con estas comunidades en las que hemos podido acercarnos y nos han permitido trabajar de la mano y en coordinaci\u00f3n con ellos\u201d, afirm\u00f3 Renter\u00eda Yrene.<\/p>\n\n\n\n<p>Asimismo, destac\u00f3 la participaci\u00f3n del Coro Nacional Comunitario, integrado por los coros comunitarios impulsados por el SNFM, as\u00ed como por ni\u00f1as, ni\u00f1os y j\u00f3venes de los Comedores y Casas de la Ni\u00f1ez Ind\u00edgena del INPI, quienes hacen su debut en el Z\u00f3calo, de la misma forma que las m\u00e1s de 100 ni\u00f1as de la Banda Comunitaria Tradicional de Mujeres Ind\u00edgenas, integrada por m\u00fasicas de las orquestas, ensambles y bandas comunitarias de la Ciudad de M\u00e9xico, Chihuahua, Estado de M\u00e9xico, Michoac\u00e1n, Morelos, Oaxaca y Puebla, tambi\u00e9n coordinadas por el SNFM.<\/p>\n\n\n\n<figure class=\"wp-block-gallery has-nested-images columns-default is-cropped wp-block-gallery-2 is-layout-flex wp-block-gallery-is-layout-flex\">\n<figure class=\"wp-block-image size-large\"><img loading=\"lazy\" decoding=\"async\" width=\"1024\" height=\"682\" data-id=\"120700\" src=\"https:\/\/quehacerpolitico.mx\/wp-content\/uploads\/2025\/11\/IMG_5192-1024x682.jpeg\" alt=\"\" class=\"wp-image-120700\" srcset=\"https:\/\/quehacerpolitico.mx\/wp-content\/uploads\/2025\/11\/IMG_5192-1024x682.jpeg 1024w, https:\/\/quehacerpolitico.mx\/wp-content\/uploads\/2025\/11\/IMG_5192-300x200.jpeg 300w, https:\/\/quehacerpolitico.mx\/wp-content\/uploads\/2025\/11\/IMG_5192-768x511.jpeg 768w, https:\/\/quehacerpolitico.mx\/wp-content\/uploads\/2025\/11\/IMG_5192.jpeg 1080w\" sizes=\"auto, (max-width: 1024px) 100vw, 1024px\" \/><\/figure>\n\n\n\n<figure class=\"wp-block-image size-large\"><img loading=\"lazy\" decoding=\"async\" width=\"1024\" height=\"682\" data-id=\"120701\" src=\"https:\/\/quehacerpolitico.mx\/wp-content\/uploads\/2025\/11\/IMG_5193-1024x682.jpeg\" alt=\"\" class=\"wp-image-120701\" srcset=\"https:\/\/quehacerpolitico.mx\/wp-content\/uploads\/2025\/11\/IMG_5193-1024x682.jpeg 1024w, https:\/\/quehacerpolitico.mx\/wp-content\/uploads\/2025\/11\/IMG_5193-300x200.jpeg 300w, https:\/\/quehacerpolitico.mx\/wp-content\/uploads\/2025\/11\/IMG_5193-768x511.jpeg 768w, https:\/\/quehacerpolitico.mx\/wp-content\/uploads\/2025\/11\/IMG_5193.jpeg 1080w\" sizes=\"auto, (max-width: 1024px) 100vw, 1024px\" \/><\/figure>\n\n\n\n<figure class=\"wp-block-image size-large\"><img loading=\"lazy\" decoding=\"async\" width=\"1024\" height=\"682\" data-id=\"120702\" src=\"https:\/\/quehacerpolitico.mx\/wp-content\/uploads\/2025\/11\/IMG_5194-1024x682.jpeg\" alt=\"\" class=\"wp-image-120702\" srcset=\"https:\/\/quehacerpolitico.mx\/wp-content\/uploads\/2025\/11\/IMG_5194-1024x682.jpeg 1024w, https:\/\/quehacerpolitico.mx\/wp-content\/uploads\/2025\/11\/IMG_5194-300x200.jpeg 300w, https:\/\/quehacerpolitico.mx\/wp-content\/uploads\/2025\/11\/IMG_5194-768x511.jpeg 768w, https:\/\/quehacerpolitico.mx\/wp-content\/uploads\/2025\/11\/IMG_5194.jpeg 1080w\" sizes=\"auto, (max-width: 1024px) 100vw, 1024px\" \/><\/figure>\n<\/figure>\n\n\n\n<p>Acompa\u00f1ado de la directora de Promoci\u00f3n, Formaci\u00f3n y Desarrollo de la Direcci\u00f3n General de Vinculaci\u00f3n Cultural, Yesenia Ram\u00edrez Rafael, en representaci\u00f3n del director general de la Direcci\u00f3n General de Vinculaci\u00f3n Cultural, Diego Ra\u00fal Mart\u00ednez Garc\u00eda; la directora esc\u00e9nica, Jesusa Rodr\u00edguez, as\u00ed como de ni\u00f1as, ni\u00f1os y j\u00f3venes, destac\u00f3 la sinergia que se tiene con el INPI para impulsar en los Cuicallis el modelo del programa Cultura Comunitaria, y con el Gobierno de la Ciudad de M\u00e9xico, a trav\u00e9s de sus agrupaciones emblem\u00e1ticas, para ensamblar la agrupaci\u00f3n que se prepara para el evento, en el que se escuchar\u00e1n 25 lenguas ind\u00edgenas distintas.&nbsp;<\/p>\n\n\n\n<p>En su oportunidad, Yesenia Ram\u00edrez Rafael destac\u00f3 que a trav\u00e9s de sus lenguas y tradiciones, las y los artistas: \u201cnos hacen part\u00edcipes a todos nosotros, de su orgullo, nos comparten el coraz\u00f3n, la emoci\u00f3n, el alma de lo que viven en sus comunidades. Su orgullo por las lenguas, que nos lo dejar\u00e1n en claro en el mensaje que nos van a dar a nivel nacional\u201d.&nbsp;<\/p>\n\n\n\n<p>A su vez, Jesusa Rodr\u00edguez coment\u00f3: \u201cSer\u00e1 una fiesta de m\u00fasica y poes\u00eda, que tiene como distintivo que todos los poemas, frases, palabras, textos fueron escritos por estas maravillas que est\u00e1n aqu\u00ed, de los Cuicallis; es decir, la ni\u00f1ez ind\u00edgena nos va a expresar lo que le quiere decir al mundo y al universo, porque desde el Z\u00f3calo, que es el coraz\u00f3n de M\u00e9xico, vamos a escuchar no solamente en 25 lenguas sino en cientos de corazones lo que est\u00e1n pensando en los Cuicallis, y la ni\u00f1ez ind\u00edgena mexicana en este momento tan luminoso de nuestro pa\u00eds\u201d.<\/p>\n\n\n\n<figure class=\"wp-block-gallery has-nested-images columns-default is-cropped wp-block-gallery-3 is-layout-flex wp-block-gallery-is-layout-flex\">\n<figure class=\"wp-block-image size-large\"><img loading=\"lazy\" decoding=\"async\" width=\"1024\" height=\"682\" data-id=\"120703\" src=\"https:\/\/quehacerpolitico.mx\/wp-content\/uploads\/2025\/11\/IMG_5195-1024x682.jpeg\" alt=\"\" class=\"wp-image-120703\" srcset=\"https:\/\/quehacerpolitico.mx\/wp-content\/uploads\/2025\/11\/IMG_5195-1024x682.jpeg 1024w, https:\/\/quehacerpolitico.mx\/wp-content\/uploads\/2025\/11\/IMG_5195-300x200.jpeg 300w, https:\/\/quehacerpolitico.mx\/wp-content\/uploads\/2025\/11\/IMG_5195-768x511.jpeg 768w, https:\/\/quehacerpolitico.mx\/wp-content\/uploads\/2025\/11\/IMG_5195.jpeg 1080w\" sizes=\"auto, (max-width: 1024px) 100vw, 1024px\" \/><\/figure>\n\n\n\n<figure class=\"wp-block-image size-large\"><img loading=\"lazy\" decoding=\"async\" width=\"1024\" height=\"682\" data-id=\"120704\" src=\"https:\/\/quehacerpolitico.mx\/wp-content\/uploads\/2025\/11\/IMG_5196-1024x682.jpeg\" alt=\"\" class=\"wp-image-120704\" srcset=\"https:\/\/quehacerpolitico.mx\/wp-content\/uploads\/2025\/11\/IMG_5196-1024x682.jpeg 1024w, https:\/\/quehacerpolitico.mx\/wp-content\/uploads\/2025\/11\/IMG_5196-300x200.jpeg 300w, https:\/\/quehacerpolitico.mx\/wp-content\/uploads\/2025\/11\/IMG_5196-768x511.jpeg 768w, https:\/\/quehacerpolitico.mx\/wp-content\/uploads\/2025\/11\/IMG_5196.jpeg 1080w\" sizes=\"auto, (max-width: 1024px) 100vw, 1024px\" \/><\/figure>\n\n\n\n<figure class=\"wp-block-image size-large\"><img loading=\"lazy\" decoding=\"async\" width=\"1024\" height=\"683\" data-id=\"120705\" src=\"https:\/\/quehacerpolitico.mx\/wp-content\/uploads\/2025\/11\/IMG_5197-1024x683.jpeg\" alt=\"\" class=\"wp-image-120705\" srcset=\"https:\/\/quehacerpolitico.mx\/wp-content\/uploads\/2025\/11\/IMG_5197-1024x683.jpeg 1024w, https:\/\/quehacerpolitico.mx\/wp-content\/uploads\/2025\/11\/IMG_5197-300x200.jpeg 300w, https:\/\/quehacerpolitico.mx\/wp-content\/uploads\/2025\/11\/IMG_5197-768x512.jpeg 768w, https:\/\/quehacerpolitico.mx\/wp-content\/uploads\/2025\/11\/IMG_5197.jpeg 1080w\" sizes=\"auto, (max-width: 1024px) 100vw, 1024px\" \/><\/figure>\n\n\n\n<figure class=\"wp-block-image size-large\"><img loading=\"lazy\" decoding=\"async\" width=\"1024\" height=\"683\" data-id=\"120706\" src=\"https:\/\/quehacerpolitico.mx\/wp-content\/uploads\/2025\/11\/IMG_5198-1024x683.jpeg\" alt=\"\" class=\"wp-image-120706\" srcset=\"https:\/\/quehacerpolitico.mx\/wp-content\/uploads\/2025\/11\/IMG_5198-1024x683.jpeg 1024w, https:\/\/quehacerpolitico.mx\/wp-content\/uploads\/2025\/11\/IMG_5198-300x200.jpeg 300w, https:\/\/quehacerpolitico.mx\/wp-content\/uploads\/2025\/11\/IMG_5198-768x512.jpeg 768w, https:\/\/quehacerpolitico.mx\/wp-content\/uploads\/2025\/11\/IMG_5198.jpeg 1080w\" sizes=\"auto, (max-width: 1024px) 100vw, 1024px\" \/><\/figure>\n<\/figure>\n\n\n\n<p>Agradeci\u00f3 el apoyo del poeta Mardonio Carballo para los textos, y de la artista y directora esc\u00e9nica Clarissa Malheiros; asimismo, destac\u00f3 el trabajo profesional de las infancias y juventudes, que han sorteado el desaf\u00edo de ensamblar una agrupaci\u00f3n tan grande: \u201cHan hecho muchas horas de trabajo, con gran disciplina, con retos grandes. Impresiona como los pueblos originarios de M\u00e9xico han resistido 500 a\u00f1os y ahora ese M\u00e9xico profundo se expresa con toda su fuerza y nada m\u00e1s hermoso que escuchar las voces, tanto cantadas como habladas, de las ni\u00f1as y los ni\u00f1os ind\u00edgenas\u201d.&nbsp;<\/p>\n\n\n\n<p>A su vez, en representaci\u00f3n del titular del INPI, Adelfo Regino, la directora de Patrimonio cultural, Guadalupe Barrientos, dijo: \u201cEstamos muy contentos de que los ni\u00f1os de los albergues ind\u00edgenas del Programa de Educaci\u00f3n Ind\u00edgena del INPI est\u00e9n presentes y compartan en esta experiencia sus culturas, lenguas y manera de vivir. Las culturas ind\u00edgenas de M\u00e9xico y el pueblo afromexicano son el coraz\u00f3n de este pa\u00eds, pero no siempre tenemos la oportunidad de que se escuche como ese coraz\u00f3n late, canta, baila y toca, es una gran oportunidad\u201d.&nbsp;<\/p>\n\n\n\n<p><strong>Ensayos y muestra art\u00edstica<\/strong><\/p>\n\n\n\n<p>Bajo el comp\u00e1s y ritmo de tambores y percusiones, las infancias y juventudes del Coro Nacional Comunitario, integrado por los Cuicallis \u2013coordinados por el INPI en conjunto con el SNFM\u2013, as\u00ed como por coreutas de los coros comunitarios del SNFM, compartieron su interpretaci\u00f3n de&nbsp;<em>Bolom chon<\/em>, una canci\u00f3n tradicional que las comunidades tzotziles de Chiapas ense\u00f1an a ni\u00f1as y ni\u00f1os para fortalecer su identidad cultural y el respeto por el entorno natural.<\/p>\n\n\n\n<p>Tambi\u00e9n participaron los grupos comunitarios de teatro, danza, escritura y lengua, impulsados por la DGVC, a trav\u00e9s del programa Cultura Comunitaria, quienes presentaron ejercicios esc\u00e9nicos y din\u00e1micas de creaci\u00f3n colectiva inspiradas tambi\u00e9n en&nbsp;<em>Bolom chon<\/em>.&nbsp;<\/p>\n\n\n\n<p>Durante la actividad, exploraron el juego corporal. Con la gu\u00eda de las Malinches \u2013ni\u00f1as de los grupos de lengua, teatro y danza\u2013, los grupos realizaron desplazamientos y evoluciones en torno al \u00e1rbol y en trayectorias circulares, con pausas para interactuar y reconocer a los \u201cotros animales\u201d que representaban sus compa\u00f1eras y compa\u00f1eros.<\/p>\n\n\n\n<p>A su vez, la Banda Comunitaria Tradicional de Mujeres Ind\u00edgenas, integrada por 101 ni\u00f1as de orquestas, ensambles y bandas comunitarias, impulsadas por el SNFM,&nbsp;junto con el Coro Nacional Comunitario, interpretaron una versi\u00f3n de la popular canci\u00f3n de Quirino Mendoza Cort\u00e9s,&nbsp;<em>Cielito lindo<\/em>, en lenguas como el n\u00e1huatl, tseltal y totonaco.&nbsp;<\/p>\n\n\n\n<p>\u201cYoltlajtoli \u2013 Voces Vivas\u201d celebra la diversidad ling\u00fc\u00edstica de M\u00e9xico con participantes hablantes de lenguas ind\u00edgenas pertenecientes a pueblos como el amuzgo (Nn\u2019anncue), chichimeco jonaz (Uz\u00e1), mazahua (J\u00f1atrjo), mixteco (Na Savi\/\u00d1uu Saavi), nahua, otom\u00ed, popoluca de la Sierra, tarahumara (Rar\u00e1muri\/Ralamuli), tepehuano del norte (O\u2019dame), tepehuano del sur (O\u2019dam) y tlapaneco (Me\u2019phaa). El encuentro reafirma la riqueza multicultural del pa\u00eds.<\/p>\n\n\n\n<p>Gracias al apoyo del IMSS e IMSS-Bienestar, el campamento se desarrolla en un espacio para la integraci\u00f3n y el aprendizaje art\u00edstico. Cada jornada aporta a la preparaci\u00f3n de una presentaci\u00f3n que llega al Z\u00f3calo capitalino como s\u00edmbolo de unidad, imaginaci\u00f3n y esperanza.<\/p>\n","protected":false},"excerpt":{"rendered":"<p>Por Redacci\u00f3n QP Rumbo a la presentaci\u00f3n del pr\u00f3ximo domingo 22 de noviembre de 2025,&#8230;<\/p>\n","protected":false},"author":2,"featured_media":120707,"comment_status":"open","ping_status":"open","sticky":false,"template":"","format":"standard","meta":{"_monsterinsights_skip_tracking":false,"_monsterinsights_sitenote_active":false,"_monsterinsights_sitenote_note":"","_monsterinsights_sitenote_category":0,"footnotes":""},"categories":[58],"tags":[],"class_list":["post-120695","post","type-post","status-publish","format-standard","has-post-thumbnail","hentry","category-cultura"],"yoast_head":"<!-- This site is optimized with the Yoast SEO plugin v27.3 - https:\/\/yoast.com\/product\/yoast-seo-wordpress\/ -->\n<title>\u201cYOLTLAJTOLI \u2013 VOCES VIVAS\u201d, CELEBRACI\u00d3N DE LA ENORME RIQUEZA CULTURAL Y LING\u00dc\u00cdSTICA DE M\u00c9XICO -<\/title>\n<meta name=\"robots\" content=\"index, follow, max-snippet:-1, max-image-preview:large, max-video-preview:-1\" \/>\n<link rel=\"canonical\" href=\"https:\/\/quehacerpolitico.mx\/?p=120695\" \/>\n<meta property=\"og:locale\" content=\"es_MX\" \/>\n<meta property=\"og:type\" content=\"article\" \/>\n<meta property=\"og:title\" content=\"\u201cYOLTLAJTOLI \u2013 VOCES VIVAS\u201d, CELEBRACI\u00d3N DE LA ENORME RIQUEZA CULTURAL Y LING\u00dc\u00cdSTICA DE M\u00c9XICO -\" \/>\n<meta property=\"og:description\" content=\"Por Redacci\u00f3n QP Rumbo a la presentaci\u00f3n del pr\u00f3ximo domingo 22 de noviembre de 2025,...\" \/>\n<meta property=\"og:url\" content=\"https:\/\/quehacerpolitico.mx\/?p=120695\" \/>\n<meta property=\"article:published_time\" content=\"2025-11-20T01:46:15+00:00\" \/>\n<meta property=\"article:modified_time\" content=\"2025-11-20T01:46:21+00:00\" \/>\n<meta property=\"og:image\" content=\"http:\/\/quehacerpolitico.mx\/wp-content\/uploads\/2025\/11\/IMG_5188.jpeg\" \/>\n\t<meta property=\"og:image:width\" content=\"1080\" \/>\n\t<meta property=\"og:image:height\" content=\"719\" \/>\n\t<meta property=\"og:image:type\" content=\"image\/jpeg\" \/>\n<meta name=\"author\" content=\"Redacci\u00f3n QP\" \/>\n<meta name=\"twitter:card\" content=\"summary_large_image\" \/>\n<meta name=\"twitter:label1\" content=\"Escrito por\" \/>\n\t<meta name=\"twitter:data1\" content=\"Redacci\u00f3n QP\" \/>\n\t<meta name=\"twitter:label2\" content=\"Tiempo de lectura\" \/>\n\t<meta name=\"twitter:data2\" content=\"8 minutos\" \/>\n<script type=\"application\/ld+json\" class=\"yoast-schema-graph\">{\"@context\":\"https:\\\/\\\/schema.org\",\"@graph\":[{\"@type\":\"Article\",\"@id\":\"https:\\\/\\\/quehacerpolitico.mx\\\/?p=120695#article\",\"isPartOf\":{\"@id\":\"https:\\\/\\\/quehacerpolitico.mx\\\/?p=120695\"},\"author\":{\"name\":\"Redacci\u00f3n QP\",\"@id\":\"https:\\\/\\\/quehacerpolitico.mx\\\/#\\\/schema\\\/person\\\/496d8ad2d1d3f8036101dca7ee39e585\"},\"headline\":\"\u201cYOLTLAJTOLI \u2013 VOCES VIVAS\u201d, CELEBRACI\u00d3N DE LA ENORME RIQUEZA CULTURAL Y LING\u00dc\u00cdSTICA DE M\u00c9XICO\",\"datePublished\":\"2025-11-20T01:46:15+00:00\",\"dateModified\":\"2025-11-20T01:46:21+00:00\",\"mainEntityOfPage\":{\"@id\":\"https:\\\/\\\/quehacerpolitico.mx\\\/?p=120695\"},\"wordCount\":1429,\"commentCount\":0,\"image\":{\"@id\":\"https:\\\/\\\/quehacerpolitico.mx\\\/?p=120695#primaryimage\"},\"thumbnailUrl\":\"https:\\\/\\\/quehacerpolitico.mx\\\/wp-content\\\/uploads\\\/2025\\\/11\\\/IMG_5188.jpeg\",\"articleSection\":[\"Cultura y Entretenimiento\"],\"inLanguage\":\"es\",\"potentialAction\":[{\"@type\":\"CommentAction\",\"name\":\"Comment\",\"target\":[\"https:\\\/\\\/quehacerpolitico.mx\\\/?p=120695#respond\"]}]},{\"@type\":\"WebPage\",\"@id\":\"https:\\\/\\\/quehacerpolitico.mx\\\/?p=120695\",\"url\":\"https:\\\/\\\/quehacerpolitico.mx\\\/?p=120695\",\"name\":\"\u201cYOLTLAJTOLI \u2013 VOCES VIVAS\u201d, CELEBRACI\u00d3N DE LA ENORME RIQUEZA CULTURAL Y LING\u00dc\u00cdSTICA DE M\u00c9XICO -\",\"isPartOf\":{\"@id\":\"https:\\\/\\\/quehacerpolitico.mx\\\/#website\"},\"primaryImageOfPage\":{\"@id\":\"https:\\\/\\\/quehacerpolitico.mx\\\/?p=120695#primaryimage\"},\"image\":{\"@id\":\"https:\\\/\\\/quehacerpolitico.mx\\\/?p=120695#primaryimage\"},\"thumbnailUrl\":\"https:\\\/\\\/quehacerpolitico.mx\\\/wp-content\\\/uploads\\\/2025\\\/11\\\/IMG_5188.jpeg\",\"datePublished\":\"2025-11-20T01:46:15+00:00\",\"dateModified\":\"2025-11-20T01:46:21+00:00\",\"author\":{\"@id\":\"https:\\\/\\\/quehacerpolitico.mx\\\/#\\\/schema\\\/person\\\/496d8ad2d1d3f8036101dca7ee39e585\"},\"breadcrumb\":{\"@id\":\"https:\\\/\\\/quehacerpolitico.mx\\\/?p=120695#breadcrumb\"},\"inLanguage\":\"es\",\"potentialAction\":[{\"@type\":\"ReadAction\",\"target\":[\"https:\\\/\\\/quehacerpolitico.mx\\\/?p=120695\"]}]},{\"@type\":\"ImageObject\",\"inLanguage\":\"es\",\"@id\":\"https:\\\/\\\/quehacerpolitico.mx\\\/?p=120695#primaryimage\",\"url\":\"https:\\\/\\\/quehacerpolitico.mx\\\/wp-content\\\/uploads\\\/2025\\\/11\\\/IMG_5188.jpeg\",\"contentUrl\":\"https:\\\/\\\/quehacerpolitico.mx\\\/wp-content\\\/uploads\\\/2025\\\/11\\\/IMG_5188.jpeg\",\"width\":1080,\"height\":719},{\"@type\":\"BreadcrumbList\",\"@id\":\"https:\\\/\\\/quehacerpolitico.mx\\\/?p=120695#breadcrumb\",\"itemListElement\":[{\"@type\":\"ListItem\",\"position\":1,\"name\":\"Inicio\",\"item\":\"https:\\\/\\\/quehacerpolitico.mx\\\/\"},{\"@type\":\"ListItem\",\"position\":2,\"name\":\"\u201cYOLTLAJTOLI \u2013 VOCES VIVAS\u201d, CELEBRACI\u00d3N DE LA ENORME RIQUEZA CULTURAL Y LING\u00dc\u00cdSTICA DE M\u00c9XICO\"}]},{\"@type\":\"WebSite\",\"@id\":\"https:\\\/\\\/quehacerpolitico.mx\\\/#website\",\"url\":\"https:\\\/\\\/quehacerpolitico.mx\\\/\",\"name\":\"\",\"description\":\"\",\"potentialAction\":[{\"@type\":\"SearchAction\",\"target\":{\"@type\":\"EntryPoint\",\"urlTemplate\":\"https:\\\/\\\/quehacerpolitico.mx\\\/?s={search_term_string}\"},\"query-input\":{\"@type\":\"PropertyValueSpecification\",\"valueRequired\":true,\"valueName\":\"search_term_string\"}}],\"inLanguage\":\"es\"},{\"@type\":\"Person\",\"@id\":\"https:\\\/\\\/quehacerpolitico.mx\\\/#\\\/schema\\\/person\\\/496d8ad2d1d3f8036101dca7ee39e585\",\"name\":\"Redacci\u00f3n QP\",\"image\":{\"@type\":\"ImageObject\",\"inLanguage\":\"es\",\"@id\":\"https:\\\/\\\/secure.gravatar.com\\\/avatar\\\/c7164ed6fdec453195284ad24a5ae5b6e1eed2b848477fa2a4787ba9adf39a41?s=96&d=mm&r=g\",\"url\":\"https:\\\/\\\/secure.gravatar.com\\\/avatar\\\/c7164ed6fdec453195284ad24a5ae5b6e1eed2b848477fa2a4787ba9adf39a41?s=96&d=mm&r=g\",\"contentUrl\":\"https:\\\/\\\/secure.gravatar.com\\\/avatar\\\/c7164ed6fdec453195284ad24a5ae5b6e1eed2b848477fa2a4787ba9adf39a41?s=96&d=mm&r=g\",\"caption\":\"Redacci\u00f3n QP\"},\"url\":\"https:\\\/\\\/quehacerpolitico.mx\\\/?author=2\"}]}<\/script>\n<!-- \/ Yoast SEO plugin. -->","yoast_head_json":{"title":"\u201cYOLTLAJTOLI \u2013 VOCES VIVAS\u201d, CELEBRACI\u00d3N DE LA ENORME RIQUEZA CULTURAL Y LING\u00dc\u00cdSTICA DE M\u00c9XICO -","robots":{"index":"index","follow":"follow","max-snippet":"max-snippet:-1","max-image-preview":"max-image-preview:large","max-video-preview":"max-video-preview:-1"},"canonical":"https:\/\/quehacerpolitico.mx\/?p=120695","og_locale":"es_MX","og_type":"article","og_title":"\u201cYOLTLAJTOLI \u2013 VOCES VIVAS\u201d, CELEBRACI\u00d3N DE LA ENORME RIQUEZA CULTURAL Y LING\u00dc\u00cdSTICA DE M\u00c9XICO -","og_description":"Por Redacci\u00f3n QP Rumbo a la presentaci\u00f3n del pr\u00f3ximo domingo 22 de noviembre de 2025,...","og_url":"https:\/\/quehacerpolitico.mx\/?p=120695","article_published_time":"2025-11-20T01:46:15+00:00","article_modified_time":"2025-11-20T01:46:21+00:00","og_image":[{"width":1080,"height":719,"url":"http:\/\/quehacerpolitico.mx\/wp-content\/uploads\/2025\/11\/IMG_5188.jpeg","type":"image\/jpeg"}],"author":"Redacci\u00f3n QP","twitter_card":"summary_large_image","twitter_misc":{"Escrito por":"Redacci\u00f3n QP","Tiempo de lectura":"8 minutos"},"schema":{"@context":"https:\/\/schema.org","@graph":[{"@type":"Article","@id":"https:\/\/quehacerpolitico.mx\/?p=120695#article","isPartOf":{"@id":"https:\/\/quehacerpolitico.mx\/?p=120695"},"author":{"name":"Redacci\u00f3n QP","@id":"https:\/\/quehacerpolitico.mx\/#\/schema\/person\/496d8ad2d1d3f8036101dca7ee39e585"},"headline":"\u201cYOLTLAJTOLI \u2013 VOCES VIVAS\u201d, CELEBRACI\u00d3N DE LA ENORME RIQUEZA CULTURAL Y LING\u00dc\u00cdSTICA DE M\u00c9XICO","datePublished":"2025-11-20T01:46:15+00:00","dateModified":"2025-11-20T01:46:21+00:00","mainEntityOfPage":{"@id":"https:\/\/quehacerpolitico.mx\/?p=120695"},"wordCount":1429,"commentCount":0,"image":{"@id":"https:\/\/quehacerpolitico.mx\/?p=120695#primaryimage"},"thumbnailUrl":"https:\/\/quehacerpolitico.mx\/wp-content\/uploads\/2025\/11\/IMG_5188.jpeg","articleSection":["Cultura y Entretenimiento"],"inLanguage":"es","potentialAction":[{"@type":"CommentAction","name":"Comment","target":["https:\/\/quehacerpolitico.mx\/?p=120695#respond"]}]},{"@type":"WebPage","@id":"https:\/\/quehacerpolitico.mx\/?p=120695","url":"https:\/\/quehacerpolitico.mx\/?p=120695","name":"\u201cYOLTLAJTOLI \u2013 VOCES VIVAS\u201d, CELEBRACI\u00d3N DE LA ENORME RIQUEZA CULTURAL Y LING\u00dc\u00cdSTICA DE M\u00c9XICO -","isPartOf":{"@id":"https:\/\/quehacerpolitico.mx\/#website"},"primaryImageOfPage":{"@id":"https:\/\/quehacerpolitico.mx\/?p=120695#primaryimage"},"image":{"@id":"https:\/\/quehacerpolitico.mx\/?p=120695#primaryimage"},"thumbnailUrl":"https:\/\/quehacerpolitico.mx\/wp-content\/uploads\/2025\/11\/IMG_5188.jpeg","datePublished":"2025-11-20T01:46:15+00:00","dateModified":"2025-11-20T01:46:21+00:00","author":{"@id":"https:\/\/quehacerpolitico.mx\/#\/schema\/person\/496d8ad2d1d3f8036101dca7ee39e585"},"breadcrumb":{"@id":"https:\/\/quehacerpolitico.mx\/?p=120695#breadcrumb"},"inLanguage":"es","potentialAction":[{"@type":"ReadAction","target":["https:\/\/quehacerpolitico.mx\/?p=120695"]}]},{"@type":"ImageObject","inLanguage":"es","@id":"https:\/\/quehacerpolitico.mx\/?p=120695#primaryimage","url":"https:\/\/quehacerpolitico.mx\/wp-content\/uploads\/2025\/11\/IMG_5188.jpeg","contentUrl":"https:\/\/quehacerpolitico.mx\/wp-content\/uploads\/2025\/11\/IMG_5188.jpeg","width":1080,"height":719},{"@type":"BreadcrumbList","@id":"https:\/\/quehacerpolitico.mx\/?p=120695#breadcrumb","itemListElement":[{"@type":"ListItem","position":1,"name":"Inicio","item":"https:\/\/quehacerpolitico.mx\/"},{"@type":"ListItem","position":2,"name":"\u201cYOLTLAJTOLI \u2013 VOCES VIVAS\u201d, CELEBRACI\u00d3N DE LA ENORME RIQUEZA CULTURAL Y LING\u00dc\u00cdSTICA DE M\u00c9XICO"}]},{"@type":"WebSite","@id":"https:\/\/quehacerpolitico.mx\/#website","url":"https:\/\/quehacerpolitico.mx\/","name":"","description":"","potentialAction":[{"@type":"SearchAction","target":{"@type":"EntryPoint","urlTemplate":"https:\/\/quehacerpolitico.mx\/?s={search_term_string}"},"query-input":{"@type":"PropertyValueSpecification","valueRequired":true,"valueName":"search_term_string"}}],"inLanguage":"es"},{"@type":"Person","@id":"https:\/\/quehacerpolitico.mx\/#\/schema\/person\/496d8ad2d1d3f8036101dca7ee39e585","name":"Redacci\u00f3n QP","image":{"@type":"ImageObject","inLanguage":"es","@id":"https:\/\/secure.gravatar.com\/avatar\/c7164ed6fdec453195284ad24a5ae5b6e1eed2b848477fa2a4787ba9adf39a41?s=96&d=mm&r=g","url":"https:\/\/secure.gravatar.com\/avatar\/c7164ed6fdec453195284ad24a5ae5b6e1eed2b848477fa2a4787ba9adf39a41?s=96&d=mm&r=g","contentUrl":"https:\/\/secure.gravatar.com\/avatar\/c7164ed6fdec453195284ad24a5ae5b6e1eed2b848477fa2a4787ba9adf39a41?s=96&d=mm&r=g","caption":"Redacci\u00f3n QP"},"url":"https:\/\/quehacerpolitico.mx\/?author=2"}]}},"featured_image_urls":{"full":["https:\/\/quehacerpolitico.mx\/wp-content\/uploads\/2025\/11\/IMG_5188.jpeg",1080,719,false],"thumbnail":["https:\/\/quehacerpolitico.mx\/wp-content\/uploads\/2025\/11\/IMG_5188-150x150.jpeg",150,150,true],"medium":["https:\/\/quehacerpolitico.mx\/wp-content\/uploads\/2025\/11\/IMG_5188-300x200.jpeg",300,200,true],"medium_large":["https:\/\/quehacerpolitico.mx\/wp-content\/uploads\/2025\/11\/IMG_5188-768x511.jpeg",640,426,true],"large":["https:\/\/quehacerpolitico.mx\/wp-content\/uploads\/2025\/11\/IMG_5188-1024x682.jpeg",640,426,true],"1536x1536":["https:\/\/quehacerpolitico.mx\/wp-content\/uploads\/2025\/11\/IMG_5188.jpeg",1080,719,false],"2048x2048":["https:\/\/quehacerpolitico.mx\/wp-content\/uploads\/2025\/11\/IMG_5188.jpeg",1080,719,false],"covernews-featured":["https:\/\/quehacerpolitico.mx\/wp-content\/uploads\/2025\/11\/IMG_5188-1024x682.jpeg",1024,682,true],"covernews-medium":["https:\/\/quehacerpolitico.mx\/wp-content\/uploads\/2025\/11\/IMG_5188-540x340.jpeg",540,340,true]},"author_info":{"display_name":"Redacci\u00f3n QP","author_link":"https:\/\/quehacerpolitico.mx\/?author=2"},"category_info":"<a href=\"https:\/\/quehacerpolitico.mx\/?cat=58\" rel=\"category\">Cultura y Entretenimiento<\/a>","tag_info":"Cultura y Entretenimiento","comment_count":"0","_links":{"self":[{"href":"https:\/\/quehacerpolitico.mx\/index.php?rest_route=\/wp\/v2\/posts\/120695","targetHints":{"allow":["GET"]}}],"collection":[{"href":"https:\/\/quehacerpolitico.mx\/index.php?rest_route=\/wp\/v2\/posts"}],"about":[{"href":"https:\/\/quehacerpolitico.mx\/index.php?rest_route=\/wp\/v2\/types\/post"}],"author":[{"embeddable":true,"href":"https:\/\/quehacerpolitico.mx\/index.php?rest_route=\/wp\/v2\/users\/2"}],"replies":[{"embeddable":true,"href":"https:\/\/quehacerpolitico.mx\/index.php?rest_route=%2Fwp%2Fv2%2Fcomments&post=120695"}],"version-history":[{"count":1,"href":"https:\/\/quehacerpolitico.mx\/index.php?rest_route=\/wp\/v2\/posts\/120695\/revisions"}],"predecessor-version":[{"id":120708,"href":"https:\/\/quehacerpolitico.mx\/index.php?rest_route=\/wp\/v2\/posts\/120695\/revisions\/120708"}],"wp:featuredmedia":[{"embeddable":true,"href":"https:\/\/quehacerpolitico.mx\/index.php?rest_route=\/wp\/v2\/media\/120707"}],"wp:attachment":[{"href":"https:\/\/quehacerpolitico.mx\/index.php?rest_route=%2Fwp%2Fv2%2Fmedia&parent=120695"}],"wp:term":[{"taxonomy":"category","embeddable":true,"href":"https:\/\/quehacerpolitico.mx\/index.php?rest_route=%2Fwp%2Fv2%2Fcategories&post=120695"},{"taxonomy":"post_tag","embeddable":true,"href":"https:\/\/quehacerpolitico.mx\/index.php?rest_route=%2Fwp%2Fv2%2Ftags&post=120695"}],"curies":[{"name":"wp","href":"https:\/\/api.w.org\/{rel}","templated":true}]}}