{"id":120191,"date":"2025-11-04T13:38:51","date_gmt":"2025-11-04T19:38:51","guid":{"rendered":"https:\/\/quehacerpolitico.mx\/?p=120191"},"modified":"2025-11-04T13:38:54","modified_gmt":"2025-11-04T19:38:54","slug":"mas-de-55-mil-personas-visitaron-la-xxv-feria-de-las-calacas-de-alas-y-raices","status":"publish","type":"post","link":"https:\/\/quehacerpolitico.mx\/?p=120191","title":{"rendered":"M\u00c1S DE 55 MIL PERSONAS VISITARON\u00a0LA XXV FERIA DE LAS CALACAS\u00a0DE ALAS Y RA\u00cdCES"},"content":{"rendered":"\n<p>Por Redacci\u00f3n QP<\/p>\n\n\n\n<ul class=\"wp-block-list\">\n<li><strong>Durante dos d\u00edas, en el Centro Nacional de las Artes y en el Pabell\u00f3n de Cultura Comunitaria, se vivi\u00f3 un colorido mosaico de risas, aprendizaje y memoria colectiva<\/strong><\/li>\n\n\n\n<li><strong>Diversos espacios albergaron<\/strong><strong>\u00a0una gran variedad de talleres, narraciones,\u00a0<\/strong><strong>exposiciones<\/strong><strong>\u00a0y\u00a0<\/strong><strong>presentaciones esc\u00e9nicas<\/strong><\/li>\n\n\n\n<li><strong>Ni\u00f1as, ni\u00f1os y adultos participaron en juegos, recorridos por ofrendas y conciertos<\/strong><\/li>\n<\/ul>\n\n\n\n<p>La Secretar\u00eda de Cultura del Gobierno de M\u00e9xico,&nbsp;a trav\u00e9s de la Coordinaci\u00f3n Nacional de Desarrollo Cultural Infantil \u2013 Alas y Ra\u00edces, el&nbsp;Centro Nacional de las Artes (Cenart) y el Pabell\u00f3n de Cultura Comunitaria, present\u00f3 con \u00e9xito la XXV Feria de las Calacas, un espacio de arte, memoria y tradici\u00f3n que dialoga con la imaginaci\u00f3n de ni\u00f1as, ni\u00f1os, adolescentes y adultos.<\/p>\n\n\n\n<figure class=\"wp-block-gallery has-nested-images columns-default is-cropped wp-block-gallery-1 is-layout-flex wp-block-gallery-is-layout-flex\">\n<figure class=\"wp-block-image size-large\"><img loading=\"lazy\" decoding=\"async\" width=\"1024\" height=\"683\" data-id=\"120192\" src=\"https:\/\/quehacerpolitico.mx\/wp-content\/uploads\/2025\/11\/IMG_4820-1024x683.jpeg\" alt=\"\" class=\"wp-image-120192\" srcset=\"https:\/\/quehacerpolitico.mx\/wp-content\/uploads\/2025\/11\/IMG_4820-1024x683.jpeg 1024w, https:\/\/quehacerpolitico.mx\/wp-content\/uploads\/2025\/11\/IMG_4820-300x200.jpeg 300w, https:\/\/quehacerpolitico.mx\/wp-content\/uploads\/2025\/11\/IMG_4820-768x512.jpeg 768w, https:\/\/quehacerpolitico.mx\/wp-content\/uploads\/2025\/11\/IMG_4820.jpeg 1200w\" sizes=\"auto, (max-width: 1024px) 100vw, 1024px\" \/><\/figure>\n\n\n\n<figure class=\"wp-block-image size-large\"><img loading=\"lazy\" decoding=\"async\" width=\"1024\" height=\"683\" data-id=\"120193\" src=\"https:\/\/quehacerpolitico.mx\/wp-content\/uploads\/2025\/11\/IMG_4821-1024x683.jpeg\" alt=\"\" class=\"wp-image-120193\" srcset=\"https:\/\/quehacerpolitico.mx\/wp-content\/uploads\/2025\/11\/IMG_4821-1024x683.jpeg 1024w, https:\/\/quehacerpolitico.mx\/wp-content\/uploads\/2025\/11\/IMG_4821-300x200.jpeg 300w, https:\/\/quehacerpolitico.mx\/wp-content\/uploads\/2025\/11\/IMG_4821-768x512.jpeg 768w, https:\/\/quehacerpolitico.mx\/wp-content\/uploads\/2025\/11\/IMG_4821.jpeg 1200w\" sizes=\"auto, (max-width: 1024px) 100vw, 1024px\" \/><\/figure>\n\n\n\n<figure class=\"wp-block-image size-large\"><img loading=\"lazy\" decoding=\"async\" width=\"1024\" height=\"682\" data-id=\"120194\" src=\"https:\/\/quehacerpolitico.mx\/wp-content\/uploads\/2025\/11\/IMG_4822-1024x682.jpeg\" alt=\"\" class=\"wp-image-120194\" srcset=\"https:\/\/quehacerpolitico.mx\/wp-content\/uploads\/2025\/11\/IMG_4822-1024x682.jpeg 1024w, https:\/\/quehacerpolitico.mx\/wp-content\/uploads\/2025\/11\/IMG_4822-300x200.jpeg 300w, https:\/\/quehacerpolitico.mx\/wp-content\/uploads\/2025\/11\/IMG_4822-768x511.jpeg 768w, https:\/\/quehacerpolitico.mx\/wp-content\/uploads\/2025\/11\/IMG_4822.jpeg 1200w\" sizes=\"auto, (max-width: 1024px) 100vw, 1024px\" \/><\/figure>\n\n\n\n<figure class=\"wp-block-image size-large\"><img loading=\"lazy\" decoding=\"async\" width=\"1024\" height=\"683\" data-id=\"120195\" src=\"https:\/\/quehacerpolitico.mx\/wp-content\/uploads\/2025\/11\/IMG_4823-1024x683.jpeg\" alt=\"\" class=\"wp-image-120195\" srcset=\"https:\/\/quehacerpolitico.mx\/wp-content\/uploads\/2025\/11\/IMG_4823-1024x683.jpeg 1024w, https:\/\/quehacerpolitico.mx\/wp-content\/uploads\/2025\/11\/IMG_4823-300x200.jpeg 300w, https:\/\/quehacerpolitico.mx\/wp-content\/uploads\/2025\/11\/IMG_4823-768x512.jpeg 768w, https:\/\/quehacerpolitico.mx\/wp-content\/uploads\/2025\/11\/IMG_4823.jpeg 1200w\" sizes=\"auto, (max-width: 1024px) 100vw, 1024px\" \/><\/figure>\n\n\n\n<figure class=\"wp-block-image size-large\"><img loading=\"lazy\" decoding=\"async\" width=\"1024\" height=\"683\" data-id=\"120196\" src=\"https:\/\/quehacerpolitico.mx\/wp-content\/uploads\/2025\/11\/IMG_4824-1024x683.jpeg\" alt=\"\" class=\"wp-image-120196\" srcset=\"https:\/\/quehacerpolitico.mx\/wp-content\/uploads\/2025\/11\/IMG_4824-1024x683.jpeg 1024w, https:\/\/quehacerpolitico.mx\/wp-content\/uploads\/2025\/11\/IMG_4824-300x200.jpeg 300w, https:\/\/quehacerpolitico.mx\/wp-content\/uploads\/2025\/11\/IMG_4824-768x512.jpeg 768w, https:\/\/quehacerpolitico.mx\/wp-content\/uploads\/2025\/11\/IMG_4824.jpeg 1200w\" sizes=\"auto, (max-width: 1024px) 100vw, 1024px\" \/><\/figure>\n<\/figure>\n\n\n\n<p>Con la asistencia de m\u00e1s de 55 mil personas, los d\u00edas 1 y 2 de noviembre de 2025, el Cenart y, por primera vez, el Pabell\u00f3n de Cultura Comunitaria recibieron la edici\u00f3n 25 de la Feria, que se ha convertido en un referente de las conmemoraciones del D\u00eda de Muertos, y que cada a\u00f1o ofrece&nbsp;creatividad&nbsp;y fiesta para todos los p\u00fablicos, con risas, color y aromas de cempas\u00fachil, copal y pan de muerto.<\/p>\n\n\n\n<p>La XXV Feria de las Calacas comenz\u00f3 con un desfile de colores y sonrisas: familias enteras, ni\u00f1as y ni\u00f1os disfrazados y adultos recorrieron las carpas tem\u00e1ticas y los diversos foros para explorar cada rinc\u00f3n y&nbsp; descubrir las sorpresas preparadas en la presente emisi\u00f3n.<\/p>\n\n\n\n<figure class=\"wp-block-gallery has-nested-images columns-default is-cropped wp-block-gallery-2 is-layout-flex wp-block-gallery-is-layout-flex\">\n<figure class=\"wp-block-image size-large\"><img loading=\"lazy\" decoding=\"async\" width=\"1024\" height=\"683\" data-id=\"120197\" src=\"https:\/\/quehacerpolitico.mx\/wp-content\/uploads\/2025\/11\/IMG_4825-1024x683.jpeg\" alt=\"\" class=\"wp-image-120197\" srcset=\"https:\/\/quehacerpolitico.mx\/wp-content\/uploads\/2025\/11\/IMG_4825-1024x683.jpeg 1024w, https:\/\/quehacerpolitico.mx\/wp-content\/uploads\/2025\/11\/IMG_4825-300x200.jpeg 300w, https:\/\/quehacerpolitico.mx\/wp-content\/uploads\/2025\/11\/IMG_4825-768x512.jpeg 768w, https:\/\/quehacerpolitico.mx\/wp-content\/uploads\/2025\/11\/IMG_4825-1536x1024.jpeg 1536w, https:\/\/quehacerpolitico.mx\/wp-content\/uploads\/2025\/11\/IMG_4825-2048x1365.jpeg 2048w\" sizes=\"auto, (max-width: 1024px) 100vw, 1024px\" \/><\/figure>\n\n\n\n<figure class=\"wp-block-image size-large\"><img loading=\"lazy\" decoding=\"async\" width=\"1024\" height=\"682\" data-id=\"120198\" src=\"https:\/\/quehacerpolitico.mx\/wp-content\/uploads\/2025\/11\/IMG_4826-1024x682.jpeg\" alt=\"\" class=\"wp-image-120198\" srcset=\"https:\/\/quehacerpolitico.mx\/wp-content\/uploads\/2025\/11\/IMG_4826-1024x682.jpeg 1024w, https:\/\/quehacerpolitico.mx\/wp-content\/uploads\/2025\/11\/IMG_4826-300x200.jpeg 300w, https:\/\/quehacerpolitico.mx\/wp-content\/uploads\/2025\/11\/IMG_4826-768x511.jpeg 768w, https:\/\/quehacerpolitico.mx\/wp-content\/uploads\/2025\/11\/IMG_4826.jpeg 1200w\" sizes=\"auto, (max-width: 1024px) 100vw, 1024px\" \/><\/figure>\n\n\n\n<figure class=\"wp-block-image size-large\"><img loading=\"lazy\" decoding=\"async\" width=\"1024\" height=\"682\" data-id=\"120199\" src=\"https:\/\/quehacerpolitico.mx\/wp-content\/uploads\/2025\/11\/IMG_4827-1024x682.jpeg\" alt=\"\" class=\"wp-image-120199\" srcset=\"https:\/\/quehacerpolitico.mx\/wp-content\/uploads\/2025\/11\/IMG_4827-1024x682.jpeg 1024w, https:\/\/quehacerpolitico.mx\/wp-content\/uploads\/2025\/11\/IMG_4827-300x200.jpeg 300w, https:\/\/quehacerpolitico.mx\/wp-content\/uploads\/2025\/11\/IMG_4827-768x511.jpeg 768w, https:\/\/quehacerpolitico.mx\/wp-content\/uploads\/2025\/11\/IMG_4827.jpeg 1200w\" sizes=\"auto, (max-width: 1024px) 100vw, 1024px\" \/><\/figure>\n\n\n\n<figure class=\"wp-block-image size-large\"><img loading=\"lazy\" decoding=\"async\" width=\"1024\" height=\"683\" data-id=\"120200\" src=\"https:\/\/quehacerpolitico.mx\/wp-content\/uploads\/2025\/11\/IMG_4828-1024x683.jpeg\" alt=\"\" class=\"wp-image-120200\" srcset=\"https:\/\/quehacerpolitico.mx\/wp-content\/uploads\/2025\/11\/IMG_4828-1024x683.jpeg 1024w, https:\/\/quehacerpolitico.mx\/wp-content\/uploads\/2025\/11\/IMG_4828-300x200.jpeg 300w, https:\/\/quehacerpolitico.mx\/wp-content\/uploads\/2025\/11\/IMG_4828-768x512.jpeg 768w, https:\/\/quehacerpolitico.mx\/wp-content\/uploads\/2025\/11\/IMG_4828.jpeg 1200w\" sizes=\"auto, (max-width: 1024px) 100vw, 1024px\" \/><\/figure>\n\n\n\n<figure class=\"wp-block-image size-large\"><img loading=\"lazy\" decoding=\"async\" width=\"1024\" height=\"683\" data-id=\"120201\" src=\"https:\/\/quehacerpolitico.mx\/wp-content\/uploads\/2025\/11\/IMG_4829-1024x683.jpeg\" alt=\"\" class=\"wp-image-120201\" srcset=\"https:\/\/quehacerpolitico.mx\/wp-content\/uploads\/2025\/11\/IMG_4829-1024x683.jpeg 1024w, https:\/\/quehacerpolitico.mx\/wp-content\/uploads\/2025\/11\/IMG_4829-300x200.jpeg 300w, https:\/\/quehacerpolitico.mx\/wp-content\/uploads\/2025\/11\/IMG_4829-768x512.jpeg 768w, https:\/\/quehacerpolitico.mx\/wp-content\/uploads\/2025\/11\/IMG_4829.jpeg 1200w\" sizes=\"auto, (max-width: 1024px) 100vw, 1024px\" \/><\/figure>\n<\/figure>\n\n\n\n<p>\u201cEs la primera vez que vengo a la Feria y me encant\u00f3 todo, desde los cuentos hasta los talleres. Lo que m\u00e1s me gusta son las ofrendas, muy coloridas y detalladas que parecen cobrar vida\u201d, dijo Alejandra, de 25 a\u00f1os, mientras su sobrino corr\u00eda por los jardines del Cenart.<\/p>\n\n\n\n<p>En la Plaza de las Artes, los cuentos y leyendas atrajeron a chicos y grandes por igual. Daniela, de 41 a\u00f1os, coment\u00f3: \u201cMis hijos, que tienen 8 y 10 a\u00f1os, se han divertido mucho con&nbsp;<em>\u00a1Muertos\u2026 pero de risa!<\/em>&nbsp;y con&nbsp;<em>Los tres monjes risue\u00f1os<\/em>. Fue un espacio donde todos participamos\u201d. Mientras que, Doreth, quien asisti\u00f3 con su esposo y su beb\u00e9, disfrut\u00f3 de&nbsp;<em>Bestuario&nbsp;<\/em>y un taller interactivo de m\u00fasica: \u201cMi hija estaba fascinada bailando y cantando, y eso que apenas tiene a\u00f1o y medio. Sin duda regresamos\u201d.<\/p>\n\n\n\n<p>Los sonidos de tambores y guitarras se mezclaban con las risas y los pasos apresurados de los visitantes.<\/p>\n\n\n\n<p>El s\u00e1bado, el Foro de las Artes vibr\u00f3 con la danza de&nbsp;<em>Horizonte<\/em>, a cargo de M\u00e1kinaDT Arte en Movimiento, mientras en el Auditorio Blas Galindo, ni\u00f1as y ni\u00f1os se sumergieron en la historia de&nbsp;<em>Al son beb\u00e9<\/em>, un concierto para primeras infancias. M\u00e1s tarde, Erika Torres present\u00f3 la coreograf\u00eda&nbsp;<em>Cuando el viento a\u00falla<\/em>, y en la Plaza de la Danza, Abraham Lindoro y Charly Vagamundos cautivaron con&nbsp;<em>Criatura<\/em>, un juego esc\u00e9nico para ni\u00f1os.<\/p>\n\n\n\n<p>Por la noche, en el Escenario M\u00fasica, los grupos<em>\u00a1Qu\u00e9 Payasos!<\/em>,&nbsp;<em>Yucat\u00e1n A Go Go<\/em>&nbsp;y&nbsp;<em>Anxolotes<\/em>&nbsp;se turnaron para contagiar alegr\u00eda y movimiento, mientras que las narraciones orales en el<em>Pabell\u00f3n Circense<\/em>&nbsp;y el&nbsp;<em>Domo de Cuentos Inmersivo<\/em>s permitieron a los m\u00e1s peque\u00f1os vivir historias fascinantes de calacas y esp\u00edritus traviesos.<\/p>\n\n\n\n<p>Las ofrendas y altares iluminaron el camino de todos los visitantes: desde la instalaci\u00f3n<em>Psicofon\u00edas fant\u00e1sticas radiof\u00f3nicas<\/em>&nbsp;del Instituto Mexicano de la Radio (IMER) hasta&nbsp;<em>Xantolo se vive<\/em>, dedicada a la fiesta viva de la Huasteca potosina. \u201cEs incre\u00edble c\u00f3mo cada espacio tiene su propia historia y energ\u00eda. Mis hijos se acercaron a los altares y aprendieron sobre nuestras tradiciones mientras se divert\u00edan\u201d, relat\u00f3 Esther, de 52 a\u00f1os.<\/p>\n\n\n\n<figure class=\"wp-block-gallery has-nested-images columns-default is-cropped wp-block-gallery-3 is-layout-flex wp-block-gallery-is-layout-flex\">\n<figure class=\"wp-block-image size-large\"><img loading=\"lazy\" decoding=\"async\" width=\"1024\" height=\"683\" data-id=\"120202\" src=\"https:\/\/quehacerpolitico.mx\/wp-content\/uploads\/2025\/11\/IMG_4830-1024x683.jpeg\" alt=\"\" class=\"wp-image-120202\" srcset=\"https:\/\/quehacerpolitico.mx\/wp-content\/uploads\/2025\/11\/IMG_4830-1024x683.jpeg 1024w, https:\/\/quehacerpolitico.mx\/wp-content\/uploads\/2025\/11\/IMG_4830-300x200.jpeg 300w, https:\/\/quehacerpolitico.mx\/wp-content\/uploads\/2025\/11\/IMG_4830-768x512.jpeg 768w, https:\/\/quehacerpolitico.mx\/wp-content\/uploads\/2025\/11\/IMG_4830.jpeg 1200w\" sizes=\"auto, (max-width: 1024px) 100vw, 1024px\" \/><\/figure>\n\n\n\n<figure class=\"wp-block-image size-large\"><img loading=\"lazy\" decoding=\"async\" width=\"1024\" height=\"683\" data-id=\"120203\" src=\"https:\/\/quehacerpolitico.mx\/wp-content\/uploads\/2025\/11\/IMG_4831-1024x683.jpeg\" alt=\"\" class=\"wp-image-120203\" srcset=\"https:\/\/quehacerpolitico.mx\/wp-content\/uploads\/2025\/11\/IMG_4831-1024x683.jpeg 1024w, https:\/\/quehacerpolitico.mx\/wp-content\/uploads\/2025\/11\/IMG_4831-300x200.jpeg 300w, https:\/\/quehacerpolitico.mx\/wp-content\/uploads\/2025\/11\/IMG_4831-768x512.jpeg 768w, https:\/\/quehacerpolitico.mx\/wp-content\/uploads\/2025\/11\/IMG_4831.jpeg 1200w\" sizes=\"auto, (max-width: 1024px) 100vw, 1024px\" \/><\/figure>\n\n\n\n<figure class=\"wp-block-image size-large\"><img loading=\"lazy\" decoding=\"async\" width=\"1024\" height=\"683\" data-id=\"120204\" src=\"https:\/\/quehacerpolitico.mx\/wp-content\/uploads\/2025\/11\/IMG_4832-1024x683.jpeg\" alt=\"\" class=\"wp-image-120204\" srcset=\"https:\/\/quehacerpolitico.mx\/wp-content\/uploads\/2025\/11\/IMG_4832-1024x683.jpeg 1024w, https:\/\/quehacerpolitico.mx\/wp-content\/uploads\/2025\/11\/IMG_4832-300x200.jpeg 300w, https:\/\/quehacerpolitico.mx\/wp-content\/uploads\/2025\/11\/IMG_4832-768x512.jpeg 768w, https:\/\/quehacerpolitico.mx\/wp-content\/uploads\/2025\/11\/IMG_4832.jpeg 1200w\" sizes=\"auto, (max-width: 1024px) 100vw, 1024px\" \/><\/figure>\n\n\n\n<figure class=\"wp-block-image size-large\"><img loading=\"lazy\" decoding=\"async\" width=\"1024\" height=\"682\" data-id=\"120205\" src=\"https:\/\/quehacerpolitico.mx\/wp-content\/uploads\/2025\/11\/IMG_4833-1024x682.jpeg\" alt=\"\" class=\"wp-image-120205\" srcset=\"https:\/\/quehacerpolitico.mx\/wp-content\/uploads\/2025\/11\/IMG_4833-1024x682.jpeg 1024w, https:\/\/quehacerpolitico.mx\/wp-content\/uploads\/2025\/11\/IMG_4833-300x200.jpeg 300w, https:\/\/quehacerpolitico.mx\/wp-content\/uploads\/2025\/11\/IMG_4833-768x511.jpeg 768w, https:\/\/quehacerpolitico.mx\/wp-content\/uploads\/2025\/11\/IMG_4833.jpeg 1200w\" sizes=\"auto, (max-width: 1024px) 100vw, 1024px\" \/><\/figure>\n\n\n\n<figure class=\"wp-block-image size-large\"><img loading=\"lazy\" decoding=\"async\" width=\"1024\" height=\"683\" data-id=\"120206\" src=\"https:\/\/quehacerpolitico.mx\/wp-content\/uploads\/2025\/11\/IMG_4834-1024x683.jpeg\" alt=\"\" class=\"wp-image-120206\" srcset=\"https:\/\/quehacerpolitico.mx\/wp-content\/uploads\/2025\/11\/IMG_4834-1024x683.jpeg 1024w, https:\/\/quehacerpolitico.mx\/wp-content\/uploads\/2025\/11\/IMG_4834-300x200.jpeg 300w, https:\/\/quehacerpolitico.mx\/wp-content\/uploads\/2025\/11\/IMG_4834-768x512.jpeg 768w, https:\/\/quehacerpolitico.mx\/wp-content\/uploads\/2025\/11\/IMG_4834.jpeg 1200w\" sizes=\"auto, (max-width: 1024px) 100vw, 1024px\" \/><\/figure>\n<\/figure>\n\n\n\n<p>Los talleres de artes pl\u00e1sticas y manualidades mantuvieron a las infancias entretenidas: desde<em>Colgante de calaverita estilo mosaico<\/em>, con Telma Ledesma, hasta&nbsp;<em>Mundos superpuestos;<\/em>&nbsp;cada actividad invit\u00f3 a tocar, crear y aprender. Por ejemplo, en algunas zonas era notorio como los aromas dulces de chocolate, jamoncillos y pan de muerto se mezclaban con la risa de ni\u00f1as y ni\u00f1os y el entusiasmo de los padres en cada taller.<\/p>\n\n\n\n<p>El domingo 2 de noviembre, la jornada comenz\u00f3 desde temprano, las familias caminaron hacia las \u00e1reas verdes y eran recibidas con la exposici\u00f3n \u201c25 inframundos\u201d, un recorrido visual por los 25 carteles identificativos que reflejan la transformaci\u00f3n est\u00e9tica y creativa de la Feria de las Calacas desde su primera edici\u00f3n en 2001.<\/p>\n\n\n\n<p>Hubo momento para bailar, cantar y brincar al ritmo de rock con Los Patita de Perro en su concierto \u201cPrimero muertos que perder la vida\u201d, tambi\u00e9n se presentaron Rumba San Feroz y su cumbia para el coraz\u00f3n, y Son Rompe Pera quienes, con ma\u00f1anitas incluidas, hicieron del cierre de los 25 a\u00f1os de la Feria una fiesta familiar al ritmo de marimbas, rock, cumbia y ska.<\/p>\n\n\n\n<p>El fin de semana, el Cenart se llen\u00f3 de un ambiente festivo y comunitario. Las familias caminaron de un escenario a otro para elegir opciones entre cuentacuentos, propuestas esc\u00e9nicas, talleres de artes y recorridos por las ofrendas y puestos de comida; un mosaico de risas, aprendizaje y memoria colectiva.<\/p>\n\n\n\n<p><strong>El Pabell\u00f3n celebr\u00f3 la vida y la memoria<\/strong><\/p>\n\n\n\n<p>Mientras, en el poniente de la Ciudad de M\u00e9xico, el Pabell\u00f3n de Cultura Comunitaria se llen\u00f3 de color, tradici\u00f3n y arte al convertirse, por primera vez, en sede alterna de la XXV Feria de las Calacas.<\/p>\n\n\n\n<p>Durante las jornadas, ni\u00f1as, ni\u00f1os, j\u00f3venes y familias enteras disfrutaron de actividades gratuitas que incluyeron: m\u00fasica, danza, narraci\u00f3n oral y talleres creativos. Destacaron las presentaciones de agrupaciones como Mojiganga Arte Esc\u00e9nico, Nesh-Kala, Bernardo Govea y Karina y su Radio Cafetal, Jarocho, as\u00ed como la participaci\u00f3n de los Semilleros de Oficio y Escritura, quienes compartieron sus saberes y talento en din\u00e1micas abiertas al p\u00fablico.<\/p>\n\n\n\n<figure class=\"wp-block-gallery has-nested-images columns-default is-cropped wp-block-gallery-4 is-layout-flex wp-block-gallery-is-layout-flex\">\n<figure class=\"wp-block-image size-large\"><img loading=\"lazy\" decoding=\"async\" width=\"1024\" height=\"683\" data-id=\"120207\" src=\"https:\/\/quehacerpolitico.mx\/wp-content\/uploads\/2025\/11\/IMG_4835-1024x683.jpeg\" alt=\"\" class=\"wp-image-120207\" srcset=\"https:\/\/quehacerpolitico.mx\/wp-content\/uploads\/2025\/11\/IMG_4835-1024x683.jpeg 1024w, https:\/\/quehacerpolitico.mx\/wp-content\/uploads\/2025\/11\/IMG_4835-300x200.jpeg 300w, https:\/\/quehacerpolitico.mx\/wp-content\/uploads\/2025\/11\/IMG_4835-768x512.jpeg 768w, https:\/\/quehacerpolitico.mx\/wp-content\/uploads\/2025\/11\/IMG_4835.jpeg 1200w\" sizes=\"auto, (max-width: 1024px) 100vw, 1024px\" \/><\/figure>\n\n\n\n<figure class=\"wp-block-image size-large\"><img loading=\"lazy\" decoding=\"async\" width=\"1024\" height=\"682\" data-id=\"120208\" src=\"https:\/\/quehacerpolitico.mx\/wp-content\/uploads\/2025\/11\/IMG_4836-1024x682.jpeg\" alt=\"\" class=\"wp-image-120208\" srcset=\"https:\/\/quehacerpolitico.mx\/wp-content\/uploads\/2025\/11\/IMG_4836-1024x682.jpeg 1024w, https:\/\/quehacerpolitico.mx\/wp-content\/uploads\/2025\/11\/IMG_4836-300x200.jpeg 300w, https:\/\/quehacerpolitico.mx\/wp-content\/uploads\/2025\/11\/IMG_4836-768x512.jpeg 768w, https:\/\/quehacerpolitico.mx\/wp-content\/uploads\/2025\/11\/IMG_4836-1536x1024.jpeg 1536w, https:\/\/quehacerpolitico.mx\/wp-content\/uploads\/2025\/11\/IMG_4836-2048x1365.jpeg 2048w\" sizes=\"auto, (max-width: 1024px) 100vw, 1024px\" \/><\/figure>\n\n\n\n<figure class=\"wp-block-image size-large\"><img loading=\"lazy\" decoding=\"async\" width=\"1024\" height=\"682\" data-id=\"120209\" src=\"https:\/\/quehacerpolitico.mx\/wp-content\/uploads\/2025\/11\/IMG_4837-1024x682.jpeg\" alt=\"\" class=\"wp-image-120209\" srcset=\"https:\/\/quehacerpolitico.mx\/wp-content\/uploads\/2025\/11\/IMG_4837-1024x682.jpeg 1024w, https:\/\/quehacerpolitico.mx\/wp-content\/uploads\/2025\/11\/IMG_4837-300x200.jpeg 300w, https:\/\/quehacerpolitico.mx\/wp-content\/uploads\/2025\/11\/IMG_4837-768x512.jpeg 768w, https:\/\/quehacerpolitico.mx\/wp-content\/uploads\/2025\/11\/IMG_4837-1536x1024.jpeg 1536w, https:\/\/quehacerpolitico.mx\/wp-content\/uploads\/2025\/11\/IMG_4837-2048x1365.jpeg 2048w\" sizes=\"auto, (max-width: 1024px) 100vw, 1024px\" \/><\/figure>\n\n\n\n<figure class=\"wp-block-image size-large\"><img loading=\"lazy\" decoding=\"async\" width=\"1024\" height=\"682\" data-id=\"120210\" src=\"https:\/\/quehacerpolitico.mx\/wp-content\/uploads\/2025\/11\/IMG_4838-1024x682.jpeg\" alt=\"\" class=\"wp-image-120210\" srcset=\"https:\/\/quehacerpolitico.mx\/wp-content\/uploads\/2025\/11\/IMG_4838-1024x682.jpeg 1024w, https:\/\/quehacerpolitico.mx\/wp-content\/uploads\/2025\/11\/IMG_4838-300x200.jpeg 300w, https:\/\/quehacerpolitico.mx\/wp-content\/uploads\/2025\/11\/IMG_4838-768x512.jpeg 768w, https:\/\/quehacerpolitico.mx\/wp-content\/uploads\/2025\/11\/IMG_4838-1536x1024.jpeg 1536w, https:\/\/quehacerpolitico.mx\/wp-content\/uploads\/2025\/11\/IMG_4838-2048x1365.jpeg 2048w\" sizes=\"auto, (max-width: 1024px) 100vw, 1024px\" \/><\/figure>\n\n\n\n<figure class=\"wp-block-image size-large\"><img loading=\"lazy\" decoding=\"async\" width=\"1024\" height=\"682\" data-id=\"120211\" src=\"https:\/\/quehacerpolitico.mx\/wp-content\/uploads\/2025\/11\/IMG_4839-1024x682.jpeg\" alt=\"\" class=\"wp-image-120211\" srcset=\"https:\/\/quehacerpolitico.mx\/wp-content\/uploads\/2025\/11\/IMG_4839-1024x682.jpeg 1024w, https:\/\/quehacerpolitico.mx\/wp-content\/uploads\/2025\/11\/IMG_4839-300x200.jpeg 300w, https:\/\/quehacerpolitico.mx\/wp-content\/uploads\/2025\/11\/IMG_4839-768x512.jpeg 768w, https:\/\/quehacerpolitico.mx\/wp-content\/uploads\/2025\/11\/IMG_4839-1536x1024.jpeg 1536w, https:\/\/quehacerpolitico.mx\/wp-content\/uploads\/2025\/11\/IMG_4839-2048x1365.jpeg 2048w\" sizes=\"auto, (max-width: 1024px) 100vw, 1024px\" \/><\/figure>\n<\/figure>\n\n\n\n<p>La terraza del Pabell\u00f3n se convirti\u00f3 en galer\u00eda con las muestras \u201cLa fiesta de las \u00e1nimas\u201d y \u201c\u00c9rase una vez la muerte 2025\u201d, organizadas por la Secci\u00f3n de Ense\u00f1anzas Art\u00edsticas del Instituto Nacional de Bellas Artes y Literatura (INBAL), integradas por m\u00e1s de 150 obras que celebraron el simbolismo del D\u00eda de Muertos.<\/p>\n\n\n\n<p>Adem\u00e1s, se mont\u00f3 una ofrenda colectiva elaborada por la comunidad, acompa\u00f1ada por talleres de arte, literatura y creaci\u00f3n esc\u00e9nica para la ni\u00f1ez, as\u00ed como la presencia de cocineras tradicionales de Cencalli y productores locales de la Comisi\u00f3n de Recursos Naturales y Desarrollo Rural (CORENADR).<\/p>\n\n\n\n<p>La participaci\u00f3n como sede alterna de la Feria reafirm\u00f3 al Pabell\u00f3n como un espacio vivo de encuentro, aprendizaje y celebraci\u00f3n comunitaria.<\/p>\n\n\n\n<p>Finalmente, la XXV Feria de las de las Calacas de Alas y Ra\u00edces hizo posible la convivencia y el disfrute intergeneracional en el que beb\u00e9s, ni\u00f1as, ni\u00f1os y adolescentes, como protagonistas del festejo, quienes hicieron suyo cada espacio para la participaci\u00f3n, la exploraci\u00f3n y el disfrute de las m\u00faltiples posibilidades que brindan las disciplinas art\u00edsticas, as\u00ed como para la valoraci\u00f3n de la tradici\u00f3n, la identidad cultural, y la creaci\u00f3n individual y en colectivo para celebrar la vida.<\/p>\n","protected":false},"excerpt":{"rendered":"<p>Por Redacci\u00f3n QP La Secretar\u00eda de Cultura del Gobierno de M\u00e9xico,&nbsp;a trav\u00e9s de la Coordinaci\u00f3n&#8230;<\/p>\n","protected":false},"author":2,"featured_media":120204,"comment_status":"open","ping_status":"open","sticky":false,"template":"","format":"standard","meta":{"_monsterinsights_skip_tracking":false,"_monsterinsights_sitenote_active":false,"_monsterinsights_sitenote_note":"","_monsterinsights_sitenote_category":0,"footnotes":""},"categories":[55,58],"tags":[],"class_list":["post-120191","post","type-post","status-publish","format-standard","has-post-thumbnail","hentry","category-cdmx","category-cultura"],"yoast_head":"<!-- This site is optimized with the Yoast SEO plugin v27.3 - https:\/\/yoast.com\/product\/yoast-seo-wordpress\/ -->\n<title>M\u00c1S DE 55 MIL PERSONAS VISITARON\u00a0LA XXV FERIA DE LAS CALACAS\u00a0DE ALAS Y RA\u00cdCES -<\/title>\n<meta name=\"robots\" content=\"index, follow, max-snippet:-1, max-image-preview:large, max-video-preview:-1\" \/>\n<link rel=\"canonical\" href=\"https:\/\/quehacerpolitico.mx\/?p=120191\" \/>\n<meta property=\"og:locale\" content=\"es_MX\" \/>\n<meta property=\"og:type\" content=\"article\" \/>\n<meta property=\"og:title\" content=\"M\u00c1S DE 55 MIL PERSONAS VISITARON\u00a0LA XXV FERIA DE LAS CALACAS\u00a0DE ALAS Y RA\u00cdCES -\" \/>\n<meta property=\"og:description\" content=\"Por Redacci\u00f3n QP La Secretar\u00eda de Cultura del Gobierno de M\u00e9xico,&nbsp;a trav\u00e9s de la Coordinaci\u00f3n...\" \/>\n<meta property=\"og:url\" content=\"https:\/\/quehacerpolitico.mx\/?p=120191\" \/>\n<meta property=\"article:published_time\" content=\"2025-11-04T19:38:51+00:00\" \/>\n<meta property=\"article:modified_time\" content=\"2025-11-04T19:38:54+00:00\" \/>\n<meta property=\"og:image\" content=\"https:\/\/quehacerpolitico.mx\/wp-content\/uploads\/2025\/11\/IMG_4832.jpeg\" \/>\n\t<meta property=\"og:image:width\" content=\"1200\" \/>\n\t<meta property=\"og:image:height\" content=\"800\" \/>\n\t<meta property=\"og:image:type\" content=\"image\/jpeg\" \/>\n<meta name=\"author\" content=\"Redacci\u00f3n QP\" \/>\n<meta name=\"twitter:card\" content=\"summary_large_image\" \/>\n<meta name=\"twitter:label1\" content=\"Escrito por\" \/>\n\t<meta name=\"twitter:data1\" content=\"Redacci\u00f3n QP\" \/>\n\t<meta name=\"twitter:label2\" content=\"Tiempo de lectura\" \/>\n\t<meta name=\"twitter:data2\" content=\"6 minutos\" \/>\n<script type=\"application\/ld+json\" class=\"yoast-schema-graph\">{\"@context\":\"https:\\\/\\\/schema.org\",\"@graph\":[{\"@type\":\"Article\",\"@id\":\"https:\\\/\\\/quehacerpolitico.mx\\\/?p=120191#article\",\"isPartOf\":{\"@id\":\"https:\\\/\\\/quehacerpolitico.mx\\\/?p=120191\"},\"author\":{\"name\":\"Redacci\u00f3n QP\",\"@id\":\"https:\\\/\\\/quehacerpolitico.mx\\\/#\\\/schema\\\/person\\\/496d8ad2d1d3f8036101dca7ee39e585\"},\"headline\":\"M\u00c1S DE 55 MIL PERSONAS VISITARON\u00a0LA XXV FERIA DE LAS CALACAS\u00a0DE ALAS Y RA\u00cdCES\",\"datePublished\":\"2025-11-04T19:38:51+00:00\",\"dateModified\":\"2025-11-04T19:38:54+00:00\",\"mainEntityOfPage\":{\"@id\":\"https:\\\/\\\/quehacerpolitico.mx\\\/?p=120191\"},\"wordCount\":1256,\"commentCount\":0,\"image\":{\"@id\":\"https:\\\/\\\/quehacerpolitico.mx\\\/?p=120191#primaryimage\"},\"thumbnailUrl\":\"https:\\\/\\\/quehacerpolitico.mx\\\/wp-content\\\/uploads\\\/2025\\\/11\\\/IMG_4832.jpeg\",\"articleSection\":[\"CDMX\",\"Cultura y Entretenimiento\"],\"inLanguage\":\"es\",\"potentialAction\":[{\"@type\":\"CommentAction\",\"name\":\"Comment\",\"target\":[\"https:\\\/\\\/quehacerpolitico.mx\\\/?p=120191#respond\"]}]},{\"@type\":\"WebPage\",\"@id\":\"https:\\\/\\\/quehacerpolitico.mx\\\/?p=120191\",\"url\":\"https:\\\/\\\/quehacerpolitico.mx\\\/?p=120191\",\"name\":\"M\u00c1S DE 55 MIL PERSONAS VISITARON\u00a0LA XXV FERIA DE LAS CALACAS\u00a0DE ALAS Y RA\u00cdCES -\",\"isPartOf\":{\"@id\":\"https:\\\/\\\/quehacerpolitico.mx\\\/#website\"},\"primaryImageOfPage\":{\"@id\":\"https:\\\/\\\/quehacerpolitico.mx\\\/?p=120191#primaryimage\"},\"image\":{\"@id\":\"https:\\\/\\\/quehacerpolitico.mx\\\/?p=120191#primaryimage\"},\"thumbnailUrl\":\"https:\\\/\\\/quehacerpolitico.mx\\\/wp-content\\\/uploads\\\/2025\\\/11\\\/IMG_4832.jpeg\",\"datePublished\":\"2025-11-04T19:38:51+00:00\",\"dateModified\":\"2025-11-04T19:38:54+00:00\",\"author\":{\"@id\":\"https:\\\/\\\/quehacerpolitico.mx\\\/#\\\/schema\\\/person\\\/496d8ad2d1d3f8036101dca7ee39e585\"},\"breadcrumb\":{\"@id\":\"https:\\\/\\\/quehacerpolitico.mx\\\/?p=120191#breadcrumb\"},\"inLanguage\":\"es\",\"potentialAction\":[{\"@type\":\"ReadAction\",\"target\":[\"https:\\\/\\\/quehacerpolitico.mx\\\/?p=120191\"]}]},{\"@type\":\"ImageObject\",\"inLanguage\":\"es\",\"@id\":\"https:\\\/\\\/quehacerpolitico.mx\\\/?p=120191#primaryimage\",\"url\":\"https:\\\/\\\/quehacerpolitico.mx\\\/wp-content\\\/uploads\\\/2025\\\/11\\\/IMG_4832.jpeg\",\"contentUrl\":\"https:\\\/\\\/quehacerpolitico.mx\\\/wp-content\\\/uploads\\\/2025\\\/11\\\/IMG_4832.jpeg\",\"width\":1200,\"height\":800},{\"@type\":\"BreadcrumbList\",\"@id\":\"https:\\\/\\\/quehacerpolitico.mx\\\/?p=120191#breadcrumb\",\"itemListElement\":[{\"@type\":\"ListItem\",\"position\":1,\"name\":\"Inicio\",\"item\":\"https:\\\/\\\/quehacerpolitico.mx\\\/\"},{\"@type\":\"ListItem\",\"position\":2,\"name\":\"M\u00c1S DE 55 MIL PERSONAS VISITARON\u00a0LA XXV FERIA DE LAS CALACAS\u00a0DE ALAS Y RA\u00cdCES\"}]},{\"@type\":\"WebSite\",\"@id\":\"https:\\\/\\\/quehacerpolitico.mx\\\/#website\",\"url\":\"https:\\\/\\\/quehacerpolitico.mx\\\/\",\"name\":\"\",\"description\":\"\",\"potentialAction\":[{\"@type\":\"SearchAction\",\"target\":{\"@type\":\"EntryPoint\",\"urlTemplate\":\"https:\\\/\\\/quehacerpolitico.mx\\\/?s={search_term_string}\"},\"query-input\":{\"@type\":\"PropertyValueSpecification\",\"valueRequired\":true,\"valueName\":\"search_term_string\"}}],\"inLanguage\":\"es\"},{\"@type\":\"Person\",\"@id\":\"https:\\\/\\\/quehacerpolitico.mx\\\/#\\\/schema\\\/person\\\/496d8ad2d1d3f8036101dca7ee39e585\",\"name\":\"Redacci\u00f3n QP\",\"image\":{\"@type\":\"ImageObject\",\"inLanguage\":\"es\",\"@id\":\"https:\\\/\\\/secure.gravatar.com\\\/avatar\\\/c7164ed6fdec453195284ad24a5ae5b6e1eed2b848477fa2a4787ba9adf39a41?s=96&d=mm&r=g\",\"url\":\"https:\\\/\\\/secure.gravatar.com\\\/avatar\\\/c7164ed6fdec453195284ad24a5ae5b6e1eed2b848477fa2a4787ba9adf39a41?s=96&d=mm&r=g\",\"contentUrl\":\"https:\\\/\\\/secure.gravatar.com\\\/avatar\\\/c7164ed6fdec453195284ad24a5ae5b6e1eed2b848477fa2a4787ba9adf39a41?s=96&d=mm&r=g\",\"caption\":\"Redacci\u00f3n QP\"},\"url\":\"https:\\\/\\\/quehacerpolitico.mx\\\/?author=2\"}]}<\/script>\n<!-- \/ Yoast SEO plugin. -->","yoast_head_json":{"title":"M\u00c1S DE 55 MIL PERSONAS VISITARON\u00a0LA XXV FERIA DE LAS CALACAS\u00a0DE ALAS Y RA\u00cdCES -","robots":{"index":"index","follow":"follow","max-snippet":"max-snippet:-1","max-image-preview":"max-image-preview:large","max-video-preview":"max-video-preview:-1"},"canonical":"https:\/\/quehacerpolitico.mx\/?p=120191","og_locale":"es_MX","og_type":"article","og_title":"M\u00c1S DE 55 MIL PERSONAS VISITARON\u00a0LA XXV FERIA DE LAS CALACAS\u00a0DE ALAS Y RA\u00cdCES -","og_description":"Por Redacci\u00f3n QP La Secretar\u00eda de Cultura del Gobierno de M\u00e9xico,&nbsp;a trav\u00e9s de la Coordinaci\u00f3n...","og_url":"https:\/\/quehacerpolitico.mx\/?p=120191","article_published_time":"2025-11-04T19:38:51+00:00","article_modified_time":"2025-11-04T19:38:54+00:00","og_image":[{"width":1200,"height":800,"url":"https:\/\/quehacerpolitico.mx\/wp-content\/uploads\/2025\/11\/IMG_4832.jpeg","type":"image\/jpeg"}],"author":"Redacci\u00f3n QP","twitter_card":"summary_large_image","twitter_misc":{"Escrito por":"Redacci\u00f3n QP","Tiempo de lectura":"6 minutos"},"schema":{"@context":"https:\/\/schema.org","@graph":[{"@type":"Article","@id":"https:\/\/quehacerpolitico.mx\/?p=120191#article","isPartOf":{"@id":"https:\/\/quehacerpolitico.mx\/?p=120191"},"author":{"name":"Redacci\u00f3n QP","@id":"https:\/\/quehacerpolitico.mx\/#\/schema\/person\/496d8ad2d1d3f8036101dca7ee39e585"},"headline":"M\u00c1S DE 55 MIL PERSONAS VISITARON\u00a0LA XXV FERIA DE LAS CALACAS\u00a0DE ALAS Y RA\u00cdCES","datePublished":"2025-11-04T19:38:51+00:00","dateModified":"2025-11-04T19:38:54+00:00","mainEntityOfPage":{"@id":"https:\/\/quehacerpolitico.mx\/?p=120191"},"wordCount":1256,"commentCount":0,"image":{"@id":"https:\/\/quehacerpolitico.mx\/?p=120191#primaryimage"},"thumbnailUrl":"https:\/\/quehacerpolitico.mx\/wp-content\/uploads\/2025\/11\/IMG_4832.jpeg","articleSection":["CDMX","Cultura y Entretenimiento"],"inLanguage":"es","potentialAction":[{"@type":"CommentAction","name":"Comment","target":["https:\/\/quehacerpolitico.mx\/?p=120191#respond"]}]},{"@type":"WebPage","@id":"https:\/\/quehacerpolitico.mx\/?p=120191","url":"https:\/\/quehacerpolitico.mx\/?p=120191","name":"M\u00c1S DE 55 MIL PERSONAS VISITARON\u00a0LA XXV FERIA DE LAS CALACAS\u00a0DE ALAS Y RA\u00cdCES -","isPartOf":{"@id":"https:\/\/quehacerpolitico.mx\/#website"},"primaryImageOfPage":{"@id":"https:\/\/quehacerpolitico.mx\/?p=120191#primaryimage"},"image":{"@id":"https:\/\/quehacerpolitico.mx\/?p=120191#primaryimage"},"thumbnailUrl":"https:\/\/quehacerpolitico.mx\/wp-content\/uploads\/2025\/11\/IMG_4832.jpeg","datePublished":"2025-11-04T19:38:51+00:00","dateModified":"2025-11-04T19:38:54+00:00","author":{"@id":"https:\/\/quehacerpolitico.mx\/#\/schema\/person\/496d8ad2d1d3f8036101dca7ee39e585"},"breadcrumb":{"@id":"https:\/\/quehacerpolitico.mx\/?p=120191#breadcrumb"},"inLanguage":"es","potentialAction":[{"@type":"ReadAction","target":["https:\/\/quehacerpolitico.mx\/?p=120191"]}]},{"@type":"ImageObject","inLanguage":"es","@id":"https:\/\/quehacerpolitico.mx\/?p=120191#primaryimage","url":"https:\/\/quehacerpolitico.mx\/wp-content\/uploads\/2025\/11\/IMG_4832.jpeg","contentUrl":"https:\/\/quehacerpolitico.mx\/wp-content\/uploads\/2025\/11\/IMG_4832.jpeg","width":1200,"height":800},{"@type":"BreadcrumbList","@id":"https:\/\/quehacerpolitico.mx\/?p=120191#breadcrumb","itemListElement":[{"@type":"ListItem","position":1,"name":"Inicio","item":"https:\/\/quehacerpolitico.mx\/"},{"@type":"ListItem","position":2,"name":"M\u00c1S DE 55 MIL PERSONAS VISITARON\u00a0LA XXV FERIA DE LAS CALACAS\u00a0DE ALAS Y RA\u00cdCES"}]},{"@type":"WebSite","@id":"https:\/\/quehacerpolitico.mx\/#website","url":"https:\/\/quehacerpolitico.mx\/","name":"","description":"","potentialAction":[{"@type":"SearchAction","target":{"@type":"EntryPoint","urlTemplate":"https:\/\/quehacerpolitico.mx\/?s={search_term_string}"},"query-input":{"@type":"PropertyValueSpecification","valueRequired":true,"valueName":"search_term_string"}}],"inLanguage":"es"},{"@type":"Person","@id":"https:\/\/quehacerpolitico.mx\/#\/schema\/person\/496d8ad2d1d3f8036101dca7ee39e585","name":"Redacci\u00f3n QP","image":{"@type":"ImageObject","inLanguage":"es","@id":"https:\/\/secure.gravatar.com\/avatar\/c7164ed6fdec453195284ad24a5ae5b6e1eed2b848477fa2a4787ba9adf39a41?s=96&d=mm&r=g","url":"https:\/\/secure.gravatar.com\/avatar\/c7164ed6fdec453195284ad24a5ae5b6e1eed2b848477fa2a4787ba9adf39a41?s=96&d=mm&r=g","contentUrl":"https:\/\/secure.gravatar.com\/avatar\/c7164ed6fdec453195284ad24a5ae5b6e1eed2b848477fa2a4787ba9adf39a41?s=96&d=mm&r=g","caption":"Redacci\u00f3n QP"},"url":"https:\/\/quehacerpolitico.mx\/?author=2"}]}},"featured_image_urls":{"full":["https:\/\/quehacerpolitico.mx\/wp-content\/uploads\/2025\/11\/IMG_4832.jpeg",1200,800,false],"thumbnail":["https:\/\/quehacerpolitico.mx\/wp-content\/uploads\/2025\/11\/IMG_4832-150x150.jpeg",150,150,true],"medium":["https:\/\/quehacerpolitico.mx\/wp-content\/uploads\/2025\/11\/IMG_4832-300x200.jpeg",300,200,true],"medium_large":["https:\/\/quehacerpolitico.mx\/wp-content\/uploads\/2025\/11\/IMG_4832-768x512.jpeg",640,427,true],"large":["https:\/\/quehacerpolitico.mx\/wp-content\/uploads\/2025\/11\/IMG_4832-1024x683.jpeg",640,427,true],"1536x1536":["https:\/\/quehacerpolitico.mx\/wp-content\/uploads\/2025\/11\/IMG_4832.jpeg",1200,800,false],"2048x2048":["https:\/\/quehacerpolitico.mx\/wp-content\/uploads\/2025\/11\/IMG_4832.jpeg",1200,800,false],"covernews-featured":["https:\/\/quehacerpolitico.mx\/wp-content\/uploads\/2025\/11\/IMG_4832-1024x683.jpeg",1024,683,true],"covernews-medium":["https:\/\/quehacerpolitico.mx\/wp-content\/uploads\/2025\/11\/IMG_4832-540x340.jpeg",540,340,true]},"author_info":{"display_name":"Redacci\u00f3n QP","author_link":"https:\/\/quehacerpolitico.mx\/?author=2"},"category_info":"<a href=\"https:\/\/quehacerpolitico.mx\/?cat=55\" rel=\"category\">CDMX<\/a> <a href=\"https:\/\/quehacerpolitico.mx\/?cat=58\" rel=\"category\">Cultura y Entretenimiento<\/a>","tag_info":"Cultura y Entretenimiento","comment_count":"0","_links":{"self":[{"href":"https:\/\/quehacerpolitico.mx\/index.php?rest_route=\/wp\/v2\/posts\/120191","targetHints":{"allow":["GET"]}}],"collection":[{"href":"https:\/\/quehacerpolitico.mx\/index.php?rest_route=\/wp\/v2\/posts"}],"about":[{"href":"https:\/\/quehacerpolitico.mx\/index.php?rest_route=\/wp\/v2\/types\/post"}],"author":[{"embeddable":true,"href":"https:\/\/quehacerpolitico.mx\/index.php?rest_route=\/wp\/v2\/users\/2"}],"replies":[{"embeddable":true,"href":"https:\/\/quehacerpolitico.mx\/index.php?rest_route=%2Fwp%2Fv2%2Fcomments&post=120191"}],"version-history":[{"count":1,"href":"https:\/\/quehacerpolitico.mx\/index.php?rest_route=\/wp\/v2\/posts\/120191\/revisions"}],"predecessor-version":[{"id":120212,"href":"https:\/\/quehacerpolitico.mx\/index.php?rest_route=\/wp\/v2\/posts\/120191\/revisions\/120212"}],"wp:featuredmedia":[{"embeddable":true,"href":"https:\/\/quehacerpolitico.mx\/index.php?rest_route=\/wp\/v2\/media\/120204"}],"wp:attachment":[{"href":"https:\/\/quehacerpolitico.mx\/index.php?rest_route=%2Fwp%2Fv2%2Fmedia&parent=120191"}],"wp:term":[{"taxonomy":"category","embeddable":true,"href":"https:\/\/quehacerpolitico.mx\/index.php?rest_route=%2Fwp%2Fv2%2Fcategories&post=120191"},{"taxonomy":"post_tag","embeddable":true,"href":"https:\/\/quehacerpolitico.mx\/index.php?rest_route=%2Fwp%2Fv2%2Ftags&post=120191"}],"curies":[{"name":"wp","href":"https:\/\/api.w.org\/{rel}","templated":true}]}}