{"id":120164,"date":"2025-10-31T14:30:03","date_gmt":"2025-10-31T20:30:03","guid":{"rendered":"https:\/\/quehacerpolitico.mx\/?p=120164"},"modified":"2025-10-31T14:30:09","modified_gmt":"2025-10-31T20:30:09","slug":"no-entendemos-la-decision-del-departamento-de-transporte-dice-sheinbaum-tras-cancelacion-de-eu-a-vuelos-del-aifa","status":"publish","type":"post","link":"https:\/\/quehacerpolitico.mx\/?p=120164","title":{"rendered":"&#8220;No entendemos la decisi\u00f3n del Departamento de Transporte&#8221;, dice Sheinbaum tras cancelaci\u00f3n de EU a vuelos del AIFA"},"content":{"rendered":"\n<p>Por Redacci\u00f3n QP<\/p>\n\n\n\n<p>La mandataria dijo que anular el decreto expedido en 2023 por el expresidente Andr\u00e9s Manuel L\u00f3pez Obrador llevar\u00eda a problemas de seguridad en el AICM<\/p>\n\n\n\n<p>La presidenta&nbsp;<strong>Claudia Sheinbaum<\/strong>&nbsp;dijo este viernes&nbsp;<strong>no entender la decisi\u00f3n del Departamento de Transporte de Estados Unidos<\/strong>&nbsp;de revocar la aprobaci\u00f3n de 13 rutas de aerol\u00edneas mexicanas y cancelar todos los vuelos desde el Aeropuerto Internacional Felipe \u00c1ngeles.&nbsp;<\/p>\n\n\n\n<p>En conferencia de prensa, la mandataria asegur\u00f3 que\u00a0<strong>anular el decreto<\/strong>\u00a0que proh\u00edbe las operaciones de transporte de carga en el Aeropuerto Internacional Benito Ju\u00e1rez (AICM), emitido por Andr\u00e9s Manuel L\u00f3pez Obrador en 2023, llevar\u00eda a\u00a0<strong>problemas de seguridad.<\/strong><\/p>\n\n\n\n<figure class=\"wp-block-embed is-type-rich is-provider-twitter wp-block-embed-twitter\"><div class=\"wp-block-embed__wrapper\">\n<blockquote class=\"twitter-tweet\" data-width=\"550\" data-dnt=\"true\"><p lang=\"es\" dir=\"ltr\">Pese a la revocaci\u00f3n de 13 rutas hacia EU, Sheinbaum insiste en mantener los vuelos de carga en el AIFA.<br><br>Asegura que se trata de una decisi\u00f3n t\u00e9cnica, no pol\u00edtica&#8230; eso dice. <a href=\"https:\/\/t.co\/8IbMvZpMA7\">pic.twitter.com\/8IbMvZpMA7<\/a><\/p>&mdash; Manuel Lopez San Martin (@MLopezSanMartin) <a href=\"https:\/\/twitter.com\/MLopezSanMartin\/status\/1984278831579160918?ref_src=twsrc%5Etfw\">October 31, 2025<\/a><\/blockquote><script async src=\"https:\/\/platform.twitter.com\/widgets.js\" charset=\"utf-8\"><\/script>\n<\/div><\/figure>\n\n\n\n<p>&#8220;No entendemos la decisi\u00f3n del Departamento de Transporte de Estados Unidos, pero como siempre vamos a\u00a0<strong>buscar el di\u00e1logo\u00a0<\/strong>para resolverlo,\u00a0y\u00a0no poner en riesgo ni a los usuarios ni a la operaci\u00f3n del propio Aeropuerto de la Ciudad de M\u00e9xico&#8221;, dijo.<\/p>\n\n\n\n<p>De acuerdo con Sheinbaum Pardo, eliminar el decreto provocar\u00eda una&nbsp;<strong>saturaci\u00f3n en el AICM<\/strong>&nbsp;con el regreso del transporte de carga.&nbsp;<\/p>\n\n\n\n<p>Asimismo, la mandataria se\u00f1al\u00f3 que su gobierno no considera que se haya\u00a0<strong>afectado la competencia de las aerol\u00edneas estadounidenses\u00a0<\/strong>y destac\u00f3 que las mexicanas hicieron un acuerdo para distribuir de mejor manera los n\u00fameros de vuelos.<\/p>\n\n\n\n<p>&#8220;Estamos de acuerdo en que no se favorezca ninguna l\u00ednea a\u00e9rea en el marco de la competencia y de los acuerdos comerciales. Pero lo que no estamos de acuerdo es que se ponga en riesgo a los usuarios y que adem\u00e1s inversiones que ya hicieron las propias l\u00edneas que se dedican a la carga en el AIFA, pues tenga un retroceso&#8221;, a\u00f1adi\u00f3.<\/p>\n\n\n\n<p><strong>Claudia Sheinbaum&nbsp;<\/strong>anunci\u00f3 que este viernes, a la 1:00 de la tarde, tendr\u00e1 una reuni\u00f3n con las&nbsp;las principales aerol\u00edneas de pasajeros que son las m\u00e1s afectadas por la nueva medida de Estados Unidos.<\/p>\n\n\n\n<p>En dicha reuni\u00f3n participar\u00e1 el secretario de la Marina,&nbsp;<strong>Raymundo Pedro Morales \u00c1ngeles;<\/strong>&nbsp;el director general del AICM, el&nbsp;almirante&nbsp;<strong>Juan Jos\u00e9 Padilla Olmos<\/strong>; y el director general del AIFA, el&nbsp;brigadier<strong>&nbsp;Isidoro Pastor Rom\u00e1n.&nbsp;<\/strong><\/p>\n\n\n\n<h2 class=\"wp-block-heading\">EU proh\u00edbe vuelos al AIFA<\/h2>\n\n\n\n<p>El 28 de octubre, las autoridades estadounidense anunciaron que cancelaron los vuelos de&nbsp;<strong>Aerom\u00e9xico<\/strong>,&nbsp;<strong>Volaris<\/strong>&nbsp;y&nbsp;<strong>Viva<\/strong>&nbsp;<strong>Aerobus<\/strong>&nbsp;y congel\u00f3&nbsp;el crecimiento de los servicios combinados de pasajeros y carga, conocidos como &#8220;belly cargo&#8221;, de las aerol\u00edneas mexicanas entre&nbsp;Estados&nbsp;Unidos&nbsp;y el AICM.&nbsp;<\/p>\n\n\n\n<p><strong>Sean Duffy<\/strong>, titular del Departamento de Transporte, acus\u00f3 que M\u00e9xico &#8220;cancel\u00f3 y congel\u00f3 ilegalmente vuelos de transportistas estadounidenses durante tres a\u00f1os sin consecuencias&#8221;.<\/p>\n","protected":false},"excerpt":{"rendered":"<p>Por Redacci\u00f3n QP La mandataria dijo que anular el decreto expedido en 2023 por el&#8230;<\/p>\n","protected":false},"author":2,"featured_media":120165,"comment_status":"open","ping_status":"open","sticky":false,"template":"","format":"standard","meta":{"_monsterinsights_skip_tracking":false,"_monsterinsights_sitenote_active":false,"_monsterinsights_sitenote_note":"","_monsterinsights_sitenote_category":0,"footnotes":""},"categories":[280,2],"tags":[],"class_list":["post-120164","post","type-post","status-publish","format-standard","has-post-thumbnail","hentry","category-nacionales","category-noticias"],"yoast_head":"<!-- This site is optimized with the Yoast SEO plugin v27.3 - https:\/\/yoast.com\/product\/yoast-seo-wordpress\/ -->\n<title>&quot;No entendemos la decisi\u00f3n del Departamento de Transporte&quot;, dice Sheinbaum tras cancelaci\u00f3n de EU a vuelos del AIFA -<\/title>\n<meta name=\"robots\" content=\"index, follow, max-snippet:-1, max-image-preview:large, max-video-preview:-1\" \/>\n<link rel=\"canonical\" href=\"https:\/\/quehacerpolitico.mx\/?p=120164\" \/>\n<meta property=\"og:locale\" content=\"es_MX\" \/>\n<meta property=\"og:type\" content=\"article\" \/>\n<meta property=\"og:title\" content=\"&quot;No entendemos la decisi\u00f3n del Departamento de Transporte&quot;, dice Sheinbaum tras cancelaci\u00f3n de EU a vuelos del AIFA -\" \/>\n<meta property=\"og:description\" content=\"Por Redacci\u00f3n QP La mandataria dijo que anular el decreto expedido en 2023 por el...\" \/>\n<meta property=\"og:url\" content=\"https:\/\/quehacerpolitico.mx\/?p=120164\" \/>\n<meta property=\"article:published_time\" content=\"2025-10-31T20:30:03+00:00\" \/>\n<meta property=\"article:modified_time\" content=\"2025-10-31T20:30:09+00:00\" \/>\n<meta property=\"og:image\" content=\"https:\/\/quehacerpolitico.mx\/wp-content\/uploads\/2025\/10\/IMG_4776.jpeg\" \/>\n\t<meta property=\"og:image:width\" content=\"1170\" \/>\n\t<meta property=\"og:image:height\" content=\"641\" \/>\n\t<meta property=\"og:image:type\" content=\"image\/jpeg\" \/>\n<meta name=\"author\" content=\"Redacci\u00f3n QP\" \/>\n<meta name=\"twitter:card\" content=\"summary_large_image\" \/>\n<meta name=\"twitter:label1\" content=\"Escrito por\" \/>\n\t<meta name=\"twitter:data1\" content=\"Redacci\u00f3n QP\" \/>\n\t<meta name=\"twitter:label2\" content=\"Tiempo de lectura\" \/>\n\t<meta name=\"twitter:data2\" content=\"2 minutos\" \/>\n<script type=\"application\/ld+json\" class=\"yoast-schema-graph\">{\"@context\":\"https:\\\/\\\/schema.org\",\"@graph\":[{\"@type\":\"Article\",\"@id\":\"https:\\\/\\\/quehacerpolitico.mx\\\/?p=120164#article\",\"isPartOf\":{\"@id\":\"https:\\\/\\\/quehacerpolitico.mx\\\/?p=120164\"},\"author\":{\"name\":\"Redacci\u00f3n QP\",\"@id\":\"https:\\\/\\\/quehacerpolitico.mx\\\/#\\\/schema\\\/person\\\/496d8ad2d1d3f8036101dca7ee39e585\"},\"headline\":\"&#8220;No entendemos la decisi\u00f3n del Departamento de Transporte&#8221;, dice Sheinbaum tras cancelaci\u00f3n de EU a vuelos del AIFA\",\"datePublished\":\"2025-10-31T20:30:03+00:00\",\"dateModified\":\"2025-10-31T20:30:09+00:00\",\"mainEntityOfPage\":{\"@id\":\"https:\\\/\\\/quehacerpolitico.mx\\\/?p=120164\"},\"wordCount\":494,\"commentCount\":0,\"image\":{\"@id\":\"https:\\\/\\\/quehacerpolitico.mx\\\/?p=120164#primaryimage\"},\"thumbnailUrl\":\"https:\\\/\\\/quehacerpolitico.mx\\\/wp-content\\\/uploads\\\/2025\\\/10\\\/IMG_4776.jpeg\",\"articleSection\":[\"Nacionales\",\"Noticias\"],\"inLanguage\":\"es\",\"potentialAction\":[{\"@type\":\"CommentAction\",\"name\":\"Comment\",\"target\":[\"https:\\\/\\\/quehacerpolitico.mx\\\/?p=120164#respond\"]}]},{\"@type\":\"WebPage\",\"@id\":\"https:\\\/\\\/quehacerpolitico.mx\\\/?p=120164\",\"url\":\"https:\\\/\\\/quehacerpolitico.mx\\\/?p=120164\",\"name\":\"\\\"No entendemos la decisi\u00f3n del Departamento de Transporte\\\", dice Sheinbaum tras cancelaci\u00f3n de EU a vuelos del AIFA -\",\"isPartOf\":{\"@id\":\"https:\\\/\\\/quehacerpolitico.mx\\\/#website\"},\"primaryImageOfPage\":{\"@id\":\"https:\\\/\\\/quehacerpolitico.mx\\\/?p=120164#primaryimage\"},\"image\":{\"@id\":\"https:\\\/\\\/quehacerpolitico.mx\\\/?p=120164#primaryimage\"},\"thumbnailUrl\":\"https:\\\/\\\/quehacerpolitico.mx\\\/wp-content\\\/uploads\\\/2025\\\/10\\\/IMG_4776.jpeg\",\"datePublished\":\"2025-10-31T20:30:03+00:00\",\"dateModified\":\"2025-10-31T20:30:09+00:00\",\"author\":{\"@id\":\"https:\\\/\\\/quehacerpolitico.mx\\\/#\\\/schema\\\/person\\\/496d8ad2d1d3f8036101dca7ee39e585\"},\"breadcrumb\":{\"@id\":\"https:\\\/\\\/quehacerpolitico.mx\\\/?p=120164#breadcrumb\"},\"inLanguage\":\"es\",\"potentialAction\":[{\"@type\":\"ReadAction\",\"target\":[\"https:\\\/\\\/quehacerpolitico.mx\\\/?p=120164\"]}]},{\"@type\":\"ImageObject\",\"inLanguage\":\"es\",\"@id\":\"https:\\\/\\\/quehacerpolitico.mx\\\/?p=120164#primaryimage\",\"url\":\"https:\\\/\\\/quehacerpolitico.mx\\\/wp-content\\\/uploads\\\/2025\\\/10\\\/IMG_4776.jpeg\",\"contentUrl\":\"https:\\\/\\\/quehacerpolitico.mx\\\/wp-content\\\/uploads\\\/2025\\\/10\\\/IMG_4776.jpeg\",\"width\":1170,\"height\":641,\"caption\":\"Screenshot\"},{\"@type\":\"BreadcrumbList\",\"@id\":\"https:\\\/\\\/quehacerpolitico.mx\\\/?p=120164#breadcrumb\",\"itemListElement\":[{\"@type\":\"ListItem\",\"position\":1,\"name\":\"Inicio\",\"item\":\"https:\\\/\\\/quehacerpolitico.mx\\\/\"},{\"@type\":\"ListItem\",\"position\":2,\"name\":\"&#8220;No entendemos la decisi\u00f3n del Departamento de Transporte&#8221;, dice Sheinbaum tras cancelaci\u00f3n de EU a vuelos del AIFA\"}]},{\"@type\":\"WebSite\",\"@id\":\"https:\\\/\\\/quehacerpolitico.mx\\\/#website\",\"url\":\"https:\\\/\\\/quehacerpolitico.mx\\\/\",\"name\":\"\",\"description\":\"\",\"potentialAction\":[{\"@type\":\"SearchAction\",\"target\":{\"@type\":\"EntryPoint\",\"urlTemplate\":\"https:\\\/\\\/quehacerpolitico.mx\\\/?s={search_term_string}\"},\"query-input\":{\"@type\":\"PropertyValueSpecification\",\"valueRequired\":true,\"valueName\":\"search_term_string\"}}],\"inLanguage\":\"es\"},{\"@type\":\"Person\",\"@id\":\"https:\\\/\\\/quehacerpolitico.mx\\\/#\\\/schema\\\/person\\\/496d8ad2d1d3f8036101dca7ee39e585\",\"name\":\"Redacci\u00f3n QP\",\"image\":{\"@type\":\"ImageObject\",\"inLanguage\":\"es\",\"@id\":\"https:\\\/\\\/secure.gravatar.com\\\/avatar\\\/c7164ed6fdec453195284ad24a5ae5b6e1eed2b848477fa2a4787ba9adf39a41?s=96&d=mm&r=g\",\"url\":\"https:\\\/\\\/secure.gravatar.com\\\/avatar\\\/c7164ed6fdec453195284ad24a5ae5b6e1eed2b848477fa2a4787ba9adf39a41?s=96&d=mm&r=g\",\"contentUrl\":\"https:\\\/\\\/secure.gravatar.com\\\/avatar\\\/c7164ed6fdec453195284ad24a5ae5b6e1eed2b848477fa2a4787ba9adf39a41?s=96&d=mm&r=g\",\"caption\":\"Redacci\u00f3n QP\"},\"url\":\"https:\\\/\\\/quehacerpolitico.mx\\\/?author=2\"}]}<\/script>\n<!-- \/ Yoast SEO plugin. -->","yoast_head_json":{"title":"\"No entendemos la decisi\u00f3n del Departamento de Transporte\", dice Sheinbaum tras cancelaci\u00f3n de EU a vuelos del AIFA -","robots":{"index":"index","follow":"follow","max-snippet":"max-snippet:-1","max-image-preview":"max-image-preview:large","max-video-preview":"max-video-preview:-1"},"canonical":"https:\/\/quehacerpolitico.mx\/?p=120164","og_locale":"es_MX","og_type":"article","og_title":"\"No entendemos la decisi\u00f3n del Departamento de Transporte\", dice Sheinbaum tras cancelaci\u00f3n de EU a vuelos del AIFA -","og_description":"Por Redacci\u00f3n QP La mandataria dijo que anular el decreto expedido en 2023 por el...","og_url":"https:\/\/quehacerpolitico.mx\/?p=120164","article_published_time":"2025-10-31T20:30:03+00:00","article_modified_time":"2025-10-31T20:30:09+00:00","og_image":[{"width":1170,"height":641,"url":"https:\/\/quehacerpolitico.mx\/wp-content\/uploads\/2025\/10\/IMG_4776.jpeg","type":"image\/jpeg"}],"author":"Redacci\u00f3n QP","twitter_card":"summary_large_image","twitter_misc":{"Escrito por":"Redacci\u00f3n QP","Tiempo de lectura":"2 minutos"},"schema":{"@context":"https:\/\/schema.org","@graph":[{"@type":"Article","@id":"https:\/\/quehacerpolitico.mx\/?p=120164#article","isPartOf":{"@id":"https:\/\/quehacerpolitico.mx\/?p=120164"},"author":{"name":"Redacci\u00f3n QP","@id":"https:\/\/quehacerpolitico.mx\/#\/schema\/person\/496d8ad2d1d3f8036101dca7ee39e585"},"headline":"&#8220;No entendemos la decisi\u00f3n del Departamento de Transporte&#8221;, dice Sheinbaum tras cancelaci\u00f3n de EU a vuelos del AIFA","datePublished":"2025-10-31T20:30:03+00:00","dateModified":"2025-10-31T20:30:09+00:00","mainEntityOfPage":{"@id":"https:\/\/quehacerpolitico.mx\/?p=120164"},"wordCount":494,"commentCount":0,"image":{"@id":"https:\/\/quehacerpolitico.mx\/?p=120164#primaryimage"},"thumbnailUrl":"https:\/\/quehacerpolitico.mx\/wp-content\/uploads\/2025\/10\/IMG_4776.jpeg","articleSection":["Nacionales","Noticias"],"inLanguage":"es","potentialAction":[{"@type":"CommentAction","name":"Comment","target":["https:\/\/quehacerpolitico.mx\/?p=120164#respond"]}]},{"@type":"WebPage","@id":"https:\/\/quehacerpolitico.mx\/?p=120164","url":"https:\/\/quehacerpolitico.mx\/?p=120164","name":"\"No entendemos la decisi\u00f3n del Departamento de Transporte\", dice Sheinbaum tras cancelaci\u00f3n de EU a vuelos del AIFA -","isPartOf":{"@id":"https:\/\/quehacerpolitico.mx\/#website"},"primaryImageOfPage":{"@id":"https:\/\/quehacerpolitico.mx\/?p=120164#primaryimage"},"image":{"@id":"https:\/\/quehacerpolitico.mx\/?p=120164#primaryimage"},"thumbnailUrl":"https:\/\/quehacerpolitico.mx\/wp-content\/uploads\/2025\/10\/IMG_4776.jpeg","datePublished":"2025-10-31T20:30:03+00:00","dateModified":"2025-10-31T20:30:09+00:00","author":{"@id":"https:\/\/quehacerpolitico.mx\/#\/schema\/person\/496d8ad2d1d3f8036101dca7ee39e585"},"breadcrumb":{"@id":"https:\/\/quehacerpolitico.mx\/?p=120164#breadcrumb"},"inLanguage":"es","potentialAction":[{"@type":"ReadAction","target":["https:\/\/quehacerpolitico.mx\/?p=120164"]}]},{"@type":"ImageObject","inLanguage":"es","@id":"https:\/\/quehacerpolitico.mx\/?p=120164#primaryimage","url":"https:\/\/quehacerpolitico.mx\/wp-content\/uploads\/2025\/10\/IMG_4776.jpeg","contentUrl":"https:\/\/quehacerpolitico.mx\/wp-content\/uploads\/2025\/10\/IMG_4776.jpeg","width":1170,"height":641,"caption":"Screenshot"},{"@type":"BreadcrumbList","@id":"https:\/\/quehacerpolitico.mx\/?p=120164#breadcrumb","itemListElement":[{"@type":"ListItem","position":1,"name":"Inicio","item":"https:\/\/quehacerpolitico.mx\/"},{"@type":"ListItem","position":2,"name":"&#8220;No entendemos la decisi\u00f3n del Departamento de Transporte&#8221;, dice Sheinbaum tras cancelaci\u00f3n de EU a vuelos del AIFA"}]},{"@type":"WebSite","@id":"https:\/\/quehacerpolitico.mx\/#website","url":"https:\/\/quehacerpolitico.mx\/","name":"","description":"","potentialAction":[{"@type":"SearchAction","target":{"@type":"EntryPoint","urlTemplate":"https:\/\/quehacerpolitico.mx\/?s={search_term_string}"},"query-input":{"@type":"PropertyValueSpecification","valueRequired":true,"valueName":"search_term_string"}}],"inLanguage":"es"},{"@type":"Person","@id":"https:\/\/quehacerpolitico.mx\/#\/schema\/person\/496d8ad2d1d3f8036101dca7ee39e585","name":"Redacci\u00f3n QP","image":{"@type":"ImageObject","inLanguage":"es","@id":"https:\/\/secure.gravatar.com\/avatar\/c7164ed6fdec453195284ad24a5ae5b6e1eed2b848477fa2a4787ba9adf39a41?s=96&d=mm&r=g","url":"https:\/\/secure.gravatar.com\/avatar\/c7164ed6fdec453195284ad24a5ae5b6e1eed2b848477fa2a4787ba9adf39a41?s=96&d=mm&r=g","contentUrl":"https:\/\/secure.gravatar.com\/avatar\/c7164ed6fdec453195284ad24a5ae5b6e1eed2b848477fa2a4787ba9adf39a41?s=96&d=mm&r=g","caption":"Redacci\u00f3n QP"},"url":"https:\/\/quehacerpolitico.mx\/?author=2"}]}},"featured_image_urls":{"full":["https:\/\/quehacerpolitico.mx\/wp-content\/uploads\/2025\/10\/IMG_4776.jpeg",1170,641,false],"thumbnail":["https:\/\/quehacerpolitico.mx\/wp-content\/uploads\/2025\/10\/IMG_4776-150x150.jpeg",150,150,true],"medium":["https:\/\/quehacerpolitico.mx\/wp-content\/uploads\/2025\/10\/IMG_4776-300x164.jpeg",300,164,true],"medium_large":["https:\/\/quehacerpolitico.mx\/wp-content\/uploads\/2025\/10\/IMG_4776-768x421.jpeg",640,351,true],"large":["https:\/\/quehacerpolitico.mx\/wp-content\/uploads\/2025\/10\/IMG_4776-1024x561.jpeg",640,351,true],"1536x1536":["https:\/\/quehacerpolitico.mx\/wp-content\/uploads\/2025\/10\/IMG_4776.jpeg",1170,641,false],"2048x2048":["https:\/\/quehacerpolitico.mx\/wp-content\/uploads\/2025\/10\/IMG_4776.jpeg",1170,641,false],"covernews-featured":["https:\/\/quehacerpolitico.mx\/wp-content\/uploads\/2025\/10\/IMG_4776-1024x561.jpeg",1024,561,true],"covernews-medium":["https:\/\/quehacerpolitico.mx\/wp-content\/uploads\/2025\/10\/IMG_4776-540x340.jpeg",540,340,true]},"author_info":{"display_name":"Redacci\u00f3n QP","author_link":"https:\/\/quehacerpolitico.mx\/?author=2"},"category_info":"<a href=\"https:\/\/quehacerpolitico.mx\/?cat=280\" rel=\"category\">Nacionales<\/a> <a href=\"https:\/\/quehacerpolitico.mx\/?cat=2\" rel=\"category\">Noticias<\/a>","tag_info":"Noticias","comment_count":"0","_links":{"self":[{"href":"https:\/\/quehacerpolitico.mx\/index.php?rest_route=\/wp\/v2\/posts\/120164","targetHints":{"allow":["GET"]}}],"collection":[{"href":"https:\/\/quehacerpolitico.mx\/index.php?rest_route=\/wp\/v2\/posts"}],"about":[{"href":"https:\/\/quehacerpolitico.mx\/index.php?rest_route=\/wp\/v2\/types\/post"}],"author":[{"embeddable":true,"href":"https:\/\/quehacerpolitico.mx\/index.php?rest_route=\/wp\/v2\/users\/2"}],"replies":[{"embeddable":true,"href":"https:\/\/quehacerpolitico.mx\/index.php?rest_route=%2Fwp%2Fv2%2Fcomments&post=120164"}],"version-history":[{"count":1,"href":"https:\/\/quehacerpolitico.mx\/index.php?rest_route=\/wp\/v2\/posts\/120164\/revisions"}],"predecessor-version":[{"id":120166,"href":"https:\/\/quehacerpolitico.mx\/index.php?rest_route=\/wp\/v2\/posts\/120164\/revisions\/120166"}],"wp:featuredmedia":[{"embeddable":true,"href":"https:\/\/quehacerpolitico.mx\/index.php?rest_route=\/wp\/v2\/media\/120165"}],"wp:attachment":[{"href":"https:\/\/quehacerpolitico.mx\/index.php?rest_route=%2Fwp%2Fv2%2Fmedia&parent=120164"}],"wp:term":[{"taxonomy":"category","embeddable":true,"href":"https:\/\/quehacerpolitico.mx\/index.php?rest_route=%2Fwp%2Fv2%2Fcategories&post=120164"},{"taxonomy":"post_tag","embeddable":true,"href":"https:\/\/quehacerpolitico.mx\/index.php?rest_route=%2Fwp%2Fv2%2Ftags&post=120164"}],"curies":[{"name":"wp","href":"https:\/\/api.w.org\/{rel}","templated":true}]}}