{"id":120154,"date":"2025-10-31T09:26:46","date_gmt":"2025-10-31T15:26:46","guid":{"rendered":"https:\/\/quehacerpolitico.mx\/?p=120154"},"modified":"2025-10-31T09:29:39","modified_gmt":"2025-10-31T15:29:39","slug":"echale-una-miradita-a-nuestra-revista-noviembre-2025-inquiere-la-noticia-con-nosotros-de-mexico-y-el-mundo-a-traves-de-las-plumas-de-nuestros-prestigiados-analistas","status":"publish","type":"post","link":"https:\/\/quehacerpolitico.mx\/?p=120154","title":{"rendered":"\u00c9chale una miradita a nuestra Revista Noviembre 2025 Inquiere la Noticia con nosotros de M\u00e9xico y el Mundo a trav\u00e9s de las Plumas de nuestros prestigiados analistas"},"content":{"rendered":"\n<p>Por Redacci\u00f3n QP<\/p>\n\n\n\n<div class=\"_df_book df-lite\" id=\"df_120100\"  _slug=\"noviembre-2025\" data-title=\"noviembre-2025\" wpoptions=\"true\" thumbtype=\"\" ><\/div><script class=\"df-shortcode-script\" nowprocket type=\"application\/javascript\">window.option_df_120100 = {\"outline\":[],\"autoEnableOutline\":\"false\",\"autoEnableThumbnail\":\"false\",\"overwritePDFOutline\":\"false\",\"direction\":\"1\",\"pageSize\":\"0\",\"source\":\"http:\\\/\\\/quehacerpolitico.mx\\\/wp-content\\\/uploads\\\/2025\\\/10\\\/QP-104-NOVIEMBRE-2025-WEB.pdf\",\"wpOptions\":\"true\"}; if(window.DFLIP && window.DFLIP.parseBooks){window.DFLIP.parseBooks();}<\/script>\n","protected":false},"excerpt":{"rendered":"<p>Por Redacci\u00f3n QP<\/p>\n","protected":false},"author":2,"featured_media":120155,"comment_status":"open","ping_status":"open","sticky":false,"template":"","format":"standard","meta":{"_monsterinsights_skip_tracking":false,"_monsterinsights_sitenote_active":false,"_monsterinsights_sitenote_note":"","_monsterinsights_sitenote_category":0,"footnotes":""},"categories":[42],"tags":[300,229,11,62,296,64,232,65,68,69,70,261,17,150,96,73,312,320,74,186,235,140,228,141,310,299,236,181,81,231,31,40,167,88,227,168,317,45,107,46,47,48,219],"class_list":["post-120154","post","type-post","status-publish","format-standard","has-post-thumbnail","hentry","category-revista-digital","tag-alberto-prado","tag-camara-de-diputados-2","tag-camara-de-diputados","tag-camara-de-senadores","tag-capuvd","tag-cdmx","tag-clara-brugada","tag-claudia-sheinbaum","tag-congreso-cdmx","tag-congreso-de-la-cdmx","tag-congresocdmx","tag-diputados","tag-diputados-de-morena-en-la-ciudad-de-mexico","tag-diputados-morena","tag-diputados-naranja","tag-gobierno-cdmx","tag-graciela-barrios","tag-graciela-edith-coronel-barrios","tag-grupo-parlamentario-morena-cdmx","tag-inquiriendo-la-noticia","tag-japa","tag-japamix","tag-japamix-productions","tag-japamixproductions","tag-jose-alberto-prado-angeles-3","tag-jose-alberto-prado-angeles-2","tag-jose-alberto-prado-angeles","tag-mezcal-japamix","tag-mezcaljapamix","tag-omar-garcia-harfuch","tag-pan-cdmx","tag-pri-cdmx","tag-qpmx","tag-quehacer-politico","tag-quehacer-politico-media-group","tag-quehacerpolitico","tag-revista-quehacer-politico","tag-senado-de-la-republica","tag-senado-de-mexico","tag-senado-mexicano","tag-senadores-morena","tag-senadores-pan","tag-sheinbaum"],"yoast_head":"<!-- This site is optimized with the Yoast SEO plugin v27.3 - https:\/\/yoast.com\/product\/yoast-seo-wordpress\/ -->\n<title>\u00c9chale una miradita a nuestra Revista Noviembre 2025 Inquiere la Noticia con nosotros de M\u00e9xico y el Mundo a trav\u00e9s de las Plumas de nuestros prestigiados analistas -<\/title>\n<meta name=\"robots\" content=\"index, follow, max-snippet:-1, max-image-preview:large, max-video-preview:-1\" \/>\n<link rel=\"canonical\" href=\"https:\/\/quehacerpolitico.mx\/?p=120154\" \/>\n<meta property=\"og:locale\" content=\"es_MX\" \/>\n<meta property=\"og:type\" content=\"article\" \/>\n<meta property=\"og:title\" content=\"\u00c9chale una miradita a nuestra Revista Noviembre 2025 Inquiere la Noticia con nosotros de M\u00e9xico y el Mundo a trav\u00e9s de las Plumas de nuestros prestigiados analistas -\" \/>\n<meta property=\"og:description\" content=\"Por Redacci\u00f3n QP\" \/>\n<meta property=\"og:url\" content=\"https:\/\/quehacerpolitico.mx\/?p=120154\" \/>\n<meta property=\"article:published_time\" content=\"2025-10-31T15:26:46+00:00\" \/>\n<meta property=\"article:modified_time\" content=\"2025-10-31T15:29:39+00:00\" \/>\n<meta property=\"og:image\" content=\"https:\/\/quehacerpolitico.mx\/wp-content\/uploads\/2025\/10\/IMG_4765.jpeg\" \/>\n\t<meta property=\"og:image:width\" content=\"1137\" \/>\n\t<meta property=\"og:image:height\" content=\"1474\" \/>\n\t<meta property=\"og:image:type\" content=\"image\/jpeg\" \/>\n<meta name=\"author\" content=\"Redacci\u00f3n QP\" \/>\n<meta name=\"twitter:card\" content=\"summary_large_image\" \/>\n<meta name=\"twitter:label1\" content=\"Escrito por\" \/>\n\t<meta name=\"twitter:data1\" content=\"Redacci\u00f3n QP\" \/>\n<script type=\"application\/ld+json\" class=\"yoast-schema-graph\">{\"@context\":\"https:\\\/\\\/schema.org\",\"@graph\":[{\"@type\":\"Article\",\"@id\":\"https:\\\/\\\/quehacerpolitico.mx\\\/?p=120154#article\",\"isPartOf\":{\"@id\":\"https:\\\/\\\/quehacerpolitico.mx\\\/?p=120154\"},\"author\":{\"name\":\"Redacci\u00f3n QP\",\"@id\":\"https:\\\/\\\/quehacerpolitico.mx\\\/#\\\/schema\\\/person\\\/496d8ad2d1d3f8036101dca7ee39e585\"},\"headline\":\"\u00c9chale una miradita a nuestra Revista Noviembre 2025 Inquiere la Noticia con nosotros de M\u00e9xico y el Mundo a trav\u00e9s de las Plumas de nuestros prestigiados analistas\",\"datePublished\":\"2025-10-31T15:26:46+00:00\",\"dateModified\":\"2025-10-31T15:29:39+00:00\",\"mainEntityOfPage\":{\"@id\":\"https:\\\/\\\/quehacerpolitico.mx\\\/?p=120154\"},\"wordCount\":35,\"commentCount\":0,\"image\":{\"@id\":\"https:\\\/\\\/quehacerpolitico.mx\\\/?p=120154#primaryimage\"},\"thumbnailUrl\":\"https:\\\/\\\/quehacerpolitico.mx\\\/wp-content\\\/uploads\\\/2025\\\/10\\\/IMG_4765.jpeg\",\"keywords\":[\"ALBERTO PRADO\",\"C\u00e1mara de diputados\",\"Camara de Diputados\",\"Camara de Senadores\",\"CAPUVD\",\"CDMX\",\"Clara Brugada\",\"Claudia Sheinbaum\",\"congreso Cdmx\",\"Congreso de la CDMX\",\"CongresoCDMX\",\"Diputados\",\"Diputados de Morena en la Ciudad de Mexico\",\"Diputados Morena\",\"diputados naranja\",\"Gobierno CDMX\",\"GRACIELA BARRIOS\",\"GRACIELA EDITH CORONEL BARRIOS\",\"grupo parlamentario morena CDMX\",\"INQUIRIENDO LA NOTICIA\",\"JAPA\",\"Japamix\",\"JAPAMIX PRODUCTIONS\",\"JapamixProductions\",\"JOSE ALBERTO PRADO \u00c1NGELES\",\"JOS\u00c9 ALBERTO PRADO \u00c1NGELES\",\"Jose Alberto Prado Angeles\",\"mezcal japamix\",\"MezcalJapamix\",\"Omar Garc\u00eda Harfuch\",\"PAN CDMX\",\"PRI CDMX\",\"QPMX\",\"Quehacer Politico\",\"Quehacer Pol\u00edtico media Group\",\"QUEHACERPOLITICO\",\"REVISTA QUEHACER POL\u00cdTICO\",\"Senado de la Republica\",\"Senado de Mexico\",\"Senado Mexicano\",\"Senadores Morena\",\"Senadores PAN\",\"SHEINBAUM\"],\"articleSection\":[\"Revista Digital\"],\"inLanguage\":\"es\",\"potentialAction\":[{\"@type\":\"CommentAction\",\"name\":\"Comment\",\"target\":[\"https:\\\/\\\/quehacerpolitico.mx\\\/?p=120154#respond\"]}]},{\"@type\":\"WebPage\",\"@id\":\"https:\\\/\\\/quehacerpolitico.mx\\\/?p=120154\",\"url\":\"https:\\\/\\\/quehacerpolitico.mx\\\/?p=120154\",\"name\":\"\u00c9chale una miradita a nuestra Revista Noviembre 2025 Inquiere la Noticia con nosotros de M\u00e9xico y el Mundo a trav\u00e9s de las Plumas de nuestros prestigiados analistas -\",\"isPartOf\":{\"@id\":\"https:\\\/\\\/quehacerpolitico.mx\\\/#website\"},\"primaryImageOfPage\":{\"@id\":\"https:\\\/\\\/quehacerpolitico.mx\\\/?p=120154#primaryimage\"},\"image\":{\"@id\":\"https:\\\/\\\/quehacerpolitico.mx\\\/?p=120154#primaryimage\"},\"thumbnailUrl\":\"https:\\\/\\\/quehacerpolitico.mx\\\/wp-content\\\/uploads\\\/2025\\\/10\\\/IMG_4765.jpeg\",\"datePublished\":\"2025-10-31T15:26:46+00:00\",\"dateModified\":\"2025-10-31T15:29:39+00:00\",\"author\":{\"@id\":\"https:\\\/\\\/quehacerpolitico.mx\\\/#\\\/schema\\\/person\\\/496d8ad2d1d3f8036101dca7ee39e585\"},\"breadcrumb\":{\"@id\":\"https:\\\/\\\/quehacerpolitico.mx\\\/?p=120154#breadcrumb\"},\"inLanguage\":\"es\",\"potentialAction\":[{\"@type\":\"ReadAction\",\"target\":[\"https:\\\/\\\/quehacerpolitico.mx\\\/?p=120154\"]}]},{\"@type\":\"ImageObject\",\"inLanguage\":\"es\",\"@id\":\"https:\\\/\\\/quehacerpolitico.mx\\\/?p=120154#primaryimage\",\"url\":\"https:\\\/\\\/quehacerpolitico.mx\\\/wp-content\\\/uploads\\\/2025\\\/10\\\/IMG_4765.jpeg\",\"contentUrl\":\"https:\\\/\\\/quehacerpolitico.mx\\\/wp-content\\\/uploads\\\/2025\\\/10\\\/IMG_4765.jpeg\",\"width\":1137,\"height\":1474,\"caption\":\"Screenshot\"},{\"@type\":\"BreadcrumbList\",\"@id\":\"https:\\\/\\\/quehacerpolitico.mx\\\/?p=120154#breadcrumb\",\"itemListElement\":[{\"@type\":\"ListItem\",\"position\":1,\"name\":\"Inicio\",\"item\":\"https:\\\/\\\/quehacerpolitico.mx\\\/\"},{\"@type\":\"ListItem\",\"position\":2,\"name\":\"\u00c9chale una miradita a nuestra Revista Noviembre 2025 Inquiere la Noticia con nosotros de M\u00e9xico y el Mundo a trav\u00e9s de las Plumas de nuestros prestigiados analistas\"}]},{\"@type\":\"WebSite\",\"@id\":\"https:\\\/\\\/quehacerpolitico.mx\\\/#website\",\"url\":\"https:\\\/\\\/quehacerpolitico.mx\\\/\",\"name\":\"\",\"description\":\"\",\"potentialAction\":[{\"@type\":\"SearchAction\",\"target\":{\"@type\":\"EntryPoint\",\"urlTemplate\":\"https:\\\/\\\/quehacerpolitico.mx\\\/?s={search_term_string}\"},\"query-input\":{\"@type\":\"PropertyValueSpecification\",\"valueRequired\":true,\"valueName\":\"search_term_string\"}}],\"inLanguage\":\"es\"},{\"@type\":\"Person\",\"@id\":\"https:\\\/\\\/quehacerpolitico.mx\\\/#\\\/schema\\\/person\\\/496d8ad2d1d3f8036101dca7ee39e585\",\"name\":\"Redacci\u00f3n QP\",\"image\":{\"@type\":\"ImageObject\",\"inLanguage\":\"es\",\"@id\":\"https:\\\/\\\/secure.gravatar.com\\\/avatar\\\/c7164ed6fdec453195284ad24a5ae5b6e1eed2b848477fa2a4787ba9adf39a41?s=96&d=mm&r=g\",\"url\":\"https:\\\/\\\/secure.gravatar.com\\\/avatar\\\/c7164ed6fdec453195284ad24a5ae5b6e1eed2b848477fa2a4787ba9adf39a41?s=96&d=mm&r=g\",\"contentUrl\":\"https:\\\/\\\/secure.gravatar.com\\\/avatar\\\/c7164ed6fdec453195284ad24a5ae5b6e1eed2b848477fa2a4787ba9adf39a41?s=96&d=mm&r=g\",\"caption\":\"Redacci\u00f3n QP\"},\"url\":\"https:\\\/\\\/quehacerpolitico.mx\\\/?author=2\"}]}<\/script>\n<!-- \/ Yoast SEO plugin. -->","yoast_head_json":{"title":"\u00c9chale una miradita a nuestra Revista Noviembre 2025 Inquiere la Noticia con nosotros de M\u00e9xico y el Mundo a trav\u00e9s de las Plumas de nuestros prestigiados analistas -","robots":{"index":"index","follow":"follow","max-snippet":"max-snippet:-1","max-image-preview":"max-image-preview:large","max-video-preview":"max-video-preview:-1"},"canonical":"https:\/\/quehacerpolitico.mx\/?p=120154","og_locale":"es_MX","og_type":"article","og_title":"\u00c9chale una miradita a nuestra Revista Noviembre 2025 Inquiere la Noticia con nosotros de M\u00e9xico y el Mundo a trav\u00e9s de las Plumas de nuestros prestigiados analistas -","og_description":"Por Redacci\u00f3n QP","og_url":"https:\/\/quehacerpolitico.mx\/?p=120154","article_published_time":"2025-10-31T15:26:46+00:00","article_modified_time":"2025-10-31T15:29:39+00:00","og_image":[{"width":1137,"height":1474,"url":"https:\/\/quehacerpolitico.mx\/wp-content\/uploads\/2025\/10\/IMG_4765.jpeg","type":"image\/jpeg"}],"author":"Redacci\u00f3n QP","twitter_card":"summary_large_image","twitter_misc":{"Escrito por":"Redacci\u00f3n QP"},"schema":{"@context":"https:\/\/schema.org","@graph":[{"@type":"Article","@id":"https:\/\/quehacerpolitico.mx\/?p=120154#article","isPartOf":{"@id":"https:\/\/quehacerpolitico.mx\/?p=120154"},"author":{"name":"Redacci\u00f3n QP","@id":"https:\/\/quehacerpolitico.mx\/#\/schema\/person\/496d8ad2d1d3f8036101dca7ee39e585"},"headline":"\u00c9chale una miradita a nuestra Revista Noviembre 2025 Inquiere la Noticia con nosotros de M\u00e9xico y el Mundo a trav\u00e9s de las Plumas de nuestros prestigiados analistas","datePublished":"2025-10-31T15:26:46+00:00","dateModified":"2025-10-31T15:29:39+00:00","mainEntityOfPage":{"@id":"https:\/\/quehacerpolitico.mx\/?p=120154"},"wordCount":35,"commentCount":0,"image":{"@id":"https:\/\/quehacerpolitico.mx\/?p=120154#primaryimage"},"thumbnailUrl":"https:\/\/quehacerpolitico.mx\/wp-content\/uploads\/2025\/10\/IMG_4765.jpeg","keywords":["ALBERTO PRADO","C\u00e1mara de diputados","Camara de Diputados","Camara de Senadores","CAPUVD","CDMX","Clara Brugada","Claudia Sheinbaum","congreso Cdmx","Congreso de la CDMX","CongresoCDMX","Diputados","Diputados de Morena en la Ciudad de Mexico","Diputados Morena","diputados naranja","Gobierno CDMX","GRACIELA BARRIOS","GRACIELA EDITH CORONEL BARRIOS","grupo parlamentario morena CDMX","INQUIRIENDO LA NOTICIA","JAPA","Japamix","JAPAMIX PRODUCTIONS","JapamixProductions","JOSE ALBERTO PRADO \u00c1NGELES","JOS\u00c9 ALBERTO PRADO \u00c1NGELES","Jose Alberto Prado Angeles","mezcal japamix","MezcalJapamix","Omar Garc\u00eda Harfuch","PAN CDMX","PRI CDMX","QPMX","Quehacer Politico","Quehacer Pol\u00edtico media Group","QUEHACERPOLITICO","REVISTA QUEHACER POL\u00cdTICO","Senado de la Republica","Senado de Mexico","Senado Mexicano","Senadores Morena","Senadores PAN","SHEINBAUM"],"articleSection":["Revista Digital"],"inLanguage":"es","potentialAction":[{"@type":"CommentAction","name":"Comment","target":["https:\/\/quehacerpolitico.mx\/?p=120154#respond"]}]},{"@type":"WebPage","@id":"https:\/\/quehacerpolitico.mx\/?p=120154","url":"https:\/\/quehacerpolitico.mx\/?p=120154","name":"\u00c9chale una miradita a nuestra Revista Noviembre 2025 Inquiere la Noticia con nosotros de M\u00e9xico y el Mundo a trav\u00e9s de las Plumas de nuestros prestigiados analistas -","isPartOf":{"@id":"https:\/\/quehacerpolitico.mx\/#website"},"primaryImageOfPage":{"@id":"https:\/\/quehacerpolitico.mx\/?p=120154#primaryimage"},"image":{"@id":"https:\/\/quehacerpolitico.mx\/?p=120154#primaryimage"},"thumbnailUrl":"https:\/\/quehacerpolitico.mx\/wp-content\/uploads\/2025\/10\/IMG_4765.jpeg","datePublished":"2025-10-31T15:26:46+00:00","dateModified":"2025-10-31T15:29:39+00:00","author":{"@id":"https:\/\/quehacerpolitico.mx\/#\/schema\/person\/496d8ad2d1d3f8036101dca7ee39e585"},"breadcrumb":{"@id":"https:\/\/quehacerpolitico.mx\/?p=120154#breadcrumb"},"inLanguage":"es","potentialAction":[{"@type":"ReadAction","target":["https:\/\/quehacerpolitico.mx\/?p=120154"]}]},{"@type":"ImageObject","inLanguage":"es","@id":"https:\/\/quehacerpolitico.mx\/?p=120154#primaryimage","url":"https:\/\/quehacerpolitico.mx\/wp-content\/uploads\/2025\/10\/IMG_4765.jpeg","contentUrl":"https:\/\/quehacerpolitico.mx\/wp-content\/uploads\/2025\/10\/IMG_4765.jpeg","width":1137,"height":1474,"caption":"Screenshot"},{"@type":"BreadcrumbList","@id":"https:\/\/quehacerpolitico.mx\/?p=120154#breadcrumb","itemListElement":[{"@type":"ListItem","position":1,"name":"Inicio","item":"https:\/\/quehacerpolitico.mx\/"},{"@type":"ListItem","position":2,"name":"\u00c9chale una miradita a nuestra Revista Noviembre 2025 Inquiere la Noticia con nosotros de M\u00e9xico y el Mundo a trav\u00e9s de las Plumas de nuestros prestigiados analistas"}]},{"@type":"WebSite","@id":"https:\/\/quehacerpolitico.mx\/#website","url":"https:\/\/quehacerpolitico.mx\/","name":"","description":"","potentialAction":[{"@type":"SearchAction","target":{"@type":"EntryPoint","urlTemplate":"https:\/\/quehacerpolitico.mx\/?s={search_term_string}"},"query-input":{"@type":"PropertyValueSpecification","valueRequired":true,"valueName":"search_term_string"}}],"inLanguage":"es"},{"@type":"Person","@id":"https:\/\/quehacerpolitico.mx\/#\/schema\/person\/496d8ad2d1d3f8036101dca7ee39e585","name":"Redacci\u00f3n QP","image":{"@type":"ImageObject","inLanguage":"es","@id":"https:\/\/secure.gravatar.com\/avatar\/c7164ed6fdec453195284ad24a5ae5b6e1eed2b848477fa2a4787ba9adf39a41?s=96&d=mm&r=g","url":"https:\/\/secure.gravatar.com\/avatar\/c7164ed6fdec453195284ad24a5ae5b6e1eed2b848477fa2a4787ba9adf39a41?s=96&d=mm&r=g","contentUrl":"https:\/\/secure.gravatar.com\/avatar\/c7164ed6fdec453195284ad24a5ae5b6e1eed2b848477fa2a4787ba9adf39a41?s=96&d=mm&r=g","caption":"Redacci\u00f3n QP"},"url":"https:\/\/quehacerpolitico.mx\/?author=2"}]}},"featured_image_urls":{"full":["https:\/\/quehacerpolitico.mx\/wp-content\/uploads\/2025\/10\/IMG_4765.jpeg",1137,1474,false],"thumbnail":["https:\/\/quehacerpolitico.mx\/wp-content\/uploads\/2025\/10\/IMG_4765-150x150.jpeg",150,150,true],"medium":["https:\/\/quehacerpolitico.mx\/wp-content\/uploads\/2025\/10\/IMG_4765-231x300.jpeg",231,300,true],"medium_large":["https:\/\/quehacerpolitico.mx\/wp-content\/uploads\/2025\/10\/IMG_4765-768x996.jpeg",640,830,true],"large":["https:\/\/quehacerpolitico.mx\/wp-content\/uploads\/2025\/10\/IMG_4765-790x1024.jpeg",640,830,true],"1536x1536":["https:\/\/quehacerpolitico.mx\/wp-content\/uploads\/2025\/10\/IMG_4765.jpeg",1137,1474,false],"2048x2048":["https:\/\/quehacerpolitico.mx\/wp-content\/uploads\/2025\/10\/IMG_4765.jpeg",1137,1474,false],"covernews-featured":["https:\/\/quehacerpolitico.mx\/wp-content\/uploads\/2025\/10\/IMG_4765-1024x1328.jpeg",1024,1328,true],"covernews-medium":["https:\/\/quehacerpolitico.mx\/wp-content\/uploads\/2025\/10\/IMG_4765-540x340.jpeg",540,340,true]},"author_info":{"display_name":"Redacci\u00f3n QP","author_link":"https:\/\/quehacerpolitico.mx\/?author=2"},"category_info":"<a href=\"https:\/\/quehacerpolitico.mx\/?cat=42\" rel=\"category\">Revista Digital<\/a>","tag_info":"Revista Digital","comment_count":"0","_links":{"self":[{"href":"https:\/\/quehacerpolitico.mx\/index.php?rest_route=\/wp\/v2\/posts\/120154","targetHints":{"allow":["GET"]}}],"collection":[{"href":"https:\/\/quehacerpolitico.mx\/index.php?rest_route=\/wp\/v2\/posts"}],"about":[{"href":"https:\/\/quehacerpolitico.mx\/index.php?rest_route=\/wp\/v2\/types\/post"}],"author":[{"embeddable":true,"href":"https:\/\/quehacerpolitico.mx\/index.php?rest_route=\/wp\/v2\/users\/2"}],"replies":[{"embeddable":true,"href":"https:\/\/quehacerpolitico.mx\/index.php?rest_route=%2Fwp%2Fv2%2Fcomments&post=120154"}],"version-history":[{"count":1,"href":"https:\/\/quehacerpolitico.mx\/index.php?rest_route=\/wp\/v2\/posts\/120154\/revisions"}],"predecessor-version":[{"id":120156,"href":"https:\/\/quehacerpolitico.mx\/index.php?rest_route=\/wp\/v2\/posts\/120154\/revisions\/120156"}],"wp:featuredmedia":[{"embeddable":true,"href":"https:\/\/quehacerpolitico.mx\/index.php?rest_route=\/wp\/v2\/media\/120155"}],"wp:attachment":[{"href":"https:\/\/quehacerpolitico.mx\/index.php?rest_route=%2Fwp%2Fv2%2Fmedia&parent=120154"}],"wp:term":[{"taxonomy":"category","embeddable":true,"href":"https:\/\/quehacerpolitico.mx\/index.php?rest_route=%2Fwp%2Fv2%2Fcategories&post=120154"},{"taxonomy":"post_tag","embeddable":true,"href":"https:\/\/quehacerpolitico.mx\/index.php?rest_route=%2Fwp%2Fv2%2Ftags&post=120154"}],"curies":[{"name":"wp","href":"https:\/\/api.w.org\/{rel}","templated":true}]}}