{"id":120126,"date":"2025-10-30T15:51:03","date_gmt":"2025-10-30T21:51:03","guid":{"rendered":"https:\/\/quehacerpolitico.mx\/?p=120126"},"modified":"2025-10-30T16:01:35","modified_gmt":"2025-10-30T22:01:35","slug":"el-quehacer-politico-a-traves-de-la-vision-iliana-berenice-duran-espinosa-donde-celebrar-dia-de-muertos-en-cdmx-con-cenas-tematicas","status":"publish","type":"post","link":"https:\/\/quehacerpolitico.mx\/?p=120126","title":{"rendered":"El Quehacer Pol\u00edtico a trav\u00e9s de la Visi\u00f3n\/\/\/Iliana Berenice Dur\u00e1n Espinosa\/\/\/D\u00f3nde celebrar D\u00eda de Muertos en CDMX con cenas tem\u00e1ticas"},"content":{"rendered":"\n<p>Por Redacci\u00f3n QP<\/p>\n\n\n\n<p>Disfruta de deliciosa cena tem\u00e1tica del D\u00eda de Muertos en la ciudad capitalina<\/p>\n\n\n\n<p><strong>La comida es parte fundamental de D\u00eda de Muertos.<\/strong>&nbsp;Y no solo lo es para los difuntos, sino tambi\u00e9n para los vivos, quienes pueden disfrutar de platillos y sabores especiales de temporada. De hecho, varios restaurantes de la Ciudad de M\u00e9xico (CDMX) organizar\u00e1n cenas tem\u00e1ticas, y aqu\u00ed te proponemos cinco de ellas.<\/p>\n\n\n\n<figure class=\"wp-block-image size-large\"><img loading=\"lazy\" decoding=\"async\" width=\"1024\" height=\"683\" src=\"https:\/\/quehacerpolitico.mx\/wp-content\/uploads\/2025\/10\/IMG_4750-1024x683.jpeg\" alt=\"\" class=\"wp-image-120128\" srcset=\"https:\/\/quehacerpolitico.mx\/wp-content\/uploads\/2025\/10\/IMG_4750-1024x683.jpeg 1024w, https:\/\/quehacerpolitico.mx\/wp-content\/uploads\/2025\/10\/IMG_4750-300x200.jpeg 300w, https:\/\/quehacerpolitico.mx\/wp-content\/uploads\/2025\/10\/IMG_4750-768x512.jpeg 768w, https:\/\/quehacerpolitico.mx\/wp-content\/uploads\/2025\/10\/IMG_4750-1536x1024.jpeg 1536w, https:\/\/quehacerpolitico.mx\/wp-content\/uploads\/2025\/10\/IMG_4750-2048x1365.jpeg 2048w\" sizes=\"auto, (max-width: 1024px) 100vw, 1024px\" \/><\/figure>\n\n\n\n<h2 class=\"wp-block-heading\">Sepia en Roma Norte<\/h2>\n\n\n\n<p>En la vibrante colonia Roma Norte (cerca de Avenida Chapultepec), una de sus tantas casonas porfirianas alberga el restaurante&nbsp;<strong>Sepia Cucina Italiana,<\/strong>&nbsp;con un interior moderno que contrasta con la fachada. Ah\u00ed, de las creaciones del chef Juli\u00e1n Mart\u00ednez, naci\u00f3 la \u2018Cena Negra\u2019, un men\u00fa de 6 tiempos que mezcla ingredientes mexicanos y especialidades italianas.<\/p>\n\n\n\n<ul class=\"wp-block-list\">\n<li><mark><strong>La cena tem\u00e1tica ser\u00e1 el 31 de octubre a partir de las 7:00 p.m.<\/strong><\/mark><\/li>\n\n\n\n<li>El precio por persona es de mil 390 pesos.<\/li>\n\n\n\n<li>Reserva en WhatsApp:&nbsp;<a href=\"tel:(55) 9299 4040\">(55) 9299 4040<\/a>.<\/li>\n<\/ul>\n\n\n\n<h2 class=\"wp-block-heading\">At\u00edpico en Parque La Mexicana<\/h2>\n\n\n\n<p>En pleno coraz\u00f3n del Parque La Mexicana (en Santa Fe) se levanta un edificio contempor\u00e1neo de concreto expuesto, interiores amaderados y ventanales de cristal: se trata de&nbsp;<strong>At\u00edpico<\/strong>, un restaurante de gastronom\u00eda internacional y cocteler\u00eda s\u00faper&nbsp;<em>instagrameable<\/em>.<\/p>\n\n\n\n<figure class=\"wp-block-image size-large\"><img loading=\"lazy\" decoding=\"async\" width=\"1024\" height=\"681\" src=\"https:\/\/quehacerpolitico.mx\/wp-content\/uploads\/2025\/10\/IMG_4748-1024x681.jpeg\" alt=\"\" class=\"wp-image-120130\" srcset=\"https:\/\/quehacerpolitico.mx\/wp-content\/uploads\/2025\/10\/IMG_4748-1024x681.jpeg 1024w, https:\/\/quehacerpolitico.mx\/wp-content\/uploads\/2025\/10\/IMG_4748-300x200.jpeg 300w, https:\/\/quehacerpolitico.mx\/wp-content\/uploads\/2025\/10\/IMG_4748-768x511.jpeg 768w, https:\/\/quehacerpolitico.mx\/wp-content\/uploads\/2025\/10\/IMG_4748-1536x1021.jpeg 1536w, https:\/\/quehacerpolitico.mx\/wp-content\/uploads\/2025\/10\/IMG_4748.jpeg 1600w\" sizes=\"auto, (max-width: 1024px) 100vw, 1024px\" \/><\/figure>\n\n\n\n<p>Para conmemorar el D\u00eda de Muertos, la chef Claudia de Murga dise\u00f1\u00f3 la \u2018Cena de las \u00c1nimas\u2019 con un men\u00fa de 9 tiempos que tambi\u00e9n incluye una selecci\u00f3n de cocteles inspirados en el mundo prehisp\u00e1nico, como el chocolate artesanal infusionado con especias, licor de avellana y espuma de pl\u00e1tano, acompa\u00f1ado de un pan de muerto relleno de helado de cempas\u00fachil y naranja confitada.<\/p>\n\n\n\n<ul class=\"wp-block-list\">\n<li><mark><strong>La cena tem\u00e1tica ser\u00e1 hoy a las 8:00 p.m.<\/strong><\/mark><\/li>\n\n\n\n<li>Tiene un precio de 2 mil 200 pesos por persona.<\/li>\n\n\n\n<li>Reserva al Whatsapp:&nbsp;<a href=\"tel:(55) 4350 9256\">(55) 4350 9256<\/a>.<\/li>\n<\/ul>\n\n\n\n<h2 class=\"wp-block-heading\">Cityzen en Paseo de la Reforma<\/h2>\n\n\n\n<p>En pleno Paseo de la Reforma, en el piso 38 del hotel Sofitel Mexico City Reforma, el restaurante\/bar\/rooftop&nbsp;<strong>Cityzen&nbsp;<\/strong>es uno de los spots panor\u00e1micos m\u00e1s impresionantes de la CDMX, pues ofrece vistas de 180\u00b0, as\u00ed como platillos y bebidas de fusi\u00f3n gastronom\u00eda mexicana y francesa.<\/p>\n\n\n\n<p>Para celebrar el D\u00eda de Muertos, tendr\u00e1n \u2018La Cena Negra\u2019 o \u2018Les \u00c2mes du Mexique\u2019, una experiencia gastron\u00f3mica que comienza con un maquillaje de catr\u00edn o catrina en el lobby bar (piso 14) y un men\u00fa de 4 tiempos con cocteler\u00eda de Don Julio.<\/p>\n\n\n\n<ul class=\"wp-block-list\">\n<li><mark><strong>Disponible los d\u00edas 31 de octubre y 1 de noviembre desde las 7:00 p.m.<\/strong><\/mark><\/li>\n\n\n\n<li>La cena tem\u00e1tica tiene un costo de 2 mil 900 pesos por persona si es en el interior del restaurante y 3 mil 300 en terraza.<\/li>\n\n\n\n<li>Reserva en la p\u00e1gina de OpenTable.<\/li>\n<\/ul>\n\n\n\n<h2 class=\"wp-block-heading\">Antigua Hacienda de Tlalpan<\/h2>\n\n\n\n<p>La alcald\u00eda Tlalpan presume uno de los barrios m\u00e1s bonitos en la CDMX, con hist\u00f3ricas construcciones coloniales, como la Antigua Hacienda de Tlalpan, edificada en 1837. La experiencia de D\u00eda de Muertos llamada \u2018Noche de Leyendas\u2019 incluye un taller de calaveras, coctel de bienvenida y un men\u00fa de 4 tiempos maridado con vinos. Sus platillos m\u00e1s destacados son: d\u00fao de corundas (de pollo con flor de calabaza y frijoles con queso) y risotto de huitlacoche.<\/p>\n\n\n\n<ul class=\"wp-block-list\">\n<li><mark><strong>Disponible el 1 de noviembre, a partir de las 8:00 p.m.<\/strong><\/mark><\/li>\n\n\n\n<li>Lee tambi\u00e9n: Light Cycles: as\u00ed es la experiencia inmersiva en Chapultepec<\/li>\n\n\n\n<li>La cena tem\u00e1tica tiene un costo de &nbsp;mil 750 pesos por persona.<\/li>\n\n\n\n<li>Reserva en el tel\u00e9fono:&nbsp;<a href=\"tel:(55) 5655 7888\">(55) 5655 7888<\/a>.<\/li>\n<\/ul>\n\n\n\n<h3 class=\"wp-block-heading\">Gran Cantina Filomeno en Roma Norte<\/h3>\n\n\n\n<p>Rodeada de casonas porfirianas, la Gran Cantina Filomeno, que recrea el ambiente y comida de las cantinas de inicios del siglo XX, tendr\u00e1 una experiencia gastron\u00f3mica especial por D\u00eda de Muertos, la cual consta de un desfile y concurso de catrinas a cargo de la compa\u00f1\u00eda de teatro Skenika y una cena de 5 tiempos con maridaje.<\/p>\n\n\n\n<figure class=\"wp-block-image size-full\"><img loading=\"lazy\" decoding=\"async\" width=\"739\" height=\"415\" src=\"https:\/\/quehacerpolitico.mx\/wp-content\/uploads\/2025\/10\/IMG_4749.jpeg\" alt=\"\" class=\"wp-image-120129\" srcset=\"https:\/\/quehacerpolitico.mx\/wp-content\/uploads\/2025\/10\/IMG_4749.jpeg 739w, https:\/\/quehacerpolitico.mx\/wp-content\/uploads\/2025\/10\/IMG_4749-300x168.jpeg 300w\" sizes=\"auto, (max-width: 739px) 100vw, 739px\" \/><\/figure>\n\n\n\n<p>Aqu\u00ed podr\u00e1s probar el minisope de escamol (larvas de hormiga), el mole blanco con pollo y la capirotada con caviar.<\/p>\n\n\n\n<ul class=\"wp-block-list\">\n<li><mark><strong>Se celebrar\u00e1 el 1 de noviembre, a partir de las 8:00 p.m.<\/strong><\/mark><\/li>\n\n\n\n<li>La cena tem\u00e1tica tiene un costo de 2 mil 600 pesos por persona.<\/li>\n\n\n\n<li>Reserva en OpenTable.<\/li>\n<\/ul>\n\n\n\n<p>Con informaci\u00f3n de SUN<\/p>\n","protected":false},"excerpt":{"rendered":"<p>Por Redacci\u00f3n QP Disfruta de deliciosa cena tem\u00e1tica del D\u00eda de Muertos en la ciudad&#8230;<\/p>\n","protected":false},"author":2,"featured_media":120131,"comment_status":"open","ping_status":"open","sticky":false,"template":"","format":"standard","meta":{"_monsterinsights_skip_tracking":false,"_monsterinsights_sitenote_active":false,"_monsterinsights_sitenote_note":"","_monsterinsights_sitenote_category":0,"footnotes":""},"categories":[55,58],"tags":[],"class_list":["post-120126","post","type-post","status-publish","format-standard","has-post-thumbnail","hentry","category-cdmx","category-cultura"],"yoast_head":"<!-- This site is optimized with the Yoast SEO plugin v27.3 - https:\/\/yoast.com\/product\/yoast-seo-wordpress\/ -->\n<title>El Quehacer Pol\u00edtico a trav\u00e9s de la Visi\u00f3n\/\/\/Iliana Berenice Dur\u00e1n Espinosa\/\/\/D\u00f3nde celebrar D\u00eda de Muertos en CDMX con cenas tem\u00e1ticas -<\/title>\n<meta name=\"robots\" content=\"index, follow, max-snippet:-1, max-image-preview:large, max-video-preview:-1\" \/>\n<link rel=\"canonical\" href=\"https:\/\/quehacerpolitico.mx\/?p=120126\" \/>\n<meta property=\"og:locale\" content=\"es_MX\" \/>\n<meta property=\"og:type\" content=\"article\" \/>\n<meta property=\"og:title\" content=\"El Quehacer Pol\u00edtico a trav\u00e9s de la Visi\u00f3n\/\/\/Iliana Berenice Dur\u00e1n Espinosa\/\/\/D\u00f3nde celebrar D\u00eda de Muertos en CDMX con cenas tem\u00e1ticas -\" \/>\n<meta property=\"og:description\" content=\"Por Redacci\u00f3n QP Disfruta de deliciosa cena tem\u00e1tica del D\u00eda de Muertos en la ciudad...\" \/>\n<meta property=\"og:url\" content=\"https:\/\/quehacerpolitico.mx\/?p=120126\" \/>\n<meta property=\"article:published_time\" content=\"2025-10-30T21:51:03+00:00\" \/>\n<meta property=\"article:modified_time\" content=\"2025-10-30T22:01:35+00:00\" \/>\n<meta property=\"og:image\" content=\"https:\/\/quehacerpolitico.mx\/wp-content\/uploads\/2025\/10\/f88f54df-1189-42e8-8f98-44b4c2b9c0d8-4.jpeg\" \/>\n\t<meta property=\"og:image:width\" content=\"963\" \/>\n\t<meta property=\"og:image:height\" content=\"493\" \/>\n\t<meta property=\"og:image:type\" content=\"image\/jpeg\" \/>\n<meta name=\"author\" content=\"Redacci\u00f3n QP\" \/>\n<meta name=\"twitter:card\" content=\"summary_large_image\" \/>\n<meta name=\"twitter:label1\" content=\"Escrito por\" \/>\n\t<meta name=\"twitter:data1\" content=\"Redacci\u00f3n QP\" \/>\n\t<meta name=\"twitter:label2\" content=\"Tiempo de lectura\" \/>\n\t<meta name=\"twitter:data2\" content=\"3 minutos\" \/>\n<script type=\"application\/ld+json\" class=\"yoast-schema-graph\">{\"@context\":\"https:\\\/\\\/schema.org\",\"@graph\":[{\"@type\":\"Article\",\"@id\":\"https:\\\/\\\/quehacerpolitico.mx\\\/?p=120126#article\",\"isPartOf\":{\"@id\":\"https:\\\/\\\/quehacerpolitico.mx\\\/?p=120126\"},\"author\":{\"name\":\"Redacci\u00f3n QP\",\"@id\":\"https:\\\/\\\/quehacerpolitico.mx\\\/#\\\/schema\\\/person\\\/496d8ad2d1d3f8036101dca7ee39e585\"},\"headline\":\"El Quehacer Pol\u00edtico a trav\u00e9s de la Visi\u00f3n\\\/\\\/\\\/Iliana Berenice Dur\u00e1n Espinosa\\\/\\\/\\\/D\u00f3nde celebrar D\u00eda de Muertos en CDMX con cenas tem\u00e1ticas\",\"datePublished\":\"2025-10-30T21:51:03+00:00\",\"dateModified\":\"2025-10-30T22:01:35+00:00\",\"mainEntityOfPage\":{\"@id\":\"https:\\\/\\\/quehacerpolitico.mx\\\/?p=120126\"},\"wordCount\":725,\"commentCount\":0,\"image\":{\"@id\":\"https:\\\/\\\/quehacerpolitico.mx\\\/?p=120126#primaryimage\"},\"thumbnailUrl\":\"https:\\\/\\\/quehacerpolitico.mx\\\/wp-content\\\/uploads\\\/2025\\\/10\\\/f88f54df-1189-42e8-8f98-44b4c2b9c0d8-4.jpeg\",\"articleSection\":[\"CDMX\",\"Cultura y Entretenimiento\"],\"inLanguage\":\"es\",\"potentialAction\":[{\"@type\":\"CommentAction\",\"name\":\"Comment\",\"target\":[\"https:\\\/\\\/quehacerpolitico.mx\\\/?p=120126#respond\"]}]},{\"@type\":\"WebPage\",\"@id\":\"https:\\\/\\\/quehacerpolitico.mx\\\/?p=120126\",\"url\":\"https:\\\/\\\/quehacerpolitico.mx\\\/?p=120126\",\"name\":\"El Quehacer Pol\u00edtico a trav\u00e9s de la Visi\u00f3n\\\/\\\/\\\/Iliana Berenice Dur\u00e1n Espinosa\\\/\\\/\\\/D\u00f3nde celebrar D\u00eda de Muertos en CDMX con cenas tem\u00e1ticas -\",\"isPartOf\":{\"@id\":\"https:\\\/\\\/quehacerpolitico.mx\\\/#website\"},\"primaryImageOfPage\":{\"@id\":\"https:\\\/\\\/quehacerpolitico.mx\\\/?p=120126#primaryimage\"},\"image\":{\"@id\":\"https:\\\/\\\/quehacerpolitico.mx\\\/?p=120126#primaryimage\"},\"thumbnailUrl\":\"https:\\\/\\\/quehacerpolitico.mx\\\/wp-content\\\/uploads\\\/2025\\\/10\\\/f88f54df-1189-42e8-8f98-44b4c2b9c0d8-4.jpeg\",\"datePublished\":\"2025-10-30T21:51:03+00:00\",\"dateModified\":\"2025-10-30T22:01:35+00:00\",\"author\":{\"@id\":\"https:\\\/\\\/quehacerpolitico.mx\\\/#\\\/schema\\\/person\\\/496d8ad2d1d3f8036101dca7ee39e585\"},\"breadcrumb\":{\"@id\":\"https:\\\/\\\/quehacerpolitico.mx\\\/?p=120126#breadcrumb\"},\"inLanguage\":\"es\",\"potentialAction\":[{\"@type\":\"ReadAction\",\"target\":[\"https:\\\/\\\/quehacerpolitico.mx\\\/?p=120126\"]}]},{\"@type\":\"ImageObject\",\"inLanguage\":\"es\",\"@id\":\"https:\\\/\\\/quehacerpolitico.mx\\\/?p=120126#primaryimage\",\"url\":\"https:\\\/\\\/quehacerpolitico.mx\\\/wp-content\\\/uploads\\\/2025\\\/10\\\/f88f54df-1189-42e8-8f98-44b4c2b9c0d8-4.jpeg\",\"contentUrl\":\"https:\\\/\\\/quehacerpolitico.mx\\\/wp-content\\\/uploads\\\/2025\\\/10\\\/f88f54df-1189-42e8-8f98-44b4c2b9c0d8-4.jpeg\",\"width\":963,\"height\":493},{\"@type\":\"BreadcrumbList\",\"@id\":\"https:\\\/\\\/quehacerpolitico.mx\\\/?p=120126#breadcrumb\",\"itemListElement\":[{\"@type\":\"ListItem\",\"position\":1,\"name\":\"Inicio\",\"item\":\"https:\\\/\\\/quehacerpolitico.mx\\\/\"},{\"@type\":\"ListItem\",\"position\":2,\"name\":\"El Quehacer Pol\u00edtico a trav\u00e9s de la Visi\u00f3n\\\/\\\/\\\/Iliana Berenice Dur\u00e1n Espinosa\\\/\\\/\\\/D\u00f3nde celebrar D\u00eda de Muertos en CDMX con cenas tem\u00e1ticas\"}]},{\"@type\":\"WebSite\",\"@id\":\"https:\\\/\\\/quehacerpolitico.mx\\\/#website\",\"url\":\"https:\\\/\\\/quehacerpolitico.mx\\\/\",\"name\":\"\",\"description\":\"\",\"potentialAction\":[{\"@type\":\"SearchAction\",\"target\":{\"@type\":\"EntryPoint\",\"urlTemplate\":\"https:\\\/\\\/quehacerpolitico.mx\\\/?s={search_term_string}\"},\"query-input\":{\"@type\":\"PropertyValueSpecification\",\"valueRequired\":true,\"valueName\":\"search_term_string\"}}],\"inLanguage\":\"es\"},{\"@type\":\"Person\",\"@id\":\"https:\\\/\\\/quehacerpolitico.mx\\\/#\\\/schema\\\/person\\\/496d8ad2d1d3f8036101dca7ee39e585\",\"name\":\"Redacci\u00f3n QP\",\"image\":{\"@type\":\"ImageObject\",\"inLanguage\":\"es\",\"@id\":\"https:\\\/\\\/secure.gravatar.com\\\/avatar\\\/c7164ed6fdec453195284ad24a5ae5b6e1eed2b848477fa2a4787ba9adf39a41?s=96&d=mm&r=g\",\"url\":\"https:\\\/\\\/secure.gravatar.com\\\/avatar\\\/c7164ed6fdec453195284ad24a5ae5b6e1eed2b848477fa2a4787ba9adf39a41?s=96&d=mm&r=g\",\"contentUrl\":\"https:\\\/\\\/secure.gravatar.com\\\/avatar\\\/c7164ed6fdec453195284ad24a5ae5b6e1eed2b848477fa2a4787ba9adf39a41?s=96&d=mm&r=g\",\"caption\":\"Redacci\u00f3n QP\"},\"url\":\"https:\\\/\\\/quehacerpolitico.mx\\\/?author=2\"}]}<\/script>\n<!-- \/ Yoast SEO plugin. -->","yoast_head_json":{"title":"El Quehacer Pol\u00edtico a trav\u00e9s de la Visi\u00f3n\/\/\/Iliana Berenice Dur\u00e1n Espinosa\/\/\/D\u00f3nde celebrar D\u00eda de Muertos en CDMX con cenas tem\u00e1ticas -","robots":{"index":"index","follow":"follow","max-snippet":"max-snippet:-1","max-image-preview":"max-image-preview:large","max-video-preview":"max-video-preview:-1"},"canonical":"https:\/\/quehacerpolitico.mx\/?p=120126","og_locale":"es_MX","og_type":"article","og_title":"El Quehacer Pol\u00edtico a trav\u00e9s de la Visi\u00f3n\/\/\/Iliana Berenice Dur\u00e1n Espinosa\/\/\/D\u00f3nde celebrar D\u00eda de Muertos en CDMX con cenas tem\u00e1ticas -","og_description":"Por Redacci\u00f3n QP Disfruta de deliciosa cena tem\u00e1tica del D\u00eda de Muertos en la ciudad...","og_url":"https:\/\/quehacerpolitico.mx\/?p=120126","article_published_time":"2025-10-30T21:51:03+00:00","article_modified_time":"2025-10-30T22:01:35+00:00","og_image":[{"width":963,"height":493,"url":"https:\/\/quehacerpolitico.mx\/wp-content\/uploads\/2025\/10\/f88f54df-1189-42e8-8f98-44b4c2b9c0d8-4.jpeg","type":"image\/jpeg"}],"author":"Redacci\u00f3n QP","twitter_card":"summary_large_image","twitter_misc":{"Escrito por":"Redacci\u00f3n QP","Tiempo de lectura":"3 minutos"},"schema":{"@context":"https:\/\/schema.org","@graph":[{"@type":"Article","@id":"https:\/\/quehacerpolitico.mx\/?p=120126#article","isPartOf":{"@id":"https:\/\/quehacerpolitico.mx\/?p=120126"},"author":{"name":"Redacci\u00f3n QP","@id":"https:\/\/quehacerpolitico.mx\/#\/schema\/person\/496d8ad2d1d3f8036101dca7ee39e585"},"headline":"El Quehacer Pol\u00edtico a trav\u00e9s de la Visi\u00f3n\/\/\/Iliana Berenice Dur\u00e1n Espinosa\/\/\/D\u00f3nde celebrar D\u00eda de Muertos en CDMX con cenas tem\u00e1ticas","datePublished":"2025-10-30T21:51:03+00:00","dateModified":"2025-10-30T22:01:35+00:00","mainEntityOfPage":{"@id":"https:\/\/quehacerpolitico.mx\/?p=120126"},"wordCount":725,"commentCount":0,"image":{"@id":"https:\/\/quehacerpolitico.mx\/?p=120126#primaryimage"},"thumbnailUrl":"https:\/\/quehacerpolitico.mx\/wp-content\/uploads\/2025\/10\/f88f54df-1189-42e8-8f98-44b4c2b9c0d8-4.jpeg","articleSection":["CDMX","Cultura y Entretenimiento"],"inLanguage":"es","potentialAction":[{"@type":"CommentAction","name":"Comment","target":["https:\/\/quehacerpolitico.mx\/?p=120126#respond"]}]},{"@type":"WebPage","@id":"https:\/\/quehacerpolitico.mx\/?p=120126","url":"https:\/\/quehacerpolitico.mx\/?p=120126","name":"El Quehacer Pol\u00edtico a trav\u00e9s de la Visi\u00f3n\/\/\/Iliana Berenice Dur\u00e1n Espinosa\/\/\/D\u00f3nde celebrar D\u00eda de Muertos en CDMX con cenas tem\u00e1ticas -","isPartOf":{"@id":"https:\/\/quehacerpolitico.mx\/#website"},"primaryImageOfPage":{"@id":"https:\/\/quehacerpolitico.mx\/?p=120126#primaryimage"},"image":{"@id":"https:\/\/quehacerpolitico.mx\/?p=120126#primaryimage"},"thumbnailUrl":"https:\/\/quehacerpolitico.mx\/wp-content\/uploads\/2025\/10\/f88f54df-1189-42e8-8f98-44b4c2b9c0d8-4.jpeg","datePublished":"2025-10-30T21:51:03+00:00","dateModified":"2025-10-30T22:01:35+00:00","author":{"@id":"https:\/\/quehacerpolitico.mx\/#\/schema\/person\/496d8ad2d1d3f8036101dca7ee39e585"},"breadcrumb":{"@id":"https:\/\/quehacerpolitico.mx\/?p=120126#breadcrumb"},"inLanguage":"es","potentialAction":[{"@type":"ReadAction","target":["https:\/\/quehacerpolitico.mx\/?p=120126"]}]},{"@type":"ImageObject","inLanguage":"es","@id":"https:\/\/quehacerpolitico.mx\/?p=120126#primaryimage","url":"https:\/\/quehacerpolitico.mx\/wp-content\/uploads\/2025\/10\/f88f54df-1189-42e8-8f98-44b4c2b9c0d8-4.jpeg","contentUrl":"https:\/\/quehacerpolitico.mx\/wp-content\/uploads\/2025\/10\/f88f54df-1189-42e8-8f98-44b4c2b9c0d8-4.jpeg","width":963,"height":493},{"@type":"BreadcrumbList","@id":"https:\/\/quehacerpolitico.mx\/?p=120126#breadcrumb","itemListElement":[{"@type":"ListItem","position":1,"name":"Inicio","item":"https:\/\/quehacerpolitico.mx\/"},{"@type":"ListItem","position":2,"name":"El Quehacer Pol\u00edtico a trav\u00e9s de la Visi\u00f3n\/\/\/Iliana Berenice Dur\u00e1n Espinosa\/\/\/D\u00f3nde celebrar D\u00eda de Muertos en CDMX con cenas tem\u00e1ticas"}]},{"@type":"WebSite","@id":"https:\/\/quehacerpolitico.mx\/#website","url":"https:\/\/quehacerpolitico.mx\/","name":"","description":"","potentialAction":[{"@type":"SearchAction","target":{"@type":"EntryPoint","urlTemplate":"https:\/\/quehacerpolitico.mx\/?s={search_term_string}"},"query-input":{"@type":"PropertyValueSpecification","valueRequired":true,"valueName":"search_term_string"}}],"inLanguage":"es"},{"@type":"Person","@id":"https:\/\/quehacerpolitico.mx\/#\/schema\/person\/496d8ad2d1d3f8036101dca7ee39e585","name":"Redacci\u00f3n QP","image":{"@type":"ImageObject","inLanguage":"es","@id":"https:\/\/secure.gravatar.com\/avatar\/c7164ed6fdec453195284ad24a5ae5b6e1eed2b848477fa2a4787ba9adf39a41?s=96&d=mm&r=g","url":"https:\/\/secure.gravatar.com\/avatar\/c7164ed6fdec453195284ad24a5ae5b6e1eed2b848477fa2a4787ba9adf39a41?s=96&d=mm&r=g","contentUrl":"https:\/\/secure.gravatar.com\/avatar\/c7164ed6fdec453195284ad24a5ae5b6e1eed2b848477fa2a4787ba9adf39a41?s=96&d=mm&r=g","caption":"Redacci\u00f3n QP"},"url":"https:\/\/quehacerpolitico.mx\/?author=2"}]}},"featured_image_urls":{"full":["https:\/\/quehacerpolitico.mx\/wp-content\/uploads\/2025\/10\/f88f54df-1189-42e8-8f98-44b4c2b9c0d8-4.jpeg",963,493,false],"thumbnail":["https:\/\/quehacerpolitico.mx\/wp-content\/uploads\/2025\/10\/f88f54df-1189-42e8-8f98-44b4c2b9c0d8-4-150x150.jpeg",150,150,true],"medium":["https:\/\/quehacerpolitico.mx\/wp-content\/uploads\/2025\/10\/f88f54df-1189-42e8-8f98-44b4c2b9c0d8-4-300x154.jpeg",300,154,true],"medium_large":["https:\/\/quehacerpolitico.mx\/wp-content\/uploads\/2025\/10\/f88f54df-1189-42e8-8f98-44b4c2b9c0d8-4-768x393.jpeg",640,328,true],"large":["https:\/\/quehacerpolitico.mx\/wp-content\/uploads\/2025\/10\/f88f54df-1189-42e8-8f98-44b4c2b9c0d8-4.jpeg",640,328,false],"1536x1536":["https:\/\/quehacerpolitico.mx\/wp-content\/uploads\/2025\/10\/f88f54df-1189-42e8-8f98-44b4c2b9c0d8-4.jpeg",963,493,false],"2048x2048":["https:\/\/quehacerpolitico.mx\/wp-content\/uploads\/2025\/10\/f88f54df-1189-42e8-8f98-44b4c2b9c0d8-4.jpeg",963,493,false],"covernews-featured":["https:\/\/quehacerpolitico.mx\/wp-content\/uploads\/2025\/10\/f88f54df-1189-42e8-8f98-44b4c2b9c0d8-4.jpeg",963,493,false],"covernews-medium":["https:\/\/quehacerpolitico.mx\/wp-content\/uploads\/2025\/10\/f88f54df-1189-42e8-8f98-44b4c2b9c0d8-4-540x340.jpeg",540,340,true]},"author_info":{"display_name":"Redacci\u00f3n QP","author_link":"https:\/\/quehacerpolitico.mx\/?author=2"},"category_info":"<a href=\"https:\/\/quehacerpolitico.mx\/?cat=55\" rel=\"category\">CDMX<\/a> <a href=\"https:\/\/quehacerpolitico.mx\/?cat=58\" rel=\"category\">Cultura y Entretenimiento<\/a>","tag_info":"Cultura y Entretenimiento","comment_count":"0","_links":{"self":[{"href":"https:\/\/quehacerpolitico.mx\/index.php?rest_route=\/wp\/v2\/posts\/120126","targetHints":{"allow":["GET"]}}],"collection":[{"href":"https:\/\/quehacerpolitico.mx\/index.php?rest_route=\/wp\/v2\/posts"}],"about":[{"href":"https:\/\/quehacerpolitico.mx\/index.php?rest_route=\/wp\/v2\/types\/post"}],"author":[{"embeddable":true,"href":"https:\/\/quehacerpolitico.mx\/index.php?rest_route=\/wp\/v2\/users\/2"}],"replies":[{"embeddable":true,"href":"https:\/\/quehacerpolitico.mx\/index.php?rest_route=%2Fwp%2Fv2%2Fcomments&post=120126"}],"version-history":[{"count":1,"href":"https:\/\/quehacerpolitico.mx\/index.php?rest_route=\/wp\/v2\/posts\/120126\/revisions"}],"predecessor-version":[{"id":120132,"href":"https:\/\/quehacerpolitico.mx\/index.php?rest_route=\/wp\/v2\/posts\/120126\/revisions\/120132"}],"wp:featuredmedia":[{"embeddable":true,"href":"https:\/\/quehacerpolitico.mx\/index.php?rest_route=\/wp\/v2\/media\/120131"}],"wp:attachment":[{"href":"https:\/\/quehacerpolitico.mx\/index.php?rest_route=%2Fwp%2Fv2%2Fmedia&parent=120126"}],"wp:term":[{"taxonomy":"category","embeddable":true,"href":"https:\/\/quehacerpolitico.mx\/index.php?rest_route=%2Fwp%2Fv2%2Fcategories&post=120126"},{"taxonomy":"post_tag","embeddable":true,"href":"https:\/\/quehacerpolitico.mx\/index.php?rest_route=%2Fwp%2Fv2%2Ftags&post=120126"}],"curies":[{"name":"wp","href":"https:\/\/api.w.org\/{rel}","templated":true}]}}