{"id":120123,"date":"2025-10-30T15:14:50","date_gmt":"2025-10-30T21:14:50","guid":{"rendered":"https:\/\/quehacerpolitico.mx\/?p=120123"},"modified":"2025-10-30T15:15:01","modified_gmt":"2025-10-30T21:15:01","slug":"la-politica-exterior-la-definimos-los-mexicanos-responde-sheinbaum-a-senalamientos-de-landau-por-apoyo-a-cuba","status":"publish","type":"post","link":"https:\/\/quehacerpolitico.mx\/?p=120123","title":{"rendered":"\u201cLa pol\u00edtica exterior la definimos los mexicanos\u201d, responde Sheinbaum a se\u00f1alamientos de Landau por apoyo a Cuba"},"content":{"rendered":"\n<p>Por Redacci\u00f3n QP<\/p>\n\n\n\n<p>El subsecretario de Estado critic\u00f3 la votaci\u00f3n a favor de retirar el bloqueo que acusa la isla y refiri\u00f3 que el gobierno mexicano les env\u00eda &#8220;enormes cantidades de petr\u00f3leo&#8221;<\/p>\n\n\n\n<p>La presidenta&nbsp;<strong>Claudia Sheinbaum&nbsp;<\/strong>respondi\u00f3 este jueves al subsecretario de Estado de los Estados Unidos,&nbsp;<strong>Christopher Landau<\/strong>, que critic\u00f3 al gobierno mexicano por apoyar a Cuba en la votaci\u00f3n que se realiz\u00f3 en Naciones Unidas.&nbsp;<\/p>\n\n\n\n<p>Ante la pregunta de la prensa, la mandataria defendi\u00f3 la decisi\u00f3n de su gobierno en contra del bloqueo de la isla y asegur\u00f3 que se mantiene una buena relaci\u00f3n con Estados Unidos.&nbsp;<\/p>\n\n\n\n<p>&#8220;La&nbsp;<strong>pol\u00edtica exterior de M\u00e9xico<\/strong>&nbsp;la define M\u00e9xico (&#8230;)&nbsp;Somos un pa\u00eds soberano, libre, independiente y la pol\u00edtica exterior la definimos los mexicanos&#8221;, declar\u00f3.<\/p>\n\n\n\n<figure class=\"wp-block-embed is-type-rich is-provider-twitter wp-block-embed-twitter\"><div class=\"wp-block-embed__wrapper\">\n<blockquote class=\"twitter-tweet\" data-width=\"550\" data-dnt=\"true\"><p lang=\"es\" dir=\"ltr\">Dura cr\u00edtica de <a href=\"https:\/\/twitter.com\/ChrisLandauUSA?ref_src=twsrc%5Etfw\">@ChrisLandauUSA<\/a> al gobierno de la 4T por su apoyo a la dictadura cubana.<br><br>Sheinbaum responde defendiendo lo indefendible. <a href=\"https:\/\/t.co\/lw1GHtc7cX\">pic.twitter.com\/lw1GHtc7cX<\/a><\/p>&mdash; Manuel Lopez San Martin (@MLopezSanMartin) <a href=\"https:\/\/twitter.com\/MLopezSanMartin\/status\/1983958766442967250?ref_src=twsrc%5Etfw\">October 30, 2025<\/a><\/blockquote><script async src=\"https:\/\/platform.twitter.com\/widgets.js\" charset=\"utf-8\"><\/script>\n<\/div><\/figure>\n\n\n\n<p>Sin embargo, apunt\u00f3 que el gobierno encabezado por Donald Trump ha realizado &#8220;decisiones unilaterales que nos afectan&#8221; y se\u00f1al\u00f3 que hay temas en los que M\u00e9xico no comparte su opini\u00f3n con&nbsp;<strong>Estados Unidos.&nbsp;<\/strong><\/p>\n\n\n\n<p>&#8220;Siempre hemos buscado el di\u00e1logo para poder resolverlos y hasta ahora hemos podido resolver la mayor parte con di\u00e1logo. De hecho, pienso yo que muy pronto vamos a llegar a&nbsp;<strong>algunos acuerdos comerciales&nbsp;<\/strong>adicionales&#8221;, a\u00f1adi\u00f3.&nbsp;<\/p>\n\n\n\n<p>El subsecretario de Estado lament\u00f3 el apoyo de M\u00e9xico, el principal socio comercial de Estados Unidos, a Cuba y dijo que esta decisi\u00f3n le entristec\u00eda.&nbsp;<\/p>\n\n\n\n<p>&#8220;\u00bfD\u00f3nde est\u00e1 ese &#8216;bloqueo&#8217;&nbsp;en este caso? Cuba recibe libremente bienes y visitantes de much\u00edsimos otros pa\u00edses, como bien saben ustedes en M\u00e9xico, ya que&nbsp;<strong>les env\u00edan enormes cantidades de petr\u00f3leo<\/strong>&#8220;, a\u00f1adi\u00f3.&nbsp;<\/p>\n\n\n\n<p>Adem\u00e1s, hizo referencia a Porfirio D\u00edaz y se\u00f1al\u00f3 que la &#8220;dictadura caudillista&#8221; de Cuba se ha mantenido m\u00e1s tiempo que ese r\u00e9gimen mexicano.<\/p>\n","protected":false},"excerpt":{"rendered":"<p>Por Redacci\u00f3n QP El subsecretario de Estado critic\u00f3 la votaci\u00f3n a favor de retirar el&#8230;<\/p>\n","protected":false},"author":2,"featured_media":120124,"comment_status":"open","ping_status":"open","sticky":false,"template":"","format":"standard","meta":{"_monsterinsights_skip_tracking":false,"_monsterinsights_sitenote_active":false,"_monsterinsights_sitenote_note":"","_monsterinsights_sitenote_category":0,"footnotes":""},"categories":[280,2],"tags":[],"class_list":["post-120123","post","type-post","status-publish","format-standard","has-post-thumbnail","hentry","category-nacionales","category-noticias"],"yoast_head":"<!-- This site is optimized with the Yoast SEO plugin v27.3 - https:\/\/yoast.com\/product\/yoast-seo-wordpress\/ -->\n<title>\u201cLa pol\u00edtica exterior la definimos los mexicanos\u201d, responde Sheinbaum a se\u00f1alamientos de Landau por apoyo a Cuba -<\/title>\n<meta name=\"robots\" content=\"index, follow, max-snippet:-1, max-image-preview:large, max-video-preview:-1\" \/>\n<link rel=\"canonical\" href=\"https:\/\/quehacerpolitico.mx\/?p=120123\" \/>\n<meta property=\"og:locale\" content=\"es_MX\" \/>\n<meta property=\"og:type\" content=\"article\" \/>\n<meta property=\"og:title\" content=\"\u201cLa pol\u00edtica exterior la definimos los mexicanos\u201d, responde Sheinbaum a se\u00f1alamientos de Landau por apoyo a Cuba -\" \/>\n<meta property=\"og:description\" content=\"Por Redacci\u00f3n QP El subsecretario de Estado critic\u00f3 la votaci\u00f3n a favor de retirar el...\" \/>\n<meta property=\"og:url\" content=\"https:\/\/quehacerpolitico.mx\/?p=120123\" \/>\n<meta property=\"article:published_time\" content=\"2025-10-30T21:14:50+00:00\" \/>\n<meta property=\"article:modified_time\" content=\"2025-10-30T21:15:01+00:00\" \/>\n<meta property=\"og:image\" content=\"https:\/\/quehacerpolitico.mx\/wp-content\/uploads\/2025\/10\/IMG_4747.jpeg\" \/>\n\t<meta property=\"og:image:width\" content=\"1024\" \/>\n\t<meta property=\"og:image:height\" content=\"697\" \/>\n\t<meta property=\"og:image:type\" content=\"image\/jpeg\" \/>\n<meta name=\"author\" content=\"Redacci\u00f3n QP\" \/>\n<meta name=\"twitter:card\" content=\"summary_large_image\" \/>\n<meta name=\"twitter:label1\" content=\"Escrito por\" \/>\n\t<meta name=\"twitter:data1\" content=\"Redacci\u00f3n QP\" \/>\n\t<meta name=\"twitter:label2\" content=\"Tiempo de lectura\" \/>\n\t<meta name=\"twitter:data2\" content=\"2 minutos\" \/>\n<script type=\"application\/ld+json\" class=\"yoast-schema-graph\">{\"@context\":\"https:\\\/\\\/schema.org\",\"@graph\":[{\"@type\":\"Article\",\"@id\":\"https:\\\/\\\/quehacerpolitico.mx\\\/?p=120123#article\",\"isPartOf\":{\"@id\":\"https:\\\/\\\/quehacerpolitico.mx\\\/?p=120123\"},\"author\":{\"name\":\"Redacci\u00f3n QP\",\"@id\":\"https:\\\/\\\/quehacerpolitico.mx\\\/#\\\/schema\\\/person\\\/496d8ad2d1d3f8036101dca7ee39e585\"},\"headline\":\"\u201cLa pol\u00edtica exterior la definimos los mexicanos\u201d, responde Sheinbaum a se\u00f1alamientos de Landau por apoyo a Cuba\",\"datePublished\":\"2025-10-30T21:14:50+00:00\",\"dateModified\":\"2025-10-30T21:15:01+00:00\",\"mainEntityOfPage\":{\"@id\":\"https:\\\/\\\/quehacerpolitico.mx\\\/?p=120123\"},\"wordCount\":345,\"commentCount\":0,\"image\":{\"@id\":\"https:\\\/\\\/quehacerpolitico.mx\\\/?p=120123#primaryimage\"},\"thumbnailUrl\":\"https:\\\/\\\/quehacerpolitico.mx\\\/wp-content\\\/uploads\\\/2025\\\/10\\\/IMG_4747.jpeg\",\"articleSection\":[\"Nacionales\",\"Noticias\"],\"inLanguage\":\"es\",\"potentialAction\":[{\"@type\":\"CommentAction\",\"name\":\"Comment\",\"target\":[\"https:\\\/\\\/quehacerpolitico.mx\\\/?p=120123#respond\"]}]},{\"@type\":\"WebPage\",\"@id\":\"https:\\\/\\\/quehacerpolitico.mx\\\/?p=120123\",\"url\":\"https:\\\/\\\/quehacerpolitico.mx\\\/?p=120123\",\"name\":\"\u201cLa pol\u00edtica exterior la definimos los mexicanos\u201d, responde Sheinbaum a se\u00f1alamientos de Landau por apoyo a Cuba -\",\"isPartOf\":{\"@id\":\"https:\\\/\\\/quehacerpolitico.mx\\\/#website\"},\"primaryImageOfPage\":{\"@id\":\"https:\\\/\\\/quehacerpolitico.mx\\\/?p=120123#primaryimage\"},\"image\":{\"@id\":\"https:\\\/\\\/quehacerpolitico.mx\\\/?p=120123#primaryimage\"},\"thumbnailUrl\":\"https:\\\/\\\/quehacerpolitico.mx\\\/wp-content\\\/uploads\\\/2025\\\/10\\\/IMG_4747.jpeg\",\"datePublished\":\"2025-10-30T21:14:50+00:00\",\"dateModified\":\"2025-10-30T21:15:01+00:00\",\"author\":{\"@id\":\"https:\\\/\\\/quehacerpolitico.mx\\\/#\\\/schema\\\/person\\\/496d8ad2d1d3f8036101dca7ee39e585\"},\"breadcrumb\":{\"@id\":\"https:\\\/\\\/quehacerpolitico.mx\\\/?p=120123#breadcrumb\"},\"inLanguage\":\"es\",\"potentialAction\":[{\"@type\":\"ReadAction\",\"target\":[\"https:\\\/\\\/quehacerpolitico.mx\\\/?p=120123\"]}]},{\"@type\":\"ImageObject\",\"inLanguage\":\"es\",\"@id\":\"https:\\\/\\\/quehacerpolitico.mx\\\/?p=120123#primaryimage\",\"url\":\"https:\\\/\\\/quehacerpolitico.mx\\\/wp-content\\\/uploads\\\/2025\\\/10\\\/IMG_4747.jpeg\",\"contentUrl\":\"https:\\\/\\\/quehacerpolitico.mx\\\/wp-content\\\/uploads\\\/2025\\\/10\\\/IMG_4747.jpeg\",\"width\":1024,\"height\":697},{\"@type\":\"BreadcrumbList\",\"@id\":\"https:\\\/\\\/quehacerpolitico.mx\\\/?p=120123#breadcrumb\",\"itemListElement\":[{\"@type\":\"ListItem\",\"position\":1,\"name\":\"Inicio\",\"item\":\"https:\\\/\\\/quehacerpolitico.mx\\\/\"},{\"@type\":\"ListItem\",\"position\":2,\"name\":\"\u201cLa pol\u00edtica exterior la definimos los mexicanos\u201d, responde Sheinbaum a se\u00f1alamientos de Landau por apoyo a Cuba\"}]},{\"@type\":\"WebSite\",\"@id\":\"https:\\\/\\\/quehacerpolitico.mx\\\/#website\",\"url\":\"https:\\\/\\\/quehacerpolitico.mx\\\/\",\"name\":\"\",\"description\":\"\",\"potentialAction\":[{\"@type\":\"SearchAction\",\"target\":{\"@type\":\"EntryPoint\",\"urlTemplate\":\"https:\\\/\\\/quehacerpolitico.mx\\\/?s={search_term_string}\"},\"query-input\":{\"@type\":\"PropertyValueSpecification\",\"valueRequired\":true,\"valueName\":\"search_term_string\"}}],\"inLanguage\":\"es\"},{\"@type\":\"Person\",\"@id\":\"https:\\\/\\\/quehacerpolitico.mx\\\/#\\\/schema\\\/person\\\/496d8ad2d1d3f8036101dca7ee39e585\",\"name\":\"Redacci\u00f3n QP\",\"image\":{\"@type\":\"ImageObject\",\"inLanguage\":\"es\",\"@id\":\"https:\\\/\\\/secure.gravatar.com\\\/avatar\\\/c7164ed6fdec453195284ad24a5ae5b6e1eed2b848477fa2a4787ba9adf39a41?s=96&d=mm&r=g\",\"url\":\"https:\\\/\\\/secure.gravatar.com\\\/avatar\\\/c7164ed6fdec453195284ad24a5ae5b6e1eed2b848477fa2a4787ba9adf39a41?s=96&d=mm&r=g\",\"contentUrl\":\"https:\\\/\\\/secure.gravatar.com\\\/avatar\\\/c7164ed6fdec453195284ad24a5ae5b6e1eed2b848477fa2a4787ba9adf39a41?s=96&d=mm&r=g\",\"caption\":\"Redacci\u00f3n QP\"},\"url\":\"https:\\\/\\\/quehacerpolitico.mx\\\/?author=2\"}]}<\/script>\n<!-- \/ Yoast SEO plugin. -->","yoast_head_json":{"title":"\u201cLa pol\u00edtica exterior la definimos los mexicanos\u201d, responde Sheinbaum a se\u00f1alamientos de Landau por apoyo a Cuba -","robots":{"index":"index","follow":"follow","max-snippet":"max-snippet:-1","max-image-preview":"max-image-preview:large","max-video-preview":"max-video-preview:-1"},"canonical":"https:\/\/quehacerpolitico.mx\/?p=120123","og_locale":"es_MX","og_type":"article","og_title":"\u201cLa pol\u00edtica exterior la definimos los mexicanos\u201d, responde Sheinbaum a se\u00f1alamientos de Landau por apoyo a Cuba -","og_description":"Por Redacci\u00f3n QP El subsecretario de Estado critic\u00f3 la votaci\u00f3n a favor de retirar el...","og_url":"https:\/\/quehacerpolitico.mx\/?p=120123","article_published_time":"2025-10-30T21:14:50+00:00","article_modified_time":"2025-10-30T21:15:01+00:00","og_image":[{"width":1024,"height":697,"url":"https:\/\/quehacerpolitico.mx\/wp-content\/uploads\/2025\/10\/IMG_4747.jpeg","type":"image\/jpeg"}],"author":"Redacci\u00f3n QP","twitter_card":"summary_large_image","twitter_misc":{"Escrito por":"Redacci\u00f3n QP","Tiempo de lectura":"2 minutos"},"schema":{"@context":"https:\/\/schema.org","@graph":[{"@type":"Article","@id":"https:\/\/quehacerpolitico.mx\/?p=120123#article","isPartOf":{"@id":"https:\/\/quehacerpolitico.mx\/?p=120123"},"author":{"name":"Redacci\u00f3n QP","@id":"https:\/\/quehacerpolitico.mx\/#\/schema\/person\/496d8ad2d1d3f8036101dca7ee39e585"},"headline":"\u201cLa pol\u00edtica exterior la definimos los mexicanos\u201d, responde Sheinbaum a se\u00f1alamientos de Landau por apoyo a Cuba","datePublished":"2025-10-30T21:14:50+00:00","dateModified":"2025-10-30T21:15:01+00:00","mainEntityOfPage":{"@id":"https:\/\/quehacerpolitico.mx\/?p=120123"},"wordCount":345,"commentCount":0,"image":{"@id":"https:\/\/quehacerpolitico.mx\/?p=120123#primaryimage"},"thumbnailUrl":"https:\/\/quehacerpolitico.mx\/wp-content\/uploads\/2025\/10\/IMG_4747.jpeg","articleSection":["Nacionales","Noticias"],"inLanguage":"es","potentialAction":[{"@type":"CommentAction","name":"Comment","target":["https:\/\/quehacerpolitico.mx\/?p=120123#respond"]}]},{"@type":"WebPage","@id":"https:\/\/quehacerpolitico.mx\/?p=120123","url":"https:\/\/quehacerpolitico.mx\/?p=120123","name":"\u201cLa pol\u00edtica exterior la definimos los mexicanos\u201d, responde Sheinbaum a se\u00f1alamientos de Landau por apoyo a Cuba -","isPartOf":{"@id":"https:\/\/quehacerpolitico.mx\/#website"},"primaryImageOfPage":{"@id":"https:\/\/quehacerpolitico.mx\/?p=120123#primaryimage"},"image":{"@id":"https:\/\/quehacerpolitico.mx\/?p=120123#primaryimage"},"thumbnailUrl":"https:\/\/quehacerpolitico.mx\/wp-content\/uploads\/2025\/10\/IMG_4747.jpeg","datePublished":"2025-10-30T21:14:50+00:00","dateModified":"2025-10-30T21:15:01+00:00","author":{"@id":"https:\/\/quehacerpolitico.mx\/#\/schema\/person\/496d8ad2d1d3f8036101dca7ee39e585"},"breadcrumb":{"@id":"https:\/\/quehacerpolitico.mx\/?p=120123#breadcrumb"},"inLanguage":"es","potentialAction":[{"@type":"ReadAction","target":["https:\/\/quehacerpolitico.mx\/?p=120123"]}]},{"@type":"ImageObject","inLanguage":"es","@id":"https:\/\/quehacerpolitico.mx\/?p=120123#primaryimage","url":"https:\/\/quehacerpolitico.mx\/wp-content\/uploads\/2025\/10\/IMG_4747.jpeg","contentUrl":"https:\/\/quehacerpolitico.mx\/wp-content\/uploads\/2025\/10\/IMG_4747.jpeg","width":1024,"height":697},{"@type":"BreadcrumbList","@id":"https:\/\/quehacerpolitico.mx\/?p=120123#breadcrumb","itemListElement":[{"@type":"ListItem","position":1,"name":"Inicio","item":"https:\/\/quehacerpolitico.mx\/"},{"@type":"ListItem","position":2,"name":"\u201cLa pol\u00edtica exterior la definimos los mexicanos\u201d, responde Sheinbaum a se\u00f1alamientos de Landau por apoyo a Cuba"}]},{"@type":"WebSite","@id":"https:\/\/quehacerpolitico.mx\/#website","url":"https:\/\/quehacerpolitico.mx\/","name":"","description":"","potentialAction":[{"@type":"SearchAction","target":{"@type":"EntryPoint","urlTemplate":"https:\/\/quehacerpolitico.mx\/?s={search_term_string}"},"query-input":{"@type":"PropertyValueSpecification","valueRequired":true,"valueName":"search_term_string"}}],"inLanguage":"es"},{"@type":"Person","@id":"https:\/\/quehacerpolitico.mx\/#\/schema\/person\/496d8ad2d1d3f8036101dca7ee39e585","name":"Redacci\u00f3n QP","image":{"@type":"ImageObject","inLanguage":"es","@id":"https:\/\/secure.gravatar.com\/avatar\/c7164ed6fdec453195284ad24a5ae5b6e1eed2b848477fa2a4787ba9adf39a41?s=96&d=mm&r=g","url":"https:\/\/secure.gravatar.com\/avatar\/c7164ed6fdec453195284ad24a5ae5b6e1eed2b848477fa2a4787ba9adf39a41?s=96&d=mm&r=g","contentUrl":"https:\/\/secure.gravatar.com\/avatar\/c7164ed6fdec453195284ad24a5ae5b6e1eed2b848477fa2a4787ba9adf39a41?s=96&d=mm&r=g","caption":"Redacci\u00f3n QP"},"url":"https:\/\/quehacerpolitico.mx\/?author=2"}]}},"featured_image_urls":{"full":["https:\/\/quehacerpolitico.mx\/wp-content\/uploads\/2025\/10\/IMG_4747.jpeg",1024,697,false],"thumbnail":["https:\/\/quehacerpolitico.mx\/wp-content\/uploads\/2025\/10\/IMG_4747-150x150.jpeg",150,150,true],"medium":["https:\/\/quehacerpolitico.mx\/wp-content\/uploads\/2025\/10\/IMG_4747-300x204.jpeg",300,204,true],"medium_large":["https:\/\/quehacerpolitico.mx\/wp-content\/uploads\/2025\/10\/IMG_4747-768x523.jpeg",640,436,true],"large":["https:\/\/quehacerpolitico.mx\/wp-content\/uploads\/2025\/10\/IMG_4747.jpeg",640,436,false],"1536x1536":["https:\/\/quehacerpolitico.mx\/wp-content\/uploads\/2025\/10\/IMG_4747.jpeg",1024,697,false],"2048x2048":["https:\/\/quehacerpolitico.mx\/wp-content\/uploads\/2025\/10\/IMG_4747.jpeg",1024,697,false],"covernews-featured":["https:\/\/quehacerpolitico.mx\/wp-content\/uploads\/2025\/10\/IMG_4747.jpeg",1024,697,false],"covernews-medium":["https:\/\/quehacerpolitico.mx\/wp-content\/uploads\/2025\/10\/IMG_4747-540x340.jpeg",540,340,true]},"author_info":{"display_name":"Redacci\u00f3n QP","author_link":"https:\/\/quehacerpolitico.mx\/?author=2"},"category_info":"<a href=\"https:\/\/quehacerpolitico.mx\/?cat=280\" rel=\"category\">Nacionales<\/a> <a href=\"https:\/\/quehacerpolitico.mx\/?cat=2\" rel=\"category\">Noticias<\/a>","tag_info":"Noticias","comment_count":"0","_links":{"self":[{"href":"https:\/\/quehacerpolitico.mx\/index.php?rest_route=\/wp\/v2\/posts\/120123","targetHints":{"allow":["GET"]}}],"collection":[{"href":"https:\/\/quehacerpolitico.mx\/index.php?rest_route=\/wp\/v2\/posts"}],"about":[{"href":"https:\/\/quehacerpolitico.mx\/index.php?rest_route=\/wp\/v2\/types\/post"}],"author":[{"embeddable":true,"href":"https:\/\/quehacerpolitico.mx\/index.php?rest_route=\/wp\/v2\/users\/2"}],"replies":[{"embeddable":true,"href":"https:\/\/quehacerpolitico.mx\/index.php?rest_route=%2Fwp%2Fv2%2Fcomments&post=120123"}],"version-history":[{"count":1,"href":"https:\/\/quehacerpolitico.mx\/index.php?rest_route=\/wp\/v2\/posts\/120123\/revisions"}],"predecessor-version":[{"id":120125,"href":"https:\/\/quehacerpolitico.mx\/index.php?rest_route=\/wp\/v2\/posts\/120123\/revisions\/120125"}],"wp:featuredmedia":[{"embeddable":true,"href":"https:\/\/quehacerpolitico.mx\/index.php?rest_route=\/wp\/v2\/media\/120124"}],"wp:attachment":[{"href":"https:\/\/quehacerpolitico.mx\/index.php?rest_route=%2Fwp%2Fv2%2Fmedia&parent=120123"}],"wp:term":[{"taxonomy":"category","embeddable":true,"href":"https:\/\/quehacerpolitico.mx\/index.php?rest_route=%2Fwp%2Fv2%2Fcategories&post=120123"},{"taxonomy":"post_tag","embeddable":true,"href":"https:\/\/quehacerpolitico.mx\/index.php?rest_route=%2Fwp%2Fv2%2Ftags&post=120123"}],"curies":[{"name":"wp","href":"https:\/\/api.w.org\/{rel}","templated":true}]}}