{"id":120094,"date":"2025-10-30T09:34:45","date_gmt":"2025-10-30T15:34:45","guid":{"rendered":"https:\/\/quehacerpolitico.mx\/?p=120094"},"modified":"2025-10-30T09:34:49","modified_gmt":"2025-10-30T15:34:49","slug":"el-quehacer-politico-a-traves-jose-alberto-prado-angeles-aifa-siempre-fue-tan-solo-un-capricho","status":"publish","type":"post","link":"https:\/\/quehacerpolitico.mx\/?p=120094","title":{"rendered":"El Quehacer Pol\u00edtico a trav\u00e9s\/\/\/Jose Alberto Prado Angeles\/\/\/AIFA siempre fue tan solo un capricho"},"content":{"rendered":"\n<p>Por Jos\u00e9 Alberto Prado Angeles<\/p>\n\n\n\n<p>Director General y Editor<\/p>\n\n\n\n<p>A pesar de que los vuelos de carga representaban solo el 3 por ciento de las operaciones del aeropuerto de Ciudad de M\u00e9xico, a principios de enero de 2023 se supo que el ex presidente Andr\u00e9s Manuel L\u00f3pez Obrador estaba elaborando un decreto para el cierre a las operaciones de todos los concesionarios y del servicio p\u00fablico de transporte a\u00e9reo -nacional e internacional- de carga exclusiva, para llevarlas al AIFA y con ello evitar la \u201csaturaci\u00f3n\u201d que se ten\u00eda en el aeropuerto capitalino.<\/p>\n\n\n\n<p>El 19 de enero AMLO reconoci\u00f3 en su conferencia ma\u00f1anera que se estaba haciendo \u201c&#8230; un trabajo de convencimiento. Y ya saben ustedes que aqu\u00ed aplicamos la m\u00e1xima del presidente Ju\u00e1rez: \u2018Nada por la fuerza, todo por la raz\u00f3n y el derecho\u2019. Se est\u00e1 llegando a un acuerdo con los directores de los dos aeropuertos, con aduanas, con todos. Y va a ser, creo que, por consenso, no queremos imponer nada\u201d.<\/p>\n\n\n\n<p>El capricho de Palacio Nacional se cumpli\u00f3 y provoco cuellos de botella log\u00edsticos, sobrecostos, retrasos y p\u00e9rdida de competitividad frente a otros centros regionales de carga como Miami, Houston y Panam\u00e1, se\u00f1alaron algunos especialistas en la materia. Y a poco m\u00e1s de dos a\u00f1os de la cancelaci\u00f3n de las operaciones de carga en el aeropuerto de la Ciudad de M\u00e9xico, el 19 de julio pasado la administraci\u00f3n de Donald Trump reprocho al gobierno mexicano \u201c&#8230; por no cumplir el acuerdo bilateral de aviaci\u00f3n\u201d, obligando a las aerol\u00edneas estadounidenses de carga a reubicar sus operaciones bajo el argumento de permitir la construcci\u00f3n de obras para aliviar la congesti\u00f3n en el aeropuerto, \u201cobras que a\u00fan no se materializan\u201d. El 22 de julio, la Presidenta reconoci\u00f3 que las autoridades del transporte estadounidense \u201cnos dieron un mes y se va a abrir una mesa de trabajo con ellos\u201d.<\/p>\n\n\n\n<p>As\u00ed que, las represalias que tom\u00f3 la administraci\u00f3n estadounidense, por las presuntas violaciones al acuerdo bilateral, de cancelar todas las rutas a\u00e9reas originadas en el Aeropuerto Felipe Angeles (AIFA) hacia diversos destinos en Estados Unidos, as\u00ed como rutas que estaban a punto de abrirse, no nos debe de sorprender. Sean Duffy, secretario de Transporte del pa\u00eds vecino fue muy claro al se\u00f1alar que \u201chasta que M\u00e9xico deje de estar jugando y cumpla sus compromisos, seguiremos exigiendo que rinda cuentas. Ning\u00fan pa\u00eds deber\u00eda aprovecharse de nuestras aerol\u00edneas, nuestro mercado y nuestros pasajeros sin sufrir consecuencias\u201d.<\/p>\n\n\n\n<p>Entonces, AMLO aunque prometi\u00f3 \u201cNada por la fuerza, todo por la raz\u00f3n y el derecho\u201d, simplemente impuso su capricho para darle movimiento al otro capricho del AIFA, y la presidenta, que se molest\u00f3 ayer por la decisi\u00f3n y dijo \u201cM\u00e9xico no es pi\u00f1ata de nadie, a M\u00e9xico se le respeta\u201d, que hab\u00eda informado que \u201cnos dieron un mes\u201d en julio pasado para resolver el asunto, aparentemente no hizo nada con la \u201cmesa de trabajo\u201d. As\u00ed que, no nos hagamos los sorprendidos.<\/p>\n\n\n\n<p>As\u00ed el Quehacer Pol\u00edtico Desde 1980, 45 a\u00f1os inquiriendo en la pol\u00edtica de M\u00e9xico, cuestionando, exponiendo, revelando y razonando.Es cuanto.<\/p>\n","protected":false},"excerpt":{"rendered":"<p>Por Jos\u00e9 Alberto Prado Angeles Director General y Editor A pesar de que los vuelos&#8230;<\/p>\n","protected":false},"author":2,"featured_media":120074,"comment_status":"open","ping_status":"open","sticky":false,"template":"","format":"standard","meta":{"_monsterinsights_skip_tracking":false,"_monsterinsights_sitenote_active":false,"_monsterinsights_sitenote_note":"","_monsterinsights_sitenote_category":0,"footnotes":""},"categories":[280,2],"tags":[],"class_list":["post-120094","post","type-post","status-publish","format-standard","has-post-thumbnail","hentry","category-nacionales","category-noticias"],"yoast_head":"<!-- This site is optimized with the Yoast SEO plugin v27.3 - https:\/\/yoast.com\/product\/yoast-seo-wordpress\/ -->\n<title>El Quehacer Pol\u00edtico a trav\u00e9s\/\/\/Jose Alberto Prado Angeles\/\/\/AIFA siempre fue tan solo un capricho -<\/title>\n<meta name=\"robots\" content=\"index, follow, max-snippet:-1, max-image-preview:large, max-video-preview:-1\" \/>\n<link rel=\"canonical\" href=\"https:\/\/quehacerpolitico.mx\/?p=120094\" \/>\n<meta property=\"og:locale\" content=\"es_MX\" \/>\n<meta property=\"og:type\" content=\"article\" \/>\n<meta property=\"og:title\" content=\"El Quehacer Pol\u00edtico a trav\u00e9s\/\/\/Jose Alberto Prado Angeles\/\/\/AIFA siempre fue tan solo un capricho -\" \/>\n<meta property=\"og:description\" content=\"Por Jos\u00e9 Alberto Prado Angeles Director General y Editor A pesar de que los vuelos...\" \/>\n<meta property=\"og:url\" content=\"https:\/\/quehacerpolitico.mx\/?p=120094\" \/>\n<meta property=\"article:published_time\" content=\"2025-10-30T15:34:45+00:00\" \/>\n<meta property=\"article:modified_time\" content=\"2025-10-30T15:34:49+00:00\" \/>\n<meta property=\"og:image\" content=\"https:\/\/quehacerpolitico.mx\/wp-content\/uploads\/2025\/10\/IMG_4121-10.jpeg\" \/>\n\t<meta property=\"og:image:width\" content=\"963\" \/>\n\t<meta property=\"og:image:height\" content=\"493\" \/>\n\t<meta property=\"og:image:type\" content=\"image\/jpeg\" \/>\n<meta name=\"author\" content=\"Redacci\u00f3n QP\" \/>\n<meta name=\"twitter:card\" content=\"summary_large_image\" \/>\n<meta name=\"twitter:label1\" content=\"Escrito por\" \/>\n\t<meta name=\"twitter:data1\" content=\"Redacci\u00f3n QP\" \/>\n\t<meta name=\"twitter:label2\" content=\"Tiempo de lectura\" \/>\n\t<meta name=\"twitter:data2\" content=\"3 minutos\" \/>\n<script type=\"application\/ld+json\" class=\"yoast-schema-graph\">{\"@context\":\"https:\\\/\\\/schema.org\",\"@graph\":[{\"@type\":\"Article\",\"@id\":\"https:\\\/\\\/quehacerpolitico.mx\\\/?p=120094#article\",\"isPartOf\":{\"@id\":\"https:\\\/\\\/quehacerpolitico.mx\\\/?p=120094\"},\"author\":{\"name\":\"Redacci\u00f3n QP\",\"@id\":\"https:\\\/\\\/quehacerpolitico.mx\\\/#\\\/schema\\\/person\\\/496d8ad2d1d3f8036101dca7ee39e585\"},\"headline\":\"El Quehacer Pol\u00edtico a trav\u00e9s\\\/\\\/\\\/Jose Alberto Prado Angeles\\\/\\\/\\\/AIFA siempre fue tan solo un capricho\",\"datePublished\":\"2025-10-30T15:34:45+00:00\",\"dateModified\":\"2025-10-30T15:34:49+00:00\",\"mainEntityOfPage\":{\"@id\":\"https:\\\/\\\/quehacerpolitico.mx\\\/?p=120094\"},\"wordCount\":555,\"commentCount\":0,\"image\":{\"@id\":\"https:\\\/\\\/quehacerpolitico.mx\\\/?p=120094#primaryimage\"},\"thumbnailUrl\":\"https:\\\/\\\/quehacerpolitico.mx\\\/wp-content\\\/uploads\\\/2025\\\/10\\\/IMG_4121-10.jpeg\",\"articleSection\":[\"Nacionales\",\"Noticias\"],\"inLanguage\":\"es\",\"potentialAction\":[{\"@type\":\"CommentAction\",\"name\":\"Comment\",\"target\":[\"https:\\\/\\\/quehacerpolitico.mx\\\/?p=120094#respond\"]}]},{\"@type\":\"WebPage\",\"@id\":\"https:\\\/\\\/quehacerpolitico.mx\\\/?p=120094\",\"url\":\"https:\\\/\\\/quehacerpolitico.mx\\\/?p=120094\",\"name\":\"El Quehacer Pol\u00edtico a trav\u00e9s\\\/\\\/\\\/Jose Alberto Prado Angeles\\\/\\\/\\\/AIFA siempre fue tan solo un capricho -\",\"isPartOf\":{\"@id\":\"https:\\\/\\\/quehacerpolitico.mx\\\/#website\"},\"primaryImageOfPage\":{\"@id\":\"https:\\\/\\\/quehacerpolitico.mx\\\/?p=120094#primaryimage\"},\"image\":{\"@id\":\"https:\\\/\\\/quehacerpolitico.mx\\\/?p=120094#primaryimage\"},\"thumbnailUrl\":\"https:\\\/\\\/quehacerpolitico.mx\\\/wp-content\\\/uploads\\\/2025\\\/10\\\/IMG_4121-10.jpeg\",\"datePublished\":\"2025-10-30T15:34:45+00:00\",\"dateModified\":\"2025-10-30T15:34:49+00:00\",\"author\":{\"@id\":\"https:\\\/\\\/quehacerpolitico.mx\\\/#\\\/schema\\\/person\\\/496d8ad2d1d3f8036101dca7ee39e585\"},\"breadcrumb\":{\"@id\":\"https:\\\/\\\/quehacerpolitico.mx\\\/?p=120094#breadcrumb\"},\"inLanguage\":\"es\",\"potentialAction\":[{\"@type\":\"ReadAction\",\"target\":[\"https:\\\/\\\/quehacerpolitico.mx\\\/?p=120094\"]}]},{\"@type\":\"ImageObject\",\"inLanguage\":\"es\",\"@id\":\"https:\\\/\\\/quehacerpolitico.mx\\\/?p=120094#primaryimage\",\"url\":\"https:\\\/\\\/quehacerpolitico.mx\\\/wp-content\\\/uploads\\\/2025\\\/10\\\/IMG_4121-10.jpeg\",\"contentUrl\":\"https:\\\/\\\/quehacerpolitico.mx\\\/wp-content\\\/uploads\\\/2025\\\/10\\\/IMG_4121-10.jpeg\",\"width\":963,\"height\":493},{\"@type\":\"BreadcrumbList\",\"@id\":\"https:\\\/\\\/quehacerpolitico.mx\\\/?p=120094#breadcrumb\",\"itemListElement\":[{\"@type\":\"ListItem\",\"position\":1,\"name\":\"Inicio\",\"item\":\"https:\\\/\\\/quehacerpolitico.mx\\\/\"},{\"@type\":\"ListItem\",\"position\":2,\"name\":\"El Quehacer Pol\u00edtico a trav\u00e9s\\\/\\\/\\\/Jose Alberto Prado Angeles\\\/\\\/\\\/AIFA siempre fue tan solo un capricho\"}]},{\"@type\":\"WebSite\",\"@id\":\"https:\\\/\\\/quehacerpolitico.mx\\\/#website\",\"url\":\"https:\\\/\\\/quehacerpolitico.mx\\\/\",\"name\":\"\",\"description\":\"\",\"potentialAction\":[{\"@type\":\"SearchAction\",\"target\":{\"@type\":\"EntryPoint\",\"urlTemplate\":\"https:\\\/\\\/quehacerpolitico.mx\\\/?s={search_term_string}\"},\"query-input\":{\"@type\":\"PropertyValueSpecification\",\"valueRequired\":true,\"valueName\":\"search_term_string\"}}],\"inLanguage\":\"es\"},{\"@type\":\"Person\",\"@id\":\"https:\\\/\\\/quehacerpolitico.mx\\\/#\\\/schema\\\/person\\\/496d8ad2d1d3f8036101dca7ee39e585\",\"name\":\"Redacci\u00f3n QP\",\"image\":{\"@type\":\"ImageObject\",\"inLanguage\":\"es\",\"@id\":\"https:\\\/\\\/secure.gravatar.com\\\/avatar\\\/c7164ed6fdec453195284ad24a5ae5b6e1eed2b848477fa2a4787ba9adf39a41?s=96&d=mm&r=g\",\"url\":\"https:\\\/\\\/secure.gravatar.com\\\/avatar\\\/c7164ed6fdec453195284ad24a5ae5b6e1eed2b848477fa2a4787ba9adf39a41?s=96&d=mm&r=g\",\"contentUrl\":\"https:\\\/\\\/secure.gravatar.com\\\/avatar\\\/c7164ed6fdec453195284ad24a5ae5b6e1eed2b848477fa2a4787ba9adf39a41?s=96&d=mm&r=g\",\"caption\":\"Redacci\u00f3n QP\"},\"url\":\"https:\\\/\\\/quehacerpolitico.mx\\\/?author=2\"}]}<\/script>\n<!-- \/ Yoast SEO plugin. -->","yoast_head_json":{"title":"El Quehacer Pol\u00edtico a trav\u00e9s\/\/\/Jose Alberto Prado Angeles\/\/\/AIFA siempre fue tan solo un capricho -","robots":{"index":"index","follow":"follow","max-snippet":"max-snippet:-1","max-image-preview":"max-image-preview:large","max-video-preview":"max-video-preview:-1"},"canonical":"https:\/\/quehacerpolitico.mx\/?p=120094","og_locale":"es_MX","og_type":"article","og_title":"El Quehacer Pol\u00edtico a trav\u00e9s\/\/\/Jose Alberto Prado Angeles\/\/\/AIFA siempre fue tan solo un capricho -","og_description":"Por Jos\u00e9 Alberto Prado Angeles Director General y Editor A pesar de que los vuelos...","og_url":"https:\/\/quehacerpolitico.mx\/?p=120094","article_published_time":"2025-10-30T15:34:45+00:00","article_modified_time":"2025-10-30T15:34:49+00:00","og_image":[{"width":963,"height":493,"url":"https:\/\/quehacerpolitico.mx\/wp-content\/uploads\/2025\/10\/IMG_4121-10.jpeg","type":"image\/jpeg"}],"author":"Redacci\u00f3n QP","twitter_card":"summary_large_image","twitter_misc":{"Escrito por":"Redacci\u00f3n QP","Tiempo de lectura":"3 minutos"},"schema":{"@context":"https:\/\/schema.org","@graph":[{"@type":"Article","@id":"https:\/\/quehacerpolitico.mx\/?p=120094#article","isPartOf":{"@id":"https:\/\/quehacerpolitico.mx\/?p=120094"},"author":{"name":"Redacci\u00f3n QP","@id":"https:\/\/quehacerpolitico.mx\/#\/schema\/person\/496d8ad2d1d3f8036101dca7ee39e585"},"headline":"El Quehacer Pol\u00edtico a trav\u00e9s\/\/\/Jose Alberto Prado Angeles\/\/\/AIFA siempre fue tan solo un capricho","datePublished":"2025-10-30T15:34:45+00:00","dateModified":"2025-10-30T15:34:49+00:00","mainEntityOfPage":{"@id":"https:\/\/quehacerpolitico.mx\/?p=120094"},"wordCount":555,"commentCount":0,"image":{"@id":"https:\/\/quehacerpolitico.mx\/?p=120094#primaryimage"},"thumbnailUrl":"https:\/\/quehacerpolitico.mx\/wp-content\/uploads\/2025\/10\/IMG_4121-10.jpeg","articleSection":["Nacionales","Noticias"],"inLanguage":"es","potentialAction":[{"@type":"CommentAction","name":"Comment","target":["https:\/\/quehacerpolitico.mx\/?p=120094#respond"]}]},{"@type":"WebPage","@id":"https:\/\/quehacerpolitico.mx\/?p=120094","url":"https:\/\/quehacerpolitico.mx\/?p=120094","name":"El Quehacer Pol\u00edtico a trav\u00e9s\/\/\/Jose Alberto Prado Angeles\/\/\/AIFA siempre fue tan solo un capricho -","isPartOf":{"@id":"https:\/\/quehacerpolitico.mx\/#website"},"primaryImageOfPage":{"@id":"https:\/\/quehacerpolitico.mx\/?p=120094#primaryimage"},"image":{"@id":"https:\/\/quehacerpolitico.mx\/?p=120094#primaryimage"},"thumbnailUrl":"https:\/\/quehacerpolitico.mx\/wp-content\/uploads\/2025\/10\/IMG_4121-10.jpeg","datePublished":"2025-10-30T15:34:45+00:00","dateModified":"2025-10-30T15:34:49+00:00","author":{"@id":"https:\/\/quehacerpolitico.mx\/#\/schema\/person\/496d8ad2d1d3f8036101dca7ee39e585"},"breadcrumb":{"@id":"https:\/\/quehacerpolitico.mx\/?p=120094#breadcrumb"},"inLanguage":"es","potentialAction":[{"@type":"ReadAction","target":["https:\/\/quehacerpolitico.mx\/?p=120094"]}]},{"@type":"ImageObject","inLanguage":"es","@id":"https:\/\/quehacerpolitico.mx\/?p=120094#primaryimage","url":"https:\/\/quehacerpolitico.mx\/wp-content\/uploads\/2025\/10\/IMG_4121-10.jpeg","contentUrl":"https:\/\/quehacerpolitico.mx\/wp-content\/uploads\/2025\/10\/IMG_4121-10.jpeg","width":963,"height":493},{"@type":"BreadcrumbList","@id":"https:\/\/quehacerpolitico.mx\/?p=120094#breadcrumb","itemListElement":[{"@type":"ListItem","position":1,"name":"Inicio","item":"https:\/\/quehacerpolitico.mx\/"},{"@type":"ListItem","position":2,"name":"El Quehacer Pol\u00edtico a trav\u00e9s\/\/\/Jose Alberto Prado Angeles\/\/\/AIFA siempre fue tan solo un capricho"}]},{"@type":"WebSite","@id":"https:\/\/quehacerpolitico.mx\/#website","url":"https:\/\/quehacerpolitico.mx\/","name":"","description":"","potentialAction":[{"@type":"SearchAction","target":{"@type":"EntryPoint","urlTemplate":"https:\/\/quehacerpolitico.mx\/?s={search_term_string}"},"query-input":{"@type":"PropertyValueSpecification","valueRequired":true,"valueName":"search_term_string"}}],"inLanguage":"es"},{"@type":"Person","@id":"https:\/\/quehacerpolitico.mx\/#\/schema\/person\/496d8ad2d1d3f8036101dca7ee39e585","name":"Redacci\u00f3n QP","image":{"@type":"ImageObject","inLanguage":"es","@id":"https:\/\/secure.gravatar.com\/avatar\/c7164ed6fdec453195284ad24a5ae5b6e1eed2b848477fa2a4787ba9adf39a41?s=96&d=mm&r=g","url":"https:\/\/secure.gravatar.com\/avatar\/c7164ed6fdec453195284ad24a5ae5b6e1eed2b848477fa2a4787ba9adf39a41?s=96&d=mm&r=g","contentUrl":"https:\/\/secure.gravatar.com\/avatar\/c7164ed6fdec453195284ad24a5ae5b6e1eed2b848477fa2a4787ba9adf39a41?s=96&d=mm&r=g","caption":"Redacci\u00f3n QP"},"url":"https:\/\/quehacerpolitico.mx\/?author=2"}]}},"featured_image_urls":{"full":["https:\/\/quehacerpolitico.mx\/wp-content\/uploads\/2025\/10\/IMG_4121-10.jpeg",963,493,false],"thumbnail":["https:\/\/quehacerpolitico.mx\/wp-content\/uploads\/2025\/10\/IMG_4121-10-150x150.jpeg",150,150,true],"medium":["https:\/\/quehacerpolitico.mx\/wp-content\/uploads\/2025\/10\/IMG_4121-10-300x154.jpeg",300,154,true],"medium_large":["https:\/\/quehacerpolitico.mx\/wp-content\/uploads\/2025\/10\/IMG_4121-10-768x393.jpeg",640,328,true],"large":["https:\/\/quehacerpolitico.mx\/wp-content\/uploads\/2025\/10\/IMG_4121-10.jpeg",640,328,false],"1536x1536":["https:\/\/quehacerpolitico.mx\/wp-content\/uploads\/2025\/10\/IMG_4121-10.jpeg",963,493,false],"2048x2048":["https:\/\/quehacerpolitico.mx\/wp-content\/uploads\/2025\/10\/IMG_4121-10.jpeg",963,493,false],"covernews-featured":["https:\/\/quehacerpolitico.mx\/wp-content\/uploads\/2025\/10\/IMG_4121-10.jpeg",963,493,false],"covernews-medium":["https:\/\/quehacerpolitico.mx\/wp-content\/uploads\/2025\/10\/IMG_4121-10-540x340.jpeg",540,340,true]},"author_info":{"display_name":"Redacci\u00f3n QP","author_link":"https:\/\/quehacerpolitico.mx\/?author=2"},"category_info":"<a href=\"https:\/\/quehacerpolitico.mx\/?cat=280\" rel=\"category\">Nacionales<\/a> <a href=\"https:\/\/quehacerpolitico.mx\/?cat=2\" rel=\"category\">Noticias<\/a>","tag_info":"Noticias","comment_count":"0","_links":{"self":[{"href":"https:\/\/quehacerpolitico.mx\/index.php?rest_route=\/wp\/v2\/posts\/120094","targetHints":{"allow":["GET"]}}],"collection":[{"href":"https:\/\/quehacerpolitico.mx\/index.php?rest_route=\/wp\/v2\/posts"}],"about":[{"href":"https:\/\/quehacerpolitico.mx\/index.php?rest_route=\/wp\/v2\/types\/post"}],"author":[{"embeddable":true,"href":"https:\/\/quehacerpolitico.mx\/index.php?rest_route=\/wp\/v2\/users\/2"}],"replies":[{"embeddable":true,"href":"https:\/\/quehacerpolitico.mx\/index.php?rest_route=%2Fwp%2Fv2%2Fcomments&post=120094"}],"version-history":[{"count":1,"href":"https:\/\/quehacerpolitico.mx\/index.php?rest_route=\/wp\/v2\/posts\/120094\/revisions"}],"predecessor-version":[{"id":120095,"href":"https:\/\/quehacerpolitico.mx\/index.php?rest_route=\/wp\/v2\/posts\/120094\/revisions\/120095"}],"wp:featuredmedia":[{"embeddable":true,"href":"https:\/\/quehacerpolitico.mx\/index.php?rest_route=\/wp\/v2\/media\/120074"}],"wp:attachment":[{"href":"https:\/\/quehacerpolitico.mx\/index.php?rest_route=%2Fwp%2Fv2%2Fmedia&parent=120094"}],"wp:term":[{"taxonomy":"category","embeddable":true,"href":"https:\/\/quehacerpolitico.mx\/index.php?rest_route=%2Fwp%2Fv2%2Fcategories&post=120094"},{"taxonomy":"post_tag","embeddable":true,"href":"https:\/\/quehacerpolitico.mx\/index.php?rest_route=%2Fwp%2Fv2%2Ftags&post=120094"}],"curies":[{"name":"wp","href":"https:\/\/api.w.org\/{rel}","templated":true}]}}