{"id":120089,"date":"2025-10-29T09:31:41","date_gmt":"2025-10-29T15:31:41","guid":{"rendered":"https:\/\/quehacerpolitico.mx\/?p=120089"},"modified":"2025-10-29T09:31:45","modified_gmt":"2025-10-29T15:31:45","slug":"transportistas-en-la-cdmx-cancelan-movilizacion-pero-habra-bloqueos-en-el-edomex","status":"publish","type":"post","link":"https:\/\/quehacerpolitico.mx\/?p=120089","title":{"rendered":"Transportistas en la CDMX cancelan movilizaci\u00f3n, pero habr\u00e1 bloqueos en el Edomex"},"content":{"rendered":"\n<p>Por Redacci\u00f3n QP<\/p>\n\n\n\n<p>La FAT anunci\u00f3 que acord\u00f3 una mesa di\u00e1logo con la Secretar\u00eda de Movilidad (Semovi) capitalina, por lo que suspend\u00eda su protesta para este mi\u00e9rcoles<\/p>\n\n\n\n<p>Las&nbsp;<strong>manifestaciones de transportistas en la Ciudad de M\u00e9xico<\/strong>&nbsp;programadas para este mi\u00e9rcoles fueron&nbsp;<strong>suspendidas<\/strong>despu\u00e9s de que acordaran una mesa de di\u00e1logo con las autoridades capitalinas, sin embargo, en el&nbsp;<strong>Estado de M\u00e9xico<\/strong>&nbsp;las movilizaciones se mantendr\u00e1n.&nbsp;<\/p>\n\n\n\n<p>Para este 29 de octubre se esperaba una mega movilizaci\u00f3n de transportistas en los l\u00edmites entre la Ciudad de M\u00e9xico y Estado de M\u00e9xico, as\u00ed como en las principales v\u00edas de la capital, para exigir un aumento al pasaje.&nbsp;<\/p>\n\n\n\n<p>A trav\u00e9s de un comunicado, la&nbsp;<strong>Fuerza Amplia de Transportistas<\/strong>&nbsp;(FAT) anunci\u00f3 que sus movilizaciones en la Ciudad de M\u00e9xico quedar\u00edan suspendidas tras<strong> haber acordado un di\u00e1logo<\/strong>&nbsp;el pr\u00f3ximo viernes 31 de octubre con la Secretar\u00eda de Movilidad (Semovi).<\/p>\n\n\n\n<p>&#8220;La FAT se disculpa con la ciudadan\u00eda por los inconvenientes que pudiese haber padecido por los anuncios de manifestaci\u00f3n y bloqueos, pero eran la \u00faltima opci\u00f3n para<strong>\u00a0hacer evidente la inconformidad\u00a0<\/strong>por la precaria situaci\u00f3n econ\u00f3mica y laboral que vive en sector transportista de la capital mexicana&#8221;, dice el texto.<\/p>\n\n\n\n<figure class=\"wp-block-gallery has-nested-images columns-default is-cropped wp-block-gallery-1 is-layout-flex wp-block-gallery-is-layout-flex\">\n<figure class=\"wp-block-image size-large\"><img loading=\"lazy\" decoding=\"async\" width=\"853\" height=\"1024\" data-id=\"120091\" src=\"https:\/\/quehacerpolitico.mx\/wp-content\/uploads\/2025\/10\/IMG_4724-853x1024.jpeg\" alt=\"\" class=\"wp-image-120091\" srcset=\"https:\/\/quehacerpolitico.mx\/wp-content\/uploads\/2025\/10\/IMG_4724-853x1024.jpeg 853w, https:\/\/quehacerpolitico.mx\/wp-content\/uploads\/2025\/10\/IMG_4724-250x300.jpeg 250w, https:\/\/quehacerpolitico.mx\/wp-content\/uploads\/2025\/10\/IMG_4724-768x922.jpeg 768w, https:\/\/quehacerpolitico.mx\/wp-content\/uploads\/2025\/10\/IMG_4724-1024x1230.jpeg 1024w, https:\/\/quehacerpolitico.mx\/wp-content\/uploads\/2025\/10\/IMG_4724.jpeg 1179w\" sizes=\"auto, (max-width: 853px) 100vw, 853px\" \/><\/figure>\n\n\n\n<figure class=\"wp-block-image size-large\"><img loading=\"lazy\" decoding=\"async\" width=\"567\" height=\"628\" data-id=\"120092\" src=\"https:\/\/quehacerpolitico.mx\/wp-content\/uploads\/2025\/10\/IMG_4725.jpeg\" alt=\"\" class=\"wp-image-120092\" srcset=\"https:\/\/quehacerpolitico.mx\/wp-content\/uploads\/2025\/10\/IMG_4725.jpeg 567w, https:\/\/quehacerpolitico.mx\/wp-content\/uploads\/2025\/10\/IMG_4725-271x300.jpeg 271w\" sizes=\"auto, (max-width: 567px) 100vw, 567px\" \/><\/figure>\n<\/figure>\n\n\n\n<p>Asimismo, se\u00f1alaron que el transporte p\u00fablico en la&nbsp;<strong>Ciudad de M\u00e9xico<\/strong>&nbsp;opera en quiebre econ\u00f3mico y s\u00f3lo podr\u00e1 mejorar su situaci\u00f3n con apoyos econ\u00f3micos y el<strong>&nbsp;aumento de las tarifas.<\/strong><\/p>\n\n\n\n<p>Por su parte, los Transportistas y Comerciantes del Estado de M\u00e9xico anunciaron que seguir\u00e1n con las movilizaciones previstas para este mi\u00e9rcoles tras&nbsp;<strong>no haber acordado un di\u00e1logo con el gobierno de Delfina G\u00f3mez.&nbsp;<\/strong><\/p>\n\n\n\n<p>En ese sentido, la Secretar\u00eda de Seguridad Ciudada (SSC) de la Ciudad de M\u00e9xico advirti\u00f3 que desde las primeras horas de este d\u00eda habr\u00e1 concentraciones en los puntos de acceso a la capital.&nbsp;<\/p>\n\n\n\n<p>Las vialidades afectadas ser\u00e1n las localizadas en los siguientes puntos y posteriormente se movilizar\u00e1n al Z\u00f3calo capitalino:&nbsp;&nbsp;<\/p>\n\n\n\n<ul class=\"wp-block-list\">\n<li>Autopista M\u00e9xico-Pachuca<\/li>\n\n\n\n<li>Autopista M\u00e9xico-Quer\u00e9taro<\/li>\n\n\n\n<li>Autopista&nbsp;M\u00e9xico-Puebla<\/li>\n\n\n\n<li>Caseta M\u00e9xico-Toluca<\/li>\n\n\n\n<li>Aurrera Koblenz, Cuautitl\u00e1n Izcalli<\/li>\n\n\n\n<li>Plaza Sentura, Tlalnepantla<\/li>\n\n\n\n<li>Parque Naucalli<\/li>\n\n\n\n<li>Soriana H\u00edper Coacalco \u201cL\u00f3pez Portillo\u201d<\/li>\n<\/ul>\n\n\n\n<p>Hasta las 7:50, las autoridades s\u00f3lo registraban la presencia de manifestantes en la<strong>&nbsp;caseta de Tepoztl\u00e1n<\/strong>, la cual se encuentra en el punto de acceso norte de la Ciudad de M\u00e9xico.<\/p>\n\n\n\n<figure class=\"wp-block-embed is-type-rich is-provider-twitter wp-block-embed-twitter\"><div class=\"wp-block-embed__wrapper\">\n<blockquote class=\"twitter-tweet\" data-width=\"550\" data-dnt=\"true\"><p lang=\"es\" dir=\"ltr\">\u26a0\ufe0fAVISO IMPORTANTE\u26a0\ufe0f <a href=\"https:\/\/twitter.com\/hashtag\/AutM%C3%A9xicoQuer%C3%A9taro?src=hash&amp;ref_src=twsrc%5Etfw\">#AutM\u00e9xicoQuer\u00e9taro<\/a>, Plaza de Cobro Tepotzotl\u00e1n. Reducci\u00f3n de carriles en ambos sentidos por presencia de manifestantes. Toma tus precauciones. Para m\u00e1s informaci\u00f3n llama al 0\u20e37\u20e34\u20e3.<\/p>&mdash; CAPUFE (@CAPUFE) <a href=\"https:\/\/twitter.com\/CAPUFE\/status\/1983528385411219730?ref_src=twsrc%5Etfw\">October 29, 2025<\/a><\/blockquote><script async src=\"https:\/\/platform.twitter.com\/widgets.js\" charset=\"utf-8\"><\/script>\n<\/div><\/figure>\n\n\n\n<h2 class=\"wp-block-heading\">\u00bfQu\u00e9 exigen los transportistas?&nbsp;<\/h2>\n\n\n\n<p>La FAT&nbsp;demanda de un&nbsp;<strong>aumento a la tarifa del transporte p\u00fablico<\/strong>, as\u00ed como su homologaci\u00f3n con el cobro por viaje que se tiene en el Estado de M\u00e9xico. Los agremiados dicen que se mantiene entre los seis y ocho pesos, cuando el Estado de M\u00e9xico aumento a 14 pesos el pasaje m\u00ednimo.&nbsp;<\/p>\n\n\n\n<p>Por su parte, en el Estado de M\u00e9xico exigen un&nbsp;<strong>alto a la fabricaci\u00f3n de delitos y actos de persecuci\u00f3n<\/strong>&nbsp;y hostigamiento por parte de la fiscal\u00eda local en contra de integrantes del sector.<\/p>\n","protected":false},"excerpt":{"rendered":"<p>Por Redacci\u00f3n QP La FAT anunci\u00f3 que acord\u00f3 una mesa di\u00e1logo con la Secretar\u00eda de&#8230;<\/p>\n","protected":false},"author":2,"featured_media":120090,"comment_status":"open","ping_status":"open","sticky":false,"template":"","format":"standard","meta":{"_monsterinsights_skip_tracking":false,"_monsterinsights_sitenote_active":false,"_monsterinsights_sitenote_note":"","_monsterinsights_sitenote_category":0,"footnotes":""},"categories":[55],"tags":[],"class_list":["post-120089","post","type-post","status-publish","format-standard","has-post-thumbnail","hentry","category-cdmx"],"yoast_head":"<!-- This site is optimized with the Yoast SEO plugin v27.3 - https:\/\/yoast.com\/product\/yoast-seo-wordpress\/ -->\n<title>Transportistas en la CDMX cancelan movilizaci\u00f3n, pero habr\u00e1 bloqueos en el Edomex -<\/title>\n<meta name=\"robots\" content=\"index, follow, max-snippet:-1, max-image-preview:large, max-video-preview:-1\" \/>\n<link rel=\"canonical\" href=\"https:\/\/quehacerpolitico.mx\/?p=120089\" \/>\n<meta property=\"og:locale\" content=\"es_MX\" \/>\n<meta property=\"og:type\" content=\"article\" \/>\n<meta property=\"og:title\" content=\"Transportistas en la CDMX cancelan movilizaci\u00f3n, pero habr\u00e1 bloqueos en el Edomex -\" \/>\n<meta property=\"og:description\" content=\"Por Redacci\u00f3n QP La FAT anunci\u00f3 que acord\u00f3 una mesa di\u00e1logo con la Secretar\u00eda de...\" \/>\n<meta property=\"og:url\" content=\"https:\/\/quehacerpolitico.mx\/?p=120089\" \/>\n<meta property=\"article:published_time\" content=\"2025-10-29T15:31:41+00:00\" \/>\n<meta property=\"article:modified_time\" content=\"2025-10-29T15:31:45+00:00\" \/>\n<meta property=\"og:image\" content=\"https:\/\/quehacerpolitico.mx\/wp-content\/uploads\/2025\/10\/IMG_4726.jpeg\" \/>\n\t<meta property=\"og:image:width\" content=\"1080\" \/>\n\t<meta property=\"og:image:height\" content=\"583\" \/>\n\t<meta property=\"og:image:type\" content=\"image\/jpeg\" \/>\n<meta name=\"author\" content=\"Redacci\u00f3n QP\" \/>\n<meta name=\"twitter:card\" content=\"summary_large_image\" \/>\n<meta name=\"twitter:label1\" content=\"Escrito por\" \/>\n\t<meta name=\"twitter:data1\" content=\"Redacci\u00f3n QP\" \/>\n\t<meta name=\"twitter:label2\" content=\"Tiempo de lectura\" \/>\n\t<meta name=\"twitter:data2\" content=\"3 minutos\" \/>\n<script type=\"application\/ld+json\" class=\"yoast-schema-graph\">{\"@context\":\"https:\\\/\\\/schema.org\",\"@graph\":[{\"@type\":\"Article\",\"@id\":\"https:\\\/\\\/quehacerpolitico.mx\\\/?p=120089#article\",\"isPartOf\":{\"@id\":\"https:\\\/\\\/quehacerpolitico.mx\\\/?p=120089\"},\"author\":{\"name\":\"Redacci\u00f3n QP\",\"@id\":\"https:\\\/\\\/quehacerpolitico.mx\\\/#\\\/schema\\\/person\\\/496d8ad2d1d3f8036101dca7ee39e585\"},\"headline\":\"Transportistas en la CDMX cancelan movilizaci\u00f3n, pero habr\u00e1 bloqueos en el Edomex\",\"datePublished\":\"2025-10-29T15:31:41+00:00\",\"dateModified\":\"2025-10-29T15:31:45+00:00\",\"mainEntityOfPage\":{\"@id\":\"https:\\\/\\\/quehacerpolitico.mx\\\/?p=120089\"},\"wordCount\":554,\"commentCount\":0,\"image\":{\"@id\":\"https:\\\/\\\/quehacerpolitico.mx\\\/?p=120089#primaryimage\"},\"thumbnailUrl\":\"https:\\\/\\\/quehacerpolitico.mx\\\/wp-content\\\/uploads\\\/2025\\\/10\\\/IMG_4726.jpeg\",\"articleSection\":[\"CDMX\"],\"inLanguage\":\"es\",\"potentialAction\":[{\"@type\":\"CommentAction\",\"name\":\"Comment\",\"target\":[\"https:\\\/\\\/quehacerpolitico.mx\\\/?p=120089#respond\"]}]},{\"@type\":\"WebPage\",\"@id\":\"https:\\\/\\\/quehacerpolitico.mx\\\/?p=120089\",\"url\":\"https:\\\/\\\/quehacerpolitico.mx\\\/?p=120089\",\"name\":\"Transportistas en la CDMX cancelan movilizaci\u00f3n, pero habr\u00e1 bloqueos en el Edomex -\",\"isPartOf\":{\"@id\":\"https:\\\/\\\/quehacerpolitico.mx\\\/#website\"},\"primaryImageOfPage\":{\"@id\":\"https:\\\/\\\/quehacerpolitico.mx\\\/?p=120089#primaryimage\"},\"image\":{\"@id\":\"https:\\\/\\\/quehacerpolitico.mx\\\/?p=120089#primaryimage\"},\"thumbnailUrl\":\"https:\\\/\\\/quehacerpolitico.mx\\\/wp-content\\\/uploads\\\/2025\\\/10\\\/IMG_4726.jpeg\",\"datePublished\":\"2025-10-29T15:31:41+00:00\",\"dateModified\":\"2025-10-29T15:31:45+00:00\",\"author\":{\"@id\":\"https:\\\/\\\/quehacerpolitico.mx\\\/#\\\/schema\\\/person\\\/496d8ad2d1d3f8036101dca7ee39e585\"},\"breadcrumb\":{\"@id\":\"https:\\\/\\\/quehacerpolitico.mx\\\/?p=120089#breadcrumb\"},\"inLanguage\":\"es\",\"potentialAction\":[{\"@type\":\"ReadAction\",\"target\":[\"https:\\\/\\\/quehacerpolitico.mx\\\/?p=120089\"]}]},{\"@type\":\"ImageObject\",\"inLanguage\":\"es\",\"@id\":\"https:\\\/\\\/quehacerpolitico.mx\\\/?p=120089#primaryimage\",\"url\":\"https:\\\/\\\/quehacerpolitico.mx\\\/wp-content\\\/uploads\\\/2025\\\/10\\\/IMG_4726.jpeg\",\"contentUrl\":\"https:\\\/\\\/quehacerpolitico.mx\\\/wp-content\\\/uploads\\\/2025\\\/10\\\/IMG_4726.jpeg\",\"width\":1080,\"height\":583},{\"@type\":\"BreadcrumbList\",\"@id\":\"https:\\\/\\\/quehacerpolitico.mx\\\/?p=120089#breadcrumb\",\"itemListElement\":[{\"@type\":\"ListItem\",\"position\":1,\"name\":\"Inicio\",\"item\":\"https:\\\/\\\/quehacerpolitico.mx\\\/\"},{\"@type\":\"ListItem\",\"position\":2,\"name\":\"Transportistas en la CDMX cancelan movilizaci\u00f3n, pero habr\u00e1 bloqueos en el Edomex\"}]},{\"@type\":\"WebSite\",\"@id\":\"https:\\\/\\\/quehacerpolitico.mx\\\/#website\",\"url\":\"https:\\\/\\\/quehacerpolitico.mx\\\/\",\"name\":\"\",\"description\":\"\",\"potentialAction\":[{\"@type\":\"SearchAction\",\"target\":{\"@type\":\"EntryPoint\",\"urlTemplate\":\"https:\\\/\\\/quehacerpolitico.mx\\\/?s={search_term_string}\"},\"query-input\":{\"@type\":\"PropertyValueSpecification\",\"valueRequired\":true,\"valueName\":\"search_term_string\"}}],\"inLanguage\":\"es\"},{\"@type\":\"Person\",\"@id\":\"https:\\\/\\\/quehacerpolitico.mx\\\/#\\\/schema\\\/person\\\/496d8ad2d1d3f8036101dca7ee39e585\",\"name\":\"Redacci\u00f3n QP\",\"image\":{\"@type\":\"ImageObject\",\"inLanguage\":\"es\",\"@id\":\"https:\\\/\\\/secure.gravatar.com\\\/avatar\\\/c7164ed6fdec453195284ad24a5ae5b6e1eed2b848477fa2a4787ba9adf39a41?s=96&d=mm&r=g\",\"url\":\"https:\\\/\\\/secure.gravatar.com\\\/avatar\\\/c7164ed6fdec453195284ad24a5ae5b6e1eed2b848477fa2a4787ba9adf39a41?s=96&d=mm&r=g\",\"contentUrl\":\"https:\\\/\\\/secure.gravatar.com\\\/avatar\\\/c7164ed6fdec453195284ad24a5ae5b6e1eed2b848477fa2a4787ba9adf39a41?s=96&d=mm&r=g\",\"caption\":\"Redacci\u00f3n QP\"},\"url\":\"https:\\\/\\\/quehacerpolitico.mx\\\/?author=2\"}]}<\/script>\n<!-- \/ Yoast SEO plugin. -->","yoast_head_json":{"title":"Transportistas en la CDMX cancelan movilizaci\u00f3n, pero habr\u00e1 bloqueos en el Edomex -","robots":{"index":"index","follow":"follow","max-snippet":"max-snippet:-1","max-image-preview":"max-image-preview:large","max-video-preview":"max-video-preview:-1"},"canonical":"https:\/\/quehacerpolitico.mx\/?p=120089","og_locale":"es_MX","og_type":"article","og_title":"Transportistas en la CDMX cancelan movilizaci\u00f3n, pero habr\u00e1 bloqueos en el Edomex -","og_description":"Por Redacci\u00f3n QP La FAT anunci\u00f3 que acord\u00f3 una mesa di\u00e1logo con la Secretar\u00eda de...","og_url":"https:\/\/quehacerpolitico.mx\/?p=120089","article_published_time":"2025-10-29T15:31:41+00:00","article_modified_time":"2025-10-29T15:31:45+00:00","og_image":[{"width":1080,"height":583,"url":"https:\/\/quehacerpolitico.mx\/wp-content\/uploads\/2025\/10\/IMG_4726.jpeg","type":"image\/jpeg"}],"author":"Redacci\u00f3n QP","twitter_card":"summary_large_image","twitter_misc":{"Escrito por":"Redacci\u00f3n QP","Tiempo de lectura":"3 minutos"},"schema":{"@context":"https:\/\/schema.org","@graph":[{"@type":"Article","@id":"https:\/\/quehacerpolitico.mx\/?p=120089#article","isPartOf":{"@id":"https:\/\/quehacerpolitico.mx\/?p=120089"},"author":{"name":"Redacci\u00f3n QP","@id":"https:\/\/quehacerpolitico.mx\/#\/schema\/person\/496d8ad2d1d3f8036101dca7ee39e585"},"headline":"Transportistas en la CDMX cancelan movilizaci\u00f3n, pero habr\u00e1 bloqueos en el Edomex","datePublished":"2025-10-29T15:31:41+00:00","dateModified":"2025-10-29T15:31:45+00:00","mainEntityOfPage":{"@id":"https:\/\/quehacerpolitico.mx\/?p=120089"},"wordCount":554,"commentCount":0,"image":{"@id":"https:\/\/quehacerpolitico.mx\/?p=120089#primaryimage"},"thumbnailUrl":"https:\/\/quehacerpolitico.mx\/wp-content\/uploads\/2025\/10\/IMG_4726.jpeg","articleSection":["CDMX"],"inLanguage":"es","potentialAction":[{"@type":"CommentAction","name":"Comment","target":["https:\/\/quehacerpolitico.mx\/?p=120089#respond"]}]},{"@type":"WebPage","@id":"https:\/\/quehacerpolitico.mx\/?p=120089","url":"https:\/\/quehacerpolitico.mx\/?p=120089","name":"Transportistas en la CDMX cancelan movilizaci\u00f3n, pero habr\u00e1 bloqueos en el Edomex -","isPartOf":{"@id":"https:\/\/quehacerpolitico.mx\/#website"},"primaryImageOfPage":{"@id":"https:\/\/quehacerpolitico.mx\/?p=120089#primaryimage"},"image":{"@id":"https:\/\/quehacerpolitico.mx\/?p=120089#primaryimage"},"thumbnailUrl":"https:\/\/quehacerpolitico.mx\/wp-content\/uploads\/2025\/10\/IMG_4726.jpeg","datePublished":"2025-10-29T15:31:41+00:00","dateModified":"2025-10-29T15:31:45+00:00","author":{"@id":"https:\/\/quehacerpolitico.mx\/#\/schema\/person\/496d8ad2d1d3f8036101dca7ee39e585"},"breadcrumb":{"@id":"https:\/\/quehacerpolitico.mx\/?p=120089#breadcrumb"},"inLanguage":"es","potentialAction":[{"@type":"ReadAction","target":["https:\/\/quehacerpolitico.mx\/?p=120089"]}]},{"@type":"ImageObject","inLanguage":"es","@id":"https:\/\/quehacerpolitico.mx\/?p=120089#primaryimage","url":"https:\/\/quehacerpolitico.mx\/wp-content\/uploads\/2025\/10\/IMG_4726.jpeg","contentUrl":"https:\/\/quehacerpolitico.mx\/wp-content\/uploads\/2025\/10\/IMG_4726.jpeg","width":1080,"height":583},{"@type":"BreadcrumbList","@id":"https:\/\/quehacerpolitico.mx\/?p=120089#breadcrumb","itemListElement":[{"@type":"ListItem","position":1,"name":"Inicio","item":"https:\/\/quehacerpolitico.mx\/"},{"@type":"ListItem","position":2,"name":"Transportistas en la CDMX cancelan movilizaci\u00f3n, pero habr\u00e1 bloqueos en el Edomex"}]},{"@type":"WebSite","@id":"https:\/\/quehacerpolitico.mx\/#website","url":"https:\/\/quehacerpolitico.mx\/","name":"","description":"","potentialAction":[{"@type":"SearchAction","target":{"@type":"EntryPoint","urlTemplate":"https:\/\/quehacerpolitico.mx\/?s={search_term_string}"},"query-input":{"@type":"PropertyValueSpecification","valueRequired":true,"valueName":"search_term_string"}}],"inLanguage":"es"},{"@type":"Person","@id":"https:\/\/quehacerpolitico.mx\/#\/schema\/person\/496d8ad2d1d3f8036101dca7ee39e585","name":"Redacci\u00f3n QP","image":{"@type":"ImageObject","inLanguage":"es","@id":"https:\/\/secure.gravatar.com\/avatar\/c7164ed6fdec453195284ad24a5ae5b6e1eed2b848477fa2a4787ba9adf39a41?s=96&d=mm&r=g","url":"https:\/\/secure.gravatar.com\/avatar\/c7164ed6fdec453195284ad24a5ae5b6e1eed2b848477fa2a4787ba9adf39a41?s=96&d=mm&r=g","contentUrl":"https:\/\/secure.gravatar.com\/avatar\/c7164ed6fdec453195284ad24a5ae5b6e1eed2b848477fa2a4787ba9adf39a41?s=96&d=mm&r=g","caption":"Redacci\u00f3n QP"},"url":"https:\/\/quehacerpolitico.mx\/?author=2"}]}},"featured_image_urls":{"full":["https:\/\/quehacerpolitico.mx\/wp-content\/uploads\/2025\/10\/IMG_4726.jpeg",1080,583,false],"thumbnail":["https:\/\/quehacerpolitico.mx\/wp-content\/uploads\/2025\/10\/IMG_4726-150x150.jpeg",150,150,true],"medium":["https:\/\/quehacerpolitico.mx\/wp-content\/uploads\/2025\/10\/IMG_4726-300x162.jpeg",300,162,true],"medium_large":["https:\/\/quehacerpolitico.mx\/wp-content\/uploads\/2025\/10\/IMG_4726-768x415.jpeg",640,346,true],"large":["https:\/\/quehacerpolitico.mx\/wp-content\/uploads\/2025\/10\/IMG_4726-1024x553.jpeg",640,346,true],"1536x1536":["https:\/\/quehacerpolitico.mx\/wp-content\/uploads\/2025\/10\/IMG_4726.jpeg",1080,583,false],"2048x2048":["https:\/\/quehacerpolitico.mx\/wp-content\/uploads\/2025\/10\/IMG_4726.jpeg",1080,583,false],"covernews-featured":["https:\/\/quehacerpolitico.mx\/wp-content\/uploads\/2025\/10\/IMG_4726-1024x553.jpeg",1024,553,true],"covernews-medium":["https:\/\/quehacerpolitico.mx\/wp-content\/uploads\/2025\/10\/IMG_4726-540x340.jpeg",540,340,true]},"author_info":{"display_name":"Redacci\u00f3n QP","author_link":"https:\/\/quehacerpolitico.mx\/?author=2"},"category_info":"<a href=\"https:\/\/quehacerpolitico.mx\/?cat=55\" rel=\"category\">CDMX<\/a>","tag_info":"CDMX","comment_count":"0","_links":{"self":[{"href":"https:\/\/quehacerpolitico.mx\/index.php?rest_route=\/wp\/v2\/posts\/120089","targetHints":{"allow":["GET"]}}],"collection":[{"href":"https:\/\/quehacerpolitico.mx\/index.php?rest_route=\/wp\/v2\/posts"}],"about":[{"href":"https:\/\/quehacerpolitico.mx\/index.php?rest_route=\/wp\/v2\/types\/post"}],"author":[{"embeddable":true,"href":"https:\/\/quehacerpolitico.mx\/index.php?rest_route=\/wp\/v2\/users\/2"}],"replies":[{"embeddable":true,"href":"https:\/\/quehacerpolitico.mx\/index.php?rest_route=%2Fwp%2Fv2%2Fcomments&post=120089"}],"version-history":[{"count":1,"href":"https:\/\/quehacerpolitico.mx\/index.php?rest_route=\/wp\/v2\/posts\/120089\/revisions"}],"predecessor-version":[{"id":120093,"href":"https:\/\/quehacerpolitico.mx\/index.php?rest_route=\/wp\/v2\/posts\/120089\/revisions\/120093"}],"wp:featuredmedia":[{"embeddable":true,"href":"https:\/\/quehacerpolitico.mx\/index.php?rest_route=\/wp\/v2\/media\/120090"}],"wp:attachment":[{"href":"https:\/\/quehacerpolitico.mx\/index.php?rest_route=%2Fwp%2Fv2%2Fmedia&parent=120089"}],"wp:term":[{"taxonomy":"category","embeddable":true,"href":"https:\/\/quehacerpolitico.mx\/index.php?rest_route=%2Fwp%2Fv2%2Fcategories&post=120089"},{"taxonomy":"post_tag","embeddable":true,"href":"https:\/\/quehacerpolitico.mx\/index.php?rest_route=%2Fwp%2Fv2%2Ftags&post=120089"}],"curies":[{"name":"wp","href":"https:\/\/api.w.org\/{rel}","templated":true}]}}