{"id":120084,"date":"2025-10-29T08:30:56","date_gmt":"2025-10-29T14:30:56","guid":{"rendered":"https:\/\/quehacerpolitico.mx\/?p=120084"},"modified":"2025-10-29T08:31:02","modified_gmt":"2025-10-29T14:31:02","slug":"el-quehacer-politico-a-traves-jose-alberto-prado-angeles-narcotraficantes-en-aguas-del-caribe-atlantico-y-el-pacifico-seran-aniquilados-por-parte-de-la-milicia-estadounidensetrump","status":"publish","type":"post","link":"https:\/\/quehacerpolitico.mx\/?p=120084","title":{"rendered":"El Quehacer Pol\u00edtico a trav\u00e9s\/\/\/Jose Alberto Prado Angeles\/\/\/Narcotraficantes en aguas del Caribe, Atl\u00e1ntico y el Pacifico ser\u00e1n aniquilados por parte de la milicia estadounidense:Trump"},"content":{"rendered":"\n<p>Por Jos\u00e9 Alberto Prado Angeles<\/p>\n\n\n\n<p>Director General y Editor<\/p>\n\n\n\n<p>El 17 de diciembre de 2009 el presidente estadounidense Barak Obama orden\u00f3 ataques con drones en contra de supuestos militantes de Al Qaeda en territorio de Yemen y Pakist\u00e1n, cuando la sede de los milicianos estaba en territorios en Afganist\u00e1n. La medida provoc\u00f3 una serie de protestas internacionales y se culp\u00f3 a Estados Unidos de extralimitarse y realizar bombardeos en otros pa\u00edses sin ninguna justificaci\u00f3n. En aquel entonces los abogados de la Casa Blanca elaboraron una respuesta legal, en donde mencionan precedentes de la Corte Suprema y desglosaban detalles del derecho internacional, en un intento por justificar los bombardeos en contra de Al Qaeda en aquellos escenarios. La posici\u00f3n de Washington no convenci\u00f3 a nadie, pero los da\u00f1os ya estaban hechos.&nbsp;<\/p>\n\n\n\n<p>Hoy, se vive una situaci\u00f3n similar con los ataques a embarcaciones de supuestos narcotraficantes en aguas del Caribe, Atl\u00e1ntico y el Pacifico por parte de la milicia estadounidense, donde -con las cuatro embarcaciones atacadas ayer martes frente a M\u00e9xico en aguas internacionales, con saldo de 14 muertos y un sobreviviente-, ya suman 11 los operativos y 57 personas fallecidas. De acuerdo con el secretario de Guerra, Pete Hegseth, las lanchas -de tres y cuatro motores- previamente hab\u00edan sido identificadas como de \u201cnarcoterroristas\u201d por el aparato de inteligencia de Estados Unidos. Y Hegsteh justifica las acciones para proteger a su pa\u00eds y se\u00f1ala que \u201cestos narcoterroristas han matado a m\u00e1s estadounidenses que Al Qaeda, y se les tratar\u00e1 igual. Los rastreamos, los interconectamos y despu\u00e9s los cazamos y los eliminamos\u201d. \u00a1As\u00ed de sencillo!<\/p>\n\n\n\n<p>Muchos internacionalistas han calificado como ilegal el uso de la fuerza letal en contra de las embarcaciones de supuestos \u201cnarcoterroristas\u201d, mientras que el gobierno insiste que los \u201casesinatos\u201d son legales, invocando t\u00e9rminos legales como \u201cleg\u00edtima defensa\u201d y \u201cconflicto armado\u201d, sin que esa argumentaci\u00f3n convenza los enterados en asuntos l\u00edcitos e internacionales. Las \u00f3rdenes del presidente Trump \u201caparentan\u201d estar dentro de la ley, pero son -hasta el momento- ataques y asesinatos sin una justificaci\u00f3n jur\u00eddica sustancial.<\/p>\n\n\n\n<p>Tim Kaine, senador dem\u00f3crata por Virginia -ex candidato a la vicepresidencia y miembro de mayor rango del subcomit\u00e9 del Hemisferio Occidental, Delincuencia Transnacional y Seguridad- asegur\u00f3 en d\u00edas pasados que los ataques en contra de las embarcaciones en aguas internacionales \u201cno son legales\u201d, adem\u00e1s de que Trump \u201cno est\u00e1 compartiendo informaci\u00f3n esencial con los senadores o con el Congreso. El presidente est\u00e1 diciendo que tiene una lista secreta con algunos grupos y \u00e9l puede decidir a qui\u00e9n va a matar\u2026 Y nuestra Constituci\u00f3n no da el poder al presidente a decidir a qui\u00e9n puede matar\u201d.<\/p>\n\n\n\n<p>Por lo pronto, no hay quien le ponga un alto a las \u00f3rdenes sin control de Donald Trump en aguas internacionales, donde sin ninguna justificaci\u00f3n jur\u00eddica destruye embarcaciones y mata a sus tripulaciones.<\/p>\n\n\n\n<p>As\u00ed el Quehacer Pol\u00edtico Desde 1980, 45 a\u00f1os inquiriendo en la pol\u00edtica de M\u00e9xico, cuestionando, exponiendo, revelando y razonando.Es cuanto.<\/p>\n","protected":false},"excerpt":{"rendered":"<p>Por Jos\u00e9 Alberto Prado Angeles Director General y Editor El 17 de diciembre de 2009&#8230;<\/p>\n","protected":false},"author":2,"featured_media":120074,"comment_status":"open","ping_status":"open","sticky":false,"template":"","format":"standard","meta":{"_monsterinsights_skip_tracking":false,"_monsterinsights_sitenote_active":false,"_monsterinsights_sitenote_note":"","_monsterinsights_sitenote_category":0,"footnotes":""},"categories":[1,280,2],"tags":[],"class_list":["post-120084","post","type-post","status-publish","format-standard","has-post-thumbnail","hentry","category-sin-categoria","category-nacionales","category-noticias"],"yoast_head":"<!-- This site is optimized with the Yoast SEO plugin v27.3 - https:\/\/yoast.com\/product\/yoast-seo-wordpress\/ -->\n<title>El Quehacer Pol\u00edtico a trav\u00e9s\/\/\/Jose Alberto Prado Angeles\/\/\/Narcotraficantes en aguas del Caribe, Atl\u00e1ntico y el Pacifico ser\u00e1n aniquilados por parte de la milicia estadounidense:Trump -<\/title>\n<meta name=\"robots\" content=\"index, follow, max-snippet:-1, max-image-preview:large, max-video-preview:-1\" \/>\n<link rel=\"canonical\" href=\"https:\/\/quehacerpolitico.mx\/?p=120084\" \/>\n<meta property=\"og:locale\" content=\"es_MX\" \/>\n<meta property=\"og:type\" content=\"article\" \/>\n<meta property=\"og:title\" content=\"El Quehacer Pol\u00edtico a trav\u00e9s\/\/\/Jose Alberto Prado Angeles\/\/\/Narcotraficantes en aguas del Caribe, Atl\u00e1ntico y el Pacifico ser\u00e1n aniquilados por parte de la milicia estadounidense:Trump -\" \/>\n<meta property=\"og:description\" content=\"Por Jos\u00e9 Alberto Prado Angeles Director General y Editor El 17 de diciembre de 2009...\" \/>\n<meta property=\"og:url\" content=\"https:\/\/quehacerpolitico.mx\/?p=120084\" \/>\n<meta property=\"article:published_time\" content=\"2025-10-29T14:30:56+00:00\" \/>\n<meta property=\"article:modified_time\" content=\"2025-10-29T14:31:02+00:00\" \/>\n<meta property=\"og:image\" content=\"https:\/\/quehacerpolitico.mx\/wp-content\/uploads\/2025\/10\/IMG_4121-10.jpeg\" \/>\n\t<meta property=\"og:image:width\" content=\"963\" \/>\n\t<meta property=\"og:image:height\" content=\"493\" \/>\n\t<meta property=\"og:image:type\" content=\"image\/jpeg\" \/>\n<meta name=\"author\" content=\"Redacci\u00f3n QP\" \/>\n<meta name=\"twitter:card\" content=\"summary_large_image\" \/>\n<meta name=\"twitter:label1\" content=\"Escrito por\" \/>\n\t<meta name=\"twitter:data1\" content=\"Redacci\u00f3n QP\" \/>\n\t<meta name=\"twitter:label2\" content=\"Tiempo de lectura\" \/>\n\t<meta name=\"twitter:data2\" content=\"3 minutos\" \/>\n<script type=\"application\/ld+json\" class=\"yoast-schema-graph\">{\"@context\":\"https:\\\/\\\/schema.org\",\"@graph\":[{\"@type\":\"Article\",\"@id\":\"https:\\\/\\\/quehacerpolitico.mx\\\/?p=120084#article\",\"isPartOf\":{\"@id\":\"https:\\\/\\\/quehacerpolitico.mx\\\/?p=120084\"},\"author\":{\"name\":\"Redacci\u00f3n QP\",\"@id\":\"https:\\\/\\\/quehacerpolitico.mx\\\/#\\\/schema\\\/person\\\/496d8ad2d1d3f8036101dca7ee39e585\"},\"headline\":\"El Quehacer Pol\u00edtico a trav\u00e9s\\\/\\\/\\\/Jose Alberto Prado Angeles\\\/\\\/\\\/Narcotraficantes en aguas del Caribe, Atl\u00e1ntico y el Pacifico ser\u00e1n aniquilados por parte de la milicia estadounidense:Trump\",\"datePublished\":\"2025-10-29T14:30:56+00:00\",\"dateModified\":\"2025-10-29T14:31:02+00:00\",\"mainEntityOfPage\":{\"@id\":\"https:\\\/\\\/quehacerpolitico.mx\\\/?p=120084\"},\"wordCount\":544,\"commentCount\":0,\"image\":{\"@id\":\"https:\\\/\\\/quehacerpolitico.mx\\\/?p=120084#primaryimage\"},\"thumbnailUrl\":\"https:\\\/\\\/quehacerpolitico.mx\\\/wp-content\\\/uploads\\\/2025\\\/10\\\/IMG_4121-10.jpeg\",\"articleSection\":[\"Internacionales\",\"Nacionales\",\"Noticias\"],\"inLanguage\":\"es\",\"potentialAction\":[{\"@type\":\"CommentAction\",\"name\":\"Comment\",\"target\":[\"https:\\\/\\\/quehacerpolitico.mx\\\/?p=120084#respond\"]}]},{\"@type\":\"WebPage\",\"@id\":\"https:\\\/\\\/quehacerpolitico.mx\\\/?p=120084\",\"url\":\"https:\\\/\\\/quehacerpolitico.mx\\\/?p=120084\",\"name\":\"El Quehacer Pol\u00edtico a trav\u00e9s\\\/\\\/\\\/Jose Alberto Prado Angeles\\\/\\\/\\\/Narcotraficantes en aguas del Caribe, Atl\u00e1ntico y el Pacifico ser\u00e1n aniquilados por parte de la milicia estadounidense:Trump -\",\"isPartOf\":{\"@id\":\"https:\\\/\\\/quehacerpolitico.mx\\\/#website\"},\"primaryImageOfPage\":{\"@id\":\"https:\\\/\\\/quehacerpolitico.mx\\\/?p=120084#primaryimage\"},\"image\":{\"@id\":\"https:\\\/\\\/quehacerpolitico.mx\\\/?p=120084#primaryimage\"},\"thumbnailUrl\":\"https:\\\/\\\/quehacerpolitico.mx\\\/wp-content\\\/uploads\\\/2025\\\/10\\\/IMG_4121-10.jpeg\",\"datePublished\":\"2025-10-29T14:30:56+00:00\",\"dateModified\":\"2025-10-29T14:31:02+00:00\",\"author\":{\"@id\":\"https:\\\/\\\/quehacerpolitico.mx\\\/#\\\/schema\\\/person\\\/496d8ad2d1d3f8036101dca7ee39e585\"},\"breadcrumb\":{\"@id\":\"https:\\\/\\\/quehacerpolitico.mx\\\/?p=120084#breadcrumb\"},\"inLanguage\":\"es\",\"potentialAction\":[{\"@type\":\"ReadAction\",\"target\":[\"https:\\\/\\\/quehacerpolitico.mx\\\/?p=120084\"]}]},{\"@type\":\"ImageObject\",\"inLanguage\":\"es\",\"@id\":\"https:\\\/\\\/quehacerpolitico.mx\\\/?p=120084#primaryimage\",\"url\":\"https:\\\/\\\/quehacerpolitico.mx\\\/wp-content\\\/uploads\\\/2025\\\/10\\\/IMG_4121-10.jpeg\",\"contentUrl\":\"https:\\\/\\\/quehacerpolitico.mx\\\/wp-content\\\/uploads\\\/2025\\\/10\\\/IMG_4121-10.jpeg\",\"width\":963,\"height\":493},{\"@type\":\"BreadcrumbList\",\"@id\":\"https:\\\/\\\/quehacerpolitico.mx\\\/?p=120084#breadcrumb\",\"itemListElement\":[{\"@type\":\"ListItem\",\"position\":1,\"name\":\"Inicio\",\"item\":\"https:\\\/\\\/quehacerpolitico.mx\\\/\"},{\"@type\":\"ListItem\",\"position\":2,\"name\":\"El Quehacer Pol\u00edtico a trav\u00e9s\\\/\\\/\\\/Jose Alberto Prado Angeles\\\/\\\/\\\/Narcotraficantes en aguas del Caribe, Atl\u00e1ntico y el Pacifico ser\u00e1n aniquilados por parte de la milicia estadounidense:Trump\"}]},{\"@type\":\"WebSite\",\"@id\":\"https:\\\/\\\/quehacerpolitico.mx\\\/#website\",\"url\":\"https:\\\/\\\/quehacerpolitico.mx\\\/\",\"name\":\"\",\"description\":\"\",\"potentialAction\":[{\"@type\":\"SearchAction\",\"target\":{\"@type\":\"EntryPoint\",\"urlTemplate\":\"https:\\\/\\\/quehacerpolitico.mx\\\/?s={search_term_string}\"},\"query-input\":{\"@type\":\"PropertyValueSpecification\",\"valueRequired\":true,\"valueName\":\"search_term_string\"}}],\"inLanguage\":\"es\"},{\"@type\":\"Person\",\"@id\":\"https:\\\/\\\/quehacerpolitico.mx\\\/#\\\/schema\\\/person\\\/496d8ad2d1d3f8036101dca7ee39e585\",\"name\":\"Redacci\u00f3n QP\",\"image\":{\"@type\":\"ImageObject\",\"inLanguage\":\"es\",\"@id\":\"https:\\\/\\\/secure.gravatar.com\\\/avatar\\\/c7164ed6fdec453195284ad24a5ae5b6e1eed2b848477fa2a4787ba9adf39a41?s=96&d=mm&r=g\",\"url\":\"https:\\\/\\\/secure.gravatar.com\\\/avatar\\\/c7164ed6fdec453195284ad24a5ae5b6e1eed2b848477fa2a4787ba9adf39a41?s=96&d=mm&r=g\",\"contentUrl\":\"https:\\\/\\\/secure.gravatar.com\\\/avatar\\\/c7164ed6fdec453195284ad24a5ae5b6e1eed2b848477fa2a4787ba9adf39a41?s=96&d=mm&r=g\",\"caption\":\"Redacci\u00f3n QP\"},\"url\":\"https:\\\/\\\/quehacerpolitico.mx\\\/?author=2\"}]}<\/script>\n<!-- \/ Yoast SEO plugin. -->","yoast_head_json":{"title":"El Quehacer Pol\u00edtico a trav\u00e9s\/\/\/Jose Alberto Prado Angeles\/\/\/Narcotraficantes en aguas del Caribe, Atl\u00e1ntico y el Pacifico ser\u00e1n aniquilados por parte de la milicia estadounidense:Trump -","robots":{"index":"index","follow":"follow","max-snippet":"max-snippet:-1","max-image-preview":"max-image-preview:large","max-video-preview":"max-video-preview:-1"},"canonical":"https:\/\/quehacerpolitico.mx\/?p=120084","og_locale":"es_MX","og_type":"article","og_title":"El Quehacer Pol\u00edtico a trav\u00e9s\/\/\/Jose Alberto Prado Angeles\/\/\/Narcotraficantes en aguas del Caribe, Atl\u00e1ntico y el Pacifico ser\u00e1n aniquilados por parte de la milicia estadounidense:Trump -","og_description":"Por Jos\u00e9 Alberto Prado Angeles Director General y Editor El 17 de diciembre de 2009...","og_url":"https:\/\/quehacerpolitico.mx\/?p=120084","article_published_time":"2025-10-29T14:30:56+00:00","article_modified_time":"2025-10-29T14:31:02+00:00","og_image":[{"width":963,"height":493,"url":"https:\/\/quehacerpolitico.mx\/wp-content\/uploads\/2025\/10\/IMG_4121-10.jpeg","type":"image\/jpeg"}],"author":"Redacci\u00f3n QP","twitter_card":"summary_large_image","twitter_misc":{"Escrito por":"Redacci\u00f3n QP","Tiempo de lectura":"3 minutos"},"schema":{"@context":"https:\/\/schema.org","@graph":[{"@type":"Article","@id":"https:\/\/quehacerpolitico.mx\/?p=120084#article","isPartOf":{"@id":"https:\/\/quehacerpolitico.mx\/?p=120084"},"author":{"name":"Redacci\u00f3n QP","@id":"https:\/\/quehacerpolitico.mx\/#\/schema\/person\/496d8ad2d1d3f8036101dca7ee39e585"},"headline":"El Quehacer Pol\u00edtico a trav\u00e9s\/\/\/Jose Alberto Prado Angeles\/\/\/Narcotraficantes en aguas del Caribe, Atl\u00e1ntico y el Pacifico ser\u00e1n aniquilados por parte de la milicia estadounidense:Trump","datePublished":"2025-10-29T14:30:56+00:00","dateModified":"2025-10-29T14:31:02+00:00","mainEntityOfPage":{"@id":"https:\/\/quehacerpolitico.mx\/?p=120084"},"wordCount":544,"commentCount":0,"image":{"@id":"https:\/\/quehacerpolitico.mx\/?p=120084#primaryimage"},"thumbnailUrl":"https:\/\/quehacerpolitico.mx\/wp-content\/uploads\/2025\/10\/IMG_4121-10.jpeg","articleSection":["Internacionales","Nacionales","Noticias"],"inLanguage":"es","potentialAction":[{"@type":"CommentAction","name":"Comment","target":["https:\/\/quehacerpolitico.mx\/?p=120084#respond"]}]},{"@type":"WebPage","@id":"https:\/\/quehacerpolitico.mx\/?p=120084","url":"https:\/\/quehacerpolitico.mx\/?p=120084","name":"El Quehacer Pol\u00edtico a trav\u00e9s\/\/\/Jose Alberto Prado Angeles\/\/\/Narcotraficantes en aguas del Caribe, Atl\u00e1ntico y el Pacifico ser\u00e1n aniquilados por parte de la milicia estadounidense:Trump -","isPartOf":{"@id":"https:\/\/quehacerpolitico.mx\/#website"},"primaryImageOfPage":{"@id":"https:\/\/quehacerpolitico.mx\/?p=120084#primaryimage"},"image":{"@id":"https:\/\/quehacerpolitico.mx\/?p=120084#primaryimage"},"thumbnailUrl":"https:\/\/quehacerpolitico.mx\/wp-content\/uploads\/2025\/10\/IMG_4121-10.jpeg","datePublished":"2025-10-29T14:30:56+00:00","dateModified":"2025-10-29T14:31:02+00:00","author":{"@id":"https:\/\/quehacerpolitico.mx\/#\/schema\/person\/496d8ad2d1d3f8036101dca7ee39e585"},"breadcrumb":{"@id":"https:\/\/quehacerpolitico.mx\/?p=120084#breadcrumb"},"inLanguage":"es","potentialAction":[{"@type":"ReadAction","target":["https:\/\/quehacerpolitico.mx\/?p=120084"]}]},{"@type":"ImageObject","inLanguage":"es","@id":"https:\/\/quehacerpolitico.mx\/?p=120084#primaryimage","url":"https:\/\/quehacerpolitico.mx\/wp-content\/uploads\/2025\/10\/IMG_4121-10.jpeg","contentUrl":"https:\/\/quehacerpolitico.mx\/wp-content\/uploads\/2025\/10\/IMG_4121-10.jpeg","width":963,"height":493},{"@type":"BreadcrumbList","@id":"https:\/\/quehacerpolitico.mx\/?p=120084#breadcrumb","itemListElement":[{"@type":"ListItem","position":1,"name":"Inicio","item":"https:\/\/quehacerpolitico.mx\/"},{"@type":"ListItem","position":2,"name":"El Quehacer Pol\u00edtico a trav\u00e9s\/\/\/Jose Alberto Prado Angeles\/\/\/Narcotraficantes en aguas del Caribe, Atl\u00e1ntico y el Pacifico ser\u00e1n aniquilados por parte de la milicia estadounidense:Trump"}]},{"@type":"WebSite","@id":"https:\/\/quehacerpolitico.mx\/#website","url":"https:\/\/quehacerpolitico.mx\/","name":"","description":"","potentialAction":[{"@type":"SearchAction","target":{"@type":"EntryPoint","urlTemplate":"https:\/\/quehacerpolitico.mx\/?s={search_term_string}"},"query-input":{"@type":"PropertyValueSpecification","valueRequired":true,"valueName":"search_term_string"}}],"inLanguage":"es"},{"@type":"Person","@id":"https:\/\/quehacerpolitico.mx\/#\/schema\/person\/496d8ad2d1d3f8036101dca7ee39e585","name":"Redacci\u00f3n QP","image":{"@type":"ImageObject","inLanguage":"es","@id":"https:\/\/secure.gravatar.com\/avatar\/c7164ed6fdec453195284ad24a5ae5b6e1eed2b848477fa2a4787ba9adf39a41?s=96&d=mm&r=g","url":"https:\/\/secure.gravatar.com\/avatar\/c7164ed6fdec453195284ad24a5ae5b6e1eed2b848477fa2a4787ba9adf39a41?s=96&d=mm&r=g","contentUrl":"https:\/\/secure.gravatar.com\/avatar\/c7164ed6fdec453195284ad24a5ae5b6e1eed2b848477fa2a4787ba9adf39a41?s=96&d=mm&r=g","caption":"Redacci\u00f3n QP"},"url":"https:\/\/quehacerpolitico.mx\/?author=2"}]}},"featured_image_urls":{"full":["https:\/\/quehacerpolitico.mx\/wp-content\/uploads\/2025\/10\/IMG_4121-10.jpeg",963,493,false],"thumbnail":["https:\/\/quehacerpolitico.mx\/wp-content\/uploads\/2025\/10\/IMG_4121-10-150x150.jpeg",150,150,true],"medium":["https:\/\/quehacerpolitico.mx\/wp-content\/uploads\/2025\/10\/IMG_4121-10-300x154.jpeg",300,154,true],"medium_large":["https:\/\/quehacerpolitico.mx\/wp-content\/uploads\/2025\/10\/IMG_4121-10-768x393.jpeg",640,328,true],"large":["https:\/\/quehacerpolitico.mx\/wp-content\/uploads\/2025\/10\/IMG_4121-10.jpeg",640,328,false],"1536x1536":["https:\/\/quehacerpolitico.mx\/wp-content\/uploads\/2025\/10\/IMG_4121-10.jpeg",963,493,false],"2048x2048":["https:\/\/quehacerpolitico.mx\/wp-content\/uploads\/2025\/10\/IMG_4121-10.jpeg",963,493,false],"covernews-featured":["https:\/\/quehacerpolitico.mx\/wp-content\/uploads\/2025\/10\/IMG_4121-10.jpeg",963,493,false],"covernews-medium":["https:\/\/quehacerpolitico.mx\/wp-content\/uploads\/2025\/10\/IMG_4121-10-540x340.jpeg",540,340,true]},"author_info":{"display_name":"Redacci\u00f3n QP","author_link":"https:\/\/quehacerpolitico.mx\/?author=2"},"category_info":"<a href=\"https:\/\/quehacerpolitico.mx\/?cat=1\" rel=\"category\">Internacionales<\/a> <a href=\"https:\/\/quehacerpolitico.mx\/?cat=280\" rel=\"category\">Nacionales<\/a> <a href=\"https:\/\/quehacerpolitico.mx\/?cat=2\" rel=\"category\">Noticias<\/a>","tag_info":"Noticias","comment_count":"0","_links":{"self":[{"href":"https:\/\/quehacerpolitico.mx\/index.php?rest_route=\/wp\/v2\/posts\/120084","targetHints":{"allow":["GET"]}}],"collection":[{"href":"https:\/\/quehacerpolitico.mx\/index.php?rest_route=\/wp\/v2\/posts"}],"about":[{"href":"https:\/\/quehacerpolitico.mx\/index.php?rest_route=\/wp\/v2\/types\/post"}],"author":[{"embeddable":true,"href":"https:\/\/quehacerpolitico.mx\/index.php?rest_route=\/wp\/v2\/users\/2"}],"replies":[{"embeddable":true,"href":"https:\/\/quehacerpolitico.mx\/index.php?rest_route=%2Fwp%2Fv2%2Fcomments&post=120084"}],"version-history":[{"count":1,"href":"https:\/\/quehacerpolitico.mx\/index.php?rest_route=\/wp\/v2\/posts\/120084\/revisions"}],"predecessor-version":[{"id":120085,"href":"https:\/\/quehacerpolitico.mx\/index.php?rest_route=\/wp\/v2\/posts\/120084\/revisions\/120085"}],"wp:featuredmedia":[{"embeddable":true,"href":"https:\/\/quehacerpolitico.mx\/index.php?rest_route=\/wp\/v2\/media\/120074"}],"wp:attachment":[{"href":"https:\/\/quehacerpolitico.mx\/index.php?rest_route=%2Fwp%2Fv2%2Fmedia&parent=120084"}],"wp:term":[{"taxonomy":"category","embeddable":true,"href":"https:\/\/quehacerpolitico.mx\/index.php?rest_route=%2Fwp%2Fv2%2Fcategories&post=120084"},{"taxonomy":"post_tag","embeddable":true,"href":"https:\/\/quehacerpolitico.mx\/index.php?rest_route=%2Fwp%2Fv2%2Ftags&post=120084"}],"curies":[{"name":"wp","href":"https:\/\/api.w.org\/{rel}","templated":true}]}}