{"id":120079,"date":"2025-10-27T13:52:26","date_gmt":"2025-10-27T19:52:26","guid":{"rendered":"https:\/\/quehacerpolitico.mx\/?p=120079"},"modified":"2025-10-27T13:52:28","modified_gmt":"2025-10-27T19:52:28","slug":"nunca-se-firmo-el-acuerdo-arturo-medina-reconoce-negociaciones-entre-amlo-y-salinas-pliego-para-saldar-su-deuda-fiscal","status":"publish","type":"post","link":"https:\/\/quehacerpolitico.mx\/?p=120079","title":{"rendered":"&#8220;Nunca se firm\u00f3 el acuerdo&#8221;: Arturo Medina reconoce negociaciones entre AMLO y Salinas Pliego para saldar su deuda fiscal"},"content":{"rendered":"\n<p>Por Redacci\u00f3n QP<\/p>\n\n\n\n<p>El funcionario acudi\u00f3 este lunes a Palacio Nacional a explicar su papel en la construcci\u00f3n de un convenio tras instrucciones del expresidente, pero se\u00f1al\u00f3 que no se estableci\u00f3 un monto<\/p>\n\n\n\n<p><strong>F\u00e9lix Arturo Medina Padilla<\/strong>, subsecretario de Derechos Humanos, Poblaci\u00f3n y Migraci\u00f3n, neg\u00f3 este lunes que el gobierno de&nbsp;<strong>Andr\u00e9s Manuel L\u00f3pez Obrador<\/strong>&nbsp;llegara a un acuerdo con el empresario&nbsp;<strong>Ricardo Salinas Pliego<\/strong>para saldar su deuda fiscal.&nbsp;<\/p>\n\n\n\n<p>El funcionario asisti\u00f3 a la conferencia matutina despu\u00e9s de que\u00a0<strong>Grupo Salinas\u00a0<\/strong>se\u00f1alara en un comunicado que el entonces\u00a0<strong>procurador fiscal Arturo Medina<\/strong>\u00a0particip\u00f3 en la construcci\u00f3n de un acuerdo tras una negociaci\u00f3n.<\/p>\n\n\n\n<figure class=\"wp-block-embed is-type-rich is-provider-twitter wp-block-embed-twitter\"><div class=\"wp-block-embed__wrapper\">\n<blockquote class=\"twitter-tweet\" data-width=\"550\" data-dnt=\"true\"><p lang=\"es\" dir=\"ltr\">Grupo Salinas est\u00e1 listo para pagar lo justo, pero el gobierno insiste en un monto construido desde la mentira utilizando de manera retroactiva la ley <br><br>Ni de cerca son 70 mil mdp <br><br>La presidenta puede librarse de un tema heredado y un pleito que no es suyo <a href=\"https:\/\/t.co\/6In67ms8GB\">pic.twitter.com\/6In67ms8GB<\/a><\/p>&mdash; Manuel Lopez San Martin (@MLopezSanMartin) <a href=\"https:\/\/twitter.com\/MLopezSanMartin\/status\/1982825104569753939?ref_src=twsrc%5Etfw\">October 27, 2025<\/a><\/blockquote><script async src=\"https:\/\/platform.twitter.com\/widgets.js\" charset=\"utf-8\"><\/script>\n<\/div><\/figure>\n\n\n\n<p>\u201cEl grupo siempre sostuvo que el monto de su deuda es menor a lo determinado por el SAT. Nunca se firm\u00f3 alg\u00fan acuerdo,<strong>\u00a0no existe un documento firmado<\/strong>\u201d, se\u00f1al\u00f3.<\/p>\n\n\n\n<p>Sin embargo, admiti\u00f3 que&nbsp;<strong>hubo&nbsp;negociaciones<\/strong>&nbsp;en una mesa t\u00e9cnica con representantes del empresario mexicano, como lo se\u00f1ala el desplegado de Grupo Salinas.&nbsp;<\/p>\n\n\n\n<p><strong>\u201cNunca se acord\u00f3 un monto<\/strong>&nbsp;ni la ruta de soluci\u00f3n. Esto debido a que el consorcio empresarial siempre discrep\u00f3 del monto de adeudo que el SAT le determin\u00f3\u201d, a\u00f1adi\u00f3.&nbsp;<\/p>\n\n\n\n<p>Adem\u00e1s, se\u00f1al\u00f3 que el pago de 2 mil 700 millones de pesos al que hace referencia el empresario mexicano corresponde a un juicio de a\u00f1os anteriores y no est\u00e1n relacionados con los adeudos actuales.&nbsp;<\/p>\n\n\n\n<p>&#8220;Los adeudos del grupo empresarial empezaron hace m\u00e1s de 17 a\u00f1os desde hace tres sexenios. Ninguno inici\u00f3 con los gobiernos de la transformaci\u00f3n y en ninguno han querido pagar. El Grupo Salinas falta a la verdad&#8221;,\u00a0concluy\u00f3.<\/p>\n\n\n\n<p>De acuerdo con el texto difundido, Salinas Pliego afirma que plante\u00f3 a L\u00f3pez Obrador llegar a \u201cun acuerdo justo y apegado a derecho para todas las partes\u201d, por lo que este design\u00f3 a Arturo Medina como el enlace para resolver el caso.<\/p>\n\n\n\n<figure class=\"wp-block-embed is-type-rich is-provider-twitter wp-block-embed-twitter\"><div class=\"wp-block-embed__wrapper\">\n<blockquote class=\"twitter-tweet\" data-width=\"550\" data-dnt=\"true\"><p lang=\"es\" dir=\"ltr\">Es tiempo de que todo M\u00e9xico conozca la verdad: en <a href=\"https:\/\/twitter.com\/hashtag\/GrupoSalinas?src=hash&amp;ref_src=twsrc%5Etfw\">#GrupoSalinas<\/a> S\u00cd QUEREMOS PAGAR. <br><br>Hace unos minutos, durante el festejo de su cumplea\u00f1os, nuestro presidente fundador <a href=\"https:\/\/twitter.com\/RicardoBSalinas?ref_src=twsrc%5Etfw\">@RicardoBSalinas<\/a>, dio a conocer una serie de documentos que hoy hacemos p\u00fablicos.<br><br>En primer lugar, la carta\u2026 <a href=\"https:\/\/t.co\/btE6NDawCP\">pic.twitter.com\/btE6NDawCP<\/a><\/p>&mdash; Grupo Salinas (@gruposalinas) <a href=\"https:\/\/twitter.com\/gruposalinas\/status\/1982313566091755705?ref_src=twsrc%5Etfw\">October 26, 2025<\/a><\/blockquote><script async src=\"https:\/\/platform.twitter.com\/widgets.js\" charset=\"utf-8\"><\/script>\n<\/div><\/figure>\n","protected":false},"excerpt":{"rendered":"<p>Por Redacci\u00f3n QP El funcionario acudi\u00f3 este lunes a Palacio Nacional a explicar su papel&#8230;<\/p>\n","protected":false},"author":2,"featured_media":120080,"comment_status":"open","ping_status":"open","sticky":false,"template":"","format":"standard","meta":{"_monsterinsights_skip_tracking":false,"_monsterinsights_sitenote_active":false,"_monsterinsights_sitenote_note":"","_monsterinsights_sitenote_category":0,"footnotes":""},"categories":[280,2],"tags":[],"class_list":["post-120079","post","type-post","status-publish","format-standard","has-post-thumbnail","hentry","category-nacionales","category-noticias"],"yoast_head":"<!-- This site is optimized with the Yoast SEO plugin v27.3 - https:\/\/yoast.com\/product\/yoast-seo-wordpress\/ -->\n<title>&quot;Nunca se firm\u00f3 el acuerdo&quot;: Arturo Medina reconoce negociaciones entre AMLO y Salinas Pliego para saldar su deuda fiscal -<\/title>\n<meta name=\"robots\" content=\"index, follow, max-snippet:-1, max-image-preview:large, max-video-preview:-1\" \/>\n<link rel=\"canonical\" href=\"https:\/\/quehacerpolitico.mx\/?p=120079\" \/>\n<meta property=\"og:locale\" content=\"es_MX\" \/>\n<meta property=\"og:type\" content=\"article\" \/>\n<meta property=\"og:title\" content=\"&quot;Nunca se firm\u00f3 el acuerdo&quot;: Arturo Medina reconoce negociaciones entre AMLO y Salinas Pliego para saldar su deuda fiscal -\" \/>\n<meta property=\"og:description\" content=\"Por Redacci\u00f3n QP El funcionario acudi\u00f3 este lunes a Palacio Nacional a explicar su papel...\" \/>\n<meta property=\"og:url\" content=\"https:\/\/quehacerpolitico.mx\/?p=120079\" \/>\n<meta property=\"article:published_time\" content=\"2025-10-27T19:52:26+00:00\" \/>\n<meta property=\"article:modified_time\" content=\"2025-10-27T19:52:28+00:00\" \/>\n<meta property=\"og:image\" content=\"https:\/\/quehacerpolitico.mx\/wp-content\/uploads\/2025\/10\/IMG_4705.webp\" \/>\n\t<meta property=\"og:image:width\" content=\"425\" \/>\n\t<meta property=\"og:image:height\" content=\"230\" \/>\n\t<meta property=\"og:image:type\" content=\"image\/webp\" \/>\n<meta name=\"author\" content=\"Redacci\u00f3n QP\" \/>\n<meta name=\"twitter:card\" content=\"summary_large_image\" \/>\n<meta name=\"twitter:label1\" content=\"Escrito por\" \/>\n\t<meta name=\"twitter:data1\" content=\"Redacci\u00f3n QP\" \/>\n\t<meta name=\"twitter:label2\" content=\"Tiempo de lectura\" \/>\n\t<meta name=\"twitter:data2\" content=\"2 minutos\" \/>\n<script type=\"application\/ld+json\" class=\"yoast-schema-graph\">{\"@context\":\"https:\\\/\\\/schema.org\",\"@graph\":[{\"@type\":\"Article\",\"@id\":\"https:\\\/\\\/quehacerpolitico.mx\\\/?p=120079#article\",\"isPartOf\":{\"@id\":\"https:\\\/\\\/quehacerpolitico.mx\\\/?p=120079\"},\"author\":{\"name\":\"Redacci\u00f3n QP\",\"@id\":\"https:\\\/\\\/quehacerpolitico.mx\\\/#\\\/schema\\\/person\\\/496d8ad2d1d3f8036101dca7ee39e585\"},\"headline\":\"&#8220;Nunca se firm\u00f3 el acuerdo&#8221;: Arturo Medina reconoce negociaciones entre AMLO y Salinas Pliego para saldar su deuda fiscal\",\"datePublished\":\"2025-10-27T19:52:26+00:00\",\"dateModified\":\"2025-10-27T19:52:28+00:00\",\"mainEntityOfPage\":{\"@id\":\"https:\\\/\\\/quehacerpolitico.mx\\\/?p=120079\"},\"wordCount\":360,\"commentCount\":0,\"image\":{\"@id\":\"https:\\\/\\\/quehacerpolitico.mx\\\/?p=120079#primaryimage\"},\"thumbnailUrl\":\"https:\\\/\\\/quehacerpolitico.mx\\\/wp-content\\\/uploads\\\/2025\\\/10\\\/IMG_4705.webp\",\"articleSection\":[\"Nacionales\",\"Noticias\"],\"inLanguage\":\"es\",\"potentialAction\":[{\"@type\":\"CommentAction\",\"name\":\"Comment\",\"target\":[\"https:\\\/\\\/quehacerpolitico.mx\\\/?p=120079#respond\"]}]},{\"@type\":\"WebPage\",\"@id\":\"https:\\\/\\\/quehacerpolitico.mx\\\/?p=120079\",\"url\":\"https:\\\/\\\/quehacerpolitico.mx\\\/?p=120079\",\"name\":\"\\\"Nunca se firm\u00f3 el acuerdo\\\": Arturo Medina reconoce negociaciones entre AMLO y Salinas Pliego para saldar su deuda fiscal -\",\"isPartOf\":{\"@id\":\"https:\\\/\\\/quehacerpolitico.mx\\\/#website\"},\"primaryImageOfPage\":{\"@id\":\"https:\\\/\\\/quehacerpolitico.mx\\\/?p=120079#primaryimage\"},\"image\":{\"@id\":\"https:\\\/\\\/quehacerpolitico.mx\\\/?p=120079#primaryimage\"},\"thumbnailUrl\":\"https:\\\/\\\/quehacerpolitico.mx\\\/wp-content\\\/uploads\\\/2025\\\/10\\\/IMG_4705.webp\",\"datePublished\":\"2025-10-27T19:52:26+00:00\",\"dateModified\":\"2025-10-27T19:52:28+00:00\",\"author\":{\"@id\":\"https:\\\/\\\/quehacerpolitico.mx\\\/#\\\/schema\\\/person\\\/496d8ad2d1d3f8036101dca7ee39e585\"},\"breadcrumb\":{\"@id\":\"https:\\\/\\\/quehacerpolitico.mx\\\/?p=120079#breadcrumb\"},\"inLanguage\":\"es\",\"potentialAction\":[{\"@type\":\"ReadAction\",\"target\":[\"https:\\\/\\\/quehacerpolitico.mx\\\/?p=120079\"]}]},{\"@type\":\"ImageObject\",\"inLanguage\":\"es\",\"@id\":\"https:\\\/\\\/quehacerpolitico.mx\\\/?p=120079#primaryimage\",\"url\":\"https:\\\/\\\/quehacerpolitico.mx\\\/wp-content\\\/uploads\\\/2025\\\/10\\\/IMG_4705.webp\",\"contentUrl\":\"https:\\\/\\\/quehacerpolitico.mx\\\/wp-content\\\/uploads\\\/2025\\\/10\\\/IMG_4705.webp\",\"width\":425,\"height\":230},{\"@type\":\"BreadcrumbList\",\"@id\":\"https:\\\/\\\/quehacerpolitico.mx\\\/?p=120079#breadcrumb\",\"itemListElement\":[{\"@type\":\"ListItem\",\"position\":1,\"name\":\"Inicio\",\"item\":\"https:\\\/\\\/quehacerpolitico.mx\\\/\"},{\"@type\":\"ListItem\",\"position\":2,\"name\":\"&#8220;Nunca se firm\u00f3 el acuerdo&#8221;: Arturo Medina reconoce negociaciones entre AMLO y Salinas Pliego para saldar su deuda fiscal\"}]},{\"@type\":\"WebSite\",\"@id\":\"https:\\\/\\\/quehacerpolitico.mx\\\/#website\",\"url\":\"https:\\\/\\\/quehacerpolitico.mx\\\/\",\"name\":\"\",\"description\":\"\",\"potentialAction\":[{\"@type\":\"SearchAction\",\"target\":{\"@type\":\"EntryPoint\",\"urlTemplate\":\"https:\\\/\\\/quehacerpolitico.mx\\\/?s={search_term_string}\"},\"query-input\":{\"@type\":\"PropertyValueSpecification\",\"valueRequired\":true,\"valueName\":\"search_term_string\"}}],\"inLanguage\":\"es\"},{\"@type\":\"Person\",\"@id\":\"https:\\\/\\\/quehacerpolitico.mx\\\/#\\\/schema\\\/person\\\/496d8ad2d1d3f8036101dca7ee39e585\",\"name\":\"Redacci\u00f3n QP\",\"image\":{\"@type\":\"ImageObject\",\"inLanguage\":\"es\",\"@id\":\"https:\\\/\\\/secure.gravatar.com\\\/avatar\\\/c7164ed6fdec453195284ad24a5ae5b6e1eed2b848477fa2a4787ba9adf39a41?s=96&d=mm&r=g\",\"url\":\"https:\\\/\\\/secure.gravatar.com\\\/avatar\\\/c7164ed6fdec453195284ad24a5ae5b6e1eed2b848477fa2a4787ba9adf39a41?s=96&d=mm&r=g\",\"contentUrl\":\"https:\\\/\\\/secure.gravatar.com\\\/avatar\\\/c7164ed6fdec453195284ad24a5ae5b6e1eed2b848477fa2a4787ba9adf39a41?s=96&d=mm&r=g\",\"caption\":\"Redacci\u00f3n QP\"},\"url\":\"https:\\\/\\\/quehacerpolitico.mx\\\/?author=2\"}]}<\/script>\n<!-- \/ Yoast SEO plugin. -->","yoast_head_json":{"title":"\"Nunca se firm\u00f3 el acuerdo\": Arturo Medina reconoce negociaciones entre AMLO y Salinas Pliego para saldar su deuda fiscal -","robots":{"index":"index","follow":"follow","max-snippet":"max-snippet:-1","max-image-preview":"max-image-preview:large","max-video-preview":"max-video-preview:-1"},"canonical":"https:\/\/quehacerpolitico.mx\/?p=120079","og_locale":"es_MX","og_type":"article","og_title":"\"Nunca se firm\u00f3 el acuerdo\": Arturo Medina reconoce negociaciones entre AMLO y Salinas Pliego para saldar su deuda fiscal -","og_description":"Por Redacci\u00f3n QP El funcionario acudi\u00f3 este lunes a Palacio Nacional a explicar su papel...","og_url":"https:\/\/quehacerpolitico.mx\/?p=120079","article_published_time":"2025-10-27T19:52:26+00:00","article_modified_time":"2025-10-27T19:52:28+00:00","og_image":[{"width":425,"height":230,"url":"https:\/\/quehacerpolitico.mx\/wp-content\/uploads\/2025\/10\/IMG_4705.webp","type":"image\/webp"}],"author":"Redacci\u00f3n QP","twitter_card":"summary_large_image","twitter_misc":{"Escrito por":"Redacci\u00f3n QP","Tiempo de lectura":"2 minutos"},"schema":{"@context":"https:\/\/schema.org","@graph":[{"@type":"Article","@id":"https:\/\/quehacerpolitico.mx\/?p=120079#article","isPartOf":{"@id":"https:\/\/quehacerpolitico.mx\/?p=120079"},"author":{"name":"Redacci\u00f3n QP","@id":"https:\/\/quehacerpolitico.mx\/#\/schema\/person\/496d8ad2d1d3f8036101dca7ee39e585"},"headline":"&#8220;Nunca se firm\u00f3 el acuerdo&#8221;: Arturo Medina reconoce negociaciones entre AMLO y Salinas Pliego para saldar su deuda fiscal","datePublished":"2025-10-27T19:52:26+00:00","dateModified":"2025-10-27T19:52:28+00:00","mainEntityOfPage":{"@id":"https:\/\/quehacerpolitico.mx\/?p=120079"},"wordCount":360,"commentCount":0,"image":{"@id":"https:\/\/quehacerpolitico.mx\/?p=120079#primaryimage"},"thumbnailUrl":"https:\/\/quehacerpolitico.mx\/wp-content\/uploads\/2025\/10\/IMG_4705.webp","articleSection":["Nacionales","Noticias"],"inLanguage":"es","potentialAction":[{"@type":"CommentAction","name":"Comment","target":["https:\/\/quehacerpolitico.mx\/?p=120079#respond"]}]},{"@type":"WebPage","@id":"https:\/\/quehacerpolitico.mx\/?p=120079","url":"https:\/\/quehacerpolitico.mx\/?p=120079","name":"\"Nunca se firm\u00f3 el acuerdo\": Arturo Medina reconoce negociaciones entre AMLO y Salinas Pliego para saldar su deuda fiscal -","isPartOf":{"@id":"https:\/\/quehacerpolitico.mx\/#website"},"primaryImageOfPage":{"@id":"https:\/\/quehacerpolitico.mx\/?p=120079#primaryimage"},"image":{"@id":"https:\/\/quehacerpolitico.mx\/?p=120079#primaryimage"},"thumbnailUrl":"https:\/\/quehacerpolitico.mx\/wp-content\/uploads\/2025\/10\/IMG_4705.webp","datePublished":"2025-10-27T19:52:26+00:00","dateModified":"2025-10-27T19:52:28+00:00","author":{"@id":"https:\/\/quehacerpolitico.mx\/#\/schema\/person\/496d8ad2d1d3f8036101dca7ee39e585"},"breadcrumb":{"@id":"https:\/\/quehacerpolitico.mx\/?p=120079#breadcrumb"},"inLanguage":"es","potentialAction":[{"@type":"ReadAction","target":["https:\/\/quehacerpolitico.mx\/?p=120079"]}]},{"@type":"ImageObject","inLanguage":"es","@id":"https:\/\/quehacerpolitico.mx\/?p=120079#primaryimage","url":"https:\/\/quehacerpolitico.mx\/wp-content\/uploads\/2025\/10\/IMG_4705.webp","contentUrl":"https:\/\/quehacerpolitico.mx\/wp-content\/uploads\/2025\/10\/IMG_4705.webp","width":425,"height":230},{"@type":"BreadcrumbList","@id":"https:\/\/quehacerpolitico.mx\/?p=120079#breadcrumb","itemListElement":[{"@type":"ListItem","position":1,"name":"Inicio","item":"https:\/\/quehacerpolitico.mx\/"},{"@type":"ListItem","position":2,"name":"&#8220;Nunca se firm\u00f3 el acuerdo&#8221;: Arturo Medina reconoce negociaciones entre AMLO y Salinas Pliego para saldar su deuda fiscal"}]},{"@type":"WebSite","@id":"https:\/\/quehacerpolitico.mx\/#website","url":"https:\/\/quehacerpolitico.mx\/","name":"","description":"","potentialAction":[{"@type":"SearchAction","target":{"@type":"EntryPoint","urlTemplate":"https:\/\/quehacerpolitico.mx\/?s={search_term_string}"},"query-input":{"@type":"PropertyValueSpecification","valueRequired":true,"valueName":"search_term_string"}}],"inLanguage":"es"},{"@type":"Person","@id":"https:\/\/quehacerpolitico.mx\/#\/schema\/person\/496d8ad2d1d3f8036101dca7ee39e585","name":"Redacci\u00f3n QP","image":{"@type":"ImageObject","inLanguage":"es","@id":"https:\/\/secure.gravatar.com\/avatar\/c7164ed6fdec453195284ad24a5ae5b6e1eed2b848477fa2a4787ba9adf39a41?s=96&d=mm&r=g","url":"https:\/\/secure.gravatar.com\/avatar\/c7164ed6fdec453195284ad24a5ae5b6e1eed2b848477fa2a4787ba9adf39a41?s=96&d=mm&r=g","contentUrl":"https:\/\/secure.gravatar.com\/avatar\/c7164ed6fdec453195284ad24a5ae5b6e1eed2b848477fa2a4787ba9adf39a41?s=96&d=mm&r=g","caption":"Redacci\u00f3n QP"},"url":"https:\/\/quehacerpolitico.mx\/?author=2"}]}},"featured_image_urls":{"full":["https:\/\/quehacerpolitico.mx\/wp-content\/uploads\/2025\/10\/IMG_4705.webp",425,230,false],"thumbnail":["https:\/\/quehacerpolitico.mx\/wp-content\/uploads\/2025\/10\/IMG_4705-150x150.webp",150,150,true],"medium":["https:\/\/quehacerpolitico.mx\/wp-content\/uploads\/2025\/10\/IMG_4705-300x162.webp",300,162,true],"medium_large":["https:\/\/quehacerpolitico.mx\/wp-content\/uploads\/2025\/10\/IMG_4705.webp",425,230,false],"large":["https:\/\/quehacerpolitico.mx\/wp-content\/uploads\/2025\/10\/IMG_4705.webp",425,230,false],"1536x1536":["https:\/\/quehacerpolitico.mx\/wp-content\/uploads\/2025\/10\/IMG_4705.webp",425,230,false],"2048x2048":["https:\/\/quehacerpolitico.mx\/wp-content\/uploads\/2025\/10\/IMG_4705.webp",425,230,false],"covernews-featured":["https:\/\/quehacerpolitico.mx\/wp-content\/uploads\/2025\/10\/IMG_4705.webp",425,230,false],"covernews-medium":["https:\/\/quehacerpolitico.mx\/wp-content\/uploads\/2025\/10\/IMG_4705.webp",425,230,false]},"author_info":{"display_name":"Redacci\u00f3n QP","author_link":"https:\/\/quehacerpolitico.mx\/?author=2"},"category_info":"<a href=\"https:\/\/quehacerpolitico.mx\/?cat=280\" rel=\"category\">Nacionales<\/a> <a href=\"https:\/\/quehacerpolitico.mx\/?cat=2\" rel=\"category\">Noticias<\/a>","tag_info":"Noticias","comment_count":"0","_links":{"self":[{"href":"https:\/\/quehacerpolitico.mx\/index.php?rest_route=\/wp\/v2\/posts\/120079","targetHints":{"allow":["GET"]}}],"collection":[{"href":"https:\/\/quehacerpolitico.mx\/index.php?rest_route=\/wp\/v2\/posts"}],"about":[{"href":"https:\/\/quehacerpolitico.mx\/index.php?rest_route=\/wp\/v2\/types\/post"}],"author":[{"embeddable":true,"href":"https:\/\/quehacerpolitico.mx\/index.php?rest_route=\/wp\/v2\/users\/2"}],"replies":[{"embeddable":true,"href":"https:\/\/quehacerpolitico.mx\/index.php?rest_route=%2Fwp%2Fv2%2Fcomments&post=120079"}],"version-history":[{"count":1,"href":"https:\/\/quehacerpolitico.mx\/index.php?rest_route=\/wp\/v2\/posts\/120079\/revisions"}],"predecessor-version":[{"id":120081,"href":"https:\/\/quehacerpolitico.mx\/index.php?rest_route=\/wp\/v2\/posts\/120079\/revisions\/120081"}],"wp:featuredmedia":[{"embeddable":true,"href":"https:\/\/quehacerpolitico.mx\/index.php?rest_route=\/wp\/v2\/media\/120080"}],"wp:attachment":[{"href":"https:\/\/quehacerpolitico.mx\/index.php?rest_route=%2Fwp%2Fv2%2Fmedia&parent=120079"}],"wp:term":[{"taxonomy":"category","embeddable":true,"href":"https:\/\/quehacerpolitico.mx\/index.php?rest_route=%2Fwp%2Fv2%2Fcategories&post=120079"},{"taxonomy":"post_tag","embeddable":true,"href":"https:\/\/quehacerpolitico.mx\/index.php?rest_route=%2Fwp%2Fv2%2Ftags&post=120079"}],"curies":[{"name":"wp","href":"https:\/\/api.w.org\/{rel}","templated":true}]}}