{"id":120045,"date":"2025-10-25T21:18:35","date_gmt":"2025-10-26T03:18:35","guid":{"rendered":"https:\/\/quehacerpolitico.mx\/?p=120045"},"modified":"2025-10-25T21:18:38","modified_gmt":"2025-10-26T03:18:38","slug":"el-entorno-del-balompie-mexicano-lamenta-la-muerte-de-manuel-lapuente-y-reconoce-su-historico-legado-era-un-sabio-del-futbol","status":"publish","type":"post","link":"https:\/\/quehacerpolitico.mx\/?p=120045","title":{"rendered":"El entorno del balompi\u00e9 mexicano lamenta la muerte de Manuel Lapuente y reconoce su hist\u00f3rico legado: \u201cEra un sabio del futbol\u201d"},"content":{"rendered":"\n<p>Por Redacci\u00f3n QP<\/p>\n\n\n\n<p>Instituciones, equipos, exfutbolistas y representantes de los medios de comunicaci\u00f3n reconocieron el aporte de Manolo a la Liga MX y Selecci\u00f3n Mexicana.<\/p>\n\n\n\n<p><strong>El entorno del futbol mexicano se ha volcado para lamentar el fallecimiento de Manuel Lapuente a los 81 a\u00f1os de edad.<\/strong>&nbsp;Instituciones, equipos, exfutbolistas, representantes de los medios de comunicaci\u00f3n, todo mundo ha reconocido la huella indeleble de Manolo como uno de los entrenadores m\u00e1s ganadores de la historia.<\/p>\n\n\n\n<figure class=\"wp-block-embed is-type-rich is-provider-twitter wp-block-embed-twitter\"><div class=\"wp-block-embed__wrapper\">\n<blockquote class=\"twitter-tweet\" data-width=\"550\" data-dnt=\"true\"><p lang=\"es\" dir=\"ltr\">La LEYENDA y el LEGADO de Manuel Lapuente \ud83d\udd4a\ufe0f\u26bd\ufe0f<br><br>-Dirige a <a href=\"https:\/\/twitter.com\/ClubPueblaMX?ref_src=twsrc%5Etfw\">@ClubPueblaMX<\/a> en sus \u00fanicos 2 t\u00edtulos de Liga en Primera Divisi\u00f3n\ud83c\udfbd<br>-Bicampe\u00f3n con <a href=\"https:\/\/twitter.com\/ClubNecaxa?ref_src=twsrc%5Etfw\">@ClubNecaxa<\/a> \u26a1\ufe0f<br>-Rompe sequ\u00eda de campeonatos de Liga del <a href=\"https:\/\/twitter.com\/ClubAmerica?ref_src=twsrc%5Etfw\">@ClubAmerica<\/a> de casi 13 a\u00f1os\ud83e\udd85<br>-Lleva a <a href=\"https:\/\/twitter.com\/miseleccionmx?ref_src=twsrc%5Etfw\">@miseleccionmx<\/a> a conquistar su t\u00edtulo m\u00e1s\u2026 <a href=\"https:\/\/t.co\/5k8YNSQzCZ\">pic.twitter.com\/5k8YNSQzCZ<\/a><\/p>&mdash; TUDN MEX (@TUDNMEX) <a href=\"https:\/\/twitter.com\/TUDNMEX\/status\/1982234820844363935?ref_src=twsrc%5Etfw\">October 25, 2025<\/a><\/blockquote><script async src=\"https:\/\/platform.twitter.com\/widgets.js\" charset=\"utf-8\"><\/script>\n<\/div><\/figure>\n\n\n\n<p>La Federaci\u00f3n Mexicana de Futbol, la Liga MX,<strong>&nbsp;la Selecci\u00f3n Mexicana de Futbol, equipos como el Puebla, Necaxa, Am\u00e9rica,&nbsp;<\/strong>Cruz Azul, Rayados, Tigres, Atlante, Pumas, Santos y varios m\u00e1s publicaron mensajes a trav\u00e9s de sus redes sociales.<\/p>\n\n\n\n<figure class=\"wp-block-embed is-type-rich is-provider-twitter wp-block-embed-twitter\"><div class=\"wp-block-embed__wrapper\">\n<blockquote class=\"twitter-tweet\" data-width=\"550\" data-dnt=\"true\"><p lang=\"es\" dir=\"ltr\">La Selecci\u00f3n Nacional de M\u00e9xico lamenta profundamente el fallecimiento de Don Manuel Lapuente, leyenda del futbol mexicano.<br><br>Don Manolo ser\u00e1 recordado por su gran legado como jugador y DT. Dirigi\u00f3 el Mundial de Francia 1998 y fue campe\u00f3n de la Copa Confederaciones en 1999.\u2026 <a href=\"https:\/\/t.co\/pIin2GtDsS\">pic.twitter.com\/pIin2GtDsS<\/a><\/p>&mdash; Selecci\u00f3n Nacional (@miseleccionmx) <a href=\"https:\/\/twitter.com\/miseleccionmx\/status\/1982237737915678925?ref_src=twsrc%5Etfw\">October 26, 2025<\/a><\/blockquote><script async src=\"https:\/\/platform.twitter.com\/widgets.js\" charset=\"utf-8\"><\/script>\n<\/div><\/figure>\n\n\n\n<p>Pero quiz\u00e1, los mensajes m\u00e1s emotivos llegaron de los jugadores a los que dirigi\u00f3.\u00a0<strong>Alberto Garc\u00eda Aspe, con quien coincidi\u00f3 en el Necaxa y la Selecci\u00f3n Mexicana,<\/strong>\u00a0lament\u00f3 la muerte de uno de sus mentores.<\/p>\n\n\n\n<p>\u201cLamento profundamente la partida de\u00a0<strong>Manuel Lapuente, una leyenda del futbol mexicano, excelente entrenador y un gran maestro que impuls\u00f3 mi carrera deportiva,\u00a0<\/strong>pero sobre todo, un amigo sin comparaci\u00f3n. Mis condolencias para su familia y seres cercanos. En paz descanse\u201d, indic\u00f3.<\/p>\n\n\n\n<figure class=\"wp-block-embed is-type-rich is-provider-twitter wp-block-embed-twitter\"><div class=\"wp-block-embed__wrapper\">\n<blockquote class=\"twitter-tweet\" data-width=\"550\" data-dnt=\"true\"><p lang=\"es\" dir=\"ltr\">Lamento profundamente la partida de Manuel Lapuente, una leyenda del futbol mexicano, excelente entrenador y un gran maestro que impuls\u00f3 mi carrera deportiva, pero sobre todo, un amigo sin comparaci\u00f3n. Mis condolencias para su familia y seres cercanos. En paz descanse. \ud83d\udd4a\ufe0f <a href=\"https:\/\/t.co\/xuUhwuR8W9\">pic.twitter.com\/xuUhwuR8W9<\/a><\/p>&mdash; Alberto Garc\u00eda Aspe (@betogarciaaspe8) <a href=\"https:\/\/twitter.com\/betogarciaaspe8\/status\/1982228790467072161?ref_src=twsrc%5Etfw\">October 25, 2025<\/a><\/blockquote><script async src=\"https:\/\/platform.twitter.com\/widgets.js\" charset=\"utf-8\"><\/script>\n<\/div><\/figure>\n\n\n\n<p>Mientras que&nbsp;<strong>Ricardo Pel\u00e1ez, otra de las figuras del Necaxa de los noventas<\/strong>&nbsp;y que estuvo bajo las \u00f3rdenes de Lapuente en Francia 98, lleg\u00f3 hasta las l\u00e1grimas tras recordar todo lo que Manolo le aport\u00f3 a su carrera.<\/p>\n\n\n\n<figure class=\"wp-block-embed is-type-rich is-provider-twitter wp-block-embed-twitter\"><div class=\"wp-block-embed__wrapper\">\n<blockquote class=\"twitter-tweet\" data-width=\"550\" data-dnt=\"true\"><p lang=\"es\" dir=\"ltr\">Se fue el mejor!!<br>Descansa profe\ud83d\udc99<br>Gracias por tanto!<br>Vuela alto!!\ud83d\ude4f\ud83d\ude4f\ud83d\ude4f <a href=\"https:\/\/t.co\/84aNgqXLJz\">pic.twitter.com\/84aNgqXLJz<\/a><\/p>&mdash; Ricardo Pel\u00e1ez L (@RPELAEZ9) <a href=\"https:\/\/twitter.com\/RPELAEZ9\/status\/1982223247480369432?ref_src=twsrc%5Etfw\">October 25, 2025<\/a><\/blockquote><script async src=\"https:\/\/platform.twitter.com\/widgets.js\" charset=\"utf-8\"><\/script>\n<\/div><\/figure>\n\n\n\n<p>\u201cPara m\u00ed, el mejor t\u00e9cnico, uno de los mejores en la historia, sino es que el mejor.<strong>&nbsp;Extraordinaria persona, congruente, un maestro, el t\u00e9cnico que m\u00e1s quiero y valoro en mi carrera.<\/strong>&nbsp;Lo voy a extra\u00f1ar mucho. S\u00f3lo puedo decir gracias\u201d, indic\u00f3 al diario Esto.<\/p>\n\n\n\n<figure class=\"wp-block-embed is-type-rich is-provider-twitter wp-block-embed-twitter\"><div class=\"wp-block-embed__wrapper\">\n<blockquote class=\"twitter-tweet\" data-width=\"550\" data-dnt=\"true\"><p lang=\"es\" dir=\"ltr\">Descanse en Paz Manuel Lapuente, ex Director T\u00e9cnico de Cruz Azul y figura reconocida del futbol mexicano. <br><br>Pronta resignaci\u00f3n a familiares y amigos. <a href=\"https:\/\/t.co\/MBbjcJO8Gt\">pic.twitter.com\/MBbjcJO8Gt<\/a><\/p>&mdash; CRUZ AZUL (@CruzAzul) <a href=\"https:\/\/twitter.com\/CruzAzul\/status\/1982228569834058052?ref_src=twsrc%5Etfw\">October 25, 2025<\/a><\/blockquote><script async src=\"https:\/\/platform.twitter.com\/widgets.js\" charset=\"utf-8\"><\/script>\n<\/div><\/figure>\n\n\n\n<p>Por su parte,&nbsp;<strong>Carlos Reinoso, leyenda del Am\u00e9rica como jugador y entrenador,&nbsp;<\/strong>extern\u00f3: \u201cMuy triste noticia que llega al coraz\u00f3n, se nos fue un campe\u00f3n como persona y como profesional del futbol, Manolo Lapuente\u201d.<\/p>\n\n\n\n<figure class=\"wp-block-embed is-type-rich is-provider-twitter wp-block-embed-twitter\"><div class=\"wp-block-embed__wrapper\">\n<blockquote class=\"twitter-tweet\" data-width=\"550\" data-dnt=\"true\"><p lang=\"es\" dir=\"ltr\">Muy triste \ud83d\ude29noticia que llega al corazon se nos fue un campeon como persona y como profesional del f\u00fatbol MANOLO LAPUENTE <a href=\"https:\/\/t.co\/c62gdjfWOC\">pic.twitter.com\/c62gdjfWOC<\/a><\/p>&mdash; Carlos Reinoso V (@Carlos8Reinoso) <a href=\"https:\/\/twitter.com\/Carlos8Reinoso\/status\/1982216667636617506?ref_src=twsrc%5Etfw\">October 25, 2025<\/a><\/blockquote><script async src=\"https:\/\/platform.twitter.com\/widgets.js\" charset=\"utf-8\"><\/script>\n<\/div><\/figure>\n\n\n\n<p><strong>Ra\u00fal Orva\u00f1anos, narrador y exfutbolista,<\/strong>\u00a0fue de los primeros en dar a conocer la noticia: \u201cFalleci\u00f3 un gran amigo y extraordinario futbolista y t\u00e9cnico.\u00a0<strong>Manuel Lapuente. Descansa, My Friend (mi amigo)\u201d,<\/strong>\u00a0public\u00f3 en su cuenta de \u2018X\u2019.<\/p>\n\n\n\n<figure class=\"wp-block-embed is-type-rich is-provider-twitter wp-block-embed-twitter\"><div class=\"wp-block-embed__wrapper\">\n<blockquote class=\"twitter-tweet\" data-width=\"550\" data-dnt=\"true\"><p lang=\"es\" dir=\"ltr\">Falleci\u00f3 un gran amigo y extraordinario futbolista y t\u00e9cnico.  Manuel Lapuente.<br> Descansa, My Friend\ud83d\ude4f\ud83c\udffb<\/p>&mdash; Ra\u00fal Orva\u00f1anos (@RaulOrvananos) <a href=\"https:\/\/twitter.com\/RaulOrvananos\/status\/1982213392736624726?ref_src=twsrc%5Etfw\">October 25, 2025<\/a><\/blockquote><script async src=\"https:\/\/platform.twitter.com\/widgets.js\" charset=\"utf-8\"><\/script>\n<\/div><\/figure>\n\n\n\n<p>Mientras que&nbsp;<strong>Jos\u00e9 Ram\u00f3n Fern\u00e1ndez, periodista de ESPN,&nbsp;<\/strong>escribi\u00f3: \u201cQu\u00e9 d\u00eda tan triste\u2026 Hoy muri\u00f3 un querido amigo, Manuel Lapuente,&nbsp;<strong>Manolo; era un sabio del futbol,&nbsp;<\/strong>famoso por su boina. Mi m\u00e1s sentido p\u00e9same para su familia\u201d.&nbsp;<\/p>\n\n\n\n<p>\u201cGran jugador de futbol en el equipo Puebla, como t\u00e9cnico, lo hizo campe\u00f3n en dos ocasiones.<strong>&nbsp;Dirigi\u00f3 a la Selecci\u00f3n Mexicana en 1998 en Francia.&nbsp;<\/strong>Fue analista en los programas que hicimos para el mundial de 1978 en Argentina en canal 13. Descansa en paz amigo Manolo, vuela muy alto\u201d, a\u00f1adi\u00f3.<\/p>\n\n\n\n<figure class=\"wp-block-embed is-type-rich is-provider-twitter wp-block-embed-twitter\"><div class=\"wp-block-embed__wrapper\">\n<blockquote class=\"twitter-tweet\" data-width=\"550\" data-dnt=\"true\"><p lang=\"es\" dir=\"ltr\">Qu\u00e9 d\u00eda tan triste\u2026<br>Hoy muri\u00f3 un querido amigo, Manuel Lapuente, Manolo; era un sabio del f\u00fatbol, famoso por su boina. Mi m\u00e1s sentido p\u00e9same para su familia. <br>Gran jugador de f\u00fatbol en el equipo Puebla, como t\u00e9cnico, lo hizo campe\u00f3n en dos ocasiones. Dirigi\u00f3 a la Selecci\u00f3n\u2026 <a href=\"https:\/\/t.co\/iQ6ghoL4q5\">pic.twitter.com\/iQ6ghoL4q5<\/a><\/p>&mdash; Jos\u00e9 Ram\u00f3n Fern\u00e1ndez (@joserra_espn) <a href=\"https:\/\/twitter.com\/joserra_espn\/status\/1982229391112638516?ref_src=twsrc%5Etfw\">October 25, 2025<\/a><\/blockquote><script async src=\"https:\/\/platform.twitter.com\/widgets.js\" charset=\"utf-8\"><\/script>\n<\/div><\/figure>\n\n\n\n<figure class=\"wp-block-embed is-type-rich is-provider-twitter wp-block-embed-twitter\"><div class=\"wp-block-embed__wrapper\">\n<blockquote class=\"twitter-tweet\" data-width=\"550\" data-dnt=\"true\"><p lang=\"es\" dir=\"ltr\">Hoy despedimos a uno de los pilares del futbol mexicano y el Necaxismo, un referente e idolo\u2026<br><br>Permanecer\u00e1s por siempre en la historia de este club, \u201cMonolo\u201d <br><br>\u00a1Gracias y hasta siempre!\u26a1\ufe0f\u2764\ufe0f <a href=\"https:\/\/t.co\/w7HTqwYJLN\">pic.twitter.com\/w7HTqwYJLN<\/a><\/p>&mdash; Club Necaxa (@ClubNecaxa) <a href=\"https:\/\/twitter.com\/ClubNecaxa\/status\/1982236448171393178?ref_src=twsrc%5Etfw\">October 26, 2025<\/a><\/blockquote><script async src=\"https:\/\/platform.twitter.com\/widgets.js\" charset=\"utf-8\"><\/script>\n<\/div><\/figure>\n\n\n\n<figure class=\"wp-block-embed is-type-rich is-provider-twitter wp-block-embed-twitter\"><div class=\"wp-block-embed__wrapper\">\n<blockquote class=\"twitter-tweet\" data-width=\"550\" data-dnt=\"true\"><p lang=\"es\" dir=\"ltr\">Manuel Lapuente, hist\u00f3rico con La Franja que dej\u00f3 huella en los corazones de todos los poblanos \ud83d\udd35<br><br>Gracias por tu legado y cari\u00f1o a este Club, que permanecer\u00e1n por siempre. Descansa en paz \ud83d\udd4a\ufe0f<a href=\"https:\/\/twitter.com\/hashtag\/LaFranjaNosUne?src=hash&amp;ref_src=twsrc%5Etfw\">#LaFranjaNosUne<\/a>\ud83c\udfbd <a href=\"https:\/\/t.co\/52HBjPMz7O\">pic.twitter.com\/52HBjPMz7O<\/a><\/p>&mdash; Club Puebla\ud83c\udfbd (@ClubPueblaMX) <a href=\"https:\/\/twitter.com\/ClubPueblaMX\/status\/1982236880302141904?ref_src=twsrc%5Etfw\">October 26, 2025<\/a><\/blockquote><script async src=\"https:\/\/platform.twitter.com\/widgets.js\" charset=\"utf-8\"><\/script>\n<\/div><\/figure>\n\n\n\n<figure class=\"wp-block-embed is-type-rich is-provider-twitter wp-block-embed-twitter\"><div class=\"wp-block-embed__wrapper\">\n<blockquote class=\"twitter-tweet\" data-width=\"550\" data-dnt=\"true\"><p lang=\"es\" dir=\"ltr\">Todos los que integramos el Club Am\u00e9rica lamentamos el sensible fallecimiento de Manuel Lapuente D\u00edaz, hist\u00f3rico entrenador de las \u00c1guilas.<br><br>Un grande que jam\u00e1s volar\u00e1 solo. \ud83e\udd85<br><br>\ud83d\udcf0 <a href=\"https:\/\/t.co\/6ENK635dMQ\">https:\/\/t.co\/6ENK635dMQ<\/a> <a href=\"https:\/\/t.co\/5pI0N1JTzZ\">pic.twitter.com\/5pI0N1JTzZ<\/a><\/p>&mdash; Club Am\u00e9rica (@ClubAmerica) <a href=\"https:\/\/twitter.com\/ClubAmerica\/status\/1982250917027070152?ref_src=twsrc%5Etfw\">October 26, 2025<\/a><\/blockquote><script async src=\"https:\/\/platform.twitter.com\/widgets.js\" charset=\"utf-8\"><\/script>\n<\/div><\/figure>\n\n\n\n<figure class=\"wp-block-embed is-type-rich is-provider-twitter wp-block-embed-twitter\"><div class=\"wp-block-embed__wrapper\">\n<blockquote class=\"twitter-tweet\" data-width=\"550\" data-dnt=\"true\"><p lang=\"es\" dir=\"ltr\">Nos unimos a la pena que embarga al mundo del futbol por el lamentable fallecimiento de Manuel Lapuente, \u00edcono del futbol mexicano que inici\u00f3 su carrera en nuestro equipo y defendi\u00f3 nuestra camiseta de 1964 a 1966. <br><br>Expresamos nuestras condolencias a su familia y seres queridos.\u2026 <a href=\"https:\/\/t.co\/hSmQLl2tyS\">pic.twitter.com\/hSmQLl2tyS<\/a><\/p>&mdash; Rayados (@Rayados) <a href=\"https:\/\/twitter.com\/Rayados\/status\/1982224463811719373?ref_src=twsrc%5Etfw\">October 25, 2025<\/a><\/blockquote><script async src=\"https:\/\/platform.twitter.com\/widgets.js\" charset=\"utf-8\"><\/script>\n<\/div><\/figure>\n\n\n\n<figure class=\"wp-block-embed is-type-rich is-provider-twitter wp-block-embed-twitter\"><div class=\"wp-block-embed__wrapper\">\n<blockquote class=\"twitter-tweet\" data-width=\"550\" data-dnt=\"true\"><p lang=\"es\" dir=\"ltr\">Descanse en paz, Manuel Lapuente \ud83d\udd4a\ufe0f <a href=\"https:\/\/t.co\/R5FvUZozOZ\">pic.twitter.com\/R5FvUZozOZ<\/a><\/p>&mdash; Toluca FC (@TolucaFC) <a href=\"https:\/\/twitter.com\/TolucaFC\/status\/1982260819942396295?ref_src=twsrc%5Etfw\">October 26, 2025<\/a><\/blockquote><script async src=\"https:\/\/platform.twitter.com\/widgets.js\" charset=\"utf-8\"><\/script>\n<\/div><\/figure>\n","protected":false},"excerpt":{"rendered":"<p>Por Redacci\u00f3n QP Instituciones, equipos, exfutbolistas y representantes de los medios de comunicaci\u00f3n reconocieron el&#8230;<\/p>\n","protected":false},"author":2,"featured_media":120046,"comment_status":"open","ping_status":"open","sticky":false,"template":"","format":"standard","meta":{"_monsterinsights_skip_tracking":false,"_monsterinsights_sitenote_active":false,"_monsterinsights_sitenote_note":"","_monsterinsights_sitenote_category":0,"footnotes":""},"categories":[54],"tags":[],"class_list":["post-120045","post","type-post","status-publish","format-standard","has-post-thumbnail","hentry","category-deportes"],"yoast_head":"<!-- This site is optimized with the Yoast SEO plugin v27.3 - https:\/\/yoast.com\/product\/yoast-seo-wordpress\/ -->\n<title>El entorno del balompi\u00e9 mexicano lamenta la muerte de Manuel Lapuente y reconoce su hist\u00f3rico legado: \u201cEra un sabio del futbol\u201d -<\/title>\n<meta name=\"robots\" content=\"index, follow, max-snippet:-1, max-image-preview:large, max-video-preview:-1\" \/>\n<link rel=\"canonical\" href=\"https:\/\/quehacerpolitico.mx\/?p=120045\" \/>\n<meta property=\"og:locale\" content=\"es_MX\" \/>\n<meta property=\"og:type\" content=\"article\" \/>\n<meta property=\"og:title\" content=\"El entorno del balompi\u00e9 mexicano lamenta la muerte de Manuel Lapuente y reconoce su hist\u00f3rico legado: \u201cEra un sabio del futbol\u201d -\" \/>\n<meta property=\"og:description\" content=\"Por Redacci\u00f3n QP Instituciones, equipos, exfutbolistas y representantes de los medios de comunicaci\u00f3n reconocieron el...\" \/>\n<meta property=\"og:url\" content=\"https:\/\/quehacerpolitico.mx\/?p=120045\" \/>\n<meta property=\"article:published_time\" content=\"2025-10-26T03:18:35+00:00\" \/>\n<meta property=\"article:modified_time\" content=\"2025-10-26T03:18:38+00:00\" \/>\n<meta property=\"og:image\" content=\"https:\/\/quehacerpolitico.mx\/wp-content\/uploads\/2025\/10\/IMG_4676.webp\" \/>\n\t<meta property=\"og:image:width\" content=\"1200\" \/>\n\t<meta property=\"og:image:height\" content=\"675\" \/>\n\t<meta property=\"og:image:type\" content=\"image\/webp\" \/>\n<meta name=\"author\" content=\"Redacci\u00f3n QP\" \/>\n<meta name=\"twitter:card\" content=\"summary_large_image\" \/>\n<meta name=\"twitter:label1\" content=\"Escrito por\" \/>\n\t<meta name=\"twitter:data1\" content=\"Redacci\u00f3n QP\" \/>\n\t<meta name=\"twitter:label2\" content=\"Tiempo de lectura\" \/>\n\t<meta name=\"twitter:data2\" content=\"3 minutos\" \/>\n<script type=\"application\/ld+json\" class=\"yoast-schema-graph\">{\"@context\":\"https:\\\/\\\/schema.org\",\"@graph\":[{\"@type\":\"Article\",\"@id\":\"https:\\\/\\\/quehacerpolitico.mx\\\/?p=120045#article\",\"isPartOf\":{\"@id\":\"https:\\\/\\\/quehacerpolitico.mx\\\/?p=120045\"},\"author\":{\"name\":\"Redacci\u00f3n QP\",\"@id\":\"https:\\\/\\\/quehacerpolitico.mx\\\/#\\\/schema\\\/person\\\/496d8ad2d1d3f8036101dca7ee39e585\"},\"headline\":\"El entorno del balompi\u00e9 mexicano lamenta la muerte de Manuel Lapuente y reconoce su hist\u00f3rico legado: \u201cEra un sabio del futbol\u201d\",\"datePublished\":\"2025-10-26T03:18:35+00:00\",\"dateModified\":\"2025-10-26T03:18:38+00:00\",\"mainEntityOfPage\":{\"@id\":\"https:\\\/\\\/quehacerpolitico.mx\\\/?p=120045\"},\"wordCount\":581,\"commentCount\":0,\"image\":{\"@id\":\"https:\\\/\\\/quehacerpolitico.mx\\\/?p=120045#primaryimage\"},\"thumbnailUrl\":\"https:\\\/\\\/quehacerpolitico.mx\\\/wp-content\\\/uploads\\\/2025\\\/10\\\/IMG_4676.webp\",\"articleSection\":[\"Deportes\"],\"inLanguage\":\"es\",\"potentialAction\":[{\"@type\":\"CommentAction\",\"name\":\"Comment\",\"target\":[\"https:\\\/\\\/quehacerpolitico.mx\\\/?p=120045#respond\"]}]},{\"@type\":\"WebPage\",\"@id\":\"https:\\\/\\\/quehacerpolitico.mx\\\/?p=120045\",\"url\":\"https:\\\/\\\/quehacerpolitico.mx\\\/?p=120045\",\"name\":\"El entorno del balompi\u00e9 mexicano lamenta la muerte de Manuel Lapuente y reconoce su hist\u00f3rico legado: \u201cEra un sabio del futbol\u201d -\",\"isPartOf\":{\"@id\":\"https:\\\/\\\/quehacerpolitico.mx\\\/#website\"},\"primaryImageOfPage\":{\"@id\":\"https:\\\/\\\/quehacerpolitico.mx\\\/?p=120045#primaryimage\"},\"image\":{\"@id\":\"https:\\\/\\\/quehacerpolitico.mx\\\/?p=120045#primaryimage\"},\"thumbnailUrl\":\"https:\\\/\\\/quehacerpolitico.mx\\\/wp-content\\\/uploads\\\/2025\\\/10\\\/IMG_4676.webp\",\"datePublished\":\"2025-10-26T03:18:35+00:00\",\"dateModified\":\"2025-10-26T03:18:38+00:00\",\"author\":{\"@id\":\"https:\\\/\\\/quehacerpolitico.mx\\\/#\\\/schema\\\/person\\\/496d8ad2d1d3f8036101dca7ee39e585\"},\"breadcrumb\":{\"@id\":\"https:\\\/\\\/quehacerpolitico.mx\\\/?p=120045#breadcrumb\"},\"inLanguage\":\"es\",\"potentialAction\":[{\"@type\":\"ReadAction\",\"target\":[\"https:\\\/\\\/quehacerpolitico.mx\\\/?p=120045\"]}]},{\"@type\":\"ImageObject\",\"inLanguage\":\"es\",\"@id\":\"https:\\\/\\\/quehacerpolitico.mx\\\/?p=120045#primaryimage\",\"url\":\"https:\\\/\\\/quehacerpolitico.mx\\\/wp-content\\\/uploads\\\/2025\\\/10\\\/IMG_4676.webp\",\"contentUrl\":\"https:\\\/\\\/quehacerpolitico.mx\\\/wp-content\\\/uploads\\\/2025\\\/10\\\/IMG_4676.webp\",\"width\":1200,\"height\":675},{\"@type\":\"BreadcrumbList\",\"@id\":\"https:\\\/\\\/quehacerpolitico.mx\\\/?p=120045#breadcrumb\",\"itemListElement\":[{\"@type\":\"ListItem\",\"position\":1,\"name\":\"Inicio\",\"item\":\"https:\\\/\\\/quehacerpolitico.mx\\\/\"},{\"@type\":\"ListItem\",\"position\":2,\"name\":\"El entorno del balompi\u00e9 mexicano lamenta la muerte de Manuel Lapuente y reconoce su hist\u00f3rico legado: \u201cEra un sabio del futbol\u201d\"}]},{\"@type\":\"WebSite\",\"@id\":\"https:\\\/\\\/quehacerpolitico.mx\\\/#website\",\"url\":\"https:\\\/\\\/quehacerpolitico.mx\\\/\",\"name\":\"\",\"description\":\"\",\"potentialAction\":[{\"@type\":\"SearchAction\",\"target\":{\"@type\":\"EntryPoint\",\"urlTemplate\":\"https:\\\/\\\/quehacerpolitico.mx\\\/?s={search_term_string}\"},\"query-input\":{\"@type\":\"PropertyValueSpecification\",\"valueRequired\":true,\"valueName\":\"search_term_string\"}}],\"inLanguage\":\"es\"},{\"@type\":\"Person\",\"@id\":\"https:\\\/\\\/quehacerpolitico.mx\\\/#\\\/schema\\\/person\\\/496d8ad2d1d3f8036101dca7ee39e585\",\"name\":\"Redacci\u00f3n QP\",\"image\":{\"@type\":\"ImageObject\",\"inLanguage\":\"es\",\"@id\":\"https:\\\/\\\/secure.gravatar.com\\\/avatar\\\/c7164ed6fdec453195284ad24a5ae5b6e1eed2b848477fa2a4787ba9adf39a41?s=96&d=mm&r=g\",\"url\":\"https:\\\/\\\/secure.gravatar.com\\\/avatar\\\/c7164ed6fdec453195284ad24a5ae5b6e1eed2b848477fa2a4787ba9adf39a41?s=96&d=mm&r=g\",\"contentUrl\":\"https:\\\/\\\/secure.gravatar.com\\\/avatar\\\/c7164ed6fdec453195284ad24a5ae5b6e1eed2b848477fa2a4787ba9adf39a41?s=96&d=mm&r=g\",\"caption\":\"Redacci\u00f3n QP\"},\"url\":\"https:\\\/\\\/quehacerpolitico.mx\\\/?author=2\"}]}<\/script>\n<!-- \/ Yoast SEO plugin. -->","yoast_head_json":{"title":"El entorno del balompi\u00e9 mexicano lamenta la muerte de Manuel Lapuente y reconoce su hist\u00f3rico legado: \u201cEra un sabio del futbol\u201d -","robots":{"index":"index","follow":"follow","max-snippet":"max-snippet:-1","max-image-preview":"max-image-preview:large","max-video-preview":"max-video-preview:-1"},"canonical":"https:\/\/quehacerpolitico.mx\/?p=120045","og_locale":"es_MX","og_type":"article","og_title":"El entorno del balompi\u00e9 mexicano lamenta la muerte de Manuel Lapuente y reconoce su hist\u00f3rico legado: \u201cEra un sabio del futbol\u201d -","og_description":"Por Redacci\u00f3n QP Instituciones, equipos, exfutbolistas y representantes de los medios de comunicaci\u00f3n reconocieron el...","og_url":"https:\/\/quehacerpolitico.mx\/?p=120045","article_published_time":"2025-10-26T03:18:35+00:00","article_modified_time":"2025-10-26T03:18:38+00:00","og_image":[{"width":1200,"height":675,"url":"https:\/\/quehacerpolitico.mx\/wp-content\/uploads\/2025\/10\/IMG_4676.webp","type":"image\/webp"}],"author":"Redacci\u00f3n QP","twitter_card":"summary_large_image","twitter_misc":{"Escrito por":"Redacci\u00f3n QP","Tiempo de lectura":"3 minutos"},"schema":{"@context":"https:\/\/schema.org","@graph":[{"@type":"Article","@id":"https:\/\/quehacerpolitico.mx\/?p=120045#article","isPartOf":{"@id":"https:\/\/quehacerpolitico.mx\/?p=120045"},"author":{"name":"Redacci\u00f3n QP","@id":"https:\/\/quehacerpolitico.mx\/#\/schema\/person\/496d8ad2d1d3f8036101dca7ee39e585"},"headline":"El entorno del balompi\u00e9 mexicano lamenta la muerte de Manuel Lapuente y reconoce su hist\u00f3rico legado: \u201cEra un sabio del futbol\u201d","datePublished":"2025-10-26T03:18:35+00:00","dateModified":"2025-10-26T03:18:38+00:00","mainEntityOfPage":{"@id":"https:\/\/quehacerpolitico.mx\/?p=120045"},"wordCount":581,"commentCount":0,"image":{"@id":"https:\/\/quehacerpolitico.mx\/?p=120045#primaryimage"},"thumbnailUrl":"https:\/\/quehacerpolitico.mx\/wp-content\/uploads\/2025\/10\/IMG_4676.webp","articleSection":["Deportes"],"inLanguage":"es","potentialAction":[{"@type":"CommentAction","name":"Comment","target":["https:\/\/quehacerpolitico.mx\/?p=120045#respond"]}]},{"@type":"WebPage","@id":"https:\/\/quehacerpolitico.mx\/?p=120045","url":"https:\/\/quehacerpolitico.mx\/?p=120045","name":"El entorno del balompi\u00e9 mexicano lamenta la muerte de Manuel Lapuente y reconoce su hist\u00f3rico legado: \u201cEra un sabio del futbol\u201d -","isPartOf":{"@id":"https:\/\/quehacerpolitico.mx\/#website"},"primaryImageOfPage":{"@id":"https:\/\/quehacerpolitico.mx\/?p=120045#primaryimage"},"image":{"@id":"https:\/\/quehacerpolitico.mx\/?p=120045#primaryimage"},"thumbnailUrl":"https:\/\/quehacerpolitico.mx\/wp-content\/uploads\/2025\/10\/IMG_4676.webp","datePublished":"2025-10-26T03:18:35+00:00","dateModified":"2025-10-26T03:18:38+00:00","author":{"@id":"https:\/\/quehacerpolitico.mx\/#\/schema\/person\/496d8ad2d1d3f8036101dca7ee39e585"},"breadcrumb":{"@id":"https:\/\/quehacerpolitico.mx\/?p=120045#breadcrumb"},"inLanguage":"es","potentialAction":[{"@type":"ReadAction","target":["https:\/\/quehacerpolitico.mx\/?p=120045"]}]},{"@type":"ImageObject","inLanguage":"es","@id":"https:\/\/quehacerpolitico.mx\/?p=120045#primaryimage","url":"https:\/\/quehacerpolitico.mx\/wp-content\/uploads\/2025\/10\/IMG_4676.webp","contentUrl":"https:\/\/quehacerpolitico.mx\/wp-content\/uploads\/2025\/10\/IMG_4676.webp","width":1200,"height":675},{"@type":"BreadcrumbList","@id":"https:\/\/quehacerpolitico.mx\/?p=120045#breadcrumb","itemListElement":[{"@type":"ListItem","position":1,"name":"Inicio","item":"https:\/\/quehacerpolitico.mx\/"},{"@type":"ListItem","position":2,"name":"El entorno del balompi\u00e9 mexicano lamenta la muerte de Manuel Lapuente y reconoce su hist\u00f3rico legado: \u201cEra un sabio del futbol\u201d"}]},{"@type":"WebSite","@id":"https:\/\/quehacerpolitico.mx\/#website","url":"https:\/\/quehacerpolitico.mx\/","name":"","description":"","potentialAction":[{"@type":"SearchAction","target":{"@type":"EntryPoint","urlTemplate":"https:\/\/quehacerpolitico.mx\/?s={search_term_string}"},"query-input":{"@type":"PropertyValueSpecification","valueRequired":true,"valueName":"search_term_string"}}],"inLanguage":"es"},{"@type":"Person","@id":"https:\/\/quehacerpolitico.mx\/#\/schema\/person\/496d8ad2d1d3f8036101dca7ee39e585","name":"Redacci\u00f3n QP","image":{"@type":"ImageObject","inLanguage":"es","@id":"https:\/\/secure.gravatar.com\/avatar\/c7164ed6fdec453195284ad24a5ae5b6e1eed2b848477fa2a4787ba9adf39a41?s=96&d=mm&r=g","url":"https:\/\/secure.gravatar.com\/avatar\/c7164ed6fdec453195284ad24a5ae5b6e1eed2b848477fa2a4787ba9adf39a41?s=96&d=mm&r=g","contentUrl":"https:\/\/secure.gravatar.com\/avatar\/c7164ed6fdec453195284ad24a5ae5b6e1eed2b848477fa2a4787ba9adf39a41?s=96&d=mm&r=g","caption":"Redacci\u00f3n QP"},"url":"https:\/\/quehacerpolitico.mx\/?author=2"}]}},"featured_image_urls":{"full":["https:\/\/quehacerpolitico.mx\/wp-content\/uploads\/2025\/10\/IMG_4676.webp",1200,675,false],"thumbnail":["https:\/\/quehacerpolitico.mx\/wp-content\/uploads\/2025\/10\/IMG_4676-150x150.webp",150,150,true],"medium":["https:\/\/quehacerpolitico.mx\/wp-content\/uploads\/2025\/10\/IMG_4676-300x169.webp",300,169,true],"medium_large":["https:\/\/quehacerpolitico.mx\/wp-content\/uploads\/2025\/10\/IMG_4676-768x432.webp",640,360,true],"large":["https:\/\/quehacerpolitico.mx\/wp-content\/uploads\/2025\/10\/IMG_4676-1024x576.webp",640,360,true],"1536x1536":["https:\/\/quehacerpolitico.mx\/wp-content\/uploads\/2025\/10\/IMG_4676.webp",1200,675,false],"2048x2048":["https:\/\/quehacerpolitico.mx\/wp-content\/uploads\/2025\/10\/IMG_4676.webp",1200,675,false],"covernews-featured":["https:\/\/quehacerpolitico.mx\/wp-content\/uploads\/2025\/10\/IMG_4676-1024x576.webp",1024,576,true],"covernews-medium":["https:\/\/quehacerpolitico.mx\/wp-content\/uploads\/2025\/10\/IMG_4676-540x340.webp",540,340,true]},"author_info":{"display_name":"Redacci\u00f3n QP","author_link":"https:\/\/quehacerpolitico.mx\/?author=2"},"category_info":"<a href=\"https:\/\/quehacerpolitico.mx\/?cat=54\" rel=\"category\">Deportes<\/a>","tag_info":"Deportes","comment_count":"0","_links":{"self":[{"href":"https:\/\/quehacerpolitico.mx\/index.php?rest_route=\/wp\/v2\/posts\/120045","targetHints":{"allow":["GET"]}}],"collection":[{"href":"https:\/\/quehacerpolitico.mx\/index.php?rest_route=\/wp\/v2\/posts"}],"about":[{"href":"https:\/\/quehacerpolitico.mx\/index.php?rest_route=\/wp\/v2\/types\/post"}],"author":[{"embeddable":true,"href":"https:\/\/quehacerpolitico.mx\/index.php?rest_route=\/wp\/v2\/users\/2"}],"replies":[{"embeddable":true,"href":"https:\/\/quehacerpolitico.mx\/index.php?rest_route=%2Fwp%2Fv2%2Fcomments&post=120045"}],"version-history":[{"count":1,"href":"https:\/\/quehacerpolitico.mx\/index.php?rest_route=\/wp\/v2\/posts\/120045\/revisions"}],"predecessor-version":[{"id":120047,"href":"https:\/\/quehacerpolitico.mx\/index.php?rest_route=\/wp\/v2\/posts\/120045\/revisions\/120047"}],"wp:featuredmedia":[{"embeddable":true,"href":"https:\/\/quehacerpolitico.mx\/index.php?rest_route=\/wp\/v2\/media\/120046"}],"wp:attachment":[{"href":"https:\/\/quehacerpolitico.mx\/index.php?rest_route=%2Fwp%2Fv2%2Fmedia&parent=120045"}],"wp:term":[{"taxonomy":"category","embeddable":true,"href":"https:\/\/quehacerpolitico.mx\/index.php?rest_route=%2Fwp%2Fv2%2Fcategories&post=120045"},{"taxonomy":"post_tag","embeddable":true,"href":"https:\/\/quehacerpolitico.mx\/index.php?rest_route=%2Fwp%2Fv2%2Ftags&post=120045"}],"curies":[{"name":"wp","href":"https:\/\/api.w.org\/{rel}","templated":true}]}}