{"id":120036,"date":"2025-10-24T19:33:23","date_gmt":"2025-10-25T01:33:23","guid":{"rendered":"https:\/\/quehacerpolitico.mx\/?p=120036"},"modified":"2025-10-24T19:33:26","modified_gmt":"2025-10-25T01:33:26","slug":"mueren-tres-personas-en-balacera-en-el-barrio-de-tepito-no-hay-detenidos","status":"publish","type":"post","link":"https:\/\/quehacerpolitico.mx\/?p=120036","title":{"rendered":"Mueren tres personas en balacera en el barrio de Tepito; no hay detenidos"},"content":{"rendered":"\n<p>Por Redacci\u00f3n QP<\/p>\n\n\n\n<p>De acuerdo con los primeros reportes, una persona lleg\u00f3 al lugar y accion\u00f3 un arma de fuego contra dos hombres<\/p>\n\n\n\n<p>Este viernes se registr\u00f3 una balacera en el barrio de&nbsp;<strong>Tepito<\/strong>, donde tres personas murieron, y una mujer result\u00f3 lesionada, inform\u00f3 la Secretar\u00eda de Seguridad Ciudadana (SSC)&nbsp;de la Ciudad de M\u00e9xico.<\/p>\n\n\n\n<figure class=\"wp-block-embed is-type-rich is-provider-twitter wp-block-embed-twitter\"><div class=\"wp-block-embed__wrapper\">\n<blockquote class=\"twitter-tweet\" data-width=\"550\" data-dnt=\"true\"><p lang=\"es\" dir=\"ltr\">Las dos personas baleadas ya murieron en esta zona de puestos del Eje 1 Norte, Barrio Bravo de Tepito. <br>As\u00ed el resguardo de <a href=\"https:\/\/twitter.com\/SSC_CDMX?ref_src=twsrc%5Etfw\">@SSC_CDMX<\/a>. <a href=\"https:\/\/twitter.com\/hashtag\/Video?src=hash&amp;ref_src=twsrc%5Etfw\">#Video<\/a> \ud83c\udfa5\ud83d\udc47\ud83c\udffd <a href=\"https:\/\/t.co\/0D4ncXMdKL\">https:\/\/t.co\/0D4ncXMdKL<\/a> <a href=\"https:\/\/t.co\/mG4VsYGvwX\">pic.twitter.com\/mG4VsYGvwX<\/a><\/p>&mdash; JORGE BECERRIL JB\/8 (@MrElDiablo8) <a href=\"https:\/\/twitter.com\/MrElDiablo8\/status\/1981829124202410374?ref_src=twsrc%5Etfw\">October 24, 2025<\/a><\/blockquote><script async src=\"https:\/\/platform.twitter.com\/widgets.js\" charset=\"utf-8\"><\/script>\n<\/div><\/figure>\n\n\n\n<figure class=\"wp-block-embed is-type-rich is-provider-twitter wp-block-embed-twitter\"><div class=\"wp-block-embed__wrapper\">\n<blockquote class=\"twitter-tweet\" data-width=\"550\" data-dnt=\"true\"><p lang=\"es\" dir=\"ltr\">Joshua N, de 20 a\u00f1os, y un hombre desconocido de unos 55 a\u00f1os, quien caminaba por la zona al momento del ataque a balazos, son las personas asesinadas en Tepito, mientras que Edy Marco, de 22 a\u00f1os de edad, muri\u00f3 en el hospital Balbuena. <a href=\"https:\/\/twitter.com\/hashtag\/Video?src=hash&amp;ref_src=twsrc%5Etfw\">#Video<\/a> \ud83c\udfa5\ud83d\udc47\ud83c\udffd <a href=\"https:\/\/t.co\/g0g17dsG9R\">pic.twitter.com\/g0g17dsG9R<\/a><\/p>&mdash; JORGE BECERRIL JB\/8 (@MrElDiablo8) <a href=\"https:\/\/twitter.com\/MrElDiablo8\/status\/1981868373630963720?ref_src=twsrc%5Etfw\">October 24, 2025<\/a><\/blockquote><script async src=\"https:\/\/platform.twitter.com\/widgets.js\" charset=\"utf-8\"><\/script>\n<\/div><\/figure>\n\n\n\n<figure class=\"wp-block-embed is-type-rich is-provider-twitter wp-block-embed-twitter\"><div class=\"wp-block-embed__wrapper\">\n<blockquote class=\"twitter-tweet\" data-width=\"550\" data-dnt=\"true\"><p lang=\"es\" dir=\"ltr\"><a href=\"https:\/\/twitter.com\/hashtag\/Precauciones?src=hash&amp;ref_src=twsrc%5Etfw\">#Precauciones<\/a> |<br><br>Se registra movilizaci\u00f3n policiaca y de equipos de emergencia en calles de la col. Morelos, tras reporte de dos personas baleadas. <a href=\"https:\/\/twitter.com\/hashtag\/Video?src=hash&amp;ref_src=twsrc%5Etfw\">#Video<\/a> \ud83c\udfa5\ud83d\udc47\ud83c\udffd <a href=\"https:\/\/t.co\/kHVPUchw0N\">pic.twitter.com\/kHVPUchw0N<\/a><\/p>&mdash; JORGE BECERRIL JB\/8 (@MrElDiablo8) <a href=\"https:\/\/twitter.com\/MrElDiablo8\/status\/1981826914307506194?ref_src=twsrc%5Etfw\">October 24, 2025<\/a><\/blockquote><script async src=\"https:\/\/platform.twitter.com\/widgets.js\" charset=\"utf-8\"><\/script>\n<\/div><\/figure>\n\n\n\n<p>Los primeros reportes se\u00f1alan que un sujeto lleg\u00f3 al lugar y&nbsp;<strong>atac\u00f3 a disparos&nbsp;<\/strong>de manera directa a<strong>&nbsp;dos hombres<\/strong>.&nbsp;<\/p>\n\n\n\n<p>De acuerdo con una tarjeta informativa, los hechos ocurrieron en el Eje 1 Norte, en la colonia Morelos. Uno de los fallecidos era un hombre que transitaba por la zona.<\/p>\n\n\n\n<figure class=\"wp-block-embed is-type-rich is-provider-twitter wp-block-embed-twitter\"><div class=\"wp-block-embed__wrapper\">\n<blockquote class=\"twitter-tweet\" data-width=\"550\" data-dnt=\"true\"><p lang=\"es\" dir=\"ltr\">EL MATE ARMA BALACERA en el BARRIO\u2026 HAY 2 MUERTOS<br>Un grupo de matones q andan con Axel Herrera, El Mate de La Uni\u00f3n, intent\u00f3 asesinar a un miembro de la AntiUnion q estaba en el Barrio.<br>Se armaron los balazos<br>2 personas acabaron muertas.<a href=\"https:\/\/twitter.com\/SSC_CDMX?ref_src=twsrc%5Etfw\">@SSC_CDMX<\/a> y <a href=\"https:\/\/twitter.com\/FiscaliaCDMX?ref_src=twsrc%5Etfw\">@FiscaliaCDMX<\/a> ya indagan <a href=\"https:\/\/t.co\/PbP8xhWQfN\">pic.twitter.com\/PbP8xhWQfN<\/a><\/p>&mdash; Carlos Jim\u00e9nez (@c4jimenez) <a href=\"https:\/\/twitter.com\/c4jimenez\/status\/1981846797573382347?ref_src=twsrc%5Etfw\">October 24, 2025<\/a><\/blockquote><script async src=\"https:\/\/platform.twitter.com\/widgets.js\" charset=\"utf-8\"><\/script>\n<\/div><\/figure>\n\n\n\n<p>En tanto, la mujer fue herida de bala en una rodilla, por lo que sus familiares la trasladaron a un&nbsp;<strong>hospital<\/strong>.<\/p>\n\n\n\n<p>\u201cUn oficial que se percat\u00f3 de lo ocurrido realiz\u00f3 la persecuci\u00f3n del probable responsable que corri\u00f3 a una vecindad en la calle Tenochtitl\u00e1n, donde al verse acorralado, apunt\u00f3 y dispar\u00f3 en su contra, por lo que al ver en riesgo su vida repeli\u00f3 la agresi\u00f3n\u201d, indic\u00f3 la&nbsp;<strong>SSC<\/strong>.<\/p>\n\n\n\n<figure class=\"wp-block-gallery has-nested-images columns-default is-cropped wp-block-gallery-1 is-layout-flex wp-block-gallery-is-layout-flex\">\n<figure class=\"wp-block-image size-large\"><img loading=\"lazy\" decoding=\"async\" width=\"1024\" height=\"1024\" data-id=\"120037\" src=\"https:\/\/quehacerpolitico.mx\/wp-content\/uploads\/2025\/10\/IMG_4643-1024x1024.jpeg\" alt=\"\" class=\"wp-image-120037\" srcset=\"https:\/\/quehacerpolitico.mx\/wp-content\/uploads\/2025\/10\/IMG_4643-1024x1024.jpeg 1024w, https:\/\/quehacerpolitico.mx\/wp-content\/uploads\/2025\/10\/IMG_4643-300x300.jpeg 300w, https:\/\/quehacerpolitico.mx\/wp-content\/uploads\/2025\/10\/IMG_4643-150x150.jpeg 150w, https:\/\/quehacerpolitico.mx\/wp-content\/uploads\/2025\/10\/IMG_4643-768x768.jpeg 768w, https:\/\/quehacerpolitico.mx\/wp-content\/uploads\/2025\/10\/IMG_4643-1536x1536.jpeg 1536w, https:\/\/quehacerpolitico.mx\/wp-content\/uploads\/2025\/10\/IMG_4643.jpeg 2048w\" sizes=\"auto, (max-width: 1024px) 100vw, 1024px\" \/><\/figure>\n\n\n\n<figure class=\"wp-block-image size-large\"><img loading=\"lazy\" decoding=\"async\" width=\"1024\" height=\"1024\" data-id=\"120038\" src=\"https:\/\/quehacerpolitico.mx\/wp-content\/uploads\/2025\/10\/IMG_4649-1024x1024.jpeg\" alt=\"\" class=\"wp-image-120038\" srcset=\"https:\/\/quehacerpolitico.mx\/wp-content\/uploads\/2025\/10\/IMG_4649-1024x1024.jpeg 1024w, https:\/\/quehacerpolitico.mx\/wp-content\/uploads\/2025\/10\/IMG_4649-300x300.jpeg 300w, https:\/\/quehacerpolitico.mx\/wp-content\/uploads\/2025\/10\/IMG_4649-150x150.jpeg 150w, https:\/\/quehacerpolitico.mx\/wp-content\/uploads\/2025\/10\/IMG_4649-768x768.jpeg 768w, https:\/\/quehacerpolitico.mx\/wp-content\/uploads\/2025\/10\/IMG_4649-1536x1536.jpeg 1536w, https:\/\/quehacerpolitico.mx\/wp-content\/uploads\/2025\/10\/IMG_4649.jpeg 2048w\" sizes=\"auto, (max-width: 1024px) 100vw, 1024px\" \/><\/figure>\n<\/figure>\n\n\n\n<p>El presunto agresor sigui\u00f3 corriendo y presuntamente subi\u00f3 a una motocicleta para huir. Ante esto, la polic\u00eda contin\u00faa con la b\u00fasqueda del agresor por medio de las c\u00e1maras de videovigilancia.<\/p>\n\n\n\n<p>La SSC indic\u00f3 que el otro agredido muri\u00f3 en un hospital.<\/p>\n\n\n\n<figure class=\"wp-block-embed is-type-rich is-provider-twitter wp-block-embed-twitter\"><div class=\"wp-block-embed__wrapper\">\n<blockquote class=\"twitter-tweet\" data-width=\"550\" data-dnt=\"true\"><p lang=\"es\" dir=\"ltr\">La <a href=\"https:\/\/twitter.com\/hashtag\/SSC?src=hash&amp;ref_src=twsrc%5Etfw\">#SSC<\/a> informa: <br><br>Polic\u00edas de la <a href=\"https:\/\/twitter.com\/hashtag\/SSC?src=hash&amp;ref_src=twsrc%5Etfw\">#SSC<\/a> tomaron conocimiento de dos personas que perdieron la vida por disparos de arma de fuego en el <a href=\"https:\/\/twitter.com\/hashtag\/Eje1Norte?src=hash&amp;ref_src=twsrc%5Etfw\">#Eje1Norte<\/a>, en la colonia <a href=\"https:\/\/twitter.com\/hashtag\/Morelos?src=hash&amp;ref_src=twsrc%5Etfw\">#Morelos<\/a>, uno de ellos, un hombre que transitaba en la zona; as\u00ed como de una mujer que tambi\u00e9n pasaba en el sitio y\u2026 <a href=\"https:\/\/t.co\/Zskz1YLGNt\">pic.twitter.com\/Zskz1YLGNt<\/a><\/p>&mdash; SSC CDMX (@SSC_CDMX) <a href=\"https:\/\/twitter.com\/SSC_CDMX\/status\/1981839372354814223?ref_src=twsrc%5Etfw\">October 24, 2025<\/a><\/blockquote><script async src=\"https:\/\/platform.twitter.com\/widgets.js\" charset=\"utf-8\"><\/script>\n<\/div><\/figure>\n\n\n\n<p><\/p>\n","protected":false},"excerpt":{"rendered":"<p>Por Redacci\u00f3n QP De acuerdo con los primeros reportes, una persona lleg\u00f3 al lugar y&#8230;<\/p>\n","protected":false},"author":2,"featured_media":120039,"comment_status":"open","ping_status":"open","sticky":false,"template":"","format":"standard","meta":{"_monsterinsights_skip_tracking":false,"_monsterinsights_sitenote_active":false,"_monsterinsights_sitenote_note":"","_monsterinsights_sitenote_category":0,"footnotes":""},"categories":[55],"tags":[],"class_list":["post-120036","post","type-post","status-publish","format-standard","has-post-thumbnail","hentry","category-cdmx"],"yoast_head":"<!-- This site is optimized with the Yoast SEO plugin v27.3 - https:\/\/yoast.com\/product\/yoast-seo-wordpress\/ -->\n<title>Mueren tres personas en balacera en el barrio de Tepito; no hay detenidos -<\/title>\n<meta name=\"robots\" content=\"index, follow, max-snippet:-1, max-image-preview:large, max-video-preview:-1\" \/>\n<link rel=\"canonical\" href=\"https:\/\/quehacerpolitico.mx\/?p=120036\" \/>\n<meta property=\"og:locale\" content=\"es_MX\" \/>\n<meta property=\"og:type\" content=\"article\" \/>\n<meta property=\"og:title\" content=\"Mueren tres personas en balacera en el barrio de Tepito; no hay detenidos -\" \/>\n<meta property=\"og:description\" content=\"Por Redacci\u00f3n QP De acuerdo con los primeros reportes, una persona lleg\u00f3 al lugar y...\" \/>\n<meta property=\"og:url\" content=\"https:\/\/quehacerpolitico.mx\/?p=120036\" \/>\n<meta property=\"article:published_time\" content=\"2025-10-25T01:33:23+00:00\" \/>\n<meta property=\"article:modified_time\" content=\"2025-10-25T01:33:26+00:00\" \/>\n<meta property=\"og:image\" content=\"https:\/\/quehacerpolitico.mx\/wp-content\/uploads\/2025\/10\/IMG_4664.jpeg\" \/>\n\t<meta property=\"og:image:width\" content=\"299\" \/>\n\t<meta property=\"og:image:height\" content=\"168\" \/>\n\t<meta property=\"og:image:type\" content=\"image\/jpeg\" \/>\n<meta name=\"author\" content=\"Redacci\u00f3n QP\" \/>\n<meta name=\"twitter:card\" content=\"summary_large_image\" \/>\n<meta name=\"twitter:label1\" content=\"Escrito por\" \/>\n\t<meta name=\"twitter:data1\" content=\"Redacci\u00f3n QP\" \/>\n\t<meta name=\"twitter:label2\" content=\"Tiempo de lectura\" \/>\n\t<meta name=\"twitter:data2\" content=\"1 minuto\" \/>\n<script type=\"application\/ld+json\" class=\"yoast-schema-graph\">{\"@context\":\"https:\\\/\\\/schema.org\",\"@graph\":[{\"@type\":\"Article\",\"@id\":\"https:\\\/\\\/quehacerpolitico.mx\\\/?p=120036#article\",\"isPartOf\":{\"@id\":\"https:\\\/\\\/quehacerpolitico.mx\\\/?p=120036\"},\"author\":{\"name\":\"Redacci\u00f3n QP\",\"@id\":\"https:\\\/\\\/quehacerpolitico.mx\\\/#\\\/schema\\\/person\\\/496d8ad2d1d3f8036101dca7ee39e585\"},\"headline\":\"Mueren tres personas en balacera en el barrio de Tepito; no hay detenidos\",\"datePublished\":\"2025-10-25T01:33:23+00:00\",\"dateModified\":\"2025-10-25T01:33:26+00:00\",\"mainEntityOfPage\":{\"@id\":\"https:\\\/\\\/quehacerpolitico.mx\\\/?p=120036\"},\"wordCount\":278,\"commentCount\":0,\"image\":{\"@id\":\"https:\\\/\\\/quehacerpolitico.mx\\\/?p=120036#primaryimage\"},\"thumbnailUrl\":\"https:\\\/\\\/quehacerpolitico.mx\\\/wp-content\\\/uploads\\\/2025\\\/10\\\/IMG_4664.jpeg\",\"articleSection\":[\"CDMX\"],\"inLanguage\":\"es\",\"potentialAction\":[{\"@type\":\"CommentAction\",\"name\":\"Comment\",\"target\":[\"https:\\\/\\\/quehacerpolitico.mx\\\/?p=120036#respond\"]}]},{\"@type\":\"WebPage\",\"@id\":\"https:\\\/\\\/quehacerpolitico.mx\\\/?p=120036\",\"url\":\"https:\\\/\\\/quehacerpolitico.mx\\\/?p=120036\",\"name\":\"Mueren tres personas en balacera en el barrio de Tepito; no hay detenidos -\",\"isPartOf\":{\"@id\":\"https:\\\/\\\/quehacerpolitico.mx\\\/#website\"},\"primaryImageOfPage\":{\"@id\":\"https:\\\/\\\/quehacerpolitico.mx\\\/?p=120036#primaryimage\"},\"image\":{\"@id\":\"https:\\\/\\\/quehacerpolitico.mx\\\/?p=120036#primaryimage\"},\"thumbnailUrl\":\"https:\\\/\\\/quehacerpolitico.mx\\\/wp-content\\\/uploads\\\/2025\\\/10\\\/IMG_4664.jpeg\",\"datePublished\":\"2025-10-25T01:33:23+00:00\",\"dateModified\":\"2025-10-25T01:33:26+00:00\",\"author\":{\"@id\":\"https:\\\/\\\/quehacerpolitico.mx\\\/#\\\/schema\\\/person\\\/496d8ad2d1d3f8036101dca7ee39e585\"},\"breadcrumb\":{\"@id\":\"https:\\\/\\\/quehacerpolitico.mx\\\/?p=120036#breadcrumb\"},\"inLanguage\":\"es\",\"potentialAction\":[{\"@type\":\"ReadAction\",\"target\":[\"https:\\\/\\\/quehacerpolitico.mx\\\/?p=120036\"]}]},{\"@type\":\"ImageObject\",\"inLanguage\":\"es\",\"@id\":\"https:\\\/\\\/quehacerpolitico.mx\\\/?p=120036#primaryimage\",\"url\":\"https:\\\/\\\/quehacerpolitico.mx\\\/wp-content\\\/uploads\\\/2025\\\/10\\\/IMG_4664.jpeg\",\"contentUrl\":\"https:\\\/\\\/quehacerpolitico.mx\\\/wp-content\\\/uploads\\\/2025\\\/10\\\/IMG_4664.jpeg\",\"width\":299,\"height\":168},{\"@type\":\"BreadcrumbList\",\"@id\":\"https:\\\/\\\/quehacerpolitico.mx\\\/?p=120036#breadcrumb\",\"itemListElement\":[{\"@type\":\"ListItem\",\"position\":1,\"name\":\"Inicio\",\"item\":\"https:\\\/\\\/quehacerpolitico.mx\\\/\"},{\"@type\":\"ListItem\",\"position\":2,\"name\":\"Mueren tres personas en balacera en el barrio de Tepito; no hay detenidos\"}]},{\"@type\":\"WebSite\",\"@id\":\"https:\\\/\\\/quehacerpolitico.mx\\\/#website\",\"url\":\"https:\\\/\\\/quehacerpolitico.mx\\\/\",\"name\":\"\",\"description\":\"\",\"potentialAction\":[{\"@type\":\"SearchAction\",\"target\":{\"@type\":\"EntryPoint\",\"urlTemplate\":\"https:\\\/\\\/quehacerpolitico.mx\\\/?s={search_term_string}\"},\"query-input\":{\"@type\":\"PropertyValueSpecification\",\"valueRequired\":true,\"valueName\":\"search_term_string\"}}],\"inLanguage\":\"es\"},{\"@type\":\"Person\",\"@id\":\"https:\\\/\\\/quehacerpolitico.mx\\\/#\\\/schema\\\/person\\\/496d8ad2d1d3f8036101dca7ee39e585\",\"name\":\"Redacci\u00f3n QP\",\"image\":{\"@type\":\"ImageObject\",\"inLanguage\":\"es\",\"@id\":\"https:\\\/\\\/secure.gravatar.com\\\/avatar\\\/c7164ed6fdec453195284ad24a5ae5b6e1eed2b848477fa2a4787ba9adf39a41?s=96&d=mm&r=g\",\"url\":\"https:\\\/\\\/secure.gravatar.com\\\/avatar\\\/c7164ed6fdec453195284ad24a5ae5b6e1eed2b848477fa2a4787ba9adf39a41?s=96&d=mm&r=g\",\"contentUrl\":\"https:\\\/\\\/secure.gravatar.com\\\/avatar\\\/c7164ed6fdec453195284ad24a5ae5b6e1eed2b848477fa2a4787ba9adf39a41?s=96&d=mm&r=g\",\"caption\":\"Redacci\u00f3n QP\"},\"url\":\"https:\\\/\\\/quehacerpolitico.mx\\\/?author=2\"}]}<\/script>\n<!-- \/ Yoast SEO plugin. -->","yoast_head_json":{"title":"Mueren tres personas en balacera en el barrio de Tepito; no hay detenidos -","robots":{"index":"index","follow":"follow","max-snippet":"max-snippet:-1","max-image-preview":"max-image-preview:large","max-video-preview":"max-video-preview:-1"},"canonical":"https:\/\/quehacerpolitico.mx\/?p=120036","og_locale":"es_MX","og_type":"article","og_title":"Mueren tres personas en balacera en el barrio de Tepito; no hay detenidos -","og_description":"Por Redacci\u00f3n QP De acuerdo con los primeros reportes, una persona lleg\u00f3 al lugar y...","og_url":"https:\/\/quehacerpolitico.mx\/?p=120036","article_published_time":"2025-10-25T01:33:23+00:00","article_modified_time":"2025-10-25T01:33:26+00:00","og_image":[{"width":299,"height":168,"url":"https:\/\/quehacerpolitico.mx\/wp-content\/uploads\/2025\/10\/IMG_4664.jpeg","type":"image\/jpeg"}],"author":"Redacci\u00f3n QP","twitter_card":"summary_large_image","twitter_misc":{"Escrito por":"Redacci\u00f3n QP","Tiempo de lectura":"1 minuto"},"schema":{"@context":"https:\/\/schema.org","@graph":[{"@type":"Article","@id":"https:\/\/quehacerpolitico.mx\/?p=120036#article","isPartOf":{"@id":"https:\/\/quehacerpolitico.mx\/?p=120036"},"author":{"name":"Redacci\u00f3n QP","@id":"https:\/\/quehacerpolitico.mx\/#\/schema\/person\/496d8ad2d1d3f8036101dca7ee39e585"},"headline":"Mueren tres personas en balacera en el barrio de Tepito; no hay detenidos","datePublished":"2025-10-25T01:33:23+00:00","dateModified":"2025-10-25T01:33:26+00:00","mainEntityOfPage":{"@id":"https:\/\/quehacerpolitico.mx\/?p=120036"},"wordCount":278,"commentCount":0,"image":{"@id":"https:\/\/quehacerpolitico.mx\/?p=120036#primaryimage"},"thumbnailUrl":"https:\/\/quehacerpolitico.mx\/wp-content\/uploads\/2025\/10\/IMG_4664.jpeg","articleSection":["CDMX"],"inLanguage":"es","potentialAction":[{"@type":"CommentAction","name":"Comment","target":["https:\/\/quehacerpolitico.mx\/?p=120036#respond"]}]},{"@type":"WebPage","@id":"https:\/\/quehacerpolitico.mx\/?p=120036","url":"https:\/\/quehacerpolitico.mx\/?p=120036","name":"Mueren tres personas en balacera en el barrio de Tepito; no hay detenidos -","isPartOf":{"@id":"https:\/\/quehacerpolitico.mx\/#website"},"primaryImageOfPage":{"@id":"https:\/\/quehacerpolitico.mx\/?p=120036#primaryimage"},"image":{"@id":"https:\/\/quehacerpolitico.mx\/?p=120036#primaryimage"},"thumbnailUrl":"https:\/\/quehacerpolitico.mx\/wp-content\/uploads\/2025\/10\/IMG_4664.jpeg","datePublished":"2025-10-25T01:33:23+00:00","dateModified":"2025-10-25T01:33:26+00:00","author":{"@id":"https:\/\/quehacerpolitico.mx\/#\/schema\/person\/496d8ad2d1d3f8036101dca7ee39e585"},"breadcrumb":{"@id":"https:\/\/quehacerpolitico.mx\/?p=120036#breadcrumb"},"inLanguage":"es","potentialAction":[{"@type":"ReadAction","target":["https:\/\/quehacerpolitico.mx\/?p=120036"]}]},{"@type":"ImageObject","inLanguage":"es","@id":"https:\/\/quehacerpolitico.mx\/?p=120036#primaryimage","url":"https:\/\/quehacerpolitico.mx\/wp-content\/uploads\/2025\/10\/IMG_4664.jpeg","contentUrl":"https:\/\/quehacerpolitico.mx\/wp-content\/uploads\/2025\/10\/IMG_4664.jpeg","width":299,"height":168},{"@type":"BreadcrumbList","@id":"https:\/\/quehacerpolitico.mx\/?p=120036#breadcrumb","itemListElement":[{"@type":"ListItem","position":1,"name":"Inicio","item":"https:\/\/quehacerpolitico.mx\/"},{"@type":"ListItem","position":2,"name":"Mueren tres personas en balacera en el barrio de Tepito; no hay detenidos"}]},{"@type":"WebSite","@id":"https:\/\/quehacerpolitico.mx\/#website","url":"https:\/\/quehacerpolitico.mx\/","name":"","description":"","potentialAction":[{"@type":"SearchAction","target":{"@type":"EntryPoint","urlTemplate":"https:\/\/quehacerpolitico.mx\/?s={search_term_string}"},"query-input":{"@type":"PropertyValueSpecification","valueRequired":true,"valueName":"search_term_string"}}],"inLanguage":"es"},{"@type":"Person","@id":"https:\/\/quehacerpolitico.mx\/#\/schema\/person\/496d8ad2d1d3f8036101dca7ee39e585","name":"Redacci\u00f3n QP","image":{"@type":"ImageObject","inLanguage":"es","@id":"https:\/\/secure.gravatar.com\/avatar\/c7164ed6fdec453195284ad24a5ae5b6e1eed2b848477fa2a4787ba9adf39a41?s=96&d=mm&r=g","url":"https:\/\/secure.gravatar.com\/avatar\/c7164ed6fdec453195284ad24a5ae5b6e1eed2b848477fa2a4787ba9adf39a41?s=96&d=mm&r=g","contentUrl":"https:\/\/secure.gravatar.com\/avatar\/c7164ed6fdec453195284ad24a5ae5b6e1eed2b848477fa2a4787ba9adf39a41?s=96&d=mm&r=g","caption":"Redacci\u00f3n QP"},"url":"https:\/\/quehacerpolitico.mx\/?author=2"}]}},"featured_image_urls":{"full":["https:\/\/quehacerpolitico.mx\/wp-content\/uploads\/2025\/10\/IMG_4664.jpeg",299,168,false],"thumbnail":["https:\/\/quehacerpolitico.mx\/wp-content\/uploads\/2025\/10\/IMG_4664-150x150.jpeg",150,150,true],"medium":["https:\/\/quehacerpolitico.mx\/wp-content\/uploads\/2025\/10\/IMG_4664.jpeg",299,168,false],"medium_large":["https:\/\/quehacerpolitico.mx\/wp-content\/uploads\/2025\/10\/IMG_4664.jpeg",299,168,false],"large":["https:\/\/quehacerpolitico.mx\/wp-content\/uploads\/2025\/10\/IMG_4664.jpeg",299,168,false],"1536x1536":["https:\/\/quehacerpolitico.mx\/wp-content\/uploads\/2025\/10\/IMG_4664.jpeg",299,168,false],"2048x2048":["https:\/\/quehacerpolitico.mx\/wp-content\/uploads\/2025\/10\/IMG_4664.jpeg",299,168,false],"covernews-featured":["https:\/\/quehacerpolitico.mx\/wp-content\/uploads\/2025\/10\/IMG_4664.jpeg",299,168,false],"covernews-medium":["https:\/\/quehacerpolitico.mx\/wp-content\/uploads\/2025\/10\/IMG_4664.jpeg",299,168,false]},"author_info":{"display_name":"Redacci\u00f3n QP","author_link":"https:\/\/quehacerpolitico.mx\/?author=2"},"category_info":"<a href=\"https:\/\/quehacerpolitico.mx\/?cat=55\" rel=\"category\">CDMX<\/a>","tag_info":"CDMX","comment_count":"0","_links":{"self":[{"href":"https:\/\/quehacerpolitico.mx\/index.php?rest_route=\/wp\/v2\/posts\/120036","targetHints":{"allow":["GET"]}}],"collection":[{"href":"https:\/\/quehacerpolitico.mx\/index.php?rest_route=\/wp\/v2\/posts"}],"about":[{"href":"https:\/\/quehacerpolitico.mx\/index.php?rest_route=\/wp\/v2\/types\/post"}],"author":[{"embeddable":true,"href":"https:\/\/quehacerpolitico.mx\/index.php?rest_route=\/wp\/v2\/users\/2"}],"replies":[{"embeddable":true,"href":"https:\/\/quehacerpolitico.mx\/index.php?rest_route=%2Fwp%2Fv2%2Fcomments&post=120036"}],"version-history":[{"count":1,"href":"https:\/\/quehacerpolitico.mx\/index.php?rest_route=\/wp\/v2\/posts\/120036\/revisions"}],"predecessor-version":[{"id":120041,"href":"https:\/\/quehacerpolitico.mx\/index.php?rest_route=\/wp\/v2\/posts\/120036\/revisions\/120041"}],"wp:featuredmedia":[{"embeddable":true,"href":"https:\/\/quehacerpolitico.mx\/index.php?rest_route=\/wp\/v2\/media\/120039"}],"wp:attachment":[{"href":"https:\/\/quehacerpolitico.mx\/index.php?rest_route=%2Fwp%2Fv2%2Fmedia&parent=120036"}],"wp:term":[{"taxonomy":"category","embeddable":true,"href":"https:\/\/quehacerpolitico.mx\/index.php?rest_route=%2Fwp%2Fv2%2Fcategories&post=120036"},{"taxonomy":"post_tag","embeddable":true,"href":"https:\/\/quehacerpolitico.mx\/index.php?rest_route=%2Fwp%2Fv2%2Ftags&post=120036"}],"curies":[{"name":"wp","href":"https:\/\/api.w.org\/{rel}","templated":true}]}}