{"id":120034,"date":"2025-10-24T18:56:58","date_gmt":"2025-10-25T00:56:58","guid":{"rendered":"https:\/\/quehacerpolitico.mx\/?p=120034"},"modified":"2025-10-24T18:57:01","modified_gmt":"2025-10-25T00:57:01","slug":"el-quehacer-politico-en-la-cultura-a-traves-del-enfoque-litza-deniss-duran-espinosa-con-graciela-iturbide-y-el-museo-de-antropologia-reconocen-en-los-premios-princesa-de-asturias-el-legado-indige","status":"publish","type":"post","link":"https:\/\/quehacerpolitico.mx\/?p=120034","title":{"rendered":"El Quehacer Pol\u00edtico en la Cultura a trav\u00e9s del Enfoque\/\/\/Litza Deniss Dur\u00e1n Espinosa\/\/\/Con Graciela Iturbide y el Museo de Antropolog\u00eda, reconocen en los Premios Princesa de Asturias el legado ind\u00edgena de M\u00e9xico"},"content":{"rendered":"\n<p>Por Litza Deniss Dur\u00e1n Espinosa<\/p>\n\n\n\n<p>Al recibir la distinci\u00f3n, la fot\u00f3grafa mexicana coment\u00f3 que &#8220;al igual que la inmensa mayor\u00eda de los mexicanos, soy el resultado de la fusi\u00f3n entre dos culturas, dos visiones del mundo casi siempre encontradas&#8221;<\/p>\n\n\n\n<p>&#8220;La historia de M\u00e9xico es la del sincretismo que me habita y&nbsp;<strong>no podr\u00eda sacar una de sus vertientes<\/strong>&nbsp;sin mutilarme a m\u00ed misma&#8221;, dijo la fot\u00f3grafa mexicana Graciela Iturbide&nbsp;sobre la relaci\u00f3n entre su pa\u00eds y Espa\u00f1a&nbsp;este viernes&nbsp;en su discurso de recepci\u00f3n del Premio Princesa de Asturias de las Artes 2025 en el Teatro Campoamor de la ciudad de Oviedo.<\/p>\n\n\n\n<p>&#8220;Al igual que la inmensa mayor\u00eda de los mexicanos, soy el resultado de la fusi\u00f3n entre dos culturas,&nbsp;<strong>dos visiones del mundo casi siempre encontradas<\/strong>&#8220;, a\u00f1adi\u00f3 Iturbide, quien ha estado presente en Oviedo&nbsp;desde principios de esta semana que se ha dedicado a los premiados.<\/p>\n\n\n\n<figure class=\"wp-block-embed is-type-video is-provider-youtube wp-block-embed-youtube wp-embed-aspect-16-9 wp-has-aspect-ratio\"><div class=\"wp-block-embed__wrapper\">\n<iframe loading=\"lazy\" title=\"Rueda de prensa de Graciela Iturbide, Premio Princesa de Asturias de las Artes 2025\" width=\"640\" height=\"360\" src=\"https:\/\/www.youtube.com\/embed\/trOQfwWleVU?feature=oembed\" frameborder=\"0\" allow=\"accelerometer; autoplay; clipboard-write; encrypted-media; gyroscope; picture-in-picture; web-share\" referrerpolicy=\"strict-origin-when-cross-origin\" allowfullscreen><\/iframe>\n<\/div><\/figure>\n\n\n\n<p>Tras agradecer el honor de ser distinguida con el premio, Iturbide se\u00f1al\u00f3 que ha pasado m\u00e1s de medio siglo de su vida &#8220;<strong>mirando al mundo por una ventanita<\/strong>&nbsp;que apenas mide unos escasos cent\u00edmetros cuadrados&#8221;, y pregunt\u00f3: &#8220;\u00bfNo resulta parad\u00f3jico otorgarme el prestigiado Premio Princesa de Asturias de las Artes por una haza\u00f1a tan circunscrita?&#8221;.<\/p>\n\n\n\n<h2 class=\"wp-block-heading\">El arte de desafiar al tiempo<\/h2>\n\n\n\n<p>Pero lejos de minimizar las virtudes de su arte fotogr\u00e1fico, Graciela Iturbide coment\u00f3: &#8220;La fotograf\u00eda es el arte que lidia principalmente con el tiempo,&nbsp;<strong>que lo desaf\u00eda<\/strong>, lo fija y, a veces, tambi\u00e9n lo mata&#8221;.<\/p>\n\n\n\n<p>Leonor de Borb\u00f3n, la princesa de Asturias, habl\u00f3 por su parte de&nbsp;<strong>la espera&nbsp;y la paciencia<\/strong>, virtudes que &#8220;por cierto, no abundan en estos tiempos&#8221;,&nbsp;y&nbsp;que caracterizan&nbsp;el arte fotogr\u00e1fico de Iturbide.<\/p>\n\n\n\n<p>Pero Iturbide es &#8220;una fot\u00f3grafa sin prisa \u2014dijo la princesa\u2014, una artista que&nbsp;<strong>ha plasmado la fuerza de las mujeres<\/strong>, la de la zapoteca de las iguanas, tambi\u00e9n la de la mujer seri de Sonora, la Mujer \u00c1ngel que enlaza presente y futuro en aquel desierto. Ojal\u00e1 que mis colegas de generaci\u00f3n se detengan sin prisa a mirar sus fotograf\u00edas&#8221;.<\/p>\n\n\n\n<h2 class=\"wp-block-heading\">Mundo ind\u00edgena<\/h2>\n\n\n\n<p>&#8220;La parte m\u00e1s conocida de mi obra retrata el mundo ind\u00edgena de M\u00e9xico&#8221;, dijo Iturbide, y se\u00f1al\u00f3 que gracias a eso&nbsp;recorri\u00f3&nbsp;buena parte del&nbsp;pa\u00eds, &#8220;sobre todo las regiones apartadas y desfavorecidas donde&nbsp;<strong>sobreviven y resisten los ind\u00edgenas<\/strong>&#8220;.<\/p>\n\n\n\n<p>A\u00f1adi\u00f3 que la fotograf\u00eda, para ella, &#8220;crea un&nbsp;<strong>sentimiento de comprensi\u00f3n<\/strong>&nbsp;hacia lo que veo, lo que vivo y lo que siento, y es un buen pretexto para conocer el mundo y sus culturas&#8221;.&nbsp;<\/p>\n\n\n\n<p>Pero aclar\u00f3: &#8220;Si al ver mis fotos, la gente dice: &#8216;Esto es M\u00e9xico&#8217;, yo contesto &#8216;No, esto es Graciela Iturbide&#8217;,&nbsp;pero no me siento due\u00f1a de mis im\u00e1genes ni temo que las utilicen y hasta las manipulen&#8221;.&nbsp;<\/p>\n\n\n\n<figure class=\"wp-block-image\"><img decoding=\"async\" src=\"https:\/\/latinus.us\/u\/fotografias\/m\/2025\/10\/24\/f768x400-128717_172620_5050.jpg\" alt=\"Antonio Saborit y Madeleine Bremond Santa Cruz, representantes del Museo Nacional de Antropolog\u00eda\"\/><figcaption class=\"wp-element-caption\">Antonio Saborit y Madeleine Bremond Santa Cruz. Cr\u00e9dito: YouTube\/@fpamultimedia&nbsp;<\/figcaption><\/figure>\n\n\n\n<h2 class=\"wp-block-heading\">Ejercicio de concordia<\/h2>\n\n\n\n<p>Leonor de Borb\u00f3n les dijo&nbsp;a Antonio Saborit y Madeleine Bremond Santa Cruz, quienes recibieron el premio de la Concordia en representaci\u00f3n del Museo Nacional de Antropolog\u00eda de M\u00e9xico: &#8220;Reconocemos hoy aqu\u00ed&nbsp;<strong>la importancia de su instituci\u00f3n<\/strong>&nbsp;que cuida, exhibe, conserva y difunde el legado prehisp\u00e1nico y la cultura ind\u00edgena de M\u00e9xico&#8221;.&nbsp;<\/p>\n\n\n\n<p>El museo, a\u00f1adi\u00f3 la princesa, proyecta&nbsp;&#8220;con vigor la fuerza de un pueblo que se mira a s\u00ed mismo con orgullo y que muestra al mundo su generosidad para compartir&nbsp;<strong>vuestra gran historia en un ejercicio de concordia<\/strong>&#8220;.<\/p>\n\n\n\n<p>&#8220;Alg\u00fan d\u00eda espero tener la suerte de adentrarme en ese bosque de Chapultepec y admirar m\u00e1s de tres mil a\u00f1os de historia y ver la Piedra del Sol y tantas muestras de vida olmeca, zapoteca, maya, mixteca&#8221;, les confi\u00f3 al&nbsp;director y la presidenta del patronato de la instituci\u00f3n.&nbsp;<\/p>\n\n\n\n<figure class=\"wp-block-embed is-type-video is-provider-youtube wp-block-embed-youtube wp-embed-aspect-16-9 wp-has-aspect-ratio\"><div class=\"wp-block-embed__wrapper\">\n<iframe loading=\"lazy\" title=\"Discurso de S.M. el Rey en los Premios Princesa de Asturias 2025 \/ Speech by HM The King of Spain\" width=\"640\" height=\"360\" src=\"https:\/\/www.youtube.com\/embed\/aZM6RReF-iU?feature=oembed\" frameborder=\"0\" allow=\"accelerometer; autoplay; clipboard-write; encrypted-media; gyroscope; picture-in-picture; web-share\" referrerpolicy=\"strict-origin-when-cross-origin\" allowfullscreen><\/iframe>\n<\/div><\/figure>\n\n\n\n<p>&#8220;Hoy&nbsp;<strong>M\u00e9xico est\u00e1 muy presente<\/strong>&nbsp;en este Teatro Campoamor&#8221;, concluy\u00f3.<\/p>\n\n\n\n<figure class=\"wp-block-embed is-type-video is-provider-youtube wp-block-embed-youtube wp-embed-aspect-16-9 wp-has-aspect-ratio\"><div class=\"wp-block-embed__wrapper\">\n<iframe loading=\"lazy\" title=\"Palabras de S.A.R. la Princesa de Asturias 2025\" width=\"640\" height=\"360\" src=\"https:\/\/www.youtube.com\/embed\/qRLN1T1ouN4?feature=oembed\" frameborder=\"0\" allow=\"accelerometer; autoplay; clipboard-write; encrypted-media; gyroscope; picture-in-picture; web-share\" referrerpolicy=\"strict-origin-when-cross-origin\" allowfullscreen><\/iframe>\n<\/div><\/figure>\n","protected":false},"excerpt":{"rendered":"<p>Por Litza Deniss Dur\u00e1n Espinosa Al recibir la distinci\u00f3n, la fot\u00f3grafa mexicana coment\u00f3 que &#8220;al&#8230;<\/p>\n","protected":false},"author":2,"featured_media":120014,"comment_status":"open","ping_status":"open","sticky":false,"template":"","format":"standard","meta":{"_monsterinsights_skip_tracking":false,"_monsterinsights_sitenote_active":false,"_monsterinsights_sitenote_note":"","_monsterinsights_sitenote_category":0,"footnotes":""},"categories":[58],"tags":[],"class_list":["post-120034","post","type-post","status-publish","format-standard","has-post-thumbnail","hentry","category-cultura"],"yoast_head":"<!-- This site is optimized with the Yoast SEO plugin v27.3 - https:\/\/yoast.com\/product\/yoast-seo-wordpress\/ -->\n<title>El Quehacer Pol\u00edtico en la Cultura a trav\u00e9s del Enfoque\/\/\/Litza Deniss Dur\u00e1n Espinosa\/\/\/Con Graciela Iturbide y el Museo de Antropolog\u00eda, reconocen en los Premios Princesa de Asturias el legado ind\u00edgena de M\u00e9xico -<\/title>\n<meta name=\"robots\" content=\"index, follow, max-snippet:-1, max-image-preview:large, max-video-preview:-1\" \/>\n<link rel=\"canonical\" href=\"https:\/\/quehacerpolitico.mx\/?p=120034\" \/>\n<meta property=\"og:locale\" content=\"es_MX\" \/>\n<meta property=\"og:type\" content=\"article\" \/>\n<meta property=\"og:title\" content=\"El Quehacer Pol\u00edtico en la Cultura a trav\u00e9s del Enfoque\/\/\/Litza Deniss Dur\u00e1n Espinosa\/\/\/Con Graciela Iturbide y el Museo de Antropolog\u00eda, reconocen en los Premios Princesa de Asturias el legado ind\u00edgena de M\u00e9xico -\" \/>\n<meta property=\"og:description\" content=\"Por Litza Deniss Dur\u00e1n Espinosa Al recibir la distinci\u00f3n, la fot\u00f3grafa mexicana coment\u00f3 que &#8220;al...\" \/>\n<meta property=\"og:url\" content=\"https:\/\/quehacerpolitico.mx\/?p=120034\" \/>\n<meta property=\"article:published_time\" content=\"2025-10-25T00:56:58+00:00\" \/>\n<meta property=\"article:modified_time\" content=\"2025-10-25T00:57:01+00:00\" \/>\n<meta property=\"og:image\" content=\"https:\/\/quehacerpolitico.mx\/wp-content\/uploads\/2025\/10\/1f82780f-42aa-4c37-8ba4-0ba4279e0a43-8.jpeg\" \/>\n\t<meta property=\"og:image:width\" content=\"963\" \/>\n\t<meta property=\"og:image:height\" content=\"493\" \/>\n\t<meta property=\"og:image:type\" content=\"image\/jpeg\" \/>\n<meta name=\"author\" content=\"Redacci\u00f3n QP\" \/>\n<meta name=\"twitter:card\" content=\"summary_large_image\" \/>\n<meta name=\"twitter:label1\" content=\"Escrito por\" \/>\n\t<meta name=\"twitter:data1\" content=\"Redacci\u00f3n QP\" \/>\n\t<meta name=\"twitter:label2\" content=\"Tiempo de lectura\" \/>\n\t<meta name=\"twitter:data2\" content=\"4 minutos\" \/>\n<script type=\"application\/ld+json\" class=\"yoast-schema-graph\">{\"@context\":\"https:\\\/\\\/schema.org\",\"@graph\":[{\"@type\":\"Article\",\"@id\":\"https:\\\/\\\/quehacerpolitico.mx\\\/?p=120034#article\",\"isPartOf\":{\"@id\":\"https:\\\/\\\/quehacerpolitico.mx\\\/?p=120034\"},\"author\":{\"name\":\"Redacci\u00f3n QP\",\"@id\":\"https:\\\/\\\/quehacerpolitico.mx\\\/#\\\/schema\\\/person\\\/496d8ad2d1d3f8036101dca7ee39e585\"},\"headline\":\"El Quehacer Pol\u00edtico en la Cultura a trav\u00e9s del Enfoque\\\/\\\/\\\/Litza Deniss Dur\u00e1n Espinosa\\\/\\\/\\\/Con Graciela Iturbide y el Museo de Antropolog\u00eda, reconocen en los Premios Princesa de Asturias el legado ind\u00edgena de M\u00e9xico\",\"datePublished\":\"2025-10-25T00:56:58+00:00\",\"dateModified\":\"2025-10-25T00:57:01+00:00\",\"mainEntityOfPage\":{\"@id\":\"https:\\\/\\\/quehacerpolitico.mx\\\/?p=120034\"},\"wordCount\":770,\"commentCount\":0,\"image\":{\"@id\":\"https:\\\/\\\/quehacerpolitico.mx\\\/?p=120034#primaryimage\"},\"thumbnailUrl\":\"https:\\\/\\\/quehacerpolitico.mx\\\/wp-content\\\/uploads\\\/2025\\\/10\\\/1f82780f-42aa-4c37-8ba4-0ba4279e0a43-8.jpeg\",\"articleSection\":[\"Cultura y Entretenimiento\"],\"inLanguage\":\"es\",\"potentialAction\":[{\"@type\":\"CommentAction\",\"name\":\"Comment\",\"target\":[\"https:\\\/\\\/quehacerpolitico.mx\\\/?p=120034#respond\"]}]},{\"@type\":\"WebPage\",\"@id\":\"https:\\\/\\\/quehacerpolitico.mx\\\/?p=120034\",\"url\":\"https:\\\/\\\/quehacerpolitico.mx\\\/?p=120034\",\"name\":\"El Quehacer Pol\u00edtico en la Cultura a trav\u00e9s del Enfoque\\\/\\\/\\\/Litza Deniss Dur\u00e1n Espinosa\\\/\\\/\\\/Con Graciela Iturbide y el Museo de Antropolog\u00eda, reconocen en los Premios Princesa de Asturias el legado ind\u00edgena de M\u00e9xico -\",\"isPartOf\":{\"@id\":\"https:\\\/\\\/quehacerpolitico.mx\\\/#website\"},\"primaryImageOfPage\":{\"@id\":\"https:\\\/\\\/quehacerpolitico.mx\\\/?p=120034#primaryimage\"},\"image\":{\"@id\":\"https:\\\/\\\/quehacerpolitico.mx\\\/?p=120034#primaryimage\"},\"thumbnailUrl\":\"https:\\\/\\\/quehacerpolitico.mx\\\/wp-content\\\/uploads\\\/2025\\\/10\\\/1f82780f-42aa-4c37-8ba4-0ba4279e0a43-8.jpeg\",\"datePublished\":\"2025-10-25T00:56:58+00:00\",\"dateModified\":\"2025-10-25T00:57:01+00:00\",\"author\":{\"@id\":\"https:\\\/\\\/quehacerpolitico.mx\\\/#\\\/schema\\\/person\\\/496d8ad2d1d3f8036101dca7ee39e585\"},\"breadcrumb\":{\"@id\":\"https:\\\/\\\/quehacerpolitico.mx\\\/?p=120034#breadcrumb\"},\"inLanguage\":\"es\",\"potentialAction\":[{\"@type\":\"ReadAction\",\"target\":[\"https:\\\/\\\/quehacerpolitico.mx\\\/?p=120034\"]}]},{\"@type\":\"ImageObject\",\"inLanguage\":\"es\",\"@id\":\"https:\\\/\\\/quehacerpolitico.mx\\\/?p=120034#primaryimage\",\"url\":\"https:\\\/\\\/quehacerpolitico.mx\\\/wp-content\\\/uploads\\\/2025\\\/10\\\/1f82780f-42aa-4c37-8ba4-0ba4279e0a43-8.jpeg\",\"contentUrl\":\"https:\\\/\\\/quehacerpolitico.mx\\\/wp-content\\\/uploads\\\/2025\\\/10\\\/1f82780f-42aa-4c37-8ba4-0ba4279e0a43-8.jpeg\",\"width\":963,\"height\":493},{\"@type\":\"BreadcrumbList\",\"@id\":\"https:\\\/\\\/quehacerpolitico.mx\\\/?p=120034#breadcrumb\",\"itemListElement\":[{\"@type\":\"ListItem\",\"position\":1,\"name\":\"Inicio\",\"item\":\"https:\\\/\\\/quehacerpolitico.mx\\\/\"},{\"@type\":\"ListItem\",\"position\":2,\"name\":\"El Quehacer Pol\u00edtico en la Cultura a trav\u00e9s del Enfoque\\\/\\\/\\\/Litza Deniss Dur\u00e1n Espinosa\\\/\\\/\\\/Con Graciela Iturbide y el Museo de Antropolog\u00eda, reconocen en los Premios Princesa de Asturias el legado ind\u00edgena de M\u00e9xico\"}]},{\"@type\":\"WebSite\",\"@id\":\"https:\\\/\\\/quehacerpolitico.mx\\\/#website\",\"url\":\"https:\\\/\\\/quehacerpolitico.mx\\\/\",\"name\":\"\",\"description\":\"\",\"potentialAction\":[{\"@type\":\"SearchAction\",\"target\":{\"@type\":\"EntryPoint\",\"urlTemplate\":\"https:\\\/\\\/quehacerpolitico.mx\\\/?s={search_term_string}\"},\"query-input\":{\"@type\":\"PropertyValueSpecification\",\"valueRequired\":true,\"valueName\":\"search_term_string\"}}],\"inLanguage\":\"es\"},{\"@type\":\"Person\",\"@id\":\"https:\\\/\\\/quehacerpolitico.mx\\\/#\\\/schema\\\/person\\\/496d8ad2d1d3f8036101dca7ee39e585\",\"name\":\"Redacci\u00f3n QP\",\"image\":{\"@type\":\"ImageObject\",\"inLanguage\":\"es\",\"@id\":\"https:\\\/\\\/secure.gravatar.com\\\/avatar\\\/c7164ed6fdec453195284ad24a5ae5b6e1eed2b848477fa2a4787ba9adf39a41?s=96&d=mm&r=g\",\"url\":\"https:\\\/\\\/secure.gravatar.com\\\/avatar\\\/c7164ed6fdec453195284ad24a5ae5b6e1eed2b848477fa2a4787ba9adf39a41?s=96&d=mm&r=g\",\"contentUrl\":\"https:\\\/\\\/secure.gravatar.com\\\/avatar\\\/c7164ed6fdec453195284ad24a5ae5b6e1eed2b848477fa2a4787ba9adf39a41?s=96&d=mm&r=g\",\"caption\":\"Redacci\u00f3n QP\"},\"url\":\"https:\\\/\\\/quehacerpolitico.mx\\\/?author=2\"}]}<\/script>\n<!-- \/ Yoast SEO plugin. -->","yoast_head_json":{"title":"El Quehacer Pol\u00edtico en la Cultura a trav\u00e9s del Enfoque\/\/\/Litza Deniss Dur\u00e1n Espinosa\/\/\/Con Graciela Iturbide y el Museo de Antropolog\u00eda, reconocen en los Premios Princesa de Asturias el legado ind\u00edgena de M\u00e9xico -","robots":{"index":"index","follow":"follow","max-snippet":"max-snippet:-1","max-image-preview":"max-image-preview:large","max-video-preview":"max-video-preview:-1"},"canonical":"https:\/\/quehacerpolitico.mx\/?p=120034","og_locale":"es_MX","og_type":"article","og_title":"El Quehacer Pol\u00edtico en la Cultura a trav\u00e9s del Enfoque\/\/\/Litza Deniss Dur\u00e1n Espinosa\/\/\/Con Graciela Iturbide y el Museo de Antropolog\u00eda, reconocen en los Premios Princesa de Asturias el legado ind\u00edgena de M\u00e9xico -","og_description":"Por Litza Deniss Dur\u00e1n Espinosa Al recibir la distinci\u00f3n, la fot\u00f3grafa mexicana coment\u00f3 que &#8220;al...","og_url":"https:\/\/quehacerpolitico.mx\/?p=120034","article_published_time":"2025-10-25T00:56:58+00:00","article_modified_time":"2025-10-25T00:57:01+00:00","og_image":[{"width":963,"height":493,"url":"https:\/\/quehacerpolitico.mx\/wp-content\/uploads\/2025\/10\/1f82780f-42aa-4c37-8ba4-0ba4279e0a43-8.jpeg","type":"image\/jpeg"}],"author":"Redacci\u00f3n QP","twitter_card":"summary_large_image","twitter_misc":{"Escrito por":"Redacci\u00f3n QP","Tiempo de lectura":"4 minutos"},"schema":{"@context":"https:\/\/schema.org","@graph":[{"@type":"Article","@id":"https:\/\/quehacerpolitico.mx\/?p=120034#article","isPartOf":{"@id":"https:\/\/quehacerpolitico.mx\/?p=120034"},"author":{"name":"Redacci\u00f3n QP","@id":"https:\/\/quehacerpolitico.mx\/#\/schema\/person\/496d8ad2d1d3f8036101dca7ee39e585"},"headline":"El Quehacer Pol\u00edtico en la Cultura a trav\u00e9s del Enfoque\/\/\/Litza Deniss Dur\u00e1n Espinosa\/\/\/Con Graciela Iturbide y el Museo de Antropolog\u00eda, reconocen en los Premios Princesa de Asturias el legado ind\u00edgena de M\u00e9xico","datePublished":"2025-10-25T00:56:58+00:00","dateModified":"2025-10-25T00:57:01+00:00","mainEntityOfPage":{"@id":"https:\/\/quehacerpolitico.mx\/?p=120034"},"wordCount":770,"commentCount":0,"image":{"@id":"https:\/\/quehacerpolitico.mx\/?p=120034#primaryimage"},"thumbnailUrl":"https:\/\/quehacerpolitico.mx\/wp-content\/uploads\/2025\/10\/1f82780f-42aa-4c37-8ba4-0ba4279e0a43-8.jpeg","articleSection":["Cultura y Entretenimiento"],"inLanguage":"es","potentialAction":[{"@type":"CommentAction","name":"Comment","target":["https:\/\/quehacerpolitico.mx\/?p=120034#respond"]}]},{"@type":"WebPage","@id":"https:\/\/quehacerpolitico.mx\/?p=120034","url":"https:\/\/quehacerpolitico.mx\/?p=120034","name":"El Quehacer Pol\u00edtico en la Cultura a trav\u00e9s del Enfoque\/\/\/Litza Deniss Dur\u00e1n Espinosa\/\/\/Con Graciela Iturbide y el Museo de Antropolog\u00eda, reconocen en los Premios Princesa de Asturias el legado ind\u00edgena de M\u00e9xico -","isPartOf":{"@id":"https:\/\/quehacerpolitico.mx\/#website"},"primaryImageOfPage":{"@id":"https:\/\/quehacerpolitico.mx\/?p=120034#primaryimage"},"image":{"@id":"https:\/\/quehacerpolitico.mx\/?p=120034#primaryimage"},"thumbnailUrl":"https:\/\/quehacerpolitico.mx\/wp-content\/uploads\/2025\/10\/1f82780f-42aa-4c37-8ba4-0ba4279e0a43-8.jpeg","datePublished":"2025-10-25T00:56:58+00:00","dateModified":"2025-10-25T00:57:01+00:00","author":{"@id":"https:\/\/quehacerpolitico.mx\/#\/schema\/person\/496d8ad2d1d3f8036101dca7ee39e585"},"breadcrumb":{"@id":"https:\/\/quehacerpolitico.mx\/?p=120034#breadcrumb"},"inLanguage":"es","potentialAction":[{"@type":"ReadAction","target":["https:\/\/quehacerpolitico.mx\/?p=120034"]}]},{"@type":"ImageObject","inLanguage":"es","@id":"https:\/\/quehacerpolitico.mx\/?p=120034#primaryimage","url":"https:\/\/quehacerpolitico.mx\/wp-content\/uploads\/2025\/10\/1f82780f-42aa-4c37-8ba4-0ba4279e0a43-8.jpeg","contentUrl":"https:\/\/quehacerpolitico.mx\/wp-content\/uploads\/2025\/10\/1f82780f-42aa-4c37-8ba4-0ba4279e0a43-8.jpeg","width":963,"height":493},{"@type":"BreadcrumbList","@id":"https:\/\/quehacerpolitico.mx\/?p=120034#breadcrumb","itemListElement":[{"@type":"ListItem","position":1,"name":"Inicio","item":"https:\/\/quehacerpolitico.mx\/"},{"@type":"ListItem","position":2,"name":"El Quehacer Pol\u00edtico en la Cultura a trav\u00e9s del Enfoque\/\/\/Litza Deniss Dur\u00e1n Espinosa\/\/\/Con Graciela Iturbide y el Museo de Antropolog\u00eda, reconocen en los Premios Princesa de Asturias el legado ind\u00edgena de M\u00e9xico"}]},{"@type":"WebSite","@id":"https:\/\/quehacerpolitico.mx\/#website","url":"https:\/\/quehacerpolitico.mx\/","name":"","description":"","potentialAction":[{"@type":"SearchAction","target":{"@type":"EntryPoint","urlTemplate":"https:\/\/quehacerpolitico.mx\/?s={search_term_string}"},"query-input":{"@type":"PropertyValueSpecification","valueRequired":true,"valueName":"search_term_string"}}],"inLanguage":"es"},{"@type":"Person","@id":"https:\/\/quehacerpolitico.mx\/#\/schema\/person\/496d8ad2d1d3f8036101dca7ee39e585","name":"Redacci\u00f3n QP","image":{"@type":"ImageObject","inLanguage":"es","@id":"https:\/\/secure.gravatar.com\/avatar\/c7164ed6fdec453195284ad24a5ae5b6e1eed2b848477fa2a4787ba9adf39a41?s=96&d=mm&r=g","url":"https:\/\/secure.gravatar.com\/avatar\/c7164ed6fdec453195284ad24a5ae5b6e1eed2b848477fa2a4787ba9adf39a41?s=96&d=mm&r=g","contentUrl":"https:\/\/secure.gravatar.com\/avatar\/c7164ed6fdec453195284ad24a5ae5b6e1eed2b848477fa2a4787ba9adf39a41?s=96&d=mm&r=g","caption":"Redacci\u00f3n QP"},"url":"https:\/\/quehacerpolitico.mx\/?author=2"}]}},"featured_image_urls":{"full":["https:\/\/quehacerpolitico.mx\/wp-content\/uploads\/2025\/10\/1f82780f-42aa-4c37-8ba4-0ba4279e0a43-8.jpeg",963,493,false],"thumbnail":["https:\/\/quehacerpolitico.mx\/wp-content\/uploads\/2025\/10\/1f82780f-42aa-4c37-8ba4-0ba4279e0a43-8-150x150.jpeg",150,150,true],"medium":["https:\/\/quehacerpolitico.mx\/wp-content\/uploads\/2025\/10\/1f82780f-42aa-4c37-8ba4-0ba4279e0a43-8-300x154.jpeg",300,154,true],"medium_large":["https:\/\/quehacerpolitico.mx\/wp-content\/uploads\/2025\/10\/1f82780f-42aa-4c37-8ba4-0ba4279e0a43-8-768x393.jpeg",640,328,true],"large":["https:\/\/quehacerpolitico.mx\/wp-content\/uploads\/2025\/10\/1f82780f-42aa-4c37-8ba4-0ba4279e0a43-8.jpeg",640,328,false],"1536x1536":["https:\/\/quehacerpolitico.mx\/wp-content\/uploads\/2025\/10\/1f82780f-42aa-4c37-8ba4-0ba4279e0a43-8.jpeg",963,493,false],"2048x2048":["https:\/\/quehacerpolitico.mx\/wp-content\/uploads\/2025\/10\/1f82780f-42aa-4c37-8ba4-0ba4279e0a43-8.jpeg",963,493,false],"covernews-featured":["https:\/\/quehacerpolitico.mx\/wp-content\/uploads\/2025\/10\/1f82780f-42aa-4c37-8ba4-0ba4279e0a43-8.jpeg",963,493,false],"covernews-medium":["https:\/\/quehacerpolitico.mx\/wp-content\/uploads\/2025\/10\/1f82780f-42aa-4c37-8ba4-0ba4279e0a43-8-540x340.jpeg",540,340,true]},"author_info":{"display_name":"Redacci\u00f3n QP","author_link":"https:\/\/quehacerpolitico.mx\/?author=2"},"category_info":"<a href=\"https:\/\/quehacerpolitico.mx\/?cat=58\" rel=\"category\">Cultura y Entretenimiento<\/a>","tag_info":"Cultura y Entretenimiento","comment_count":"0","_links":{"self":[{"href":"https:\/\/quehacerpolitico.mx\/index.php?rest_route=\/wp\/v2\/posts\/120034","targetHints":{"allow":["GET"]}}],"collection":[{"href":"https:\/\/quehacerpolitico.mx\/index.php?rest_route=\/wp\/v2\/posts"}],"about":[{"href":"https:\/\/quehacerpolitico.mx\/index.php?rest_route=\/wp\/v2\/types\/post"}],"author":[{"embeddable":true,"href":"https:\/\/quehacerpolitico.mx\/index.php?rest_route=\/wp\/v2\/users\/2"}],"replies":[{"embeddable":true,"href":"https:\/\/quehacerpolitico.mx\/index.php?rest_route=%2Fwp%2Fv2%2Fcomments&post=120034"}],"version-history":[{"count":1,"href":"https:\/\/quehacerpolitico.mx\/index.php?rest_route=\/wp\/v2\/posts\/120034\/revisions"}],"predecessor-version":[{"id":120035,"href":"https:\/\/quehacerpolitico.mx\/index.php?rest_route=\/wp\/v2\/posts\/120034\/revisions\/120035"}],"wp:featuredmedia":[{"embeddable":true,"href":"https:\/\/quehacerpolitico.mx\/index.php?rest_route=\/wp\/v2\/media\/120014"}],"wp:attachment":[{"href":"https:\/\/quehacerpolitico.mx\/index.php?rest_route=%2Fwp%2Fv2%2Fmedia&parent=120034"}],"wp:term":[{"taxonomy":"category","embeddable":true,"href":"https:\/\/quehacerpolitico.mx\/index.php?rest_route=%2Fwp%2Fv2%2Fcategories&post=120034"},{"taxonomy":"post_tag","embeddable":true,"href":"https:\/\/quehacerpolitico.mx\/index.php?rest_route=%2Fwp%2Fv2%2Ftags&post=120034"}],"curies":[{"name":"wp","href":"https:\/\/api.w.org\/{rel}","templated":true}]}}