{"id":120024,"date":"2025-10-24T18:02:20","date_gmt":"2025-10-25T00:02:20","guid":{"rendered":"https:\/\/quehacerpolitico.mx\/?p=120024"},"modified":"2025-10-24T18:02:24","modified_gmt":"2025-10-25T00:02:24","slug":"el-quehacer-politico-internacional-a-traves-del-tintero-edgar-castaneda-eu-despliega-en-el-caribe-el-portaaviones-mas-grande-de-su-flota","status":"publish","type":"post","link":"https:\/\/quehacerpolitico.mx\/?p=120024","title":{"rendered":"El Quehacer Pol\u00edtico Internacional a trav\u00e9s del Tintero\/\/\/Edgar Casta\u00f1eda\/\/\/EU despliega en el Caribe el portaaviones m\u00e1s grande de su flota"},"content":{"rendered":"\n<p>Por Edgar Casta\u00f1eda<\/p>\n\n\n\n<p>El secretario de Defensa de Estados Unidos, Pete Hegseth, instruy\u00f3 su env\u00edo y el del grupo de ataque al \u00e1rea de responsabilidad del Comando Sur para desmantelar las organizaciones criminales transnacionales<\/p>\n\n\n\n<p>El&nbsp;<strong>Pent\u00e1gono<\/strong>&nbsp;anunci\u00f3 este viernes el&nbsp;<strong>despliegue en el mar Caribe del portaaviones USS Gerald Ford,<\/strong>&nbsp;el mayor de la flota estadounidense, en medio de la tensi\u00f3n con Venezuela por los ataques militares contra lanchas, presuntamente&nbsp;cargadas con drogas.<\/p>\n\n\n\n<p>El secretario de Guerra (Defensa) de Estados Unidos,&nbsp;<strong>Pete<\/strong>&nbsp;<strong>Hegseth<\/strong>, instruy\u00f3 el env\u00edo del portaaviones y de su grupo de ataque al \u00e1rea de responsabilidad del Comando Sur de Estados Unidos &#8220;en apoyo a la directiva del presidente de&nbsp;<strong>desmantelar las organizaciones criminales transnacionales<\/strong>&#8220;, explic\u00f3 en un comunicado el portavoz del Pent\u00e1gono, Sean Parnell.<\/p>\n\n\n\n<p>Seg\u00fan el vocero, este despliegue &#8220;reforzar\u00e1 la capacidad de Estados Unidos para&nbsp;<strong>detectar, monitorear y desmantelar actores y actividades il\u00edcitas<\/strong>&nbsp;que comprometen la seguridad y la prosperidad del territorio estadounidense&#8221;.<\/p>\n\n\n\n<figure class=\"wp-block-embed is-type-video is-provider-youtube wp-block-embed-youtube wp-embed-aspect-16-9 wp-has-aspect-ratio\"><div class=\"wp-block-embed__wrapper\">\n<iframe loading=\"lazy\" title=\"Trump despliega el portaaviones USS Gerald R. Ford contra el narcotr\u00e1fico en Am\u00e9rica Latina\" width=\"640\" height=\"360\" src=\"https:\/\/www.youtube.com\/embed\/BewZV-1TaMI?feature=oembed\" frameborder=\"0\" allow=\"accelerometer; autoplay; clipboard-write; encrypted-media; gyroscope; picture-in-picture; web-share\" referrerpolicy=\"strict-origin-when-cross-origin\" allowfullscreen><\/iframe>\n<\/div><\/figure>\n\n\n\n<p>&#8220;Estas fuerzas fortalecer\u00e1n y ampliar\u00e1n las capacidades existentes para desmantelar el narcotr\u00e1fico y reducir y desmantelar las organizaciones transnacionales&#8221;, agreg\u00f3.<\/p>\n\n\n\n<p>El&nbsp;<strong>Gerald<\/strong>&nbsp;<strong>Ford<\/strong>&nbsp;y su grupo de ataque se unen de este modo al contingente desplegado desde el verano por el Pent\u00e1gono en el Caribe con el argumento de combatir el narcotr\u00e1fico, que incluye tres buques de asalto y transporte anfibio, aviones de combate F-35B, aviones de patrulla P-8 y drones MQ-9, que operan desde una&nbsp;<strong>base en Puerto Rico.<\/strong><\/p>\n\n\n\n<p>Durante las \u00faltimas semanas, la administraci\u00f3n de&nbsp;<strong>Donald Trump<\/strong>&nbsp;ha destruido al menos 10&nbsp;embarcaciones en el Caribe y en el Pac\u00edfico, matando a varias personas, cerca de&nbsp;<strong>Venezuela<\/strong>&nbsp;y&nbsp;<strong>Colombia<\/strong>, lo que ha disparado la tensi\u00f3n con esos pa\u00edses, que denuncian&nbsp;<strong>ejecuciones extrajudiciales.<\/strong><\/p>\n\n\n\n<figure class=\"wp-block-image size-large\"><img loading=\"lazy\" decoding=\"async\" width=\"1024\" height=\"682\" src=\"https:\/\/quehacerpolitico.mx\/wp-content\/uploads\/2025\/10\/IMG_4651-1024x682.jpeg\" alt=\"\" class=\"wp-image-120025\" srcset=\"https:\/\/quehacerpolitico.mx\/wp-content\/uploads\/2025\/10\/IMG_4651-1024x682.jpeg 1024w, https:\/\/quehacerpolitico.mx\/wp-content\/uploads\/2025\/10\/IMG_4651-300x200.jpeg 300w, https:\/\/quehacerpolitico.mx\/wp-content\/uploads\/2025\/10\/IMG_4651-768x512.jpeg 768w, https:\/\/quehacerpolitico.mx\/wp-content\/uploads\/2025\/10\/IMG_4651.jpeg 1280w\" sizes=\"auto, (max-width: 1024px) 100vw, 1024px\" \/><\/figure>\n\n\n\n<p>Este mismo viernes, Hegseth anunci\u00f3 que el Ej\u00e9rcito estadounidense&nbsp;<strong>hundi\u00f3 otra lancha en el Caribe&nbsp;<\/strong>que, seg\u00fan afirm\u00f3, era operada por la banda transnacional&nbsp;<strong>Tren de Aragua<\/strong>, y detall\u00f3 que en el ataque habr\u00edan muerto seis personas, a las que calific\u00f3 de &#8220;narcoterroristas&#8221;.<\/p>\n\n\n\n<p>La tensi\u00f3n es especialmente elevada con&nbsp;<strong>Venezuela<\/strong>, puesto que Trump ha ordenado a la CIA llevar a cabo operaciones encubiertas dentro de ese pa\u00eds, mientras el Gobierno de&nbsp;<strong>Nicol\u00e1s Maduro<\/strong>&nbsp;denuncia que Estados Unidos pretende atacar en territorio venezolano.<\/p>\n\n\n\n<p>Con informaci\u00f3n de EFE<\/p>\n","protected":false},"excerpt":{"rendered":"<p>Por Edgar Casta\u00f1eda El secretario de Defensa de Estados Unidos, Pete Hegseth, instruy\u00f3 su env\u00edo&#8230;<\/p>\n","protected":false},"author":2,"featured_media":120026,"comment_status":"open","ping_status":"open","sticky":false,"template":"","format":"standard","meta":{"_monsterinsights_skip_tracking":false,"_monsterinsights_sitenote_active":false,"_monsterinsights_sitenote_note":"","_monsterinsights_sitenote_category":0,"footnotes":""},"categories":[1],"tags":[],"class_list":["post-120024","post","type-post","status-publish","format-standard","has-post-thumbnail","hentry","category-sin-categoria"],"yoast_head":"<!-- This site is optimized with the Yoast SEO plugin v27.3 - https:\/\/yoast.com\/product\/yoast-seo-wordpress\/ -->\n<title>El Quehacer Pol\u00edtico Internacional a trav\u00e9s del Tintero\/\/\/Edgar Casta\u00f1eda\/\/\/EU despliega en el Caribe el portaaviones m\u00e1s grande de su flota -<\/title>\n<meta name=\"robots\" content=\"index, follow, max-snippet:-1, max-image-preview:large, max-video-preview:-1\" \/>\n<link rel=\"canonical\" href=\"https:\/\/quehacerpolitico.mx\/?p=120024\" \/>\n<meta property=\"og:locale\" content=\"es_MX\" \/>\n<meta property=\"og:type\" content=\"article\" \/>\n<meta property=\"og:title\" content=\"El Quehacer Pol\u00edtico Internacional a trav\u00e9s del Tintero\/\/\/Edgar Casta\u00f1eda\/\/\/EU despliega en el Caribe el portaaviones m\u00e1s grande de su flota -\" \/>\n<meta property=\"og:description\" content=\"Por Edgar Casta\u00f1eda El secretario de Defensa de Estados Unidos, Pete Hegseth, instruy\u00f3 su env\u00edo...\" \/>\n<meta property=\"og:url\" content=\"https:\/\/quehacerpolitico.mx\/?p=120024\" \/>\n<meta property=\"article:published_time\" content=\"2025-10-25T00:02:20+00:00\" \/>\n<meta property=\"article:modified_time\" content=\"2025-10-25T00:02:24+00:00\" \/>\n<meta property=\"og:image\" content=\"https:\/\/quehacerpolitico.mx\/wp-content\/uploads\/2025\/10\/821cdf72-7c9e-4572-809c-7489a568476d-5.jpeg\" \/>\n\t<meta property=\"og:image:width\" content=\"963\" \/>\n\t<meta property=\"og:image:height\" content=\"493\" \/>\n\t<meta property=\"og:image:type\" content=\"image\/jpeg\" \/>\n<meta name=\"author\" content=\"Redacci\u00f3n QP\" \/>\n<meta name=\"twitter:card\" content=\"summary_large_image\" \/>\n<meta name=\"twitter:label1\" content=\"Escrito por\" \/>\n\t<meta name=\"twitter:data1\" content=\"Redacci\u00f3n QP\" \/>\n\t<meta name=\"twitter:label2\" content=\"Tiempo de lectura\" \/>\n\t<meta name=\"twitter:data2\" content=\"2 minutos\" \/>\n<script type=\"application\/ld+json\" class=\"yoast-schema-graph\">{\"@context\":\"https:\\\/\\\/schema.org\",\"@graph\":[{\"@type\":\"Article\",\"@id\":\"https:\\\/\\\/quehacerpolitico.mx\\\/?p=120024#article\",\"isPartOf\":{\"@id\":\"https:\\\/\\\/quehacerpolitico.mx\\\/?p=120024\"},\"author\":{\"name\":\"Redacci\u00f3n QP\",\"@id\":\"https:\\\/\\\/quehacerpolitico.mx\\\/#\\\/schema\\\/person\\\/496d8ad2d1d3f8036101dca7ee39e585\"},\"headline\":\"El Quehacer Pol\u00edtico Internacional a trav\u00e9s del Tintero\\\/\\\/\\\/Edgar Casta\u00f1eda\\\/\\\/\\\/EU despliega en el Caribe el portaaviones m\u00e1s grande de su flota\",\"datePublished\":\"2025-10-25T00:02:20+00:00\",\"dateModified\":\"2025-10-25T00:02:24+00:00\",\"mainEntityOfPage\":{\"@id\":\"https:\\\/\\\/quehacerpolitico.mx\\\/?p=120024\"},\"wordCount\":453,\"commentCount\":0,\"image\":{\"@id\":\"https:\\\/\\\/quehacerpolitico.mx\\\/?p=120024#primaryimage\"},\"thumbnailUrl\":\"https:\\\/\\\/quehacerpolitico.mx\\\/wp-content\\\/uploads\\\/2025\\\/10\\\/821cdf72-7c9e-4572-809c-7489a568476d-5.jpeg\",\"articleSection\":[\"Internacionales\"],\"inLanguage\":\"es\",\"potentialAction\":[{\"@type\":\"CommentAction\",\"name\":\"Comment\",\"target\":[\"https:\\\/\\\/quehacerpolitico.mx\\\/?p=120024#respond\"]}]},{\"@type\":\"WebPage\",\"@id\":\"https:\\\/\\\/quehacerpolitico.mx\\\/?p=120024\",\"url\":\"https:\\\/\\\/quehacerpolitico.mx\\\/?p=120024\",\"name\":\"El Quehacer Pol\u00edtico Internacional a trav\u00e9s del Tintero\\\/\\\/\\\/Edgar Casta\u00f1eda\\\/\\\/\\\/EU despliega en el Caribe el portaaviones m\u00e1s grande de su flota -\",\"isPartOf\":{\"@id\":\"https:\\\/\\\/quehacerpolitico.mx\\\/#website\"},\"primaryImageOfPage\":{\"@id\":\"https:\\\/\\\/quehacerpolitico.mx\\\/?p=120024#primaryimage\"},\"image\":{\"@id\":\"https:\\\/\\\/quehacerpolitico.mx\\\/?p=120024#primaryimage\"},\"thumbnailUrl\":\"https:\\\/\\\/quehacerpolitico.mx\\\/wp-content\\\/uploads\\\/2025\\\/10\\\/821cdf72-7c9e-4572-809c-7489a568476d-5.jpeg\",\"datePublished\":\"2025-10-25T00:02:20+00:00\",\"dateModified\":\"2025-10-25T00:02:24+00:00\",\"author\":{\"@id\":\"https:\\\/\\\/quehacerpolitico.mx\\\/#\\\/schema\\\/person\\\/496d8ad2d1d3f8036101dca7ee39e585\"},\"breadcrumb\":{\"@id\":\"https:\\\/\\\/quehacerpolitico.mx\\\/?p=120024#breadcrumb\"},\"inLanguage\":\"es\",\"potentialAction\":[{\"@type\":\"ReadAction\",\"target\":[\"https:\\\/\\\/quehacerpolitico.mx\\\/?p=120024\"]}]},{\"@type\":\"ImageObject\",\"inLanguage\":\"es\",\"@id\":\"https:\\\/\\\/quehacerpolitico.mx\\\/?p=120024#primaryimage\",\"url\":\"https:\\\/\\\/quehacerpolitico.mx\\\/wp-content\\\/uploads\\\/2025\\\/10\\\/821cdf72-7c9e-4572-809c-7489a568476d-5.jpeg\",\"contentUrl\":\"https:\\\/\\\/quehacerpolitico.mx\\\/wp-content\\\/uploads\\\/2025\\\/10\\\/821cdf72-7c9e-4572-809c-7489a568476d-5.jpeg\",\"width\":963,\"height\":493},{\"@type\":\"BreadcrumbList\",\"@id\":\"https:\\\/\\\/quehacerpolitico.mx\\\/?p=120024#breadcrumb\",\"itemListElement\":[{\"@type\":\"ListItem\",\"position\":1,\"name\":\"Inicio\",\"item\":\"https:\\\/\\\/quehacerpolitico.mx\\\/\"},{\"@type\":\"ListItem\",\"position\":2,\"name\":\"El Quehacer Pol\u00edtico Internacional a trav\u00e9s del Tintero\\\/\\\/\\\/Edgar Casta\u00f1eda\\\/\\\/\\\/EU despliega en el Caribe el portaaviones m\u00e1s grande de su flota\"}]},{\"@type\":\"WebSite\",\"@id\":\"https:\\\/\\\/quehacerpolitico.mx\\\/#website\",\"url\":\"https:\\\/\\\/quehacerpolitico.mx\\\/\",\"name\":\"\",\"description\":\"\",\"potentialAction\":[{\"@type\":\"SearchAction\",\"target\":{\"@type\":\"EntryPoint\",\"urlTemplate\":\"https:\\\/\\\/quehacerpolitico.mx\\\/?s={search_term_string}\"},\"query-input\":{\"@type\":\"PropertyValueSpecification\",\"valueRequired\":true,\"valueName\":\"search_term_string\"}}],\"inLanguage\":\"es\"},{\"@type\":\"Person\",\"@id\":\"https:\\\/\\\/quehacerpolitico.mx\\\/#\\\/schema\\\/person\\\/496d8ad2d1d3f8036101dca7ee39e585\",\"name\":\"Redacci\u00f3n QP\",\"image\":{\"@type\":\"ImageObject\",\"inLanguage\":\"es\",\"@id\":\"https:\\\/\\\/secure.gravatar.com\\\/avatar\\\/c7164ed6fdec453195284ad24a5ae5b6e1eed2b848477fa2a4787ba9adf39a41?s=96&d=mm&r=g\",\"url\":\"https:\\\/\\\/secure.gravatar.com\\\/avatar\\\/c7164ed6fdec453195284ad24a5ae5b6e1eed2b848477fa2a4787ba9adf39a41?s=96&d=mm&r=g\",\"contentUrl\":\"https:\\\/\\\/secure.gravatar.com\\\/avatar\\\/c7164ed6fdec453195284ad24a5ae5b6e1eed2b848477fa2a4787ba9adf39a41?s=96&d=mm&r=g\",\"caption\":\"Redacci\u00f3n QP\"},\"url\":\"https:\\\/\\\/quehacerpolitico.mx\\\/?author=2\"}]}<\/script>\n<!-- \/ Yoast SEO plugin. -->","yoast_head_json":{"title":"El Quehacer Pol\u00edtico Internacional a trav\u00e9s del Tintero\/\/\/Edgar Casta\u00f1eda\/\/\/EU despliega en el Caribe el portaaviones m\u00e1s grande de su flota -","robots":{"index":"index","follow":"follow","max-snippet":"max-snippet:-1","max-image-preview":"max-image-preview:large","max-video-preview":"max-video-preview:-1"},"canonical":"https:\/\/quehacerpolitico.mx\/?p=120024","og_locale":"es_MX","og_type":"article","og_title":"El Quehacer Pol\u00edtico Internacional a trav\u00e9s del Tintero\/\/\/Edgar Casta\u00f1eda\/\/\/EU despliega en el Caribe el portaaviones m\u00e1s grande de su flota -","og_description":"Por Edgar Casta\u00f1eda El secretario de Defensa de Estados Unidos, Pete Hegseth, instruy\u00f3 su env\u00edo...","og_url":"https:\/\/quehacerpolitico.mx\/?p=120024","article_published_time":"2025-10-25T00:02:20+00:00","article_modified_time":"2025-10-25T00:02:24+00:00","og_image":[{"width":963,"height":493,"url":"https:\/\/quehacerpolitico.mx\/wp-content\/uploads\/2025\/10\/821cdf72-7c9e-4572-809c-7489a568476d-5.jpeg","type":"image\/jpeg"}],"author":"Redacci\u00f3n QP","twitter_card":"summary_large_image","twitter_misc":{"Escrito por":"Redacci\u00f3n QP","Tiempo de lectura":"2 minutos"},"schema":{"@context":"https:\/\/schema.org","@graph":[{"@type":"Article","@id":"https:\/\/quehacerpolitico.mx\/?p=120024#article","isPartOf":{"@id":"https:\/\/quehacerpolitico.mx\/?p=120024"},"author":{"name":"Redacci\u00f3n QP","@id":"https:\/\/quehacerpolitico.mx\/#\/schema\/person\/496d8ad2d1d3f8036101dca7ee39e585"},"headline":"El Quehacer Pol\u00edtico Internacional a trav\u00e9s del Tintero\/\/\/Edgar Casta\u00f1eda\/\/\/EU despliega en el Caribe el portaaviones m\u00e1s grande de su flota","datePublished":"2025-10-25T00:02:20+00:00","dateModified":"2025-10-25T00:02:24+00:00","mainEntityOfPage":{"@id":"https:\/\/quehacerpolitico.mx\/?p=120024"},"wordCount":453,"commentCount":0,"image":{"@id":"https:\/\/quehacerpolitico.mx\/?p=120024#primaryimage"},"thumbnailUrl":"https:\/\/quehacerpolitico.mx\/wp-content\/uploads\/2025\/10\/821cdf72-7c9e-4572-809c-7489a568476d-5.jpeg","articleSection":["Internacionales"],"inLanguage":"es","potentialAction":[{"@type":"CommentAction","name":"Comment","target":["https:\/\/quehacerpolitico.mx\/?p=120024#respond"]}]},{"@type":"WebPage","@id":"https:\/\/quehacerpolitico.mx\/?p=120024","url":"https:\/\/quehacerpolitico.mx\/?p=120024","name":"El Quehacer Pol\u00edtico Internacional a trav\u00e9s del Tintero\/\/\/Edgar Casta\u00f1eda\/\/\/EU despliega en el Caribe el portaaviones m\u00e1s grande de su flota -","isPartOf":{"@id":"https:\/\/quehacerpolitico.mx\/#website"},"primaryImageOfPage":{"@id":"https:\/\/quehacerpolitico.mx\/?p=120024#primaryimage"},"image":{"@id":"https:\/\/quehacerpolitico.mx\/?p=120024#primaryimage"},"thumbnailUrl":"https:\/\/quehacerpolitico.mx\/wp-content\/uploads\/2025\/10\/821cdf72-7c9e-4572-809c-7489a568476d-5.jpeg","datePublished":"2025-10-25T00:02:20+00:00","dateModified":"2025-10-25T00:02:24+00:00","author":{"@id":"https:\/\/quehacerpolitico.mx\/#\/schema\/person\/496d8ad2d1d3f8036101dca7ee39e585"},"breadcrumb":{"@id":"https:\/\/quehacerpolitico.mx\/?p=120024#breadcrumb"},"inLanguage":"es","potentialAction":[{"@type":"ReadAction","target":["https:\/\/quehacerpolitico.mx\/?p=120024"]}]},{"@type":"ImageObject","inLanguage":"es","@id":"https:\/\/quehacerpolitico.mx\/?p=120024#primaryimage","url":"https:\/\/quehacerpolitico.mx\/wp-content\/uploads\/2025\/10\/821cdf72-7c9e-4572-809c-7489a568476d-5.jpeg","contentUrl":"https:\/\/quehacerpolitico.mx\/wp-content\/uploads\/2025\/10\/821cdf72-7c9e-4572-809c-7489a568476d-5.jpeg","width":963,"height":493},{"@type":"BreadcrumbList","@id":"https:\/\/quehacerpolitico.mx\/?p=120024#breadcrumb","itemListElement":[{"@type":"ListItem","position":1,"name":"Inicio","item":"https:\/\/quehacerpolitico.mx\/"},{"@type":"ListItem","position":2,"name":"El Quehacer Pol\u00edtico Internacional a trav\u00e9s del Tintero\/\/\/Edgar Casta\u00f1eda\/\/\/EU despliega en el Caribe el portaaviones m\u00e1s grande de su flota"}]},{"@type":"WebSite","@id":"https:\/\/quehacerpolitico.mx\/#website","url":"https:\/\/quehacerpolitico.mx\/","name":"","description":"","potentialAction":[{"@type":"SearchAction","target":{"@type":"EntryPoint","urlTemplate":"https:\/\/quehacerpolitico.mx\/?s={search_term_string}"},"query-input":{"@type":"PropertyValueSpecification","valueRequired":true,"valueName":"search_term_string"}}],"inLanguage":"es"},{"@type":"Person","@id":"https:\/\/quehacerpolitico.mx\/#\/schema\/person\/496d8ad2d1d3f8036101dca7ee39e585","name":"Redacci\u00f3n QP","image":{"@type":"ImageObject","inLanguage":"es","@id":"https:\/\/secure.gravatar.com\/avatar\/c7164ed6fdec453195284ad24a5ae5b6e1eed2b848477fa2a4787ba9adf39a41?s=96&d=mm&r=g","url":"https:\/\/secure.gravatar.com\/avatar\/c7164ed6fdec453195284ad24a5ae5b6e1eed2b848477fa2a4787ba9adf39a41?s=96&d=mm&r=g","contentUrl":"https:\/\/secure.gravatar.com\/avatar\/c7164ed6fdec453195284ad24a5ae5b6e1eed2b848477fa2a4787ba9adf39a41?s=96&d=mm&r=g","caption":"Redacci\u00f3n QP"},"url":"https:\/\/quehacerpolitico.mx\/?author=2"}]}},"featured_image_urls":{"full":["https:\/\/quehacerpolitico.mx\/wp-content\/uploads\/2025\/10\/821cdf72-7c9e-4572-809c-7489a568476d-5.jpeg",963,493,false],"thumbnail":["https:\/\/quehacerpolitico.mx\/wp-content\/uploads\/2025\/10\/821cdf72-7c9e-4572-809c-7489a568476d-5-150x150.jpeg",150,150,true],"medium":["https:\/\/quehacerpolitico.mx\/wp-content\/uploads\/2025\/10\/821cdf72-7c9e-4572-809c-7489a568476d-5-300x154.jpeg",300,154,true],"medium_large":["https:\/\/quehacerpolitico.mx\/wp-content\/uploads\/2025\/10\/821cdf72-7c9e-4572-809c-7489a568476d-5-768x393.jpeg",640,328,true],"large":["https:\/\/quehacerpolitico.mx\/wp-content\/uploads\/2025\/10\/821cdf72-7c9e-4572-809c-7489a568476d-5.jpeg",640,328,false],"1536x1536":["https:\/\/quehacerpolitico.mx\/wp-content\/uploads\/2025\/10\/821cdf72-7c9e-4572-809c-7489a568476d-5.jpeg",963,493,false],"2048x2048":["https:\/\/quehacerpolitico.mx\/wp-content\/uploads\/2025\/10\/821cdf72-7c9e-4572-809c-7489a568476d-5.jpeg",963,493,false],"covernews-featured":["https:\/\/quehacerpolitico.mx\/wp-content\/uploads\/2025\/10\/821cdf72-7c9e-4572-809c-7489a568476d-5.jpeg",963,493,false],"covernews-medium":["https:\/\/quehacerpolitico.mx\/wp-content\/uploads\/2025\/10\/821cdf72-7c9e-4572-809c-7489a568476d-5-540x340.jpeg",540,340,true]},"author_info":{"display_name":"Redacci\u00f3n QP","author_link":"https:\/\/quehacerpolitico.mx\/?author=2"},"category_info":"<a href=\"https:\/\/quehacerpolitico.mx\/?cat=1\" rel=\"category\">Internacionales<\/a>","tag_info":"Internacionales","comment_count":"0","_links":{"self":[{"href":"https:\/\/quehacerpolitico.mx\/index.php?rest_route=\/wp\/v2\/posts\/120024","targetHints":{"allow":["GET"]}}],"collection":[{"href":"https:\/\/quehacerpolitico.mx\/index.php?rest_route=\/wp\/v2\/posts"}],"about":[{"href":"https:\/\/quehacerpolitico.mx\/index.php?rest_route=\/wp\/v2\/types\/post"}],"author":[{"embeddable":true,"href":"https:\/\/quehacerpolitico.mx\/index.php?rest_route=\/wp\/v2\/users\/2"}],"replies":[{"embeddable":true,"href":"https:\/\/quehacerpolitico.mx\/index.php?rest_route=%2Fwp%2Fv2%2Fcomments&post=120024"}],"version-history":[{"count":1,"href":"https:\/\/quehacerpolitico.mx\/index.php?rest_route=\/wp\/v2\/posts\/120024\/revisions"}],"predecessor-version":[{"id":120027,"href":"https:\/\/quehacerpolitico.mx\/index.php?rest_route=\/wp\/v2\/posts\/120024\/revisions\/120027"}],"wp:featuredmedia":[{"embeddable":true,"href":"https:\/\/quehacerpolitico.mx\/index.php?rest_route=\/wp\/v2\/media\/120026"}],"wp:attachment":[{"href":"https:\/\/quehacerpolitico.mx\/index.php?rest_route=%2Fwp%2Fv2%2Fmedia&parent=120024"}],"wp:term":[{"taxonomy":"category","embeddable":true,"href":"https:\/\/quehacerpolitico.mx\/index.php?rest_route=%2Fwp%2Fv2%2Fcategories&post=120024"},{"taxonomy":"post_tag","embeddable":true,"href":"https:\/\/quehacerpolitico.mx\/index.php?rest_route=%2Fwp%2Fv2%2Ftags&post=120024"}],"curies":[{"name":"wp","href":"https:\/\/api.w.org\/{rel}","templated":true}]}}