{"id":120022,"date":"2025-10-24T17:27:41","date_gmt":"2025-10-24T23:27:41","guid":{"rendered":"https:\/\/quehacerpolitico.mx\/?p=120022"},"modified":"2025-10-24T17:27:44","modified_gmt":"2025-10-24T23:27:44","slug":"el-quehacer-politico-en-la-cultura-a-traves-del-enfoque-litza-deniss-duran-espinosa-el-picasso-extraviado-en-espana-no-fue-robado-una-vecina-penso-que-era-un-paquete","status":"publish","type":"post","link":"https:\/\/quehacerpolitico.mx\/?p=120022","title":{"rendered":"El Quehacer Pol\u00edtico en la Cultura a trav\u00e9s del Enfoque\/\/\/Litza Deniss Dur\u00e1n Espinosa\/\/\/El &#8220;Picasso&#8221; extraviado en Espa\u00f1a no fue robado, una vecina pens\u00f3 que era un paquete"},"content":{"rendered":"\n<p>Por Litza Deniss Dur\u00e1n Espinosa<\/p>\n\n\n\n<p>&#8220;Naturaleza muerta con guitarra&#8221; ni siquiera sali\u00f3 del edificio en Madrid desde donde iba a ser llevado a la\u00a0exposici\u00f3n en Granada que tuvo que inaugurarse sin \u00e9l<\/p>\n\n\n\n<p>Asegurado por 600 mil&nbsp;euros (unos 13 millones de pesos mexicanos),&nbsp;<strong>desaparecido el 3 de octubre<\/strong>&nbsp;y buscado por la Interpol desde una semana despu\u00e9s, el cuadro &#8220;Naturaleza muerta con guitarra&#8221;&nbsp;de Pablo Picasso,&nbsp;<strong>ni siquiera sali\u00f3 del edificio<\/strong>&nbsp;desde donde iba a ser cargado para una&nbsp;exposici\u00f3n que tuvo que inaugurarse sin \u00e9l.<\/p>\n\n\n\n<p>Fuentes pr\u00f3ximas a la investigaci\u00f3n relataron a&nbsp;<em>EFE<\/em>&nbsp;que la obra, ya embalada,&nbsp;<strong>se les olvid\u00f3 a los transportistas<\/strong>&nbsp;en el zagu\u00e1n del inmueble y una vecina lo subi\u00f3 a su casa pensado que era el paquete de un pedido y que alguien se lo solicitar\u00eda despu\u00e9s.<\/p>\n\n\n\n<figure class=\"wp-block-embed is-type-video is-provider-youtube wp-block-embed-youtube wp-embed-aspect-16-9 wp-has-aspect-ratio\"><div class=\"wp-block-embed__wrapper\">\n<iframe loading=\"lazy\" title=\"Hallado el Picasso que desapareci\u00f3 durante un traslado de Madrid a Granada\" width=\"640\" height=\"360\" src=\"https:\/\/www.youtube.com\/embed\/FXl8jPNcQiI?feature=oembed\" frameborder=\"0\" allow=\"accelerometer; autoplay; clipboard-write; encrypted-media; gyroscope; picture-in-picture; web-share\" referrerpolicy=\"strict-origin-when-cross-origin\" allowfullscreen><\/iframe>\n<\/div><\/figure>\n\n\n\n<p>La falta del peque\u00f1o&nbsp;<em>gouache<\/em>&nbsp;fue notada cuando los operarios del centro cultural CajaGranada CajaGranada desembalaron y&nbsp;<strong>empezaron a montar los otros 56 cuadros<\/strong>&nbsp;para montar la muestra&nbsp;<em>Bodeg\u00f3n. La eternidad de lo inerte<\/em>, la cual se inaugur\u00f3 el d\u00eda 6 de octubre<\/p>\n\n\n\n<h2 class=\"wp-block-heading\">El Picasso&nbsp;arrinconado<\/h2>\n\n\n\n<p>La empresa de transportes ten\u00eda que recoger&nbsp;las&nbsp;obras de arte, entre las que estaba &#8220;Naturaleza muerta con guitarra&#8221;,&nbsp;<strong>en un edificio&nbsp;particular de Madrid<\/strong>&nbsp;y trasladarlas todas a un almac\u00e9n&nbsp;desde donde partir\u00edan al d\u00eda siguiente&nbsp;<strong>hacia Granada<\/strong>.<\/p>\n\n\n\n<p>Todo sucedi\u00f3 como estaba planeado, pero el cuadro&nbsp;de Picasso qued\u00f3 olvidado en el zagu\u00e1n&nbsp;del inmueble. No pas\u00f3 mucho tiempo&nbsp;para que una vecina del mismo edificio&nbsp;viera&nbsp;el paquete y,&nbsp;pensando que ser\u00eda alg\u00fan pedido,&nbsp;<strong>se lo subi\u00f3 a casa<\/strong>&nbsp;pensando que alguien se lo pedir\u00eda m\u00e1s adelante.<\/p>\n\n\n\n<p>La mujer&nbsp;<strong>no&nbsp;abri\u00f3 el paquete<\/strong>&nbsp;y lo dej\u00f3 arrinconado en su vivienda. Pasaron los d\u00edas y el Picasso&nbsp;segu\u00eda en el olvido.<\/p>\n\n\n\n<figure class=\"wp-block-embed is-type-video is-provider-youtube wp-block-embed-youtube wp-embed-aspect-16-9 wp-has-aspect-ratio\"><div class=\"wp-block-embed__wrapper\">\n<iframe loading=\"lazy\" title=\"Localizado en Madrid el cuadro de Picasso extraviado antes de una exposici\u00f3n en Granada\" width=\"640\" height=\"360\" src=\"https:\/\/www.youtube.com\/embed\/EWPS4xTwxvE?feature=oembed\" frameborder=\"0\" allow=\"accelerometer; autoplay; clipboard-write; encrypted-media; gyroscope; picture-in-picture; web-share\" referrerpolicy=\"strict-origin-when-cross-origin\" allowfullscreen><\/iframe>\n<\/div><\/figure>\n\n\n\n<p>Eventualmente, el marido de esta vecina coment\u00f3 con ella la noticia que&nbsp;daban todos los medios de comunicaci\u00f3n: un cuadro de Picasso no hab\u00eda llegado a su destino. Ella cay\u00f3 entonces en la cuenta:&nbsp;\u00bfser\u00eda ese paquete el cuadro desparecido? y&nbsp;<strong>el matrimonio llam\u00f3 a la polic\u00eda<\/strong>.<\/p>\n\n\n\n<p>Para entonces, la polic\u00eda ya hab\u00eda iniciado una investigaci\u00f3n tras la denuncia de CajaGranada de la desaparici\u00f3n \u2014se interpuso el d\u00eda 10\u2014,&nbsp;<strong>hab\u00eda notificado a la Interpol<\/strong>&nbsp;y ya hab\u00eda tomado declaraci\u00f3n a todo aquel que hubiera tenido contacto con el cuadro, como transportistas o empleados del almac\u00e9n.&nbsp;<\/p>\n\n\n\n<p>Este viernes, la Polic\u00eda Cient\u00edfica espa\u00f1ola abri\u00f3 el paquete y comprob\u00f3 que el cuadro era&nbsp;<strong>el aut\u00e9ntico &#8220;Naturaleza muerta con guitarra&#8221;<\/strong>, el Picasso protagonista de un robo que nunca existi\u00f3.<\/p>\n\n\n\n<p>Con informaci\u00f3n de EFE<\/p>\n","protected":false},"excerpt":{"rendered":"<p>Por Litza Deniss Dur\u00e1n Espinosa &#8220;Naturaleza muerta con guitarra&#8221; ni siquiera sali\u00f3 del edificio en&#8230;<\/p>\n","protected":false},"author":2,"featured_media":120014,"comment_status":"open","ping_status":"open","sticky":false,"template":"","format":"standard","meta":{"_monsterinsights_skip_tracking":false,"_monsterinsights_sitenote_active":false,"_monsterinsights_sitenote_note":"","_monsterinsights_sitenote_category":0,"footnotes":""},"categories":[58],"tags":[],"class_list":["post-120022","post","type-post","status-publish","format-standard","has-post-thumbnail","hentry","category-cultura"],"yoast_head":"<!-- This site is optimized with the Yoast SEO plugin v27.3 - https:\/\/yoast.com\/product\/yoast-seo-wordpress\/ -->\n<title>El Quehacer Pol\u00edtico en la Cultura a trav\u00e9s del Enfoque\/\/\/Litza Deniss Dur\u00e1n Espinosa\/\/\/El &quot;Picasso&quot; extraviado en Espa\u00f1a no fue robado, una vecina pens\u00f3 que era un paquete -<\/title>\n<meta name=\"robots\" content=\"index, follow, max-snippet:-1, max-image-preview:large, max-video-preview:-1\" \/>\n<link rel=\"canonical\" href=\"https:\/\/quehacerpolitico.mx\/?p=120022\" \/>\n<meta property=\"og:locale\" content=\"es_MX\" \/>\n<meta property=\"og:type\" content=\"article\" \/>\n<meta property=\"og:title\" content=\"El Quehacer Pol\u00edtico en la Cultura a trav\u00e9s del Enfoque\/\/\/Litza Deniss Dur\u00e1n Espinosa\/\/\/El &quot;Picasso&quot; extraviado en Espa\u00f1a no fue robado, una vecina pens\u00f3 que era un paquete -\" \/>\n<meta property=\"og:description\" content=\"Por Litza Deniss Dur\u00e1n Espinosa &#8220;Naturaleza muerta con guitarra&#8221; ni siquiera sali\u00f3 del edificio en...\" \/>\n<meta property=\"og:url\" content=\"https:\/\/quehacerpolitico.mx\/?p=120022\" \/>\n<meta property=\"article:published_time\" content=\"2025-10-24T23:27:41+00:00\" \/>\n<meta property=\"article:modified_time\" content=\"2025-10-24T23:27:44+00:00\" \/>\n<meta property=\"og:image\" content=\"https:\/\/quehacerpolitico.mx\/wp-content\/uploads\/2025\/10\/1f82780f-42aa-4c37-8ba4-0ba4279e0a43-8.jpeg\" \/>\n\t<meta property=\"og:image:width\" content=\"963\" \/>\n\t<meta property=\"og:image:height\" content=\"493\" \/>\n\t<meta property=\"og:image:type\" content=\"image\/jpeg\" \/>\n<meta name=\"author\" content=\"Redacci\u00f3n QP\" \/>\n<meta name=\"twitter:card\" content=\"summary_large_image\" \/>\n<meta name=\"twitter:label1\" content=\"Escrito por\" \/>\n\t<meta name=\"twitter:data1\" content=\"Redacci\u00f3n QP\" \/>\n\t<meta name=\"twitter:label2\" content=\"Tiempo de lectura\" \/>\n\t<meta name=\"twitter:data2\" content=\"3 minutos\" \/>\n<script type=\"application\/ld+json\" class=\"yoast-schema-graph\">{\"@context\":\"https:\\\/\\\/schema.org\",\"@graph\":[{\"@type\":\"Article\",\"@id\":\"https:\\\/\\\/quehacerpolitico.mx\\\/?p=120022#article\",\"isPartOf\":{\"@id\":\"https:\\\/\\\/quehacerpolitico.mx\\\/?p=120022\"},\"author\":{\"name\":\"Redacci\u00f3n QP\",\"@id\":\"https:\\\/\\\/quehacerpolitico.mx\\\/#\\\/schema\\\/person\\\/496d8ad2d1d3f8036101dca7ee39e585\"},\"headline\":\"El Quehacer Pol\u00edtico en la Cultura a trav\u00e9s del Enfoque\\\/\\\/\\\/Litza Deniss Dur\u00e1n Espinosa\\\/\\\/\\\/El &#8220;Picasso&#8221; extraviado en Espa\u00f1a no fue robado, una vecina pens\u00f3 que era un paquete\",\"datePublished\":\"2025-10-24T23:27:41+00:00\",\"dateModified\":\"2025-10-24T23:27:44+00:00\",\"mainEntityOfPage\":{\"@id\":\"https:\\\/\\\/quehacerpolitico.mx\\\/?p=120022\"},\"wordCount\":551,\"commentCount\":0,\"image\":{\"@id\":\"https:\\\/\\\/quehacerpolitico.mx\\\/?p=120022#primaryimage\"},\"thumbnailUrl\":\"https:\\\/\\\/quehacerpolitico.mx\\\/wp-content\\\/uploads\\\/2025\\\/10\\\/1f82780f-42aa-4c37-8ba4-0ba4279e0a43-8.jpeg\",\"articleSection\":[\"Cultura y Entretenimiento\"],\"inLanguage\":\"es\",\"potentialAction\":[{\"@type\":\"CommentAction\",\"name\":\"Comment\",\"target\":[\"https:\\\/\\\/quehacerpolitico.mx\\\/?p=120022#respond\"]}]},{\"@type\":\"WebPage\",\"@id\":\"https:\\\/\\\/quehacerpolitico.mx\\\/?p=120022\",\"url\":\"https:\\\/\\\/quehacerpolitico.mx\\\/?p=120022\",\"name\":\"El Quehacer Pol\u00edtico en la Cultura a trav\u00e9s del Enfoque\\\/\\\/\\\/Litza Deniss Dur\u00e1n Espinosa\\\/\\\/\\\/El \\\"Picasso\\\" extraviado en Espa\u00f1a no fue robado, una vecina pens\u00f3 que era un paquete -\",\"isPartOf\":{\"@id\":\"https:\\\/\\\/quehacerpolitico.mx\\\/#website\"},\"primaryImageOfPage\":{\"@id\":\"https:\\\/\\\/quehacerpolitico.mx\\\/?p=120022#primaryimage\"},\"image\":{\"@id\":\"https:\\\/\\\/quehacerpolitico.mx\\\/?p=120022#primaryimage\"},\"thumbnailUrl\":\"https:\\\/\\\/quehacerpolitico.mx\\\/wp-content\\\/uploads\\\/2025\\\/10\\\/1f82780f-42aa-4c37-8ba4-0ba4279e0a43-8.jpeg\",\"datePublished\":\"2025-10-24T23:27:41+00:00\",\"dateModified\":\"2025-10-24T23:27:44+00:00\",\"author\":{\"@id\":\"https:\\\/\\\/quehacerpolitico.mx\\\/#\\\/schema\\\/person\\\/496d8ad2d1d3f8036101dca7ee39e585\"},\"breadcrumb\":{\"@id\":\"https:\\\/\\\/quehacerpolitico.mx\\\/?p=120022#breadcrumb\"},\"inLanguage\":\"es\",\"potentialAction\":[{\"@type\":\"ReadAction\",\"target\":[\"https:\\\/\\\/quehacerpolitico.mx\\\/?p=120022\"]}]},{\"@type\":\"ImageObject\",\"inLanguage\":\"es\",\"@id\":\"https:\\\/\\\/quehacerpolitico.mx\\\/?p=120022#primaryimage\",\"url\":\"https:\\\/\\\/quehacerpolitico.mx\\\/wp-content\\\/uploads\\\/2025\\\/10\\\/1f82780f-42aa-4c37-8ba4-0ba4279e0a43-8.jpeg\",\"contentUrl\":\"https:\\\/\\\/quehacerpolitico.mx\\\/wp-content\\\/uploads\\\/2025\\\/10\\\/1f82780f-42aa-4c37-8ba4-0ba4279e0a43-8.jpeg\",\"width\":963,\"height\":493},{\"@type\":\"BreadcrumbList\",\"@id\":\"https:\\\/\\\/quehacerpolitico.mx\\\/?p=120022#breadcrumb\",\"itemListElement\":[{\"@type\":\"ListItem\",\"position\":1,\"name\":\"Inicio\",\"item\":\"https:\\\/\\\/quehacerpolitico.mx\\\/\"},{\"@type\":\"ListItem\",\"position\":2,\"name\":\"El Quehacer Pol\u00edtico en la Cultura a trav\u00e9s del Enfoque\\\/\\\/\\\/Litza Deniss Dur\u00e1n Espinosa\\\/\\\/\\\/El &#8220;Picasso&#8221; extraviado en Espa\u00f1a no fue robado, una vecina pens\u00f3 que era un paquete\"}]},{\"@type\":\"WebSite\",\"@id\":\"https:\\\/\\\/quehacerpolitico.mx\\\/#website\",\"url\":\"https:\\\/\\\/quehacerpolitico.mx\\\/\",\"name\":\"\",\"description\":\"\",\"potentialAction\":[{\"@type\":\"SearchAction\",\"target\":{\"@type\":\"EntryPoint\",\"urlTemplate\":\"https:\\\/\\\/quehacerpolitico.mx\\\/?s={search_term_string}\"},\"query-input\":{\"@type\":\"PropertyValueSpecification\",\"valueRequired\":true,\"valueName\":\"search_term_string\"}}],\"inLanguage\":\"es\"},{\"@type\":\"Person\",\"@id\":\"https:\\\/\\\/quehacerpolitico.mx\\\/#\\\/schema\\\/person\\\/496d8ad2d1d3f8036101dca7ee39e585\",\"name\":\"Redacci\u00f3n QP\",\"image\":{\"@type\":\"ImageObject\",\"inLanguage\":\"es\",\"@id\":\"https:\\\/\\\/secure.gravatar.com\\\/avatar\\\/c7164ed6fdec453195284ad24a5ae5b6e1eed2b848477fa2a4787ba9adf39a41?s=96&d=mm&r=g\",\"url\":\"https:\\\/\\\/secure.gravatar.com\\\/avatar\\\/c7164ed6fdec453195284ad24a5ae5b6e1eed2b848477fa2a4787ba9adf39a41?s=96&d=mm&r=g\",\"contentUrl\":\"https:\\\/\\\/secure.gravatar.com\\\/avatar\\\/c7164ed6fdec453195284ad24a5ae5b6e1eed2b848477fa2a4787ba9adf39a41?s=96&d=mm&r=g\",\"caption\":\"Redacci\u00f3n QP\"},\"url\":\"https:\\\/\\\/quehacerpolitico.mx\\\/?author=2\"}]}<\/script>\n<!-- \/ Yoast SEO plugin. -->","yoast_head_json":{"title":"El Quehacer Pol\u00edtico en la Cultura a trav\u00e9s del Enfoque\/\/\/Litza Deniss Dur\u00e1n Espinosa\/\/\/El \"Picasso\" extraviado en Espa\u00f1a no fue robado, una vecina pens\u00f3 que era un paquete -","robots":{"index":"index","follow":"follow","max-snippet":"max-snippet:-1","max-image-preview":"max-image-preview:large","max-video-preview":"max-video-preview:-1"},"canonical":"https:\/\/quehacerpolitico.mx\/?p=120022","og_locale":"es_MX","og_type":"article","og_title":"El Quehacer Pol\u00edtico en la Cultura a trav\u00e9s del Enfoque\/\/\/Litza Deniss Dur\u00e1n Espinosa\/\/\/El \"Picasso\" extraviado en Espa\u00f1a no fue robado, una vecina pens\u00f3 que era un paquete -","og_description":"Por Litza Deniss Dur\u00e1n Espinosa &#8220;Naturaleza muerta con guitarra&#8221; ni siquiera sali\u00f3 del edificio en...","og_url":"https:\/\/quehacerpolitico.mx\/?p=120022","article_published_time":"2025-10-24T23:27:41+00:00","article_modified_time":"2025-10-24T23:27:44+00:00","og_image":[{"width":963,"height":493,"url":"https:\/\/quehacerpolitico.mx\/wp-content\/uploads\/2025\/10\/1f82780f-42aa-4c37-8ba4-0ba4279e0a43-8.jpeg","type":"image\/jpeg"}],"author":"Redacci\u00f3n QP","twitter_card":"summary_large_image","twitter_misc":{"Escrito por":"Redacci\u00f3n QP","Tiempo de lectura":"3 minutos"},"schema":{"@context":"https:\/\/schema.org","@graph":[{"@type":"Article","@id":"https:\/\/quehacerpolitico.mx\/?p=120022#article","isPartOf":{"@id":"https:\/\/quehacerpolitico.mx\/?p=120022"},"author":{"name":"Redacci\u00f3n QP","@id":"https:\/\/quehacerpolitico.mx\/#\/schema\/person\/496d8ad2d1d3f8036101dca7ee39e585"},"headline":"El Quehacer Pol\u00edtico en la Cultura a trav\u00e9s del Enfoque\/\/\/Litza Deniss Dur\u00e1n Espinosa\/\/\/El &#8220;Picasso&#8221; extraviado en Espa\u00f1a no fue robado, una vecina pens\u00f3 que era un paquete","datePublished":"2025-10-24T23:27:41+00:00","dateModified":"2025-10-24T23:27:44+00:00","mainEntityOfPage":{"@id":"https:\/\/quehacerpolitico.mx\/?p=120022"},"wordCount":551,"commentCount":0,"image":{"@id":"https:\/\/quehacerpolitico.mx\/?p=120022#primaryimage"},"thumbnailUrl":"https:\/\/quehacerpolitico.mx\/wp-content\/uploads\/2025\/10\/1f82780f-42aa-4c37-8ba4-0ba4279e0a43-8.jpeg","articleSection":["Cultura y Entretenimiento"],"inLanguage":"es","potentialAction":[{"@type":"CommentAction","name":"Comment","target":["https:\/\/quehacerpolitico.mx\/?p=120022#respond"]}]},{"@type":"WebPage","@id":"https:\/\/quehacerpolitico.mx\/?p=120022","url":"https:\/\/quehacerpolitico.mx\/?p=120022","name":"El Quehacer Pol\u00edtico en la Cultura a trav\u00e9s del Enfoque\/\/\/Litza Deniss Dur\u00e1n Espinosa\/\/\/El \"Picasso\" extraviado en Espa\u00f1a no fue robado, una vecina pens\u00f3 que era un paquete -","isPartOf":{"@id":"https:\/\/quehacerpolitico.mx\/#website"},"primaryImageOfPage":{"@id":"https:\/\/quehacerpolitico.mx\/?p=120022#primaryimage"},"image":{"@id":"https:\/\/quehacerpolitico.mx\/?p=120022#primaryimage"},"thumbnailUrl":"https:\/\/quehacerpolitico.mx\/wp-content\/uploads\/2025\/10\/1f82780f-42aa-4c37-8ba4-0ba4279e0a43-8.jpeg","datePublished":"2025-10-24T23:27:41+00:00","dateModified":"2025-10-24T23:27:44+00:00","author":{"@id":"https:\/\/quehacerpolitico.mx\/#\/schema\/person\/496d8ad2d1d3f8036101dca7ee39e585"},"breadcrumb":{"@id":"https:\/\/quehacerpolitico.mx\/?p=120022#breadcrumb"},"inLanguage":"es","potentialAction":[{"@type":"ReadAction","target":["https:\/\/quehacerpolitico.mx\/?p=120022"]}]},{"@type":"ImageObject","inLanguage":"es","@id":"https:\/\/quehacerpolitico.mx\/?p=120022#primaryimage","url":"https:\/\/quehacerpolitico.mx\/wp-content\/uploads\/2025\/10\/1f82780f-42aa-4c37-8ba4-0ba4279e0a43-8.jpeg","contentUrl":"https:\/\/quehacerpolitico.mx\/wp-content\/uploads\/2025\/10\/1f82780f-42aa-4c37-8ba4-0ba4279e0a43-8.jpeg","width":963,"height":493},{"@type":"BreadcrumbList","@id":"https:\/\/quehacerpolitico.mx\/?p=120022#breadcrumb","itemListElement":[{"@type":"ListItem","position":1,"name":"Inicio","item":"https:\/\/quehacerpolitico.mx\/"},{"@type":"ListItem","position":2,"name":"El Quehacer Pol\u00edtico en la Cultura a trav\u00e9s del Enfoque\/\/\/Litza Deniss Dur\u00e1n Espinosa\/\/\/El &#8220;Picasso&#8221; extraviado en Espa\u00f1a no fue robado, una vecina pens\u00f3 que era un paquete"}]},{"@type":"WebSite","@id":"https:\/\/quehacerpolitico.mx\/#website","url":"https:\/\/quehacerpolitico.mx\/","name":"","description":"","potentialAction":[{"@type":"SearchAction","target":{"@type":"EntryPoint","urlTemplate":"https:\/\/quehacerpolitico.mx\/?s={search_term_string}"},"query-input":{"@type":"PropertyValueSpecification","valueRequired":true,"valueName":"search_term_string"}}],"inLanguage":"es"},{"@type":"Person","@id":"https:\/\/quehacerpolitico.mx\/#\/schema\/person\/496d8ad2d1d3f8036101dca7ee39e585","name":"Redacci\u00f3n QP","image":{"@type":"ImageObject","inLanguage":"es","@id":"https:\/\/secure.gravatar.com\/avatar\/c7164ed6fdec453195284ad24a5ae5b6e1eed2b848477fa2a4787ba9adf39a41?s=96&d=mm&r=g","url":"https:\/\/secure.gravatar.com\/avatar\/c7164ed6fdec453195284ad24a5ae5b6e1eed2b848477fa2a4787ba9adf39a41?s=96&d=mm&r=g","contentUrl":"https:\/\/secure.gravatar.com\/avatar\/c7164ed6fdec453195284ad24a5ae5b6e1eed2b848477fa2a4787ba9adf39a41?s=96&d=mm&r=g","caption":"Redacci\u00f3n QP"},"url":"https:\/\/quehacerpolitico.mx\/?author=2"}]}},"featured_image_urls":{"full":["https:\/\/quehacerpolitico.mx\/wp-content\/uploads\/2025\/10\/1f82780f-42aa-4c37-8ba4-0ba4279e0a43-8.jpeg",963,493,false],"thumbnail":["https:\/\/quehacerpolitico.mx\/wp-content\/uploads\/2025\/10\/1f82780f-42aa-4c37-8ba4-0ba4279e0a43-8-150x150.jpeg",150,150,true],"medium":["https:\/\/quehacerpolitico.mx\/wp-content\/uploads\/2025\/10\/1f82780f-42aa-4c37-8ba4-0ba4279e0a43-8-300x154.jpeg",300,154,true],"medium_large":["https:\/\/quehacerpolitico.mx\/wp-content\/uploads\/2025\/10\/1f82780f-42aa-4c37-8ba4-0ba4279e0a43-8-768x393.jpeg",640,328,true],"large":["https:\/\/quehacerpolitico.mx\/wp-content\/uploads\/2025\/10\/1f82780f-42aa-4c37-8ba4-0ba4279e0a43-8.jpeg",640,328,false],"1536x1536":["https:\/\/quehacerpolitico.mx\/wp-content\/uploads\/2025\/10\/1f82780f-42aa-4c37-8ba4-0ba4279e0a43-8.jpeg",963,493,false],"2048x2048":["https:\/\/quehacerpolitico.mx\/wp-content\/uploads\/2025\/10\/1f82780f-42aa-4c37-8ba4-0ba4279e0a43-8.jpeg",963,493,false],"covernews-featured":["https:\/\/quehacerpolitico.mx\/wp-content\/uploads\/2025\/10\/1f82780f-42aa-4c37-8ba4-0ba4279e0a43-8.jpeg",963,493,false],"covernews-medium":["https:\/\/quehacerpolitico.mx\/wp-content\/uploads\/2025\/10\/1f82780f-42aa-4c37-8ba4-0ba4279e0a43-8-540x340.jpeg",540,340,true]},"author_info":{"display_name":"Redacci\u00f3n QP","author_link":"https:\/\/quehacerpolitico.mx\/?author=2"},"category_info":"<a href=\"https:\/\/quehacerpolitico.mx\/?cat=58\" rel=\"category\">Cultura y Entretenimiento<\/a>","tag_info":"Cultura y Entretenimiento","comment_count":"0","_links":{"self":[{"href":"https:\/\/quehacerpolitico.mx\/index.php?rest_route=\/wp\/v2\/posts\/120022","targetHints":{"allow":["GET"]}}],"collection":[{"href":"https:\/\/quehacerpolitico.mx\/index.php?rest_route=\/wp\/v2\/posts"}],"about":[{"href":"https:\/\/quehacerpolitico.mx\/index.php?rest_route=\/wp\/v2\/types\/post"}],"author":[{"embeddable":true,"href":"https:\/\/quehacerpolitico.mx\/index.php?rest_route=\/wp\/v2\/users\/2"}],"replies":[{"embeddable":true,"href":"https:\/\/quehacerpolitico.mx\/index.php?rest_route=%2Fwp%2Fv2%2Fcomments&post=120022"}],"version-history":[{"count":1,"href":"https:\/\/quehacerpolitico.mx\/index.php?rest_route=\/wp\/v2\/posts\/120022\/revisions"}],"predecessor-version":[{"id":120023,"href":"https:\/\/quehacerpolitico.mx\/index.php?rest_route=\/wp\/v2\/posts\/120022\/revisions\/120023"}],"wp:featuredmedia":[{"embeddable":true,"href":"https:\/\/quehacerpolitico.mx\/index.php?rest_route=\/wp\/v2\/media\/120014"}],"wp:attachment":[{"href":"https:\/\/quehacerpolitico.mx\/index.php?rest_route=%2Fwp%2Fv2%2Fmedia&parent=120022"}],"wp:term":[{"taxonomy":"category","embeddable":true,"href":"https:\/\/quehacerpolitico.mx\/index.php?rest_route=%2Fwp%2Fv2%2Fcategories&post=120022"},{"taxonomy":"post_tag","embeddable":true,"href":"https:\/\/quehacerpolitico.mx\/index.php?rest_route=%2Fwp%2Fv2%2Ftags&post=120022"}],"curies":[{"name":"wp","href":"https:\/\/api.w.org\/{rel}","templated":true}]}}