{"id":120013,"date":"2025-10-23T14:57:04","date_gmt":"2025-10-23T20:57:04","guid":{"rendered":"https:\/\/quehacerpolitico.mx\/?p=120013"},"modified":"2025-10-23T14:57:08","modified_gmt":"2025-10-23T20:57:08","slug":"el-quehacer-politico-en-la-cultura-a-traves-del-enfoque-litza-deniss-duran-espinosa-el-significado-del-dia-de-muertos-en-mexico","status":"publish","type":"post","link":"https:\/\/quehacerpolitico.mx\/?p=120013","title":{"rendered":"El Quehacer Pol\u00edtico en la Cultura a trav\u00e9s del Enfoque\/\/\/Litza Deniss Dur\u00e1n Espinosa\/\/\/El significado del D\u00eda de Muertos en M\u00e9xico"},"content":{"rendered":"\n<p>Por Redacci\u00f3n QP<\/p>\n\n\n\n<p>Se trata de una oportunidad para rendir homenaje a quienes ya no est\u00e1n, celebrar la vida y reafirmar una de las tradiciones m\u00e1s bellas, la que convierte la memoria en fiesta y el duelo en amor<\/p>\n\n\n\n<p>El\u00a0Dia de Muertos 2025 es una de las celebraciones m\u00e1s populares de M\u00e9xico y una de las m\u00e1s reconocidas a nivel internacional por su profundo simbolismo y color.\u00a0<strong>Esta festividad se lleva a cabo el 1 y 2 de noviembre,<\/strong>\u00a0fechas en las que millones de familias mexicanas recuerdan con alegr\u00eda y respeto a sus seres queridos fallecidos.<\/p>\n\n\n\n<p>A diferencia de otras culturas, en M\u00e9xico la muerte no se ve con tristeza, sino como parte natural de la vida.&nbsp;<mark><strong>Durante estos d\u00edas, las casas y panteones se llenan de flores de cempas\u00fachil, veladoras, m\u00fasica y comida. Las familias preparan altares u ofrendas con fotograf\u00edas, platillos tradicionales, pan de muerto y objetos que representaban a la persona homenajeada.<\/strong><\/mark><\/p>\n\n\n\n<h2 class=\"wp-block-heading\">El origen del D\u00eda de Muertos que conocemos hoy en d\u00eda<\/h2>\n\n\n\n<p>El origen del D\u00eda de Muertos se remonta a las creencias prehisp\u00e1nicas,&nbsp;<mark><strong>cuando los pueblos ind\u00edgenas realizaban rituales para honrar a los difuntos.<\/strong><\/mark><\/p>\n\n\n\n<p>Con el tiempo, y tras la llegada de los espa\u00f1oles, las tradiciones ind\u00edgenas\u00a0<mark><strong>se fusionaron con las celebraciones cat\u00f3licas de Todos los Santos y los Fieles Difuntos,<\/strong><\/mark>\u00a0dando origen a la festividad como se conoce hoy.<\/p>\n\n\n\n<h2 class=\"wp-block-heading\">Significado y simbolismo del D\u00eda de Muertos actual<\/h2>\n\n\n\n<p>El D\u00eda de Muertos actual simboliza el reencuentro entre los vivos y los muertos, una oportunidad para recordar, perdonar y celebrar. M\u00e1s all\u00e1 de la nostalgia, se trata de&nbsp;<mark><strong>un ritual que invita a dejar atr\u00e1s el dolor y a reconocer que quienes partieron siguen presentes en la memoria.<\/strong><\/mark><\/p>\n\n\n\n<p>Cada elemento del altar tiene un significado especial:<\/p>\n\n\n\n<ul class=\"wp-block-list\">\n<li>Las velas gu\u00edan el camino de las almas<\/li>\n\n\n\n<li>El pan de muerto representa el ciclo de la vida y la muerte<\/li>\n\n\n\n<li>Las flores de cempas\u00fachil marcan el camino de regreso<\/li>\n\n\n\n<li>Las fotos y los alimentos evocan la presencia y los gustos de los difuntos<\/li>\n<\/ul>\n\n\n\n<h2 class=\"wp-block-heading\">Una tradici\u00f3n que sigue viva en todo M\u00e9xico<\/h2>\n\n\n\n<p><mark><strong>Durante el 1 de noviembre, se recuerda a los ni\u00f1os y ni\u00f1as fallecidos (conocido como el D\u00eda de Todos los Santos), mientras que el 2 de noviembre se dedica a los adultos difuntos.<\/strong><\/mark>En pueblos y ciudades de todo el pa\u00eds, se realizan procesiones, concursos de altares, desfiles y visitas a los panteones, donde las familias comparten comida, m\u00fasica y recuerdos.<\/p>\n\n\n\n<p>En algunos lugares, como P\u00e1tzcuaro, Mixquic o Oaxaca, las celebraciones se viven con gran devoci\u00f3n y son reconocidas internacionalmente. Incluso la\u00a0Unesco declar\u00f3 en 2008 al D\u00eda de Muertos como\u00a0<strong>Patrimonio Cultural Inmaterial de la Humanidad<\/strong>, por su profundo valor simb\u00f3lico y su capacidad de mantener vivas las ra\u00edces mexicanas.<\/p>\n\n\n\n<p>El D\u00eda de Muertos 2025 ser\u00e1, como cada a\u00f1o, una oportunidad para rendir homenaje a quienes ya no est\u00e1n, celebrar la vida y reafirmar una de las tradiciones m\u00e1s bellas de M\u00e9xico:&nbsp;<mark><strong>la que convierte la memoria en fiesta y el duelo en amor.<\/strong><\/mark><\/p>\n\n\n\n<figure class=\"wp-block-embed is-type-video is-provider-youtube wp-block-embed-youtube wp-embed-aspect-16-9 wp-has-aspect-ratio\"><div class=\"wp-block-embed__wrapper\">\n<iframe loading=\"lazy\" title=\"CONOCE la HISTORIA y CELEBRACI\u00d3N del D\u00eda de Muertos en M\u00e9xico | \u00daLTIMAS NOTICIAS\" width=\"640\" height=\"360\" src=\"https:\/\/www.youtube.com\/embed\/sLR4tg6L-1o?feature=oembed\" frameborder=\"0\" allow=\"accelerometer; autoplay; clipboard-write; encrypted-media; gyroscope; picture-in-picture; web-share\" referrerpolicy=\"strict-origin-when-cross-origin\" allowfullscreen><\/iframe>\n<\/div><\/figure>\n","protected":false},"excerpt":{"rendered":"<p>Por Redacci\u00f3n QP Se trata de una oportunidad para rendir homenaje a quienes ya no&#8230;<\/p>\n","protected":false},"author":2,"featured_media":120014,"comment_status":"open","ping_status":"open","sticky":false,"template":"","format":"standard","meta":{"_monsterinsights_skip_tracking":false,"_monsterinsights_sitenote_active":false,"_monsterinsights_sitenote_note":"","_monsterinsights_sitenote_category":0,"footnotes":""},"categories":[58],"tags":[],"class_list":["post-120013","post","type-post","status-publish","format-standard","has-post-thumbnail","hentry","category-cultura"],"yoast_head":"<!-- This site is optimized with the Yoast SEO plugin v27.3 - https:\/\/yoast.com\/product\/yoast-seo-wordpress\/ -->\n<title>El Quehacer Pol\u00edtico en la Cultura a trav\u00e9s del Enfoque\/\/\/Litza Deniss Dur\u00e1n Espinosa\/\/\/El significado del D\u00eda de Muertos en M\u00e9xico -<\/title>\n<meta name=\"robots\" content=\"index, follow, max-snippet:-1, max-image-preview:large, max-video-preview:-1\" \/>\n<link rel=\"canonical\" href=\"https:\/\/quehacerpolitico.mx\/?p=120013\" \/>\n<meta property=\"og:locale\" content=\"es_MX\" \/>\n<meta property=\"og:type\" content=\"article\" \/>\n<meta property=\"og:title\" content=\"El Quehacer Pol\u00edtico en la Cultura a trav\u00e9s del Enfoque\/\/\/Litza Deniss Dur\u00e1n Espinosa\/\/\/El significado del D\u00eda de Muertos en M\u00e9xico -\" \/>\n<meta property=\"og:description\" content=\"Por Redacci\u00f3n QP Se trata de una oportunidad para rendir homenaje a quienes ya no...\" \/>\n<meta property=\"og:url\" content=\"https:\/\/quehacerpolitico.mx\/?p=120013\" \/>\n<meta property=\"article:published_time\" content=\"2025-10-23T20:57:04+00:00\" \/>\n<meta property=\"article:modified_time\" content=\"2025-10-23T20:57:08+00:00\" \/>\n<meta property=\"og:image\" content=\"https:\/\/quehacerpolitico.mx\/wp-content\/uploads\/2025\/10\/1f82780f-42aa-4c37-8ba4-0ba4279e0a43-8.jpeg\" \/>\n\t<meta property=\"og:image:width\" content=\"963\" \/>\n\t<meta property=\"og:image:height\" content=\"493\" \/>\n\t<meta property=\"og:image:type\" content=\"image\/jpeg\" \/>\n<meta name=\"author\" content=\"Redacci\u00f3n QP\" \/>\n<meta name=\"twitter:card\" content=\"summary_large_image\" \/>\n<meta name=\"twitter:label1\" content=\"Escrito por\" \/>\n\t<meta name=\"twitter:data1\" content=\"Redacci\u00f3n QP\" \/>\n\t<meta name=\"twitter:label2\" content=\"Tiempo de lectura\" \/>\n\t<meta name=\"twitter:data2\" content=\"3 minutos\" \/>\n<script type=\"application\/ld+json\" class=\"yoast-schema-graph\">{\"@context\":\"https:\\\/\\\/schema.org\",\"@graph\":[{\"@type\":\"Article\",\"@id\":\"https:\\\/\\\/quehacerpolitico.mx\\\/?p=120013#article\",\"isPartOf\":{\"@id\":\"https:\\\/\\\/quehacerpolitico.mx\\\/?p=120013\"},\"author\":{\"name\":\"Redacci\u00f3n QP\",\"@id\":\"https:\\\/\\\/quehacerpolitico.mx\\\/#\\\/schema\\\/person\\\/496d8ad2d1d3f8036101dca7ee39e585\"},\"headline\":\"El Quehacer Pol\u00edtico en la Cultura a trav\u00e9s del Enfoque\\\/\\\/\\\/Litza Deniss Dur\u00e1n Espinosa\\\/\\\/\\\/El significado del D\u00eda de Muertos en M\u00e9xico\",\"datePublished\":\"2025-10-23T20:57:04+00:00\",\"dateModified\":\"2025-10-23T20:57:08+00:00\",\"mainEntityOfPage\":{\"@id\":\"https:\\\/\\\/quehacerpolitico.mx\\\/?p=120013\"},\"wordCount\":577,\"commentCount\":0,\"image\":{\"@id\":\"https:\\\/\\\/quehacerpolitico.mx\\\/?p=120013#primaryimage\"},\"thumbnailUrl\":\"https:\\\/\\\/quehacerpolitico.mx\\\/wp-content\\\/uploads\\\/2025\\\/10\\\/1f82780f-42aa-4c37-8ba4-0ba4279e0a43-8.jpeg\",\"articleSection\":[\"Cultura y Entretenimiento\"],\"inLanguage\":\"es\",\"potentialAction\":[{\"@type\":\"CommentAction\",\"name\":\"Comment\",\"target\":[\"https:\\\/\\\/quehacerpolitico.mx\\\/?p=120013#respond\"]}]},{\"@type\":\"WebPage\",\"@id\":\"https:\\\/\\\/quehacerpolitico.mx\\\/?p=120013\",\"url\":\"https:\\\/\\\/quehacerpolitico.mx\\\/?p=120013\",\"name\":\"El Quehacer Pol\u00edtico en la Cultura a trav\u00e9s del Enfoque\\\/\\\/\\\/Litza Deniss Dur\u00e1n Espinosa\\\/\\\/\\\/El significado del D\u00eda de Muertos en M\u00e9xico -\",\"isPartOf\":{\"@id\":\"https:\\\/\\\/quehacerpolitico.mx\\\/#website\"},\"primaryImageOfPage\":{\"@id\":\"https:\\\/\\\/quehacerpolitico.mx\\\/?p=120013#primaryimage\"},\"image\":{\"@id\":\"https:\\\/\\\/quehacerpolitico.mx\\\/?p=120013#primaryimage\"},\"thumbnailUrl\":\"https:\\\/\\\/quehacerpolitico.mx\\\/wp-content\\\/uploads\\\/2025\\\/10\\\/1f82780f-42aa-4c37-8ba4-0ba4279e0a43-8.jpeg\",\"datePublished\":\"2025-10-23T20:57:04+00:00\",\"dateModified\":\"2025-10-23T20:57:08+00:00\",\"author\":{\"@id\":\"https:\\\/\\\/quehacerpolitico.mx\\\/#\\\/schema\\\/person\\\/496d8ad2d1d3f8036101dca7ee39e585\"},\"breadcrumb\":{\"@id\":\"https:\\\/\\\/quehacerpolitico.mx\\\/?p=120013#breadcrumb\"},\"inLanguage\":\"es\",\"potentialAction\":[{\"@type\":\"ReadAction\",\"target\":[\"https:\\\/\\\/quehacerpolitico.mx\\\/?p=120013\"]}]},{\"@type\":\"ImageObject\",\"inLanguage\":\"es\",\"@id\":\"https:\\\/\\\/quehacerpolitico.mx\\\/?p=120013#primaryimage\",\"url\":\"https:\\\/\\\/quehacerpolitico.mx\\\/wp-content\\\/uploads\\\/2025\\\/10\\\/1f82780f-42aa-4c37-8ba4-0ba4279e0a43-8.jpeg\",\"contentUrl\":\"https:\\\/\\\/quehacerpolitico.mx\\\/wp-content\\\/uploads\\\/2025\\\/10\\\/1f82780f-42aa-4c37-8ba4-0ba4279e0a43-8.jpeg\",\"width\":963,\"height\":493},{\"@type\":\"BreadcrumbList\",\"@id\":\"https:\\\/\\\/quehacerpolitico.mx\\\/?p=120013#breadcrumb\",\"itemListElement\":[{\"@type\":\"ListItem\",\"position\":1,\"name\":\"Inicio\",\"item\":\"https:\\\/\\\/quehacerpolitico.mx\\\/\"},{\"@type\":\"ListItem\",\"position\":2,\"name\":\"El Quehacer Pol\u00edtico en la Cultura a trav\u00e9s del Enfoque\\\/\\\/\\\/Litza Deniss Dur\u00e1n Espinosa\\\/\\\/\\\/El significado del D\u00eda de Muertos en M\u00e9xico\"}]},{\"@type\":\"WebSite\",\"@id\":\"https:\\\/\\\/quehacerpolitico.mx\\\/#website\",\"url\":\"https:\\\/\\\/quehacerpolitico.mx\\\/\",\"name\":\"\",\"description\":\"\",\"potentialAction\":[{\"@type\":\"SearchAction\",\"target\":{\"@type\":\"EntryPoint\",\"urlTemplate\":\"https:\\\/\\\/quehacerpolitico.mx\\\/?s={search_term_string}\"},\"query-input\":{\"@type\":\"PropertyValueSpecification\",\"valueRequired\":true,\"valueName\":\"search_term_string\"}}],\"inLanguage\":\"es\"},{\"@type\":\"Person\",\"@id\":\"https:\\\/\\\/quehacerpolitico.mx\\\/#\\\/schema\\\/person\\\/496d8ad2d1d3f8036101dca7ee39e585\",\"name\":\"Redacci\u00f3n QP\",\"image\":{\"@type\":\"ImageObject\",\"inLanguage\":\"es\",\"@id\":\"https:\\\/\\\/secure.gravatar.com\\\/avatar\\\/c7164ed6fdec453195284ad24a5ae5b6e1eed2b848477fa2a4787ba9adf39a41?s=96&d=mm&r=g\",\"url\":\"https:\\\/\\\/secure.gravatar.com\\\/avatar\\\/c7164ed6fdec453195284ad24a5ae5b6e1eed2b848477fa2a4787ba9adf39a41?s=96&d=mm&r=g\",\"contentUrl\":\"https:\\\/\\\/secure.gravatar.com\\\/avatar\\\/c7164ed6fdec453195284ad24a5ae5b6e1eed2b848477fa2a4787ba9adf39a41?s=96&d=mm&r=g\",\"caption\":\"Redacci\u00f3n QP\"},\"url\":\"https:\\\/\\\/quehacerpolitico.mx\\\/?author=2\"}]}<\/script>\n<!-- \/ Yoast SEO plugin. -->","yoast_head_json":{"title":"El Quehacer Pol\u00edtico en la Cultura a trav\u00e9s del Enfoque\/\/\/Litza Deniss Dur\u00e1n Espinosa\/\/\/El significado del D\u00eda de Muertos en M\u00e9xico -","robots":{"index":"index","follow":"follow","max-snippet":"max-snippet:-1","max-image-preview":"max-image-preview:large","max-video-preview":"max-video-preview:-1"},"canonical":"https:\/\/quehacerpolitico.mx\/?p=120013","og_locale":"es_MX","og_type":"article","og_title":"El Quehacer Pol\u00edtico en la Cultura a trav\u00e9s del Enfoque\/\/\/Litza Deniss Dur\u00e1n Espinosa\/\/\/El significado del D\u00eda de Muertos en M\u00e9xico -","og_description":"Por Redacci\u00f3n QP Se trata de una oportunidad para rendir homenaje a quienes ya no...","og_url":"https:\/\/quehacerpolitico.mx\/?p=120013","article_published_time":"2025-10-23T20:57:04+00:00","article_modified_time":"2025-10-23T20:57:08+00:00","og_image":[{"width":963,"height":493,"url":"https:\/\/quehacerpolitico.mx\/wp-content\/uploads\/2025\/10\/1f82780f-42aa-4c37-8ba4-0ba4279e0a43-8.jpeg","type":"image\/jpeg"}],"author":"Redacci\u00f3n QP","twitter_card":"summary_large_image","twitter_misc":{"Escrito por":"Redacci\u00f3n QP","Tiempo de lectura":"3 minutos"},"schema":{"@context":"https:\/\/schema.org","@graph":[{"@type":"Article","@id":"https:\/\/quehacerpolitico.mx\/?p=120013#article","isPartOf":{"@id":"https:\/\/quehacerpolitico.mx\/?p=120013"},"author":{"name":"Redacci\u00f3n QP","@id":"https:\/\/quehacerpolitico.mx\/#\/schema\/person\/496d8ad2d1d3f8036101dca7ee39e585"},"headline":"El Quehacer Pol\u00edtico en la Cultura a trav\u00e9s del Enfoque\/\/\/Litza Deniss Dur\u00e1n Espinosa\/\/\/El significado del D\u00eda de Muertos en M\u00e9xico","datePublished":"2025-10-23T20:57:04+00:00","dateModified":"2025-10-23T20:57:08+00:00","mainEntityOfPage":{"@id":"https:\/\/quehacerpolitico.mx\/?p=120013"},"wordCount":577,"commentCount":0,"image":{"@id":"https:\/\/quehacerpolitico.mx\/?p=120013#primaryimage"},"thumbnailUrl":"https:\/\/quehacerpolitico.mx\/wp-content\/uploads\/2025\/10\/1f82780f-42aa-4c37-8ba4-0ba4279e0a43-8.jpeg","articleSection":["Cultura y Entretenimiento"],"inLanguage":"es","potentialAction":[{"@type":"CommentAction","name":"Comment","target":["https:\/\/quehacerpolitico.mx\/?p=120013#respond"]}]},{"@type":"WebPage","@id":"https:\/\/quehacerpolitico.mx\/?p=120013","url":"https:\/\/quehacerpolitico.mx\/?p=120013","name":"El Quehacer Pol\u00edtico en la Cultura a trav\u00e9s del Enfoque\/\/\/Litza Deniss Dur\u00e1n Espinosa\/\/\/El significado del D\u00eda de Muertos en M\u00e9xico -","isPartOf":{"@id":"https:\/\/quehacerpolitico.mx\/#website"},"primaryImageOfPage":{"@id":"https:\/\/quehacerpolitico.mx\/?p=120013#primaryimage"},"image":{"@id":"https:\/\/quehacerpolitico.mx\/?p=120013#primaryimage"},"thumbnailUrl":"https:\/\/quehacerpolitico.mx\/wp-content\/uploads\/2025\/10\/1f82780f-42aa-4c37-8ba4-0ba4279e0a43-8.jpeg","datePublished":"2025-10-23T20:57:04+00:00","dateModified":"2025-10-23T20:57:08+00:00","author":{"@id":"https:\/\/quehacerpolitico.mx\/#\/schema\/person\/496d8ad2d1d3f8036101dca7ee39e585"},"breadcrumb":{"@id":"https:\/\/quehacerpolitico.mx\/?p=120013#breadcrumb"},"inLanguage":"es","potentialAction":[{"@type":"ReadAction","target":["https:\/\/quehacerpolitico.mx\/?p=120013"]}]},{"@type":"ImageObject","inLanguage":"es","@id":"https:\/\/quehacerpolitico.mx\/?p=120013#primaryimage","url":"https:\/\/quehacerpolitico.mx\/wp-content\/uploads\/2025\/10\/1f82780f-42aa-4c37-8ba4-0ba4279e0a43-8.jpeg","contentUrl":"https:\/\/quehacerpolitico.mx\/wp-content\/uploads\/2025\/10\/1f82780f-42aa-4c37-8ba4-0ba4279e0a43-8.jpeg","width":963,"height":493},{"@type":"BreadcrumbList","@id":"https:\/\/quehacerpolitico.mx\/?p=120013#breadcrumb","itemListElement":[{"@type":"ListItem","position":1,"name":"Inicio","item":"https:\/\/quehacerpolitico.mx\/"},{"@type":"ListItem","position":2,"name":"El Quehacer Pol\u00edtico en la Cultura a trav\u00e9s del Enfoque\/\/\/Litza Deniss Dur\u00e1n Espinosa\/\/\/El significado del D\u00eda de Muertos en M\u00e9xico"}]},{"@type":"WebSite","@id":"https:\/\/quehacerpolitico.mx\/#website","url":"https:\/\/quehacerpolitico.mx\/","name":"","description":"","potentialAction":[{"@type":"SearchAction","target":{"@type":"EntryPoint","urlTemplate":"https:\/\/quehacerpolitico.mx\/?s={search_term_string}"},"query-input":{"@type":"PropertyValueSpecification","valueRequired":true,"valueName":"search_term_string"}}],"inLanguage":"es"},{"@type":"Person","@id":"https:\/\/quehacerpolitico.mx\/#\/schema\/person\/496d8ad2d1d3f8036101dca7ee39e585","name":"Redacci\u00f3n QP","image":{"@type":"ImageObject","inLanguage":"es","@id":"https:\/\/secure.gravatar.com\/avatar\/c7164ed6fdec453195284ad24a5ae5b6e1eed2b848477fa2a4787ba9adf39a41?s=96&d=mm&r=g","url":"https:\/\/secure.gravatar.com\/avatar\/c7164ed6fdec453195284ad24a5ae5b6e1eed2b848477fa2a4787ba9adf39a41?s=96&d=mm&r=g","contentUrl":"https:\/\/secure.gravatar.com\/avatar\/c7164ed6fdec453195284ad24a5ae5b6e1eed2b848477fa2a4787ba9adf39a41?s=96&d=mm&r=g","caption":"Redacci\u00f3n QP"},"url":"https:\/\/quehacerpolitico.mx\/?author=2"}]}},"featured_image_urls":{"full":["https:\/\/quehacerpolitico.mx\/wp-content\/uploads\/2025\/10\/1f82780f-42aa-4c37-8ba4-0ba4279e0a43-8.jpeg",963,493,false],"thumbnail":["https:\/\/quehacerpolitico.mx\/wp-content\/uploads\/2025\/10\/1f82780f-42aa-4c37-8ba4-0ba4279e0a43-8-150x150.jpeg",150,150,true],"medium":["https:\/\/quehacerpolitico.mx\/wp-content\/uploads\/2025\/10\/1f82780f-42aa-4c37-8ba4-0ba4279e0a43-8-300x154.jpeg",300,154,true],"medium_large":["https:\/\/quehacerpolitico.mx\/wp-content\/uploads\/2025\/10\/1f82780f-42aa-4c37-8ba4-0ba4279e0a43-8-768x393.jpeg",640,328,true],"large":["https:\/\/quehacerpolitico.mx\/wp-content\/uploads\/2025\/10\/1f82780f-42aa-4c37-8ba4-0ba4279e0a43-8.jpeg",640,328,false],"1536x1536":["https:\/\/quehacerpolitico.mx\/wp-content\/uploads\/2025\/10\/1f82780f-42aa-4c37-8ba4-0ba4279e0a43-8.jpeg",963,493,false],"2048x2048":["https:\/\/quehacerpolitico.mx\/wp-content\/uploads\/2025\/10\/1f82780f-42aa-4c37-8ba4-0ba4279e0a43-8.jpeg",963,493,false],"covernews-featured":["https:\/\/quehacerpolitico.mx\/wp-content\/uploads\/2025\/10\/1f82780f-42aa-4c37-8ba4-0ba4279e0a43-8.jpeg",963,493,false],"covernews-medium":["https:\/\/quehacerpolitico.mx\/wp-content\/uploads\/2025\/10\/1f82780f-42aa-4c37-8ba4-0ba4279e0a43-8-540x340.jpeg",540,340,true]},"author_info":{"display_name":"Redacci\u00f3n QP","author_link":"https:\/\/quehacerpolitico.mx\/?author=2"},"category_info":"<a href=\"https:\/\/quehacerpolitico.mx\/?cat=58\" rel=\"category\">Cultura y Entretenimiento<\/a>","tag_info":"Cultura y Entretenimiento","comment_count":"0","_links":{"self":[{"href":"https:\/\/quehacerpolitico.mx\/index.php?rest_route=\/wp\/v2\/posts\/120013","targetHints":{"allow":["GET"]}}],"collection":[{"href":"https:\/\/quehacerpolitico.mx\/index.php?rest_route=\/wp\/v2\/posts"}],"about":[{"href":"https:\/\/quehacerpolitico.mx\/index.php?rest_route=\/wp\/v2\/types\/post"}],"author":[{"embeddable":true,"href":"https:\/\/quehacerpolitico.mx\/index.php?rest_route=\/wp\/v2\/users\/2"}],"replies":[{"embeddable":true,"href":"https:\/\/quehacerpolitico.mx\/index.php?rest_route=%2Fwp%2Fv2%2Fcomments&post=120013"}],"version-history":[{"count":1,"href":"https:\/\/quehacerpolitico.mx\/index.php?rest_route=\/wp\/v2\/posts\/120013\/revisions"}],"predecessor-version":[{"id":120015,"href":"https:\/\/quehacerpolitico.mx\/index.php?rest_route=\/wp\/v2\/posts\/120013\/revisions\/120015"}],"wp:featuredmedia":[{"embeddable":true,"href":"https:\/\/quehacerpolitico.mx\/index.php?rest_route=\/wp\/v2\/media\/120014"}],"wp:attachment":[{"href":"https:\/\/quehacerpolitico.mx\/index.php?rest_route=%2Fwp%2Fv2%2Fmedia&parent=120013"}],"wp:term":[{"taxonomy":"category","embeddable":true,"href":"https:\/\/quehacerpolitico.mx\/index.php?rest_route=%2Fwp%2Fv2%2Fcategories&post=120013"},{"taxonomy":"post_tag","embeddable":true,"href":"https:\/\/quehacerpolitico.mx\/index.php?rest_route=%2Fwp%2Fv2%2Ftags&post=120013"}],"curies":[{"name":"wp","href":"https:\/\/api.w.org\/{rel}","templated":true}]}}