{"id":120006,"date":"2025-10-23T13:55:12","date_gmt":"2025-10-23T19:55:12","guid":{"rendered":"https:\/\/quehacerpolitico.mx\/?p=120006"},"modified":"2025-10-23T13:55:14","modified_gmt":"2025-10-23T19:55:14","slug":"hay-leyes-internacionales-sheinbaum-expresa-desacuerdo-por-ataques-de-eu-contra-lanchas-en-el-caribe-y-pacifico","status":"publish","type":"post","link":"https:\/\/quehacerpolitico.mx\/?p=120006","title":{"rendered":"\u201cHay leyes internacionales\u201d: Sheinbaum expresa desacuerdo por ataques de EU contra lanchas en el Caribe y Pac\u00edfico"},"content":{"rendered":"\n<p>Por Redacci\u00f3n QP<\/p>\n\n\n\n<p>La mandataria asegur\u00f3 que su administraci\u00f3n mantiene un di\u00e1logo con Washington \u201csin renunciar nunca a nuestros principios de soberan\u00eda&#8221;<\/p>\n\n\n\n<p>La presidenta&nbsp;<strong>Claudia Sheinbaum&nbsp;<\/strong>expres\u00f3 este jueves su&nbsp;<strong>desacuerdo por los ataques&nbsp;<\/strong>realizados a manos de las Fuerzas Armadas de Estados Unidos en contra de lanchas en el Pac\u00edfico y el mar Caribe.&nbsp;<\/p>\n\n\n\n<p>La mandataria&nbsp;asegur\u00f3 en la&nbsp;<strong>conferencia matutina&nbsp;<\/strong>que su administraci\u00f3n&nbsp;actuar\u00e1 siempre conforme al derecho internacional y la defensa de su soberan\u00eda.<\/p>\n\n\n\n<p>\u201cObviamente, nosotros&nbsp;<strong>no estamos de acuerdo\u201d,<\/strong>&nbsp;dijo al ser consultada sobre las recientes acciones militares de las fuerzas estadounidenses en aguas internacionales.<br><br>\u201c<strong>Hay leyes internacionales&nbsp;<\/strong>de c\u00f3mo tiene que operarse frente a un presunto transporte de droga o de armas en aguas internacionales, y as\u00ed lo hemos manifestado al gobierno de Estados Unidos y p\u00fablicamente\u201d, subray\u00f3.<\/p>\n\n\n\n<figure class=\"wp-block-embed is-type-video is-provider-youtube wp-block-embed-youtube wp-embed-aspect-16-9 wp-has-aspect-ratio\"><div class=\"wp-block-embed__wrapper\">\n<iframe loading=\"lazy\" title=\"&quot;\u00a1No estamos de acuerdo!&quot;: Sheinbaum manda mensaje a Estados Unidos\" width=\"640\" height=\"360\" src=\"https:\/\/www.youtube.com\/embed\/Tl0smkyA2Uk?feature=oembed\" frameborder=\"0\" allow=\"accelerometer; autoplay; clipboard-write; encrypted-media; gyroscope; picture-in-picture; web-share\" referrerpolicy=\"strict-origin-when-cross-origin\" allowfullscreen><\/iframe>\n<\/div><\/figure>\n\n\n\n<p>Sheinbaum enfatiz\u00f3 que su administraci\u00f3n&nbsp;<strong>mantiene un di\u00e1logo<\/strong>franco con Washington, pero \u201csin renunciar nunca a nuestros principios de soberan\u00eda, libre determinaci\u00f3n y autodeterminaci\u00f3n del pueblo de M\u00e9xico\u201d;&nbsp;record\u00f3 que su gobierno ha fortalecido el marco constitucional en esta materia.<\/p>\n\n\n\n<p>\u201cIncluso modificamos la Constituci\u00f3n para fortalecer el sentido de soberan\u00eda en el art\u00edculo 40, frente a cualquier intervencionismo o injerencismo\u201d, a\u00f1adi\u00f3.<\/p>\n\n\n\n<p>La reacci\u00f3n de la gobernante mexicana ocurre luego de que la administraci\u00f3n del presidente estadounidense,&nbsp;<strong>Donald Trump,<\/strong>&nbsp;ampliara sus operaciones militares contra el narcotr\u00e1fico con al menos dos ataques a embarcaciones en el Pac\u00edfico, cerca de Colombia, que supuestamente transportaban drogas, tras los realizados anteriormente contra supuestas narcolanchas en el Caribe, cerca de Venezuela.<\/p>\n\n\n\n<p>Por otro lado, la presidenta mexicana evit\u00f3 pronunciarse directamente sobre los recientes intercambios de declaraciones entre Trump y el presidente de Colombia,<strong>&nbsp;Gustavo Petro<\/strong>, pero llam\u00f3 a mantener el respeto diplom\u00e1tico.<\/p>\n\n\n\n<p>\u201cCada quien tiene sus formas de enfrentar alg\u00fan debate internacional o la relaci\u00f3n con Estados Unidos\u201d, se\u00f1al\u00f3.<\/p>\n\n\n\n<p>Con informaci\u00f3n de EFE<\/p>\n","protected":false},"excerpt":{"rendered":"<p>Por Redacci\u00f3n QP La mandataria asegur\u00f3 que su administraci\u00f3n mantiene un di\u00e1logo con Washington \u201csin&#8230;<\/p>\n","protected":false},"author":2,"featured_media":120007,"comment_status":"open","ping_status":"open","sticky":false,"template":"","format":"standard","meta":{"_monsterinsights_skip_tracking":false,"_monsterinsights_sitenote_active":false,"_monsterinsights_sitenote_note":"","_monsterinsights_sitenote_category":0,"footnotes":""},"categories":[280,2],"tags":[],"class_list":["post-120006","post","type-post","status-publish","format-standard","has-post-thumbnail","hentry","category-nacionales","category-noticias"],"yoast_head":"<!-- This site is optimized with the Yoast SEO plugin v27.3 - https:\/\/yoast.com\/product\/yoast-seo-wordpress\/ -->\n<title>\u201cHay leyes internacionales\u201d: Sheinbaum expresa desacuerdo por ataques de EU contra lanchas en el Caribe y Pac\u00edfico -<\/title>\n<meta name=\"robots\" content=\"index, follow, max-snippet:-1, max-image-preview:large, max-video-preview:-1\" \/>\n<link rel=\"canonical\" href=\"https:\/\/quehacerpolitico.mx\/?p=120006\" \/>\n<meta property=\"og:locale\" content=\"es_MX\" \/>\n<meta property=\"og:type\" content=\"article\" \/>\n<meta property=\"og:title\" content=\"\u201cHay leyes internacionales\u201d: Sheinbaum expresa desacuerdo por ataques de EU contra lanchas en el Caribe y Pac\u00edfico -\" \/>\n<meta property=\"og:description\" content=\"Por Redacci\u00f3n QP La mandataria asegur\u00f3 que su administraci\u00f3n mantiene un di\u00e1logo con Washington \u201csin...\" \/>\n<meta property=\"og:url\" content=\"https:\/\/quehacerpolitico.mx\/?p=120006\" \/>\n<meta property=\"article:published_time\" content=\"2025-10-23T19:55:12+00:00\" \/>\n<meta property=\"article:modified_time\" content=\"2025-10-23T19:55:14+00:00\" \/>\n<meta property=\"og:image\" content=\"https:\/\/quehacerpolitico.mx\/wp-content\/uploads\/2025\/10\/IMG_4616.jpeg\" \/>\n\t<meta property=\"og:image:width\" content=\"1170\" \/>\n\t<meta property=\"og:image:height\" content=\"645\" \/>\n\t<meta property=\"og:image:type\" content=\"image\/jpeg\" \/>\n<meta name=\"author\" content=\"Redacci\u00f3n QP\" \/>\n<meta name=\"twitter:card\" content=\"summary_large_image\" \/>\n<meta name=\"twitter:label1\" content=\"Escrito por\" \/>\n\t<meta name=\"twitter:data1\" content=\"Redacci\u00f3n QP\" \/>\n\t<meta name=\"twitter:label2\" content=\"Tiempo de lectura\" \/>\n\t<meta name=\"twitter:data2\" content=\"2 minutos\" \/>\n<script type=\"application\/ld+json\" class=\"yoast-schema-graph\">{\"@context\":\"https:\\\/\\\/schema.org\",\"@graph\":[{\"@type\":\"Article\",\"@id\":\"https:\\\/\\\/quehacerpolitico.mx\\\/?p=120006#article\",\"isPartOf\":{\"@id\":\"https:\\\/\\\/quehacerpolitico.mx\\\/?p=120006\"},\"author\":{\"name\":\"Redacci\u00f3n QP\",\"@id\":\"https:\\\/\\\/quehacerpolitico.mx\\\/#\\\/schema\\\/person\\\/496d8ad2d1d3f8036101dca7ee39e585\"},\"headline\":\"\u201cHay leyes internacionales\u201d: Sheinbaum expresa desacuerdo por ataques de EU contra lanchas en el Caribe y Pac\u00edfico\",\"datePublished\":\"2025-10-23T19:55:12+00:00\",\"dateModified\":\"2025-10-23T19:55:14+00:00\",\"mainEntityOfPage\":{\"@id\":\"https:\\\/\\\/quehacerpolitico.mx\\\/?p=120006\"},\"wordCount\":372,\"commentCount\":0,\"image\":{\"@id\":\"https:\\\/\\\/quehacerpolitico.mx\\\/?p=120006#primaryimage\"},\"thumbnailUrl\":\"https:\\\/\\\/quehacerpolitico.mx\\\/wp-content\\\/uploads\\\/2025\\\/10\\\/IMG_4616.jpeg\",\"articleSection\":[\"Nacionales\",\"Noticias\"],\"inLanguage\":\"es\",\"potentialAction\":[{\"@type\":\"CommentAction\",\"name\":\"Comment\",\"target\":[\"https:\\\/\\\/quehacerpolitico.mx\\\/?p=120006#respond\"]}]},{\"@type\":\"WebPage\",\"@id\":\"https:\\\/\\\/quehacerpolitico.mx\\\/?p=120006\",\"url\":\"https:\\\/\\\/quehacerpolitico.mx\\\/?p=120006\",\"name\":\"\u201cHay leyes internacionales\u201d: Sheinbaum expresa desacuerdo por ataques de EU contra lanchas en el Caribe y Pac\u00edfico -\",\"isPartOf\":{\"@id\":\"https:\\\/\\\/quehacerpolitico.mx\\\/#website\"},\"primaryImageOfPage\":{\"@id\":\"https:\\\/\\\/quehacerpolitico.mx\\\/?p=120006#primaryimage\"},\"image\":{\"@id\":\"https:\\\/\\\/quehacerpolitico.mx\\\/?p=120006#primaryimage\"},\"thumbnailUrl\":\"https:\\\/\\\/quehacerpolitico.mx\\\/wp-content\\\/uploads\\\/2025\\\/10\\\/IMG_4616.jpeg\",\"datePublished\":\"2025-10-23T19:55:12+00:00\",\"dateModified\":\"2025-10-23T19:55:14+00:00\",\"author\":{\"@id\":\"https:\\\/\\\/quehacerpolitico.mx\\\/#\\\/schema\\\/person\\\/496d8ad2d1d3f8036101dca7ee39e585\"},\"breadcrumb\":{\"@id\":\"https:\\\/\\\/quehacerpolitico.mx\\\/?p=120006#breadcrumb\"},\"inLanguage\":\"es\",\"potentialAction\":[{\"@type\":\"ReadAction\",\"target\":[\"https:\\\/\\\/quehacerpolitico.mx\\\/?p=120006\"]}]},{\"@type\":\"ImageObject\",\"inLanguage\":\"es\",\"@id\":\"https:\\\/\\\/quehacerpolitico.mx\\\/?p=120006#primaryimage\",\"url\":\"https:\\\/\\\/quehacerpolitico.mx\\\/wp-content\\\/uploads\\\/2025\\\/10\\\/IMG_4616.jpeg\",\"contentUrl\":\"https:\\\/\\\/quehacerpolitico.mx\\\/wp-content\\\/uploads\\\/2025\\\/10\\\/IMG_4616.jpeg\",\"width\":1170,\"height\":645,\"caption\":\"Screenshot\"},{\"@type\":\"BreadcrumbList\",\"@id\":\"https:\\\/\\\/quehacerpolitico.mx\\\/?p=120006#breadcrumb\",\"itemListElement\":[{\"@type\":\"ListItem\",\"position\":1,\"name\":\"Inicio\",\"item\":\"https:\\\/\\\/quehacerpolitico.mx\\\/\"},{\"@type\":\"ListItem\",\"position\":2,\"name\":\"\u201cHay leyes internacionales\u201d: Sheinbaum expresa desacuerdo por ataques de EU contra lanchas en el Caribe y Pac\u00edfico\"}]},{\"@type\":\"WebSite\",\"@id\":\"https:\\\/\\\/quehacerpolitico.mx\\\/#website\",\"url\":\"https:\\\/\\\/quehacerpolitico.mx\\\/\",\"name\":\"\",\"description\":\"\",\"potentialAction\":[{\"@type\":\"SearchAction\",\"target\":{\"@type\":\"EntryPoint\",\"urlTemplate\":\"https:\\\/\\\/quehacerpolitico.mx\\\/?s={search_term_string}\"},\"query-input\":{\"@type\":\"PropertyValueSpecification\",\"valueRequired\":true,\"valueName\":\"search_term_string\"}}],\"inLanguage\":\"es\"},{\"@type\":\"Person\",\"@id\":\"https:\\\/\\\/quehacerpolitico.mx\\\/#\\\/schema\\\/person\\\/496d8ad2d1d3f8036101dca7ee39e585\",\"name\":\"Redacci\u00f3n QP\",\"image\":{\"@type\":\"ImageObject\",\"inLanguage\":\"es\",\"@id\":\"https:\\\/\\\/secure.gravatar.com\\\/avatar\\\/c7164ed6fdec453195284ad24a5ae5b6e1eed2b848477fa2a4787ba9adf39a41?s=96&d=mm&r=g\",\"url\":\"https:\\\/\\\/secure.gravatar.com\\\/avatar\\\/c7164ed6fdec453195284ad24a5ae5b6e1eed2b848477fa2a4787ba9adf39a41?s=96&d=mm&r=g\",\"contentUrl\":\"https:\\\/\\\/secure.gravatar.com\\\/avatar\\\/c7164ed6fdec453195284ad24a5ae5b6e1eed2b848477fa2a4787ba9adf39a41?s=96&d=mm&r=g\",\"caption\":\"Redacci\u00f3n QP\"},\"url\":\"https:\\\/\\\/quehacerpolitico.mx\\\/?author=2\"}]}<\/script>\n<!-- \/ Yoast SEO plugin. -->","yoast_head_json":{"title":"\u201cHay leyes internacionales\u201d: Sheinbaum expresa desacuerdo por ataques de EU contra lanchas en el Caribe y Pac\u00edfico -","robots":{"index":"index","follow":"follow","max-snippet":"max-snippet:-1","max-image-preview":"max-image-preview:large","max-video-preview":"max-video-preview:-1"},"canonical":"https:\/\/quehacerpolitico.mx\/?p=120006","og_locale":"es_MX","og_type":"article","og_title":"\u201cHay leyes internacionales\u201d: Sheinbaum expresa desacuerdo por ataques de EU contra lanchas en el Caribe y Pac\u00edfico -","og_description":"Por Redacci\u00f3n QP La mandataria asegur\u00f3 que su administraci\u00f3n mantiene un di\u00e1logo con Washington \u201csin...","og_url":"https:\/\/quehacerpolitico.mx\/?p=120006","article_published_time":"2025-10-23T19:55:12+00:00","article_modified_time":"2025-10-23T19:55:14+00:00","og_image":[{"width":1170,"height":645,"url":"https:\/\/quehacerpolitico.mx\/wp-content\/uploads\/2025\/10\/IMG_4616.jpeg","type":"image\/jpeg"}],"author":"Redacci\u00f3n QP","twitter_card":"summary_large_image","twitter_misc":{"Escrito por":"Redacci\u00f3n QP","Tiempo de lectura":"2 minutos"},"schema":{"@context":"https:\/\/schema.org","@graph":[{"@type":"Article","@id":"https:\/\/quehacerpolitico.mx\/?p=120006#article","isPartOf":{"@id":"https:\/\/quehacerpolitico.mx\/?p=120006"},"author":{"name":"Redacci\u00f3n QP","@id":"https:\/\/quehacerpolitico.mx\/#\/schema\/person\/496d8ad2d1d3f8036101dca7ee39e585"},"headline":"\u201cHay leyes internacionales\u201d: Sheinbaum expresa desacuerdo por ataques de EU contra lanchas en el Caribe y Pac\u00edfico","datePublished":"2025-10-23T19:55:12+00:00","dateModified":"2025-10-23T19:55:14+00:00","mainEntityOfPage":{"@id":"https:\/\/quehacerpolitico.mx\/?p=120006"},"wordCount":372,"commentCount":0,"image":{"@id":"https:\/\/quehacerpolitico.mx\/?p=120006#primaryimage"},"thumbnailUrl":"https:\/\/quehacerpolitico.mx\/wp-content\/uploads\/2025\/10\/IMG_4616.jpeg","articleSection":["Nacionales","Noticias"],"inLanguage":"es","potentialAction":[{"@type":"CommentAction","name":"Comment","target":["https:\/\/quehacerpolitico.mx\/?p=120006#respond"]}]},{"@type":"WebPage","@id":"https:\/\/quehacerpolitico.mx\/?p=120006","url":"https:\/\/quehacerpolitico.mx\/?p=120006","name":"\u201cHay leyes internacionales\u201d: Sheinbaum expresa desacuerdo por ataques de EU contra lanchas en el Caribe y Pac\u00edfico -","isPartOf":{"@id":"https:\/\/quehacerpolitico.mx\/#website"},"primaryImageOfPage":{"@id":"https:\/\/quehacerpolitico.mx\/?p=120006#primaryimage"},"image":{"@id":"https:\/\/quehacerpolitico.mx\/?p=120006#primaryimage"},"thumbnailUrl":"https:\/\/quehacerpolitico.mx\/wp-content\/uploads\/2025\/10\/IMG_4616.jpeg","datePublished":"2025-10-23T19:55:12+00:00","dateModified":"2025-10-23T19:55:14+00:00","author":{"@id":"https:\/\/quehacerpolitico.mx\/#\/schema\/person\/496d8ad2d1d3f8036101dca7ee39e585"},"breadcrumb":{"@id":"https:\/\/quehacerpolitico.mx\/?p=120006#breadcrumb"},"inLanguage":"es","potentialAction":[{"@type":"ReadAction","target":["https:\/\/quehacerpolitico.mx\/?p=120006"]}]},{"@type":"ImageObject","inLanguage":"es","@id":"https:\/\/quehacerpolitico.mx\/?p=120006#primaryimage","url":"https:\/\/quehacerpolitico.mx\/wp-content\/uploads\/2025\/10\/IMG_4616.jpeg","contentUrl":"https:\/\/quehacerpolitico.mx\/wp-content\/uploads\/2025\/10\/IMG_4616.jpeg","width":1170,"height":645,"caption":"Screenshot"},{"@type":"BreadcrumbList","@id":"https:\/\/quehacerpolitico.mx\/?p=120006#breadcrumb","itemListElement":[{"@type":"ListItem","position":1,"name":"Inicio","item":"https:\/\/quehacerpolitico.mx\/"},{"@type":"ListItem","position":2,"name":"\u201cHay leyes internacionales\u201d: Sheinbaum expresa desacuerdo por ataques de EU contra lanchas en el Caribe y Pac\u00edfico"}]},{"@type":"WebSite","@id":"https:\/\/quehacerpolitico.mx\/#website","url":"https:\/\/quehacerpolitico.mx\/","name":"","description":"","potentialAction":[{"@type":"SearchAction","target":{"@type":"EntryPoint","urlTemplate":"https:\/\/quehacerpolitico.mx\/?s={search_term_string}"},"query-input":{"@type":"PropertyValueSpecification","valueRequired":true,"valueName":"search_term_string"}}],"inLanguage":"es"},{"@type":"Person","@id":"https:\/\/quehacerpolitico.mx\/#\/schema\/person\/496d8ad2d1d3f8036101dca7ee39e585","name":"Redacci\u00f3n QP","image":{"@type":"ImageObject","inLanguage":"es","@id":"https:\/\/secure.gravatar.com\/avatar\/c7164ed6fdec453195284ad24a5ae5b6e1eed2b848477fa2a4787ba9adf39a41?s=96&d=mm&r=g","url":"https:\/\/secure.gravatar.com\/avatar\/c7164ed6fdec453195284ad24a5ae5b6e1eed2b848477fa2a4787ba9adf39a41?s=96&d=mm&r=g","contentUrl":"https:\/\/secure.gravatar.com\/avatar\/c7164ed6fdec453195284ad24a5ae5b6e1eed2b848477fa2a4787ba9adf39a41?s=96&d=mm&r=g","caption":"Redacci\u00f3n QP"},"url":"https:\/\/quehacerpolitico.mx\/?author=2"}]}},"featured_image_urls":{"full":["https:\/\/quehacerpolitico.mx\/wp-content\/uploads\/2025\/10\/IMG_4616.jpeg",1170,645,false],"thumbnail":["https:\/\/quehacerpolitico.mx\/wp-content\/uploads\/2025\/10\/IMG_4616-150x150.jpeg",150,150,true],"medium":["https:\/\/quehacerpolitico.mx\/wp-content\/uploads\/2025\/10\/IMG_4616-300x165.jpeg",300,165,true],"medium_large":["https:\/\/quehacerpolitico.mx\/wp-content\/uploads\/2025\/10\/IMG_4616-768x423.jpeg",640,353,true],"large":["https:\/\/quehacerpolitico.mx\/wp-content\/uploads\/2025\/10\/IMG_4616-1024x565.jpeg",640,353,true],"1536x1536":["https:\/\/quehacerpolitico.mx\/wp-content\/uploads\/2025\/10\/IMG_4616.jpeg",1170,645,false],"2048x2048":["https:\/\/quehacerpolitico.mx\/wp-content\/uploads\/2025\/10\/IMG_4616.jpeg",1170,645,false],"covernews-featured":["https:\/\/quehacerpolitico.mx\/wp-content\/uploads\/2025\/10\/IMG_4616-1024x565.jpeg",1024,565,true],"covernews-medium":["https:\/\/quehacerpolitico.mx\/wp-content\/uploads\/2025\/10\/IMG_4616-540x340.jpeg",540,340,true]},"author_info":{"display_name":"Redacci\u00f3n QP","author_link":"https:\/\/quehacerpolitico.mx\/?author=2"},"category_info":"<a href=\"https:\/\/quehacerpolitico.mx\/?cat=280\" rel=\"category\">Nacionales<\/a> <a href=\"https:\/\/quehacerpolitico.mx\/?cat=2\" rel=\"category\">Noticias<\/a>","tag_info":"Noticias","comment_count":"0","_links":{"self":[{"href":"https:\/\/quehacerpolitico.mx\/index.php?rest_route=\/wp\/v2\/posts\/120006","targetHints":{"allow":["GET"]}}],"collection":[{"href":"https:\/\/quehacerpolitico.mx\/index.php?rest_route=\/wp\/v2\/posts"}],"about":[{"href":"https:\/\/quehacerpolitico.mx\/index.php?rest_route=\/wp\/v2\/types\/post"}],"author":[{"embeddable":true,"href":"https:\/\/quehacerpolitico.mx\/index.php?rest_route=\/wp\/v2\/users\/2"}],"replies":[{"embeddable":true,"href":"https:\/\/quehacerpolitico.mx\/index.php?rest_route=%2Fwp%2Fv2%2Fcomments&post=120006"}],"version-history":[{"count":1,"href":"https:\/\/quehacerpolitico.mx\/index.php?rest_route=\/wp\/v2\/posts\/120006\/revisions"}],"predecessor-version":[{"id":120008,"href":"https:\/\/quehacerpolitico.mx\/index.php?rest_route=\/wp\/v2\/posts\/120006\/revisions\/120008"}],"wp:featuredmedia":[{"embeddable":true,"href":"https:\/\/quehacerpolitico.mx\/index.php?rest_route=\/wp\/v2\/media\/120007"}],"wp:attachment":[{"href":"https:\/\/quehacerpolitico.mx\/index.php?rest_route=%2Fwp%2Fv2%2Fmedia&parent=120006"}],"wp:term":[{"taxonomy":"category","embeddable":true,"href":"https:\/\/quehacerpolitico.mx\/index.php?rest_route=%2Fwp%2Fv2%2Fcategories&post=120006"},{"taxonomy":"post_tag","embeddable":true,"href":"https:\/\/quehacerpolitico.mx\/index.php?rest_route=%2Fwp%2Fv2%2Ftags&post=120006"}],"curies":[{"name":"wp","href":"https:\/\/api.w.org\/{rel}","templated":true}]}}