{"id":119994,"date":"2025-10-23T12:34:00","date_gmt":"2025-10-23T18:34:00","guid":{"rendered":"https:\/\/quehacerpolitico.mx\/?p=119994"},"modified":"2025-10-23T12:34:02","modified_gmt":"2025-10-23T18:34:02","slug":"fce-regalara-2-5-millones-de-libros-a-traves-del-instituto-para-devolverle-al-pueblo-lo-robado","status":"publish","type":"post","link":"https:\/\/quehacerpolitico.mx\/?p=119994","title":{"rendered":"FCE regalar\u00e1 2.5 millones de libros a trav\u00e9s del Instituto para Devolverle al Pueblo lo Robado"},"content":{"rendered":"\n<p>Por Redacci\u00f3n QP<\/p>\n\n\n\n<p>La librer\u00eda del Fondo de Cultura Econ\u00f3mica, liderada por Paco Ignacio Taibo II, ha trabajado en este proyecto dirigido para adolescentes de toda Am\u00e9rica Latina<\/p>\n\n\n\n<p>Esta ma\u00f1ana,&nbsp;<mark>el director del Fondo de Cultura Econ\u00f3mica (FCE), Paco Ignacio Taibo II<\/mark>, dio a conocer que el Gobierno de M\u00e9xico, en alianza con otros gobiernos de Am\u00e9rica Latina, llevar\u00e1n a cabo&nbsp;<strong>la distribuci\u00f3n gratuita de 2 millones y medio de libros para adolescentes en todo el continente.<\/strong><\/p>\n\n\n\n<p>El tambi\u00e9n escritor inform\u00f3 que este proyecto entre la librer\u00eda y la actual Administraci\u00f3n, a trav\u00e9s del&nbsp;<mark>Instituto para Devolverle al Pueblo lo Robado (Indep)<\/mark>, se ha estado planificando desde hace 2 a\u00f1os y medio y terminar\u00e1 por ejecutarse en diciembre de este a\u00f1o.<\/p>\n\n\n\n<p>&#8220;<mark>Se tuvo que hacer una ampl\u00edsima labor de cocina y de contactos y de relaciones y de acuerdos con gobiernos, con instituciones gubernamentales del segundo nivel, y nos fue permitiendo trazar un mapa de alianzas. Para que esto pueda producirse tuvimos que obtener un financiamiento m\u00faltiple, el cual organiz\u00f3 la Presidenta desde el Instituto para Devolverle al Pueblo lo Robado, pero pa\u00eds por pa\u00eds fueron aportando<\/mark>&#8220;, declar\u00f3 el director.<\/p>\n\n\n\n<figure class=\"wp-block-embed is-type-rich is-provider-twitter wp-block-embed-twitter\"><div class=\"wp-block-embed__wrapper\">\n<blockquote class=\"twitter-tweet\" data-width=\"550\" data-dnt=\"true\"><p lang=\"es\" dir=\"ltr\">\ud83d\udcdaEl Fondo de Cultura Econ\u00f3mica lanzar\u00e1 una iniciativa regional: entregar\u00e1 2.5 millones de libros gratuitos a j\u00f3venes de entre 15 y 30 a\u00f1os en toda Latinoam\u00e9rica.<br><br>El pr\u00f3ximo 17 de diciembre, la presidenta Claudia Sheinbaum encabezar\u00e1 la entrega en el Z\u00f3calo de la CDMX, mientras\u2026 <a href=\"https:\/\/t.co\/IPDcdDuht8\">pic.twitter.com\/IPDcdDuht8<\/a><\/p>&mdash; Azucena Uresti (@azucenau) <a href=\"https:\/\/twitter.com\/azucenau\/status\/1981372200021045608?ref_src=twsrc%5Etfw\">October 23, 2025<\/a><\/blockquote><script async src=\"https:\/\/platform.twitter.com\/widgets.js\" charset=\"utf-8\"><\/script>\n<\/div><\/figure>\n\n\n\n<p>Taibo II dijo que se cont\u00f3 con el apoyo de los gobiernos de Colombia, Cuba, Argentina, Venezuela, entre otros, mismos que se unieron al proyecto a trav\u00e9s de convenios. Desde Palacio Nacional, y con mucho humor, el autor comparti\u00f3 m\u00e1s detalles.<\/p>\n\n\n\n<p>&#8220;<mark>La idea era libros para adolescentes: fijamos la edad entre 15 a 30 a\u00f1os [&#8230;] fijamos la colecci\u00f3n en los marcos de la gran literatura latinoamericana de finales del siglo pasado [&#8230;] hoy los j\u00f3venes no la est\u00e1n leyendo y este vac\u00edo de lectura provocaba un vac\u00edo doloroso, entonces \u00bfpor qu\u00e9 no est\u00e1n leyendo a Garc\u00eda M\u00e1rquez, a Onetti, a Sergio Ram\u00edrez? Hacia ellos va dirigida la colecci\u00f3n<\/mark>.&#8221;<\/p>\n\n\n\n<p>El autor y tambi\u00e9n director del FCE mencion\u00f3 algunas de las dificultades para poder llevar a cabo esta colecci\u00f3n, entre ellas el contacto con las viudas de los autores y las negociaciones con las editoriales a las que les pertenec\u00edan los derechos de autor de las obras.<\/p>\n\n\n\n<figure class=\"wp-block-image\" id=\"cnt_img_7434\"><img decoding=\"async\" src=\"https:\/\/www.informador.mx\/__export\/1761231211816\/sites\/elinformador\/img\/2025\/10\/23\/captura_de_pantalla_2025-10-23_081106.png_1014125481.png\" alt=\"La colecci\u00f3n estar\u00e1 compuesta por 25 libros y en 2026 podr\u00eda ampliarse hasta 28, siempre y cuando se logren los acuerdos con las editoriales. YT \/ Claudia Sheinbaum Pardo\u00a0\" title=\"La colecci\u00f3n estar\u00e1 compuesta por 25 libros y en 2026 podr\u00eda ampliarse hasta 28, siempre y cuando se logren los acuerdos con las editoriales. YT \/ Claudia Sheinbaum Pardo\u00a0\"\/><figcaption class=\"wp-element-caption\">La colecci\u00f3n estar\u00e1 compuesta por 25 libros y en 2026 podr\u00eda ampliarse hasta 28, siempre y cuando se logren los acuerdos con las editoriales. YT \/ Claudia Sheinbaum Pardo&nbsp;&nbsp;<\/figcaption><\/figure>\n\n\n\n<p>Los libros se regalar\u00e1n desde todas las sucursales del FCE distribuidas por toda Am\u00e9rica Latina. Varias asociaciones civiles se unir\u00e1n a los trabajos de distribuci\u00f3n. Cerca de 14 pa\u00edses ser\u00e1n parte de este proyecto masivo de fomento a la lectura.&nbsp;<mark><strong>El 17 de diciembre se abrir\u00e1n las cajas de libros en 200 lugares del sur del continente.<\/strong><\/mark><\/p>\n","protected":false},"excerpt":{"rendered":"<p>Por Redacci\u00f3n QP La librer\u00eda del Fondo de Cultura Econ\u00f3mica, liderada por Paco Ignacio Taibo&#8230;<\/p>\n","protected":false},"author":2,"featured_media":119995,"comment_status":"open","ping_status":"open","sticky":false,"template":"","format":"standard","meta":{"_monsterinsights_skip_tracking":false,"_monsterinsights_sitenote_active":false,"_monsterinsights_sitenote_note":"","_monsterinsights_sitenote_category":0,"footnotes":""},"categories":[58],"tags":[],"class_list":["post-119994","post","type-post","status-publish","format-standard","has-post-thumbnail","hentry","category-cultura"],"yoast_head":"<!-- This site is optimized with the Yoast SEO plugin v27.3 - https:\/\/yoast.com\/product\/yoast-seo-wordpress\/ -->\n<title>FCE regalar\u00e1 2.5 millones de libros a trav\u00e9s del Instituto para Devolverle al Pueblo lo Robado -<\/title>\n<meta name=\"robots\" content=\"index, follow, max-snippet:-1, max-image-preview:large, max-video-preview:-1\" \/>\n<link rel=\"canonical\" href=\"https:\/\/quehacerpolitico.mx\/?p=119994\" \/>\n<meta property=\"og:locale\" content=\"es_MX\" \/>\n<meta property=\"og:type\" content=\"article\" \/>\n<meta property=\"og:title\" content=\"FCE regalar\u00e1 2.5 millones de libros a trav\u00e9s del Instituto para Devolverle al Pueblo lo Robado -\" \/>\n<meta property=\"og:description\" content=\"Por Redacci\u00f3n QP La librer\u00eda del Fondo de Cultura Econ\u00f3mica, liderada por Paco Ignacio Taibo...\" \/>\n<meta property=\"og:url\" content=\"https:\/\/quehacerpolitico.mx\/?p=119994\" \/>\n<meta property=\"article:published_time\" content=\"2025-10-23T18:34:00+00:00\" \/>\n<meta property=\"article:modified_time\" content=\"2025-10-23T18:34:02+00:00\" \/>\n<meta property=\"og:image\" content=\"https:\/\/quehacerpolitico.mx\/wp-content\/uploads\/2025\/10\/IMG_4609.jpeg\" \/>\n\t<meta property=\"og:image:width\" content=\"1170\" \/>\n\t<meta property=\"og:image:height\" content=\"649\" \/>\n\t<meta property=\"og:image:type\" content=\"image\/jpeg\" \/>\n<meta name=\"author\" content=\"Redacci\u00f3n QP\" \/>\n<meta name=\"twitter:card\" content=\"summary_large_image\" \/>\n<meta name=\"twitter:label1\" content=\"Escrito por\" \/>\n\t<meta name=\"twitter:data1\" content=\"Redacci\u00f3n QP\" \/>\n\t<meta name=\"twitter:label2\" content=\"Tiempo de lectura\" \/>\n\t<meta name=\"twitter:data2\" content=\"2 minutos\" \/>\n<script type=\"application\/ld+json\" class=\"yoast-schema-graph\">{\"@context\":\"https:\\\/\\\/schema.org\",\"@graph\":[{\"@type\":\"Article\",\"@id\":\"https:\\\/\\\/quehacerpolitico.mx\\\/?p=119994#article\",\"isPartOf\":{\"@id\":\"https:\\\/\\\/quehacerpolitico.mx\\\/?p=119994\"},\"author\":{\"name\":\"Redacci\u00f3n QP\",\"@id\":\"https:\\\/\\\/quehacerpolitico.mx\\\/#\\\/schema\\\/person\\\/496d8ad2d1d3f8036101dca7ee39e585\"},\"headline\":\"FCE regalar\u00e1 2.5 millones de libros a trav\u00e9s del Instituto para Devolverle al Pueblo lo Robado\",\"datePublished\":\"2025-10-23T18:34:00+00:00\",\"dateModified\":\"2025-10-23T18:34:02+00:00\",\"mainEntityOfPage\":{\"@id\":\"https:\\\/\\\/quehacerpolitico.mx\\\/?p=119994\"},\"wordCount\":492,\"commentCount\":0,\"image\":{\"@id\":\"https:\\\/\\\/quehacerpolitico.mx\\\/?p=119994#primaryimage\"},\"thumbnailUrl\":\"https:\\\/\\\/quehacerpolitico.mx\\\/wp-content\\\/uploads\\\/2025\\\/10\\\/IMG_4609.jpeg\",\"articleSection\":[\"Cultura y Entretenimiento\"],\"inLanguage\":\"es\",\"potentialAction\":[{\"@type\":\"CommentAction\",\"name\":\"Comment\",\"target\":[\"https:\\\/\\\/quehacerpolitico.mx\\\/?p=119994#respond\"]}]},{\"@type\":\"WebPage\",\"@id\":\"https:\\\/\\\/quehacerpolitico.mx\\\/?p=119994\",\"url\":\"https:\\\/\\\/quehacerpolitico.mx\\\/?p=119994\",\"name\":\"FCE regalar\u00e1 2.5 millones de libros a trav\u00e9s del Instituto para Devolverle al Pueblo lo Robado -\",\"isPartOf\":{\"@id\":\"https:\\\/\\\/quehacerpolitico.mx\\\/#website\"},\"primaryImageOfPage\":{\"@id\":\"https:\\\/\\\/quehacerpolitico.mx\\\/?p=119994#primaryimage\"},\"image\":{\"@id\":\"https:\\\/\\\/quehacerpolitico.mx\\\/?p=119994#primaryimage\"},\"thumbnailUrl\":\"https:\\\/\\\/quehacerpolitico.mx\\\/wp-content\\\/uploads\\\/2025\\\/10\\\/IMG_4609.jpeg\",\"datePublished\":\"2025-10-23T18:34:00+00:00\",\"dateModified\":\"2025-10-23T18:34:02+00:00\",\"author\":{\"@id\":\"https:\\\/\\\/quehacerpolitico.mx\\\/#\\\/schema\\\/person\\\/496d8ad2d1d3f8036101dca7ee39e585\"},\"breadcrumb\":{\"@id\":\"https:\\\/\\\/quehacerpolitico.mx\\\/?p=119994#breadcrumb\"},\"inLanguage\":\"es\",\"potentialAction\":[{\"@type\":\"ReadAction\",\"target\":[\"https:\\\/\\\/quehacerpolitico.mx\\\/?p=119994\"]}]},{\"@type\":\"ImageObject\",\"inLanguage\":\"es\",\"@id\":\"https:\\\/\\\/quehacerpolitico.mx\\\/?p=119994#primaryimage\",\"url\":\"https:\\\/\\\/quehacerpolitico.mx\\\/wp-content\\\/uploads\\\/2025\\\/10\\\/IMG_4609.jpeg\",\"contentUrl\":\"https:\\\/\\\/quehacerpolitico.mx\\\/wp-content\\\/uploads\\\/2025\\\/10\\\/IMG_4609.jpeg\",\"width\":1170,\"height\":649,\"caption\":\"Screenshot\"},{\"@type\":\"BreadcrumbList\",\"@id\":\"https:\\\/\\\/quehacerpolitico.mx\\\/?p=119994#breadcrumb\",\"itemListElement\":[{\"@type\":\"ListItem\",\"position\":1,\"name\":\"Inicio\",\"item\":\"https:\\\/\\\/quehacerpolitico.mx\\\/\"},{\"@type\":\"ListItem\",\"position\":2,\"name\":\"FCE regalar\u00e1 2.5 millones de libros a trav\u00e9s del Instituto para Devolverle al Pueblo lo Robado\"}]},{\"@type\":\"WebSite\",\"@id\":\"https:\\\/\\\/quehacerpolitico.mx\\\/#website\",\"url\":\"https:\\\/\\\/quehacerpolitico.mx\\\/\",\"name\":\"\",\"description\":\"\",\"potentialAction\":[{\"@type\":\"SearchAction\",\"target\":{\"@type\":\"EntryPoint\",\"urlTemplate\":\"https:\\\/\\\/quehacerpolitico.mx\\\/?s={search_term_string}\"},\"query-input\":{\"@type\":\"PropertyValueSpecification\",\"valueRequired\":true,\"valueName\":\"search_term_string\"}}],\"inLanguage\":\"es\"},{\"@type\":\"Person\",\"@id\":\"https:\\\/\\\/quehacerpolitico.mx\\\/#\\\/schema\\\/person\\\/496d8ad2d1d3f8036101dca7ee39e585\",\"name\":\"Redacci\u00f3n QP\",\"image\":{\"@type\":\"ImageObject\",\"inLanguage\":\"es\",\"@id\":\"https:\\\/\\\/secure.gravatar.com\\\/avatar\\\/c7164ed6fdec453195284ad24a5ae5b6e1eed2b848477fa2a4787ba9adf39a41?s=96&d=mm&r=g\",\"url\":\"https:\\\/\\\/secure.gravatar.com\\\/avatar\\\/c7164ed6fdec453195284ad24a5ae5b6e1eed2b848477fa2a4787ba9adf39a41?s=96&d=mm&r=g\",\"contentUrl\":\"https:\\\/\\\/secure.gravatar.com\\\/avatar\\\/c7164ed6fdec453195284ad24a5ae5b6e1eed2b848477fa2a4787ba9adf39a41?s=96&d=mm&r=g\",\"caption\":\"Redacci\u00f3n QP\"},\"url\":\"https:\\\/\\\/quehacerpolitico.mx\\\/?author=2\"}]}<\/script>\n<!-- \/ Yoast SEO plugin. -->","yoast_head_json":{"title":"FCE regalar\u00e1 2.5 millones de libros a trav\u00e9s del Instituto para Devolverle al Pueblo lo Robado -","robots":{"index":"index","follow":"follow","max-snippet":"max-snippet:-1","max-image-preview":"max-image-preview:large","max-video-preview":"max-video-preview:-1"},"canonical":"https:\/\/quehacerpolitico.mx\/?p=119994","og_locale":"es_MX","og_type":"article","og_title":"FCE regalar\u00e1 2.5 millones de libros a trav\u00e9s del Instituto para Devolverle al Pueblo lo Robado -","og_description":"Por Redacci\u00f3n QP La librer\u00eda del Fondo de Cultura Econ\u00f3mica, liderada por Paco Ignacio Taibo...","og_url":"https:\/\/quehacerpolitico.mx\/?p=119994","article_published_time":"2025-10-23T18:34:00+00:00","article_modified_time":"2025-10-23T18:34:02+00:00","og_image":[{"width":1170,"height":649,"url":"https:\/\/quehacerpolitico.mx\/wp-content\/uploads\/2025\/10\/IMG_4609.jpeg","type":"image\/jpeg"}],"author":"Redacci\u00f3n QP","twitter_card":"summary_large_image","twitter_misc":{"Escrito por":"Redacci\u00f3n QP","Tiempo de lectura":"2 minutos"},"schema":{"@context":"https:\/\/schema.org","@graph":[{"@type":"Article","@id":"https:\/\/quehacerpolitico.mx\/?p=119994#article","isPartOf":{"@id":"https:\/\/quehacerpolitico.mx\/?p=119994"},"author":{"name":"Redacci\u00f3n QP","@id":"https:\/\/quehacerpolitico.mx\/#\/schema\/person\/496d8ad2d1d3f8036101dca7ee39e585"},"headline":"FCE regalar\u00e1 2.5 millones de libros a trav\u00e9s del Instituto para Devolverle al Pueblo lo Robado","datePublished":"2025-10-23T18:34:00+00:00","dateModified":"2025-10-23T18:34:02+00:00","mainEntityOfPage":{"@id":"https:\/\/quehacerpolitico.mx\/?p=119994"},"wordCount":492,"commentCount":0,"image":{"@id":"https:\/\/quehacerpolitico.mx\/?p=119994#primaryimage"},"thumbnailUrl":"https:\/\/quehacerpolitico.mx\/wp-content\/uploads\/2025\/10\/IMG_4609.jpeg","articleSection":["Cultura y Entretenimiento"],"inLanguage":"es","potentialAction":[{"@type":"CommentAction","name":"Comment","target":["https:\/\/quehacerpolitico.mx\/?p=119994#respond"]}]},{"@type":"WebPage","@id":"https:\/\/quehacerpolitico.mx\/?p=119994","url":"https:\/\/quehacerpolitico.mx\/?p=119994","name":"FCE regalar\u00e1 2.5 millones de libros a trav\u00e9s del Instituto para Devolverle al Pueblo lo Robado -","isPartOf":{"@id":"https:\/\/quehacerpolitico.mx\/#website"},"primaryImageOfPage":{"@id":"https:\/\/quehacerpolitico.mx\/?p=119994#primaryimage"},"image":{"@id":"https:\/\/quehacerpolitico.mx\/?p=119994#primaryimage"},"thumbnailUrl":"https:\/\/quehacerpolitico.mx\/wp-content\/uploads\/2025\/10\/IMG_4609.jpeg","datePublished":"2025-10-23T18:34:00+00:00","dateModified":"2025-10-23T18:34:02+00:00","author":{"@id":"https:\/\/quehacerpolitico.mx\/#\/schema\/person\/496d8ad2d1d3f8036101dca7ee39e585"},"breadcrumb":{"@id":"https:\/\/quehacerpolitico.mx\/?p=119994#breadcrumb"},"inLanguage":"es","potentialAction":[{"@type":"ReadAction","target":["https:\/\/quehacerpolitico.mx\/?p=119994"]}]},{"@type":"ImageObject","inLanguage":"es","@id":"https:\/\/quehacerpolitico.mx\/?p=119994#primaryimage","url":"https:\/\/quehacerpolitico.mx\/wp-content\/uploads\/2025\/10\/IMG_4609.jpeg","contentUrl":"https:\/\/quehacerpolitico.mx\/wp-content\/uploads\/2025\/10\/IMG_4609.jpeg","width":1170,"height":649,"caption":"Screenshot"},{"@type":"BreadcrumbList","@id":"https:\/\/quehacerpolitico.mx\/?p=119994#breadcrumb","itemListElement":[{"@type":"ListItem","position":1,"name":"Inicio","item":"https:\/\/quehacerpolitico.mx\/"},{"@type":"ListItem","position":2,"name":"FCE regalar\u00e1 2.5 millones de libros a trav\u00e9s del Instituto para Devolverle al Pueblo lo Robado"}]},{"@type":"WebSite","@id":"https:\/\/quehacerpolitico.mx\/#website","url":"https:\/\/quehacerpolitico.mx\/","name":"","description":"","potentialAction":[{"@type":"SearchAction","target":{"@type":"EntryPoint","urlTemplate":"https:\/\/quehacerpolitico.mx\/?s={search_term_string}"},"query-input":{"@type":"PropertyValueSpecification","valueRequired":true,"valueName":"search_term_string"}}],"inLanguage":"es"},{"@type":"Person","@id":"https:\/\/quehacerpolitico.mx\/#\/schema\/person\/496d8ad2d1d3f8036101dca7ee39e585","name":"Redacci\u00f3n QP","image":{"@type":"ImageObject","inLanguage":"es","@id":"https:\/\/secure.gravatar.com\/avatar\/c7164ed6fdec453195284ad24a5ae5b6e1eed2b848477fa2a4787ba9adf39a41?s=96&d=mm&r=g","url":"https:\/\/secure.gravatar.com\/avatar\/c7164ed6fdec453195284ad24a5ae5b6e1eed2b848477fa2a4787ba9adf39a41?s=96&d=mm&r=g","contentUrl":"https:\/\/secure.gravatar.com\/avatar\/c7164ed6fdec453195284ad24a5ae5b6e1eed2b848477fa2a4787ba9adf39a41?s=96&d=mm&r=g","caption":"Redacci\u00f3n QP"},"url":"https:\/\/quehacerpolitico.mx\/?author=2"}]}},"featured_image_urls":{"full":["https:\/\/quehacerpolitico.mx\/wp-content\/uploads\/2025\/10\/IMG_4609.jpeg",1170,649,false],"thumbnail":["https:\/\/quehacerpolitico.mx\/wp-content\/uploads\/2025\/10\/IMG_4609-150x150.jpeg",150,150,true],"medium":["https:\/\/quehacerpolitico.mx\/wp-content\/uploads\/2025\/10\/IMG_4609-300x166.jpeg",300,166,true],"medium_large":["https:\/\/quehacerpolitico.mx\/wp-content\/uploads\/2025\/10\/IMG_4609-768x426.jpeg",640,355,true],"large":["https:\/\/quehacerpolitico.mx\/wp-content\/uploads\/2025\/10\/IMG_4609-1024x568.jpeg",640,355,true],"1536x1536":["https:\/\/quehacerpolitico.mx\/wp-content\/uploads\/2025\/10\/IMG_4609.jpeg",1170,649,false],"2048x2048":["https:\/\/quehacerpolitico.mx\/wp-content\/uploads\/2025\/10\/IMG_4609.jpeg",1170,649,false],"covernews-featured":["https:\/\/quehacerpolitico.mx\/wp-content\/uploads\/2025\/10\/IMG_4609-1024x568.jpeg",1024,568,true],"covernews-medium":["https:\/\/quehacerpolitico.mx\/wp-content\/uploads\/2025\/10\/IMG_4609-540x340.jpeg",540,340,true]},"author_info":{"display_name":"Redacci\u00f3n QP","author_link":"https:\/\/quehacerpolitico.mx\/?author=2"},"category_info":"<a href=\"https:\/\/quehacerpolitico.mx\/?cat=58\" rel=\"category\">Cultura y Entretenimiento<\/a>","tag_info":"Cultura y Entretenimiento","comment_count":"0","_links":{"self":[{"href":"https:\/\/quehacerpolitico.mx\/index.php?rest_route=\/wp\/v2\/posts\/119994","targetHints":{"allow":["GET"]}}],"collection":[{"href":"https:\/\/quehacerpolitico.mx\/index.php?rest_route=\/wp\/v2\/posts"}],"about":[{"href":"https:\/\/quehacerpolitico.mx\/index.php?rest_route=\/wp\/v2\/types\/post"}],"author":[{"embeddable":true,"href":"https:\/\/quehacerpolitico.mx\/index.php?rest_route=\/wp\/v2\/users\/2"}],"replies":[{"embeddable":true,"href":"https:\/\/quehacerpolitico.mx\/index.php?rest_route=%2Fwp%2Fv2%2Fcomments&post=119994"}],"version-history":[{"count":1,"href":"https:\/\/quehacerpolitico.mx\/index.php?rest_route=\/wp\/v2\/posts\/119994\/revisions"}],"predecessor-version":[{"id":119996,"href":"https:\/\/quehacerpolitico.mx\/index.php?rest_route=\/wp\/v2\/posts\/119994\/revisions\/119996"}],"wp:featuredmedia":[{"embeddable":true,"href":"https:\/\/quehacerpolitico.mx\/index.php?rest_route=\/wp\/v2\/media\/119995"}],"wp:attachment":[{"href":"https:\/\/quehacerpolitico.mx\/index.php?rest_route=%2Fwp%2Fv2%2Fmedia&parent=119994"}],"wp:term":[{"taxonomy":"category","embeddable":true,"href":"https:\/\/quehacerpolitico.mx\/index.php?rest_route=%2Fwp%2Fv2%2Fcategories&post=119994"},{"taxonomy":"post_tag","embeddable":true,"href":"https:\/\/quehacerpolitico.mx\/index.php?rest_route=%2Fwp%2Fv2%2Ftags&post=119994"}],"curies":[{"name":"wp","href":"https:\/\/api.w.org\/{rel}","templated":true}]}}