{"id":119981,"date":"2025-10-22T21:26:03","date_gmt":"2025-10-23T03:26:03","guid":{"rendered":"https:\/\/quehacerpolitico.mx\/?p=119981"},"modified":"2025-10-22T21:26:04","modified_gmt":"2025-10-23T03:26:04","slug":"senado-autoriza-licencia-a-fernandez-norona-no-voy-a-hacer-turismo-asegura","status":"publish","type":"post","link":"https:\/\/quehacerpolitico.mx\/?p=119981","title":{"rendered":"Senado autoriza licencia a Fern\u00e1ndez Noro\u00f1a; \u201cno voy a hacer turismo\u201d, asegura"},"content":{"rendered":"\n<p>Por Redacci\u00f3n QP<\/p>\n\n\n\n<p>El legislador afirm\u00f3 que no contravino ninguna ley al aceptar el pago del vuelo por parte del gobierno de Emiratos \u00c1rabes<\/p>\n\n\n\n<p>El pleno del&nbsp;<strong>Senado<\/strong>&nbsp;de la Rep\u00fablica aprob\u00f3 la&nbsp;<strong>licencia<\/strong>&nbsp;al morenista&nbsp;<strong>Gerardo Fern\u00e1ndez Noro\u00f1a<\/strong>&nbsp;para que visite&nbsp;<strong>Palestina<\/strong>.&nbsp;<\/p>\n\n\n\n<p>\u201cSe concede licencia al senador Jos\u00e9 Gerardo Rodolfo Fern\u00e1ndez&nbsp;<strong>Noro\u00f1a<\/strong>para separarse de sus funciones legislativas del 23 de octubre al 2 de noviembre de 2025\u201d, mencion\u00f3 la presidenta del Senado,&nbsp;<strong>Laura Itzel Castillo<\/strong>.&nbsp;<\/p>\n\n\n\n<p>Entrevistado, Fern\u00e1ndez Noro\u00f1a afirm\u00f3 que no contravino ninguna&nbsp;<strong>ley&nbsp;<\/strong>al aceptar el pago del vuelo por parte del&nbsp;<strong>gobierno<\/strong> de <strong>Emiratos \u00c1rabes<\/strong>, e incluso ret\u00f3 a quienes as\u00ed lo han se\u00f1alado, a presentar una&nbsp;<strong>denuncia<\/strong>&nbsp;en su contra.<\/p>\n\n\n\n<p>El legislador asegur\u00f3 que quienes han cuestionado su decisi\u00f3n de acudir a&nbsp;<strong>Palestina<\/strong>, es porque est\u00e1n en favor de los cr\u00edmenes que se cometen contra sus habitantes.<\/p>\n\n\n\n<p>\u201cHay una invitaci\u00f3n. Y cualquier\u00a0<strong>senador<\/strong>, senadora, ha recibido y seguir\u00e1 recibiendo. Y seguir\u00e1 atendiendo invitaciones. Dime en qu\u00e9 viola la ley. Dime qu\u00e9 dice ah\u00ed que tienes prohibido recibir invitaciones.<\/p>\n\n\n\n<figure class=\"wp-block-embed is-type-rich is-provider-twitter wp-block-embed-twitter\"><div class=\"wp-block-embed__wrapper\">\n<blockquote class=\"twitter-tweet\" data-width=\"550\" data-dnt=\"true\"><p lang=\"es\" dir=\"ltr\"><a href=\"https:\/\/twitter.com\/hashtag\/QPMX?src=hash&amp;ref_src=twsrc%5Etfw\">#QPMX<\/a> <a href=\"https:\/\/twitter.com\/hashtag\/QuehacerPolitico?src=hash&amp;ref_src=twsrc%5Etfw\">#QuehacerPolitico<\/a> <a href=\"https:\/\/twitter.com\/hashtag\/InquiruendoLaNoticia?src=hash&amp;ref_src=twsrc%5Etfw\">#InquiruendoLaNoticia<\/a> <br><br>&quot;Dime en qu\u00e9 viola la ley&quot;, <a href=\"https:\/\/twitter.com\/fernandeznorona?ref_src=twsrc%5Etfw\">@fernandeznorona<\/a> defiende su vuelo a Palestina, pagado por Emiratos \u00c1rabes.<br><br>La Ley General de Responsabilidades Administrativas proh\u00edbe en los art\u00edculos 7 fracci\u00f3n II, 40, 52 y 66 recibir regalos. <a href=\"https:\/\/t.co\/82wAsUbaeK\">pic.twitter.com\/82wAsUbaeK<\/a><\/p>&mdash; Quehacer Pol\u00edtico (@QueHacerPolitic) <a href=\"https:\/\/twitter.com\/QueHacerPolitic\/status\/1981085732241342809?ref_src=twsrc%5Etfw\">October 22, 2025<\/a><\/blockquote><script async src=\"https:\/\/platform.twitter.com\/widgets.js\" charset=\"utf-8\"><\/script>\n<\/div><\/figure>\n\n\n\n<p>\u201cNo voy de vacaciones, se\u00f1ores. No voy a divertirme. No, no voy a hacer turismo pol\u00edtico. Me parece que&nbsp;<strong>Palestina&nbsp;<\/strong>no es en este momento un lugar donde me puedan decir que estoy haciendo turismo pol\u00edtico\u201d, afirm\u00f3 el morenista.&nbsp;<\/p>\n\n\n\n<p>El presidente de la Junta de&nbsp;<strong>Coordinaci\u00f3n Pol\u00edtica del Senado<\/strong>,&nbsp;<strong>Ad\u00e1n Augusto<\/strong>&nbsp;L\u00f3pez, afirm\u00f3 que su compa\u00f1ero de bancada no viol\u00f3 ninguna ley al aceptar el viaje.&nbsp;<\/p>\n\n\n\n<p>\u201cYo creo que, como siempre, van a buscarle donde no lo hay. Sucede que hay un senador lo invita un pa\u00eds con el que M\u00e9xico mantiene relaciones diplom\u00e1ticas y relaciones comerciales como son los<strong>&nbsp;Emirates \u00c1rabes Unidos<\/strong>, como en otras ocasiones otros compa\u00f1eros fueron invitados por el gobierno franc\u00e9s, por el gobierno&nbsp;<strong>peruano<\/strong>\u201d, sostuvo.&nbsp;&nbsp;<\/p>\n\n\n\n<p>Sobre este tema, el senador del&nbsp;<strong>PRI<\/strong>,&nbsp;<strong>Alejandro Moreno C\u00e1rdenas<\/strong>, calific\u00f3 Fern\u00e1ndez como una&nbsp;<strong>verg\u00fcenza<\/strong>.&nbsp;<\/p>\n\n\n\n<p>\u201cEs un cobarde, es un mis\u00f3gino, es un corrupto, deber\u00eda estar en la c\u00e1rcel, ese si es un sinverg\u00fcenza. Luego la forma de aplacarlos es ponerles dos o tres correctivos, pero es incre\u00edble que haga eso\u201d, plante\u00f3.<\/p>\n","protected":false},"excerpt":{"rendered":"<p>Por Redacci\u00f3n QP El legislador afirm\u00f3 que no contravino ninguna ley al aceptar el pago&#8230;<\/p>\n","protected":false},"author":2,"featured_media":119982,"comment_status":"open","ping_status":"open","sticky":false,"template":"","format":"standard","meta":{"_monsterinsights_skip_tracking":false,"_monsterinsights_sitenote_active":false,"_monsterinsights_sitenote_note":"","_monsterinsights_sitenote_category":0,"footnotes":""},"categories":[280,2],"tags":[],"class_list":["post-119981","post","type-post","status-publish","format-standard","has-post-thumbnail","hentry","category-nacionales","category-noticias"],"yoast_head":"<!-- This site is optimized with the Yoast SEO plugin v27.3 - https:\/\/yoast.com\/product\/yoast-seo-wordpress\/ -->\n<title>Senado autoriza licencia a Fern\u00e1ndez Noro\u00f1a; \u201cno voy a hacer turismo\u201d, asegura -<\/title>\n<meta name=\"robots\" content=\"index, follow, max-snippet:-1, max-image-preview:large, max-video-preview:-1\" \/>\n<link rel=\"canonical\" href=\"https:\/\/quehacerpolitico.mx\/?p=119981\" \/>\n<meta property=\"og:locale\" content=\"es_MX\" \/>\n<meta property=\"og:type\" content=\"article\" \/>\n<meta property=\"og:title\" content=\"Senado autoriza licencia a Fern\u00e1ndez Noro\u00f1a; \u201cno voy a hacer turismo\u201d, asegura -\" \/>\n<meta property=\"og:description\" content=\"Por Redacci\u00f3n QP El legislador afirm\u00f3 que no contravino ninguna ley al aceptar el pago...\" \/>\n<meta property=\"og:url\" content=\"https:\/\/quehacerpolitico.mx\/?p=119981\" \/>\n<meta property=\"article:published_time\" content=\"2025-10-23T03:26:03+00:00\" \/>\n<meta property=\"article:modified_time\" content=\"2025-10-23T03:26:04+00:00\" \/>\n<meta property=\"og:image\" content=\"https:\/\/quehacerpolitico.mx\/wp-content\/uploads\/2025\/10\/IMG_4599.jpeg\" \/>\n\t<meta property=\"og:image:width\" content=\"1170\" \/>\n\t<meta property=\"og:image:height\" content=\"646\" \/>\n\t<meta property=\"og:image:type\" content=\"image\/jpeg\" \/>\n<meta name=\"author\" content=\"Redacci\u00f3n QP\" \/>\n<meta name=\"twitter:card\" content=\"summary_large_image\" \/>\n<meta name=\"twitter:label1\" content=\"Escrito por\" \/>\n\t<meta name=\"twitter:data1\" content=\"Redacci\u00f3n QP\" \/>\n\t<meta name=\"twitter:label2\" content=\"Tiempo de lectura\" \/>\n\t<meta name=\"twitter:data2\" content=\"2 minutos\" \/>\n<script type=\"application\/ld+json\" class=\"yoast-schema-graph\">{\"@context\":\"https:\\\/\\\/schema.org\",\"@graph\":[{\"@type\":\"Article\",\"@id\":\"https:\\\/\\\/quehacerpolitico.mx\\\/?p=119981#article\",\"isPartOf\":{\"@id\":\"https:\\\/\\\/quehacerpolitico.mx\\\/?p=119981\"},\"author\":{\"name\":\"Redacci\u00f3n QP\",\"@id\":\"https:\\\/\\\/quehacerpolitico.mx\\\/#\\\/schema\\\/person\\\/496d8ad2d1d3f8036101dca7ee39e585\"},\"headline\":\"Senado autoriza licencia a Fern\u00e1ndez Noro\u00f1a; \u201cno voy a hacer turismo\u201d, asegura\",\"datePublished\":\"2025-10-23T03:26:03+00:00\",\"dateModified\":\"2025-10-23T03:26:04+00:00\",\"mainEntityOfPage\":{\"@id\":\"https:\\\/\\\/quehacerpolitico.mx\\\/?p=119981\"},\"wordCount\":427,\"commentCount\":0,\"image\":{\"@id\":\"https:\\\/\\\/quehacerpolitico.mx\\\/?p=119981#primaryimage\"},\"thumbnailUrl\":\"https:\\\/\\\/quehacerpolitico.mx\\\/wp-content\\\/uploads\\\/2025\\\/10\\\/IMG_4599.jpeg\",\"articleSection\":[\"Nacionales\",\"Noticias\"],\"inLanguage\":\"es\",\"potentialAction\":[{\"@type\":\"CommentAction\",\"name\":\"Comment\",\"target\":[\"https:\\\/\\\/quehacerpolitico.mx\\\/?p=119981#respond\"]}]},{\"@type\":\"WebPage\",\"@id\":\"https:\\\/\\\/quehacerpolitico.mx\\\/?p=119981\",\"url\":\"https:\\\/\\\/quehacerpolitico.mx\\\/?p=119981\",\"name\":\"Senado autoriza licencia a Fern\u00e1ndez Noro\u00f1a; \u201cno voy a hacer turismo\u201d, asegura -\",\"isPartOf\":{\"@id\":\"https:\\\/\\\/quehacerpolitico.mx\\\/#website\"},\"primaryImageOfPage\":{\"@id\":\"https:\\\/\\\/quehacerpolitico.mx\\\/?p=119981#primaryimage\"},\"image\":{\"@id\":\"https:\\\/\\\/quehacerpolitico.mx\\\/?p=119981#primaryimage\"},\"thumbnailUrl\":\"https:\\\/\\\/quehacerpolitico.mx\\\/wp-content\\\/uploads\\\/2025\\\/10\\\/IMG_4599.jpeg\",\"datePublished\":\"2025-10-23T03:26:03+00:00\",\"dateModified\":\"2025-10-23T03:26:04+00:00\",\"author\":{\"@id\":\"https:\\\/\\\/quehacerpolitico.mx\\\/#\\\/schema\\\/person\\\/496d8ad2d1d3f8036101dca7ee39e585\"},\"breadcrumb\":{\"@id\":\"https:\\\/\\\/quehacerpolitico.mx\\\/?p=119981#breadcrumb\"},\"inLanguage\":\"es\",\"potentialAction\":[{\"@type\":\"ReadAction\",\"target\":[\"https:\\\/\\\/quehacerpolitico.mx\\\/?p=119981\"]}]},{\"@type\":\"ImageObject\",\"inLanguage\":\"es\",\"@id\":\"https:\\\/\\\/quehacerpolitico.mx\\\/?p=119981#primaryimage\",\"url\":\"https:\\\/\\\/quehacerpolitico.mx\\\/wp-content\\\/uploads\\\/2025\\\/10\\\/IMG_4599.jpeg\",\"contentUrl\":\"https:\\\/\\\/quehacerpolitico.mx\\\/wp-content\\\/uploads\\\/2025\\\/10\\\/IMG_4599.jpeg\",\"width\":1170,\"height\":646,\"caption\":\"Screenshot\"},{\"@type\":\"BreadcrumbList\",\"@id\":\"https:\\\/\\\/quehacerpolitico.mx\\\/?p=119981#breadcrumb\",\"itemListElement\":[{\"@type\":\"ListItem\",\"position\":1,\"name\":\"Inicio\",\"item\":\"https:\\\/\\\/quehacerpolitico.mx\\\/\"},{\"@type\":\"ListItem\",\"position\":2,\"name\":\"Senado autoriza licencia a Fern\u00e1ndez Noro\u00f1a; \u201cno voy a hacer turismo\u201d, asegura\"}]},{\"@type\":\"WebSite\",\"@id\":\"https:\\\/\\\/quehacerpolitico.mx\\\/#website\",\"url\":\"https:\\\/\\\/quehacerpolitico.mx\\\/\",\"name\":\"\",\"description\":\"\",\"potentialAction\":[{\"@type\":\"SearchAction\",\"target\":{\"@type\":\"EntryPoint\",\"urlTemplate\":\"https:\\\/\\\/quehacerpolitico.mx\\\/?s={search_term_string}\"},\"query-input\":{\"@type\":\"PropertyValueSpecification\",\"valueRequired\":true,\"valueName\":\"search_term_string\"}}],\"inLanguage\":\"es\"},{\"@type\":\"Person\",\"@id\":\"https:\\\/\\\/quehacerpolitico.mx\\\/#\\\/schema\\\/person\\\/496d8ad2d1d3f8036101dca7ee39e585\",\"name\":\"Redacci\u00f3n QP\",\"image\":{\"@type\":\"ImageObject\",\"inLanguage\":\"es\",\"@id\":\"https:\\\/\\\/secure.gravatar.com\\\/avatar\\\/c7164ed6fdec453195284ad24a5ae5b6e1eed2b848477fa2a4787ba9adf39a41?s=96&d=mm&r=g\",\"url\":\"https:\\\/\\\/secure.gravatar.com\\\/avatar\\\/c7164ed6fdec453195284ad24a5ae5b6e1eed2b848477fa2a4787ba9adf39a41?s=96&d=mm&r=g\",\"contentUrl\":\"https:\\\/\\\/secure.gravatar.com\\\/avatar\\\/c7164ed6fdec453195284ad24a5ae5b6e1eed2b848477fa2a4787ba9adf39a41?s=96&d=mm&r=g\",\"caption\":\"Redacci\u00f3n QP\"},\"url\":\"https:\\\/\\\/quehacerpolitico.mx\\\/?author=2\"}]}<\/script>\n<!-- \/ Yoast SEO plugin. -->","yoast_head_json":{"title":"Senado autoriza licencia a Fern\u00e1ndez Noro\u00f1a; \u201cno voy a hacer turismo\u201d, asegura -","robots":{"index":"index","follow":"follow","max-snippet":"max-snippet:-1","max-image-preview":"max-image-preview:large","max-video-preview":"max-video-preview:-1"},"canonical":"https:\/\/quehacerpolitico.mx\/?p=119981","og_locale":"es_MX","og_type":"article","og_title":"Senado autoriza licencia a Fern\u00e1ndez Noro\u00f1a; \u201cno voy a hacer turismo\u201d, asegura -","og_description":"Por Redacci\u00f3n QP El legislador afirm\u00f3 que no contravino ninguna ley al aceptar el pago...","og_url":"https:\/\/quehacerpolitico.mx\/?p=119981","article_published_time":"2025-10-23T03:26:03+00:00","article_modified_time":"2025-10-23T03:26:04+00:00","og_image":[{"width":1170,"height":646,"url":"https:\/\/quehacerpolitico.mx\/wp-content\/uploads\/2025\/10\/IMG_4599.jpeg","type":"image\/jpeg"}],"author":"Redacci\u00f3n QP","twitter_card":"summary_large_image","twitter_misc":{"Escrito por":"Redacci\u00f3n QP","Tiempo de lectura":"2 minutos"},"schema":{"@context":"https:\/\/schema.org","@graph":[{"@type":"Article","@id":"https:\/\/quehacerpolitico.mx\/?p=119981#article","isPartOf":{"@id":"https:\/\/quehacerpolitico.mx\/?p=119981"},"author":{"name":"Redacci\u00f3n QP","@id":"https:\/\/quehacerpolitico.mx\/#\/schema\/person\/496d8ad2d1d3f8036101dca7ee39e585"},"headline":"Senado autoriza licencia a Fern\u00e1ndez Noro\u00f1a; \u201cno voy a hacer turismo\u201d, asegura","datePublished":"2025-10-23T03:26:03+00:00","dateModified":"2025-10-23T03:26:04+00:00","mainEntityOfPage":{"@id":"https:\/\/quehacerpolitico.mx\/?p=119981"},"wordCount":427,"commentCount":0,"image":{"@id":"https:\/\/quehacerpolitico.mx\/?p=119981#primaryimage"},"thumbnailUrl":"https:\/\/quehacerpolitico.mx\/wp-content\/uploads\/2025\/10\/IMG_4599.jpeg","articleSection":["Nacionales","Noticias"],"inLanguage":"es","potentialAction":[{"@type":"CommentAction","name":"Comment","target":["https:\/\/quehacerpolitico.mx\/?p=119981#respond"]}]},{"@type":"WebPage","@id":"https:\/\/quehacerpolitico.mx\/?p=119981","url":"https:\/\/quehacerpolitico.mx\/?p=119981","name":"Senado autoriza licencia a Fern\u00e1ndez Noro\u00f1a; \u201cno voy a hacer turismo\u201d, asegura -","isPartOf":{"@id":"https:\/\/quehacerpolitico.mx\/#website"},"primaryImageOfPage":{"@id":"https:\/\/quehacerpolitico.mx\/?p=119981#primaryimage"},"image":{"@id":"https:\/\/quehacerpolitico.mx\/?p=119981#primaryimage"},"thumbnailUrl":"https:\/\/quehacerpolitico.mx\/wp-content\/uploads\/2025\/10\/IMG_4599.jpeg","datePublished":"2025-10-23T03:26:03+00:00","dateModified":"2025-10-23T03:26:04+00:00","author":{"@id":"https:\/\/quehacerpolitico.mx\/#\/schema\/person\/496d8ad2d1d3f8036101dca7ee39e585"},"breadcrumb":{"@id":"https:\/\/quehacerpolitico.mx\/?p=119981#breadcrumb"},"inLanguage":"es","potentialAction":[{"@type":"ReadAction","target":["https:\/\/quehacerpolitico.mx\/?p=119981"]}]},{"@type":"ImageObject","inLanguage":"es","@id":"https:\/\/quehacerpolitico.mx\/?p=119981#primaryimage","url":"https:\/\/quehacerpolitico.mx\/wp-content\/uploads\/2025\/10\/IMG_4599.jpeg","contentUrl":"https:\/\/quehacerpolitico.mx\/wp-content\/uploads\/2025\/10\/IMG_4599.jpeg","width":1170,"height":646,"caption":"Screenshot"},{"@type":"BreadcrumbList","@id":"https:\/\/quehacerpolitico.mx\/?p=119981#breadcrumb","itemListElement":[{"@type":"ListItem","position":1,"name":"Inicio","item":"https:\/\/quehacerpolitico.mx\/"},{"@type":"ListItem","position":2,"name":"Senado autoriza licencia a Fern\u00e1ndez Noro\u00f1a; \u201cno voy a hacer turismo\u201d, asegura"}]},{"@type":"WebSite","@id":"https:\/\/quehacerpolitico.mx\/#website","url":"https:\/\/quehacerpolitico.mx\/","name":"","description":"","potentialAction":[{"@type":"SearchAction","target":{"@type":"EntryPoint","urlTemplate":"https:\/\/quehacerpolitico.mx\/?s={search_term_string}"},"query-input":{"@type":"PropertyValueSpecification","valueRequired":true,"valueName":"search_term_string"}}],"inLanguage":"es"},{"@type":"Person","@id":"https:\/\/quehacerpolitico.mx\/#\/schema\/person\/496d8ad2d1d3f8036101dca7ee39e585","name":"Redacci\u00f3n QP","image":{"@type":"ImageObject","inLanguage":"es","@id":"https:\/\/secure.gravatar.com\/avatar\/c7164ed6fdec453195284ad24a5ae5b6e1eed2b848477fa2a4787ba9adf39a41?s=96&d=mm&r=g","url":"https:\/\/secure.gravatar.com\/avatar\/c7164ed6fdec453195284ad24a5ae5b6e1eed2b848477fa2a4787ba9adf39a41?s=96&d=mm&r=g","contentUrl":"https:\/\/secure.gravatar.com\/avatar\/c7164ed6fdec453195284ad24a5ae5b6e1eed2b848477fa2a4787ba9adf39a41?s=96&d=mm&r=g","caption":"Redacci\u00f3n QP"},"url":"https:\/\/quehacerpolitico.mx\/?author=2"}]}},"featured_image_urls":{"full":["https:\/\/quehacerpolitico.mx\/wp-content\/uploads\/2025\/10\/IMG_4599.jpeg",1170,646,false],"thumbnail":["https:\/\/quehacerpolitico.mx\/wp-content\/uploads\/2025\/10\/IMG_4599-150x150.jpeg",150,150,true],"medium":["https:\/\/quehacerpolitico.mx\/wp-content\/uploads\/2025\/10\/IMG_4599-300x166.jpeg",300,166,true],"medium_large":["https:\/\/quehacerpolitico.mx\/wp-content\/uploads\/2025\/10\/IMG_4599-768x424.jpeg",640,353,true],"large":["https:\/\/quehacerpolitico.mx\/wp-content\/uploads\/2025\/10\/IMG_4599-1024x565.jpeg",640,353,true],"1536x1536":["https:\/\/quehacerpolitico.mx\/wp-content\/uploads\/2025\/10\/IMG_4599.jpeg",1170,646,false],"2048x2048":["https:\/\/quehacerpolitico.mx\/wp-content\/uploads\/2025\/10\/IMG_4599.jpeg",1170,646,false],"covernews-featured":["https:\/\/quehacerpolitico.mx\/wp-content\/uploads\/2025\/10\/IMG_4599-1024x565.jpeg",1024,565,true],"covernews-medium":["https:\/\/quehacerpolitico.mx\/wp-content\/uploads\/2025\/10\/IMG_4599-540x340.jpeg",540,340,true]},"author_info":{"display_name":"Redacci\u00f3n QP","author_link":"https:\/\/quehacerpolitico.mx\/?author=2"},"category_info":"<a href=\"https:\/\/quehacerpolitico.mx\/?cat=280\" rel=\"category\">Nacionales<\/a> <a href=\"https:\/\/quehacerpolitico.mx\/?cat=2\" rel=\"category\">Noticias<\/a>","tag_info":"Noticias","comment_count":"0","_links":{"self":[{"href":"https:\/\/quehacerpolitico.mx\/index.php?rest_route=\/wp\/v2\/posts\/119981","targetHints":{"allow":["GET"]}}],"collection":[{"href":"https:\/\/quehacerpolitico.mx\/index.php?rest_route=\/wp\/v2\/posts"}],"about":[{"href":"https:\/\/quehacerpolitico.mx\/index.php?rest_route=\/wp\/v2\/types\/post"}],"author":[{"embeddable":true,"href":"https:\/\/quehacerpolitico.mx\/index.php?rest_route=\/wp\/v2\/users\/2"}],"replies":[{"embeddable":true,"href":"https:\/\/quehacerpolitico.mx\/index.php?rest_route=%2Fwp%2Fv2%2Fcomments&post=119981"}],"version-history":[{"count":1,"href":"https:\/\/quehacerpolitico.mx\/index.php?rest_route=\/wp\/v2\/posts\/119981\/revisions"}],"predecessor-version":[{"id":119983,"href":"https:\/\/quehacerpolitico.mx\/index.php?rest_route=\/wp\/v2\/posts\/119981\/revisions\/119983"}],"wp:featuredmedia":[{"embeddable":true,"href":"https:\/\/quehacerpolitico.mx\/index.php?rest_route=\/wp\/v2\/media\/119982"}],"wp:attachment":[{"href":"https:\/\/quehacerpolitico.mx\/index.php?rest_route=%2Fwp%2Fv2%2Fmedia&parent=119981"}],"wp:term":[{"taxonomy":"category","embeddable":true,"href":"https:\/\/quehacerpolitico.mx\/index.php?rest_route=%2Fwp%2Fv2%2Fcategories&post=119981"},{"taxonomy":"post_tag","embeddable":true,"href":"https:\/\/quehacerpolitico.mx\/index.php?rest_route=%2Fwp%2Fv2%2Ftags&post=119981"}],"curies":[{"name":"wp","href":"https:\/\/api.w.org\/{rel}","templated":true}]}}