{"id":119947,"date":"2025-10-21T21:35:39","date_gmt":"2025-10-22T03:35:39","guid":{"rendered":"https:\/\/quehacerpolitico.mx\/?p=119947"},"modified":"2025-10-21T21:35:42","modified_gmt":"2025-10-22T03:35:42","slug":"diputados-de-morena-abandonan-sesion-para-armar-bailongo-a-ritmo-de-la-sonora-santanera","status":"publish","type":"post","link":"https:\/\/quehacerpolitico.mx\/?p=119947","title":{"rendered":"Diputados de Morena abandonan sesi\u00f3n para armar bailongo a ritmo de la Sonora Santanera"},"content":{"rendered":"\n<p>Por Redacci\u00f3n QP<\/p>\n\n\n\n<p>Los legisladores fueron convocados por el actor y compa\u00f1ero de bancada Sergio Mayer para rendir un homenaje a los integrantes del grupo musical<\/p>\n\n\n\n<p>Con una habilidad que no se ha reflejado en la<strong>&nbsp;aprobaci\u00f3n&nbsp;<\/strong>de las&nbsp;<strong>siete iniciativas<\/strong> que ha presentado, el diputado de Morena,&nbsp;<strong>C\u00e9sar Agust\u00edn Hern\u00e1ndez P\u00e9rez<\/strong>, se ech\u00f3 el \u201cpalomazo\u201d de tocar los timbales con los integrantes de la&nbsp;<strong>Sonora Santanera<\/strong>.&nbsp;<\/p>\n\n\n\n<p>Su destreza mereci\u00f3 el aplauso del respetable, es decir, por sus<strong> compa\u00f1eros de bancada<\/strong>, quienes tambi\u00e9n se animaron a bailar o participar en las coreograf\u00edas, como el expresidente de la&nbsp;<strong>C\u00e1mara de Diputados,&nbsp;<\/strong>Sergio Guti\u00e9rrez Luna, con su esposa, la legisladora del PT,&nbsp;<strong>Diana Karina Barreras<\/strong>.<\/p>\n\n\n\n<figure class=\"wp-block-embed is-type-rich is-provider-twitter wp-block-embed-twitter\"><div class=\"wp-block-embed__wrapper\">\n<blockquote class=\"twitter-tweet\" data-width=\"550\" data-dnt=\"true\"><p lang=\"es\" dir=\"ltr\"><a href=\"https:\/\/twitter.com\/hashtag\/QPMX?src=hash&amp;ref_src=twsrc%5Etfw\">#QPMX<\/a> <a href=\"https:\/\/twitter.com\/hashtag\/QuehacerPolitico?src=hash&amp;ref_src=twsrc%5Etfw\">#QuehacerPolitico<\/a> <a href=\"https:\/\/twitter.com\/hashtag\/InquiriendoLaNoticia?src=hash&amp;ref_src=twsrc%5Etfw\">#InquiriendoLaNoticia<\/a> <a href=\"https:\/\/twitter.com\/PartidoMorenaMx?ref_src=twsrc%5Etfw\">@PartidoMorenaMx<\/a> organiza un fiest\u00f3n en <a href=\"https:\/\/twitter.com\/Mx_Diputados?ref_src=twsrc%5Etfw\">@Mx_Diputados<\/a> y los damnificados por las lluvias duermen a la intemperie.El <a href=\"https:\/\/twitter.com\/AccionNacional?ref_src=twsrc%5Etfw\">@AccionNacional<\/a> organizo un cumbi\u00f3n con todo y los prohibidos de <a href=\"https:\/\/twitter.com\/lialimon?ref_src=twsrc%5Etfw\">@lialimon<\/a> esa es la prioridad de la clase pol\u00edtica? <a href=\"https:\/\/t.co\/DLVmjyrcfe\">pic.twitter.com\/DLVmjyrcfe<\/a><\/p>&mdash; Quehacer Pol\u00edtico (@QueHacerPolitic) <a href=\"https:\/\/twitter.com\/QueHacerPolitic\/status\/1980825574881873957?ref_src=twsrc%5Etfw\">October 22, 2025<\/a><\/blockquote><script async src=\"https:\/\/platform.twitter.com\/widgets.js\" charset=\"utf-8\"><\/script>\n<\/div><\/figure>\n\n\n\n<p>El diputado C\u00e9sar Agust\u00edn Hern\u00e1ndez, quien lleva cinco iniciativas desechadas y dos m\u00e1s est\u00e1n en la congeladora de acuerdo al Sistema de Informaci\u00f3n Legislativa (SIL), retom\u00f3 el aprendizaje que tuvo siendo ni\u00f1o con su padre del que hered\u00f3 adem\u00e1s el nombre y su t\u00edo Javier, quienes formaban parte de la Sonor\u00edsima Sanvi, grupo musical de San Vicente Chicoloapan, en el Estado de M\u00e9xico.<\/p>\n\n\n\n<p>Los morenistas fueron convocados por el actor y compa\u00f1ero de bancada,&nbsp;<strong>Sergio Mayer<\/strong>, para rendir un homenaje a los integrantes de la&nbsp;<strong>Sonora Santanera<\/strong>&nbsp;por sus 70 a\u00f1os de trayectoria, para luego subirse a interpretar varios de sus \u00e9xitos en el Auditorio Aurora Jim\u00e9nez.<\/p>\n\n\n\n<figure class=\"wp-block-embed is-type-rich is-provider-twitter wp-block-embed-twitter\"><div class=\"wp-block-embed__wrapper\">\n<blockquote class=\"twitter-tweet\" data-width=\"550\" data-dnt=\"true\"><p lang=\"es\" dir=\"ltr\">\ud83d\udd34 Santaneros amenizan a trabajadores en el Congreso<br><br>Los santaneros fueron invitados por el diputado federal de Morena, Sergio Mayer, y aunque solo recibir\u00e1n menci\u00f3n en el Pleno, no estaban preparados para tocar y terminaron amenizando a los trabajadores por m\u00e1s de hora y media.\u2026 <a href=\"https:\/\/t.co\/9odJpO6t8l\">pic.twitter.com\/9odJpO6t8l<\/a><\/p>&mdash; Azucena Uresti (@azucenau) <a href=\"https:\/\/twitter.com\/azucenau\/status\/1980744434888171776?ref_src=twsrc%5Etfw\">October 21, 2025<\/a><\/blockquote><script async src=\"https:\/\/platform.twitter.com\/widgets.js\" charset=\"utf-8\"><\/script>\n<\/div><\/figure>\n\n\n\n<p>Aunque desde el 11 de febrero de 2024, el entonces jefe de Gobierno de la Ciudad de M\u00e9xico, Mart\u00ed&nbsp;Batres, declar\u00f3 a la agrupaci\u00f3n musical como \u201cPatrimonio Cultural Vivo de la Ciudad\u201d, por sus siete d\u00e9cadas de trayectoria.&nbsp;<\/p>\n\n\n\n<p>Minutos despu\u00e9s de haber aprobado la minuta enviada de la ley aduanera, los diputados de&nbsp;<strong>Morena<\/strong>&nbsp;comenzaron a cambiar curules por las butacas del auditorio, por lo que ya no escucharon las efem\u00e9rides Salud Mental, cuyas afectaciones relacionaron con los videojuegos violentos para votar e imponer un impuesto.&nbsp;<\/p>\n\n\n\n<p>El diputado Francisco Borrego encarg\u00f3 su bast\u00f3n para responder a la invitaci\u00f3n de una morenista para bailar &#8220;El mudo&#8221;, canci\u00f3n con la que sac\u00f3 los pasos prohibidos del estado de<strong>\u00a0Coahuila<\/strong>, de donde es originario.<\/p>\n\n\n\n<figure class=\"wp-block-embed is-type-rich is-provider-twitter wp-block-embed-twitter\"><div class=\"wp-block-embed__wrapper\">\n<blockquote class=\"twitter-tweet\" data-width=\"550\" data-dnt=\"true\"><p lang=\"es\" dir=\"ltr\">La Sonora Santanera en San L\u00e1zaro, y dir\u00eda Sheinbaum, \u201cQu\u00e9 insensibilidad, los diputados bailando mientras los desastres dejados por las inundaciones aquejan a varios estados.\u201d<br><br>Pues que le bailen, total para fregar a M\u00e9xico con sus reformas, hay tiempo.<a href=\"https:\/\/t.co\/cwIYZQK9ak\">pic.twitter.com\/cwIYZQK9ak<\/a><\/p>&mdash; Vero (@Funesta) <a href=\"https:\/\/twitter.com\/Funesta\/status\/1980737955183641080?ref_src=twsrc%5Etfw\">October 21, 2025<\/a><\/blockquote><script async src=\"https:\/\/platform.twitter.com\/widgets.js\" charset=\"utf-8\"><\/script>\n<\/div><\/figure>\n\n\n\n<p>Iv\u00e1n Mill\u00e1n, diputado que ha presentado s\u00f3lo una iniciativa, la cual lleva seis meses en la congeladora, fue de los m\u00e1s activos en la improvisada<strong>\u00a0pista de baile<\/strong> en el auditorio donde\u00a0<strong>Morena<\/strong>\u00a0lleva a cabo sus\u00a0<strong>plenaria<\/strong>s a puerta cerrada.\u00a0\u00a0<\/p>\n\n\n\n<p>La renovada Sonora Santanera con el juvenil vocalista Luis Eduardo Ch\u00e1vez, como el PAN, interpret\u00f3 canciones como &#8220;El B\u00f3mboro qui\u00f1a, qui\u00f1a&#8221;, &#8220;Luces de la ciudad&#8221;, que a decir de legisladores veteranos \u201cno le llega\u201d a cantantes de los inicios de la organizaci\u00f3n musical como Juan y Jos\u00e9 Bustos, Silvestre Mercado o Sonia L\u00f3pez.&nbsp;<\/p>\n\n\n\n<p>Uno de los m\u00e1s solicitados para bailar fue el actor&nbsp;<strong>Sergio Mayer<\/strong>, quien lo mismo grab\u00f3, bail\u00f3 con sus compa\u00f1eras de Morena, que se sum\u00f3 a la coreograf\u00eda de la<strong>&nbsp;Sonora Santanera<\/strong>, que tambi\u00e9n interpret\u00f3 &#8220;Perfume de gardenias&#8221;; arriba de los m\u00fasicos la leyenda, &#8220;La patria es primero&#8221;.&nbsp;&nbsp;<\/p>\n\n\n\n<p>A manera de broma en serio,&nbsp;<strong>Mayer<\/strong> exigi\u00f3 a sus compa\u00f1eros de bancada que pagaran sus entradas luego de que la&nbsp;<strong>Sonora Santanera&nbsp;<\/strong>interpret\u00f3 sus \u00e9xitos por m\u00e1s de 90 minutos y dos m\u00e1s a manera de despedida, sin haber estado programado, por lo que recibi\u00f3 m\u00e1s rechiflas que de la oposici\u00f3n<\/p>\n","protected":false},"excerpt":{"rendered":"<p>Por Redacci\u00f3n QP Los legisladores fueron convocados por el actor y compa\u00f1ero de bancada Sergio&#8230;<\/p>\n","protected":false},"author":2,"featured_media":119948,"comment_status":"open","ping_status":"open","sticky":false,"template":"","format":"standard","meta":{"_monsterinsights_skip_tracking":false,"_monsterinsights_sitenote_active":false,"_monsterinsights_sitenote_note":"","_monsterinsights_sitenote_category":0,"footnotes":""},"categories":[280,2],"tags":[],"class_list":["post-119947","post","type-post","status-publish","format-standard","has-post-thumbnail","hentry","category-nacionales","category-noticias"],"yoast_head":"<!-- This site is optimized with the Yoast SEO plugin v27.3 - https:\/\/yoast.com\/product\/yoast-seo-wordpress\/ -->\n<title>Diputados de Morena abandonan sesi\u00f3n para armar bailongo a ritmo de la Sonora Santanera -<\/title>\n<meta name=\"robots\" content=\"index, follow, max-snippet:-1, max-image-preview:large, max-video-preview:-1\" \/>\n<link rel=\"canonical\" href=\"https:\/\/quehacerpolitico.mx\/?p=119947\" \/>\n<meta property=\"og:locale\" content=\"es_MX\" \/>\n<meta property=\"og:type\" content=\"article\" \/>\n<meta property=\"og:title\" content=\"Diputados de Morena abandonan sesi\u00f3n para armar bailongo a ritmo de la Sonora Santanera -\" \/>\n<meta property=\"og:description\" content=\"Por Redacci\u00f3n QP Los legisladores fueron convocados por el actor y compa\u00f1ero de bancada Sergio...\" \/>\n<meta property=\"og:url\" content=\"https:\/\/quehacerpolitico.mx\/?p=119947\" \/>\n<meta property=\"article:published_time\" content=\"2025-10-22T03:35:39+00:00\" \/>\n<meta property=\"article:modified_time\" content=\"2025-10-22T03:35:42+00:00\" \/>\n<meta property=\"og:image\" content=\"https:\/\/quehacerpolitico.mx\/wp-content\/uploads\/2025\/10\/IMG_4560.webp\" \/>\n\t<meta property=\"og:image:width\" content=\"425\" \/>\n\t<meta property=\"og:image:height\" content=\"230\" \/>\n\t<meta property=\"og:image:type\" content=\"image\/webp\" \/>\n<meta name=\"author\" content=\"Redacci\u00f3n QP\" \/>\n<meta name=\"twitter:card\" content=\"summary_large_image\" \/>\n<meta name=\"twitter:label1\" content=\"Escrito por\" \/>\n\t<meta name=\"twitter:data1\" content=\"Redacci\u00f3n QP\" \/>\n\t<meta name=\"twitter:label2\" content=\"Tiempo de lectura\" \/>\n\t<meta name=\"twitter:data2\" content=\"3 minutos\" \/>\n<script type=\"application\/ld+json\" class=\"yoast-schema-graph\">{\"@context\":\"https:\\\/\\\/schema.org\",\"@graph\":[{\"@type\":\"Article\",\"@id\":\"https:\\\/\\\/quehacerpolitico.mx\\\/?p=119947#article\",\"isPartOf\":{\"@id\":\"https:\\\/\\\/quehacerpolitico.mx\\\/?p=119947\"},\"author\":{\"name\":\"Redacci\u00f3n QP\",\"@id\":\"https:\\\/\\\/quehacerpolitico.mx\\\/#\\\/schema\\\/person\\\/496d8ad2d1d3f8036101dca7ee39e585\"},\"headline\":\"Diputados de Morena abandonan sesi\u00f3n para armar bailongo a ritmo de la Sonora Santanera\",\"datePublished\":\"2025-10-22T03:35:39+00:00\",\"dateModified\":\"2025-10-22T03:35:42+00:00\",\"mainEntityOfPage\":{\"@id\":\"https:\\\/\\\/quehacerpolitico.mx\\\/?p=119947\"},\"wordCount\":643,\"commentCount\":0,\"image\":{\"@id\":\"https:\\\/\\\/quehacerpolitico.mx\\\/?p=119947#primaryimage\"},\"thumbnailUrl\":\"https:\\\/\\\/quehacerpolitico.mx\\\/wp-content\\\/uploads\\\/2025\\\/10\\\/IMG_4560.webp\",\"articleSection\":[\"Nacionales\",\"Noticias\"],\"inLanguage\":\"es\",\"potentialAction\":[{\"@type\":\"CommentAction\",\"name\":\"Comment\",\"target\":[\"https:\\\/\\\/quehacerpolitico.mx\\\/?p=119947#respond\"]}]},{\"@type\":\"WebPage\",\"@id\":\"https:\\\/\\\/quehacerpolitico.mx\\\/?p=119947\",\"url\":\"https:\\\/\\\/quehacerpolitico.mx\\\/?p=119947\",\"name\":\"Diputados de Morena abandonan sesi\u00f3n para armar bailongo a ritmo de la Sonora Santanera -\",\"isPartOf\":{\"@id\":\"https:\\\/\\\/quehacerpolitico.mx\\\/#website\"},\"primaryImageOfPage\":{\"@id\":\"https:\\\/\\\/quehacerpolitico.mx\\\/?p=119947#primaryimage\"},\"image\":{\"@id\":\"https:\\\/\\\/quehacerpolitico.mx\\\/?p=119947#primaryimage\"},\"thumbnailUrl\":\"https:\\\/\\\/quehacerpolitico.mx\\\/wp-content\\\/uploads\\\/2025\\\/10\\\/IMG_4560.webp\",\"datePublished\":\"2025-10-22T03:35:39+00:00\",\"dateModified\":\"2025-10-22T03:35:42+00:00\",\"author\":{\"@id\":\"https:\\\/\\\/quehacerpolitico.mx\\\/#\\\/schema\\\/person\\\/496d8ad2d1d3f8036101dca7ee39e585\"},\"breadcrumb\":{\"@id\":\"https:\\\/\\\/quehacerpolitico.mx\\\/?p=119947#breadcrumb\"},\"inLanguage\":\"es\",\"potentialAction\":[{\"@type\":\"ReadAction\",\"target\":[\"https:\\\/\\\/quehacerpolitico.mx\\\/?p=119947\"]}]},{\"@type\":\"ImageObject\",\"inLanguage\":\"es\",\"@id\":\"https:\\\/\\\/quehacerpolitico.mx\\\/?p=119947#primaryimage\",\"url\":\"https:\\\/\\\/quehacerpolitico.mx\\\/wp-content\\\/uploads\\\/2025\\\/10\\\/IMG_4560.webp\",\"contentUrl\":\"https:\\\/\\\/quehacerpolitico.mx\\\/wp-content\\\/uploads\\\/2025\\\/10\\\/IMG_4560.webp\",\"width\":425,\"height\":230},{\"@type\":\"BreadcrumbList\",\"@id\":\"https:\\\/\\\/quehacerpolitico.mx\\\/?p=119947#breadcrumb\",\"itemListElement\":[{\"@type\":\"ListItem\",\"position\":1,\"name\":\"Inicio\",\"item\":\"https:\\\/\\\/quehacerpolitico.mx\\\/\"},{\"@type\":\"ListItem\",\"position\":2,\"name\":\"Diputados de Morena abandonan sesi\u00f3n para armar bailongo a ritmo de la Sonora Santanera\"}]},{\"@type\":\"WebSite\",\"@id\":\"https:\\\/\\\/quehacerpolitico.mx\\\/#website\",\"url\":\"https:\\\/\\\/quehacerpolitico.mx\\\/\",\"name\":\"\",\"description\":\"\",\"potentialAction\":[{\"@type\":\"SearchAction\",\"target\":{\"@type\":\"EntryPoint\",\"urlTemplate\":\"https:\\\/\\\/quehacerpolitico.mx\\\/?s={search_term_string}\"},\"query-input\":{\"@type\":\"PropertyValueSpecification\",\"valueRequired\":true,\"valueName\":\"search_term_string\"}}],\"inLanguage\":\"es\"},{\"@type\":\"Person\",\"@id\":\"https:\\\/\\\/quehacerpolitico.mx\\\/#\\\/schema\\\/person\\\/496d8ad2d1d3f8036101dca7ee39e585\",\"name\":\"Redacci\u00f3n QP\",\"image\":{\"@type\":\"ImageObject\",\"inLanguage\":\"es\",\"@id\":\"https:\\\/\\\/secure.gravatar.com\\\/avatar\\\/c7164ed6fdec453195284ad24a5ae5b6e1eed2b848477fa2a4787ba9adf39a41?s=96&d=mm&r=g\",\"url\":\"https:\\\/\\\/secure.gravatar.com\\\/avatar\\\/c7164ed6fdec453195284ad24a5ae5b6e1eed2b848477fa2a4787ba9adf39a41?s=96&d=mm&r=g\",\"contentUrl\":\"https:\\\/\\\/secure.gravatar.com\\\/avatar\\\/c7164ed6fdec453195284ad24a5ae5b6e1eed2b848477fa2a4787ba9adf39a41?s=96&d=mm&r=g\",\"caption\":\"Redacci\u00f3n QP\"},\"url\":\"https:\\\/\\\/quehacerpolitico.mx\\\/?author=2\"}]}<\/script>\n<!-- \/ Yoast SEO plugin. -->","yoast_head_json":{"title":"Diputados de Morena abandonan sesi\u00f3n para armar bailongo a ritmo de la Sonora Santanera -","robots":{"index":"index","follow":"follow","max-snippet":"max-snippet:-1","max-image-preview":"max-image-preview:large","max-video-preview":"max-video-preview:-1"},"canonical":"https:\/\/quehacerpolitico.mx\/?p=119947","og_locale":"es_MX","og_type":"article","og_title":"Diputados de Morena abandonan sesi\u00f3n para armar bailongo a ritmo de la Sonora Santanera -","og_description":"Por Redacci\u00f3n QP Los legisladores fueron convocados por el actor y compa\u00f1ero de bancada Sergio...","og_url":"https:\/\/quehacerpolitico.mx\/?p=119947","article_published_time":"2025-10-22T03:35:39+00:00","article_modified_time":"2025-10-22T03:35:42+00:00","og_image":[{"width":425,"height":230,"url":"https:\/\/quehacerpolitico.mx\/wp-content\/uploads\/2025\/10\/IMG_4560.webp","type":"image\/webp"}],"author":"Redacci\u00f3n QP","twitter_card":"summary_large_image","twitter_misc":{"Escrito por":"Redacci\u00f3n QP","Tiempo de lectura":"3 minutos"},"schema":{"@context":"https:\/\/schema.org","@graph":[{"@type":"Article","@id":"https:\/\/quehacerpolitico.mx\/?p=119947#article","isPartOf":{"@id":"https:\/\/quehacerpolitico.mx\/?p=119947"},"author":{"name":"Redacci\u00f3n QP","@id":"https:\/\/quehacerpolitico.mx\/#\/schema\/person\/496d8ad2d1d3f8036101dca7ee39e585"},"headline":"Diputados de Morena abandonan sesi\u00f3n para armar bailongo a ritmo de la Sonora Santanera","datePublished":"2025-10-22T03:35:39+00:00","dateModified":"2025-10-22T03:35:42+00:00","mainEntityOfPage":{"@id":"https:\/\/quehacerpolitico.mx\/?p=119947"},"wordCount":643,"commentCount":0,"image":{"@id":"https:\/\/quehacerpolitico.mx\/?p=119947#primaryimage"},"thumbnailUrl":"https:\/\/quehacerpolitico.mx\/wp-content\/uploads\/2025\/10\/IMG_4560.webp","articleSection":["Nacionales","Noticias"],"inLanguage":"es","potentialAction":[{"@type":"CommentAction","name":"Comment","target":["https:\/\/quehacerpolitico.mx\/?p=119947#respond"]}]},{"@type":"WebPage","@id":"https:\/\/quehacerpolitico.mx\/?p=119947","url":"https:\/\/quehacerpolitico.mx\/?p=119947","name":"Diputados de Morena abandonan sesi\u00f3n para armar bailongo a ritmo de la Sonora Santanera -","isPartOf":{"@id":"https:\/\/quehacerpolitico.mx\/#website"},"primaryImageOfPage":{"@id":"https:\/\/quehacerpolitico.mx\/?p=119947#primaryimage"},"image":{"@id":"https:\/\/quehacerpolitico.mx\/?p=119947#primaryimage"},"thumbnailUrl":"https:\/\/quehacerpolitico.mx\/wp-content\/uploads\/2025\/10\/IMG_4560.webp","datePublished":"2025-10-22T03:35:39+00:00","dateModified":"2025-10-22T03:35:42+00:00","author":{"@id":"https:\/\/quehacerpolitico.mx\/#\/schema\/person\/496d8ad2d1d3f8036101dca7ee39e585"},"breadcrumb":{"@id":"https:\/\/quehacerpolitico.mx\/?p=119947#breadcrumb"},"inLanguage":"es","potentialAction":[{"@type":"ReadAction","target":["https:\/\/quehacerpolitico.mx\/?p=119947"]}]},{"@type":"ImageObject","inLanguage":"es","@id":"https:\/\/quehacerpolitico.mx\/?p=119947#primaryimage","url":"https:\/\/quehacerpolitico.mx\/wp-content\/uploads\/2025\/10\/IMG_4560.webp","contentUrl":"https:\/\/quehacerpolitico.mx\/wp-content\/uploads\/2025\/10\/IMG_4560.webp","width":425,"height":230},{"@type":"BreadcrumbList","@id":"https:\/\/quehacerpolitico.mx\/?p=119947#breadcrumb","itemListElement":[{"@type":"ListItem","position":1,"name":"Inicio","item":"https:\/\/quehacerpolitico.mx\/"},{"@type":"ListItem","position":2,"name":"Diputados de Morena abandonan sesi\u00f3n para armar bailongo a ritmo de la Sonora Santanera"}]},{"@type":"WebSite","@id":"https:\/\/quehacerpolitico.mx\/#website","url":"https:\/\/quehacerpolitico.mx\/","name":"","description":"","potentialAction":[{"@type":"SearchAction","target":{"@type":"EntryPoint","urlTemplate":"https:\/\/quehacerpolitico.mx\/?s={search_term_string}"},"query-input":{"@type":"PropertyValueSpecification","valueRequired":true,"valueName":"search_term_string"}}],"inLanguage":"es"},{"@type":"Person","@id":"https:\/\/quehacerpolitico.mx\/#\/schema\/person\/496d8ad2d1d3f8036101dca7ee39e585","name":"Redacci\u00f3n QP","image":{"@type":"ImageObject","inLanguage":"es","@id":"https:\/\/secure.gravatar.com\/avatar\/c7164ed6fdec453195284ad24a5ae5b6e1eed2b848477fa2a4787ba9adf39a41?s=96&d=mm&r=g","url":"https:\/\/secure.gravatar.com\/avatar\/c7164ed6fdec453195284ad24a5ae5b6e1eed2b848477fa2a4787ba9adf39a41?s=96&d=mm&r=g","contentUrl":"https:\/\/secure.gravatar.com\/avatar\/c7164ed6fdec453195284ad24a5ae5b6e1eed2b848477fa2a4787ba9adf39a41?s=96&d=mm&r=g","caption":"Redacci\u00f3n QP"},"url":"https:\/\/quehacerpolitico.mx\/?author=2"}]}},"featured_image_urls":{"full":["https:\/\/quehacerpolitico.mx\/wp-content\/uploads\/2025\/10\/IMG_4560.webp",425,230,false],"thumbnail":["https:\/\/quehacerpolitico.mx\/wp-content\/uploads\/2025\/10\/IMG_4560-150x150.webp",150,150,true],"medium":["https:\/\/quehacerpolitico.mx\/wp-content\/uploads\/2025\/10\/IMG_4560-300x162.webp",300,162,true],"medium_large":["https:\/\/quehacerpolitico.mx\/wp-content\/uploads\/2025\/10\/IMG_4560.webp",425,230,false],"large":["https:\/\/quehacerpolitico.mx\/wp-content\/uploads\/2025\/10\/IMG_4560.webp",425,230,false],"1536x1536":["https:\/\/quehacerpolitico.mx\/wp-content\/uploads\/2025\/10\/IMG_4560.webp",425,230,false],"2048x2048":["https:\/\/quehacerpolitico.mx\/wp-content\/uploads\/2025\/10\/IMG_4560.webp",425,230,false],"covernews-featured":["https:\/\/quehacerpolitico.mx\/wp-content\/uploads\/2025\/10\/IMG_4560.webp",425,230,false],"covernews-medium":["https:\/\/quehacerpolitico.mx\/wp-content\/uploads\/2025\/10\/IMG_4560.webp",425,230,false]},"author_info":{"display_name":"Redacci\u00f3n QP","author_link":"https:\/\/quehacerpolitico.mx\/?author=2"},"category_info":"<a href=\"https:\/\/quehacerpolitico.mx\/?cat=280\" rel=\"category\">Nacionales<\/a> <a href=\"https:\/\/quehacerpolitico.mx\/?cat=2\" rel=\"category\">Noticias<\/a>","tag_info":"Noticias","comment_count":"0","_links":{"self":[{"href":"https:\/\/quehacerpolitico.mx\/index.php?rest_route=\/wp\/v2\/posts\/119947","targetHints":{"allow":["GET"]}}],"collection":[{"href":"https:\/\/quehacerpolitico.mx\/index.php?rest_route=\/wp\/v2\/posts"}],"about":[{"href":"https:\/\/quehacerpolitico.mx\/index.php?rest_route=\/wp\/v2\/types\/post"}],"author":[{"embeddable":true,"href":"https:\/\/quehacerpolitico.mx\/index.php?rest_route=\/wp\/v2\/users\/2"}],"replies":[{"embeddable":true,"href":"https:\/\/quehacerpolitico.mx\/index.php?rest_route=%2Fwp%2Fv2%2Fcomments&post=119947"}],"version-history":[{"count":1,"href":"https:\/\/quehacerpolitico.mx\/index.php?rest_route=\/wp\/v2\/posts\/119947\/revisions"}],"predecessor-version":[{"id":119949,"href":"https:\/\/quehacerpolitico.mx\/index.php?rest_route=\/wp\/v2\/posts\/119947\/revisions\/119949"}],"wp:featuredmedia":[{"embeddable":true,"href":"https:\/\/quehacerpolitico.mx\/index.php?rest_route=\/wp\/v2\/media\/119948"}],"wp:attachment":[{"href":"https:\/\/quehacerpolitico.mx\/index.php?rest_route=%2Fwp%2Fv2%2Fmedia&parent=119947"}],"wp:term":[{"taxonomy":"category","embeddable":true,"href":"https:\/\/quehacerpolitico.mx\/index.php?rest_route=%2Fwp%2Fv2%2Fcategories&post=119947"},{"taxonomy":"post_tag","embeddable":true,"href":"https:\/\/quehacerpolitico.mx\/index.php?rest_route=%2Fwp%2Fv2%2Ftags&post=119947"}],"curies":[{"name":"wp","href":"https:\/\/api.w.org\/{rel}","templated":true}]}}