{"id":119921,"date":"2025-10-21T17:53:21","date_gmt":"2025-10-21T23:53:21","guid":{"rendered":"https:\/\/quehacerpolitico.mx\/?p=119921"},"modified":"2025-10-21T17:53:24","modified_gmt":"2025-10-21T23:53:24","slug":"el-quehacer-politico-en-la-cultura-a-traves-del-enfoque-litza-deniss-duran-espinosa-cultura-comunitaria-te-invita-a-vivir-las-tradiciones-del-dia-de-muertos-en-comunidad","status":"publish","type":"post","link":"https:\/\/quehacerpolitico.mx\/?p=119921","title":{"rendered":"El Quehacer Pol\u00edtico en la Cultura a trav\u00e9s del Enfoque\/\/\/Litza Deniss Dur\u00e1n Espinosa\/\/\/CULTURA COMUNITARIA TE INVITA A VIVIR LAS TRADICIONES DEL D\u00cdA DE MUERTOS EN COMUNIDAD"},"content":{"rendered":"\n<p>Por Litza Deniss Dur\u00e1n Espinosa<\/p>\n\n\n\n<ul class=\"wp-block-list\">\n<li><strong>Actividades gratuitas del 22 de octubre al 28 de noviembre en espacios comunitarios y culturales de todo el pa\u00eds<\/strong><\/li>\n\n\n\n<li><strong>Desfiles, ofrendas, talleres y presentaciones art\u00edsticas para celebrar la vida, la creatividad y las tradiciones locales<\/strong><\/li>\n<\/ul>\n\n\n\n<p>En el marco de la celebraci\u00f3n del D\u00eda de Muertos, el programa Cultura Comunitaria de la Secretar\u00eda de Cultura del Gobierno de M\u00e9xico te invita a disfrutar de m\u00faltiples actividades gratuitas que tiene preparadas para ti del 22 de octubre al 28 de noviembre de 2025.<\/p>\n\n\n\n<p>De esta forma, los Semilleros Creativos \u2013grupos de formaci\u00f3n art\u00edstica y comunitaria integrados por infancias y juventudes en condiciones de vulnerabilidad social- han preparado una programaci\u00f3n de actividades como desfiles, ofrendas, exposiciones y presentaciones.<\/p>\n\n\n\n<figure class=\"wp-block-gallery has-nested-images columns-default is-cropped wp-block-gallery-1 is-layout-flex wp-block-gallery-is-layout-flex\">\n<figure class=\"wp-block-image size-large\"><img loading=\"lazy\" decoding=\"async\" width=\"1024\" height=\"1024\" data-id=\"119923\" src=\"https:\/\/quehacerpolitico.mx\/wp-content\/uploads\/2025\/10\/IMG_4536-1024x1024.jpeg\" alt=\"\" class=\"wp-image-119923\" srcset=\"https:\/\/quehacerpolitico.mx\/wp-content\/uploads\/2025\/10\/IMG_4536-1024x1024.jpeg 1024w, https:\/\/quehacerpolitico.mx\/wp-content\/uploads\/2025\/10\/IMG_4536-300x300.jpeg 300w, https:\/\/quehacerpolitico.mx\/wp-content\/uploads\/2025\/10\/IMG_4536-150x150.jpeg 150w, https:\/\/quehacerpolitico.mx\/wp-content\/uploads\/2025\/10\/IMG_4536-768x768.jpeg 768w, https:\/\/quehacerpolitico.mx\/wp-content\/uploads\/2025\/10\/IMG_4536-1536x1536.jpeg 1536w, https:\/\/quehacerpolitico.mx\/wp-content\/uploads\/2025\/10\/IMG_4536-2048x2048.jpeg 2048w\" sizes=\"auto, (max-width: 1024px) 100vw, 1024px\" \/><\/figure>\n\n\n\n<figure class=\"wp-block-image size-large\"><img loading=\"lazy\" decoding=\"async\" width=\"1024\" height=\"1024\" data-id=\"119922\" src=\"https:\/\/quehacerpolitico.mx\/wp-content\/uploads\/2025\/10\/IMG_4537-1024x1024.jpeg\" alt=\"\" class=\"wp-image-119922\" srcset=\"https:\/\/quehacerpolitico.mx\/wp-content\/uploads\/2025\/10\/IMG_4537-1024x1024.jpeg 1024w, https:\/\/quehacerpolitico.mx\/wp-content\/uploads\/2025\/10\/IMG_4537-300x300.jpeg 300w, https:\/\/quehacerpolitico.mx\/wp-content\/uploads\/2025\/10\/IMG_4537-150x150.jpeg 150w, https:\/\/quehacerpolitico.mx\/wp-content\/uploads\/2025\/10\/IMG_4537-768x768.jpeg 768w, https:\/\/quehacerpolitico.mx\/wp-content\/uploads\/2025\/10\/IMG_4537-1536x1536.jpeg 1536w, https:\/\/quehacerpolitico.mx\/wp-content\/uploads\/2025\/10\/IMG_4537-2048x2048.jpeg 2048w\" sizes=\"auto, (max-width: 1024px) 100vw, 1024px\" \/><\/figure>\n\n\n\n<figure class=\"wp-block-image size-large\"><img loading=\"lazy\" decoding=\"async\" width=\"819\" height=\"1024\" data-id=\"119925\" src=\"https:\/\/quehacerpolitico.mx\/wp-content\/uploads\/2025\/10\/IMG_4538-819x1024.png\" alt=\"\" class=\"wp-image-119925\" srcset=\"https:\/\/quehacerpolitico.mx\/wp-content\/uploads\/2025\/10\/IMG_4538-819x1024.png 819w, https:\/\/quehacerpolitico.mx\/wp-content\/uploads\/2025\/10\/IMG_4538-240x300.png 240w, https:\/\/quehacerpolitico.mx\/wp-content\/uploads\/2025\/10\/IMG_4538-768x960.png 768w, https:\/\/quehacerpolitico.mx\/wp-content\/uploads\/2025\/10\/IMG_4538-1229x1536.png 1229w, https:\/\/quehacerpolitico.mx\/wp-content\/uploads\/2025\/10\/IMG_4538-1638x2048.png 1638w, https:\/\/quehacerpolitico.mx\/wp-content\/uploads\/2025\/10\/IMG_4538-1024x1280.png 1024w, https:\/\/quehacerpolitico.mx\/wp-content\/uploads\/2025\/10\/IMG_4538-scaled.png 2048w\" sizes=\"auto, (max-width: 819px) 100vw, 819px\" \/><\/figure>\n\n\n\n<figure class=\"wp-block-image size-large\"><img loading=\"lazy\" decoding=\"async\" width=\"576\" height=\"1024\" data-id=\"119924\" src=\"https:\/\/quehacerpolitico.mx\/wp-content\/uploads\/2025\/10\/IMG_4541-576x1024.jpeg\" alt=\"\" class=\"wp-image-119924\" srcset=\"https:\/\/quehacerpolitico.mx\/wp-content\/uploads\/2025\/10\/IMG_4541-576x1024.jpeg 576w, https:\/\/quehacerpolitico.mx\/wp-content\/uploads\/2025\/10\/IMG_4541-169x300.jpeg 169w, https:\/\/quehacerpolitico.mx\/wp-content\/uploads\/2025\/10\/IMG_4541-768x1365.jpeg 768w, https:\/\/quehacerpolitico.mx\/wp-content\/uploads\/2025\/10\/IMG_4541-864x1536.jpeg 864w, https:\/\/quehacerpolitico.mx\/wp-content\/uploads\/2025\/10\/IMG_4541-1152x2048.jpeg 1152w, https:\/\/quehacerpolitico.mx\/wp-content\/uploads\/2025\/10\/IMG_4541-1024x1820.jpeg 1024w, https:\/\/quehacerpolitico.mx\/wp-content\/uploads\/2025\/10\/IMG_4541-scaled.jpeg 1440w\" sizes=\"auto, (max-width: 576px) 100vw, 576px\" \/><\/figure>\n<\/figure>\n\n\n\n<p>Por ejemplo, el Semillero Creativo de Dibujo y Pintura en Puebla, Puebla, te invita a sumarte al<em>Tercer Desfile de Catrinas y Catrines: ruta por la paz,&nbsp;<\/em>el pr\u00f3ximo mi\u00e9rcoles 29 de octubre a las 15:00 horas en la Plaza c\u00edvica de la Unidad Habitacional \u201cLa Margarita\u201d. De igual forma, el Semillero Creativo de Lengua Yuhmu en Ixtenco, Tlaxcala, realizar\u00e1 la obra de teatro&nbsp;<em>\u00c1nimas que ya amanezca<\/em>. en conmemoraci\u00f3n por el D\u00eda de Muertos, el pr\u00f3ximo viernes 31 de octubre a las 17:00 horas en el Centro Cultural Ixtenco.<\/p>\n\n\n\n<p>Mientras tanto, el Semillero Creativo de Teatro en Hecelchak\u00e1n, Campeche, llevar\u00e1 acab\u00f3 la actividad&nbsp;<em>Honrando la memoria,<\/em>&nbsp;un performance de danza-teatro, el pr\u00f3ximo viernes 28 de noviembre a las 18:00 horas en el Centro de Pomuch.<\/p>\n\n\n\n<p>Por su parte, los Convites Culturales \u2013espacios de encuentro que promueven la participaci\u00f3n art\u00edstica y cultural\u2013 celebrar\u00e1n el D\u00eda de Muertos con 107 jornadas especiales en 19 estados, en donde se realizan diversas acciones simb\u00f3licas y participativas como la elaboraci\u00f3n de altares comunitarios, procesiones, desfiles y anecdotarios, reconociendo la riqueza cultural de las comunidades y la importancia del trabajo colaborativo.<\/p>\n\n\n\n<p>En el Convite Cultural de la Biblioteca p\u00fablica municipal \u201cMaximiano P\u00e9rez S\u00e1nchez\u201d, en Tuxtla Guti\u00e9rrez, Chiapas, las y los conviteros comenzar\u00e1n con el montaje y construcci\u00f3n del altar del D\u00eda de Muertos comunitario, el jueves 30 de octubre a las 16:30 horas en avenida Poniente Norte s\/n, El Jobo.<\/p>\n\n\n\n<figure class=\"wp-block-gallery has-nested-images columns-default is-cropped wp-block-gallery-2 is-layout-flex wp-block-gallery-is-layout-flex\">\n<figure class=\"wp-block-image size-large\"><img loading=\"lazy\" decoding=\"async\" width=\"1024\" height=\"576\" data-id=\"119929\" src=\"https:\/\/quehacerpolitico.mx\/wp-content\/uploads\/2025\/10\/IMG_4539-1024x576.jpeg\" alt=\"\" class=\"wp-image-119929\" srcset=\"https:\/\/quehacerpolitico.mx\/wp-content\/uploads\/2025\/10\/IMG_4539-1024x576.jpeg 1024w, https:\/\/quehacerpolitico.mx\/wp-content\/uploads\/2025\/10\/IMG_4539-300x169.jpeg 300w, https:\/\/quehacerpolitico.mx\/wp-content\/uploads\/2025\/10\/IMG_4539-768x432.jpeg 768w, https:\/\/quehacerpolitico.mx\/wp-content\/uploads\/2025\/10\/IMG_4539-1536x864.jpeg 1536w, https:\/\/quehacerpolitico.mx\/wp-content\/uploads\/2025\/10\/IMG_4539-2048x1152.jpeg 2048w\" sizes=\"auto, (max-width: 1024px) 100vw, 1024px\" \/><\/figure>\n\n\n\n<figure class=\"wp-block-image size-large\"><img loading=\"lazy\" decoding=\"async\" width=\"1024\" height=\"576\" data-id=\"119928\" src=\"https:\/\/quehacerpolitico.mx\/wp-content\/uploads\/2025\/10\/IMG_4540-1024x576.jpeg\" alt=\"\" class=\"wp-image-119928\" srcset=\"https:\/\/quehacerpolitico.mx\/wp-content\/uploads\/2025\/10\/IMG_4540-1024x576.jpeg 1024w, https:\/\/quehacerpolitico.mx\/wp-content\/uploads\/2025\/10\/IMG_4540-300x169.jpeg 300w, https:\/\/quehacerpolitico.mx\/wp-content\/uploads\/2025\/10\/IMG_4540-768x432.jpeg 768w, https:\/\/quehacerpolitico.mx\/wp-content\/uploads\/2025\/10\/IMG_4540-1536x864.jpeg 1536w, https:\/\/quehacerpolitico.mx\/wp-content\/uploads\/2025\/10\/IMG_4540.jpeg 1600w\" sizes=\"auto, (max-width: 1024px) 100vw, 1024px\" \/><\/figure>\n\n\n\n<figure class=\"wp-block-image size-large\"><img loading=\"lazy\" decoding=\"async\" width=\"1024\" height=\"576\" data-id=\"119926\" src=\"https:\/\/quehacerpolitico.mx\/wp-content\/uploads\/2025\/10\/IMG_4542.jpeg\" alt=\"\" class=\"wp-image-119926\" srcset=\"https:\/\/quehacerpolitico.mx\/wp-content\/uploads\/2025\/10\/IMG_4542.jpeg 1024w, https:\/\/quehacerpolitico.mx\/wp-content\/uploads\/2025\/10\/IMG_4542-300x169.jpeg 300w, https:\/\/quehacerpolitico.mx\/wp-content\/uploads\/2025\/10\/IMG_4542-768x432.jpeg 768w\" sizes=\"auto, (max-width: 1024px) 100vw, 1024px\" \/><\/figure>\n\n\n\n<figure class=\"wp-block-image size-large\"><img loading=\"lazy\" decoding=\"async\" width=\"1024\" height=\"576\" data-id=\"119927\" src=\"https:\/\/quehacerpolitico.mx\/wp-content\/uploads\/2025\/10\/IMG_4543.jpeg\" alt=\"\" class=\"wp-image-119927\" srcset=\"https:\/\/quehacerpolitico.mx\/wp-content\/uploads\/2025\/10\/IMG_4543.jpeg 1024w, https:\/\/quehacerpolitico.mx\/wp-content\/uploads\/2025\/10\/IMG_4543-300x169.jpeg 300w, https:\/\/quehacerpolitico.mx\/wp-content\/uploads\/2025\/10\/IMG_4543-768x432.jpeg 768w\" sizes=\"auto, (max-width: 1024px) 100vw, 1024px\" \/><\/figure>\n<\/figure>\n\n\n\n<p>De igual forma, en el Centro de Popotl\u00e1n, Temoac, Morelos, se llevar\u00e1 a cabo un recorrido por las calles de la ciudad, en el que las y los participantes se disfrazar\u00e1n y usar\u00e1n m\u00e1scaras que realizaron en jornadas anteriores. Esto se llevar\u00e1 a cabo el s\u00e1bado 1 de noviembre a las 17:00 horas en el Barrio Santo Tom\u00e1s, Popotl\u00e1n.<\/p>\n\n\n\n<p>Tambi\u00e9n, en la Ex F\u00e1brica de P\u00f3lvora se llevar\u00e1 a cabo el s\u00e1bado 25 y domingo 26 de octubre, a las 12:00 horas, el&nbsp;<em>Taller de elaboraci\u00f3n de calaveritas literarias<\/em>&nbsp;en el Punto de Lectura. Asimismo, el viernes 31 de octubre, de 12:00 a 19:00 horas, se realizar\u00e1 una jornada cultural con talleres, intervenciones musicales y una procesi\u00f3n infantil. Ese mismo d\u00eda, a las 18:30 horas, se inaugurar\u00e1 la&nbsp;<em>Ofrenda Chacuacos<\/em>, dise\u00f1ada por Alas y Ra\u00edces, en la Ludoteca Chacuacos. Fumarolas de agua.<\/p>\n\n\n\n<p>Adem\u00e1s, por primera vez, llega al Pabell\u00f3n de Cultura Comunitaria la&nbsp;<em>Feria de las Calacas<\/em>&nbsp;(<a href=\"https:\/\/www.google.com\/maps\/search\/Av.+Constituyentes+270,+alcald%C3%ADa+Miguel+Hidalgo,+Ciudad+de+M%C3%A9xico?entry=gmail&amp;source=g\">Av. Constituyentes 270, alcald\u00eda Miguel Hidalgo, Ciudad de M\u00e9xico<\/a>), con 16 actividades para celebrar el D\u00eda de Muertos. El s\u00e1bado 1 de noviembre podr\u00e1s disfrutar de un concierto del Semillero de vestuario y el Convite de guitarra y expresi\u00f3n musical; el espect\u00e1culo \u201cNoche de Calacas\u201d con Mojigangas Arte Esc\u00e9nico; escuchar narraciones, y ser parte de talleres de creaci\u00f3n literaria y artes visuales.<\/p>\n\n\n\n<p>Consulta la programaci\u00f3n completa en&nbsp;<a href=\"http:\/\/culturacomunitaria.cultura.gob.mx\/\" target=\"_blank\" rel=\"noreferrer noopener\">culturacomunitaria.cultura.<wbr>gob.mx<\/a>&nbsp;y sigue las redes sociales de la Direcci\u00f3n General de Vinculaci\u00f3n Cultural (Facebook y X: @VinculaCultura, Instagram: @vinculacultura_)<\/p>\n","protected":false},"excerpt":{"rendered":"<p>Por Litza Deniss Dur\u00e1n Espinosa En el marco de la celebraci\u00f3n del D\u00eda de Muertos,&#8230;<\/p>\n","protected":false},"author":2,"featured_media":119930,"comment_status":"open","ping_status":"open","sticky":false,"template":"","format":"standard","meta":{"_monsterinsights_skip_tracking":false,"_monsterinsights_sitenote_active":false,"_monsterinsights_sitenote_note":"","_monsterinsights_sitenote_category":0,"footnotes":""},"categories":[58],"tags":[],"class_list":["post-119921","post","type-post","status-publish","format-standard","has-post-thumbnail","hentry","category-cultura"],"yoast_head":"<!-- This site is optimized with the Yoast SEO plugin v27.3 - https:\/\/yoast.com\/product\/yoast-seo-wordpress\/ -->\n<title>El Quehacer Pol\u00edtico en la Cultura a trav\u00e9s del Enfoque\/\/\/Litza Deniss Dur\u00e1n Espinosa\/\/\/CULTURA COMUNITARIA TE INVITA A VIVIR LAS TRADICIONES DEL D\u00cdA DE MUERTOS EN COMUNIDAD -<\/title>\n<meta name=\"robots\" content=\"index, follow, max-snippet:-1, max-image-preview:large, max-video-preview:-1\" \/>\n<link rel=\"canonical\" href=\"https:\/\/quehacerpolitico.mx\/?p=119921\" \/>\n<meta property=\"og:locale\" content=\"es_MX\" \/>\n<meta property=\"og:type\" content=\"article\" \/>\n<meta property=\"og:title\" content=\"El Quehacer Pol\u00edtico en la Cultura a trav\u00e9s del Enfoque\/\/\/Litza Deniss Dur\u00e1n Espinosa\/\/\/CULTURA COMUNITARIA TE INVITA A VIVIR LAS TRADICIONES DEL D\u00cdA DE MUERTOS EN COMUNIDAD -\" \/>\n<meta property=\"og:description\" content=\"Por Litza Deniss Dur\u00e1n Espinosa En el marco de la celebraci\u00f3n del D\u00eda de Muertos,...\" \/>\n<meta property=\"og:url\" content=\"https:\/\/quehacerpolitico.mx\/?p=119921\" \/>\n<meta property=\"article:published_time\" content=\"2025-10-21T23:53:21+00:00\" \/>\n<meta property=\"article:modified_time\" content=\"2025-10-21T23:53:24+00:00\" \/>\n<meta property=\"og:image\" content=\"https:\/\/quehacerpolitico.mx\/wp-content\/uploads\/2025\/10\/DB2BECD9-3585-423C-87EF-52C2B41AF5B9.jpeg\" \/>\n\t<meta property=\"og:image:width\" content=\"1218\" \/>\n\t<meta property=\"og:image:height\" content=\"640\" \/>\n\t<meta property=\"og:image:type\" content=\"image\/jpeg\" \/>\n<meta name=\"author\" content=\"Redacci\u00f3n QP\" \/>\n<meta name=\"twitter:card\" content=\"summary_large_image\" \/>\n<meta name=\"twitter:label1\" content=\"Escrito por\" \/>\n\t<meta name=\"twitter:data1\" content=\"Redacci\u00f3n QP\" \/>\n\t<meta name=\"twitter:label2\" content=\"Tiempo de lectura\" \/>\n\t<meta name=\"twitter:data2\" content=\"3 minutos\" \/>\n<script type=\"application\/ld+json\" class=\"yoast-schema-graph\">{\"@context\":\"https:\\\/\\\/schema.org\",\"@graph\":[{\"@type\":\"Article\",\"@id\":\"https:\\\/\\\/quehacerpolitico.mx\\\/?p=119921#article\",\"isPartOf\":{\"@id\":\"https:\\\/\\\/quehacerpolitico.mx\\\/?p=119921\"},\"author\":{\"name\":\"Redacci\u00f3n QP\",\"@id\":\"https:\\\/\\\/quehacerpolitico.mx\\\/#\\\/schema\\\/person\\\/496d8ad2d1d3f8036101dca7ee39e585\"},\"headline\":\"El Quehacer Pol\u00edtico en la Cultura a trav\u00e9s del Enfoque\\\/\\\/\\\/Litza Deniss Dur\u00e1n Espinosa\\\/\\\/\\\/CULTURA COMUNITARIA TE INVITA A VIVIR LAS TRADICIONES DEL D\u00cdA DE MUERTOS EN COMUNIDAD\",\"datePublished\":\"2025-10-21T23:53:21+00:00\",\"dateModified\":\"2025-10-21T23:53:24+00:00\",\"mainEntityOfPage\":{\"@id\":\"https:\\\/\\\/quehacerpolitico.mx\\\/?p=119921\"},\"wordCount\":679,\"commentCount\":0,\"image\":{\"@id\":\"https:\\\/\\\/quehacerpolitico.mx\\\/?p=119921#primaryimage\"},\"thumbnailUrl\":\"https:\\\/\\\/quehacerpolitico.mx\\\/wp-content\\\/uploads\\\/2025\\\/10\\\/DB2BECD9-3585-423C-87EF-52C2B41AF5B9.jpeg\",\"articleSection\":[\"Cultura y Entretenimiento\"],\"inLanguage\":\"es\",\"potentialAction\":[{\"@type\":\"CommentAction\",\"name\":\"Comment\",\"target\":[\"https:\\\/\\\/quehacerpolitico.mx\\\/?p=119921#respond\"]}]},{\"@type\":\"WebPage\",\"@id\":\"https:\\\/\\\/quehacerpolitico.mx\\\/?p=119921\",\"url\":\"https:\\\/\\\/quehacerpolitico.mx\\\/?p=119921\",\"name\":\"El Quehacer Pol\u00edtico en la Cultura a trav\u00e9s del Enfoque\\\/\\\/\\\/Litza Deniss Dur\u00e1n Espinosa\\\/\\\/\\\/CULTURA COMUNITARIA TE INVITA A VIVIR LAS TRADICIONES DEL D\u00cdA DE MUERTOS EN COMUNIDAD -\",\"isPartOf\":{\"@id\":\"https:\\\/\\\/quehacerpolitico.mx\\\/#website\"},\"primaryImageOfPage\":{\"@id\":\"https:\\\/\\\/quehacerpolitico.mx\\\/?p=119921#primaryimage\"},\"image\":{\"@id\":\"https:\\\/\\\/quehacerpolitico.mx\\\/?p=119921#primaryimage\"},\"thumbnailUrl\":\"https:\\\/\\\/quehacerpolitico.mx\\\/wp-content\\\/uploads\\\/2025\\\/10\\\/DB2BECD9-3585-423C-87EF-52C2B41AF5B9.jpeg\",\"datePublished\":\"2025-10-21T23:53:21+00:00\",\"dateModified\":\"2025-10-21T23:53:24+00:00\",\"author\":{\"@id\":\"https:\\\/\\\/quehacerpolitico.mx\\\/#\\\/schema\\\/person\\\/496d8ad2d1d3f8036101dca7ee39e585\"},\"breadcrumb\":{\"@id\":\"https:\\\/\\\/quehacerpolitico.mx\\\/?p=119921#breadcrumb\"},\"inLanguage\":\"es\",\"potentialAction\":[{\"@type\":\"ReadAction\",\"target\":[\"https:\\\/\\\/quehacerpolitico.mx\\\/?p=119921\"]}]},{\"@type\":\"ImageObject\",\"inLanguage\":\"es\",\"@id\":\"https:\\\/\\\/quehacerpolitico.mx\\\/?p=119921#primaryimage\",\"url\":\"https:\\\/\\\/quehacerpolitico.mx\\\/wp-content\\\/uploads\\\/2025\\\/10\\\/DB2BECD9-3585-423C-87EF-52C2B41AF5B9.jpeg\",\"contentUrl\":\"https:\\\/\\\/quehacerpolitico.mx\\\/wp-content\\\/uploads\\\/2025\\\/10\\\/DB2BECD9-3585-423C-87EF-52C2B41AF5B9.jpeg\",\"width\":1218,\"height\":640},{\"@type\":\"BreadcrumbList\",\"@id\":\"https:\\\/\\\/quehacerpolitico.mx\\\/?p=119921#breadcrumb\",\"itemListElement\":[{\"@type\":\"ListItem\",\"position\":1,\"name\":\"Inicio\",\"item\":\"https:\\\/\\\/quehacerpolitico.mx\\\/\"},{\"@type\":\"ListItem\",\"position\":2,\"name\":\"El Quehacer Pol\u00edtico en la Cultura a trav\u00e9s del Enfoque\\\/\\\/\\\/Litza Deniss Dur\u00e1n Espinosa\\\/\\\/\\\/CULTURA COMUNITARIA TE INVITA A VIVIR LAS TRADICIONES DEL D\u00cdA DE MUERTOS EN COMUNIDAD\"}]},{\"@type\":\"WebSite\",\"@id\":\"https:\\\/\\\/quehacerpolitico.mx\\\/#website\",\"url\":\"https:\\\/\\\/quehacerpolitico.mx\\\/\",\"name\":\"\",\"description\":\"\",\"potentialAction\":[{\"@type\":\"SearchAction\",\"target\":{\"@type\":\"EntryPoint\",\"urlTemplate\":\"https:\\\/\\\/quehacerpolitico.mx\\\/?s={search_term_string}\"},\"query-input\":{\"@type\":\"PropertyValueSpecification\",\"valueRequired\":true,\"valueName\":\"search_term_string\"}}],\"inLanguage\":\"es\"},{\"@type\":\"Person\",\"@id\":\"https:\\\/\\\/quehacerpolitico.mx\\\/#\\\/schema\\\/person\\\/496d8ad2d1d3f8036101dca7ee39e585\",\"name\":\"Redacci\u00f3n QP\",\"image\":{\"@type\":\"ImageObject\",\"inLanguage\":\"es\",\"@id\":\"https:\\\/\\\/secure.gravatar.com\\\/avatar\\\/c7164ed6fdec453195284ad24a5ae5b6e1eed2b848477fa2a4787ba9adf39a41?s=96&d=mm&r=g\",\"url\":\"https:\\\/\\\/secure.gravatar.com\\\/avatar\\\/c7164ed6fdec453195284ad24a5ae5b6e1eed2b848477fa2a4787ba9adf39a41?s=96&d=mm&r=g\",\"contentUrl\":\"https:\\\/\\\/secure.gravatar.com\\\/avatar\\\/c7164ed6fdec453195284ad24a5ae5b6e1eed2b848477fa2a4787ba9adf39a41?s=96&d=mm&r=g\",\"caption\":\"Redacci\u00f3n QP\"},\"url\":\"https:\\\/\\\/quehacerpolitico.mx\\\/?author=2\"}]}<\/script>\n<!-- \/ Yoast SEO plugin. -->","yoast_head_json":{"title":"El Quehacer Pol\u00edtico en la Cultura a trav\u00e9s del Enfoque\/\/\/Litza Deniss Dur\u00e1n Espinosa\/\/\/CULTURA COMUNITARIA TE INVITA A VIVIR LAS TRADICIONES DEL D\u00cdA DE MUERTOS EN COMUNIDAD -","robots":{"index":"index","follow":"follow","max-snippet":"max-snippet:-1","max-image-preview":"max-image-preview:large","max-video-preview":"max-video-preview:-1"},"canonical":"https:\/\/quehacerpolitico.mx\/?p=119921","og_locale":"es_MX","og_type":"article","og_title":"El Quehacer Pol\u00edtico en la Cultura a trav\u00e9s del Enfoque\/\/\/Litza Deniss Dur\u00e1n Espinosa\/\/\/CULTURA COMUNITARIA TE INVITA A VIVIR LAS TRADICIONES DEL D\u00cdA DE MUERTOS EN COMUNIDAD -","og_description":"Por Litza Deniss Dur\u00e1n Espinosa En el marco de la celebraci\u00f3n del D\u00eda de Muertos,...","og_url":"https:\/\/quehacerpolitico.mx\/?p=119921","article_published_time":"2025-10-21T23:53:21+00:00","article_modified_time":"2025-10-21T23:53:24+00:00","og_image":[{"width":1218,"height":640,"url":"https:\/\/quehacerpolitico.mx\/wp-content\/uploads\/2025\/10\/DB2BECD9-3585-423C-87EF-52C2B41AF5B9.jpeg","type":"image\/jpeg"}],"author":"Redacci\u00f3n QP","twitter_card":"summary_large_image","twitter_misc":{"Escrito por":"Redacci\u00f3n QP","Tiempo de lectura":"3 minutos"},"schema":{"@context":"https:\/\/schema.org","@graph":[{"@type":"Article","@id":"https:\/\/quehacerpolitico.mx\/?p=119921#article","isPartOf":{"@id":"https:\/\/quehacerpolitico.mx\/?p=119921"},"author":{"name":"Redacci\u00f3n QP","@id":"https:\/\/quehacerpolitico.mx\/#\/schema\/person\/496d8ad2d1d3f8036101dca7ee39e585"},"headline":"El Quehacer Pol\u00edtico en la Cultura a trav\u00e9s del Enfoque\/\/\/Litza Deniss Dur\u00e1n Espinosa\/\/\/CULTURA COMUNITARIA TE INVITA A VIVIR LAS TRADICIONES DEL D\u00cdA DE MUERTOS EN COMUNIDAD","datePublished":"2025-10-21T23:53:21+00:00","dateModified":"2025-10-21T23:53:24+00:00","mainEntityOfPage":{"@id":"https:\/\/quehacerpolitico.mx\/?p=119921"},"wordCount":679,"commentCount":0,"image":{"@id":"https:\/\/quehacerpolitico.mx\/?p=119921#primaryimage"},"thumbnailUrl":"https:\/\/quehacerpolitico.mx\/wp-content\/uploads\/2025\/10\/DB2BECD9-3585-423C-87EF-52C2B41AF5B9.jpeg","articleSection":["Cultura y Entretenimiento"],"inLanguage":"es","potentialAction":[{"@type":"CommentAction","name":"Comment","target":["https:\/\/quehacerpolitico.mx\/?p=119921#respond"]}]},{"@type":"WebPage","@id":"https:\/\/quehacerpolitico.mx\/?p=119921","url":"https:\/\/quehacerpolitico.mx\/?p=119921","name":"El Quehacer Pol\u00edtico en la Cultura a trav\u00e9s del Enfoque\/\/\/Litza Deniss Dur\u00e1n Espinosa\/\/\/CULTURA COMUNITARIA TE INVITA A VIVIR LAS TRADICIONES DEL D\u00cdA DE MUERTOS EN COMUNIDAD -","isPartOf":{"@id":"https:\/\/quehacerpolitico.mx\/#website"},"primaryImageOfPage":{"@id":"https:\/\/quehacerpolitico.mx\/?p=119921#primaryimage"},"image":{"@id":"https:\/\/quehacerpolitico.mx\/?p=119921#primaryimage"},"thumbnailUrl":"https:\/\/quehacerpolitico.mx\/wp-content\/uploads\/2025\/10\/DB2BECD9-3585-423C-87EF-52C2B41AF5B9.jpeg","datePublished":"2025-10-21T23:53:21+00:00","dateModified":"2025-10-21T23:53:24+00:00","author":{"@id":"https:\/\/quehacerpolitico.mx\/#\/schema\/person\/496d8ad2d1d3f8036101dca7ee39e585"},"breadcrumb":{"@id":"https:\/\/quehacerpolitico.mx\/?p=119921#breadcrumb"},"inLanguage":"es","potentialAction":[{"@type":"ReadAction","target":["https:\/\/quehacerpolitico.mx\/?p=119921"]}]},{"@type":"ImageObject","inLanguage":"es","@id":"https:\/\/quehacerpolitico.mx\/?p=119921#primaryimage","url":"https:\/\/quehacerpolitico.mx\/wp-content\/uploads\/2025\/10\/DB2BECD9-3585-423C-87EF-52C2B41AF5B9.jpeg","contentUrl":"https:\/\/quehacerpolitico.mx\/wp-content\/uploads\/2025\/10\/DB2BECD9-3585-423C-87EF-52C2B41AF5B9.jpeg","width":1218,"height":640},{"@type":"BreadcrumbList","@id":"https:\/\/quehacerpolitico.mx\/?p=119921#breadcrumb","itemListElement":[{"@type":"ListItem","position":1,"name":"Inicio","item":"https:\/\/quehacerpolitico.mx\/"},{"@type":"ListItem","position":2,"name":"El Quehacer Pol\u00edtico en la Cultura a trav\u00e9s del Enfoque\/\/\/Litza Deniss Dur\u00e1n Espinosa\/\/\/CULTURA COMUNITARIA TE INVITA A VIVIR LAS TRADICIONES DEL D\u00cdA DE MUERTOS EN COMUNIDAD"}]},{"@type":"WebSite","@id":"https:\/\/quehacerpolitico.mx\/#website","url":"https:\/\/quehacerpolitico.mx\/","name":"","description":"","potentialAction":[{"@type":"SearchAction","target":{"@type":"EntryPoint","urlTemplate":"https:\/\/quehacerpolitico.mx\/?s={search_term_string}"},"query-input":{"@type":"PropertyValueSpecification","valueRequired":true,"valueName":"search_term_string"}}],"inLanguage":"es"},{"@type":"Person","@id":"https:\/\/quehacerpolitico.mx\/#\/schema\/person\/496d8ad2d1d3f8036101dca7ee39e585","name":"Redacci\u00f3n QP","image":{"@type":"ImageObject","inLanguage":"es","@id":"https:\/\/secure.gravatar.com\/avatar\/c7164ed6fdec453195284ad24a5ae5b6e1eed2b848477fa2a4787ba9adf39a41?s=96&d=mm&r=g","url":"https:\/\/secure.gravatar.com\/avatar\/c7164ed6fdec453195284ad24a5ae5b6e1eed2b848477fa2a4787ba9adf39a41?s=96&d=mm&r=g","contentUrl":"https:\/\/secure.gravatar.com\/avatar\/c7164ed6fdec453195284ad24a5ae5b6e1eed2b848477fa2a4787ba9adf39a41?s=96&d=mm&r=g","caption":"Redacci\u00f3n QP"},"url":"https:\/\/quehacerpolitico.mx\/?author=2"}]}},"featured_image_urls":{"full":["https:\/\/quehacerpolitico.mx\/wp-content\/uploads\/2025\/10\/DB2BECD9-3585-423C-87EF-52C2B41AF5B9.jpeg",1218,640,false],"thumbnail":["https:\/\/quehacerpolitico.mx\/wp-content\/uploads\/2025\/10\/DB2BECD9-3585-423C-87EF-52C2B41AF5B9-150x150.jpeg",150,150,true],"medium":["https:\/\/quehacerpolitico.mx\/wp-content\/uploads\/2025\/10\/DB2BECD9-3585-423C-87EF-52C2B41AF5B9-300x158.jpeg",300,158,true],"medium_large":["https:\/\/quehacerpolitico.mx\/wp-content\/uploads\/2025\/10\/DB2BECD9-3585-423C-87EF-52C2B41AF5B9-768x404.jpeg",640,337,true],"large":["https:\/\/quehacerpolitico.mx\/wp-content\/uploads\/2025\/10\/DB2BECD9-3585-423C-87EF-52C2B41AF5B9-1024x538.jpeg",640,336,true],"1536x1536":["https:\/\/quehacerpolitico.mx\/wp-content\/uploads\/2025\/10\/DB2BECD9-3585-423C-87EF-52C2B41AF5B9.jpeg",1218,640,false],"2048x2048":["https:\/\/quehacerpolitico.mx\/wp-content\/uploads\/2025\/10\/DB2BECD9-3585-423C-87EF-52C2B41AF5B9.jpeg",1218,640,false],"covernews-featured":["https:\/\/quehacerpolitico.mx\/wp-content\/uploads\/2025\/10\/DB2BECD9-3585-423C-87EF-52C2B41AF5B9-1024x538.jpeg",1024,538,true],"covernews-medium":["https:\/\/quehacerpolitico.mx\/wp-content\/uploads\/2025\/10\/DB2BECD9-3585-423C-87EF-52C2B41AF5B9-540x340.jpeg",540,340,true]},"author_info":{"display_name":"Redacci\u00f3n QP","author_link":"https:\/\/quehacerpolitico.mx\/?author=2"},"category_info":"<a href=\"https:\/\/quehacerpolitico.mx\/?cat=58\" rel=\"category\">Cultura y Entretenimiento<\/a>","tag_info":"Cultura y Entretenimiento","comment_count":"0","_links":{"self":[{"href":"https:\/\/quehacerpolitico.mx\/index.php?rest_route=\/wp\/v2\/posts\/119921","targetHints":{"allow":["GET"]}}],"collection":[{"href":"https:\/\/quehacerpolitico.mx\/index.php?rest_route=\/wp\/v2\/posts"}],"about":[{"href":"https:\/\/quehacerpolitico.mx\/index.php?rest_route=\/wp\/v2\/types\/post"}],"author":[{"embeddable":true,"href":"https:\/\/quehacerpolitico.mx\/index.php?rest_route=\/wp\/v2\/users\/2"}],"replies":[{"embeddable":true,"href":"https:\/\/quehacerpolitico.mx\/index.php?rest_route=%2Fwp%2Fv2%2Fcomments&post=119921"}],"version-history":[{"count":1,"href":"https:\/\/quehacerpolitico.mx\/index.php?rest_route=\/wp\/v2\/posts\/119921\/revisions"}],"predecessor-version":[{"id":119931,"href":"https:\/\/quehacerpolitico.mx\/index.php?rest_route=\/wp\/v2\/posts\/119921\/revisions\/119931"}],"wp:featuredmedia":[{"embeddable":true,"href":"https:\/\/quehacerpolitico.mx\/index.php?rest_route=\/wp\/v2\/media\/119930"}],"wp:attachment":[{"href":"https:\/\/quehacerpolitico.mx\/index.php?rest_route=%2Fwp%2Fv2%2Fmedia&parent=119921"}],"wp:term":[{"taxonomy":"category","embeddable":true,"href":"https:\/\/quehacerpolitico.mx\/index.php?rest_route=%2Fwp%2Fv2%2Fcategories&post=119921"},{"taxonomy":"post_tag","embeddable":true,"href":"https:\/\/quehacerpolitico.mx\/index.php?rest_route=%2Fwp%2Fv2%2Ftags&post=119921"}],"curies":[{"name":"wp","href":"https:\/\/api.w.org\/{rel}","templated":true}]}}