{"id":119914,"date":"2025-10-21T14:17:36","date_gmt":"2025-10-21T20:17:36","guid":{"rendered":"https:\/\/quehacerpolitico.mx\/?p=119914"},"modified":"2025-10-21T14:17:39","modified_gmt":"2025-10-21T20:17:39","slug":"fernandez-norona-explica-su-licencia-en-el-senado-viajara-a-palestina-emiratos-arabes-pagara-su-vuelo","status":"publish","type":"post","link":"https:\/\/quehacerpolitico.mx\/?p=119914","title":{"rendered":"Fern\u00e1ndez Noro\u00f1a explica su licencia en el Senado: viajar\u00e1 a Palestina; Emiratos \u00c1rabes pagar\u00e1 su vuelo"},"content":{"rendered":"\n<p>Por Redacci\u00f3n QP<\/p>\n\n\n\n<p>La traves\u00eda comenzar\u00e1 este mi\u00e9rcoles por la noche y regresar\u00e1 el pr\u00f3ximo 2 de noviembre; asegur\u00f3 que recibi\u00f3 una invitaci\u00f3n hace tiempo<\/p>\n\n\n\n<p>El senador morenista<strong>&nbsp;Gerardo Fern\u00e1ndez Noro\u00f1a<\/strong>&nbsp;anunci\u00f3 que la licencia que solicitar\u00e1 al Senado ser\u00e1 para<strong>&nbsp;acudir a Palestina.<\/strong><\/p>\n\n\n\n<p>Argument\u00f3 que era un viaje que ten\u00eda agendado por invitaci\u00f3n de Palestina. Afirm\u00f3 que saldr\u00e1 ma\u00f1ana por noche y<strong>regresar\u00e1 el 2 de noviembre.<\/strong><\/p>\n\n\n\n<p>\u201cYo decid\u00ed, podr\u00eda haber no pedido la licencia y tener las inasistencias, pero es lo correcto (\u2026) es un viaje que yo hab\u00eda retrasado en su momento\u201d, se\u00f1al\u00f3.<\/p>\n\n\n\n<figure class=\"wp-block-embed is-type-rich is-provider-twitter wp-block-embed-twitter\"><div class=\"wp-block-embed__wrapper\">\n<blockquote class=\"twitter-tweet\" data-width=\"550\" data-dnt=\"true\"><p lang=\"es\" dir=\"ltr\">Noro\u00f1a no puede aceptar regalos del tama\u00f1o de un vuelo (como el que dice que recibir\u00e1 para ir a Palestina).<br><br>Mucho menos los puede recibir de un gobierno extranjero.<br><br>\u00c9l mismo admite otro delito. <a href=\"https:\/\/t.co\/o6hMwbz1qd\">pic.twitter.com\/o6hMwbz1qd<\/a><\/p>&mdash; Manuel Lopez San Martin (@MLopezSanMartin) <a href=\"https:\/\/twitter.com\/MLopezSanMartin\/status\/1980709168366690589?ref_src=twsrc%5Etfw\">October 21, 2025<\/a><\/blockquote><script async src=\"https:\/\/platform.twitter.com\/widgets.js\" charset=\"utf-8\"><\/script>\n<\/div><\/figure>\n\n\n\n<p>En conferencia de prensa, Fern\u00e1ndez Noro\u00f1a explic\u00f3 que<strong>&nbsp;Emiratos \u00c1rabes cubrir\u00e1 los gastos&nbsp;<\/strong>de su vuelo a este pa\u00eds.&nbsp;<\/p>\n\n\n\n<p>El anuncio de su licencia ocurre en luego de sus viajes suntuosos al extranjero y su reciente compra de una residencia en Morelos por 12 millones de pesos.<\/p>\n\n\n\n<figure class=\"wp-block-embed is-type-rich is-provider-twitter wp-block-embed-twitter\"><div class=\"wp-block-embed__wrapper\">\n<blockquote class=\"twitter-tweet\" data-width=\"550\" data-dnt=\"true\"><p lang=\"es\" dir=\"ltr\">\ud83d\udea8 Noro\u00f1a a Palestina.<br><br>Por eso pidi\u00f3 liciencia; regresa el 2 de noviembre.<br><br>&quot;Estoy bien con el movimiento&quot;, dice. <a href=\"https:\/\/t.co\/hgjqLykoLS\">pic.twitter.com\/hgjqLykoLS<\/a><\/p>&mdash; Manuel Lopez San Martin (@MLopezSanMartin) <a href=\"https:\/\/twitter.com\/MLopezSanMartin\/status\/1980687933318525011?ref_src=twsrc%5Etfw\">October 21, 2025<\/a><\/blockquote><script async src=\"https:\/\/platform.twitter.com\/widgets.js\" charset=\"utf-8\"><\/script>\n<\/div><\/figure>\n\n\n\n<p><strong>Fern\u00e1ndez Noro\u00f1a&nbsp;<\/strong>est\u00e1 envuelto en la pol\u00e9mica desde septiembre del a\u00f1o pasado por sus constantes enfrentamientos con legisladores, principalmente de la oposici\u00f3n como&nbsp;Lilly T\u00e9llez y Alejandro Moreno C\u00e1rdenas, durante su pasada conducci\u00f3n como presidente del Senado.&nbsp;<\/p>\n\n\n\n<p>Tambi\u00e9n por los viajes que hizo a<strong>&nbsp;Italia y Francia<\/strong>,&nbsp;en representaci\u00f3n del Senado, y en los cuales opt\u00f3 por un viaje en clase premier.&nbsp;<\/p>\n","protected":false},"excerpt":{"rendered":"<p>Por Redacci\u00f3n QP La traves\u00eda comenzar\u00e1 este mi\u00e9rcoles por la noche y regresar\u00e1 el pr\u00f3ximo&#8230;<\/p>\n","protected":false},"author":2,"featured_media":119915,"comment_status":"open","ping_status":"open","sticky":false,"template":"","format":"standard","meta":{"_monsterinsights_skip_tracking":false,"_monsterinsights_sitenote_active":false,"_monsterinsights_sitenote_note":"","_monsterinsights_sitenote_category":0,"footnotes":""},"categories":[280,2],"tags":[],"class_list":["post-119914","post","type-post","status-publish","format-standard","has-post-thumbnail","hentry","category-nacionales","category-noticias"],"yoast_head":"<!-- This site is optimized with the Yoast SEO plugin v27.3 - https:\/\/yoast.com\/product\/yoast-seo-wordpress\/ -->\n<title>Fern\u00e1ndez Noro\u00f1a explica su licencia en el Senado: viajar\u00e1 a Palestina; Emiratos \u00c1rabes pagar\u00e1 su vuelo -<\/title>\n<meta name=\"robots\" content=\"index, follow, max-snippet:-1, max-image-preview:large, max-video-preview:-1\" \/>\n<link rel=\"canonical\" href=\"https:\/\/quehacerpolitico.mx\/?p=119914\" \/>\n<meta property=\"og:locale\" content=\"es_MX\" \/>\n<meta property=\"og:type\" content=\"article\" \/>\n<meta property=\"og:title\" content=\"Fern\u00e1ndez Noro\u00f1a explica su licencia en el Senado: viajar\u00e1 a Palestina; Emiratos \u00c1rabes pagar\u00e1 su vuelo -\" \/>\n<meta property=\"og:description\" content=\"Por Redacci\u00f3n QP La traves\u00eda comenzar\u00e1 este mi\u00e9rcoles por la noche y regresar\u00e1 el pr\u00f3ximo...\" \/>\n<meta property=\"og:url\" content=\"https:\/\/quehacerpolitico.mx\/?p=119914\" \/>\n<meta property=\"article:published_time\" content=\"2025-10-21T20:17:36+00:00\" \/>\n<meta property=\"article:modified_time\" content=\"2025-10-21T20:17:39+00:00\" \/>\n<meta property=\"og:image\" content=\"https:\/\/quehacerpolitico.mx\/wp-content\/uploads\/2025\/10\/IMG_4526.jpeg\" \/>\n\t<meta property=\"og:image:width\" content=\"1170\" \/>\n\t<meta property=\"og:image:height\" content=\"646\" \/>\n\t<meta property=\"og:image:type\" content=\"image\/jpeg\" \/>\n<meta name=\"author\" content=\"Redacci\u00f3n QP\" \/>\n<meta name=\"twitter:card\" content=\"summary_large_image\" \/>\n<meta name=\"twitter:label1\" content=\"Escrito por\" \/>\n\t<meta name=\"twitter:data1\" content=\"Redacci\u00f3n QP\" \/>\n\t<meta name=\"twitter:label2\" content=\"Tiempo de lectura\" \/>\n\t<meta name=\"twitter:data2\" content=\"1 minuto\" \/>\n<script type=\"application\/ld+json\" class=\"yoast-schema-graph\">{\"@context\":\"https:\\\/\\\/schema.org\",\"@graph\":[{\"@type\":\"Article\",\"@id\":\"https:\\\/\\\/quehacerpolitico.mx\\\/?p=119914#article\",\"isPartOf\":{\"@id\":\"https:\\\/\\\/quehacerpolitico.mx\\\/?p=119914\"},\"author\":{\"name\":\"Redacci\u00f3n QP\",\"@id\":\"https:\\\/\\\/quehacerpolitico.mx\\\/#\\\/schema\\\/person\\\/496d8ad2d1d3f8036101dca7ee39e585\"},\"headline\":\"Fern\u00e1ndez Noro\u00f1a explica su licencia en el Senado: viajar\u00e1 a Palestina; Emiratos \u00c1rabes pagar\u00e1 su vuelo\",\"datePublished\":\"2025-10-21T20:17:36+00:00\",\"dateModified\":\"2025-10-21T20:17:39+00:00\",\"mainEntityOfPage\":{\"@id\":\"https:\\\/\\\/quehacerpolitico.mx\\\/?p=119914\"},\"wordCount\":268,\"commentCount\":0,\"image\":{\"@id\":\"https:\\\/\\\/quehacerpolitico.mx\\\/?p=119914#primaryimage\"},\"thumbnailUrl\":\"https:\\\/\\\/quehacerpolitico.mx\\\/wp-content\\\/uploads\\\/2025\\\/10\\\/IMG_4526.jpeg\",\"articleSection\":[\"Nacionales\",\"Noticias\"],\"inLanguage\":\"es\",\"potentialAction\":[{\"@type\":\"CommentAction\",\"name\":\"Comment\",\"target\":[\"https:\\\/\\\/quehacerpolitico.mx\\\/?p=119914#respond\"]}]},{\"@type\":\"WebPage\",\"@id\":\"https:\\\/\\\/quehacerpolitico.mx\\\/?p=119914\",\"url\":\"https:\\\/\\\/quehacerpolitico.mx\\\/?p=119914\",\"name\":\"Fern\u00e1ndez Noro\u00f1a explica su licencia en el Senado: viajar\u00e1 a Palestina; Emiratos \u00c1rabes pagar\u00e1 su vuelo -\",\"isPartOf\":{\"@id\":\"https:\\\/\\\/quehacerpolitico.mx\\\/#website\"},\"primaryImageOfPage\":{\"@id\":\"https:\\\/\\\/quehacerpolitico.mx\\\/?p=119914#primaryimage\"},\"image\":{\"@id\":\"https:\\\/\\\/quehacerpolitico.mx\\\/?p=119914#primaryimage\"},\"thumbnailUrl\":\"https:\\\/\\\/quehacerpolitico.mx\\\/wp-content\\\/uploads\\\/2025\\\/10\\\/IMG_4526.jpeg\",\"datePublished\":\"2025-10-21T20:17:36+00:00\",\"dateModified\":\"2025-10-21T20:17:39+00:00\",\"author\":{\"@id\":\"https:\\\/\\\/quehacerpolitico.mx\\\/#\\\/schema\\\/person\\\/496d8ad2d1d3f8036101dca7ee39e585\"},\"breadcrumb\":{\"@id\":\"https:\\\/\\\/quehacerpolitico.mx\\\/?p=119914#breadcrumb\"},\"inLanguage\":\"es\",\"potentialAction\":[{\"@type\":\"ReadAction\",\"target\":[\"https:\\\/\\\/quehacerpolitico.mx\\\/?p=119914\"]}]},{\"@type\":\"ImageObject\",\"inLanguage\":\"es\",\"@id\":\"https:\\\/\\\/quehacerpolitico.mx\\\/?p=119914#primaryimage\",\"url\":\"https:\\\/\\\/quehacerpolitico.mx\\\/wp-content\\\/uploads\\\/2025\\\/10\\\/IMG_4526.jpeg\",\"contentUrl\":\"https:\\\/\\\/quehacerpolitico.mx\\\/wp-content\\\/uploads\\\/2025\\\/10\\\/IMG_4526.jpeg\",\"width\":1170,\"height\":646,\"caption\":\"Screenshot\"},{\"@type\":\"BreadcrumbList\",\"@id\":\"https:\\\/\\\/quehacerpolitico.mx\\\/?p=119914#breadcrumb\",\"itemListElement\":[{\"@type\":\"ListItem\",\"position\":1,\"name\":\"Inicio\",\"item\":\"https:\\\/\\\/quehacerpolitico.mx\\\/\"},{\"@type\":\"ListItem\",\"position\":2,\"name\":\"Fern\u00e1ndez Noro\u00f1a explica su licencia en el Senado: viajar\u00e1 a Palestina; Emiratos \u00c1rabes pagar\u00e1 su vuelo\"}]},{\"@type\":\"WebSite\",\"@id\":\"https:\\\/\\\/quehacerpolitico.mx\\\/#website\",\"url\":\"https:\\\/\\\/quehacerpolitico.mx\\\/\",\"name\":\"\",\"description\":\"\",\"potentialAction\":[{\"@type\":\"SearchAction\",\"target\":{\"@type\":\"EntryPoint\",\"urlTemplate\":\"https:\\\/\\\/quehacerpolitico.mx\\\/?s={search_term_string}\"},\"query-input\":{\"@type\":\"PropertyValueSpecification\",\"valueRequired\":true,\"valueName\":\"search_term_string\"}}],\"inLanguage\":\"es\"},{\"@type\":\"Person\",\"@id\":\"https:\\\/\\\/quehacerpolitico.mx\\\/#\\\/schema\\\/person\\\/496d8ad2d1d3f8036101dca7ee39e585\",\"name\":\"Redacci\u00f3n QP\",\"image\":{\"@type\":\"ImageObject\",\"inLanguage\":\"es\",\"@id\":\"https:\\\/\\\/secure.gravatar.com\\\/avatar\\\/c7164ed6fdec453195284ad24a5ae5b6e1eed2b848477fa2a4787ba9adf39a41?s=96&d=mm&r=g\",\"url\":\"https:\\\/\\\/secure.gravatar.com\\\/avatar\\\/c7164ed6fdec453195284ad24a5ae5b6e1eed2b848477fa2a4787ba9adf39a41?s=96&d=mm&r=g\",\"contentUrl\":\"https:\\\/\\\/secure.gravatar.com\\\/avatar\\\/c7164ed6fdec453195284ad24a5ae5b6e1eed2b848477fa2a4787ba9adf39a41?s=96&d=mm&r=g\",\"caption\":\"Redacci\u00f3n QP\"},\"url\":\"https:\\\/\\\/quehacerpolitico.mx\\\/?author=2\"}]}<\/script>\n<!-- \/ Yoast SEO plugin. -->","yoast_head_json":{"title":"Fern\u00e1ndez Noro\u00f1a explica su licencia en el Senado: viajar\u00e1 a Palestina; Emiratos \u00c1rabes pagar\u00e1 su vuelo -","robots":{"index":"index","follow":"follow","max-snippet":"max-snippet:-1","max-image-preview":"max-image-preview:large","max-video-preview":"max-video-preview:-1"},"canonical":"https:\/\/quehacerpolitico.mx\/?p=119914","og_locale":"es_MX","og_type":"article","og_title":"Fern\u00e1ndez Noro\u00f1a explica su licencia en el Senado: viajar\u00e1 a Palestina; Emiratos \u00c1rabes pagar\u00e1 su vuelo -","og_description":"Por Redacci\u00f3n QP La traves\u00eda comenzar\u00e1 este mi\u00e9rcoles por la noche y regresar\u00e1 el pr\u00f3ximo...","og_url":"https:\/\/quehacerpolitico.mx\/?p=119914","article_published_time":"2025-10-21T20:17:36+00:00","article_modified_time":"2025-10-21T20:17:39+00:00","og_image":[{"width":1170,"height":646,"url":"https:\/\/quehacerpolitico.mx\/wp-content\/uploads\/2025\/10\/IMG_4526.jpeg","type":"image\/jpeg"}],"author":"Redacci\u00f3n QP","twitter_card":"summary_large_image","twitter_misc":{"Escrito por":"Redacci\u00f3n QP","Tiempo de lectura":"1 minuto"},"schema":{"@context":"https:\/\/schema.org","@graph":[{"@type":"Article","@id":"https:\/\/quehacerpolitico.mx\/?p=119914#article","isPartOf":{"@id":"https:\/\/quehacerpolitico.mx\/?p=119914"},"author":{"name":"Redacci\u00f3n QP","@id":"https:\/\/quehacerpolitico.mx\/#\/schema\/person\/496d8ad2d1d3f8036101dca7ee39e585"},"headline":"Fern\u00e1ndez Noro\u00f1a explica su licencia en el Senado: viajar\u00e1 a Palestina; Emiratos \u00c1rabes pagar\u00e1 su vuelo","datePublished":"2025-10-21T20:17:36+00:00","dateModified":"2025-10-21T20:17:39+00:00","mainEntityOfPage":{"@id":"https:\/\/quehacerpolitico.mx\/?p=119914"},"wordCount":268,"commentCount":0,"image":{"@id":"https:\/\/quehacerpolitico.mx\/?p=119914#primaryimage"},"thumbnailUrl":"https:\/\/quehacerpolitico.mx\/wp-content\/uploads\/2025\/10\/IMG_4526.jpeg","articleSection":["Nacionales","Noticias"],"inLanguage":"es","potentialAction":[{"@type":"CommentAction","name":"Comment","target":["https:\/\/quehacerpolitico.mx\/?p=119914#respond"]}]},{"@type":"WebPage","@id":"https:\/\/quehacerpolitico.mx\/?p=119914","url":"https:\/\/quehacerpolitico.mx\/?p=119914","name":"Fern\u00e1ndez Noro\u00f1a explica su licencia en el Senado: viajar\u00e1 a Palestina; Emiratos \u00c1rabes pagar\u00e1 su vuelo -","isPartOf":{"@id":"https:\/\/quehacerpolitico.mx\/#website"},"primaryImageOfPage":{"@id":"https:\/\/quehacerpolitico.mx\/?p=119914#primaryimage"},"image":{"@id":"https:\/\/quehacerpolitico.mx\/?p=119914#primaryimage"},"thumbnailUrl":"https:\/\/quehacerpolitico.mx\/wp-content\/uploads\/2025\/10\/IMG_4526.jpeg","datePublished":"2025-10-21T20:17:36+00:00","dateModified":"2025-10-21T20:17:39+00:00","author":{"@id":"https:\/\/quehacerpolitico.mx\/#\/schema\/person\/496d8ad2d1d3f8036101dca7ee39e585"},"breadcrumb":{"@id":"https:\/\/quehacerpolitico.mx\/?p=119914#breadcrumb"},"inLanguage":"es","potentialAction":[{"@type":"ReadAction","target":["https:\/\/quehacerpolitico.mx\/?p=119914"]}]},{"@type":"ImageObject","inLanguage":"es","@id":"https:\/\/quehacerpolitico.mx\/?p=119914#primaryimage","url":"https:\/\/quehacerpolitico.mx\/wp-content\/uploads\/2025\/10\/IMG_4526.jpeg","contentUrl":"https:\/\/quehacerpolitico.mx\/wp-content\/uploads\/2025\/10\/IMG_4526.jpeg","width":1170,"height":646,"caption":"Screenshot"},{"@type":"BreadcrumbList","@id":"https:\/\/quehacerpolitico.mx\/?p=119914#breadcrumb","itemListElement":[{"@type":"ListItem","position":1,"name":"Inicio","item":"https:\/\/quehacerpolitico.mx\/"},{"@type":"ListItem","position":2,"name":"Fern\u00e1ndez Noro\u00f1a explica su licencia en el Senado: viajar\u00e1 a Palestina; Emiratos \u00c1rabes pagar\u00e1 su vuelo"}]},{"@type":"WebSite","@id":"https:\/\/quehacerpolitico.mx\/#website","url":"https:\/\/quehacerpolitico.mx\/","name":"","description":"","potentialAction":[{"@type":"SearchAction","target":{"@type":"EntryPoint","urlTemplate":"https:\/\/quehacerpolitico.mx\/?s={search_term_string}"},"query-input":{"@type":"PropertyValueSpecification","valueRequired":true,"valueName":"search_term_string"}}],"inLanguage":"es"},{"@type":"Person","@id":"https:\/\/quehacerpolitico.mx\/#\/schema\/person\/496d8ad2d1d3f8036101dca7ee39e585","name":"Redacci\u00f3n QP","image":{"@type":"ImageObject","inLanguage":"es","@id":"https:\/\/secure.gravatar.com\/avatar\/c7164ed6fdec453195284ad24a5ae5b6e1eed2b848477fa2a4787ba9adf39a41?s=96&d=mm&r=g","url":"https:\/\/secure.gravatar.com\/avatar\/c7164ed6fdec453195284ad24a5ae5b6e1eed2b848477fa2a4787ba9adf39a41?s=96&d=mm&r=g","contentUrl":"https:\/\/secure.gravatar.com\/avatar\/c7164ed6fdec453195284ad24a5ae5b6e1eed2b848477fa2a4787ba9adf39a41?s=96&d=mm&r=g","caption":"Redacci\u00f3n QP"},"url":"https:\/\/quehacerpolitico.mx\/?author=2"}]}},"featured_image_urls":{"full":["https:\/\/quehacerpolitico.mx\/wp-content\/uploads\/2025\/10\/IMG_4526.jpeg",1170,646,false],"thumbnail":["https:\/\/quehacerpolitico.mx\/wp-content\/uploads\/2025\/10\/IMG_4526-150x150.jpeg",150,150,true],"medium":["https:\/\/quehacerpolitico.mx\/wp-content\/uploads\/2025\/10\/IMG_4526-300x166.jpeg",300,166,true],"medium_large":["https:\/\/quehacerpolitico.mx\/wp-content\/uploads\/2025\/10\/IMG_4526-768x424.jpeg",640,353,true],"large":["https:\/\/quehacerpolitico.mx\/wp-content\/uploads\/2025\/10\/IMG_4526-1024x565.jpeg",640,353,true],"1536x1536":["https:\/\/quehacerpolitico.mx\/wp-content\/uploads\/2025\/10\/IMG_4526.jpeg",1170,646,false],"2048x2048":["https:\/\/quehacerpolitico.mx\/wp-content\/uploads\/2025\/10\/IMG_4526.jpeg",1170,646,false],"covernews-featured":["https:\/\/quehacerpolitico.mx\/wp-content\/uploads\/2025\/10\/IMG_4526-1024x565.jpeg",1024,565,true],"covernews-medium":["https:\/\/quehacerpolitico.mx\/wp-content\/uploads\/2025\/10\/IMG_4526-540x340.jpeg",540,340,true]},"author_info":{"display_name":"Redacci\u00f3n QP","author_link":"https:\/\/quehacerpolitico.mx\/?author=2"},"category_info":"<a href=\"https:\/\/quehacerpolitico.mx\/?cat=280\" rel=\"category\">Nacionales<\/a> <a href=\"https:\/\/quehacerpolitico.mx\/?cat=2\" rel=\"category\">Noticias<\/a>","tag_info":"Noticias","comment_count":"0","_links":{"self":[{"href":"https:\/\/quehacerpolitico.mx\/index.php?rest_route=\/wp\/v2\/posts\/119914","targetHints":{"allow":["GET"]}}],"collection":[{"href":"https:\/\/quehacerpolitico.mx\/index.php?rest_route=\/wp\/v2\/posts"}],"about":[{"href":"https:\/\/quehacerpolitico.mx\/index.php?rest_route=\/wp\/v2\/types\/post"}],"author":[{"embeddable":true,"href":"https:\/\/quehacerpolitico.mx\/index.php?rest_route=\/wp\/v2\/users\/2"}],"replies":[{"embeddable":true,"href":"https:\/\/quehacerpolitico.mx\/index.php?rest_route=%2Fwp%2Fv2%2Fcomments&post=119914"}],"version-history":[{"count":1,"href":"https:\/\/quehacerpolitico.mx\/index.php?rest_route=\/wp\/v2\/posts\/119914\/revisions"}],"predecessor-version":[{"id":119916,"href":"https:\/\/quehacerpolitico.mx\/index.php?rest_route=\/wp\/v2\/posts\/119914\/revisions\/119916"}],"wp:featuredmedia":[{"embeddable":true,"href":"https:\/\/quehacerpolitico.mx\/index.php?rest_route=\/wp\/v2\/media\/119915"}],"wp:attachment":[{"href":"https:\/\/quehacerpolitico.mx\/index.php?rest_route=%2Fwp%2Fv2%2Fmedia&parent=119914"}],"wp:term":[{"taxonomy":"category","embeddable":true,"href":"https:\/\/quehacerpolitico.mx\/index.php?rest_route=%2Fwp%2Fv2%2Fcategories&post=119914"},{"taxonomy":"post_tag","embeddable":true,"href":"https:\/\/quehacerpolitico.mx\/index.php?rest_route=%2Fwp%2Fv2%2Ftags&post=119914"}],"curies":[{"name":"wp","href":"https:\/\/api.w.org\/{rel}","templated":true}]}}