{"id":119912,"date":"2025-10-21T13:57:19","date_gmt":"2025-10-21T19:57:19","guid":{"rendered":"https:\/\/quehacerpolitico.mx\/?p=119912"},"modified":"2025-10-21T13:57:23","modified_gmt":"2025-10-21T19:57:23","slug":"el-quehacer-politico-internacional-a-traves-del-tintero-edgar-castaneda-fiscalia-de-bolivia-acusa-formalmente-a-evo-morales-por-trata-agravada-de-personas","status":"publish","type":"post","link":"https:\/\/quehacerpolitico.mx\/?p=119912","title":{"rendered":"El Quehacer Pol\u00edtico Internacional a trav\u00e9s del Tintero\/\/\/Edgar Casta\u00f1eda\/\/\/Fiscal\u00eda de Bolivia acusa formalmente a Evo Morales por trata agravada de personas"},"content":{"rendered":"\n<p>Por Edgar Casta\u00f1eda<\/p>\n\n\n\n<p>En octubre de 2024, se dict\u00f3 una orden de captura contra el pol\u00edtico, que posteriormente fue refrendada por un juzgado de Tarija, por supuestamente tener un hijo con una menor de edad durante su mandato en 2016<\/p>\n\n\n\n<p>La Fiscal\u00eda de Tarija (sur) present\u00f3 este martes la&nbsp;<strong>acusaci\u00f3n formal<\/strong>&nbsp;contra el expresidente de Bolivia&nbsp;<strong>Evo Morales<\/strong>por el delito de trata agravada de personas, lo que significa que el juez del proceso debe se\u00f1alar una fecha para que comience el juicio en su contra.<\/p>\n\n\n\n<p>La fiscal Departamental de Tarija, Sandra Guti\u00e9rrez, inform\u00f3 que se lleg\u00f3 a esta instancia del proceso penal contra Morales (2006-2019) despu\u00e9s de haber realizado un an\u00e1lisis &#8220;minucioso&#8221; de todas las\u00a0<strong>pruebas e informes<\/strong> recopilados durante la etapa preparatoria.<\/p>\n\n\n\n<figure class=\"wp-block-embed is-type-video is-provider-youtube wp-block-embed-youtube wp-embed-aspect-16-9 wp-has-aspect-ratio\"><div class=\"wp-block-embed__wrapper\">\n<iframe loading=\"lazy\" title=\"El Ministerio P\u00fablico de Tarija present\u00f3 una acusaci\u00f3n formal contra Evo Morales\" width=\"640\" height=\"360\" src=\"https:\/\/www.youtube.com\/embed\/aNhRwT2Sfag?feature=oembed\" frameborder=\"0\" allow=\"accelerometer; autoplay; clipboard-write; encrypted-media; gyroscope; picture-in-picture; web-share\" referrerpolicy=\"strict-origin-when-cross-origin\" allowfullscreen><\/iframe>\n<\/div><\/figure>\n\n\n\n<p>&#8220;Vamos a estar a la espera de lo que establece el<strong>&nbsp;procedimiento penal<\/strong>&nbsp;para que una vez que el juez analice todo esto, tendr\u00e1 que pasarlo al tribunal correspondiente para que se\u00f1ale d\u00eda y hora para que se lleve adelante el juicio oral&#8221;, dijo Guti\u00e9rrez en una conferencia de prensa.<\/p>\n\n\n\n<p>Destac\u00f3 que la investigaci\u00f3n,&nbsp;que comenz\u00f3 &#8220;a finales de septiembre del a\u00f1o&nbsp;pasado, hoy culmina con una acusaci\u00f3n formal&#8221;.<\/p>\n\n\n\n<p>En octubre de&nbsp;<strong>2024<\/strong>, la fiscal Guti\u00e9rrez dict\u00f3 una&nbsp;<strong>orden de captura<\/strong>&nbsp;contra el exmandatario, que posteriormente fue refrendada por un juzgado de Tarija, por supuestamente&nbsp;<strong>tener un hijo con una menor de edad<\/strong>&nbsp;mientras era presidente de Bolivia, en 2016.<\/p>\n\n\n\n<p>A principios de este a\u00f1o, un tribunal judicial&nbsp;<strong>declar\u00f3 en rebeld\u00eda a Morales<\/strong>, despu\u00e9s de que el pol\u00edtico no se presentara en dos ocasiones, al alegar enfermedad, a una audiencia que deb\u00eda resolver la acusaci\u00f3n en su contra por trata agravada de personas.<\/p>\n\n\n\n<p>Por este caso, los seguidores del expresidente&nbsp;<strong>bloquearon carreteras para evitar su detenci\u00f3n en 2024<\/strong>&nbsp;y Morales no ha salido desde octubre del a\u00f1o pasado del Tr\u00f3pico de Cochabamba, su basti\u00f3n pol\u00edtico y sindical, donde permanece&nbsp;<strong>resguardado por centenares de sus aliados<\/strong>.<\/p>\n\n\n\n<p>Con informaci\u00f3n de EFE<\/p>\n","protected":false},"excerpt":{"rendered":"<p>Por Edgar Casta\u00f1eda En octubre de 2024, se dict\u00f3 una orden de captura contra el&#8230;<\/p>\n","protected":false},"author":2,"featured_media":119904,"comment_status":"open","ping_status":"open","sticky":false,"template":"","format":"standard","meta":{"_monsterinsights_skip_tracking":false,"_monsterinsights_sitenote_active":false,"_monsterinsights_sitenote_note":"","_monsterinsights_sitenote_category":0,"footnotes":""},"categories":[1],"tags":[],"class_list":["post-119912","post","type-post","status-publish","format-standard","has-post-thumbnail","hentry","category-sin-categoria"],"yoast_head":"<!-- This site is optimized with the Yoast SEO plugin v27.3 - https:\/\/yoast.com\/product\/yoast-seo-wordpress\/ -->\n<title>El Quehacer Pol\u00edtico Internacional a trav\u00e9s del Tintero\/\/\/Edgar Casta\u00f1eda\/\/\/Fiscal\u00eda de Bolivia acusa formalmente a Evo Morales por trata agravada de personas -<\/title>\n<meta name=\"robots\" content=\"index, follow, max-snippet:-1, max-image-preview:large, max-video-preview:-1\" \/>\n<link rel=\"canonical\" href=\"https:\/\/quehacerpolitico.mx\/?p=119912\" \/>\n<meta property=\"og:locale\" content=\"es_MX\" \/>\n<meta property=\"og:type\" content=\"article\" \/>\n<meta property=\"og:title\" content=\"El Quehacer Pol\u00edtico Internacional a trav\u00e9s del Tintero\/\/\/Edgar Casta\u00f1eda\/\/\/Fiscal\u00eda de Bolivia acusa formalmente a Evo Morales por trata agravada de personas -\" \/>\n<meta property=\"og:description\" content=\"Por Edgar Casta\u00f1eda En octubre de 2024, se dict\u00f3 una orden de captura contra el...\" \/>\n<meta property=\"og:url\" content=\"https:\/\/quehacerpolitico.mx\/?p=119912\" \/>\n<meta property=\"article:published_time\" content=\"2025-10-21T19:57:19+00:00\" \/>\n<meta property=\"article:modified_time\" content=\"2025-10-21T19:57:23+00:00\" \/>\n<meta property=\"og:image\" content=\"https:\/\/quehacerpolitico.mx\/wp-content\/uploads\/2025\/10\/821cdf72-7c9e-4572-809c-7489a568476d-3.jpeg\" \/>\n\t<meta property=\"og:image:width\" content=\"963\" \/>\n\t<meta property=\"og:image:height\" content=\"493\" \/>\n\t<meta property=\"og:image:type\" content=\"image\/jpeg\" \/>\n<meta name=\"author\" content=\"Redacci\u00f3n QP\" \/>\n<meta name=\"twitter:card\" content=\"summary_large_image\" \/>\n<meta name=\"twitter:label1\" content=\"Escrito por\" \/>\n\t<meta name=\"twitter:data1\" content=\"Redacci\u00f3n QP\" \/>\n\t<meta name=\"twitter:label2\" content=\"Tiempo de lectura\" \/>\n\t<meta name=\"twitter:data2\" content=\"2 minutos\" \/>\n<script type=\"application\/ld+json\" class=\"yoast-schema-graph\">{\"@context\":\"https:\\\/\\\/schema.org\",\"@graph\":[{\"@type\":\"Article\",\"@id\":\"https:\\\/\\\/quehacerpolitico.mx\\\/?p=119912#article\",\"isPartOf\":{\"@id\":\"https:\\\/\\\/quehacerpolitico.mx\\\/?p=119912\"},\"author\":{\"name\":\"Redacci\u00f3n QP\",\"@id\":\"https:\\\/\\\/quehacerpolitico.mx\\\/#\\\/schema\\\/person\\\/496d8ad2d1d3f8036101dca7ee39e585\"},\"headline\":\"El Quehacer Pol\u00edtico Internacional a trav\u00e9s del Tintero\\\/\\\/\\\/Edgar Casta\u00f1eda\\\/\\\/\\\/Fiscal\u00eda de Bolivia acusa formalmente a Evo Morales por trata agravada de personas\",\"datePublished\":\"2025-10-21T19:57:19+00:00\",\"dateModified\":\"2025-10-21T19:57:23+00:00\",\"mainEntityOfPage\":{\"@id\":\"https:\\\/\\\/quehacerpolitico.mx\\\/?p=119912\"},\"wordCount\":396,\"commentCount\":0,\"image\":{\"@id\":\"https:\\\/\\\/quehacerpolitico.mx\\\/?p=119912#primaryimage\"},\"thumbnailUrl\":\"https:\\\/\\\/quehacerpolitico.mx\\\/wp-content\\\/uploads\\\/2025\\\/10\\\/821cdf72-7c9e-4572-809c-7489a568476d-3.jpeg\",\"articleSection\":[\"Internacionales\"],\"inLanguage\":\"es\",\"potentialAction\":[{\"@type\":\"CommentAction\",\"name\":\"Comment\",\"target\":[\"https:\\\/\\\/quehacerpolitico.mx\\\/?p=119912#respond\"]}]},{\"@type\":\"WebPage\",\"@id\":\"https:\\\/\\\/quehacerpolitico.mx\\\/?p=119912\",\"url\":\"https:\\\/\\\/quehacerpolitico.mx\\\/?p=119912\",\"name\":\"El Quehacer Pol\u00edtico Internacional a trav\u00e9s del Tintero\\\/\\\/\\\/Edgar Casta\u00f1eda\\\/\\\/\\\/Fiscal\u00eda de Bolivia acusa formalmente a Evo Morales por trata agravada de personas -\",\"isPartOf\":{\"@id\":\"https:\\\/\\\/quehacerpolitico.mx\\\/#website\"},\"primaryImageOfPage\":{\"@id\":\"https:\\\/\\\/quehacerpolitico.mx\\\/?p=119912#primaryimage\"},\"image\":{\"@id\":\"https:\\\/\\\/quehacerpolitico.mx\\\/?p=119912#primaryimage\"},\"thumbnailUrl\":\"https:\\\/\\\/quehacerpolitico.mx\\\/wp-content\\\/uploads\\\/2025\\\/10\\\/821cdf72-7c9e-4572-809c-7489a568476d-3.jpeg\",\"datePublished\":\"2025-10-21T19:57:19+00:00\",\"dateModified\":\"2025-10-21T19:57:23+00:00\",\"author\":{\"@id\":\"https:\\\/\\\/quehacerpolitico.mx\\\/#\\\/schema\\\/person\\\/496d8ad2d1d3f8036101dca7ee39e585\"},\"breadcrumb\":{\"@id\":\"https:\\\/\\\/quehacerpolitico.mx\\\/?p=119912#breadcrumb\"},\"inLanguage\":\"es\",\"potentialAction\":[{\"@type\":\"ReadAction\",\"target\":[\"https:\\\/\\\/quehacerpolitico.mx\\\/?p=119912\"]}]},{\"@type\":\"ImageObject\",\"inLanguage\":\"es\",\"@id\":\"https:\\\/\\\/quehacerpolitico.mx\\\/?p=119912#primaryimage\",\"url\":\"https:\\\/\\\/quehacerpolitico.mx\\\/wp-content\\\/uploads\\\/2025\\\/10\\\/821cdf72-7c9e-4572-809c-7489a568476d-3.jpeg\",\"contentUrl\":\"https:\\\/\\\/quehacerpolitico.mx\\\/wp-content\\\/uploads\\\/2025\\\/10\\\/821cdf72-7c9e-4572-809c-7489a568476d-3.jpeg\",\"width\":963,\"height\":493},{\"@type\":\"BreadcrumbList\",\"@id\":\"https:\\\/\\\/quehacerpolitico.mx\\\/?p=119912#breadcrumb\",\"itemListElement\":[{\"@type\":\"ListItem\",\"position\":1,\"name\":\"Inicio\",\"item\":\"https:\\\/\\\/quehacerpolitico.mx\\\/\"},{\"@type\":\"ListItem\",\"position\":2,\"name\":\"El Quehacer Pol\u00edtico Internacional a trav\u00e9s del Tintero\\\/\\\/\\\/Edgar Casta\u00f1eda\\\/\\\/\\\/Fiscal\u00eda de Bolivia acusa formalmente a Evo Morales por trata agravada de personas\"}]},{\"@type\":\"WebSite\",\"@id\":\"https:\\\/\\\/quehacerpolitico.mx\\\/#website\",\"url\":\"https:\\\/\\\/quehacerpolitico.mx\\\/\",\"name\":\"\",\"description\":\"\",\"potentialAction\":[{\"@type\":\"SearchAction\",\"target\":{\"@type\":\"EntryPoint\",\"urlTemplate\":\"https:\\\/\\\/quehacerpolitico.mx\\\/?s={search_term_string}\"},\"query-input\":{\"@type\":\"PropertyValueSpecification\",\"valueRequired\":true,\"valueName\":\"search_term_string\"}}],\"inLanguage\":\"es\"},{\"@type\":\"Person\",\"@id\":\"https:\\\/\\\/quehacerpolitico.mx\\\/#\\\/schema\\\/person\\\/496d8ad2d1d3f8036101dca7ee39e585\",\"name\":\"Redacci\u00f3n QP\",\"image\":{\"@type\":\"ImageObject\",\"inLanguage\":\"es\",\"@id\":\"https:\\\/\\\/secure.gravatar.com\\\/avatar\\\/c7164ed6fdec453195284ad24a5ae5b6e1eed2b848477fa2a4787ba9adf39a41?s=96&d=mm&r=g\",\"url\":\"https:\\\/\\\/secure.gravatar.com\\\/avatar\\\/c7164ed6fdec453195284ad24a5ae5b6e1eed2b848477fa2a4787ba9adf39a41?s=96&d=mm&r=g\",\"contentUrl\":\"https:\\\/\\\/secure.gravatar.com\\\/avatar\\\/c7164ed6fdec453195284ad24a5ae5b6e1eed2b848477fa2a4787ba9adf39a41?s=96&d=mm&r=g\",\"caption\":\"Redacci\u00f3n QP\"},\"url\":\"https:\\\/\\\/quehacerpolitico.mx\\\/?author=2\"}]}<\/script>\n<!-- \/ Yoast SEO plugin. -->","yoast_head_json":{"title":"El Quehacer Pol\u00edtico Internacional a trav\u00e9s del Tintero\/\/\/Edgar Casta\u00f1eda\/\/\/Fiscal\u00eda de Bolivia acusa formalmente a Evo Morales por trata agravada de personas -","robots":{"index":"index","follow":"follow","max-snippet":"max-snippet:-1","max-image-preview":"max-image-preview:large","max-video-preview":"max-video-preview:-1"},"canonical":"https:\/\/quehacerpolitico.mx\/?p=119912","og_locale":"es_MX","og_type":"article","og_title":"El Quehacer Pol\u00edtico Internacional a trav\u00e9s del Tintero\/\/\/Edgar Casta\u00f1eda\/\/\/Fiscal\u00eda de Bolivia acusa formalmente a Evo Morales por trata agravada de personas -","og_description":"Por Edgar Casta\u00f1eda En octubre de 2024, se dict\u00f3 una orden de captura contra el...","og_url":"https:\/\/quehacerpolitico.mx\/?p=119912","article_published_time":"2025-10-21T19:57:19+00:00","article_modified_time":"2025-10-21T19:57:23+00:00","og_image":[{"width":963,"height":493,"url":"https:\/\/quehacerpolitico.mx\/wp-content\/uploads\/2025\/10\/821cdf72-7c9e-4572-809c-7489a568476d-3.jpeg","type":"image\/jpeg"}],"author":"Redacci\u00f3n QP","twitter_card":"summary_large_image","twitter_misc":{"Escrito por":"Redacci\u00f3n QP","Tiempo de lectura":"2 minutos"},"schema":{"@context":"https:\/\/schema.org","@graph":[{"@type":"Article","@id":"https:\/\/quehacerpolitico.mx\/?p=119912#article","isPartOf":{"@id":"https:\/\/quehacerpolitico.mx\/?p=119912"},"author":{"name":"Redacci\u00f3n QP","@id":"https:\/\/quehacerpolitico.mx\/#\/schema\/person\/496d8ad2d1d3f8036101dca7ee39e585"},"headline":"El Quehacer Pol\u00edtico Internacional a trav\u00e9s del Tintero\/\/\/Edgar Casta\u00f1eda\/\/\/Fiscal\u00eda de Bolivia acusa formalmente a Evo Morales por trata agravada de personas","datePublished":"2025-10-21T19:57:19+00:00","dateModified":"2025-10-21T19:57:23+00:00","mainEntityOfPage":{"@id":"https:\/\/quehacerpolitico.mx\/?p=119912"},"wordCount":396,"commentCount":0,"image":{"@id":"https:\/\/quehacerpolitico.mx\/?p=119912#primaryimage"},"thumbnailUrl":"https:\/\/quehacerpolitico.mx\/wp-content\/uploads\/2025\/10\/821cdf72-7c9e-4572-809c-7489a568476d-3.jpeg","articleSection":["Internacionales"],"inLanguage":"es","potentialAction":[{"@type":"CommentAction","name":"Comment","target":["https:\/\/quehacerpolitico.mx\/?p=119912#respond"]}]},{"@type":"WebPage","@id":"https:\/\/quehacerpolitico.mx\/?p=119912","url":"https:\/\/quehacerpolitico.mx\/?p=119912","name":"El Quehacer Pol\u00edtico Internacional a trav\u00e9s del Tintero\/\/\/Edgar Casta\u00f1eda\/\/\/Fiscal\u00eda de Bolivia acusa formalmente a Evo Morales por trata agravada de personas -","isPartOf":{"@id":"https:\/\/quehacerpolitico.mx\/#website"},"primaryImageOfPage":{"@id":"https:\/\/quehacerpolitico.mx\/?p=119912#primaryimage"},"image":{"@id":"https:\/\/quehacerpolitico.mx\/?p=119912#primaryimage"},"thumbnailUrl":"https:\/\/quehacerpolitico.mx\/wp-content\/uploads\/2025\/10\/821cdf72-7c9e-4572-809c-7489a568476d-3.jpeg","datePublished":"2025-10-21T19:57:19+00:00","dateModified":"2025-10-21T19:57:23+00:00","author":{"@id":"https:\/\/quehacerpolitico.mx\/#\/schema\/person\/496d8ad2d1d3f8036101dca7ee39e585"},"breadcrumb":{"@id":"https:\/\/quehacerpolitico.mx\/?p=119912#breadcrumb"},"inLanguage":"es","potentialAction":[{"@type":"ReadAction","target":["https:\/\/quehacerpolitico.mx\/?p=119912"]}]},{"@type":"ImageObject","inLanguage":"es","@id":"https:\/\/quehacerpolitico.mx\/?p=119912#primaryimage","url":"https:\/\/quehacerpolitico.mx\/wp-content\/uploads\/2025\/10\/821cdf72-7c9e-4572-809c-7489a568476d-3.jpeg","contentUrl":"https:\/\/quehacerpolitico.mx\/wp-content\/uploads\/2025\/10\/821cdf72-7c9e-4572-809c-7489a568476d-3.jpeg","width":963,"height":493},{"@type":"BreadcrumbList","@id":"https:\/\/quehacerpolitico.mx\/?p=119912#breadcrumb","itemListElement":[{"@type":"ListItem","position":1,"name":"Inicio","item":"https:\/\/quehacerpolitico.mx\/"},{"@type":"ListItem","position":2,"name":"El Quehacer Pol\u00edtico Internacional a trav\u00e9s del Tintero\/\/\/Edgar Casta\u00f1eda\/\/\/Fiscal\u00eda de Bolivia acusa formalmente a Evo Morales por trata agravada de personas"}]},{"@type":"WebSite","@id":"https:\/\/quehacerpolitico.mx\/#website","url":"https:\/\/quehacerpolitico.mx\/","name":"","description":"","potentialAction":[{"@type":"SearchAction","target":{"@type":"EntryPoint","urlTemplate":"https:\/\/quehacerpolitico.mx\/?s={search_term_string}"},"query-input":{"@type":"PropertyValueSpecification","valueRequired":true,"valueName":"search_term_string"}}],"inLanguage":"es"},{"@type":"Person","@id":"https:\/\/quehacerpolitico.mx\/#\/schema\/person\/496d8ad2d1d3f8036101dca7ee39e585","name":"Redacci\u00f3n QP","image":{"@type":"ImageObject","inLanguage":"es","@id":"https:\/\/secure.gravatar.com\/avatar\/c7164ed6fdec453195284ad24a5ae5b6e1eed2b848477fa2a4787ba9adf39a41?s=96&d=mm&r=g","url":"https:\/\/secure.gravatar.com\/avatar\/c7164ed6fdec453195284ad24a5ae5b6e1eed2b848477fa2a4787ba9adf39a41?s=96&d=mm&r=g","contentUrl":"https:\/\/secure.gravatar.com\/avatar\/c7164ed6fdec453195284ad24a5ae5b6e1eed2b848477fa2a4787ba9adf39a41?s=96&d=mm&r=g","caption":"Redacci\u00f3n QP"},"url":"https:\/\/quehacerpolitico.mx\/?author=2"}]}},"featured_image_urls":{"full":["https:\/\/quehacerpolitico.mx\/wp-content\/uploads\/2025\/10\/821cdf72-7c9e-4572-809c-7489a568476d-3.jpeg",963,493,false],"thumbnail":["https:\/\/quehacerpolitico.mx\/wp-content\/uploads\/2025\/10\/821cdf72-7c9e-4572-809c-7489a568476d-3-150x150.jpeg",150,150,true],"medium":["https:\/\/quehacerpolitico.mx\/wp-content\/uploads\/2025\/10\/821cdf72-7c9e-4572-809c-7489a568476d-3-300x154.jpeg",300,154,true],"medium_large":["https:\/\/quehacerpolitico.mx\/wp-content\/uploads\/2025\/10\/821cdf72-7c9e-4572-809c-7489a568476d-3-768x393.jpeg",640,328,true],"large":["https:\/\/quehacerpolitico.mx\/wp-content\/uploads\/2025\/10\/821cdf72-7c9e-4572-809c-7489a568476d-3.jpeg",640,328,false],"1536x1536":["https:\/\/quehacerpolitico.mx\/wp-content\/uploads\/2025\/10\/821cdf72-7c9e-4572-809c-7489a568476d-3.jpeg",963,493,false],"2048x2048":["https:\/\/quehacerpolitico.mx\/wp-content\/uploads\/2025\/10\/821cdf72-7c9e-4572-809c-7489a568476d-3.jpeg",963,493,false],"covernews-featured":["https:\/\/quehacerpolitico.mx\/wp-content\/uploads\/2025\/10\/821cdf72-7c9e-4572-809c-7489a568476d-3.jpeg",963,493,false],"covernews-medium":["https:\/\/quehacerpolitico.mx\/wp-content\/uploads\/2025\/10\/821cdf72-7c9e-4572-809c-7489a568476d-3-540x340.jpeg",540,340,true]},"author_info":{"display_name":"Redacci\u00f3n QP","author_link":"https:\/\/quehacerpolitico.mx\/?author=2"},"category_info":"<a href=\"https:\/\/quehacerpolitico.mx\/?cat=1\" rel=\"category\">Internacionales<\/a>","tag_info":"Internacionales","comment_count":"0","_links":{"self":[{"href":"https:\/\/quehacerpolitico.mx\/index.php?rest_route=\/wp\/v2\/posts\/119912","targetHints":{"allow":["GET"]}}],"collection":[{"href":"https:\/\/quehacerpolitico.mx\/index.php?rest_route=\/wp\/v2\/posts"}],"about":[{"href":"https:\/\/quehacerpolitico.mx\/index.php?rest_route=\/wp\/v2\/types\/post"}],"author":[{"embeddable":true,"href":"https:\/\/quehacerpolitico.mx\/index.php?rest_route=\/wp\/v2\/users\/2"}],"replies":[{"embeddable":true,"href":"https:\/\/quehacerpolitico.mx\/index.php?rest_route=%2Fwp%2Fv2%2Fcomments&post=119912"}],"version-history":[{"count":1,"href":"https:\/\/quehacerpolitico.mx\/index.php?rest_route=\/wp\/v2\/posts\/119912\/revisions"}],"predecessor-version":[{"id":119913,"href":"https:\/\/quehacerpolitico.mx\/index.php?rest_route=\/wp\/v2\/posts\/119912\/revisions\/119913"}],"wp:featuredmedia":[{"embeddable":true,"href":"https:\/\/quehacerpolitico.mx\/index.php?rest_route=\/wp\/v2\/media\/119904"}],"wp:attachment":[{"href":"https:\/\/quehacerpolitico.mx\/index.php?rest_route=%2Fwp%2Fv2%2Fmedia&parent=119912"}],"wp:term":[{"taxonomy":"category","embeddable":true,"href":"https:\/\/quehacerpolitico.mx\/index.php?rest_route=%2Fwp%2Fv2%2Fcategories&post=119912"},{"taxonomy":"post_tag","embeddable":true,"href":"https:\/\/quehacerpolitico.mx\/index.php?rest_route=%2Fwp%2Fv2%2Ftags&post=119912"}],"curies":[{"name":"wp","href":"https:\/\/api.w.org\/{rel}","templated":true}]}}