{"id":119903,"date":"2025-10-21T13:19:11","date_gmt":"2025-10-21T19:19:11","guid":{"rendered":"https:\/\/quehacerpolitico.mx\/?p=119903"},"modified":"2025-10-21T13:27:57","modified_gmt":"2025-10-21T19:27:57","slug":"el-quehacer-politico-internacional-a-traves-del-tintero-edgar-castaneda-llega-la-dama-de-hierro-al-poder-sanae-takaichi-se-convierte-en-la-primera-mujer-que-gobernara-japon","status":"publish","type":"post","link":"https:\/\/quehacerpolitico.mx\/?p=119903","title":{"rendered":"El Quehacer Pol\u00edtico Internacional a trav\u00e9s del Tintero\/\/\/Edgar Casta\u00f1eda\/\/\/Llega &#8220;la dama de hierro&#8221; al poder: Sanae Takaichi se convierte en la primera mujer que gobernar\u00e1 Jap\u00f3n"},"content":{"rendered":"\n<p>Por Edgar Casta\u00f1eda<\/p>\n\n\n\n<p>La conservadora, de 64 a\u00f1os, es admiradora de Margaret Thatcher; de joven fue baterista de una banda de heavy metal y en 2003 lleg\u00f3 a la C\u00e1mara Baja del Parlamento<\/p>\n\n\n\n<p>La conservadora&nbsp;<strong>Sanae<\/strong>&nbsp;<strong>Takaichi<\/strong>se convirti\u00f3 este martes en la<strong>&nbsp;primera mujer en lograr el puesto de primera ministra en Jap\u00f3n<\/strong>, un hito con el que sigue los pasos de su \u00eddolo, la brit\u00e1nica&nbsp;<strong>Margaret<\/strong>&nbsp;<strong>Thatcher<\/strong>, en un momento de fragilidad en la escena pol\u00edtica japonesa.<\/p>\n\n\n\n<p>Takaichi, de 64 a\u00f1os, recibi\u00f3 hoy el respaldo del Parlamento en un voto para elegir nuevo mandatario tras ganar las primarias en el gobernante&nbsp;<strong>Partido Liberal Democr\u00e1tico<\/strong>&nbsp;(PLD) a comienzos de octubre, cuando tambi\u00e9n se convirti\u00f3 en la primera mujer al frente de la formaci\u00f3n.<\/p>\n\n\n\n<figure class=\"wp-block-embed is-type-video is-provider-youtube wp-block-embed-youtube wp-embed-aspect-9-16 wp-has-aspect-ratio\"><div class=\"wp-block-embed__wrapper\">\n<iframe loading=\"lazy\" title=\"Sanae Takaichi es ya la primera ministra de Jap\u00f3n\" width=\"540\" height=\"960\" src=\"https:\/\/www.youtube.com\/embed\/2ja8T9JtMNU?feature=oembed\" frameborder=\"0\" allow=\"accelerometer; autoplay; clipboard-write; encrypted-media; gyroscope; picture-in-picture; web-share\" referrerpolicy=\"strict-origin-when-cross-origin\" allowfullscreen><\/iframe>\n<\/div><\/figure>\n\n\n\n<p>Expresentadora de noticias, la convertida en pol\u00edtica se hab\u00eda postulado sin \u00e9xito antes dos veces a liderar el PLD, y llega a la cima del poder en Jap\u00f3n tras una carrera de obst\u00e1culos en el \u00faltimo mes, despu\u00e9s de que&nbsp;<strong>Komeito<\/strong>, el socio de su formaci\u00f3n desde hac\u00eda m\u00e1s de 26 a\u00f1os, abandonara la alianza tras su elecci\u00f3n como presidenta.<\/p>\n\n\n\n<figure class=\"wp-block-embed is-type-rich is-provider-twitter wp-block-embed-twitter\"><div class=\"wp-block-embed__wrapper\">\n<blockquote class=\"twitter-tweet\" data-width=\"550\" data-dnt=\"true\"><p lang=\"en\" dir=\"ltr\">Emperor Naruhito officially appoints Takaichi as Prime Minister. <a href=\"https:\/\/t.co\/dxNc8PoF22\">pic.twitter.com\/dxNc8PoF22<\/a><\/p>&mdash; \u7531\u4ec1\u30a2\u30ea\u30f3 Arin Yuni (@Arin_Yumi) <a href=\"https:\/\/twitter.com\/Arin_Yumi\/status\/1980610970746818961?ref_src=twsrc%5Etfw\">October 21, 2025<\/a><\/blockquote><script async src=\"https:\/\/platform.twitter.com\/widgets.js\" charset=\"utf-8\"><\/script>\n<\/div><\/figure>\n\n\n\n<p>La elecci\u00f3n de Takaichi como primera ministra estaba pr\u00e1cticamente asegurada despu\u00e9s de que en la v\u00edspera firmara un acuerdo con el opositor&nbsp;<strong>Partido de la Innovaci\u00f3n de Jap\u00f3n<\/strong>(Ishin), su nuevo socio, para contar con su apoyo en la votaci\u00f3n en la que ha salido victoriosa, con mayor\u00eda en primera ronda en la C\u00e1mara Baja y un ajustado resultado en segunda vuelta en la C\u00e1mara Alta.<\/p>\n\n\n\n<figure class=\"wp-block-embed is-type-rich is-provider-twitter wp-block-embed-twitter\"><div class=\"wp-block-embed__wrapper\">\n<blockquote class=\"twitter-tweet\" data-width=\"550\" data-dnt=\"true\"><p lang=\"en\" dir=\"ltr\">\u25bcPM Takaichi arrives at the Prime Minister\u2019s Office for the first time.<a href=\"https:\/\/t.co\/jVr75NHXx3\">pic.twitter.com\/jVr75NHXx3<\/a><\/p>&mdash; PM&#39;s Office of Japan (@JPN_PMO) <a href=\"https:\/\/twitter.com\/JPN_PMO\/status\/1980577651615232127?ref_src=twsrc%5Etfw\">October 21, 2025<\/a><\/blockquote><script async src=\"https:\/\/platform.twitter.com\/widgets.js\" charset=\"utf-8\"><\/script>\n<\/div><\/figure>\n\n\n\n<p>Nacida en&nbsp;<strong>Nara<\/strong>, en el oeste japon\u00e9s, en 1961, Takaichi es una&nbsp;<strong>admiradora confesa de Margaret Thatcher,<\/strong>&nbsp;lo que le ha valido el sobrenombre de &#8216;la dama de hierro japonesa&#8217;.<\/p>\n\n\n\n<p>Aficionada al b\u00e9isbol, deporte nacional, Takaichi era la \u00fanica mujer entre los cinco candidatos a presidir el PLD y tambi\u00e9n el&nbsp;<strong>perfil m\u00e1s nacionalista&nbsp;<\/strong>entre los aspirantes.<\/p>\n\n\n\n<p>Heredera espiritual del asesinado ex primer ministro&nbsp;<strong>Shinzo Abe<\/strong>, Takaichi ha prometido llevar al PLD y a Jap\u00f3n a &#8220;una nueva era&#8221;, navegando la compleja situaci\u00f3n que atraviesa ante la p\u00e9rdida de la mayor\u00eda de la coalici\u00f3n gobernante en el Parlamento y la necesidad de granjearse apoyos de la combativa oposici\u00f3n.<\/p>\n\n\n\n<p>Las opiniones revisionistas de Takaichi en torno al pasado belicista de Jap\u00f3n podr\u00edan asimismo revertir a\u00f1os de progreso en la cooperaci\u00f3n con&nbsp;<strong>Corea<\/strong> del <strong>Sur<\/strong>&nbsp;y la distensi\u00f3n con China<strong>.<\/strong><\/p>\n\n\n\n<figure class=\"wp-block-gallery has-nested-images columns-default is-cropped wp-block-gallery-1 is-layout-flex wp-block-gallery-is-layout-flex\">\n<figure class=\"wp-block-image size-large\"><img loading=\"lazy\" decoding=\"async\" width=\"800\" height=\"534\" data-id=\"119906\" src=\"https:\/\/quehacerpolitico.mx\/wp-content\/uploads\/2025\/10\/IMG_4519.jpeg\" alt=\"\" class=\"wp-image-119906\" srcset=\"https:\/\/quehacerpolitico.mx\/wp-content\/uploads\/2025\/10\/IMG_4519.jpeg 800w, https:\/\/quehacerpolitico.mx\/wp-content\/uploads\/2025\/10\/IMG_4519-300x200.jpeg 300w, https:\/\/quehacerpolitico.mx\/wp-content\/uploads\/2025\/10\/IMG_4519-768x513.jpeg 768w\" sizes=\"auto, (max-width: 800px) 100vw, 800px\" \/><\/figure>\n\n\n\n<figure class=\"wp-block-image size-large\"><img loading=\"lazy\" decoding=\"async\" width=\"1024\" height=\"683\" data-id=\"119905\" src=\"https:\/\/quehacerpolitico.mx\/wp-content\/uploads\/2025\/10\/IMG_4520-1024x683.jpeg\" alt=\"\" class=\"wp-image-119905\" srcset=\"https:\/\/quehacerpolitico.mx\/wp-content\/uploads\/2025\/10\/IMG_4520-1024x683.jpeg 1024w, https:\/\/quehacerpolitico.mx\/wp-content\/uploads\/2025\/10\/IMG_4520-300x200.jpeg 300w, https:\/\/quehacerpolitico.mx\/wp-content\/uploads\/2025\/10\/IMG_4520-768x512.jpeg 768w, https:\/\/quehacerpolitico.mx\/wp-content\/uploads\/2025\/10\/IMG_4520-1536x1025.jpeg 1536w, https:\/\/quehacerpolitico.mx\/wp-content\/uploads\/2025\/10\/IMG_4520.jpeg 2048w\" sizes=\"auto, (max-width: 1024px) 100vw, 1024px\" \/><\/figure>\n<\/figure>\n\n\n\n<p>Perfil de referencia del ala dura del PLD, Takaichi toc\u00f3 la bater\u00eda en una banda de&nbsp;<em>heavy<\/em>&nbsp;<em>metal<\/em>&nbsp;en su \u00e9poca universitaria y dio el salto a la pol\u00edtica en 1996, despu\u00e9s de haber trabajado como presentadora de televisi\u00f3n del canal&nbsp;<strong>TV<\/strong><strong>Asahi<\/strong>.&nbsp;<\/p>\n\n\n\n<p>Durante su larga trayectoria pol\u00edtica ocup\u00f3&nbsp;diferentes cargos ministeriales y dentro del partido, como la cartera de Interior y de Seguridad Econ\u00f3mica, as\u00ed como la de Estado para Econom\u00eda, Comercio e Industria y para Ciencia y Pol\u00edtica Tecnol\u00f3gica.&nbsp;<\/p>\n\n\n\n<p>Takaichi es pareja de&nbsp;<strong>Taku<\/strong>&nbsp;<strong>Yamamoto<\/strong>, a cuyos tres hijos adopt\u00f3, colega pol\u00edtico que ha llegado a desempe\u00f1arse como viceministro de Agricultura, Silvicultura y Pesca y con quien se cas\u00f3 en 2004, un a\u00f1o despu\u00e9s de lo cual la pol\u00edtica ser\u00eda elegida por primera vez como miembro de la C\u00e1mara Baja.&nbsp;<\/p>\n\n\n\n<p>La victoria de Takaichi y su ascenso como primera ministra resulta especialmente significativa para Jap\u00f3n, que ocup\u00f3 el puesto 118 de 148 en el \u00faltimo informe del&nbsp;<strong>Foro Econ\u00f3mico Mundial sobre brecha de g\u00e9nero,<\/strong>&nbsp;dado que apenas en torno al 14.6% y el 16.1% de los puestos parlamentarios y directivos est\u00e1n ocupados por mujeres.&nbsp;<\/p>\n\n\n\n<p>El pa\u00eds asi\u00e1tico suele obtener el&nbsp;<strong>peor resultado<\/strong>&nbsp;en este aspecto entre los pa\u00edses del G7 (formado tambi\u00e9n por Francia, Reino Unido, Italia, Alemania, Canad\u00e1 y Estados Unidos).&nbsp;<\/p>\n\n\n\n<p>Aunque Takaichi se ha manifestado a favor de aumentar el n\u00famero de mujeres en su gabinete, rechaza&nbsp;propuestas de cuotas y se ha opuesto a revisar la antigua ley que no permite a los miembros de una pareja mantener sus apellidos, lo que suele derivar en la imposici\u00f3n del masculino.&nbsp;<\/p>\n\n\n\n<p>Tambi\u00e9n es reacia a cambiar una ley de 1947 que estipula que solamente&nbsp;<strong>un hombre puede heredar el trono imperial,<\/strong>&nbsp;pese a una potencial crisis de sucesi\u00f3n. Su victoria, no obstante, est\u00e1 cargada de simbolismo e imagen de cambio en un pa\u00eds poco acostumbrado a ver a mujeres en puestos de poder.&nbsp;<\/p>\n\n\n\n<p>Con informaci\u00f3n de EFE<\/p>\n","protected":false},"excerpt":{"rendered":"<p>Por Edgar Casta\u00f1eda La conservadora, de 64 a\u00f1os, es admiradora de Margaret Thatcher; de joven&#8230;<\/p>\n","protected":false},"author":2,"featured_media":119904,"comment_status":"open","ping_status":"open","sticky":false,"template":"","format":"standard","meta":{"_monsterinsights_skip_tracking":false,"_monsterinsights_sitenote_active":false,"_monsterinsights_sitenote_note":"","_monsterinsights_sitenote_category":0,"footnotes":""},"categories":[1],"tags":[],"class_list":["post-119903","post","type-post","status-publish","format-standard","has-post-thumbnail","hentry","category-sin-categoria"],"yoast_head":"<!-- This site is optimized with the Yoast SEO plugin v27.3 - https:\/\/yoast.com\/product\/yoast-seo-wordpress\/ -->\n<title>El Quehacer Pol\u00edtico Internacional a trav\u00e9s del Tintero\/\/\/Edgar Casta\u00f1eda\/\/\/Llega &quot;la dama de hierro&quot; al poder: Sanae Takaichi se convierte en la primera mujer que gobernar\u00e1 Jap\u00f3n -<\/title>\n<meta name=\"robots\" content=\"index, follow, max-snippet:-1, max-image-preview:large, max-video-preview:-1\" \/>\n<link rel=\"canonical\" href=\"https:\/\/quehacerpolitico.mx\/?p=119903\" \/>\n<meta property=\"og:locale\" content=\"es_MX\" \/>\n<meta property=\"og:type\" content=\"article\" \/>\n<meta property=\"og:title\" content=\"El Quehacer Pol\u00edtico Internacional a trav\u00e9s del Tintero\/\/\/Edgar Casta\u00f1eda\/\/\/Llega &quot;la dama de hierro&quot; al poder: Sanae Takaichi se convierte en la primera mujer que gobernar\u00e1 Jap\u00f3n -\" \/>\n<meta property=\"og:description\" content=\"Por Edgar Casta\u00f1eda La conservadora, de 64 a\u00f1os, es admiradora de Margaret Thatcher; de joven...\" \/>\n<meta property=\"og:url\" content=\"https:\/\/quehacerpolitico.mx\/?p=119903\" \/>\n<meta property=\"article:published_time\" content=\"2025-10-21T19:19:11+00:00\" \/>\n<meta property=\"article:modified_time\" content=\"2025-10-21T19:27:57+00:00\" \/>\n<meta property=\"og:image\" content=\"https:\/\/quehacerpolitico.mx\/wp-content\/uploads\/2025\/10\/821cdf72-7c9e-4572-809c-7489a568476d-3.jpeg\" \/>\n\t<meta property=\"og:image:width\" content=\"963\" \/>\n\t<meta property=\"og:image:height\" content=\"493\" \/>\n\t<meta property=\"og:image:type\" content=\"image\/jpeg\" \/>\n<meta name=\"author\" content=\"Redacci\u00f3n QP\" \/>\n<meta name=\"twitter:card\" content=\"summary_large_image\" \/>\n<meta name=\"twitter:label1\" content=\"Escrito por\" \/>\n\t<meta name=\"twitter:data1\" content=\"Redacci\u00f3n QP\" \/>\n\t<meta name=\"twitter:label2\" content=\"Tiempo de lectura\" \/>\n\t<meta name=\"twitter:data2\" content=\"4 minutos\" \/>\n<script type=\"application\/ld+json\" class=\"yoast-schema-graph\">{\"@context\":\"https:\\\/\\\/schema.org\",\"@graph\":[{\"@type\":\"Article\",\"@id\":\"https:\\\/\\\/quehacerpolitico.mx\\\/?p=119903#article\",\"isPartOf\":{\"@id\":\"https:\\\/\\\/quehacerpolitico.mx\\\/?p=119903\"},\"author\":{\"name\":\"Redacci\u00f3n QP\",\"@id\":\"https:\\\/\\\/quehacerpolitico.mx\\\/#\\\/schema\\\/person\\\/496d8ad2d1d3f8036101dca7ee39e585\"},\"headline\":\"El Quehacer Pol\u00edtico Internacional a trav\u00e9s del Tintero\\\/\\\/\\\/Edgar Casta\u00f1eda\\\/\\\/\\\/Llega &#8220;la dama de hierro&#8221; al poder: Sanae Takaichi se convierte en la primera mujer que gobernar\u00e1 Jap\u00f3n\",\"datePublished\":\"2025-10-21T19:19:11+00:00\",\"dateModified\":\"2025-10-21T19:27:57+00:00\",\"mainEntityOfPage\":{\"@id\":\"https:\\\/\\\/quehacerpolitico.mx\\\/?p=119903\"},\"wordCount\":863,\"commentCount\":0,\"image\":{\"@id\":\"https:\\\/\\\/quehacerpolitico.mx\\\/?p=119903#primaryimage\"},\"thumbnailUrl\":\"https:\\\/\\\/quehacerpolitico.mx\\\/wp-content\\\/uploads\\\/2025\\\/10\\\/821cdf72-7c9e-4572-809c-7489a568476d-3.jpeg\",\"articleSection\":[\"Internacionales\"],\"inLanguage\":\"es\",\"potentialAction\":[{\"@type\":\"CommentAction\",\"name\":\"Comment\",\"target\":[\"https:\\\/\\\/quehacerpolitico.mx\\\/?p=119903#respond\"]}]},{\"@type\":\"WebPage\",\"@id\":\"https:\\\/\\\/quehacerpolitico.mx\\\/?p=119903\",\"url\":\"https:\\\/\\\/quehacerpolitico.mx\\\/?p=119903\",\"name\":\"El Quehacer Pol\u00edtico Internacional a trav\u00e9s del Tintero\\\/\\\/\\\/Edgar Casta\u00f1eda\\\/\\\/\\\/Llega \\\"la dama de hierro\\\" al poder: Sanae Takaichi se convierte en la primera mujer que gobernar\u00e1 Jap\u00f3n -\",\"isPartOf\":{\"@id\":\"https:\\\/\\\/quehacerpolitico.mx\\\/#website\"},\"primaryImageOfPage\":{\"@id\":\"https:\\\/\\\/quehacerpolitico.mx\\\/?p=119903#primaryimage\"},\"image\":{\"@id\":\"https:\\\/\\\/quehacerpolitico.mx\\\/?p=119903#primaryimage\"},\"thumbnailUrl\":\"https:\\\/\\\/quehacerpolitico.mx\\\/wp-content\\\/uploads\\\/2025\\\/10\\\/821cdf72-7c9e-4572-809c-7489a568476d-3.jpeg\",\"datePublished\":\"2025-10-21T19:19:11+00:00\",\"dateModified\":\"2025-10-21T19:27:57+00:00\",\"author\":{\"@id\":\"https:\\\/\\\/quehacerpolitico.mx\\\/#\\\/schema\\\/person\\\/496d8ad2d1d3f8036101dca7ee39e585\"},\"breadcrumb\":{\"@id\":\"https:\\\/\\\/quehacerpolitico.mx\\\/?p=119903#breadcrumb\"},\"inLanguage\":\"es\",\"potentialAction\":[{\"@type\":\"ReadAction\",\"target\":[\"https:\\\/\\\/quehacerpolitico.mx\\\/?p=119903\"]}]},{\"@type\":\"ImageObject\",\"inLanguage\":\"es\",\"@id\":\"https:\\\/\\\/quehacerpolitico.mx\\\/?p=119903#primaryimage\",\"url\":\"https:\\\/\\\/quehacerpolitico.mx\\\/wp-content\\\/uploads\\\/2025\\\/10\\\/821cdf72-7c9e-4572-809c-7489a568476d-3.jpeg\",\"contentUrl\":\"https:\\\/\\\/quehacerpolitico.mx\\\/wp-content\\\/uploads\\\/2025\\\/10\\\/821cdf72-7c9e-4572-809c-7489a568476d-3.jpeg\",\"width\":963,\"height\":493},{\"@type\":\"BreadcrumbList\",\"@id\":\"https:\\\/\\\/quehacerpolitico.mx\\\/?p=119903#breadcrumb\",\"itemListElement\":[{\"@type\":\"ListItem\",\"position\":1,\"name\":\"Inicio\",\"item\":\"https:\\\/\\\/quehacerpolitico.mx\\\/\"},{\"@type\":\"ListItem\",\"position\":2,\"name\":\"El Quehacer Pol\u00edtico Internacional a trav\u00e9s del Tintero\\\/\\\/\\\/Edgar Casta\u00f1eda\\\/\\\/\\\/Llega &#8220;la dama de hierro&#8221; al poder: Sanae Takaichi se convierte en la primera mujer que gobernar\u00e1 Jap\u00f3n\"}]},{\"@type\":\"WebSite\",\"@id\":\"https:\\\/\\\/quehacerpolitico.mx\\\/#website\",\"url\":\"https:\\\/\\\/quehacerpolitico.mx\\\/\",\"name\":\"\",\"description\":\"\",\"potentialAction\":[{\"@type\":\"SearchAction\",\"target\":{\"@type\":\"EntryPoint\",\"urlTemplate\":\"https:\\\/\\\/quehacerpolitico.mx\\\/?s={search_term_string}\"},\"query-input\":{\"@type\":\"PropertyValueSpecification\",\"valueRequired\":true,\"valueName\":\"search_term_string\"}}],\"inLanguage\":\"es\"},{\"@type\":\"Person\",\"@id\":\"https:\\\/\\\/quehacerpolitico.mx\\\/#\\\/schema\\\/person\\\/496d8ad2d1d3f8036101dca7ee39e585\",\"name\":\"Redacci\u00f3n QP\",\"image\":{\"@type\":\"ImageObject\",\"inLanguage\":\"es\",\"@id\":\"https:\\\/\\\/secure.gravatar.com\\\/avatar\\\/c7164ed6fdec453195284ad24a5ae5b6e1eed2b848477fa2a4787ba9adf39a41?s=96&d=mm&r=g\",\"url\":\"https:\\\/\\\/secure.gravatar.com\\\/avatar\\\/c7164ed6fdec453195284ad24a5ae5b6e1eed2b848477fa2a4787ba9adf39a41?s=96&d=mm&r=g\",\"contentUrl\":\"https:\\\/\\\/secure.gravatar.com\\\/avatar\\\/c7164ed6fdec453195284ad24a5ae5b6e1eed2b848477fa2a4787ba9adf39a41?s=96&d=mm&r=g\",\"caption\":\"Redacci\u00f3n QP\"},\"url\":\"https:\\\/\\\/quehacerpolitico.mx\\\/?author=2\"}]}<\/script>\n<!-- \/ Yoast SEO plugin. -->","yoast_head_json":{"title":"El Quehacer Pol\u00edtico Internacional a trav\u00e9s del Tintero\/\/\/Edgar Casta\u00f1eda\/\/\/Llega \"la dama de hierro\" al poder: Sanae Takaichi se convierte en la primera mujer que gobernar\u00e1 Jap\u00f3n -","robots":{"index":"index","follow":"follow","max-snippet":"max-snippet:-1","max-image-preview":"max-image-preview:large","max-video-preview":"max-video-preview:-1"},"canonical":"https:\/\/quehacerpolitico.mx\/?p=119903","og_locale":"es_MX","og_type":"article","og_title":"El Quehacer Pol\u00edtico Internacional a trav\u00e9s del Tintero\/\/\/Edgar Casta\u00f1eda\/\/\/Llega \"la dama de hierro\" al poder: Sanae Takaichi se convierte en la primera mujer que gobernar\u00e1 Jap\u00f3n -","og_description":"Por Edgar Casta\u00f1eda La conservadora, de 64 a\u00f1os, es admiradora de Margaret Thatcher; de joven...","og_url":"https:\/\/quehacerpolitico.mx\/?p=119903","article_published_time":"2025-10-21T19:19:11+00:00","article_modified_time":"2025-10-21T19:27:57+00:00","og_image":[{"width":963,"height":493,"url":"https:\/\/quehacerpolitico.mx\/wp-content\/uploads\/2025\/10\/821cdf72-7c9e-4572-809c-7489a568476d-3.jpeg","type":"image\/jpeg"}],"author":"Redacci\u00f3n QP","twitter_card":"summary_large_image","twitter_misc":{"Escrito por":"Redacci\u00f3n QP","Tiempo de lectura":"4 minutos"},"schema":{"@context":"https:\/\/schema.org","@graph":[{"@type":"Article","@id":"https:\/\/quehacerpolitico.mx\/?p=119903#article","isPartOf":{"@id":"https:\/\/quehacerpolitico.mx\/?p=119903"},"author":{"name":"Redacci\u00f3n QP","@id":"https:\/\/quehacerpolitico.mx\/#\/schema\/person\/496d8ad2d1d3f8036101dca7ee39e585"},"headline":"El Quehacer Pol\u00edtico Internacional a trav\u00e9s del Tintero\/\/\/Edgar Casta\u00f1eda\/\/\/Llega &#8220;la dama de hierro&#8221; al poder: Sanae Takaichi se convierte en la primera mujer que gobernar\u00e1 Jap\u00f3n","datePublished":"2025-10-21T19:19:11+00:00","dateModified":"2025-10-21T19:27:57+00:00","mainEntityOfPage":{"@id":"https:\/\/quehacerpolitico.mx\/?p=119903"},"wordCount":863,"commentCount":0,"image":{"@id":"https:\/\/quehacerpolitico.mx\/?p=119903#primaryimage"},"thumbnailUrl":"https:\/\/quehacerpolitico.mx\/wp-content\/uploads\/2025\/10\/821cdf72-7c9e-4572-809c-7489a568476d-3.jpeg","articleSection":["Internacionales"],"inLanguage":"es","potentialAction":[{"@type":"CommentAction","name":"Comment","target":["https:\/\/quehacerpolitico.mx\/?p=119903#respond"]}]},{"@type":"WebPage","@id":"https:\/\/quehacerpolitico.mx\/?p=119903","url":"https:\/\/quehacerpolitico.mx\/?p=119903","name":"El Quehacer Pol\u00edtico Internacional a trav\u00e9s del Tintero\/\/\/Edgar Casta\u00f1eda\/\/\/Llega \"la dama de hierro\" al poder: Sanae Takaichi se convierte en la primera mujer que gobernar\u00e1 Jap\u00f3n -","isPartOf":{"@id":"https:\/\/quehacerpolitico.mx\/#website"},"primaryImageOfPage":{"@id":"https:\/\/quehacerpolitico.mx\/?p=119903#primaryimage"},"image":{"@id":"https:\/\/quehacerpolitico.mx\/?p=119903#primaryimage"},"thumbnailUrl":"https:\/\/quehacerpolitico.mx\/wp-content\/uploads\/2025\/10\/821cdf72-7c9e-4572-809c-7489a568476d-3.jpeg","datePublished":"2025-10-21T19:19:11+00:00","dateModified":"2025-10-21T19:27:57+00:00","author":{"@id":"https:\/\/quehacerpolitico.mx\/#\/schema\/person\/496d8ad2d1d3f8036101dca7ee39e585"},"breadcrumb":{"@id":"https:\/\/quehacerpolitico.mx\/?p=119903#breadcrumb"},"inLanguage":"es","potentialAction":[{"@type":"ReadAction","target":["https:\/\/quehacerpolitico.mx\/?p=119903"]}]},{"@type":"ImageObject","inLanguage":"es","@id":"https:\/\/quehacerpolitico.mx\/?p=119903#primaryimage","url":"https:\/\/quehacerpolitico.mx\/wp-content\/uploads\/2025\/10\/821cdf72-7c9e-4572-809c-7489a568476d-3.jpeg","contentUrl":"https:\/\/quehacerpolitico.mx\/wp-content\/uploads\/2025\/10\/821cdf72-7c9e-4572-809c-7489a568476d-3.jpeg","width":963,"height":493},{"@type":"BreadcrumbList","@id":"https:\/\/quehacerpolitico.mx\/?p=119903#breadcrumb","itemListElement":[{"@type":"ListItem","position":1,"name":"Inicio","item":"https:\/\/quehacerpolitico.mx\/"},{"@type":"ListItem","position":2,"name":"El Quehacer Pol\u00edtico Internacional a trav\u00e9s del Tintero\/\/\/Edgar Casta\u00f1eda\/\/\/Llega &#8220;la dama de hierro&#8221; al poder: Sanae Takaichi se convierte en la primera mujer que gobernar\u00e1 Jap\u00f3n"}]},{"@type":"WebSite","@id":"https:\/\/quehacerpolitico.mx\/#website","url":"https:\/\/quehacerpolitico.mx\/","name":"","description":"","potentialAction":[{"@type":"SearchAction","target":{"@type":"EntryPoint","urlTemplate":"https:\/\/quehacerpolitico.mx\/?s={search_term_string}"},"query-input":{"@type":"PropertyValueSpecification","valueRequired":true,"valueName":"search_term_string"}}],"inLanguage":"es"},{"@type":"Person","@id":"https:\/\/quehacerpolitico.mx\/#\/schema\/person\/496d8ad2d1d3f8036101dca7ee39e585","name":"Redacci\u00f3n QP","image":{"@type":"ImageObject","inLanguage":"es","@id":"https:\/\/secure.gravatar.com\/avatar\/c7164ed6fdec453195284ad24a5ae5b6e1eed2b848477fa2a4787ba9adf39a41?s=96&d=mm&r=g","url":"https:\/\/secure.gravatar.com\/avatar\/c7164ed6fdec453195284ad24a5ae5b6e1eed2b848477fa2a4787ba9adf39a41?s=96&d=mm&r=g","contentUrl":"https:\/\/secure.gravatar.com\/avatar\/c7164ed6fdec453195284ad24a5ae5b6e1eed2b848477fa2a4787ba9adf39a41?s=96&d=mm&r=g","caption":"Redacci\u00f3n QP"},"url":"https:\/\/quehacerpolitico.mx\/?author=2"}]}},"featured_image_urls":{"full":["https:\/\/quehacerpolitico.mx\/wp-content\/uploads\/2025\/10\/821cdf72-7c9e-4572-809c-7489a568476d-3.jpeg",963,493,false],"thumbnail":["https:\/\/quehacerpolitico.mx\/wp-content\/uploads\/2025\/10\/821cdf72-7c9e-4572-809c-7489a568476d-3-150x150.jpeg",150,150,true],"medium":["https:\/\/quehacerpolitico.mx\/wp-content\/uploads\/2025\/10\/821cdf72-7c9e-4572-809c-7489a568476d-3-300x154.jpeg",300,154,true],"medium_large":["https:\/\/quehacerpolitico.mx\/wp-content\/uploads\/2025\/10\/821cdf72-7c9e-4572-809c-7489a568476d-3-768x393.jpeg",640,328,true],"large":["https:\/\/quehacerpolitico.mx\/wp-content\/uploads\/2025\/10\/821cdf72-7c9e-4572-809c-7489a568476d-3.jpeg",640,328,false],"1536x1536":["https:\/\/quehacerpolitico.mx\/wp-content\/uploads\/2025\/10\/821cdf72-7c9e-4572-809c-7489a568476d-3.jpeg",963,493,false],"2048x2048":["https:\/\/quehacerpolitico.mx\/wp-content\/uploads\/2025\/10\/821cdf72-7c9e-4572-809c-7489a568476d-3.jpeg",963,493,false],"covernews-featured":["https:\/\/quehacerpolitico.mx\/wp-content\/uploads\/2025\/10\/821cdf72-7c9e-4572-809c-7489a568476d-3.jpeg",963,493,false],"covernews-medium":["https:\/\/quehacerpolitico.mx\/wp-content\/uploads\/2025\/10\/821cdf72-7c9e-4572-809c-7489a568476d-3-540x340.jpeg",540,340,true]},"author_info":{"display_name":"Redacci\u00f3n QP","author_link":"https:\/\/quehacerpolitico.mx\/?author=2"},"category_info":"<a href=\"https:\/\/quehacerpolitico.mx\/?cat=1\" rel=\"category\">Internacionales<\/a>","tag_info":"Internacionales","comment_count":"0","_links":{"self":[{"href":"https:\/\/quehacerpolitico.mx\/index.php?rest_route=\/wp\/v2\/posts\/119903","targetHints":{"allow":["GET"]}}],"collection":[{"href":"https:\/\/quehacerpolitico.mx\/index.php?rest_route=\/wp\/v2\/posts"}],"about":[{"href":"https:\/\/quehacerpolitico.mx\/index.php?rest_route=\/wp\/v2\/types\/post"}],"author":[{"embeddable":true,"href":"https:\/\/quehacerpolitico.mx\/index.php?rest_route=\/wp\/v2\/users\/2"}],"replies":[{"embeddable":true,"href":"https:\/\/quehacerpolitico.mx\/index.php?rest_route=%2Fwp%2Fv2%2Fcomments&post=119903"}],"version-history":[{"count":2,"href":"https:\/\/quehacerpolitico.mx\/index.php?rest_route=\/wp\/v2\/posts\/119903\/revisions"}],"predecessor-version":[{"id":119908,"href":"https:\/\/quehacerpolitico.mx\/index.php?rest_route=\/wp\/v2\/posts\/119903\/revisions\/119908"}],"wp:featuredmedia":[{"embeddable":true,"href":"https:\/\/quehacerpolitico.mx\/index.php?rest_route=\/wp\/v2\/media\/119904"}],"wp:attachment":[{"href":"https:\/\/quehacerpolitico.mx\/index.php?rest_route=%2Fwp%2Fv2%2Fmedia&parent=119903"}],"wp:term":[{"taxonomy":"category","embeddable":true,"href":"https:\/\/quehacerpolitico.mx\/index.php?rest_route=%2Fwp%2Fv2%2Fcategories&post=119903"},{"taxonomy":"post_tag","embeddable":true,"href":"https:\/\/quehacerpolitico.mx\/index.php?rest_route=%2Fwp%2Fv2%2Ftags&post=119903"}],"curies":[{"name":"wp","href":"https:\/\/api.w.org\/{rel}","templated":true}]}}