{"id":119894,"date":"2025-10-21T12:22:41","date_gmt":"2025-10-21T18:22:41","guid":{"rendered":"https:\/\/quehacerpolitico.mx\/?p=119894"},"modified":"2025-10-21T12:22:44","modified_gmt":"2025-10-21T18:22:44","slug":"sheinbaum-presenta-un-nuevo-modelo-de-atencion-universal-al-cancer-de-mama","status":"publish","type":"post","link":"https:\/\/quehacerpolitico.mx\/?p=119894","title":{"rendered":"Sheinbaum presenta un nuevo modelo de atenci\u00f3n universal al c\u00e1ncer de mama"},"content":{"rendered":"\n<p>Por Redacci\u00f3n QP<\/p>\n\n\n\n<p>&#8220;Sabemos todos que la detecci\u00f3n temprana y la atenci\u00f3n temprana salva vidas&#8221;, se\u00f1al\u00f3 Sheinbaum<\/p>\n\n\n\n<p>La Presidenta de M\u00e9xico, Claudia Sheinbaum, anunci\u00f3 este martes durante su conferencia matutina la creaci\u00f3n de un modelo universal para la atenci\u00f3n del c\u00e1ncer de mama, que<mark><strong>implicar\u00e1 una inversi\u00f3n aproximada de 8 mil millones de pesos. Con esto se busca garantizar el diagn\u00f3stico y tratamiento oportuno para todas las mujeres del pa\u00eds.<\/strong><\/mark><\/p>\n\n\n\n<p><strong>&#8220;Sabemos todos que la detecci\u00f3n temprana y la atenci\u00f3n temprana salva vidas&#8221;,<\/strong>&nbsp;se\u00f1al\u00f3 la Mandataria.<\/p>\n\n\n\n<p><strong>Sheinbaum explic\u00f3 que actualmente hay 656 mast\u00f3grafos operando en el sistema p\u00fablico<\/strong>, por lo que el Gobierno decidi\u00f3 adquirir mil mast\u00f3grafos y mil ultrasonidos adicionales entre 2026 y 2027.<\/p>\n\n\n\n<figure class=\"wp-block-embed is-type-rich is-provider-twitter wp-block-embed-twitter\"><div class=\"wp-block-embed__wrapper\">\n<blockquote class=\"twitter-tweet\" data-width=\"550\" data-dnt=\"true\"><p lang=\"es\" dir=\"ltr\">\u27a1\ufe0fPresentan nuevo Modelo de Atenci\u00f3n Universal de C\u00e1ncer de Mama<br><br>El secretario de Salud, David Kershenobich, present\u00f3 el plan nacional para fortalecer la lucha contra esta enfermedad, primera causa de muerte en mujeres.<br><br>\ud83d\udd39Poblaci\u00f3n en riesgo: 25 millones de mujeres mayores de\u2026 <a href=\"https:\/\/t.co\/4g04miEcl2\">pic.twitter.com\/4g04miEcl2<\/a><\/p>&mdash; Azucena Uresti (@azucenau) <a href=\"https:\/\/twitter.com\/azucenau\/status\/1980642650945445925?ref_src=twsrc%5Etfw\">October 21, 2025<\/a><\/blockquote><script async src=\"https:\/\/platform.twitter.com\/widgets.js\" charset=\"utf-8\"><\/script>\n<\/div><\/figure>\n\n\n\n<p>&#8220;Necesitamos mil m\u00e1s, que los vamos a adquirir entre 2026 y una parte del 2027.\u00a0<mark><strong>\u00bfD\u00f3nde van a estar ubicados? Pues en lugares de acceso para las mujeres&#8221;,<\/strong><\/mark>\u00a0indic\u00f3.<\/p>\n\n\n\n<p><strong>Detall\u00f3 que adem\u00e1s se establecer\u00e1n 20 centros adicionales de diagn\u00f3stico a distancia, que se sumar\u00e1n a los 64 existentes.<\/strong><\/p>\n\n\n\n<p>&#8220;De tal manera que se toma la radiograf\u00eda y el ultrasonido, se env\u00eda digitalmente y<strong>&nbsp;ah\u00ed va a haber m\u00e9dicos especialistas que est\u00e9n interpretando y de manera pronta le puedan dar su diagn\u00f3stico a la mujer&#8221;<\/strong>, explic\u00f3 Sheinbaum.<\/p>\n\n\n\n<p><mark><strong>El plan incluye la construcci\u00f3n de 32 centros oncol\u00f3gicos para la mujer<\/strong><\/mark>, uno por cada estado del pa\u00eds, con hospedaje para pacientes y familiares.<\/p>\n\n\n\n<p>&#8220;As\u00ed como ese queremos hacer otros 31, uno por cada estado de la Rep\u00fablica con su albergue,&nbsp;<strong>de tal manera que la mujer, no importa qu\u00e9 tan alejada est\u00e9, pueda llegar a recibir su atenci\u00f3n&#8221;,&nbsp;<\/strong>se\u00f1al\u00f3.<\/p>\n\n\n\n<p>La Presidenta destac\u00f3 que este nuevo esquema representa<strong>&nbsp;&#8220;un modelo de atenci\u00f3n integral al c\u00e1ncer de mama, desde la prevenci\u00f3n hasta el tratamiento de las mujeres&#8221;.<\/strong><\/p>\n\n\n\n<p>Subray\u00f3 adem\u00e1s que ser\u00e1 universal, es decir, que una mujer afiliada al Instituto Mexicano del Seguro Social (IMSS)\u00a0<strong>podr\u00e1 atenderse en el IMSS-Bienestar o en el Instituto de Seguridad y Servicios Sociales de los Trabajadores del Estado (ISSSTE) sin restricciones.<\/strong><\/p>\n\n\n\n<p>&#8220;Esto cambia por completo lo que se ha hecho en M\u00e9xico. Esto realmente es un modelo de atenci\u00f3n integral al c\u00e1ncer de mama, desde la prevenci\u00f3n hasta el tratamiento de las mujeres.&nbsp;<mark><strong>\u00bfCu\u00e1nto cuesta esto? Cerca de 8 mil millones de pesos&#8221;,<\/strong><\/mark>&nbsp;afirm\u00f3.<\/p>\n\n\n\n<h2 class=\"wp-block-heading\">Cinco estrategias<\/h2>\n\n\n\n<p>Por su parte, el secretario de Salud, David Kershenobich,<strong>&nbsp;record\u00f3 que el c\u00e1ncer de mama es la principal causa de muerte por c\u00e1ncer en mujeres en M\u00e9xico.<\/strong><\/p>\n\n\n\n<p>El funcionario explic\u00f3 que el nuevo modelo contempla cinco estrategias:&nbsp;<mark><strong>campa\u00f1as educativas, detecci\u00f3n oportuna, diagn\u00f3stico r\u00e1pido, tratamiento integral y continuidad de la atenci\u00f3n.<\/strong><\/mark><\/p>\n\n\n\n<p><strong>&#8220;La mejor defensa contra el c\u00e1ncer de mama es detectarlo a tiempo&#8221;,&nbsp;<\/strong>enfatiz\u00f3.<\/p>\n\n\n\n<p>Seg\u00fan el secretario de Salud, los tiempos de atenci\u00f3n se reducir\u00e1n dr\u00e1sticamente:&nbsp;<mark><strong>el diagn\u00f3stico deber\u00e1 realizarse en menos de 30 d\u00edas tras la sospecha y el tratamiento deber\u00e1 comenzar en un m\u00e1ximo de 21 d\u00edas.<\/strong><\/mark><\/p>\n\n\n\n<p>Sheinbaum estim\u00f3 que el modelo estar\u00e1 plenamente implementado en uno a dos a\u00f1os y&nbsp;<strong>permitir\u00e1 reducir significativamente la mortalidad por c\u00e1ncer de mama para 2027.<\/strong><\/p>\n\n\n\n<p>Con informaci\u00f3n de EFE<\/p>\n","protected":false},"excerpt":{"rendered":"<p>Por Redacci\u00f3n QP &#8220;Sabemos todos que la detecci\u00f3n temprana y la atenci\u00f3n temprana salva vidas&#8221;,&#8230;<\/p>\n","protected":false},"author":2,"featured_media":119895,"comment_status":"open","ping_status":"open","sticky":false,"template":"","format":"standard","meta":{"_monsterinsights_skip_tracking":false,"_monsterinsights_sitenote_active":false,"_monsterinsights_sitenote_note":"","_monsterinsights_sitenote_category":0,"footnotes":""},"categories":[280,2],"tags":[],"class_list":["post-119894","post","type-post","status-publish","format-standard","has-post-thumbnail","hentry","category-nacionales","category-noticias"],"yoast_head":"<!-- This site is optimized with the Yoast SEO plugin v27.3 - https:\/\/yoast.com\/product\/yoast-seo-wordpress\/ -->\n<title>Sheinbaum presenta un nuevo modelo de atenci\u00f3n universal al c\u00e1ncer de mama -<\/title>\n<meta name=\"robots\" content=\"index, follow, max-snippet:-1, max-image-preview:large, max-video-preview:-1\" \/>\n<link rel=\"canonical\" href=\"https:\/\/quehacerpolitico.mx\/?p=119894\" \/>\n<meta property=\"og:locale\" content=\"es_MX\" \/>\n<meta property=\"og:type\" content=\"article\" \/>\n<meta property=\"og:title\" content=\"Sheinbaum presenta un nuevo modelo de atenci\u00f3n universal al c\u00e1ncer de mama -\" \/>\n<meta property=\"og:description\" content=\"Por Redacci\u00f3n QP &#8220;Sabemos todos que la detecci\u00f3n temprana y la atenci\u00f3n temprana salva vidas&#8221;,...\" \/>\n<meta property=\"og:url\" content=\"https:\/\/quehacerpolitico.mx\/?p=119894\" \/>\n<meta property=\"article:published_time\" content=\"2025-10-21T18:22:41+00:00\" \/>\n<meta property=\"article:modified_time\" content=\"2025-10-21T18:22:44+00:00\" \/>\n<meta property=\"og:image\" content=\"https:\/\/quehacerpolitico.mx\/wp-content\/uploads\/2025\/10\/IMG_4513.jpeg\" \/>\n\t<meta property=\"og:image:width\" content=\"1170\" \/>\n\t<meta property=\"og:image:height\" content=\"665\" \/>\n\t<meta property=\"og:image:type\" content=\"image\/jpeg\" \/>\n<meta name=\"author\" content=\"Redacci\u00f3n QP\" \/>\n<meta name=\"twitter:card\" content=\"summary_large_image\" \/>\n<meta name=\"twitter:label1\" content=\"Escrito por\" \/>\n\t<meta name=\"twitter:data1\" content=\"Redacci\u00f3n QP\" \/>\n\t<meta name=\"twitter:label2\" content=\"Tiempo de lectura\" \/>\n\t<meta name=\"twitter:data2\" content=\"3 minutos\" \/>\n<script type=\"application\/ld+json\" class=\"yoast-schema-graph\">{\"@context\":\"https:\\\/\\\/schema.org\",\"@graph\":[{\"@type\":\"Article\",\"@id\":\"https:\\\/\\\/quehacerpolitico.mx\\\/?p=119894#article\",\"isPartOf\":{\"@id\":\"https:\\\/\\\/quehacerpolitico.mx\\\/?p=119894\"},\"author\":{\"name\":\"Redacci\u00f3n QP\",\"@id\":\"https:\\\/\\\/quehacerpolitico.mx\\\/#\\\/schema\\\/person\\\/496d8ad2d1d3f8036101dca7ee39e585\"},\"headline\":\"Sheinbaum presenta un nuevo modelo de atenci\u00f3n universal al c\u00e1ncer de mama\",\"datePublished\":\"2025-10-21T18:22:41+00:00\",\"dateModified\":\"2025-10-21T18:22:44+00:00\",\"mainEntityOfPage\":{\"@id\":\"https:\\\/\\\/quehacerpolitico.mx\\\/?p=119894\"},\"wordCount\":579,\"commentCount\":0,\"image\":{\"@id\":\"https:\\\/\\\/quehacerpolitico.mx\\\/?p=119894#primaryimage\"},\"thumbnailUrl\":\"https:\\\/\\\/quehacerpolitico.mx\\\/wp-content\\\/uploads\\\/2025\\\/10\\\/IMG_4513.jpeg\",\"articleSection\":[\"Nacionales\",\"Noticias\"],\"inLanguage\":\"es\",\"potentialAction\":[{\"@type\":\"CommentAction\",\"name\":\"Comment\",\"target\":[\"https:\\\/\\\/quehacerpolitico.mx\\\/?p=119894#respond\"]}]},{\"@type\":\"WebPage\",\"@id\":\"https:\\\/\\\/quehacerpolitico.mx\\\/?p=119894\",\"url\":\"https:\\\/\\\/quehacerpolitico.mx\\\/?p=119894\",\"name\":\"Sheinbaum presenta un nuevo modelo de atenci\u00f3n universal al c\u00e1ncer de mama -\",\"isPartOf\":{\"@id\":\"https:\\\/\\\/quehacerpolitico.mx\\\/#website\"},\"primaryImageOfPage\":{\"@id\":\"https:\\\/\\\/quehacerpolitico.mx\\\/?p=119894#primaryimage\"},\"image\":{\"@id\":\"https:\\\/\\\/quehacerpolitico.mx\\\/?p=119894#primaryimage\"},\"thumbnailUrl\":\"https:\\\/\\\/quehacerpolitico.mx\\\/wp-content\\\/uploads\\\/2025\\\/10\\\/IMG_4513.jpeg\",\"datePublished\":\"2025-10-21T18:22:41+00:00\",\"dateModified\":\"2025-10-21T18:22:44+00:00\",\"author\":{\"@id\":\"https:\\\/\\\/quehacerpolitico.mx\\\/#\\\/schema\\\/person\\\/496d8ad2d1d3f8036101dca7ee39e585\"},\"breadcrumb\":{\"@id\":\"https:\\\/\\\/quehacerpolitico.mx\\\/?p=119894#breadcrumb\"},\"inLanguage\":\"es\",\"potentialAction\":[{\"@type\":\"ReadAction\",\"target\":[\"https:\\\/\\\/quehacerpolitico.mx\\\/?p=119894\"]}]},{\"@type\":\"ImageObject\",\"inLanguage\":\"es\",\"@id\":\"https:\\\/\\\/quehacerpolitico.mx\\\/?p=119894#primaryimage\",\"url\":\"https:\\\/\\\/quehacerpolitico.mx\\\/wp-content\\\/uploads\\\/2025\\\/10\\\/IMG_4513.jpeg\",\"contentUrl\":\"https:\\\/\\\/quehacerpolitico.mx\\\/wp-content\\\/uploads\\\/2025\\\/10\\\/IMG_4513.jpeg\",\"width\":1170,\"height\":665,\"caption\":\"Screenshot\"},{\"@type\":\"BreadcrumbList\",\"@id\":\"https:\\\/\\\/quehacerpolitico.mx\\\/?p=119894#breadcrumb\",\"itemListElement\":[{\"@type\":\"ListItem\",\"position\":1,\"name\":\"Inicio\",\"item\":\"https:\\\/\\\/quehacerpolitico.mx\\\/\"},{\"@type\":\"ListItem\",\"position\":2,\"name\":\"Sheinbaum presenta un nuevo modelo de atenci\u00f3n universal al c\u00e1ncer de mama\"}]},{\"@type\":\"WebSite\",\"@id\":\"https:\\\/\\\/quehacerpolitico.mx\\\/#website\",\"url\":\"https:\\\/\\\/quehacerpolitico.mx\\\/\",\"name\":\"\",\"description\":\"\",\"potentialAction\":[{\"@type\":\"SearchAction\",\"target\":{\"@type\":\"EntryPoint\",\"urlTemplate\":\"https:\\\/\\\/quehacerpolitico.mx\\\/?s={search_term_string}\"},\"query-input\":{\"@type\":\"PropertyValueSpecification\",\"valueRequired\":true,\"valueName\":\"search_term_string\"}}],\"inLanguage\":\"es\"},{\"@type\":\"Person\",\"@id\":\"https:\\\/\\\/quehacerpolitico.mx\\\/#\\\/schema\\\/person\\\/496d8ad2d1d3f8036101dca7ee39e585\",\"name\":\"Redacci\u00f3n QP\",\"image\":{\"@type\":\"ImageObject\",\"inLanguage\":\"es\",\"@id\":\"https:\\\/\\\/secure.gravatar.com\\\/avatar\\\/c7164ed6fdec453195284ad24a5ae5b6e1eed2b848477fa2a4787ba9adf39a41?s=96&d=mm&r=g\",\"url\":\"https:\\\/\\\/secure.gravatar.com\\\/avatar\\\/c7164ed6fdec453195284ad24a5ae5b6e1eed2b848477fa2a4787ba9adf39a41?s=96&d=mm&r=g\",\"contentUrl\":\"https:\\\/\\\/secure.gravatar.com\\\/avatar\\\/c7164ed6fdec453195284ad24a5ae5b6e1eed2b848477fa2a4787ba9adf39a41?s=96&d=mm&r=g\",\"caption\":\"Redacci\u00f3n QP\"},\"url\":\"https:\\\/\\\/quehacerpolitico.mx\\\/?author=2\"}]}<\/script>\n<!-- \/ Yoast SEO plugin. -->","yoast_head_json":{"title":"Sheinbaum presenta un nuevo modelo de atenci\u00f3n universal al c\u00e1ncer de mama -","robots":{"index":"index","follow":"follow","max-snippet":"max-snippet:-1","max-image-preview":"max-image-preview:large","max-video-preview":"max-video-preview:-1"},"canonical":"https:\/\/quehacerpolitico.mx\/?p=119894","og_locale":"es_MX","og_type":"article","og_title":"Sheinbaum presenta un nuevo modelo de atenci\u00f3n universal al c\u00e1ncer de mama -","og_description":"Por Redacci\u00f3n QP &#8220;Sabemos todos que la detecci\u00f3n temprana y la atenci\u00f3n temprana salva vidas&#8221;,...","og_url":"https:\/\/quehacerpolitico.mx\/?p=119894","article_published_time":"2025-10-21T18:22:41+00:00","article_modified_time":"2025-10-21T18:22:44+00:00","og_image":[{"width":1170,"height":665,"url":"https:\/\/quehacerpolitico.mx\/wp-content\/uploads\/2025\/10\/IMG_4513.jpeg","type":"image\/jpeg"}],"author":"Redacci\u00f3n QP","twitter_card":"summary_large_image","twitter_misc":{"Escrito por":"Redacci\u00f3n QP","Tiempo de lectura":"3 minutos"},"schema":{"@context":"https:\/\/schema.org","@graph":[{"@type":"Article","@id":"https:\/\/quehacerpolitico.mx\/?p=119894#article","isPartOf":{"@id":"https:\/\/quehacerpolitico.mx\/?p=119894"},"author":{"name":"Redacci\u00f3n QP","@id":"https:\/\/quehacerpolitico.mx\/#\/schema\/person\/496d8ad2d1d3f8036101dca7ee39e585"},"headline":"Sheinbaum presenta un nuevo modelo de atenci\u00f3n universal al c\u00e1ncer de mama","datePublished":"2025-10-21T18:22:41+00:00","dateModified":"2025-10-21T18:22:44+00:00","mainEntityOfPage":{"@id":"https:\/\/quehacerpolitico.mx\/?p=119894"},"wordCount":579,"commentCount":0,"image":{"@id":"https:\/\/quehacerpolitico.mx\/?p=119894#primaryimage"},"thumbnailUrl":"https:\/\/quehacerpolitico.mx\/wp-content\/uploads\/2025\/10\/IMG_4513.jpeg","articleSection":["Nacionales","Noticias"],"inLanguage":"es","potentialAction":[{"@type":"CommentAction","name":"Comment","target":["https:\/\/quehacerpolitico.mx\/?p=119894#respond"]}]},{"@type":"WebPage","@id":"https:\/\/quehacerpolitico.mx\/?p=119894","url":"https:\/\/quehacerpolitico.mx\/?p=119894","name":"Sheinbaum presenta un nuevo modelo de atenci\u00f3n universal al c\u00e1ncer de mama -","isPartOf":{"@id":"https:\/\/quehacerpolitico.mx\/#website"},"primaryImageOfPage":{"@id":"https:\/\/quehacerpolitico.mx\/?p=119894#primaryimage"},"image":{"@id":"https:\/\/quehacerpolitico.mx\/?p=119894#primaryimage"},"thumbnailUrl":"https:\/\/quehacerpolitico.mx\/wp-content\/uploads\/2025\/10\/IMG_4513.jpeg","datePublished":"2025-10-21T18:22:41+00:00","dateModified":"2025-10-21T18:22:44+00:00","author":{"@id":"https:\/\/quehacerpolitico.mx\/#\/schema\/person\/496d8ad2d1d3f8036101dca7ee39e585"},"breadcrumb":{"@id":"https:\/\/quehacerpolitico.mx\/?p=119894#breadcrumb"},"inLanguage":"es","potentialAction":[{"@type":"ReadAction","target":["https:\/\/quehacerpolitico.mx\/?p=119894"]}]},{"@type":"ImageObject","inLanguage":"es","@id":"https:\/\/quehacerpolitico.mx\/?p=119894#primaryimage","url":"https:\/\/quehacerpolitico.mx\/wp-content\/uploads\/2025\/10\/IMG_4513.jpeg","contentUrl":"https:\/\/quehacerpolitico.mx\/wp-content\/uploads\/2025\/10\/IMG_4513.jpeg","width":1170,"height":665,"caption":"Screenshot"},{"@type":"BreadcrumbList","@id":"https:\/\/quehacerpolitico.mx\/?p=119894#breadcrumb","itemListElement":[{"@type":"ListItem","position":1,"name":"Inicio","item":"https:\/\/quehacerpolitico.mx\/"},{"@type":"ListItem","position":2,"name":"Sheinbaum presenta un nuevo modelo de atenci\u00f3n universal al c\u00e1ncer de mama"}]},{"@type":"WebSite","@id":"https:\/\/quehacerpolitico.mx\/#website","url":"https:\/\/quehacerpolitico.mx\/","name":"","description":"","potentialAction":[{"@type":"SearchAction","target":{"@type":"EntryPoint","urlTemplate":"https:\/\/quehacerpolitico.mx\/?s={search_term_string}"},"query-input":{"@type":"PropertyValueSpecification","valueRequired":true,"valueName":"search_term_string"}}],"inLanguage":"es"},{"@type":"Person","@id":"https:\/\/quehacerpolitico.mx\/#\/schema\/person\/496d8ad2d1d3f8036101dca7ee39e585","name":"Redacci\u00f3n QP","image":{"@type":"ImageObject","inLanguage":"es","@id":"https:\/\/secure.gravatar.com\/avatar\/c7164ed6fdec453195284ad24a5ae5b6e1eed2b848477fa2a4787ba9adf39a41?s=96&d=mm&r=g","url":"https:\/\/secure.gravatar.com\/avatar\/c7164ed6fdec453195284ad24a5ae5b6e1eed2b848477fa2a4787ba9adf39a41?s=96&d=mm&r=g","contentUrl":"https:\/\/secure.gravatar.com\/avatar\/c7164ed6fdec453195284ad24a5ae5b6e1eed2b848477fa2a4787ba9adf39a41?s=96&d=mm&r=g","caption":"Redacci\u00f3n QP"},"url":"https:\/\/quehacerpolitico.mx\/?author=2"}]}},"featured_image_urls":{"full":["https:\/\/quehacerpolitico.mx\/wp-content\/uploads\/2025\/10\/IMG_4513.jpeg",1170,665,false],"thumbnail":["https:\/\/quehacerpolitico.mx\/wp-content\/uploads\/2025\/10\/IMG_4513-150x150.jpeg",150,150,true],"medium":["https:\/\/quehacerpolitico.mx\/wp-content\/uploads\/2025\/10\/IMG_4513-300x171.jpeg",300,171,true],"medium_large":["https:\/\/quehacerpolitico.mx\/wp-content\/uploads\/2025\/10\/IMG_4513-768x437.jpeg",640,364,true],"large":["https:\/\/quehacerpolitico.mx\/wp-content\/uploads\/2025\/10\/IMG_4513-1024x582.jpeg",640,364,true],"1536x1536":["https:\/\/quehacerpolitico.mx\/wp-content\/uploads\/2025\/10\/IMG_4513.jpeg",1170,665,false],"2048x2048":["https:\/\/quehacerpolitico.mx\/wp-content\/uploads\/2025\/10\/IMG_4513.jpeg",1170,665,false],"covernews-featured":["https:\/\/quehacerpolitico.mx\/wp-content\/uploads\/2025\/10\/IMG_4513-1024x582.jpeg",1024,582,true],"covernews-medium":["https:\/\/quehacerpolitico.mx\/wp-content\/uploads\/2025\/10\/IMG_4513-540x340.jpeg",540,340,true]},"author_info":{"display_name":"Redacci\u00f3n QP","author_link":"https:\/\/quehacerpolitico.mx\/?author=2"},"category_info":"<a href=\"https:\/\/quehacerpolitico.mx\/?cat=280\" rel=\"category\">Nacionales<\/a> <a href=\"https:\/\/quehacerpolitico.mx\/?cat=2\" rel=\"category\">Noticias<\/a>","tag_info":"Noticias","comment_count":"0","_links":{"self":[{"href":"https:\/\/quehacerpolitico.mx\/index.php?rest_route=\/wp\/v2\/posts\/119894","targetHints":{"allow":["GET"]}}],"collection":[{"href":"https:\/\/quehacerpolitico.mx\/index.php?rest_route=\/wp\/v2\/posts"}],"about":[{"href":"https:\/\/quehacerpolitico.mx\/index.php?rest_route=\/wp\/v2\/types\/post"}],"author":[{"embeddable":true,"href":"https:\/\/quehacerpolitico.mx\/index.php?rest_route=\/wp\/v2\/users\/2"}],"replies":[{"embeddable":true,"href":"https:\/\/quehacerpolitico.mx\/index.php?rest_route=%2Fwp%2Fv2%2Fcomments&post=119894"}],"version-history":[{"count":1,"href":"https:\/\/quehacerpolitico.mx\/index.php?rest_route=\/wp\/v2\/posts\/119894\/revisions"}],"predecessor-version":[{"id":119896,"href":"https:\/\/quehacerpolitico.mx\/index.php?rest_route=\/wp\/v2\/posts\/119894\/revisions\/119896"}],"wp:featuredmedia":[{"embeddable":true,"href":"https:\/\/quehacerpolitico.mx\/index.php?rest_route=\/wp\/v2\/media\/119895"}],"wp:attachment":[{"href":"https:\/\/quehacerpolitico.mx\/index.php?rest_route=%2Fwp%2Fv2%2Fmedia&parent=119894"}],"wp:term":[{"taxonomy":"category","embeddable":true,"href":"https:\/\/quehacerpolitico.mx\/index.php?rest_route=%2Fwp%2Fv2%2Fcategories&post=119894"},{"taxonomy":"post_tag","embeddable":true,"href":"https:\/\/quehacerpolitico.mx\/index.php?rest_route=%2Fwp%2Fv2%2Ftags&post=119894"}],"curies":[{"name":"wp","href":"https:\/\/api.w.org\/{rel}","templated":true}]}}