{"id":119789,"date":"2025-10-16T21:35:57","date_gmt":"2025-10-17T03:35:57","guid":{"rendered":"https:\/\/quehacerpolitico.mx\/?p=119789"},"modified":"2025-10-16T21:35:59","modified_gmt":"2025-10-17T03:35:59","slug":"el-quehacer-politico-en-la-cultura-a-traves-del-enfoque-litza-deniss-duran-espinosa-para-construir-entornos-de-paz-en-clave-comunitaria-llega-cultivario","status":"publish","type":"post","link":"https:\/\/quehacerpolitico.mx\/?p=119789","title":{"rendered":"El Quehacer Pol\u00edtico en la Cultura a trav\u00e9s del Enfoque\/\/\/Litza Deniss Dur\u00e1n Espinosa\/\/\/PARA CONSTRUIR ENTORNOS DE PAZ EN CLAVE COMUNITARIA, LLEGA CULTIVARIO"},"content":{"rendered":"\n<p>Por Litza Deniss Dur\u00e1n Espinosa<\/p>\n\n\n\n<ul class=\"wp-block-list\">\n<li><strong>Hasta el 18 de octubre de 2025 en el Pabell\u00f3n de Cultura Comunitaria se llevan a cabo diferentes actividades que dialogan sobre el papel transformador de la cultura en diversos contextos<\/strong><\/li>\n\n\n\n<li><strong>Se abordan temas como la mediaci\u00f3n sociocultural, el enfoque de cultura de paz, el derecho al ocio y la evaluaci\u00f3n de proyectos culturales<\/strong><\/li>\n\n\n\n<li>En el Pabell\u00f3n de Cultura Comunitaria confluyen reflexiones, experiencias y propuestas con \u201cCultivario. Encuentro sobre programaci\u00f3n cultural para construir entornos de paz en clave comunitaria\u201d, que se realiza del 16 al 18 de octubre. Impulsado por la Secretar\u00eda de Cultura del Gobierno de M\u00e9xico, a trav\u00e9s de la Direcci\u00f3n General de Vinculaci\u00f3n Cultural (DGVC), re\u00fane a agentes culturales, acad\u00e9micos, promotoras y promotores culturales, gestores, artistas y colectivos para dialogar sobre el papel transformador de la cultura en diversos contextos.La directora de Animaci\u00f3n Cultural de la DGVC, Samantha Urdapilleta, subray\u00f3 la relevancia de generar espacios para compartir saberes y estrategias: \u201cEs un espacio de encuentro, en el que compartiremos nuestras reflexiones, pensares; c\u00f3mo hemos resuelto el tema de la programaci\u00f3n cultural en contextos complejos\u201d, coment\u00f3 durante la inauguraci\u00f3n.Cultivario representa un paso firme hacia la construcci\u00f3n de pol\u00edticas culturales sensibles al territorio, que reconozcan el poder de la cultura como herramienta para la transformaci\u00f3n social y la paz, agreg\u00f3.Durante el Encuentro se realizan mesas de di\u00e1logo interdisciplinarias, talleres y din\u00e1micas colectivas, que abordan temas como la mediaci\u00f3n sociocultural, el enfoque de cultura de paz, el derecho al ocio y la evaluaci\u00f3n de proyectos culturales.Urdapilleta destac\u00f3 el enfoque comunitario como eje central del evento: \u201cEs importante y necesario, con, por, desde y para la comunidad. Desde la cultura podemos cultivar, sembrar procesos, generar alternativas de convivencia, aprender a convivir entre todas y todos\u201d.Por su parte, la curadora de Cultivario, Niurka Ch\u00e1vez, destac\u00f3 que se busca sistematizar, evaluar y fortalecer la memoria territorial y las pr\u00e1cticas culturales locales a trav\u00e9s de un espacio dise\u00f1ado para la programaci\u00f3n cultural con una visi\u00f3n hacia la construcci\u00f3n de entornos de paz.&#8221;Pensamos que los territorios son esos lugares donde surgen peque\u00f1as chispas de saberes que deben compartirse. Encontrarnos y compartir es uno de los objetivos centrales del encuentro, junto con el intercambio de herramientas, metodolog\u00edas y estrategias que acompa\u00f1en a los agentes culturales en sus labores\u201d.En el encuentro participan especialistas en la materia, como el investigador del Colegio de la Frontera Norte Jos\u00e9 Manuel Valenzuela Arce, encargado de ofrecer la conferencia inaugural, as\u00ed como talleristas de diversas regiones del pa\u00eds. Entre las y los ponentes se encuentran el titular de la Unidad para la Defensa de los Derechos Humanos de la Secretar\u00eda de Gobernaci\u00f3n, Froyl\u00e1n Vladimir Enciso Higuera; la secretaria ejecutiva de Desarrollo Cultural Infantil de la Coordinaci\u00f3n Nacional de Desarrollo Cultural Infantil &#8211; Alas y Ra\u00edces, M\u00f3nica Jazm\u00edn Z\u00e1rate Ambr\u00edz; la gestora cultural, especializada en Cultura de Paz, Martha Luna M\u00e1rquez; la gestora cultural Paola Araiza Bola\u00f1os, y el mediador sociocultural de Argentina, German Paley, por mencionar algunos participantes.Abierto al p\u00fablico, de manera gratuita, el encuentro invita, en especial, a estudiantes de carreras afines a la Cultura Comunitaria, gestoras y gestores, promotoras y promotores culturales, artistas, colectivos creativos y todas las personas interesadas en la mediaci\u00f3n sociocultural y la programaci\u00f3n cultural comunitaria.El Pabell\u00f3n de Cultura Comunitaria se encuentra en\u00a0<a href=\"https:\/\/www.google.com\/maps\/search\/avenida+Constituyentes+270?entry=gmail&amp;source=g\">avenida Constituyentes 270<\/a>, abre sus puertas de martes a s\u00e1bado de 11 a 18 h, y los domingos, de 11 a 16 h.Asimismo, el programa completo de actividades se puede consultar en:\u00a0<a href=\"http:\/\/culturacomunitaria.cultura.gob.mx\/\" target=\"_blank\" rel=\"noreferrer noopener\">culturacomunitaria.cultura.gob.mx<\/a>\u00a0y en las redes sociales de Vinculaci\u00f3n Cultural.<\/li>\n<\/ul>\n\n\n\n<figure class=\"wp-block-gallery has-nested-images columns-default is-cropped wp-block-gallery-1 is-layout-flex wp-block-gallery-is-layout-flex\">\n<figure class=\"wp-block-image size-large\"><img loading=\"lazy\" decoding=\"async\" width=\"681\" height=\"1024\" data-id=\"119791\" src=\"https:\/\/quehacerpolitico.mx\/wp-content\/uploads\/2025\/10\/IMG_4398-681x1024.jpeg\" alt=\"\" class=\"wp-image-119791\" srcset=\"https:\/\/quehacerpolitico.mx\/wp-content\/uploads\/2025\/10\/IMG_4398-681x1024.jpeg 681w, https:\/\/quehacerpolitico.mx\/wp-content\/uploads\/2025\/10\/IMG_4398-200x300.jpeg 200w, https:\/\/quehacerpolitico.mx\/wp-content\/uploads\/2025\/10\/IMG_4398-768x1155.jpeg 768w, https:\/\/quehacerpolitico.mx\/wp-content\/uploads\/2025\/10\/IMG_4398-1021x1536.jpeg 1021w, https:\/\/quehacerpolitico.mx\/wp-content\/uploads\/2025\/10\/IMG_4398-1024x1540.jpeg 1024w, https:\/\/quehacerpolitico.mx\/wp-content\/uploads\/2025\/10\/IMG_4398.jpeg 1064w\" sizes=\"auto, (max-width: 681px) 100vw, 681px\" \/><\/figure>\n\n\n\n<figure class=\"wp-block-image size-large\"><img loading=\"lazy\" decoding=\"async\" width=\"1024\" height=\"681\" data-id=\"119792\" src=\"https:\/\/quehacerpolitico.mx\/wp-content\/uploads\/2025\/10\/IMG_4399-1024x681.jpeg\" alt=\"\" class=\"wp-image-119792\" srcset=\"https:\/\/quehacerpolitico.mx\/wp-content\/uploads\/2025\/10\/IMG_4399-1024x681.jpeg 1024w, https:\/\/quehacerpolitico.mx\/wp-content\/uploads\/2025\/10\/IMG_4399-300x200.jpeg 300w, https:\/\/quehacerpolitico.mx\/wp-content\/uploads\/2025\/10\/IMG_4399-768x511.jpeg 768w, https:\/\/quehacerpolitico.mx\/wp-content\/uploads\/2025\/10\/IMG_4399-1536x1022.jpeg 1536w, https:\/\/quehacerpolitico.mx\/wp-content\/uploads\/2025\/10\/IMG_4399.jpeg 1553w\" sizes=\"auto, (max-width: 1024px) 100vw, 1024px\" \/><\/figure>\n\n\n\n<figure class=\"wp-block-image size-large\"><img loading=\"lazy\" decoding=\"async\" width=\"652\" height=\"1024\" data-id=\"119793\" src=\"https:\/\/quehacerpolitico.mx\/wp-content\/uploads\/2025\/10\/IMG_4401-652x1024.jpeg\" alt=\"\" class=\"wp-image-119793\" srcset=\"https:\/\/quehacerpolitico.mx\/wp-content\/uploads\/2025\/10\/IMG_4401-652x1024.jpeg 652w, https:\/\/quehacerpolitico.mx\/wp-content\/uploads\/2025\/10\/IMG_4401-191x300.jpeg 191w, https:\/\/quehacerpolitico.mx\/wp-content\/uploads\/2025\/10\/IMG_4401-768x1206.jpeg 768w, https:\/\/quehacerpolitico.mx\/wp-content\/uploads\/2025\/10\/IMG_4401.jpeg 937w\" sizes=\"auto, (max-width: 652px) 100vw, 652px\" \/><\/figure>\n\n\n\n<figure class=\"wp-block-image size-large\"><img loading=\"lazy\" decoding=\"async\" width=\"681\" height=\"1024\" data-id=\"119794\" src=\"https:\/\/quehacerpolitico.mx\/wp-content\/uploads\/2025\/10\/IMG_4402-681x1024.jpeg\" alt=\"\" class=\"wp-image-119794\" srcset=\"https:\/\/quehacerpolitico.mx\/wp-content\/uploads\/2025\/10\/IMG_4402-681x1024.jpeg 681w, https:\/\/quehacerpolitico.mx\/wp-content\/uploads\/2025\/10\/IMG_4402-200x300.jpeg 200w, https:\/\/quehacerpolitico.mx\/wp-content\/uploads\/2025\/10\/IMG_4402-768x1155.jpeg 768w, https:\/\/quehacerpolitico.mx\/wp-content\/uploads\/2025\/10\/IMG_4402-1021x1536.jpeg 1021w, https:\/\/quehacerpolitico.mx\/wp-content\/uploads\/2025\/10\/IMG_4402-1024x1540.jpeg 1024w, https:\/\/quehacerpolitico.mx\/wp-content\/uploads\/2025\/10\/IMG_4402.jpeg 1064w\" sizes=\"auto, (max-width: 681px) 100vw, 681px\" \/><\/figure>\n\n\n\n<figure class=\"wp-block-image size-large\"><img loading=\"lazy\" decoding=\"async\" width=\"1024\" height=\"584\" data-id=\"119795\" src=\"https:\/\/quehacerpolitico.mx\/wp-content\/uploads\/2025\/10\/IMG_4403-1024x584.jpeg\" alt=\"\" class=\"wp-image-119795\" srcset=\"https:\/\/quehacerpolitico.mx\/wp-content\/uploads\/2025\/10\/IMG_4403-1024x584.jpeg 1024w, https:\/\/quehacerpolitico.mx\/wp-content\/uploads\/2025\/10\/IMG_4403-300x171.jpeg 300w, https:\/\/quehacerpolitico.mx\/wp-content\/uploads\/2025\/10\/IMG_4403-768x438.jpeg 768w, https:\/\/quehacerpolitico.mx\/wp-content\/uploads\/2025\/10\/IMG_4403.jpeg 1511w\" sizes=\"auto, (max-width: 1024px) 100vw, 1024px\" \/><\/figure>\n<\/figure>\n","protected":false},"excerpt":{"rendered":"<p>Por Litza Deniss Dur\u00e1n Espinosa<\/p>\n","protected":false},"author":2,"featured_media":119790,"comment_status":"open","ping_status":"open","sticky":false,"template":"","format":"standard","meta":{"_monsterinsights_skip_tracking":false,"_monsterinsights_sitenote_active":false,"_monsterinsights_sitenote_note":"","_monsterinsights_sitenote_category":0,"footnotes":""},"categories":[58],"tags":[],"class_list":["post-119789","post","type-post","status-publish","format-standard","has-post-thumbnail","hentry","category-cultura"],"yoast_head":"<!-- This site is optimized with the Yoast SEO plugin v27.3 - https:\/\/yoast.com\/product\/yoast-seo-wordpress\/ -->\n<title>El Quehacer Pol\u00edtico en la Cultura a trav\u00e9s del Enfoque\/\/\/Litza Deniss Dur\u00e1n Espinosa\/\/\/PARA CONSTRUIR ENTORNOS DE PAZ EN CLAVE COMUNITARIA, LLEGA CULTIVARIO -<\/title>\n<meta name=\"robots\" content=\"index, follow, max-snippet:-1, max-image-preview:large, max-video-preview:-1\" \/>\n<link rel=\"canonical\" href=\"https:\/\/quehacerpolitico.mx\/?p=119789\" \/>\n<meta property=\"og:locale\" content=\"es_MX\" \/>\n<meta property=\"og:type\" content=\"article\" \/>\n<meta property=\"og:title\" content=\"El Quehacer Pol\u00edtico en la Cultura a trav\u00e9s del Enfoque\/\/\/Litza Deniss Dur\u00e1n Espinosa\/\/\/PARA CONSTRUIR ENTORNOS DE PAZ EN CLAVE COMUNITARIA, LLEGA CULTIVARIO -\" \/>\n<meta property=\"og:description\" content=\"Por Litza Deniss Dur\u00e1n Espinosa\" \/>\n<meta property=\"og:url\" content=\"https:\/\/quehacerpolitico.mx\/?p=119789\" \/>\n<meta property=\"article:published_time\" content=\"2025-10-17T03:35:57+00:00\" \/>\n<meta property=\"article:modified_time\" content=\"2025-10-17T03:35:59+00:00\" \/>\n<meta property=\"og:image\" content=\"https:\/\/quehacerpolitico.mx\/wp-content\/uploads\/2025\/10\/IMG_4400.jpeg\" \/>\n\t<meta property=\"og:image:width\" content=\"1330\" \/>\n\t<meta property=\"og:image:height\" content=\"712\" \/>\n\t<meta property=\"og:image:type\" content=\"image\/jpeg\" \/>\n<meta name=\"author\" content=\"Redacci\u00f3n QP\" \/>\n<meta name=\"twitter:card\" content=\"summary_large_image\" \/>\n<meta name=\"twitter:label1\" content=\"Escrito por\" \/>\n\t<meta name=\"twitter:data1\" content=\"Redacci\u00f3n QP\" \/>\n\t<meta name=\"twitter:label2\" content=\"Tiempo de lectura\" \/>\n\t<meta name=\"twitter:data2\" content=\"3 minutos\" \/>\n<script type=\"application\/ld+json\" class=\"yoast-schema-graph\">{\"@context\":\"https:\\\/\\\/schema.org\",\"@graph\":[{\"@type\":\"Article\",\"@id\":\"https:\\\/\\\/quehacerpolitico.mx\\\/?p=119789#article\",\"isPartOf\":{\"@id\":\"https:\\\/\\\/quehacerpolitico.mx\\\/?p=119789\"},\"author\":{\"name\":\"Redacci\u00f3n QP\",\"@id\":\"https:\\\/\\\/quehacerpolitico.mx\\\/#\\\/schema\\\/person\\\/496d8ad2d1d3f8036101dca7ee39e585\"},\"headline\":\"El Quehacer Pol\u00edtico en la Cultura a trav\u00e9s del Enfoque\\\/\\\/\\\/Litza Deniss Dur\u00e1n Espinosa\\\/\\\/\\\/PARA CONSTRUIR ENTORNOS DE PAZ EN CLAVE COMUNITARIA, LLEGA CULTIVARIO\",\"datePublished\":\"2025-10-17T03:35:57+00:00\",\"dateModified\":\"2025-10-17T03:35:59+00:00\",\"mainEntityOfPage\":{\"@id\":\"https:\\\/\\\/quehacerpolitico.mx\\\/?p=119789\"},\"wordCount\":665,\"commentCount\":0,\"image\":{\"@id\":\"https:\\\/\\\/quehacerpolitico.mx\\\/?p=119789#primaryimage\"},\"thumbnailUrl\":\"https:\\\/\\\/quehacerpolitico.mx\\\/wp-content\\\/uploads\\\/2025\\\/10\\\/IMG_4400.jpeg\",\"articleSection\":[\"Cultura y Entretenimiento\"],\"inLanguage\":\"es\",\"potentialAction\":[{\"@type\":\"CommentAction\",\"name\":\"Comment\",\"target\":[\"https:\\\/\\\/quehacerpolitico.mx\\\/?p=119789#respond\"]}]},{\"@type\":\"WebPage\",\"@id\":\"https:\\\/\\\/quehacerpolitico.mx\\\/?p=119789\",\"url\":\"https:\\\/\\\/quehacerpolitico.mx\\\/?p=119789\",\"name\":\"El Quehacer Pol\u00edtico en la Cultura a trav\u00e9s del Enfoque\\\/\\\/\\\/Litza Deniss Dur\u00e1n Espinosa\\\/\\\/\\\/PARA CONSTRUIR ENTORNOS DE PAZ EN CLAVE COMUNITARIA, LLEGA CULTIVARIO -\",\"isPartOf\":{\"@id\":\"https:\\\/\\\/quehacerpolitico.mx\\\/#website\"},\"primaryImageOfPage\":{\"@id\":\"https:\\\/\\\/quehacerpolitico.mx\\\/?p=119789#primaryimage\"},\"image\":{\"@id\":\"https:\\\/\\\/quehacerpolitico.mx\\\/?p=119789#primaryimage\"},\"thumbnailUrl\":\"https:\\\/\\\/quehacerpolitico.mx\\\/wp-content\\\/uploads\\\/2025\\\/10\\\/IMG_4400.jpeg\",\"datePublished\":\"2025-10-17T03:35:57+00:00\",\"dateModified\":\"2025-10-17T03:35:59+00:00\",\"author\":{\"@id\":\"https:\\\/\\\/quehacerpolitico.mx\\\/#\\\/schema\\\/person\\\/496d8ad2d1d3f8036101dca7ee39e585\"},\"breadcrumb\":{\"@id\":\"https:\\\/\\\/quehacerpolitico.mx\\\/?p=119789#breadcrumb\"},\"inLanguage\":\"es\",\"potentialAction\":[{\"@type\":\"ReadAction\",\"target\":[\"https:\\\/\\\/quehacerpolitico.mx\\\/?p=119789\"]}]},{\"@type\":\"ImageObject\",\"inLanguage\":\"es\",\"@id\":\"https:\\\/\\\/quehacerpolitico.mx\\\/?p=119789#primaryimage\",\"url\":\"https:\\\/\\\/quehacerpolitico.mx\\\/wp-content\\\/uploads\\\/2025\\\/10\\\/IMG_4400.jpeg\",\"contentUrl\":\"https:\\\/\\\/quehacerpolitico.mx\\\/wp-content\\\/uploads\\\/2025\\\/10\\\/IMG_4400.jpeg\",\"width\":1330,\"height\":712},{\"@type\":\"BreadcrumbList\",\"@id\":\"https:\\\/\\\/quehacerpolitico.mx\\\/?p=119789#breadcrumb\",\"itemListElement\":[{\"@type\":\"ListItem\",\"position\":1,\"name\":\"Inicio\",\"item\":\"https:\\\/\\\/quehacerpolitico.mx\\\/\"},{\"@type\":\"ListItem\",\"position\":2,\"name\":\"El Quehacer Pol\u00edtico en la Cultura a trav\u00e9s del Enfoque\\\/\\\/\\\/Litza Deniss Dur\u00e1n Espinosa\\\/\\\/\\\/PARA CONSTRUIR ENTORNOS DE PAZ EN CLAVE COMUNITARIA, LLEGA CULTIVARIO\"}]},{\"@type\":\"WebSite\",\"@id\":\"https:\\\/\\\/quehacerpolitico.mx\\\/#website\",\"url\":\"https:\\\/\\\/quehacerpolitico.mx\\\/\",\"name\":\"\",\"description\":\"\",\"potentialAction\":[{\"@type\":\"SearchAction\",\"target\":{\"@type\":\"EntryPoint\",\"urlTemplate\":\"https:\\\/\\\/quehacerpolitico.mx\\\/?s={search_term_string}\"},\"query-input\":{\"@type\":\"PropertyValueSpecification\",\"valueRequired\":true,\"valueName\":\"search_term_string\"}}],\"inLanguage\":\"es\"},{\"@type\":\"Person\",\"@id\":\"https:\\\/\\\/quehacerpolitico.mx\\\/#\\\/schema\\\/person\\\/496d8ad2d1d3f8036101dca7ee39e585\",\"name\":\"Redacci\u00f3n QP\",\"image\":{\"@type\":\"ImageObject\",\"inLanguage\":\"es\",\"@id\":\"https:\\\/\\\/secure.gravatar.com\\\/avatar\\\/c7164ed6fdec453195284ad24a5ae5b6e1eed2b848477fa2a4787ba9adf39a41?s=96&d=mm&r=g\",\"url\":\"https:\\\/\\\/secure.gravatar.com\\\/avatar\\\/c7164ed6fdec453195284ad24a5ae5b6e1eed2b848477fa2a4787ba9adf39a41?s=96&d=mm&r=g\",\"contentUrl\":\"https:\\\/\\\/secure.gravatar.com\\\/avatar\\\/c7164ed6fdec453195284ad24a5ae5b6e1eed2b848477fa2a4787ba9adf39a41?s=96&d=mm&r=g\",\"caption\":\"Redacci\u00f3n QP\"},\"url\":\"https:\\\/\\\/quehacerpolitico.mx\\\/?author=2\"}]}<\/script>\n<!-- \/ Yoast SEO plugin. -->","yoast_head_json":{"title":"El Quehacer Pol\u00edtico en la Cultura a trav\u00e9s del Enfoque\/\/\/Litza Deniss Dur\u00e1n Espinosa\/\/\/PARA CONSTRUIR ENTORNOS DE PAZ EN CLAVE COMUNITARIA, LLEGA CULTIVARIO -","robots":{"index":"index","follow":"follow","max-snippet":"max-snippet:-1","max-image-preview":"max-image-preview:large","max-video-preview":"max-video-preview:-1"},"canonical":"https:\/\/quehacerpolitico.mx\/?p=119789","og_locale":"es_MX","og_type":"article","og_title":"El Quehacer Pol\u00edtico en la Cultura a trav\u00e9s del Enfoque\/\/\/Litza Deniss Dur\u00e1n Espinosa\/\/\/PARA CONSTRUIR ENTORNOS DE PAZ EN CLAVE COMUNITARIA, LLEGA CULTIVARIO -","og_description":"Por Litza Deniss Dur\u00e1n Espinosa","og_url":"https:\/\/quehacerpolitico.mx\/?p=119789","article_published_time":"2025-10-17T03:35:57+00:00","article_modified_time":"2025-10-17T03:35:59+00:00","og_image":[{"width":1330,"height":712,"url":"https:\/\/quehacerpolitico.mx\/wp-content\/uploads\/2025\/10\/IMG_4400.jpeg","type":"image\/jpeg"}],"author":"Redacci\u00f3n QP","twitter_card":"summary_large_image","twitter_misc":{"Escrito por":"Redacci\u00f3n QP","Tiempo de lectura":"3 minutos"},"schema":{"@context":"https:\/\/schema.org","@graph":[{"@type":"Article","@id":"https:\/\/quehacerpolitico.mx\/?p=119789#article","isPartOf":{"@id":"https:\/\/quehacerpolitico.mx\/?p=119789"},"author":{"name":"Redacci\u00f3n QP","@id":"https:\/\/quehacerpolitico.mx\/#\/schema\/person\/496d8ad2d1d3f8036101dca7ee39e585"},"headline":"El Quehacer Pol\u00edtico en la Cultura a trav\u00e9s del Enfoque\/\/\/Litza Deniss Dur\u00e1n Espinosa\/\/\/PARA CONSTRUIR ENTORNOS DE PAZ EN CLAVE COMUNITARIA, LLEGA CULTIVARIO","datePublished":"2025-10-17T03:35:57+00:00","dateModified":"2025-10-17T03:35:59+00:00","mainEntityOfPage":{"@id":"https:\/\/quehacerpolitico.mx\/?p=119789"},"wordCount":665,"commentCount":0,"image":{"@id":"https:\/\/quehacerpolitico.mx\/?p=119789#primaryimage"},"thumbnailUrl":"https:\/\/quehacerpolitico.mx\/wp-content\/uploads\/2025\/10\/IMG_4400.jpeg","articleSection":["Cultura y Entretenimiento"],"inLanguage":"es","potentialAction":[{"@type":"CommentAction","name":"Comment","target":["https:\/\/quehacerpolitico.mx\/?p=119789#respond"]}]},{"@type":"WebPage","@id":"https:\/\/quehacerpolitico.mx\/?p=119789","url":"https:\/\/quehacerpolitico.mx\/?p=119789","name":"El Quehacer Pol\u00edtico en la Cultura a trav\u00e9s del Enfoque\/\/\/Litza Deniss Dur\u00e1n Espinosa\/\/\/PARA CONSTRUIR ENTORNOS DE PAZ EN CLAVE COMUNITARIA, LLEGA CULTIVARIO -","isPartOf":{"@id":"https:\/\/quehacerpolitico.mx\/#website"},"primaryImageOfPage":{"@id":"https:\/\/quehacerpolitico.mx\/?p=119789#primaryimage"},"image":{"@id":"https:\/\/quehacerpolitico.mx\/?p=119789#primaryimage"},"thumbnailUrl":"https:\/\/quehacerpolitico.mx\/wp-content\/uploads\/2025\/10\/IMG_4400.jpeg","datePublished":"2025-10-17T03:35:57+00:00","dateModified":"2025-10-17T03:35:59+00:00","author":{"@id":"https:\/\/quehacerpolitico.mx\/#\/schema\/person\/496d8ad2d1d3f8036101dca7ee39e585"},"breadcrumb":{"@id":"https:\/\/quehacerpolitico.mx\/?p=119789#breadcrumb"},"inLanguage":"es","potentialAction":[{"@type":"ReadAction","target":["https:\/\/quehacerpolitico.mx\/?p=119789"]}]},{"@type":"ImageObject","inLanguage":"es","@id":"https:\/\/quehacerpolitico.mx\/?p=119789#primaryimage","url":"https:\/\/quehacerpolitico.mx\/wp-content\/uploads\/2025\/10\/IMG_4400.jpeg","contentUrl":"https:\/\/quehacerpolitico.mx\/wp-content\/uploads\/2025\/10\/IMG_4400.jpeg","width":1330,"height":712},{"@type":"BreadcrumbList","@id":"https:\/\/quehacerpolitico.mx\/?p=119789#breadcrumb","itemListElement":[{"@type":"ListItem","position":1,"name":"Inicio","item":"https:\/\/quehacerpolitico.mx\/"},{"@type":"ListItem","position":2,"name":"El Quehacer Pol\u00edtico en la Cultura a trav\u00e9s del Enfoque\/\/\/Litza Deniss Dur\u00e1n Espinosa\/\/\/PARA CONSTRUIR ENTORNOS DE PAZ EN CLAVE COMUNITARIA, LLEGA CULTIVARIO"}]},{"@type":"WebSite","@id":"https:\/\/quehacerpolitico.mx\/#website","url":"https:\/\/quehacerpolitico.mx\/","name":"","description":"","potentialAction":[{"@type":"SearchAction","target":{"@type":"EntryPoint","urlTemplate":"https:\/\/quehacerpolitico.mx\/?s={search_term_string}"},"query-input":{"@type":"PropertyValueSpecification","valueRequired":true,"valueName":"search_term_string"}}],"inLanguage":"es"},{"@type":"Person","@id":"https:\/\/quehacerpolitico.mx\/#\/schema\/person\/496d8ad2d1d3f8036101dca7ee39e585","name":"Redacci\u00f3n QP","image":{"@type":"ImageObject","inLanguage":"es","@id":"https:\/\/secure.gravatar.com\/avatar\/c7164ed6fdec453195284ad24a5ae5b6e1eed2b848477fa2a4787ba9adf39a41?s=96&d=mm&r=g","url":"https:\/\/secure.gravatar.com\/avatar\/c7164ed6fdec453195284ad24a5ae5b6e1eed2b848477fa2a4787ba9adf39a41?s=96&d=mm&r=g","contentUrl":"https:\/\/secure.gravatar.com\/avatar\/c7164ed6fdec453195284ad24a5ae5b6e1eed2b848477fa2a4787ba9adf39a41?s=96&d=mm&r=g","caption":"Redacci\u00f3n QP"},"url":"https:\/\/quehacerpolitico.mx\/?author=2"}]}},"featured_image_urls":{"full":["https:\/\/quehacerpolitico.mx\/wp-content\/uploads\/2025\/10\/IMG_4400.jpeg",1330,712,false],"thumbnail":["https:\/\/quehacerpolitico.mx\/wp-content\/uploads\/2025\/10\/IMG_4400-150x150.jpeg",150,150,true],"medium":["https:\/\/quehacerpolitico.mx\/wp-content\/uploads\/2025\/10\/IMG_4400-300x161.jpeg",300,161,true],"medium_large":["https:\/\/quehacerpolitico.mx\/wp-content\/uploads\/2025\/10\/IMG_4400-768x411.jpeg",640,343,true],"large":["https:\/\/quehacerpolitico.mx\/wp-content\/uploads\/2025\/10\/IMG_4400-1024x548.jpeg",640,343,true],"1536x1536":["https:\/\/quehacerpolitico.mx\/wp-content\/uploads\/2025\/10\/IMG_4400.jpeg",1330,712,false],"2048x2048":["https:\/\/quehacerpolitico.mx\/wp-content\/uploads\/2025\/10\/IMG_4400.jpeg",1330,712,false],"covernews-featured":["https:\/\/quehacerpolitico.mx\/wp-content\/uploads\/2025\/10\/IMG_4400-1024x548.jpeg",1024,548,true],"covernews-medium":["https:\/\/quehacerpolitico.mx\/wp-content\/uploads\/2025\/10\/IMG_4400-540x340.jpeg",540,340,true]},"author_info":{"display_name":"Redacci\u00f3n QP","author_link":"https:\/\/quehacerpolitico.mx\/?author=2"},"category_info":"<a href=\"https:\/\/quehacerpolitico.mx\/?cat=58\" rel=\"category\">Cultura y Entretenimiento<\/a>","tag_info":"Cultura y Entretenimiento","comment_count":"0","_links":{"self":[{"href":"https:\/\/quehacerpolitico.mx\/index.php?rest_route=\/wp\/v2\/posts\/119789","targetHints":{"allow":["GET"]}}],"collection":[{"href":"https:\/\/quehacerpolitico.mx\/index.php?rest_route=\/wp\/v2\/posts"}],"about":[{"href":"https:\/\/quehacerpolitico.mx\/index.php?rest_route=\/wp\/v2\/types\/post"}],"author":[{"embeddable":true,"href":"https:\/\/quehacerpolitico.mx\/index.php?rest_route=\/wp\/v2\/users\/2"}],"replies":[{"embeddable":true,"href":"https:\/\/quehacerpolitico.mx\/index.php?rest_route=%2Fwp%2Fv2%2Fcomments&post=119789"}],"version-history":[{"count":1,"href":"https:\/\/quehacerpolitico.mx\/index.php?rest_route=\/wp\/v2\/posts\/119789\/revisions"}],"predecessor-version":[{"id":119796,"href":"https:\/\/quehacerpolitico.mx\/index.php?rest_route=\/wp\/v2\/posts\/119789\/revisions\/119796"}],"wp:featuredmedia":[{"embeddable":true,"href":"https:\/\/quehacerpolitico.mx\/index.php?rest_route=\/wp\/v2\/media\/119790"}],"wp:attachment":[{"href":"https:\/\/quehacerpolitico.mx\/index.php?rest_route=%2Fwp%2Fv2%2Fmedia&parent=119789"}],"wp:term":[{"taxonomy":"category","embeddable":true,"href":"https:\/\/quehacerpolitico.mx\/index.php?rest_route=%2Fwp%2Fv2%2Fcategories&post=119789"},{"taxonomy":"post_tag","embeddable":true,"href":"https:\/\/quehacerpolitico.mx\/index.php?rest_route=%2Fwp%2Fv2%2Ftags&post=119789"}],"curies":[{"name":"wp","href":"https:\/\/api.w.org\/{rel}","templated":true}]}}