{"id":119216,"date":"2025-09-24T10:17:43","date_gmt":"2025-09-24T16:17:43","guid":{"rendered":"https:\/\/quehacerpolitico.mx\/?p=119216"},"modified":"2025-09-24T10:17:46","modified_gmt":"2025-09-24T16:17:46","slug":"el-quehacer-politico-en-la-cultura-a-traves-del-enfoque-litza-deniss-dura-espinosa-arrancan-las-brigadas-de-salud-comunitaria-en-semilleros-creativos-de-la-ninez-indigena","status":"publish","type":"post","link":"https:\/\/quehacerpolitico.mx\/?p=119216","title":{"rendered":"El Quehacer Pol\u00edtico en la Cultura a trav\u00e9s del enfoque\/\/\/Litza Deniss Dura Espinosa\/\/\/ARRANCAN LAS BRIGADAS DE SALUD COMUNITARIA EN SEMILLEROS CREATIVOS DE LA NI\u00d1EZ IND\u00cdGENA"},"content":{"rendered":"\n<p>Por Litza Deniss Dur\u00e1n Espinosa<\/p>\n\n\n\n<ul class=\"wp-block-list\">\n<li><strong>Participan la Secretar\u00eda de Cultura del Gobierno de M\u00e9xico, el IMSS Bienestar y el Instituto Nacional de los Pueblos Ind\u00edgenas<\/strong><\/li>\n\n\n\n<li><strong>Forman parte de las acciones de atenci\u00f3n y cuidado integral en favor de infancias y juventudes\u00a0<\/strong><\/li>\n\n\n\n<li><strong>M\u00e1s de mil quinientas ni\u00f1as, ni\u00f1os y j\u00f3venes se beneficiar\u00e1n durante la primera etapa<\/strong><\/li>\n<\/ul>\n\n\n\n<p>Con la atenci\u00f3n de 54 ni\u00f1as, ni\u00f1os y j\u00f3venes del Semillero Creativo de Coro, ubicado en el Comedor Escolar de la Ni\u00f1ez Ind\u00edgena Na Joos Ga Jyasu, ubicado en la comunidad ind\u00edgena de San Onofre Ejido, municipio de San Jos\u00e9 del Rinc\u00f3n, Estado de M\u00e9xico, este viernes 19 de septiembre de 2025, iniciaron las acciones de las Brigadas de Salud Comunitaria, iniciativa que impulsan la Secretar\u00eda de Cultura del Gobierno de M\u00e9xico, a trav\u00e9s de la Direcci\u00f3n General de Vinculaci\u00f3n Cultural (DGVC) y el Sistema Nacional de Fomento Musical (SNFM); el IMSS Bienestar y el Instituto Nacional de los Pueblos Ind\u00edgenas (INPI).<\/p>\n\n\n\n<figure class=\"wp-block-gallery has-nested-images columns-default is-cropped wp-block-gallery-1 is-layout-flex wp-block-gallery-is-layout-flex\">\n<figure class=\"wp-block-image size-large\"><img loading=\"lazy\" decoding=\"async\" width=\"1024\" height=\"682\" data-id=\"119217\" src=\"https:\/\/quehacerpolitico.mx\/wp-content\/uploads\/2025\/09\/IMG_3688-1024x682.jpeg\" alt=\"\" class=\"wp-image-119217\" srcset=\"https:\/\/quehacerpolitico.mx\/wp-content\/uploads\/2025\/09\/IMG_3688-1024x682.jpeg 1024w, https:\/\/quehacerpolitico.mx\/wp-content\/uploads\/2025\/09\/IMG_3688-300x200.jpeg 300w, https:\/\/quehacerpolitico.mx\/wp-content\/uploads\/2025\/09\/IMG_3688-768x512.jpeg 768w, https:\/\/quehacerpolitico.mx\/wp-content\/uploads\/2025\/09\/IMG_3688.jpeg 1280w\" sizes=\"auto, (max-width: 1024px) 100vw, 1024px\" \/><\/figure>\n\n\n\n<figure class=\"wp-block-image size-large\"><img loading=\"lazy\" decoding=\"async\" width=\"1024\" height=\"771\" data-id=\"119218\" src=\"https:\/\/quehacerpolitico.mx\/wp-content\/uploads\/2025\/09\/IMG_3689-1024x771.jpeg\" alt=\"\" class=\"wp-image-119218\" srcset=\"https:\/\/quehacerpolitico.mx\/wp-content\/uploads\/2025\/09\/IMG_3689-1024x771.jpeg 1024w, https:\/\/quehacerpolitico.mx\/wp-content\/uploads\/2025\/09\/IMG_3689-300x226.jpeg 300w, https:\/\/quehacerpolitico.mx\/wp-content\/uploads\/2025\/09\/IMG_3689-768x578.jpeg 768w, https:\/\/quehacerpolitico.mx\/wp-content\/uploads\/2025\/09\/IMG_3689-1536x1156.jpeg 1536w, https:\/\/quehacerpolitico.mx\/wp-content\/uploads\/2025\/09\/IMG_3689.jpeg 1600w\" sizes=\"auto, (max-width: 1024px) 100vw, 1024px\" \/><\/figure>\n\n\n\n<figure class=\"wp-block-image size-large\"><img loading=\"lazy\" decoding=\"async\" width=\"1024\" height=\"771\" data-id=\"119219\" src=\"https:\/\/quehacerpolitico.mx\/wp-content\/uploads\/2025\/09\/IMG_3690-1024x771.jpeg\" alt=\"\" class=\"wp-image-119219\" srcset=\"https:\/\/quehacerpolitico.mx\/wp-content\/uploads\/2025\/09\/IMG_3690-1024x771.jpeg 1024w, https:\/\/quehacerpolitico.mx\/wp-content\/uploads\/2025\/09\/IMG_3690-300x226.jpeg 300w, https:\/\/quehacerpolitico.mx\/wp-content\/uploads\/2025\/09\/IMG_3690-768x578.jpeg 768w, https:\/\/quehacerpolitico.mx\/wp-content\/uploads\/2025\/09\/IMG_3690-1536x1156.jpeg 1536w, https:\/\/quehacerpolitico.mx\/wp-content\/uploads\/2025\/09\/IMG_3690.jpeg 1600w\" sizes=\"auto, (max-width: 1024px) 100vw, 1024px\" \/><\/figure>\n\n\n\n<figure class=\"wp-block-image size-large\"><img loading=\"lazy\" decoding=\"async\" width=\"1024\" height=\"768\" data-id=\"119220\" src=\"https:\/\/quehacerpolitico.mx\/wp-content\/uploads\/2025\/09\/IMG_3691-1024x768.jpeg\" alt=\"\" class=\"wp-image-119220\" srcset=\"https:\/\/quehacerpolitico.mx\/wp-content\/uploads\/2025\/09\/IMG_3691-1024x768.jpeg 1024w, https:\/\/quehacerpolitico.mx\/wp-content\/uploads\/2025\/09\/IMG_3691-300x225.jpeg 300w, https:\/\/quehacerpolitico.mx\/wp-content\/uploads\/2025\/09\/IMG_3691-768x576.jpeg 768w, https:\/\/quehacerpolitico.mx\/wp-content\/uploads\/2025\/09\/IMG_3691-1536x1152.jpeg 1536w, https:\/\/quehacerpolitico.mx\/wp-content\/uploads\/2025\/09\/IMG_3691.jpeg 1600w\" sizes=\"auto, (max-width: 1024px) 100vw, 1024px\" \/><\/figure>\n<\/figure>\n\n\n\n<p>Las Brigadas forman parte de los planes de atenci\u00f3n integral y cuidados colectivos que impulsan los Semilleros Creativos, con el prop\u00f3sito de garantizar la salud f\u00edsica, emocional y mental de infancias y juventudes, mediante el fortalecimiento de sus derechos sociales, pol\u00edticos y culturales. El objetivo es generar entornos m\u00e1s seguros que favorezcan su desarrollo y participaci\u00f3n comunitaria.<\/p>\n\n\n\n<p>Tras una ceremonia tradicional a cargo de la comunidad mazahua de San Onofre Ejido, en la comunidad de San Jos\u00e9 del Rinc\u00f3n, arranc\u00f3 la primera etapa de la estrategia de vinculaci\u00f3n interinstitucional, en la que m\u00e1s de 35 brigadas que se conforman por personal m\u00e9dico y de enfermer\u00eda visitar\u00e1n las Casas de<\/p>\n\n\n\n<p>la Ni\u00f1ez Ind\u00edgena de los estados de Guerrero, Michoac\u00e1n, Oaxaca, Veracruz, Puebla, Estado de M\u00e9xico e Hidalgo, para realizar acciones de promoci\u00f3n de la salud, prevenci\u00f3n de enfermedades y fomento de h\u00e1bitos de vida saludable.<\/p>\n\n\n\n<p>En el acto, el director general de Vinculaci\u00f3n Cultural, Diego Ra\u00fal Mart\u00ednez Garc\u00eda, se\u00f1al\u00f3: \u201cEs parte de un convenio de colaboraci\u00f3n, entre la Secretar\u00eda de Cultura y el Instituto Nacional de los Pueblos Ind\u00edgenas para poder colocar 100 Semilleros Creativos a lo largo de la Rep\u00fablica.&nbsp; Agradecemos la inclusi\u00f3n del IMSS Bienestar en este esfuerzo de coordinaci\u00f3n entre diferentes instancias de gobierno, secretar\u00edas y autoridades, porque este es el camino para mejorar y llevar a ni\u00f1as y ni\u00f1os un servicio tan importante como es el de la salud\u201d.<\/p>\n\n\n\n<figure class=\"wp-block-gallery has-nested-images columns-default is-cropped wp-block-gallery-2 is-layout-flex wp-block-gallery-is-layout-flex\">\n<figure class=\"wp-block-image size-large\"><img loading=\"lazy\" decoding=\"async\" width=\"768\" height=\"1024\" data-id=\"119221\" src=\"https:\/\/quehacerpolitico.mx\/wp-content\/uploads\/2025\/09\/IMG_3692-768x1024.jpeg\" alt=\"\" class=\"wp-image-119221\" srcset=\"https:\/\/quehacerpolitico.mx\/wp-content\/uploads\/2025\/09\/IMG_3692-768x1024.jpeg 768w, https:\/\/quehacerpolitico.mx\/wp-content\/uploads\/2025\/09\/IMG_3692-225x300.jpeg 225w, https:\/\/quehacerpolitico.mx\/wp-content\/uploads\/2025\/09\/IMG_3692-1152x1536.jpeg 1152w, https:\/\/quehacerpolitico.mx\/wp-content\/uploads\/2025\/09\/IMG_3692-1024x1365.jpeg 1024w, https:\/\/quehacerpolitico.mx\/wp-content\/uploads\/2025\/09\/IMG_3692.jpeg 1200w\" sizes=\"auto, (max-width: 768px) 100vw, 768px\" \/><\/figure>\n\n\n\n<figure class=\"wp-block-image size-large\"><img loading=\"lazy\" decoding=\"async\" width=\"1024\" height=\"768\" data-id=\"119222\" src=\"https:\/\/quehacerpolitico.mx\/wp-content\/uploads\/2025\/09\/IMG_3693-1024x768.jpeg\" alt=\"\" class=\"wp-image-119222\" srcset=\"https:\/\/quehacerpolitico.mx\/wp-content\/uploads\/2025\/09\/IMG_3693-1024x768.jpeg 1024w, https:\/\/quehacerpolitico.mx\/wp-content\/uploads\/2025\/09\/IMG_3693-300x225.jpeg 300w, https:\/\/quehacerpolitico.mx\/wp-content\/uploads\/2025\/09\/IMG_3693-768x576.jpeg 768w, https:\/\/quehacerpolitico.mx\/wp-content\/uploads\/2025\/09\/IMG_3693-1536x1152.jpeg 1536w, https:\/\/quehacerpolitico.mx\/wp-content\/uploads\/2025\/09\/IMG_3693.jpeg 1600w\" sizes=\"auto, (max-width: 1024px) 100vw, 1024px\" \/><\/figure>\n\n\n\n<figure class=\"wp-block-image size-large\"><img loading=\"lazy\" decoding=\"async\" width=\"768\" height=\"1024\" data-id=\"119223\" src=\"https:\/\/quehacerpolitico.mx\/wp-content\/uploads\/2025\/09\/IMG_3694-768x1024.jpeg\" alt=\"\" class=\"wp-image-119223\" srcset=\"https:\/\/quehacerpolitico.mx\/wp-content\/uploads\/2025\/09\/IMG_3694-768x1024.jpeg 768w, https:\/\/quehacerpolitico.mx\/wp-content\/uploads\/2025\/09\/IMG_3694-225x300.jpeg 225w, https:\/\/quehacerpolitico.mx\/wp-content\/uploads\/2025\/09\/IMG_3694-1152x1536.jpeg 1152w, https:\/\/quehacerpolitico.mx\/wp-content\/uploads\/2025\/09\/IMG_3694-1024x1365.jpeg 1024w, https:\/\/quehacerpolitico.mx\/wp-content\/uploads\/2025\/09\/IMG_3694.jpeg 1200w\" sizes=\"auto, (max-width: 768px) 100vw, 768px\" \/><\/figure>\n\n\n\n<figure class=\"wp-block-image size-large\"><img loading=\"lazy\" decoding=\"async\" width=\"1024\" height=\"768\" data-id=\"119224\" src=\"https:\/\/quehacerpolitico.mx\/wp-content\/uploads\/2025\/09\/IMG_3695-1024x768.jpeg\" alt=\"\" class=\"wp-image-119224\" srcset=\"https:\/\/quehacerpolitico.mx\/wp-content\/uploads\/2025\/09\/IMG_3695-1024x768.jpeg 1024w, https:\/\/quehacerpolitico.mx\/wp-content\/uploads\/2025\/09\/IMG_3695-300x225.jpeg 300w, https:\/\/quehacerpolitico.mx\/wp-content\/uploads\/2025\/09\/IMG_3695-768x576.jpeg 768w, https:\/\/quehacerpolitico.mx\/wp-content\/uploads\/2025\/09\/IMG_3695-1536x1152.jpeg 1536w, https:\/\/quehacerpolitico.mx\/wp-content\/uploads\/2025\/09\/IMG_3695.jpeg 1600w\" sizes=\"auto, (max-width: 1024px) 100vw, 1024px\" \/><\/figure>\n<\/figure>\n\n\n\n<p>Por su parte, la titular de la Divisi\u00f3n de Gesti\u00f3n Social, Ver\u00f3nica Su\u00e1rez Rienda, en representaci\u00f3n del coordinador de Acci\u00f3n Comunitaria del IMSS Bienestar, Nemer Naime S\u00e1nchez-Henkel, destac\u00f3 que, como parte de las brigadas, \u201cel personal de salud brindar\u00e1 servicios m\u00e9dicos a ni\u00f1as, ni\u00f1os y adolescentes. Tambi\u00e9n incluir\u00e1n actividades educativas sobre higiene, alimentaci\u00f3n saludable, autocuidado y prevenci\u00f3n de la violencia, con el prop\u00f3sito de que ni\u00f1as, ni\u00f1os y adolescentes de estas comunidades desarrollen h\u00e1bitos que fortalezcan el cuidado de su cuerpo y mente\u201d.<\/p>\n\n\n\n<p>En su oportunidad, el director de Operaci\u00f3n de Casas, Comedores y Apoyos Complementarios del Programa de Apoyo a la Educaci\u00f3n Ind\u00edgena (PAEI), Juan Pedro Caballero Guti\u00e9rrez, puntualiz\u00f3: \u201cNo es solo un espacio donde vienen a consumir alimentos y a tener hospedaje, su objetivo principal es fortalecer la lengua, la cultura ind\u00edgena mediante diversas actividades cotidianas y preservar el patrimonio cultural tangible e intangible de las casas y comedores. Esto lo hacemos mediante los promotores de lengua y cultura\u201d.<\/p>\n\n\n\n<figure class=\"wp-block-gallery has-nested-images columns-default is-cropped wp-block-gallery-3 is-layout-flex wp-block-gallery-is-layout-flex\">\n<figure class=\"wp-block-image size-large\"><img loading=\"lazy\" decoding=\"async\" width=\"682\" height=\"1024\" data-id=\"119225\" src=\"https:\/\/quehacerpolitico.mx\/wp-content\/uploads\/2025\/09\/IMG_3696-682x1024.jpeg\" alt=\"\" class=\"wp-image-119225\" srcset=\"https:\/\/quehacerpolitico.mx\/wp-content\/uploads\/2025\/09\/IMG_3696-682x1024.jpeg 682w, https:\/\/quehacerpolitico.mx\/wp-content\/uploads\/2025\/09\/IMG_3696-200x300.jpeg 200w, https:\/\/quehacerpolitico.mx\/wp-content\/uploads\/2025\/09\/IMG_3696-768x1152.jpeg 768w, https:\/\/quehacerpolitico.mx\/wp-content\/uploads\/2025\/09\/IMG_3696.jpeg 853w\" sizes=\"auto, (max-width: 682px) 100vw, 682px\" \/><\/figure>\n\n\n\n<figure class=\"wp-block-image size-large\"><img loading=\"lazy\" decoding=\"async\" width=\"1024\" height=\"682\" data-id=\"119226\" src=\"https:\/\/quehacerpolitico.mx\/wp-content\/uploads\/2025\/09\/IMG_3697-1024x682.jpeg\" alt=\"\" class=\"wp-image-119226\" srcset=\"https:\/\/quehacerpolitico.mx\/wp-content\/uploads\/2025\/09\/IMG_3697-1024x682.jpeg 1024w, https:\/\/quehacerpolitico.mx\/wp-content\/uploads\/2025\/09\/IMG_3697-300x200.jpeg 300w, https:\/\/quehacerpolitico.mx\/wp-content\/uploads\/2025\/09\/IMG_3697-768x512.jpeg 768w, https:\/\/quehacerpolitico.mx\/wp-content\/uploads\/2025\/09\/IMG_3697.jpeg 1280w\" sizes=\"auto, (max-width: 1024px) 100vw, 1024px\" \/><\/figure>\n<\/figure>\n\n\n\n<p><strong>Hacia una atenci\u00f3n continua y preventiva<\/strong><\/p>\n\n\n\n<p>Se busca que con las Brigadas de Salud Comunitaria inicie un proceso de atenci\u00f3n m\u00e9dica continua, cuya segunda fase se orientar\u00e1 a sesiones educativas mensuales y al seguimiento de los padecimientos identificados, mediante consultas subsecuentes en las unidades de salud del IMSS Bienestar. Con beneficio a m\u00e1s de mil quinientas ni\u00f1as, ni\u00f1os y j\u00f3venes en Guerrero, Hidalgo, Michoac\u00e1n, Puebla, Oaxaca, Veracruz y Estado de M\u00e9xico.<\/p>\n\n\n\n<p>En la segunda etapa, se capacitar\u00e1 a las Promotor\u00edas de Lenguas y Culturas Ind\u00edgenas de Chihuahua, Durango, Guerrero, Estado de M\u00e9xico, Quer\u00e9taro, Guanajuato, Michoac\u00e1n, Puebla, Veracruz, Oaxaca, Jalisco, Hidalgo y&nbsp;San Luis Potos\u00ed en primeros auxilios psicol\u00f3gicos y en la detecci\u00f3n temprana de signos de alerta, con el prop\u00f3sito de fortalecer el acompa\u00f1amiento emocional y contribuir a la construcci\u00f3n de entornos seguros para ni\u00f1as, ni\u00f1os y j\u00f3venes.<\/p>\n","protected":false},"excerpt":{"rendered":"<p>Por Litza Deniss Dur\u00e1n Espinosa Con la atenci\u00f3n de 54 ni\u00f1as, ni\u00f1os y j\u00f3venes del&#8230;<\/p>\n","protected":false},"author":2,"featured_media":119227,"comment_status":"open","ping_status":"open","sticky":false,"template":"","format":"standard","meta":{"_monsterinsights_skip_tracking":false,"_monsterinsights_sitenote_active":false,"_monsterinsights_sitenote_note":"","_monsterinsights_sitenote_category":0,"footnotes":""},"categories":[58],"tags":[],"class_list":["post-119216","post","type-post","status-publish","format-standard","has-post-thumbnail","hentry","category-cultura"],"yoast_head":"<!-- This site is optimized with the Yoast SEO plugin v27.3 - https:\/\/yoast.com\/product\/yoast-seo-wordpress\/ -->\n<title>El Quehacer Pol\u00edtico en la Cultura a trav\u00e9s del enfoque\/\/\/Litza Deniss Dura Espinosa\/\/\/ARRANCAN LAS BRIGADAS DE SALUD COMUNITARIA EN SEMILLEROS CREATIVOS DE LA NI\u00d1EZ IND\u00cdGENA -<\/title>\n<meta name=\"robots\" content=\"index, follow, max-snippet:-1, max-image-preview:large, max-video-preview:-1\" \/>\n<link rel=\"canonical\" href=\"https:\/\/quehacerpolitico.mx\/?p=119216\" \/>\n<meta property=\"og:locale\" content=\"es_MX\" \/>\n<meta property=\"og:type\" content=\"article\" \/>\n<meta property=\"og:title\" content=\"El Quehacer Pol\u00edtico en la Cultura a trav\u00e9s del enfoque\/\/\/Litza Deniss Dura Espinosa\/\/\/ARRANCAN LAS BRIGADAS DE SALUD COMUNITARIA EN SEMILLEROS CREATIVOS DE LA NI\u00d1EZ IND\u00cdGENA -\" \/>\n<meta property=\"og:description\" content=\"Por Litza Deniss Dur\u00e1n Espinosa Con la atenci\u00f3n de 54 ni\u00f1as, ni\u00f1os y j\u00f3venes del...\" \/>\n<meta property=\"og:url\" content=\"https:\/\/quehacerpolitico.mx\/?p=119216\" \/>\n<meta property=\"article:published_time\" content=\"2025-09-24T16:17:43+00:00\" \/>\n<meta property=\"article:modified_time\" content=\"2025-09-24T16:17:46+00:00\" \/>\n<meta property=\"og:image\" content=\"https:\/\/quehacerpolitico.mx\/wp-content\/uploads\/2025\/09\/1f82780f-42aa-4c37-8ba4-0ba4279e0a43-2.jpeg\" \/>\n\t<meta property=\"og:image:width\" content=\"963\" \/>\n\t<meta property=\"og:image:height\" content=\"493\" \/>\n\t<meta property=\"og:image:type\" content=\"image\/jpeg\" \/>\n<meta name=\"author\" content=\"Redacci\u00f3n QP\" \/>\n<meta name=\"twitter:card\" content=\"summary_large_image\" \/>\n<meta name=\"twitter:label1\" content=\"Escrito por\" \/>\n\t<meta name=\"twitter:data1\" content=\"Redacci\u00f3n QP\" \/>\n\t<meta name=\"twitter:label2\" content=\"Tiempo de lectura\" \/>\n\t<meta name=\"twitter:data2\" content=\"4 minutos\" \/>\n<script type=\"application\/ld+json\" class=\"yoast-schema-graph\">{\"@context\":\"https:\\\/\\\/schema.org\",\"@graph\":[{\"@type\":\"Article\",\"@id\":\"https:\\\/\\\/quehacerpolitico.mx\\\/?p=119216#article\",\"isPartOf\":{\"@id\":\"https:\\\/\\\/quehacerpolitico.mx\\\/?p=119216\"},\"author\":{\"name\":\"Redacci\u00f3n QP\",\"@id\":\"https:\\\/\\\/quehacerpolitico.mx\\\/#\\\/schema\\\/person\\\/496d8ad2d1d3f8036101dca7ee39e585\"},\"headline\":\"El Quehacer Pol\u00edtico en la Cultura a trav\u00e9s del enfoque\\\/\\\/\\\/Litza Deniss Dura Espinosa\\\/\\\/\\\/ARRANCAN LAS BRIGADAS DE SALUD COMUNITARIA EN SEMILLEROS CREATIVOS DE LA NI\u00d1EZ IND\u00cdGENA\",\"datePublished\":\"2025-09-24T16:17:43+00:00\",\"dateModified\":\"2025-09-24T16:17:46+00:00\",\"mainEntityOfPage\":{\"@id\":\"https:\\\/\\\/quehacerpolitico.mx\\\/?p=119216\"},\"wordCount\":819,\"commentCount\":0,\"image\":{\"@id\":\"https:\\\/\\\/quehacerpolitico.mx\\\/?p=119216#primaryimage\"},\"thumbnailUrl\":\"https:\\\/\\\/quehacerpolitico.mx\\\/wp-content\\\/uploads\\\/2025\\\/09\\\/1f82780f-42aa-4c37-8ba4-0ba4279e0a43-2.jpeg\",\"articleSection\":[\"Cultura y Entretenimiento\"],\"inLanguage\":\"es\",\"potentialAction\":[{\"@type\":\"CommentAction\",\"name\":\"Comment\",\"target\":[\"https:\\\/\\\/quehacerpolitico.mx\\\/?p=119216#respond\"]}]},{\"@type\":\"WebPage\",\"@id\":\"https:\\\/\\\/quehacerpolitico.mx\\\/?p=119216\",\"url\":\"https:\\\/\\\/quehacerpolitico.mx\\\/?p=119216\",\"name\":\"El Quehacer Pol\u00edtico en la Cultura a trav\u00e9s del enfoque\\\/\\\/\\\/Litza Deniss Dura Espinosa\\\/\\\/\\\/ARRANCAN LAS BRIGADAS DE SALUD COMUNITARIA EN SEMILLEROS CREATIVOS DE LA NI\u00d1EZ IND\u00cdGENA -\",\"isPartOf\":{\"@id\":\"https:\\\/\\\/quehacerpolitico.mx\\\/#website\"},\"primaryImageOfPage\":{\"@id\":\"https:\\\/\\\/quehacerpolitico.mx\\\/?p=119216#primaryimage\"},\"image\":{\"@id\":\"https:\\\/\\\/quehacerpolitico.mx\\\/?p=119216#primaryimage\"},\"thumbnailUrl\":\"https:\\\/\\\/quehacerpolitico.mx\\\/wp-content\\\/uploads\\\/2025\\\/09\\\/1f82780f-42aa-4c37-8ba4-0ba4279e0a43-2.jpeg\",\"datePublished\":\"2025-09-24T16:17:43+00:00\",\"dateModified\":\"2025-09-24T16:17:46+00:00\",\"author\":{\"@id\":\"https:\\\/\\\/quehacerpolitico.mx\\\/#\\\/schema\\\/person\\\/496d8ad2d1d3f8036101dca7ee39e585\"},\"breadcrumb\":{\"@id\":\"https:\\\/\\\/quehacerpolitico.mx\\\/?p=119216#breadcrumb\"},\"inLanguage\":\"es\",\"potentialAction\":[{\"@type\":\"ReadAction\",\"target\":[\"https:\\\/\\\/quehacerpolitico.mx\\\/?p=119216\"]}]},{\"@type\":\"ImageObject\",\"inLanguage\":\"es\",\"@id\":\"https:\\\/\\\/quehacerpolitico.mx\\\/?p=119216#primaryimage\",\"url\":\"https:\\\/\\\/quehacerpolitico.mx\\\/wp-content\\\/uploads\\\/2025\\\/09\\\/1f82780f-42aa-4c37-8ba4-0ba4279e0a43-2.jpeg\",\"contentUrl\":\"https:\\\/\\\/quehacerpolitico.mx\\\/wp-content\\\/uploads\\\/2025\\\/09\\\/1f82780f-42aa-4c37-8ba4-0ba4279e0a43-2.jpeg\",\"width\":963,\"height\":493},{\"@type\":\"BreadcrumbList\",\"@id\":\"https:\\\/\\\/quehacerpolitico.mx\\\/?p=119216#breadcrumb\",\"itemListElement\":[{\"@type\":\"ListItem\",\"position\":1,\"name\":\"Inicio\",\"item\":\"https:\\\/\\\/quehacerpolitico.mx\\\/\"},{\"@type\":\"ListItem\",\"position\":2,\"name\":\"El Quehacer Pol\u00edtico en la Cultura a trav\u00e9s del enfoque\\\/\\\/\\\/Litza Deniss Dura Espinosa\\\/\\\/\\\/ARRANCAN LAS BRIGADAS DE SALUD COMUNITARIA EN SEMILLEROS CREATIVOS DE LA NI\u00d1EZ IND\u00cdGENA\"}]},{\"@type\":\"WebSite\",\"@id\":\"https:\\\/\\\/quehacerpolitico.mx\\\/#website\",\"url\":\"https:\\\/\\\/quehacerpolitico.mx\\\/\",\"name\":\"\",\"description\":\"\",\"potentialAction\":[{\"@type\":\"SearchAction\",\"target\":{\"@type\":\"EntryPoint\",\"urlTemplate\":\"https:\\\/\\\/quehacerpolitico.mx\\\/?s={search_term_string}\"},\"query-input\":{\"@type\":\"PropertyValueSpecification\",\"valueRequired\":true,\"valueName\":\"search_term_string\"}}],\"inLanguage\":\"es\"},{\"@type\":\"Person\",\"@id\":\"https:\\\/\\\/quehacerpolitico.mx\\\/#\\\/schema\\\/person\\\/496d8ad2d1d3f8036101dca7ee39e585\",\"name\":\"Redacci\u00f3n QP\",\"image\":{\"@type\":\"ImageObject\",\"inLanguage\":\"es\",\"@id\":\"https:\\\/\\\/secure.gravatar.com\\\/avatar\\\/c7164ed6fdec453195284ad24a5ae5b6e1eed2b848477fa2a4787ba9adf39a41?s=96&d=mm&r=g\",\"url\":\"https:\\\/\\\/secure.gravatar.com\\\/avatar\\\/c7164ed6fdec453195284ad24a5ae5b6e1eed2b848477fa2a4787ba9adf39a41?s=96&d=mm&r=g\",\"contentUrl\":\"https:\\\/\\\/secure.gravatar.com\\\/avatar\\\/c7164ed6fdec453195284ad24a5ae5b6e1eed2b848477fa2a4787ba9adf39a41?s=96&d=mm&r=g\",\"caption\":\"Redacci\u00f3n QP\"},\"url\":\"https:\\\/\\\/quehacerpolitico.mx\\\/?author=2\"}]}<\/script>\n<!-- \/ Yoast SEO plugin. -->","yoast_head_json":{"title":"El Quehacer Pol\u00edtico en la Cultura a trav\u00e9s del enfoque\/\/\/Litza Deniss Dura Espinosa\/\/\/ARRANCAN LAS BRIGADAS DE SALUD COMUNITARIA EN SEMILLEROS CREATIVOS DE LA NI\u00d1EZ IND\u00cdGENA -","robots":{"index":"index","follow":"follow","max-snippet":"max-snippet:-1","max-image-preview":"max-image-preview:large","max-video-preview":"max-video-preview:-1"},"canonical":"https:\/\/quehacerpolitico.mx\/?p=119216","og_locale":"es_MX","og_type":"article","og_title":"El Quehacer Pol\u00edtico en la Cultura a trav\u00e9s del enfoque\/\/\/Litza Deniss Dura Espinosa\/\/\/ARRANCAN LAS BRIGADAS DE SALUD COMUNITARIA EN SEMILLEROS CREATIVOS DE LA NI\u00d1EZ IND\u00cdGENA -","og_description":"Por Litza Deniss Dur\u00e1n Espinosa Con la atenci\u00f3n de 54 ni\u00f1as, ni\u00f1os y j\u00f3venes del...","og_url":"https:\/\/quehacerpolitico.mx\/?p=119216","article_published_time":"2025-09-24T16:17:43+00:00","article_modified_time":"2025-09-24T16:17:46+00:00","og_image":[{"width":963,"height":493,"url":"https:\/\/quehacerpolitico.mx\/wp-content\/uploads\/2025\/09\/1f82780f-42aa-4c37-8ba4-0ba4279e0a43-2.jpeg","type":"image\/jpeg"}],"author":"Redacci\u00f3n QP","twitter_card":"summary_large_image","twitter_misc":{"Escrito por":"Redacci\u00f3n QP","Tiempo de lectura":"4 minutos"},"schema":{"@context":"https:\/\/schema.org","@graph":[{"@type":"Article","@id":"https:\/\/quehacerpolitico.mx\/?p=119216#article","isPartOf":{"@id":"https:\/\/quehacerpolitico.mx\/?p=119216"},"author":{"name":"Redacci\u00f3n QP","@id":"https:\/\/quehacerpolitico.mx\/#\/schema\/person\/496d8ad2d1d3f8036101dca7ee39e585"},"headline":"El Quehacer Pol\u00edtico en la Cultura a trav\u00e9s del enfoque\/\/\/Litza Deniss Dura Espinosa\/\/\/ARRANCAN LAS BRIGADAS DE SALUD COMUNITARIA EN SEMILLEROS CREATIVOS DE LA NI\u00d1EZ IND\u00cdGENA","datePublished":"2025-09-24T16:17:43+00:00","dateModified":"2025-09-24T16:17:46+00:00","mainEntityOfPage":{"@id":"https:\/\/quehacerpolitico.mx\/?p=119216"},"wordCount":819,"commentCount":0,"image":{"@id":"https:\/\/quehacerpolitico.mx\/?p=119216#primaryimage"},"thumbnailUrl":"https:\/\/quehacerpolitico.mx\/wp-content\/uploads\/2025\/09\/1f82780f-42aa-4c37-8ba4-0ba4279e0a43-2.jpeg","articleSection":["Cultura y Entretenimiento"],"inLanguage":"es","potentialAction":[{"@type":"CommentAction","name":"Comment","target":["https:\/\/quehacerpolitico.mx\/?p=119216#respond"]}]},{"@type":"WebPage","@id":"https:\/\/quehacerpolitico.mx\/?p=119216","url":"https:\/\/quehacerpolitico.mx\/?p=119216","name":"El Quehacer Pol\u00edtico en la Cultura a trav\u00e9s del enfoque\/\/\/Litza Deniss Dura Espinosa\/\/\/ARRANCAN LAS BRIGADAS DE SALUD COMUNITARIA EN SEMILLEROS CREATIVOS DE LA NI\u00d1EZ IND\u00cdGENA -","isPartOf":{"@id":"https:\/\/quehacerpolitico.mx\/#website"},"primaryImageOfPage":{"@id":"https:\/\/quehacerpolitico.mx\/?p=119216#primaryimage"},"image":{"@id":"https:\/\/quehacerpolitico.mx\/?p=119216#primaryimage"},"thumbnailUrl":"https:\/\/quehacerpolitico.mx\/wp-content\/uploads\/2025\/09\/1f82780f-42aa-4c37-8ba4-0ba4279e0a43-2.jpeg","datePublished":"2025-09-24T16:17:43+00:00","dateModified":"2025-09-24T16:17:46+00:00","author":{"@id":"https:\/\/quehacerpolitico.mx\/#\/schema\/person\/496d8ad2d1d3f8036101dca7ee39e585"},"breadcrumb":{"@id":"https:\/\/quehacerpolitico.mx\/?p=119216#breadcrumb"},"inLanguage":"es","potentialAction":[{"@type":"ReadAction","target":["https:\/\/quehacerpolitico.mx\/?p=119216"]}]},{"@type":"ImageObject","inLanguage":"es","@id":"https:\/\/quehacerpolitico.mx\/?p=119216#primaryimage","url":"https:\/\/quehacerpolitico.mx\/wp-content\/uploads\/2025\/09\/1f82780f-42aa-4c37-8ba4-0ba4279e0a43-2.jpeg","contentUrl":"https:\/\/quehacerpolitico.mx\/wp-content\/uploads\/2025\/09\/1f82780f-42aa-4c37-8ba4-0ba4279e0a43-2.jpeg","width":963,"height":493},{"@type":"BreadcrumbList","@id":"https:\/\/quehacerpolitico.mx\/?p=119216#breadcrumb","itemListElement":[{"@type":"ListItem","position":1,"name":"Inicio","item":"https:\/\/quehacerpolitico.mx\/"},{"@type":"ListItem","position":2,"name":"El Quehacer Pol\u00edtico en la Cultura a trav\u00e9s del enfoque\/\/\/Litza Deniss Dura Espinosa\/\/\/ARRANCAN LAS BRIGADAS DE SALUD COMUNITARIA EN SEMILLEROS CREATIVOS DE LA NI\u00d1EZ IND\u00cdGENA"}]},{"@type":"WebSite","@id":"https:\/\/quehacerpolitico.mx\/#website","url":"https:\/\/quehacerpolitico.mx\/","name":"","description":"","potentialAction":[{"@type":"SearchAction","target":{"@type":"EntryPoint","urlTemplate":"https:\/\/quehacerpolitico.mx\/?s={search_term_string}"},"query-input":{"@type":"PropertyValueSpecification","valueRequired":true,"valueName":"search_term_string"}}],"inLanguage":"es"},{"@type":"Person","@id":"https:\/\/quehacerpolitico.mx\/#\/schema\/person\/496d8ad2d1d3f8036101dca7ee39e585","name":"Redacci\u00f3n QP","image":{"@type":"ImageObject","inLanguage":"es","@id":"https:\/\/secure.gravatar.com\/avatar\/c7164ed6fdec453195284ad24a5ae5b6e1eed2b848477fa2a4787ba9adf39a41?s=96&d=mm&r=g","url":"https:\/\/secure.gravatar.com\/avatar\/c7164ed6fdec453195284ad24a5ae5b6e1eed2b848477fa2a4787ba9adf39a41?s=96&d=mm&r=g","contentUrl":"https:\/\/secure.gravatar.com\/avatar\/c7164ed6fdec453195284ad24a5ae5b6e1eed2b848477fa2a4787ba9adf39a41?s=96&d=mm&r=g","caption":"Redacci\u00f3n QP"},"url":"https:\/\/quehacerpolitico.mx\/?author=2"}]}},"featured_image_urls":{"full":["https:\/\/quehacerpolitico.mx\/wp-content\/uploads\/2025\/09\/1f82780f-42aa-4c37-8ba4-0ba4279e0a43-2.jpeg",963,493,false],"thumbnail":["https:\/\/quehacerpolitico.mx\/wp-content\/uploads\/2025\/09\/1f82780f-42aa-4c37-8ba4-0ba4279e0a43-2-150x150.jpeg",150,150,true],"medium":["https:\/\/quehacerpolitico.mx\/wp-content\/uploads\/2025\/09\/1f82780f-42aa-4c37-8ba4-0ba4279e0a43-2-300x154.jpeg",300,154,true],"medium_large":["https:\/\/quehacerpolitico.mx\/wp-content\/uploads\/2025\/09\/1f82780f-42aa-4c37-8ba4-0ba4279e0a43-2-768x393.jpeg",640,328,true],"large":["https:\/\/quehacerpolitico.mx\/wp-content\/uploads\/2025\/09\/1f82780f-42aa-4c37-8ba4-0ba4279e0a43-2.jpeg",640,328,false],"1536x1536":["https:\/\/quehacerpolitico.mx\/wp-content\/uploads\/2025\/09\/1f82780f-42aa-4c37-8ba4-0ba4279e0a43-2.jpeg",963,493,false],"2048x2048":["https:\/\/quehacerpolitico.mx\/wp-content\/uploads\/2025\/09\/1f82780f-42aa-4c37-8ba4-0ba4279e0a43-2.jpeg",963,493,false],"covernews-featured":["https:\/\/quehacerpolitico.mx\/wp-content\/uploads\/2025\/09\/1f82780f-42aa-4c37-8ba4-0ba4279e0a43-2.jpeg",963,493,false],"covernews-medium":["https:\/\/quehacerpolitico.mx\/wp-content\/uploads\/2025\/09\/1f82780f-42aa-4c37-8ba4-0ba4279e0a43-2-540x340.jpeg",540,340,true]},"author_info":{"display_name":"Redacci\u00f3n QP","author_link":"https:\/\/quehacerpolitico.mx\/?author=2"},"category_info":"<a href=\"https:\/\/quehacerpolitico.mx\/?cat=58\" rel=\"category\">Cultura y Entretenimiento<\/a>","tag_info":"Cultura y Entretenimiento","comment_count":"0","_links":{"self":[{"href":"https:\/\/quehacerpolitico.mx\/index.php?rest_route=\/wp\/v2\/posts\/119216","targetHints":{"allow":["GET"]}}],"collection":[{"href":"https:\/\/quehacerpolitico.mx\/index.php?rest_route=\/wp\/v2\/posts"}],"about":[{"href":"https:\/\/quehacerpolitico.mx\/index.php?rest_route=\/wp\/v2\/types\/post"}],"author":[{"embeddable":true,"href":"https:\/\/quehacerpolitico.mx\/index.php?rest_route=\/wp\/v2\/users\/2"}],"replies":[{"embeddable":true,"href":"https:\/\/quehacerpolitico.mx\/index.php?rest_route=%2Fwp%2Fv2%2Fcomments&post=119216"}],"version-history":[{"count":1,"href":"https:\/\/quehacerpolitico.mx\/index.php?rest_route=\/wp\/v2\/posts\/119216\/revisions"}],"predecessor-version":[{"id":119228,"href":"https:\/\/quehacerpolitico.mx\/index.php?rest_route=\/wp\/v2\/posts\/119216\/revisions\/119228"}],"wp:featuredmedia":[{"embeddable":true,"href":"https:\/\/quehacerpolitico.mx\/index.php?rest_route=\/wp\/v2\/media\/119227"}],"wp:attachment":[{"href":"https:\/\/quehacerpolitico.mx\/index.php?rest_route=%2Fwp%2Fv2%2Fmedia&parent=119216"}],"wp:term":[{"taxonomy":"category","embeddable":true,"href":"https:\/\/quehacerpolitico.mx\/index.php?rest_route=%2Fwp%2Fv2%2Fcategories&post=119216"},{"taxonomy":"post_tag","embeddable":true,"href":"https:\/\/quehacerpolitico.mx\/index.php?rest_route=%2Fwp%2Fv2%2Ftags&post=119216"}],"curies":[{"name":"wp","href":"https:\/\/api.w.org\/{rel}","templated":true}]}}