{"id":119043,"date":"2025-09-11T09:22:17","date_gmt":"2025-09-11T15:22:17","guid":{"rendered":"https:\/\/quehacerpolitico.mx\/?p=119043"},"modified":"2025-09-11T09:22:19","modified_gmt":"2025-09-11T15:22:19","slug":"tragedia-en-cdmx-aumenta-a-seis-la-cifra-de-fallecidos-tras-la-explosion-en-calzada-zaragoza","status":"publish","type":"post","link":"https:\/\/quehacerpolitico.mx\/?p=119043","title":{"rendered":"Tragedia en CDMX: aumenta a seis la cifra de fallecidos tras la explosi\u00f3n en calzada Zaragoza"},"content":{"rendered":"\n<p>Por Redacci\u00f3n QP<\/p>\n\n\n\n<p>La secretaria de Protecci\u00f3n Civil capitalina indic\u00f3 que todav\u00eda hay 21 personas que se encuentran en estado cr\u00edtico<\/p>\n\n\n\n<p>La ma\u00f1ana de este jueves, las autoridades de la Ciudad de M\u00e9xico informaron que suman ya&nbsp;<strong>seis personas fallecidas&nbsp;<\/strong>por la explosi\u00f3n que se suscit\u00f3 en el Puente de la Concordia.&nbsp;<\/p>\n\n\n\n<p>As\u00ed mismo, en entrevista con medios nacionales, la secretaria de Protecci\u00f3n Civil capitalin<strong>a, Myriam Urz\u00faa,<\/strong>&nbsp;asegur\u00f3 que adem\u00e1s hay 21 personas que siguen en estado cr\u00edtico.<\/p>\n\n\n\n<p>&#8220;Lamentablemente, durante la noche tuvimos dos fallecidos m\u00e1s, estamos en seis fallecidos,\u00a0<strong>10 dados de alta<\/strong>\u00a0y tenemos todav\u00eda cerca de 21 personas en estado cr\u00edtico&#8221;, declar\u00f3 Myriam Urz\u00faa.<\/p>\n\n\n\n<p>Se espera que cerca de las 10:00 de la ma\u00f1ana la jefa de Gobierno,&nbsp;<strong>Clara Brugada,&nbsp;<\/strong>ofrezca una conferencia de prensa para dar una actualizaci\u00f3n de la situaci\u00f3n de las personas que a\u00fan siguen internadas, as\u00ed como de la reparaci\u00f3n del da\u00f1o que se le ofrecer\u00e1 a las v\u00edctimas de la explosi\u00f3n.<\/p>\n\n\n\n<p>El accidente ocurri\u00f3 este mi\u00e9rcoles 10 de septiembre en el Puente de la Concordia y la Calzada Ignacio Zaragoza, en el oriente de la capital, una zona de gran tr\u00e1nsito vehicular.<\/p>\n\n\n\n<p>Los hechos sucedieron&nbsp;alrededor de las 2:30 de la tarde&nbsp;provoc\u00f3 en los&nbsp;heridos, seg\u00fan las autoridades, quemaduras de segundo y tercer grado e intoxicaciones.<\/p>\n\n\n\n<p>La raz\u00f3n social identificada de la pipa involucrada es&nbsp;Transportadora Silza, S.A. de C.V., empresa que cuenta con permisos de transporte ante la Comisi\u00f3n Nacional de Energ\u00eda y que forma parte de Grupo Tomza.<\/p>\n\n\n\n<figure class=\"wp-block-gallery has-nested-images columns-default is-cropped wp-block-gallery-1 is-layout-flex wp-block-gallery-is-layout-flex\">\n<figure class=\"wp-block-image size-large\"><img loading=\"lazy\" decoding=\"async\" width=\"759\" height=\"1024\" data-id=\"119044\" src=\"https:\/\/quehacerpolitico.mx\/wp-content\/uploads\/2025\/09\/IMG_3420-759x1024.jpeg\" alt=\"\" class=\"wp-image-119044\" srcset=\"https:\/\/quehacerpolitico.mx\/wp-content\/uploads\/2025\/09\/IMG_3420-759x1024.jpeg 759w, https:\/\/quehacerpolitico.mx\/wp-content\/uploads\/2025\/09\/IMG_3420-223x300.jpeg 223w, https:\/\/quehacerpolitico.mx\/wp-content\/uploads\/2025\/09\/IMG_3420-768x1035.jpeg 768w, https:\/\/quehacerpolitico.mx\/wp-content\/uploads\/2025\/09\/IMG_3420-1024x1381.jpeg 1024w, https:\/\/quehacerpolitico.mx\/wp-content\/uploads\/2025\/09\/IMG_3420.jpeg 1114w\" sizes=\"auto, (max-width: 759px) 100vw, 759px\" \/><\/figure>\n\n\n\n<figure class=\"wp-block-image size-large\"><img loading=\"lazy\" decoding=\"async\" width=\"747\" height=\"1024\" data-id=\"119045\" src=\"https:\/\/quehacerpolitico.mx\/wp-content\/uploads\/2025\/09\/IMG_3419-747x1024.jpeg\" alt=\"\" class=\"wp-image-119045\" srcset=\"https:\/\/quehacerpolitico.mx\/wp-content\/uploads\/2025\/09\/IMG_3419-747x1024.jpeg 747w, https:\/\/quehacerpolitico.mx\/wp-content\/uploads\/2025\/09\/IMG_3419-219x300.jpeg 219w, https:\/\/quehacerpolitico.mx\/wp-content\/uploads\/2025\/09\/IMG_3419-768x1053.jpeg 768w, https:\/\/quehacerpolitico.mx\/wp-content\/uploads\/2025\/09\/IMG_3419-1120x1536.jpeg 1120w, https:\/\/quehacerpolitico.mx\/wp-content\/uploads\/2025\/09\/IMG_3419-1024x1405.jpeg 1024w, https:\/\/quehacerpolitico.mx\/wp-content\/uploads\/2025\/09\/IMG_3419.jpeg 1173w\" sizes=\"auto, (max-width: 747px) 100vw, 747px\" \/><\/figure>\n<\/figure>\n","protected":false},"excerpt":{"rendered":"<p>Por Redacci\u00f3n QP La secretaria de Protecci\u00f3n Civil capitalina indic\u00f3 que todav\u00eda hay 21 personas&#8230;<\/p>\n","protected":false},"author":2,"featured_media":119030,"comment_status":"open","ping_status":"open","sticky":false,"template":"","format":"standard","meta":{"_monsterinsights_skip_tracking":false,"_monsterinsights_sitenote_active":false,"_monsterinsights_sitenote_note":"","_monsterinsights_sitenote_category":0,"footnotes":""},"categories":[55],"tags":[],"class_list":["post-119043","post","type-post","status-publish","format-standard","has-post-thumbnail","hentry","category-cdmx"],"yoast_head":"<!-- This site is optimized with the Yoast SEO plugin v27.3 - https:\/\/yoast.com\/product\/yoast-seo-wordpress\/ -->\n<title>Tragedia en CDMX: aumenta a seis la cifra de fallecidos tras la explosi\u00f3n en calzada Zaragoza -<\/title>\n<meta name=\"robots\" content=\"index, follow, max-snippet:-1, max-image-preview:large, max-video-preview:-1\" \/>\n<link rel=\"canonical\" href=\"https:\/\/quehacerpolitico.mx\/?p=119043\" \/>\n<meta property=\"og:locale\" content=\"es_MX\" \/>\n<meta property=\"og:type\" content=\"article\" \/>\n<meta property=\"og:title\" content=\"Tragedia en CDMX: aumenta a seis la cifra de fallecidos tras la explosi\u00f3n en calzada Zaragoza -\" \/>\n<meta property=\"og:description\" content=\"Por Redacci\u00f3n QP La secretaria de Protecci\u00f3n Civil capitalina indic\u00f3 que todav\u00eda hay 21 personas...\" \/>\n<meta property=\"og:url\" content=\"https:\/\/quehacerpolitico.mx\/?p=119043\" \/>\n<meta property=\"article:published_time\" content=\"2025-09-11T15:22:17+00:00\" \/>\n<meta property=\"article:modified_time\" content=\"2025-09-11T15:22:19+00:00\" \/>\n<meta property=\"og:image\" content=\"https:\/\/quehacerpolitico.mx\/wp-content\/uploads\/2025\/09\/IMG_3405-1.jpeg\" \/>\n\t<meta property=\"og:image:width\" content=\"828\" \/>\n\t<meta property=\"og:image:height\" content=\"1086\" \/>\n\t<meta property=\"og:image:type\" content=\"image\/jpeg\" \/>\n<meta name=\"author\" content=\"Redacci\u00f3n QP\" \/>\n<meta name=\"twitter:card\" content=\"summary_large_image\" \/>\n<meta name=\"twitter:label1\" content=\"Escrito por\" \/>\n\t<meta name=\"twitter:data1\" content=\"Redacci\u00f3n QP\" \/>\n\t<meta name=\"twitter:label2\" content=\"Tiempo de lectura\" \/>\n\t<meta name=\"twitter:data2\" content=\"1 minuto\" \/>\n<script type=\"application\/ld+json\" class=\"yoast-schema-graph\">{\"@context\":\"https:\\\/\\\/schema.org\",\"@graph\":[{\"@type\":\"Article\",\"@id\":\"https:\\\/\\\/quehacerpolitico.mx\\\/?p=119043#article\",\"isPartOf\":{\"@id\":\"https:\\\/\\\/quehacerpolitico.mx\\\/?p=119043\"},\"author\":{\"name\":\"Redacci\u00f3n QP\",\"@id\":\"https:\\\/\\\/quehacerpolitico.mx\\\/#\\\/schema\\\/person\\\/496d8ad2d1d3f8036101dca7ee39e585\"},\"headline\":\"Tragedia en CDMX: aumenta a seis la cifra de fallecidos tras la explosi\u00f3n en calzada Zaragoza\",\"datePublished\":\"2025-09-11T15:22:17+00:00\",\"dateModified\":\"2025-09-11T15:22:19+00:00\",\"mainEntityOfPage\":{\"@id\":\"https:\\\/\\\/quehacerpolitico.mx\\\/?p=119043\"},\"wordCount\":300,\"commentCount\":0,\"image\":{\"@id\":\"https:\\\/\\\/quehacerpolitico.mx\\\/?p=119043#primaryimage\"},\"thumbnailUrl\":\"https:\\\/\\\/quehacerpolitico.mx\\\/wp-content\\\/uploads\\\/2025\\\/09\\\/IMG_3405-1.jpeg\",\"articleSection\":[\"CDMX\"],\"inLanguage\":\"es\",\"potentialAction\":[{\"@type\":\"CommentAction\",\"name\":\"Comment\",\"target\":[\"https:\\\/\\\/quehacerpolitico.mx\\\/?p=119043#respond\"]}]},{\"@type\":\"WebPage\",\"@id\":\"https:\\\/\\\/quehacerpolitico.mx\\\/?p=119043\",\"url\":\"https:\\\/\\\/quehacerpolitico.mx\\\/?p=119043\",\"name\":\"Tragedia en CDMX: aumenta a seis la cifra de fallecidos tras la explosi\u00f3n en calzada Zaragoza -\",\"isPartOf\":{\"@id\":\"https:\\\/\\\/quehacerpolitico.mx\\\/#website\"},\"primaryImageOfPage\":{\"@id\":\"https:\\\/\\\/quehacerpolitico.mx\\\/?p=119043#primaryimage\"},\"image\":{\"@id\":\"https:\\\/\\\/quehacerpolitico.mx\\\/?p=119043#primaryimage\"},\"thumbnailUrl\":\"https:\\\/\\\/quehacerpolitico.mx\\\/wp-content\\\/uploads\\\/2025\\\/09\\\/IMG_3405-1.jpeg\",\"datePublished\":\"2025-09-11T15:22:17+00:00\",\"dateModified\":\"2025-09-11T15:22:19+00:00\",\"author\":{\"@id\":\"https:\\\/\\\/quehacerpolitico.mx\\\/#\\\/schema\\\/person\\\/496d8ad2d1d3f8036101dca7ee39e585\"},\"breadcrumb\":{\"@id\":\"https:\\\/\\\/quehacerpolitico.mx\\\/?p=119043#breadcrumb\"},\"inLanguage\":\"es\",\"potentialAction\":[{\"@type\":\"ReadAction\",\"target\":[\"https:\\\/\\\/quehacerpolitico.mx\\\/?p=119043\"]}]},{\"@type\":\"ImageObject\",\"inLanguage\":\"es\",\"@id\":\"https:\\\/\\\/quehacerpolitico.mx\\\/?p=119043#primaryimage\",\"url\":\"https:\\\/\\\/quehacerpolitico.mx\\\/wp-content\\\/uploads\\\/2025\\\/09\\\/IMG_3405-1.jpeg\",\"contentUrl\":\"https:\\\/\\\/quehacerpolitico.mx\\\/wp-content\\\/uploads\\\/2025\\\/09\\\/IMG_3405-1.jpeg\",\"width\":828,\"height\":1086},{\"@type\":\"BreadcrumbList\",\"@id\":\"https:\\\/\\\/quehacerpolitico.mx\\\/?p=119043#breadcrumb\",\"itemListElement\":[{\"@type\":\"ListItem\",\"position\":1,\"name\":\"Inicio\",\"item\":\"https:\\\/\\\/quehacerpolitico.mx\\\/\"},{\"@type\":\"ListItem\",\"position\":2,\"name\":\"Tragedia en CDMX: aumenta a seis la cifra de fallecidos tras la explosi\u00f3n en calzada Zaragoza\"}]},{\"@type\":\"WebSite\",\"@id\":\"https:\\\/\\\/quehacerpolitico.mx\\\/#website\",\"url\":\"https:\\\/\\\/quehacerpolitico.mx\\\/\",\"name\":\"\",\"description\":\"\",\"potentialAction\":[{\"@type\":\"SearchAction\",\"target\":{\"@type\":\"EntryPoint\",\"urlTemplate\":\"https:\\\/\\\/quehacerpolitico.mx\\\/?s={search_term_string}\"},\"query-input\":{\"@type\":\"PropertyValueSpecification\",\"valueRequired\":true,\"valueName\":\"search_term_string\"}}],\"inLanguage\":\"es\"},{\"@type\":\"Person\",\"@id\":\"https:\\\/\\\/quehacerpolitico.mx\\\/#\\\/schema\\\/person\\\/496d8ad2d1d3f8036101dca7ee39e585\",\"name\":\"Redacci\u00f3n QP\",\"image\":{\"@type\":\"ImageObject\",\"inLanguage\":\"es\",\"@id\":\"https:\\\/\\\/secure.gravatar.com\\\/avatar\\\/c7164ed6fdec453195284ad24a5ae5b6e1eed2b848477fa2a4787ba9adf39a41?s=96&d=mm&r=g\",\"url\":\"https:\\\/\\\/secure.gravatar.com\\\/avatar\\\/c7164ed6fdec453195284ad24a5ae5b6e1eed2b848477fa2a4787ba9adf39a41?s=96&d=mm&r=g\",\"contentUrl\":\"https:\\\/\\\/secure.gravatar.com\\\/avatar\\\/c7164ed6fdec453195284ad24a5ae5b6e1eed2b848477fa2a4787ba9adf39a41?s=96&d=mm&r=g\",\"caption\":\"Redacci\u00f3n QP\"},\"url\":\"https:\\\/\\\/quehacerpolitico.mx\\\/?author=2\"}]}<\/script>\n<!-- \/ Yoast SEO plugin. -->","yoast_head_json":{"title":"Tragedia en CDMX: aumenta a seis la cifra de fallecidos tras la explosi\u00f3n en calzada Zaragoza -","robots":{"index":"index","follow":"follow","max-snippet":"max-snippet:-1","max-image-preview":"max-image-preview:large","max-video-preview":"max-video-preview:-1"},"canonical":"https:\/\/quehacerpolitico.mx\/?p=119043","og_locale":"es_MX","og_type":"article","og_title":"Tragedia en CDMX: aumenta a seis la cifra de fallecidos tras la explosi\u00f3n en calzada Zaragoza -","og_description":"Por Redacci\u00f3n QP La secretaria de Protecci\u00f3n Civil capitalina indic\u00f3 que todav\u00eda hay 21 personas...","og_url":"https:\/\/quehacerpolitico.mx\/?p=119043","article_published_time":"2025-09-11T15:22:17+00:00","article_modified_time":"2025-09-11T15:22:19+00:00","og_image":[{"width":828,"height":1086,"url":"https:\/\/quehacerpolitico.mx\/wp-content\/uploads\/2025\/09\/IMG_3405-1.jpeg","type":"image\/jpeg"}],"author":"Redacci\u00f3n QP","twitter_card":"summary_large_image","twitter_misc":{"Escrito por":"Redacci\u00f3n QP","Tiempo de lectura":"1 minuto"},"schema":{"@context":"https:\/\/schema.org","@graph":[{"@type":"Article","@id":"https:\/\/quehacerpolitico.mx\/?p=119043#article","isPartOf":{"@id":"https:\/\/quehacerpolitico.mx\/?p=119043"},"author":{"name":"Redacci\u00f3n QP","@id":"https:\/\/quehacerpolitico.mx\/#\/schema\/person\/496d8ad2d1d3f8036101dca7ee39e585"},"headline":"Tragedia en CDMX: aumenta a seis la cifra de fallecidos tras la explosi\u00f3n en calzada Zaragoza","datePublished":"2025-09-11T15:22:17+00:00","dateModified":"2025-09-11T15:22:19+00:00","mainEntityOfPage":{"@id":"https:\/\/quehacerpolitico.mx\/?p=119043"},"wordCount":300,"commentCount":0,"image":{"@id":"https:\/\/quehacerpolitico.mx\/?p=119043#primaryimage"},"thumbnailUrl":"https:\/\/quehacerpolitico.mx\/wp-content\/uploads\/2025\/09\/IMG_3405-1.jpeg","articleSection":["CDMX"],"inLanguage":"es","potentialAction":[{"@type":"CommentAction","name":"Comment","target":["https:\/\/quehacerpolitico.mx\/?p=119043#respond"]}]},{"@type":"WebPage","@id":"https:\/\/quehacerpolitico.mx\/?p=119043","url":"https:\/\/quehacerpolitico.mx\/?p=119043","name":"Tragedia en CDMX: aumenta a seis la cifra de fallecidos tras la explosi\u00f3n en calzada Zaragoza -","isPartOf":{"@id":"https:\/\/quehacerpolitico.mx\/#website"},"primaryImageOfPage":{"@id":"https:\/\/quehacerpolitico.mx\/?p=119043#primaryimage"},"image":{"@id":"https:\/\/quehacerpolitico.mx\/?p=119043#primaryimage"},"thumbnailUrl":"https:\/\/quehacerpolitico.mx\/wp-content\/uploads\/2025\/09\/IMG_3405-1.jpeg","datePublished":"2025-09-11T15:22:17+00:00","dateModified":"2025-09-11T15:22:19+00:00","author":{"@id":"https:\/\/quehacerpolitico.mx\/#\/schema\/person\/496d8ad2d1d3f8036101dca7ee39e585"},"breadcrumb":{"@id":"https:\/\/quehacerpolitico.mx\/?p=119043#breadcrumb"},"inLanguage":"es","potentialAction":[{"@type":"ReadAction","target":["https:\/\/quehacerpolitico.mx\/?p=119043"]}]},{"@type":"ImageObject","inLanguage":"es","@id":"https:\/\/quehacerpolitico.mx\/?p=119043#primaryimage","url":"https:\/\/quehacerpolitico.mx\/wp-content\/uploads\/2025\/09\/IMG_3405-1.jpeg","contentUrl":"https:\/\/quehacerpolitico.mx\/wp-content\/uploads\/2025\/09\/IMG_3405-1.jpeg","width":828,"height":1086},{"@type":"BreadcrumbList","@id":"https:\/\/quehacerpolitico.mx\/?p=119043#breadcrumb","itemListElement":[{"@type":"ListItem","position":1,"name":"Inicio","item":"https:\/\/quehacerpolitico.mx\/"},{"@type":"ListItem","position":2,"name":"Tragedia en CDMX: aumenta a seis la cifra de fallecidos tras la explosi\u00f3n en calzada Zaragoza"}]},{"@type":"WebSite","@id":"https:\/\/quehacerpolitico.mx\/#website","url":"https:\/\/quehacerpolitico.mx\/","name":"","description":"","potentialAction":[{"@type":"SearchAction","target":{"@type":"EntryPoint","urlTemplate":"https:\/\/quehacerpolitico.mx\/?s={search_term_string}"},"query-input":{"@type":"PropertyValueSpecification","valueRequired":true,"valueName":"search_term_string"}}],"inLanguage":"es"},{"@type":"Person","@id":"https:\/\/quehacerpolitico.mx\/#\/schema\/person\/496d8ad2d1d3f8036101dca7ee39e585","name":"Redacci\u00f3n QP","image":{"@type":"ImageObject","inLanguage":"es","@id":"https:\/\/secure.gravatar.com\/avatar\/c7164ed6fdec453195284ad24a5ae5b6e1eed2b848477fa2a4787ba9adf39a41?s=96&d=mm&r=g","url":"https:\/\/secure.gravatar.com\/avatar\/c7164ed6fdec453195284ad24a5ae5b6e1eed2b848477fa2a4787ba9adf39a41?s=96&d=mm&r=g","contentUrl":"https:\/\/secure.gravatar.com\/avatar\/c7164ed6fdec453195284ad24a5ae5b6e1eed2b848477fa2a4787ba9adf39a41?s=96&d=mm&r=g","caption":"Redacci\u00f3n QP"},"url":"https:\/\/quehacerpolitico.mx\/?author=2"}]}},"featured_image_urls":{"full":["https:\/\/quehacerpolitico.mx\/wp-content\/uploads\/2025\/09\/IMG_3405-1.jpeg",828,1086,false],"thumbnail":["https:\/\/quehacerpolitico.mx\/wp-content\/uploads\/2025\/09\/IMG_3405-1-150x150.jpeg",150,150,true],"medium":["https:\/\/quehacerpolitico.mx\/wp-content\/uploads\/2025\/09\/IMG_3405-1-229x300.jpeg",229,300,true],"medium_large":["https:\/\/quehacerpolitico.mx\/wp-content\/uploads\/2025\/09\/IMG_3405-1-768x1007.jpeg",640,839,true],"large":["https:\/\/quehacerpolitico.mx\/wp-content\/uploads\/2025\/09\/IMG_3405-1-781x1024.jpeg",640,839,true],"1536x1536":["https:\/\/quehacerpolitico.mx\/wp-content\/uploads\/2025\/09\/IMG_3405-1.jpeg",828,1086,false],"2048x2048":["https:\/\/quehacerpolitico.mx\/wp-content\/uploads\/2025\/09\/IMG_3405-1.jpeg",828,1086,false],"covernews-featured":["https:\/\/quehacerpolitico.mx\/wp-content\/uploads\/2025\/09\/IMG_3405-1.jpeg",828,1086,false],"covernews-medium":["https:\/\/quehacerpolitico.mx\/wp-content\/uploads\/2025\/09\/IMG_3405-1-540x340.jpeg",540,340,true]},"author_info":{"display_name":"Redacci\u00f3n QP","author_link":"https:\/\/quehacerpolitico.mx\/?author=2"},"category_info":"<a href=\"https:\/\/quehacerpolitico.mx\/?cat=55\" rel=\"category\">CDMX<\/a>","tag_info":"CDMX","comment_count":"0","_links":{"self":[{"href":"https:\/\/quehacerpolitico.mx\/index.php?rest_route=\/wp\/v2\/posts\/119043","targetHints":{"allow":["GET"]}}],"collection":[{"href":"https:\/\/quehacerpolitico.mx\/index.php?rest_route=\/wp\/v2\/posts"}],"about":[{"href":"https:\/\/quehacerpolitico.mx\/index.php?rest_route=\/wp\/v2\/types\/post"}],"author":[{"embeddable":true,"href":"https:\/\/quehacerpolitico.mx\/index.php?rest_route=\/wp\/v2\/users\/2"}],"replies":[{"embeddable":true,"href":"https:\/\/quehacerpolitico.mx\/index.php?rest_route=%2Fwp%2Fv2%2Fcomments&post=119043"}],"version-history":[{"count":1,"href":"https:\/\/quehacerpolitico.mx\/index.php?rest_route=\/wp\/v2\/posts\/119043\/revisions"}],"predecessor-version":[{"id":119046,"href":"https:\/\/quehacerpolitico.mx\/index.php?rest_route=\/wp\/v2\/posts\/119043\/revisions\/119046"}],"wp:featuredmedia":[{"embeddable":true,"href":"https:\/\/quehacerpolitico.mx\/index.php?rest_route=\/wp\/v2\/media\/119030"}],"wp:attachment":[{"href":"https:\/\/quehacerpolitico.mx\/index.php?rest_route=%2Fwp%2Fv2%2Fmedia&parent=119043"}],"wp:term":[{"taxonomy":"category","embeddable":true,"href":"https:\/\/quehacerpolitico.mx\/index.php?rest_route=%2Fwp%2Fv2%2Fcategories&post=119043"},{"taxonomy":"post_tag","embeddable":true,"href":"https:\/\/quehacerpolitico.mx\/index.php?rest_route=%2Fwp%2Fv2%2Ftags&post=119043"}],"curies":[{"name":"wp","href":"https:\/\/api.w.org\/{rel}","templated":true}]}}