{"id":119037,"date":"2025-09-11T08:09:54","date_gmt":"2025-09-11T14:09:54","guid":{"rendered":"https:\/\/quehacerpolitico.mx\/?p=119037"},"modified":"2025-09-11T08:09:57","modified_gmt":"2025-09-11T14:09:57","slug":"el-quehacer-politico-a-traves-jose-alberto-prado-angeles-la-irresponsable-maldita-deuda-corrupta","status":"publish","type":"post","link":"https:\/\/quehacerpolitico.mx\/?p=119037","title":{"rendered":"El Quehacer Pol\u00edtico a trav\u00e9s\/\/\/Jose Alberto Prado Angeles\/\/\/\u201cLa irresponsable\u2026 maldita deuda corrupta\u201d"},"content":{"rendered":"\n<p>Por Jos\u00e9 Alberto Prado Angeles<\/p>\n\n\n\n<p>Director General y Editor<\/p>\n\n\n\n<p>\u00a1Oootra vez culpando al pasado lejano! A la conferencia ma\u00f1anera de la Presidenta Sheinbaum regres\u00f3 la \u201csombra\u201d de los sexenios de Felipe Calder\u00f3n y Enrique Pe\u00f1a Nieto. Al hacer referencia al paquete econ\u00f3mico del a\u00f1o pr\u00f3ximo, la mandataria con reproche dijo que la planeaci\u00f3n del gasto p\u00fablico para el a\u00f1o 2026 se hizo en parte, tomando en cuenta el apoyo que hay que aplicar para el rescate de Petr\u00f3leos Mexicanos (Pemex), donde hay que pagar \u201cla irresponsable\u2026 maldita deuda corrupta\u201d, que a la fecha adeuda 250 mil millones de pesos en vencimientos y pago de intereses.&nbsp;<\/p>\n\n\n\n<p>Y con firmeza e intenci\u00f3n, la Presidenta Sheinbaum lo ratific\u00f3: \u201cAs\u00ed lo vamos a llamar, la maldita deuda corrupta de Calder\u00f3n y Pe\u00f1a en Pemex\u201d.<\/p>\n\n\n\n<p>La Presidenta, que ha logrado -a casi un a\u00f1o de su toma de posesi\u00f3n- desmarcarse en algunos sentidos de la sombra de quien la dej\u00f3 en el cargo, que le ha dado un cambio radical a la pol\u00edtica del combate a la inseguridad -ahora d\u00e1ndole luz verde y visibilidad a la corrupci\u00f3n al seno de la Marina-, que ha logrado un respeto y reconocimiento -hasta el momento- del vecino, principal socio comercial y primera potencia mundial -Estados Unidos- y que ha mantenido un elevado porcentaje de reconocimiento y aceptabilidad por parte de la ciudadan\u00eda al trabajo que desempe\u00f1a en Palacio Nacional, debe eludir recurrir al pasado -ya muy- lejano y dedicarse a seguir dando pasos al frente sin \u201cvoltear atr\u00e1s\u201d.<\/p>\n\n\n\n<p>Y es que el \u201cvoltear la cabeza\u201d al pasado lejano la pone en riesgo de exponer el movimiento, que ella encabeza, por los antecedentes del pasado m\u00e1s reciente. No hay que ir muy lejos para -quienes a\u00fan tienen memoria- de recordar lo sucedido a partir de 2018 con la caprichosa decisi\u00f3n de la cancelaci\u00f3n del aeropuerto de Texcoco que ya ten\u00eda un avance considerable y lo que represent\u00f3 econ\u00f3micamente su cierre y la genial idea de construir el AIFA -que no ha logrado \u201cdespegar\u201d-; lo de la refiner\u00eda Olmeca de Dos Bocas, que fue \u201cinaugurada\u201d en julio de 2022, que a la fecha opera apenas al 30 por ciento de su capacidad y que los especialistas estiman que su operaci\u00f3n completa podr\u00eda llegar hasta casi al 2028; de la costosa megaobra obra del Tren Maya, que no ha funcionado de acuerdo a la planeado y que caus\u00f3 da\u00f1os irreversibles a los ecosistemas selv\u00e1ticos de Chiapas, Tabasco, Campeche, Yucat\u00e1n y Quintana Roo; del desastre que se dej\u00f3 en la administraci\u00f3n pasada con el sistema de salud, cuando la promesa fue de tener el \u201cmejor sistema de salud en el mundo\u201d; de la salvaje e hist\u00f3rica cantidad de muertos y desaparecidos provocados por la est\u00fapida pol\u00edtica de \u201cabrazos, no balazos\u201d; etc, etc, etc.<\/p>\n\n\n\n<p>\u201cVoltear\u201d al pasado lejano es muy riesgoso, \u00a1cuando hay taaantas! cosas del pasado reciente que nos pueden \u201crefregar en la cara\u201d. As\u00ed que, \u00a1no le busque, Presidenta!<\/p>\n\n\n\n<p>As\u00ed el Quehacer Pol\u00edtico Desde 1980, 45 a\u00f1os inquiriendo en la pol\u00edtica de M\u00e9xico, cuestionando, exponiendo, revelando y razonando.Es cuanto.<\/p>\n","protected":false},"excerpt":{"rendered":"<p>Por Jos\u00e9 Alberto Prado Angeles Director General y Editor \u00a1Oootra vez culpando al pasado lejano!&#8230;<\/p>\n","protected":false},"author":2,"featured_media":119038,"comment_status":"open","ping_status":"open","sticky":false,"template":"","format":"standard","meta":{"_monsterinsights_skip_tracking":false,"_monsterinsights_sitenote_active":false,"_monsterinsights_sitenote_note":"","_monsterinsights_sitenote_category":0,"footnotes":""},"categories":[280,2],"tags":[],"class_list":["post-119037","post","type-post","status-publish","format-standard","has-post-thumbnail","hentry","category-nacionales","category-noticias"],"yoast_head":"<!-- This site is optimized with the Yoast SEO plugin v27.3 - https:\/\/yoast.com\/product\/yoast-seo-wordpress\/ -->\n<title>El Quehacer Pol\u00edtico a trav\u00e9s\/\/\/Jose Alberto Prado Angeles\/\/\/\u201cLa irresponsable\u2026 maldita deuda corrupta\u201d -<\/title>\n<meta name=\"robots\" content=\"index, follow, max-snippet:-1, max-image-preview:large, max-video-preview:-1\" \/>\n<link rel=\"canonical\" href=\"https:\/\/quehacerpolitico.mx\/?p=119037\" \/>\n<meta property=\"og:locale\" content=\"es_MX\" \/>\n<meta property=\"og:type\" content=\"article\" \/>\n<meta property=\"og:title\" content=\"El Quehacer Pol\u00edtico a trav\u00e9s\/\/\/Jose Alberto Prado Angeles\/\/\/\u201cLa irresponsable\u2026 maldita deuda corrupta\u201d -\" \/>\n<meta property=\"og:description\" content=\"Por Jos\u00e9 Alberto Prado Angeles Director General y Editor \u00a1Oootra vez culpando al pasado lejano!...\" \/>\n<meta property=\"og:url\" content=\"https:\/\/quehacerpolitico.mx\/?p=119037\" \/>\n<meta property=\"article:published_time\" content=\"2025-09-11T14:09:54+00:00\" \/>\n<meta property=\"article:modified_time\" content=\"2025-09-11T14:09:57+00:00\" \/>\n<meta property=\"og:image\" content=\"https:\/\/quehacerpolitico.mx\/wp-content\/uploads\/2025\/09\/fb07bd44-0f95-41a8-8353-f61c55b6d960-6.jpeg\" \/>\n\t<meta property=\"og:image:width\" content=\"963\" \/>\n\t<meta property=\"og:image:height\" content=\"493\" \/>\n\t<meta property=\"og:image:type\" content=\"image\/jpeg\" \/>\n<meta name=\"author\" content=\"Redacci\u00f3n QP\" \/>\n<meta name=\"twitter:card\" content=\"summary_large_image\" \/>\n<meta name=\"twitter:label1\" content=\"Escrito por\" \/>\n\t<meta name=\"twitter:data1\" content=\"Redacci\u00f3n QP\" \/>\n\t<meta name=\"twitter:label2\" content=\"Tiempo de lectura\" \/>\n\t<meta name=\"twitter:data2\" content=\"3 minutos\" \/>\n<script type=\"application\/ld+json\" class=\"yoast-schema-graph\">{\"@context\":\"https:\\\/\\\/schema.org\",\"@graph\":[{\"@type\":\"Article\",\"@id\":\"https:\\\/\\\/quehacerpolitico.mx\\\/?p=119037#article\",\"isPartOf\":{\"@id\":\"https:\\\/\\\/quehacerpolitico.mx\\\/?p=119037\"},\"author\":{\"name\":\"Redacci\u00f3n QP\",\"@id\":\"https:\\\/\\\/quehacerpolitico.mx\\\/#\\\/schema\\\/person\\\/496d8ad2d1d3f8036101dca7ee39e585\"},\"headline\":\"El Quehacer Pol\u00edtico a trav\u00e9s\\\/\\\/\\\/Jose Alberto Prado Angeles\\\/\\\/\\\/\u201cLa irresponsable\u2026 maldita deuda corrupta\u201d\",\"datePublished\":\"2025-09-11T14:09:54+00:00\",\"dateModified\":\"2025-09-11T14:09:57+00:00\",\"mainEntityOfPage\":{\"@id\":\"https:\\\/\\\/quehacerpolitico.mx\\\/?p=119037\"},\"wordCount\":560,\"commentCount\":0,\"image\":{\"@id\":\"https:\\\/\\\/quehacerpolitico.mx\\\/?p=119037#primaryimage\"},\"thumbnailUrl\":\"https:\\\/\\\/quehacerpolitico.mx\\\/wp-content\\\/uploads\\\/2025\\\/09\\\/fb07bd44-0f95-41a8-8353-f61c55b6d960-6.jpeg\",\"articleSection\":[\"Nacionales\",\"Noticias\"],\"inLanguage\":\"es\",\"potentialAction\":[{\"@type\":\"CommentAction\",\"name\":\"Comment\",\"target\":[\"https:\\\/\\\/quehacerpolitico.mx\\\/?p=119037#respond\"]}]},{\"@type\":\"WebPage\",\"@id\":\"https:\\\/\\\/quehacerpolitico.mx\\\/?p=119037\",\"url\":\"https:\\\/\\\/quehacerpolitico.mx\\\/?p=119037\",\"name\":\"El Quehacer Pol\u00edtico a trav\u00e9s\\\/\\\/\\\/Jose Alberto Prado Angeles\\\/\\\/\\\/\u201cLa irresponsable\u2026 maldita deuda corrupta\u201d -\",\"isPartOf\":{\"@id\":\"https:\\\/\\\/quehacerpolitico.mx\\\/#website\"},\"primaryImageOfPage\":{\"@id\":\"https:\\\/\\\/quehacerpolitico.mx\\\/?p=119037#primaryimage\"},\"image\":{\"@id\":\"https:\\\/\\\/quehacerpolitico.mx\\\/?p=119037#primaryimage\"},\"thumbnailUrl\":\"https:\\\/\\\/quehacerpolitico.mx\\\/wp-content\\\/uploads\\\/2025\\\/09\\\/fb07bd44-0f95-41a8-8353-f61c55b6d960-6.jpeg\",\"datePublished\":\"2025-09-11T14:09:54+00:00\",\"dateModified\":\"2025-09-11T14:09:57+00:00\",\"author\":{\"@id\":\"https:\\\/\\\/quehacerpolitico.mx\\\/#\\\/schema\\\/person\\\/496d8ad2d1d3f8036101dca7ee39e585\"},\"breadcrumb\":{\"@id\":\"https:\\\/\\\/quehacerpolitico.mx\\\/?p=119037#breadcrumb\"},\"inLanguage\":\"es\",\"potentialAction\":[{\"@type\":\"ReadAction\",\"target\":[\"https:\\\/\\\/quehacerpolitico.mx\\\/?p=119037\"]}]},{\"@type\":\"ImageObject\",\"inLanguage\":\"es\",\"@id\":\"https:\\\/\\\/quehacerpolitico.mx\\\/?p=119037#primaryimage\",\"url\":\"https:\\\/\\\/quehacerpolitico.mx\\\/wp-content\\\/uploads\\\/2025\\\/09\\\/fb07bd44-0f95-41a8-8353-f61c55b6d960-6.jpeg\",\"contentUrl\":\"https:\\\/\\\/quehacerpolitico.mx\\\/wp-content\\\/uploads\\\/2025\\\/09\\\/fb07bd44-0f95-41a8-8353-f61c55b6d960-6.jpeg\",\"width\":963,\"height\":493},{\"@type\":\"BreadcrumbList\",\"@id\":\"https:\\\/\\\/quehacerpolitico.mx\\\/?p=119037#breadcrumb\",\"itemListElement\":[{\"@type\":\"ListItem\",\"position\":1,\"name\":\"Inicio\",\"item\":\"https:\\\/\\\/quehacerpolitico.mx\\\/\"},{\"@type\":\"ListItem\",\"position\":2,\"name\":\"El Quehacer Pol\u00edtico a trav\u00e9s\\\/\\\/\\\/Jose Alberto Prado Angeles\\\/\\\/\\\/\u201cLa irresponsable\u2026 maldita deuda corrupta\u201d\"}]},{\"@type\":\"WebSite\",\"@id\":\"https:\\\/\\\/quehacerpolitico.mx\\\/#website\",\"url\":\"https:\\\/\\\/quehacerpolitico.mx\\\/\",\"name\":\"\",\"description\":\"\",\"potentialAction\":[{\"@type\":\"SearchAction\",\"target\":{\"@type\":\"EntryPoint\",\"urlTemplate\":\"https:\\\/\\\/quehacerpolitico.mx\\\/?s={search_term_string}\"},\"query-input\":{\"@type\":\"PropertyValueSpecification\",\"valueRequired\":true,\"valueName\":\"search_term_string\"}}],\"inLanguage\":\"es\"},{\"@type\":\"Person\",\"@id\":\"https:\\\/\\\/quehacerpolitico.mx\\\/#\\\/schema\\\/person\\\/496d8ad2d1d3f8036101dca7ee39e585\",\"name\":\"Redacci\u00f3n QP\",\"image\":{\"@type\":\"ImageObject\",\"inLanguage\":\"es\",\"@id\":\"https:\\\/\\\/secure.gravatar.com\\\/avatar\\\/c7164ed6fdec453195284ad24a5ae5b6e1eed2b848477fa2a4787ba9adf39a41?s=96&d=mm&r=g\",\"url\":\"https:\\\/\\\/secure.gravatar.com\\\/avatar\\\/c7164ed6fdec453195284ad24a5ae5b6e1eed2b848477fa2a4787ba9adf39a41?s=96&d=mm&r=g\",\"contentUrl\":\"https:\\\/\\\/secure.gravatar.com\\\/avatar\\\/c7164ed6fdec453195284ad24a5ae5b6e1eed2b848477fa2a4787ba9adf39a41?s=96&d=mm&r=g\",\"caption\":\"Redacci\u00f3n QP\"},\"url\":\"https:\\\/\\\/quehacerpolitico.mx\\\/?author=2\"}]}<\/script>\n<!-- \/ Yoast SEO plugin. -->","yoast_head_json":{"title":"El Quehacer Pol\u00edtico a trav\u00e9s\/\/\/Jose Alberto Prado Angeles\/\/\/\u201cLa irresponsable\u2026 maldita deuda corrupta\u201d -","robots":{"index":"index","follow":"follow","max-snippet":"max-snippet:-1","max-image-preview":"max-image-preview:large","max-video-preview":"max-video-preview:-1"},"canonical":"https:\/\/quehacerpolitico.mx\/?p=119037","og_locale":"es_MX","og_type":"article","og_title":"El Quehacer Pol\u00edtico a trav\u00e9s\/\/\/Jose Alberto Prado Angeles\/\/\/\u201cLa irresponsable\u2026 maldita deuda corrupta\u201d -","og_description":"Por Jos\u00e9 Alberto Prado Angeles Director General y Editor \u00a1Oootra vez culpando al pasado lejano!...","og_url":"https:\/\/quehacerpolitico.mx\/?p=119037","article_published_time":"2025-09-11T14:09:54+00:00","article_modified_time":"2025-09-11T14:09:57+00:00","og_image":[{"width":963,"height":493,"url":"https:\/\/quehacerpolitico.mx\/wp-content\/uploads\/2025\/09\/fb07bd44-0f95-41a8-8353-f61c55b6d960-6.jpeg","type":"image\/jpeg"}],"author":"Redacci\u00f3n QP","twitter_card":"summary_large_image","twitter_misc":{"Escrito por":"Redacci\u00f3n QP","Tiempo de lectura":"3 minutos"},"schema":{"@context":"https:\/\/schema.org","@graph":[{"@type":"Article","@id":"https:\/\/quehacerpolitico.mx\/?p=119037#article","isPartOf":{"@id":"https:\/\/quehacerpolitico.mx\/?p=119037"},"author":{"name":"Redacci\u00f3n QP","@id":"https:\/\/quehacerpolitico.mx\/#\/schema\/person\/496d8ad2d1d3f8036101dca7ee39e585"},"headline":"El Quehacer Pol\u00edtico a trav\u00e9s\/\/\/Jose Alberto Prado Angeles\/\/\/\u201cLa irresponsable\u2026 maldita deuda corrupta\u201d","datePublished":"2025-09-11T14:09:54+00:00","dateModified":"2025-09-11T14:09:57+00:00","mainEntityOfPage":{"@id":"https:\/\/quehacerpolitico.mx\/?p=119037"},"wordCount":560,"commentCount":0,"image":{"@id":"https:\/\/quehacerpolitico.mx\/?p=119037#primaryimage"},"thumbnailUrl":"https:\/\/quehacerpolitico.mx\/wp-content\/uploads\/2025\/09\/fb07bd44-0f95-41a8-8353-f61c55b6d960-6.jpeg","articleSection":["Nacionales","Noticias"],"inLanguage":"es","potentialAction":[{"@type":"CommentAction","name":"Comment","target":["https:\/\/quehacerpolitico.mx\/?p=119037#respond"]}]},{"@type":"WebPage","@id":"https:\/\/quehacerpolitico.mx\/?p=119037","url":"https:\/\/quehacerpolitico.mx\/?p=119037","name":"El Quehacer Pol\u00edtico a trav\u00e9s\/\/\/Jose Alberto Prado Angeles\/\/\/\u201cLa irresponsable\u2026 maldita deuda corrupta\u201d -","isPartOf":{"@id":"https:\/\/quehacerpolitico.mx\/#website"},"primaryImageOfPage":{"@id":"https:\/\/quehacerpolitico.mx\/?p=119037#primaryimage"},"image":{"@id":"https:\/\/quehacerpolitico.mx\/?p=119037#primaryimage"},"thumbnailUrl":"https:\/\/quehacerpolitico.mx\/wp-content\/uploads\/2025\/09\/fb07bd44-0f95-41a8-8353-f61c55b6d960-6.jpeg","datePublished":"2025-09-11T14:09:54+00:00","dateModified":"2025-09-11T14:09:57+00:00","author":{"@id":"https:\/\/quehacerpolitico.mx\/#\/schema\/person\/496d8ad2d1d3f8036101dca7ee39e585"},"breadcrumb":{"@id":"https:\/\/quehacerpolitico.mx\/?p=119037#breadcrumb"},"inLanguage":"es","potentialAction":[{"@type":"ReadAction","target":["https:\/\/quehacerpolitico.mx\/?p=119037"]}]},{"@type":"ImageObject","inLanguage":"es","@id":"https:\/\/quehacerpolitico.mx\/?p=119037#primaryimage","url":"https:\/\/quehacerpolitico.mx\/wp-content\/uploads\/2025\/09\/fb07bd44-0f95-41a8-8353-f61c55b6d960-6.jpeg","contentUrl":"https:\/\/quehacerpolitico.mx\/wp-content\/uploads\/2025\/09\/fb07bd44-0f95-41a8-8353-f61c55b6d960-6.jpeg","width":963,"height":493},{"@type":"BreadcrumbList","@id":"https:\/\/quehacerpolitico.mx\/?p=119037#breadcrumb","itemListElement":[{"@type":"ListItem","position":1,"name":"Inicio","item":"https:\/\/quehacerpolitico.mx\/"},{"@type":"ListItem","position":2,"name":"El Quehacer Pol\u00edtico a trav\u00e9s\/\/\/Jose Alberto Prado Angeles\/\/\/\u201cLa irresponsable\u2026 maldita deuda corrupta\u201d"}]},{"@type":"WebSite","@id":"https:\/\/quehacerpolitico.mx\/#website","url":"https:\/\/quehacerpolitico.mx\/","name":"","description":"","potentialAction":[{"@type":"SearchAction","target":{"@type":"EntryPoint","urlTemplate":"https:\/\/quehacerpolitico.mx\/?s={search_term_string}"},"query-input":{"@type":"PropertyValueSpecification","valueRequired":true,"valueName":"search_term_string"}}],"inLanguage":"es"},{"@type":"Person","@id":"https:\/\/quehacerpolitico.mx\/#\/schema\/person\/496d8ad2d1d3f8036101dca7ee39e585","name":"Redacci\u00f3n QP","image":{"@type":"ImageObject","inLanguage":"es","@id":"https:\/\/secure.gravatar.com\/avatar\/c7164ed6fdec453195284ad24a5ae5b6e1eed2b848477fa2a4787ba9adf39a41?s=96&d=mm&r=g","url":"https:\/\/secure.gravatar.com\/avatar\/c7164ed6fdec453195284ad24a5ae5b6e1eed2b848477fa2a4787ba9adf39a41?s=96&d=mm&r=g","contentUrl":"https:\/\/secure.gravatar.com\/avatar\/c7164ed6fdec453195284ad24a5ae5b6e1eed2b848477fa2a4787ba9adf39a41?s=96&d=mm&r=g","caption":"Redacci\u00f3n QP"},"url":"https:\/\/quehacerpolitico.mx\/?author=2"}]}},"featured_image_urls":{"full":["https:\/\/quehacerpolitico.mx\/wp-content\/uploads\/2025\/09\/fb07bd44-0f95-41a8-8353-f61c55b6d960-6.jpeg",963,493,false],"thumbnail":["https:\/\/quehacerpolitico.mx\/wp-content\/uploads\/2025\/09\/fb07bd44-0f95-41a8-8353-f61c55b6d960-6-150x150.jpeg",150,150,true],"medium":["https:\/\/quehacerpolitico.mx\/wp-content\/uploads\/2025\/09\/fb07bd44-0f95-41a8-8353-f61c55b6d960-6-300x154.jpeg",300,154,true],"medium_large":["https:\/\/quehacerpolitico.mx\/wp-content\/uploads\/2025\/09\/fb07bd44-0f95-41a8-8353-f61c55b6d960-6-768x393.jpeg",640,328,true],"large":["https:\/\/quehacerpolitico.mx\/wp-content\/uploads\/2025\/09\/fb07bd44-0f95-41a8-8353-f61c55b6d960-6.jpeg",640,328,false],"1536x1536":["https:\/\/quehacerpolitico.mx\/wp-content\/uploads\/2025\/09\/fb07bd44-0f95-41a8-8353-f61c55b6d960-6.jpeg",963,493,false],"2048x2048":["https:\/\/quehacerpolitico.mx\/wp-content\/uploads\/2025\/09\/fb07bd44-0f95-41a8-8353-f61c55b6d960-6.jpeg",963,493,false],"covernews-featured":["https:\/\/quehacerpolitico.mx\/wp-content\/uploads\/2025\/09\/fb07bd44-0f95-41a8-8353-f61c55b6d960-6.jpeg",963,493,false],"covernews-medium":["https:\/\/quehacerpolitico.mx\/wp-content\/uploads\/2025\/09\/fb07bd44-0f95-41a8-8353-f61c55b6d960-6-540x340.jpeg",540,340,true]},"author_info":{"display_name":"Redacci\u00f3n QP","author_link":"https:\/\/quehacerpolitico.mx\/?author=2"},"category_info":"<a href=\"https:\/\/quehacerpolitico.mx\/?cat=280\" rel=\"category\">Nacionales<\/a> <a href=\"https:\/\/quehacerpolitico.mx\/?cat=2\" rel=\"category\">Noticias<\/a>","tag_info":"Noticias","comment_count":"0","_links":{"self":[{"href":"https:\/\/quehacerpolitico.mx\/index.php?rest_route=\/wp\/v2\/posts\/119037","targetHints":{"allow":["GET"]}}],"collection":[{"href":"https:\/\/quehacerpolitico.mx\/index.php?rest_route=\/wp\/v2\/posts"}],"about":[{"href":"https:\/\/quehacerpolitico.mx\/index.php?rest_route=\/wp\/v2\/types\/post"}],"author":[{"embeddable":true,"href":"https:\/\/quehacerpolitico.mx\/index.php?rest_route=\/wp\/v2\/users\/2"}],"replies":[{"embeddable":true,"href":"https:\/\/quehacerpolitico.mx\/index.php?rest_route=%2Fwp%2Fv2%2Fcomments&post=119037"}],"version-history":[{"count":1,"href":"https:\/\/quehacerpolitico.mx\/index.php?rest_route=\/wp\/v2\/posts\/119037\/revisions"}],"predecessor-version":[{"id":119039,"href":"https:\/\/quehacerpolitico.mx\/index.php?rest_route=\/wp\/v2\/posts\/119037\/revisions\/119039"}],"wp:featuredmedia":[{"embeddable":true,"href":"https:\/\/quehacerpolitico.mx\/index.php?rest_route=\/wp\/v2\/media\/119038"}],"wp:attachment":[{"href":"https:\/\/quehacerpolitico.mx\/index.php?rest_route=%2Fwp%2Fv2%2Fmedia&parent=119037"}],"wp:term":[{"taxonomy":"category","embeddable":true,"href":"https:\/\/quehacerpolitico.mx\/index.php?rest_route=%2Fwp%2Fv2%2Fcategories&post=119037"},{"taxonomy":"post_tag","embeddable":true,"href":"https:\/\/quehacerpolitico.mx\/index.php?rest_route=%2Fwp%2Fv2%2Ftags&post=119037"}],"curies":[{"name":"wp","href":"https:\/\/api.w.org\/{rel}","templated":true}]}}