{"id":119020,"date":"2025-09-10T13:57:06","date_gmt":"2025-09-10T19:57:06","guid":{"rendered":"https:\/\/quehacerpolitico.mx\/?p=119020"},"modified":"2025-09-10T13:57:10","modified_gmt":"2025-09-10T19:57:10","slug":"el-quehacer-politico-internacional-a-traves-de-la-opinion-carolina-alonso-romei-se-registra-ataque-armado-contra-charlie-kirk-activista-politico-cercano-a-trump","status":"publish","type":"post","link":"https:\/\/quehacerpolitico.mx\/?p=119020","title":{"rendered":"El Quehacer Pol\u00edtico Internacional a trav\u00e9s de la opini\u00f3n\/\/\/Carolina Alonso Romei\/\/\/Se registra ataque armado contra Charlie Kirk, activista pol\u00edtico cercano a Trump"},"content":{"rendered":"\n<p>Por Carolina Alonso Romei<\/p>\n\n\n\n<p>Internacionalista <\/p>\n\n\n\n<p>Medios locales como KSL y usuarios en redes sociales afirmaron que el fundador de Turning Point USA recibi\u00f3 un disparo en el cuello<\/p>\n\n\n\n<p><strong>Charlie Kirk,<\/strong>&nbsp;activista pol\u00edtico cercano a Trump, fue objeto de un ataque armado durante una visita a la Universidad Utah Valley, en Orem.&nbsp;<\/p>\n\n\n\n<p>Medios locales como<em>&nbsp;KSL<\/em>&nbsp;y usuarios en redes sociales afirmaron que el fundador de Turning Point USA recibi\u00f3 un disparo en el cuello.&nbsp;<\/p>\n\n\n\n<p>La noticia ha desatado una serie de reacciones en el gobierno de&nbsp;<strong>Donald Trump,<\/strong>&nbsp;que han condenado la agresi\u00f3n.<\/p>\n\n\n\n<p>&#8220;Todos debemos orar por Charlie Kirk, quien recibi\u00f3 un disparo. Un gran hombre de pies a cabeza. \u00a1Que Dios lo bendiga!&#8221;, escribi\u00f3 en su cuenta de Truth Social.<\/p>\n\n\n\n<figure class=\"wp-block-embed is-type-rich is-provider-twitter wp-block-embed-twitter\"><div class=\"wp-block-embed__wrapper\">\n<blockquote class=\"twitter-tweet\" data-width=\"550\" data-dnt=\"true\"><p lang=\"en\" dir=\"ltr\">\u201cWe must all pray for Charlie Kirk, who has been shot. A great guy from top to bottom. GOD BLESS HIM!\u201d &#8211; President Donald J. Trump <a href=\"https:\/\/t.co\/GqYC4QdhA1\">pic.twitter.com\/GqYC4QdhA1<\/a><\/p>&mdash; The White House (@WhiteHouse) <a href=\"https:\/\/twitter.com\/WhiteHouse\/status\/1965854672390148201?ref_src=twsrc%5Etfw\">September 10, 2025<\/a><\/blockquote><script async src=\"https:\/\/platform.twitter.com\/widgets.js\" charset=\"utf-8\"><\/script>\n<\/div><\/figure>\n\n\n\n<p>Un sospechoso ha sido detenido en el campus de la Universidad Utah Valley por supuestamente dispara contra el comentarista y activista conservador&nbsp;mientras interven\u00eda en un evento en el centro educativo, confirm\u00f3 la instituci\u00f3n.<\/p>\n\n\n\n<p>&#8220;Oremos por Charlie Kirk, un hombre verdaderamente bueno y un padre joven&#8221;, escribi\u00f3 el vicepresidente<strong>&nbsp;JD Vance.<\/strong><\/p>\n\n\n\n<figure class=\"wp-block-embed is-type-rich is-provider-twitter wp-block-embed-twitter\"><div class=\"wp-block-embed__wrapper\">\n<blockquote class=\"twitter-tweet\" data-width=\"550\" data-dnt=\"true\"><p lang=\"en\" dir=\"ltr\">Say a prayer for Charlie Kirk, a genuinely good guy and a young father.<\/p>&mdash; JD Vance (@JDVance) <a href=\"https:\/\/twitter.com\/JDVance\/status\/1965850462374211978?ref_src=twsrc%5Etfw\">September 10, 2025<\/a><\/blockquote><script async src=\"https:\/\/platform.twitter.com\/widgets.js\" charset=\"utf-8\"><\/script>\n<\/div><\/figure>\n\n\n\n<p>&#8220;Estoy siguiendo de cerca la situaci\u00f3n en la Universidad del Valle de Utah. Les pido que se unan a m\u00ed en oraci\u00f3n por Charlie Kirk y los estudiantes all\u00ed reunidos&#8221;, a\u00f1adi\u00f3 el senador Mike Lee.<\/p>\n\n\n\n<figure class=\"wp-block-embed is-type-rich is-provider-twitter wp-block-embed-twitter\"><div class=\"wp-block-embed__wrapper\">\n<blockquote class=\"twitter-tweet\" data-width=\"550\" data-dnt=\"true\"><p lang=\"qme\" dir=\"ltr\"><a href=\"https:\/\/t.co\/kd2lrd4EgJ\">https:\/\/t.co\/kd2lrd4EgJ<\/a><\/p>&mdash; Jay (@jay_hardy252) <a href=\"https:\/\/twitter.com\/jay_hardy252\/status\/1965857476412322227?ref_src=twsrc%5Etfw\">September 10, 2025<\/a><\/blockquote><script async src=\"https:\/\/platform.twitter.com\/widgets.js\" charset=\"utf-8\"><\/script>\n<\/div><\/figure>\n\n\n\n<figure class=\"wp-block-embed is-type-rich is-provider-twitter wp-block-embed-twitter\"><div class=\"wp-block-embed__wrapper\">\n<blockquote class=\"twitter-tweet\" data-width=\"550\" data-dnt=\"true\"><p lang=\"en\" dir=\"ltr\">BREAKING &#8211; A Democrat has just shot Charlie Kirk in the neck at Utah Valley University. <a href=\"https:\/\/t.co\/c7nK6YP9Ki\">pic.twitter.com\/c7nK6YP9Ki<\/a><\/p>&mdash; Right Angle News Network (@Rightanglenews) <a href=\"https:\/\/twitter.com\/Rightanglenews\/status\/1965848883915067432?ref_src=twsrc%5Etfw\">September 10, 2025<\/a><\/blockquote><script async src=\"https:\/\/platform.twitter.com\/widgets.js\" charset=\"utf-8\"><\/script>\n<\/div><\/figure>\n\n\n\n<p><em>Con informaci\u00f3n de EFE<\/em><\/p>\n","protected":false},"excerpt":{"rendered":"<p>Por Carolina Alonso Romei Internacionalista Medios locales como KSL y usuarios en redes sociales afirmaron&#8230;<\/p>\n","protected":false},"author":2,"featured_media":119021,"comment_status":"open","ping_status":"open","sticky":false,"template":"","format":"standard","meta":{"_monsterinsights_skip_tracking":false,"_monsterinsights_sitenote_active":false,"_monsterinsights_sitenote_note":"","_monsterinsights_sitenote_category":0,"footnotes":""},"categories":[1],"tags":[],"class_list":["post-119020","post","type-post","status-publish","format-standard","has-post-thumbnail","hentry","category-sin-categoria"],"yoast_head":"<!-- This site is optimized with the Yoast SEO plugin v27.3 - https:\/\/yoast.com\/product\/yoast-seo-wordpress\/ -->\n<title>El Quehacer Pol\u00edtico Internacional a trav\u00e9s de la opini\u00f3n\/\/\/Carolina Alonso Romei\/\/\/Se registra ataque armado contra Charlie Kirk, activista pol\u00edtico cercano a Trump -<\/title>\n<meta name=\"robots\" content=\"index, follow, max-snippet:-1, max-image-preview:large, max-video-preview:-1\" \/>\n<link rel=\"canonical\" href=\"https:\/\/quehacerpolitico.mx\/?p=119020\" \/>\n<meta property=\"og:locale\" content=\"es_MX\" \/>\n<meta property=\"og:type\" content=\"article\" \/>\n<meta property=\"og:title\" content=\"El Quehacer Pol\u00edtico Internacional a trav\u00e9s de la opini\u00f3n\/\/\/Carolina Alonso Romei\/\/\/Se registra ataque armado contra Charlie Kirk, activista pol\u00edtico cercano a Trump -\" \/>\n<meta property=\"og:description\" content=\"Por Carolina Alonso Romei Internacionalista Medios locales como KSL y usuarios en redes sociales afirmaron...\" \/>\n<meta property=\"og:url\" content=\"https:\/\/quehacerpolitico.mx\/?p=119020\" \/>\n<meta property=\"article:published_time\" content=\"2025-09-10T19:57:06+00:00\" \/>\n<meta property=\"article:modified_time\" content=\"2025-09-10T19:57:10+00:00\" \/>\n<meta property=\"og:image\" content=\"https:\/\/quehacerpolitico.mx\/wp-content\/uploads\/2025\/09\/03fa6135-c3fe-44b7-8e96-c6ca323ffebb-5.jpeg\" \/>\n\t<meta property=\"og:image:width\" content=\"963\" \/>\n\t<meta property=\"og:image:height\" content=\"493\" \/>\n\t<meta property=\"og:image:type\" content=\"image\/jpeg\" \/>\n<meta name=\"author\" content=\"Redacci\u00f3n QP\" \/>\n<meta name=\"twitter:card\" content=\"summary_large_image\" \/>\n<meta name=\"twitter:label1\" content=\"Escrito por\" \/>\n\t<meta name=\"twitter:data1\" content=\"Redacci\u00f3n QP\" \/>\n\t<meta name=\"twitter:label2\" content=\"Tiempo de lectura\" \/>\n\t<meta name=\"twitter:data2\" content=\"1 minuto\" \/>\n<script type=\"application\/ld+json\" class=\"yoast-schema-graph\">{\"@context\":\"https:\\\/\\\/schema.org\",\"@graph\":[{\"@type\":\"Article\",\"@id\":\"https:\\\/\\\/quehacerpolitico.mx\\\/?p=119020#article\",\"isPartOf\":{\"@id\":\"https:\\\/\\\/quehacerpolitico.mx\\\/?p=119020\"},\"author\":{\"name\":\"Redacci\u00f3n QP\",\"@id\":\"https:\\\/\\\/quehacerpolitico.mx\\\/#\\\/schema\\\/person\\\/496d8ad2d1d3f8036101dca7ee39e585\"},\"headline\":\"El Quehacer Pol\u00edtico Internacional a trav\u00e9s de la opini\u00f3n\\\/\\\/\\\/Carolina Alonso Romei\\\/\\\/\\\/Se registra ataque armado contra Charlie Kirk, activista pol\u00edtico cercano a Trump\",\"datePublished\":\"2025-09-10T19:57:06+00:00\",\"dateModified\":\"2025-09-10T19:57:10+00:00\",\"mainEntityOfPage\":{\"@id\":\"https:\\\/\\\/quehacerpolitico.mx\\\/?p=119020\"},\"wordCount\":281,\"commentCount\":0,\"image\":{\"@id\":\"https:\\\/\\\/quehacerpolitico.mx\\\/?p=119020#primaryimage\"},\"thumbnailUrl\":\"https:\\\/\\\/quehacerpolitico.mx\\\/wp-content\\\/uploads\\\/2025\\\/09\\\/03fa6135-c3fe-44b7-8e96-c6ca323ffebb-5.jpeg\",\"articleSection\":[\"Internacionales\"],\"inLanguage\":\"es\",\"potentialAction\":[{\"@type\":\"CommentAction\",\"name\":\"Comment\",\"target\":[\"https:\\\/\\\/quehacerpolitico.mx\\\/?p=119020#respond\"]}]},{\"@type\":\"WebPage\",\"@id\":\"https:\\\/\\\/quehacerpolitico.mx\\\/?p=119020\",\"url\":\"https:\\\/\\\/quehacerpolitico.mx\\\/?p=119020\",\"name\":\"El Quehacer Pol\u00edtico Internacional a trav\u00e9s de la opini\u00f3n\\\/\\\/\\\/Carolina Alonso Romei\\\/\\\/\\\/Se registra ataque armado contra Charlie Kirk, activista pol\u00edtico cercano a Trump -\",\"isPartOf\":{\"@id\":\"https:\\\/\\\/quehacerpolitico.mx\\\/#website\"},\"primaryImageOfPage\":{\"@id\":\"https:\\\/\\\/quehacerpolitico.mx\\\/?p=119020#primaryimage\"},\"image\":{\"@id\":\"https:\\\/\\\/quehacerpolitico.mx\\\/?p=119020#primaryimage\"},\"thumbnailUrl\":\"https:\\\/\\\/quehacerpolitico.mx\\\/wp-content\\\/uploads\\\/2025\\\/09\\\/03fa6135-c3fe-44b7-8e96-c6ca323ffebb-5.jpeg\",\"datePublished\":\"2025-09-10T19:57:06+00:00\",\"dateModified\":\"2025-09-10T19:57:10+00:00\",\"author\":{\"@id\":\"https:\\\/\\\/quehacerpolitico.mx\\\/#\\\/schema\\\/person\\\/496d8ad2d1d3f8036101dca7ee39e585\"},\"breadcrumb\":{\"@id\":\"https:\\\/\\\/quehacerpolitico.mx\\\/?p=119020#breadcrumb\"},\"inLanguage\":\"es\",\"potentialAction\":[{\"@type\":\"ReadAction\",\"target\":[\"https:\\\/\\\/quehacerpolitico.mx\\\/?p=119020\"]}]},{\"@type\":\"ImageObject\",\"inLanguage\":\"es\",\"@id\":\"https:\\\/\\\/quehacerpolitico.mx\\\/?p=119020#primaryimage\",\"url\":\"https:\\\/\\\/quehacerpolitico.mx\\\/wp-content\\\/uploads\\\/2025\\\/09\\\/03fa6135-c3fe-44b7-8e96-c6ca323ffebb-5.jpeg\",\"contentUrl\":\"https:\\\/\\\/quehacerpolitico.mx\\\/wp-content\\\/uploads\\\/2025\\\/09\\\/03fa6135-c3fe-44b7-8e96-c6ca323ffebb-5.jpeg\",\"width\":963,\"height\":493},{\"@type\":\"BreadcrumbList\",\"@id\":\"https:\\\/\\\/quehacerpolitico.mx\\\/?p=119020#breadcrumb\",\"itemListElement\":[{\"@type\":\"ListItem\",\"position\":1,\"name\":\"Inicio\",\"item\":\"https:\\\/\\\/quehacerpolitico.mx\\\/\"},{\"@type\":\"ListItem\",\"position\":2,\"name\":\"El Quehacer Pol\u00edtico Internacional a trav\u00e9s de la opini\u00f3n\\\/\\\/\\\/Carolina Alonso Romei\\\/\\\/\\\/Se registra ataque armado contra Charlie Kirk, activista pol\u00edtico cercano a Trump\"}]},{\"@type\":\"WebSite\",\"@id\":\"https:\\\/\\\/quehacerpolitico.mx\\\/#website\",\"url\":\"https:\\\/\\\/quehacerpolitico.mx\\\/\",\"name\":\"\",\"description\":\"\",\"potentialAction\":[{\"@type\":\"SearchAction\",\"target\":{\"@type\":\"EntryPoint\",\"urlTemplate\":\"https:\\\/\\\/quehacerpolitico.mx\\\/?s={search_term_string}\"},\"query-input\":{\"@type\":\"PropertyValueSpecification\",\"valueRequired\":true,\"valueName\":\"search_term_string\"}}],\"inLanguage\":\"es\"},{\"@type\":\"Person\",\"@id\":\"https:\\\/\\\/quehacerpolitico.mx\\\/#\\\/schema\\\/person\\\/496d8ad2d1d3f8036101dca7ee39e585\",\"name\":\"Redacci\u00f3n QP\",\"image\":{\"@type\":\"ImageObject\",\"inLanguage\":\"es\",\"@id\":\"https:\\\/\\\/secure.gravatar.com\\\/avatar\\\/c7164ed6fdec453195284ad24a5ae5b6e1eed2b848477fa2a4787ba9adf39a41?s=96&d=mm&r=g\",\"url\":\"https:\\\/\\\/secure.gravatar.com\\\/avatar\\\/c7164ed6fdec453195284ad24a5ae5b6e1eed2b848477fa2a4787ba9adf39a41?s=96&d=mm&r=g\",\"contentUrl\":\"https:\\\/\\\/secure.gravatar.com\\\/avatar\\\/c7164ed6fdec453195284ad24a5ae5b6e1eed2b848477fa2a4787ba9adf39a41?s=96&d=mm&r=g\",\"caption\":\"Redacci\u00f3n QP\"},\"url\":\"https:\\\/\\\/quehacerpolitico.mx\\\/?author=2\"}]}<\/script>\n<!-- \/ Yoast SEO plugin. -->","yoast_head_json":{"title":"El Quehacer Pol\u00edtico Internacional a trav\u00e9s de la opini\u00f3n\/\/\/Carolina Alonso Romei\/\/\/Se registra ataque armado contra Charlie Kirk, activista pol\u00edtico cercano a Trump -","robots":{"index":"index","follow":"follow","max-snippet":"max-snippet:-1","max-image-preview":"max-image-preview:large","max-video-preview":"max-video-preview:-1"},"canonical":"https:\/\/quehacerpolitico.mx\/?p=119020","og_locale":"es_MX","og_type":"article","og_title":"El Quehacer Pol\u00edtico Internacional a trav\u00e9s de la opini\u00f3n\/\/\/Carolina Alonso Romei\/\/\/Se registra ataque armado contra Charlie Kirk, activista pol\u00edtico cercano a Trump -","og_description":"Por Carolina Alonso Romei Internacionalista Medios locales como KSL y usuarios en redes sociales afirmaron...","og_url":"https:\/\/quehacerpolitico.mx\/?p=119020","article_published_time":"2025-09-10T19:57:06+00:00","article_modified_time":"2025-09-10T19:57:10+00:00","og_image":[{"width":963,"height":493,"url":"https:\/\/quehacerpolitico.mx\/wp-content\/uploads\/2025\/09\/03fa6135-c3fe-44b7-8e96-c6ca323ffebb-5.jpeg","type":"image\/jpeg"}],"author":"Redacci\u00f3n QP","twitter_card":"summary_large_image","twitter_misc":{"Escrito por":"Redacci\u00f3n QP","Tiempo de lectura":"1 minuto"},"schema":{"@context":"https:\/\/schema.org","@graph":[{"@type":"Article","@id":"https:\/\/quehacerpolitico.mx\/?p=119020#article","isPartOf":{"@id":"https:\/\/quehacerpolitico.mx\/?p=119020"},"author":{"name":"Redacci\u00f3n QP","@id":"https:\/\/quehacerpolitico.mx\/#\/schema\/person\/496d8ad2d1d3f8036101dca7ee39e585"},"headline":"El Quehacer Pol\u00edtico Internacional a trav\u00e9s de la opini\u00f3n\/\/\/Carolina Alonso Romei\/\/\/Se registra ataque armado contra Charlie Kirk, activista pol\u00edtico cercano a Trump","datePublished":"2025-09-10T19:57:06+00:00","dateModified":"2025-09-10T19:57:10+00:00","mainEntityOfPage":{"@id":"https:\/\/quehacerpolitico.mx\/?p=119020"},"wordCount":281,"commentCount":0,"image":{"@id":"https:\/\/quehacerpolitico.mx\/?p=119020#primaryimage"},"thumbnailUrl":"https:\/\/quehacerpolitico.mx\/wp-content\/uploads\/2025\/09\/03fa6135-c3fe-44b7-8e96-c6ca323ffebb-5.jpeg","articleSection":["Internacionales"],"inLanguage":"es","potentialAction":[{"@type":"CommentAction","name":"Comment","target":["https:\/\/quehacerpolitico.mx\/?p=119020#respond"]}]},{"@type":"WebPage","@id":"https:\/\/quehacerpolitico.mx\/?p=119020","url":"https:\/\/quehacerpolitico.mx\/?p=119020","name":"El Quehacer Pol\u00edtico Internacional a trav\u00e9s de la opini\u00f3n\/\/\/Carolina Alonso Romei\/\/\/Se registra ataque armado contra Charlie Kirk, activista pol\u00edtico cercano a Trump -","isPartOf":{"@id":"https:\/\/quehacerpolitico.mx\/#website"},"primaryImageOfPage":{"@id":"https:\/\/quehacerpolitico.mx\/?p=119020#primaryimage"},"image":{"@id":"https:\/\/quehacerpolitico.mx\/?p=119020#primaryimage"},"thumbnailUrl":"https:\/\/quehacerpolitico.mx\/wp-content\/uploads\/2025\/09\/03fa6135-c3fe-44b7-8e96-c6ca323ffebb-5.jpeg","datePublished":"2025-09-10T19:57:06+00:00","dateModified":"2025-09-10T19:57:10+00:00","author":{"@id":"https:\/\/quehacerpolitico.mx\/#\/schema\/person\/496d8ad2d1d3f8036101dca7ee39e585"},"breadcrumb":{"@id":"https:\/\/quehacerpolitico.mx\/?p=119020#breadcrumb"},"inLanguage":"es","potentialAction":[{"@type":"ReadAction","target":["https:\/\/quehacerpolitico.mx\/?p=119020"]}]},{"@type":"ImageObject","inLanguage":"es","@id":"https:\/\/quehacerpolitico.mx\/?p=119020#primaryimage","url":"https:\/\/quehacerpolitico.mx\/wp-content\/uploads\/2025\/09\/03fa6135-c3fe-44b7-8e96-c6ca323ffebb-5.jpeg","contentUrl":"https:\/\/quehacerpolitico.mx\/wp-content\/uploads\/2025\/09\/03fa6135-c3fe-44b7-8e96-c6ca323ffebb-5.jpeg","width":963,"height":493},{"@type":"BreadcrumbList","@id":"https:\/\/quehacerpolitico.mx\/?p=119020#breadcrumb","itemListElement":[{"@type":"ListItem","position":1,"name":"Inicio","item":"https:\/\/quehacerpolitico.mx\/"},{"@type":"ListItem","position":2,"name":"El Quehacer Pol\u00edtico Internacional a trav\u00e9s de la opini\u00f3n\/\/\/Carolina Alonso Romei\/\/\/Se registra ataque armado contra Charlie Kirk, activista pol\u00edtico cercano a Trump"}]},{"@type":"WebSite","@id":"https:\/\/quehacerpolitico.mx\/#website","url":"https:\/\/quehacerpolitico.mx\/","name":"","description":"","potentialAction":[{"@type":"SearchAction","target":{"@type":"EntryPoint","urlTemplate":"https:\/\/quehacerpolitico.mx\/?s={search_term_string}"},"query-input":{"@type":"PropertyValueSpecification","valueRequired":true,"valueName":"search_term_string"}}],"inLanguage":"es"},{"@type":"Person","@id":"https:\/\/quehacerpolitico.mx\/#\/schema\/person\/496d8ad2d1d3f8036101dca7ee39e585","name":"Redacci\u00f3n QP","image":{"@type":"ImageObject","inLanguage":"es","@id":"https:\/\/secure.gravatar.com\/avatar\/c7164ed6fdec453195284ad24a5ae5b6e1eed2b848477fa2a4787ba9adf39a41?s=96&d=mm&r=g","url":"https:\/\/secure.gravatar.com\/avatar\/c7164ed6fdec453195284ad24a5ae5b6e1eed2b848477fa2a4787ba9adf39a41?s=96&d=mm&r=g","contentUrl":"https:\/\/secure.gravatar.com\/avatar\/c7164ed6fdec453195284ad24a5ae5b6e1eed2b848477fa2a4787ba9adf39a41?s=96&d=mm&r=g","caption":"Redacci\u00f3n QP"},"url":"https:\/\/quehacerpolitico.mx\/?author=2"}]}},"featured_image_urls":{"full":["https:\/\/quehacerpolitico.mx\/wp-content\/uploads\/2025\/09\/03fa6135-c3fe-44b7-8e96-c6ca323ffebb-5.jpeg",963,493,false],"thumbnail":["https:\/\/quehacerpolitico.mx\/wp-content\/uploads\/2025\/09\/03fa6135-c3fe-44b7-8e96-c6ca323ffebb-5-150x150.jpeg",150,150,true],"medium":["https:\/\/quehacerpolitico.mx\/wp-content\/uploads\/2025\/09\/03fa6135-c3fe-44b7-8e96-c6ca323ffebb-5-300x154.jpeg",300,154,true],"medium_large":["https:\/\/quehacerpolitico.mx\/wp-content\/uploads\/2025\/09\/03fa6135-c3fe-44b7-8e96-c6ca323ffebb-5-768x393.jpeg",640,328,true],"large":["https:\/\/quehacerpolitico.mx\/wp-content\/uploads\/2025\/09\/03fa6135-c3fe-44b7-8e96-c6ca323ffebb-5.jpeg",640,328,false],"1536x1536":["https:\/\/quehacerpolitico.mx\/wp-content\/uploads\/2025\/09\/03fa6135-c3fe-44b7-8e96-c6ca323ffebb-5.jpeg",963,493,false],"2048x2048":["https:\/\/quehacerpolitico.mx\/wp-content\/uploads\/2025\/09\/03fa6135-c3fe-44b7-8e96-c6ca323ffebb-5.jpeg",963,493,false],"covernews-featured":["https:\/\/quehacerpolitico.mx\/wp-content\/uploads\/2025\/09\/03fa6135-c3fe-44b7-8e96-c6ca323ffebb-5.jpeg",963,493,false],"covernews-medium":["https:\/\/quehacerpolitico.mx\/wp-content\/uploads\/2025\/09\/03fa6135-c3fe-44b7-8e96-c6ca323ffebb-5-540x340.jpeg",540,340,true]},"author_info":{"display_name":"Redacci\u00f3n QP","author_link":"https:\/\/quehacerpolitico.mx\/?author=2"},"category_info":"<a href=\"https:\/\/quehacerpolitico.mx\/?cat=1\" rel=\"category\">Internacionales<\/a>","tag_info":"Internacionales","comment_count":"0","_links":{"self":[{"href":"https:\/\/quehacerpolitico.mx\/index.php?rest_route=\/wp\/v2\/posts\/119020","targetHints":{"allow":["GET"]}}],"collection":[{"href":"https:\/\/quehacerpolitico.mx\/index.php?rest_route=\/wp\/v2\/posts"}],"about":[{"href":"https:\/\/quehacerpolitico.mx\/index.php?rest_route=\/wp\/v2\/types\/post"}],"author":[{"embeddable":true,"href":"https:\/\/quehacerpolitico.mx\/index.php?rest_route=\/wp\/v2\/users\/2"}],"replies":[{"embeddable":true,"href":"https:\/\/quehacerpolitico.mx\/index.php?rest_route=%2Fwp%2Fv2%2Fcomments&post=119020"}],"version-history":[{"count":1,"href":"https:\/\/quehacerpolitico.mx\/index.php?rest_route=\/wp\/v2\/posts\/119020\/revisions"}],"predecessor-version":[{"id":119022,"href":"https:\/\/quehacerpolitico.mx\/index.php?rest_route=\/wp\/v2\/posts\/119020\/revisions\/119022"}],"wp:featuredmedia":[{"embeddable":true,"href":"https:\/\/quehacerpolitico.mx\/index.php?rest_route=\/wp\/v2\/media\/119021"}],"wp:attachment":[{"href":"https:\/\/quehacerpolitico.mx\/index.php?rest_route=%2Fwp%2Fv2%2Fmedia&parent=119020"}],"wp:term":[{"taxonomy":"category","embeddable":true,"href":"https:\/\/quehacerpolitico.mx\/index.php?rest_route=%2Fwp%2Fv2%2Fcategories&post=119020"},{"taxonomy":"post_tag","embeddable":true,"href":"https:\/\/quehacerpolitico.mx\/index.php?rest_route=%2Fwp%2Fv2%2Ftags&post=119020"}],"curies":[{"name":"wp","href":"https:\/\/api.w.org\/{rel}","templated":true}]}}