{"id":119013,"date":"2025-09-10T12:58:28","date_gmt":"2025-09-10T18:58:28","guid":{"rendered":"https:\/\/quehacerpolitico.mx\/?p=119013"},"modified":"2025-09-10T12:58:31","modified_gmt":"2025-09-10T18:58:31","slug":"sheinbaum-presenta-paquete-economico-con-enfoque-humanista","status":"publish","type":"post","link":"https:\/\/quehacerpolitico.mx\/?p=119013","title":{"rendered":"Sheinbaum presenta Paquete Econ\u00f3mico con enfoque humanista"},"content":{"rendered":"\n<p>Por Redacci\u00f3n QP<\/p>\n\n\n\n<p>El plan garantiza todos los Programas para el Bienestar y propone un aumento en salud, educaci\u00f3n, vivienda, seguridad e inversi\u00f3n p\u00fablica, as\u00ed como el rescate a Pemex<\/p>\n\n\n\n<p>El&nbsp;Gobierno de M\u00e9xico de Claudia Sheinbaum, a trav\u00e9s de la Secretar\u00eda de Hacienda y Cr\u00e9dito P\u00fablico, present\u00f3 el Paquete Econ\u00f3mico 2026, que se caracteriza por ser humanista ya que&nbsp;<mark><strong>garantiza todos los Programas para el Bienestar y propone un aumento en salud, educaci\u00f3n, vivienda, seguridad e inversi\u00f3n p\u00fablica, as\u00ed como el rescate a Petr\u00f3leos Mexicanos<\/strong><\/mark>&nbsp;(Pemex).<\/p>\n\n\n\n<p>La Presidenta&nbsp;Claudia Sheinbaum destac\u00f3 que el&nbsp;<strong>Paquete Econ\u00f3mico para 2026<\/strong>&nbsp;es responsable, garantiza todos los derechos de las mexicanas y mexicanos, los Programas para el Bienestar, con su aumento en beneficiarios e inflaci\u00f3n, adem\u00e1s de que contin\u00faa el apoyo a Pemex, para sanear sus finanzas de la deuda que adquirieron los expresidentes Felipe Calder\u00f3n y Enrique Pe\u00f1a Nieto.<\/p>\n\n\n\n<figure class=\"wp-block-embed is-type-rich is-provider-twitter wp-block-embed-twitter\"><div class=\"wp-block-embed__wrapper\">\n<blockquote class=\"twitter-tweet\" data-width=\"550\" data-dnt=\"true\"><p lang=\"es\" dir=\"ltr\">\ud83d\udd34\u201cPor esa terrible deuda que adquirieron Calder\u00f3n y Pe\u00f1a\u201d, acusa Claudia Sheinbaum.<br><br>La presidenta explic\u00f3 que este y el pr\u00f3ximo a\u00f1o, el gobierno seguir\u00e1 apoyando a Pemex para saldar su adeudo.<a href=\"https:\/\/t.co\/H39H8wC7GG\">pic.twitter.com\/H39H8wC7GG<\/a><\/p>&mdash; Azucena Uresti (@azucenau) <a href=\"https:\/\/twitter.com\/azucenau\/status\/1965796249996808537?ref_src=twsrc%5Etfw\">September 10, 2025<\/a><\/blockquote><script async src=\"https:\/\/platform.twitter.com\/widgets.js\" charset=\"utf-8\"><\/script>\n<\/div><\/figure>\n\n\n\n<p><strong>&#8220;N\u00famero uno. Programas de Bienestar garantizados. N\u00famero dos. Aumenta la inversi\u00f3n en salud. Por ah\u00ed ha estado saliendo en las redes que disminuye. Falso. Aumenta. \u00bfEn d\u00f3nde aumenta principalmente? En el IMSS Bienestar. Si sumamos todo lo que tiene que ver con salud -Secretar\u00eda de Salud, IMSS Bienestar, IMSS e ISSSTE- aumenta. Educaci\u00f3n, aumenta, el presupuesto en educaci\u00f3n aumenta. Vivienda, aumenta. Inversi\u00f3n p\u00fablica para trenes, carreteras, agua, aumenta. Entonces, esa es la caracter\u00edstica: garantizados todos los derechos de las mexicanas y mexicanos y, al mismo tiempo, garantizada la inversi\u00f3n&#8221;,<\/strong>asegur\u00f3 la Mandataria en &#8220;La Ma\u00f1anera del pueblo&#8221; de este mi\u00e9rcoles 10 de septiembre.<\/p>\n\n\n\n<p>Sheinbaum puntualiz\u00f3 que comparado al periodo neoliberal, el Presupuesto de Egresos propuesto deja atr\u00e1s la concepci\u00f3n de que la salud, educaci\u00f3n, vivienda y la seguridad son un gasto, sino que ahora son vistos como una inversi\u00f3n en beneficio de las mexicanas y los mexicanos.<\/p>\n\n\n\n<figure class=\"wp-block-embed is-type-rich is-provider-twitter wp-block-embed-twitter\"><div class=\"wp-block-embed__wrapper\">\n<blockquote class=\"twitter-tweet\" data-width=\"550\" data-dnt=\"true\"><p lang=\"es\" dir=\"ltr\">\ud83d\udd34La presidenta Claudia Sheinbaum calific\u00f3 de &quot;falsas&quot; las versiones de que en su gobierno no haya recursos.<br><br>Argument\u00f3 que si no se pudo consolidar m\u00e1s r\u00e1pido el d\u00e9ficit, \u201cfue por la maldita deuda corrupta, no por otra cosa\u201d. Insisti\u00f3 en que los bancos no podr\u00e1n deducir los\u2026 <a href=\"https:\/\/t.co\/poFijYj9TV\">pic.twitter.com\/poFijYj9TV<\/a><\/p>&mdash; Azucena Uresti (@azucenau) <a href=\"https:\/\/twitter.com\/azucenau\/status\/1965785831123407098?ref_src=twsrc%5Etfw\">September 10, 2025<\/a><\/blockquote><script async src=\"https:\/\/platform.twitter.com\/widgets.js\" charset=\"utf-8\"><\/script>\n<\/div><\/figure>\n\n\n\n<p>Respecto a ingresos, la Jefa del Ejecutivo Federal puntualiz\u00f3 que no se aumenta el Impuesto al Valor Agregado (IVA) ni el Impuesto Sobre la Renta (ISR), sino que se plantea aumentar ingresos gracias a la modificaci\u00f3n a la Ley de Aduanas que combate cualquier resquicio de corrupci\u00f3n;&nbsp;<mark><strong>se fortalece el Plan M\u00e9xico con la protecci\u00f3n a las industrias textil, de zapatos y automotriz y a trav\u00e9s de la implementaci\u00f3n de candados a factureras y con ello a la evasi\u00f3n fiscal.<\/strong><\/mark><\/p>\n\n\n\n<p>Adem\u00e1s, de que se proponen acciones para proteger la salud de las mexicanas y mexicanos, como la implementaci\u00f3n de una contribuci\u00f3n de un peso a bebidas azucaradas para incentivar h\u00e1bitos de consumo saludables.<\/p>\n\n\n\n<figure class=\"wp-block-embed is-type-rich is-provider-twitter wp-block-embed-twitter\"><div class=\"wp-block-embed__wrapper\">\n<blockquote class=\"twitter-tweet\" data-width=\"550\" data-dnt=\"true\"><p lang=\"es\" dir=\"ltr\">Sigue Sheinbaum con los \u201cimpuestos saludables\u201d&#8230;<br><br>-El discurso: \u201cnos preocupa la salud\u201d.<br>-La realidad: subir impuestos para recaudar m\u00e1s.<br><br>Y recortarle dinero al sector salud\u2026 <a href=\"https:\/\/t.co\/SnELbMOfIj\">pic.twitter.com\/SnELbMOfIj<\/a><\/p>&mdash; Manuel Lopez San Martin (@MLopezSanMartin) <a href=\"https:\/\/twitter.com\/MLopezSanMartin\/status\/1965796551810515430?ref_src=twsrc%5Etfw\">September 10, 2025<\/a><\/blockquote><script async src=\"https:\/\/platform.twitter.com\/widgets.js\" charset=\"utf-8\"><\/script>\n<\/div><\/figure>\n\n\n\n<p>El secretario de&nbsp;Hacienda y Cr\u00e9dito P\u00fablico, Edgar Amador Zamora, destac\u00f3 que se trata de presupuesto hist\u00f3rico y humanista enmarcado en el Plan M\u00e9xico con el objetivo de alcanzar la Prosperidad Compartida, ante esto, detall\u00f3 que los principales rubros son: Programas para el Bienestar con una asignaci\u00f3n de 987 millones de pesos (MDP); Salud con 966 mil MDP; Vivienda con 399 mil; Educaci\u00f3n 1.1 billones de pesos (BDP); Inversi\u00f3n P\u00fablica con 1.3 BDP y Seguridad con 201 mil MDP.<\/p>\n\n\n\n<figure class=\"wp-block-embed is-type-rich is-provider-twitter wp-block-embed-twitter\"><div class=\"wp-block-embed__wrapper\">\n<blockquote class=\"twitter-tweet\" data-width=\"550\" data-dnt=\"true\"><p lang=\"es\" dir=\"ltr\">\ud83d\udd34\u201cHist\u00f3rico\u201d, as\u00ed calific\u00f3 \u00c9dgar Amador, secretario de Hacienda, al Paquete Econ\u00f3mico 2026.<br><br>Destac\u00f3 que \u201cpor el bien de todos, primero los pobres\u201d tras resaltar la reducci\u00f3n de 13.4 millones de personas que salieron de la pobreza.<br><br>\ud83d\uddde\ufe0fIsrael Aldave v\u00eda <a href=\"https:\/\/twitter.com\/Radio_Formula?ref_src=twsrc%5Etfw\">@Radio_Formula<\/a> <a href=\"https:\/\/t.co\/pXZHYubM46\">pic.twitter.com\/pXZHYubM46<\/a><\/p>&mdash; Azucena Uresti (@azucenau) <a href=\"https:\/\/twitter.com\/azucenau\/status\/1965777917499359282?ref_src=twsrc%5Etfw\">September 10, 2025<\/a><\/blockquote><script async src=\"https:\/\/platform.twitter.com\/widgets.js\" charset=\"utf-8\"><\/script>\n<\/div><\/figure>\n","protected":false},"excerpt":{"rendered":"<p>Por Redacci\u00f3n QP El plan garantiza todos los Programas para el Bienestar y propone un&#8230;<\/p>\n","protected":false},"author":2,"featured_media":119014,"comment_status":"open","ping_status":"open","sticky":false,"template":"","format":"standard","meta":{"_monsterinsights_skip_tracking":false,"_monsterinsights_sitenote_active":false,"_monsterinsights_sitenote_note":"","_monsterinsights_sitenote_category":0,"footnotes":""},"categories":[56],"tags":[],"class_list":["post-119013","post","type-post","status-publish","format-standard","has-post-thumbnail","hentry","category-economia"],"yoast_head":"<!-- This site is optimized with the Yoast SEO plugin v27.3 - https:\/\/yoast.com\/product\/yoast-seo-wordpress\/ -->\n<title>Sheinbaum presenta Paquete Econ\u00f3mico con enfoque humanista -<\/title>\n<meta name=\"robots\" content=\"index, follow, max-snippet:-1, max-image-preview:large, max-video-preview:-1\" \/>\n<link rel=\"canonical\" href=\"https:\/\/quehacerpolitico.mx\/?p=119013\" \/>\n<meta property=\"og:locale\" content=\"es_MX\" \/>\n<meta property=\"og:type\" content=\"article\" \/>\n<meta property=\"og:title\" content=\"Sheinbaum presenta Paquete Econ\u00f3mico con enfoque humanista -\" \/>\n<meta property=\"og:description\" content=\"Por Redacci\u00f3n QP El plan garantiza todos los Programas para el Bienestar y propone un...\" \/>\n<meta property=\"og:url\" content=\"https:\/\/quehacerpolitico.mx\/?p=119013\" \/>\n<meta property=\"article:published_time\" content=\"2025-09-10T18:58:28+00:00\" \/>\n<meta property=\"article:modified_time\" content=\"2025-09-10T18:58:31+00:00\" \/>\n<meta property=\"og:image\" content=\"https:\/\/quehacerpolitico.mx\/wp-content\/uploads\/2025\/09\/IMG_3402.jpeg\" \/>\n\t<meta property=\"og:image:width\" content=\"1170\" \/>\n\t<meta property=\"og:image:height\" content=\"655\" \/>\n\t<meta property=\"og:image:type\" content=\"image\/jpeg\" \/>\n<meta name=\"author\" content=\"Redacci\u00f3n QP\" \/>\n<meta name=\"twitter:card\" content=\"summary_large_image\" \/>\n<meta name=\"twitter:label1\" content=\"Escrito por\" \/>\n\t<meta name=\"twitter:data1\" content=\"Redacci\u00f3n QP\" \/>\n\t<meta name=\"twitter:label2\" content=\"Tiempo de lectura\" \/>\n\t<meta name=\"twitter:data2\" content=\"3 minutos\" \/>\n<script type=\"application\/ld+json\" class=\"yoast-schema-graph\">{\"@context\":\"https:\\\/\\\/schema.org\",\"@graph\":[{\"@type\":\"Article\",\"@id\":\"https:\\\/\\\/quehacerpolitico.mx\\\/?p=119013#article\",\"isPartOf\":{\"@id\":\"https:\\\/\\\/quehacerpolitico.mx\\\/?p=119013\"},\"author\":{\"name\":\"Redacci\u00f3n QP\",\"@id\":\"https:\\\/\\\/quehacerpolitico.mx\\\/#\\\/schema\\\/person\\\/496d8ad2d1d3f8036101dca7ee39e585\"},\"headline\":\"Sheinbaum presenta Paquete Econ\u00f3mico con enfoque humanista\",\"datePublished\":\"2025-09-10T18:58:28+00:00\",\"dateModified\":\"2025-09-10T18:58:31+00:00\",\"mainEntityOfPage\":{\"@id\":\"https:\\\/\\\/quehacerpolitico.mx\\\/?p=119013\"},\"wordCount\":572,\"commentCount\":0,\"image\":{\"@id\":\"https:\\\/\\\/quehacerpolitico.mx\\\/?p=119013#primaryimage\"},\"thumbnailUrl\":\"https:\\\/\\\/quehacerpolitico.mx\\\/wp-content\\\/uploads\\\/2025\\\/09\\\/IMG_3402.jpeg\",\"articleSection\":[\"Econom\u00eda\"],\"inLanguage\":\"es\",\"potentialAction\":[{\"@type\":\"CommentAction\",\"name\":\"Comment\",\"target\":[\"https:\\\/\\\/quehacerpolitico.mx\\\/?p=119013#respond\"]}]},{\"@type\":\"WebPage\",\"@id\":\"https:\\\/\\\/quehacerpolitico.mx\\\/?p=119013\",\"url\":\"https:\\\/\\\/quehacerpolitico.mx\\\/?p=119013\",\"name\":\"Sheinbaum presenta Paquete Econ\u00f3mico con enfoque humanista -\",\"isPartOf\":{\"@id\":\"https:\\\/\\\/quehacerpolitico.mx\\\/#website\"},\"primaryImageOfPage\":{\"@id\":\"https:\\\/\\\/quehacerpolitico.mx\\\/?p=119013#primaryimage\"},\"image\":{\"@id\":\"https:\\\/\\\/quehacerpolitico.mx\\\/?p=119013#primaryimage\"},\"thumbnailUrl\":\"https:\\\/\\\/quehacerpolitico.mx\\\/wp-content\\\/uploads\\\/2025\\\/09\\\/IMG_3402.jpeg\",\"datePublished\":\"2025-09-10T18:58:28+00:00\",\"dateModified\":\"2025-09-10T18:58:31+00:00\",\"author\":{\"@id\":\"https:\\\/\\\/quehacerpolitico.mx\\\/#\\\/schema\\\/person\\\/496d8ad2d1d3f8036101dca7ee39e585\"},\"breadcrumb\":{\"@id\":\"https:\\\/\\\/quehacerpolitico.mx\\\/?p=119013#breadcrumb\"},\"inLanguage\":\"es\",\"potentialAction\":[{\"@type\":\"ReadAction\",\"target\":[\"https:\\\/\\\/quehacerpolitico.mx\\\/?p=119013\"]}]},{\"@type\":\"ImageObject\",\"inLanguage\":\"es\",\"@id\":\"https:\\\/\\\/quehacerpolitico.mx\\\/?p=119013#primaryimage\",\"url\":\"https:\\\/\\\/quehacerpolitico.mx\\\/wp-content\\\/uploads\\\/2025\\\/09\\\/IMG_3402.jpeg\",\"contentUrl\":\"https:\\\/\\\/quehacerpolitico.mx\\\/wp-content\\\/uploads\\\/2025\\\/09\\\/IMG_3402.jpeg\",\"width\":1170,\"height\":655,\"caption\":\"Screenshot\"},{\"@type\":\"BreadcrumbList\",\"@id\":\"https:\\\/\\\/quehacerpolitico.mx\\\/?p=119013#breadcrumb\",\"itemListElement\":[{\"@type\":\"ListItem\",\"position\":1,\"name\":\"Inicio\",\"item\":\"https:\\\/\\\/quehacerpolitico.mx\\\/\"},{\"@type\":\"ListItem\",\"position\":2,\"name\":\"Sheinbaum presenta Paquete Econ\u00f3mico con enfoque humanista\"}]},{\"@type\":\"WebSite\",\"@id\":\"https:\\\/\\\/quehacerpolitico.mx\\\/#website\",\"url\":\"https:\\\/\\\/quehacerpolitico.mx\\\/\",\"name\":\"\",\"description\":\"\",\"potentialAction\":[{\"@type\":\"SearchAction\",\"target\":{\"@type\":\"EntryPoint\",\"urlTemplate\":\"https:\\\/\\\/quehacerpolitico.mx\\\/?s={search_term_string}\"},\"query-input\":{\"@type\":\"PropertyValueSpecification\",\"valueRequired\":true,\"valueName\":\"search_term_string\"}}],\"inLanguage\":\"es\"},{\"@type\":\"Person\",\"@id\":\"https:\\\/\\\/quehacerpolitico.mx\\\/#\\\/schema\\\/person\\\/496d8ad2d1d3f8036101dca7ee39e585\",\"name\":\"Redacci\u00f3n QP\",\"image\":{\"@type\":\"ImageObject\",\"inLanguage\":\"es\",\"@id\":\"https:\\\/\\\/secure.gravatar.com\\\/avatar\\\/c7164ed6fdec453195284ad24a5ae5b6e1eed2b848477fa2a4787ba9adf39a41?s=96&d=mm&r=g\",\"url\":\"https:\\\/\\\/secure.gravatar.com\\\/avatar\\\/c7164ed6fdec453195284ad24a5ae5b6e1eed2b848477fa2a4787ba9adf39a41?s=96&d=mm&r=g\",\"contentUrl\":\"https:\\\/\\\/secure.gravatar.com\\\/avatar\\\/c7164ed6fdec453195284ad24a5ae5b6e1eed2b848477fa2a4787ba9adf39a41?s=96&d=mm&r=g\",\"caption\":\"Redacci\u00f3n QP\"},\"url\":\"https:\\\/\\\/quehacerpolitico.mx\\\/?author=2\"}]}<\/script>\n<!-- \/ Yoast SEO plugin. -->","yoast_head_json":{"title":"Sheinbaum presenta Paquete Econ\u00f3mico con enfoque humanista -","robots":{"index":"index","follow":"follow","max-snippet":"max-snippet:-1","max-image-preview":"max-image-preview:large","max-video-preview":"max-video-preview:-1"},"canonical":"https:\/\/quehacerpolitico.mx\/?p=119013","og_locale":"es_MX","og_type":"article","og_title":"Sheinbaum presenta Paquete Econ\u00f3mico con enfoque humanista -","og_description":"Por Redacci\u00f3n QP El plan garantiza todos los Programas para el Bienestar y propone un...","og_url":"https:\/\/quehacerpolitico.mx\/?p=119013","article_published_time":"2025-09-10T18:58:28+00:00","article_modified_time":"2025-09-10T18:58:31+00:00","og_image":[{"width":1170,"height":655,"url":"https:\/\/quehacerpolitico.mx\/wp-content\/uploads\/2025\/09\/IMG_3402.jpeg","type":"image\/jpeg"}],"author":"Redacci\u00f3n QP","twitter_card":"summary_large_image","twitter_misc":{"Escrito por":"Redacci\u00f3n QP","Tiempo de lectura":"3 minutos"},"schema":{"@context":"https:\/\/schema.org","@graph":[{"@type":"Article","@id":"https:\/\/quehacerpolitico.mx\/?p=119013#article","isPartOf":{"@id":"https:\/\/quehacerpolitico.mx\/?p=119013"},"author":{"name":"Redacci\u00f3n QP","@id":"https:\/\/quehacerpolitico.mx\/#\/schema\/person\/496d8ad2d1d3f8036101dca7ee39e585"},"headline":"Sheinbaum presenta Paquete Econ\u00f3mico con enfoque humanista","datePublished":"2025-09-10T18:58:28+00:00","dateModified":"2025-09-10T18:58:31+00:00","mainEntityOfPage":{"@id":"https:\/\/quehacerpolitico.mx\/?p=119013"},"wordCount":572,"commentCount":0,"image":{"@id":"https:\/\/quehacerpolitico.mx\/?p=119013#primaryimage"},"thumbnailUrl":"https:\/\/quehacerpolitico.mx\/wp-content\/uploads\/2025\/09\/IMG_3402.jpeg","articleSection":["Econom\u00eda"],"inLanguage":"es","potentialAction":[{"@type":"CommentAction","name":"Comment","target":["https:\/\/quehacerpolitico.mx\/?p=119013#respond"]}]},{"@type":"WebPage","@id":"https:\/\/quehacerpolitico.mx\/?p=119013","url":"https:\/\/quehacerpolitico.mx\/?p=119013","name":"Sheinbaum presenta Paquete Econ\u00f3mico con enfoque humanista -","isPartOf":{"@id":"https:\/\/quehacerpolitico.mx\/#website"},"primaryImageOfPage":{"@id":"https:\/\/quehacerpolitico.mx\/?p=119013#primaryimage"},"image":{"@id":"https:\/\/quehacerpolitico.mx\/?p=119013#primaryimage"},"thumbnailUrl":"https:\/\/quehacerpolitico.mx\/wp-content\/uploads\/2025\/09\/IMG_3402.jpeg","datePublished":"2025-09-10T18:58:28+00:00","dateModified":"2025-09-10T18:58:31+00:00","author":{"@id":"https:\/\/quehacerpolitico.mx\/#\/schema\/person\/496d8ad2d1d3f8036101dca7ee39e585"},"breadcrumb":{"@id":"https:\/\/quehacerpolitico.mx\/?p=119013#breadcrumb"},"inLanguage":"es","potentialAction":[{"@type":"ReadAction","target":["https:\/\/quehacerpolitico.mx\/?p=119013"]}]},{"@type":"ImageObject","inLanguage":"es","@id":"https:\/\/quehacerpolitico.mx\/?p=119013#primaryimage","url":"https:\/\/quehacerpolitico.mx\/wp-content\/uploads\/2025\/09\/IMG_3402.jpeg","contentUrl":"https:\/\/quehacerpolitico.mx\/wp-content\/uploads\/2025\/09\/IMG_3402.jpeg","width":1170,"height":655,"caption":"Screenshot"},{"@type":"BreadcrumbList","@id":"https:\/\/quehacerpolitico.mx\/?p=119013#breadcrumb","itemListElement":[{"@type":"ListItem","position":1,"name":"Inicio","item":"https:\/\/quehacerpolitico.mx\/"},{"@type":"ListItem","position":2,"name":"Sheinbaum presenta Paquete Econ\u00f3mico con enfoque humanista"}]},{"@type":"WebSite","@id":"https:\/\/quehacerpolitico.mx\/#website","url":"https:\/\/quehacerpolitico.mx\/","name":"","description":"","potentialAction":[{"@type":"SearchAction","target":{"@type":"EntryPoint","urlTemplate":"https:\/\/quehacerpolitico.mx\/?s={search_term_string}"},"query-input":{"@type":"PropertyValueSpecification","valueRequired":true,"valueName":"search_term_string"}}],"inLanguage":"es"},{"@type":"Person","@id":"https:\/\/quehacerpolitico.mx\/#\/schema\/person\/496d8ad2d1d3f8036101dca7ee39e585","name":"Redacci\u00f3n QP","image":{"@type":"ImageObject","inLanguage":"es","@id":"https:\/\/secure.gravatar.com\/avatar\/c7164ed6fdec453195284ad24a5ae5b6e1eed2b848477fa2a4787ba9adf39a41?s=96&d=mm&r=g","url":"https:\/\/secure.gravatar.com\/avatar\/c7164ed6fdec453195284ad24a5ae5b6e1eed2b848477fa2a4787ba9adf39a41?s=96&d=mm&r=g","contentUrl":"https:\/\/secure.gravatar.com\/avatar\/c7164ed6fdec453195284ad24a5ae5b6e1eed2b848477fa2a4787ba9adf39a41?s=96&d=mm&r=g","caption":"Redacci\u00f3n QP"},"url":"https:\/\/quehacerpolitico.mx\/?author=2"}]}},"featured_image_urls":{"full":["https:\/\/quehacerpolitico.mx\/wp-content\/uploads\/2025\/09\/IMG_3402.jpeg",1170,655,false],"thumbnail":["https:\/\/quehacerpolitico.mx\/wp-content\/uploads\/2025\/09\/IMG_3402-150x150.jpeg",150,150,true],"medium":["https:\/\/quehacerpolitico.mx\/wp-content\/uploads\/2025\/09\/IMG_3402-300x168.jpeg",300,168,true],"medium_large":["https:\/\/quehacerpolitico.mx\/wp-content\/uploads\/2025\/09\/IMG_3402-768x430.jpeg",640,358,true],"large":["https:\/\/quehacerpolitico.mx\/wp-content\/uploads\/2025\/09\/IMG_3402-1024x573.jpeg",640,358,true],"1536x1536":["https:\/\/quehacerpolitico.mx\/wp-content\/uploads\/2025\/09\/IMG_3402.jpeg",1170,655,false],"2048x2048":["https:\/\/quehacerpolitico.mx\/wp-content\/uploads\/2025\/09\/IMG_3402.jpeg",1170,655,false],"covernews-featured":["https:\/\/quehacerpolitico.mx\/wp-content\/uploads\/2025\/09\/IMG_3402-1024x573.jpeg",1024,573,true],"covernews-medium":["https:\/\/quehacerpolitico.mx\/wp-content\/uploads\/2025\/09\/IMG_3402-540x340.jpeg",540,340,true]},"author_info":{"display_name":"Redacci\u00f3n QP","author_link":"https:\/\/quehacerpolitico.mx\/?author=2"},"category_info":"<a href=\"https:\/\/quehacerpolitico.mx\/?cat=56\" rel=\"category\">Econom\u00eda<\/a>","tag_info":"Econom\u00eda","comment_count":"0","_links":{"self":[{"href":"https:\/\/quehacerpolitico.mx\/index.php?rest_route=\/wp\/v2\/posts\/119013","targetHints":{"allow":["GET"]}}],"collection":[{"href":"https:\/\/quehacerpolitico.mx\/index.php?rest_route=\/wp\/v2\/posts"}],"about":[{"href":"https:\/\/quehacerpolitico.mx\/index.php?rest_route=\/wp\/v2\/types\/post"}],"author":[{"embeddable":true,"href":"https:\/\/quehacerpolitico.mx\/index.php?rest_route=\/wp\/v2\/users\/2"}],"replies":[{"embeddable":true,"href":"https:\/\/quehacerpolitico.mx\/index.php?rest_route=%2Fwp%2Fv2%2Fcomments&post=119013"}],"version-history":[{"count":1,"href":"https:\/\/quehacerpolitico.mx\/index.php?rest_route=\/wp\/v2\/posts\/119013\/revisions"}],"predecessor-version":[{"id":119015,"href":"https:\/\/quehacerpolitico.mx\/index.php?rest_route=\/wp\/v2\/posts\/119013\/revisions\/119015"}],"wp:featuredmedia":[{"embeddable":true,"href":"https:\/\/quehacerpolitico.mx\/index.php?rest_route=\/wp\/v2\/media\/119014"}],"wp:attachment":[{"href":"https:\/\/quehacerpolitico.mx\/index.php?rest_route=%2Fwp%2Fv2%2Fmedia&parent=119013"}],"wp:term":[{"taxonomy":"category","embeddable":true,"href":"https:\/\/quehacerpolitico.mx\/index.php?rest_route=%2Fwp%2Fv2%2Fcategories&post=119013"},{"taxonomy":"post_tag","embeddable":true,"href":"https:\/\/quehacerpolitico.mx\/index.php?rest_route=%2Fwp%2Fv2%2Ftags&post=119013"}],"curies":[{"name":"wp","href":"https:\/\/api.w.org\/{rel}","templated":true}]}}