{"id":119007,"date":"2025-09-10T12:02:20","date_gmt":"2025-09-10T18:02:20","guid":{"rendered":"https:\/\/quehacerpolitico.mx\/?p=119007"},"modified":"2025-09-10T12:02:22","modified_gmt":"2025-09-10T18:02:22","slug":"harfuch-niega-colaboracion-con-la-dea-contra-el-cartel-de-sinaloa","status":"publish","type":"post","link":"https:\/\/quehacerpolitico.mx\/?p=119007","title":{"rendered":"Harfuch niega colaboraci\u00f3n con la DEA contra el C\u00e1rtel de Sinaloa"},"content":{"rendered":"\n<p>Por Redacci\u00f3n QP<\/p>\n\n\n\n<p>El secretario apunta que se han mantenido los operativos y las detenciones contra ese grupo<\/p>\n\n\n\n<p>Tras el anuncio de la Agencia Antidrogas de Estados Unidos (DEA) de los resultados de un operativo coordinado a nivel nacional e internacional contra el c\u00e1rtel de Sinaloa, el secretario de Seguridad,&nbsp;<strong>Omar&nbsp;Garc\u00eda&nbsp;Harfuch, aclar\u00f3 que M\u00e9xico no ha participado en ninguna operaci\u00f3n en conjunto con Estados Unidos.<\/strong><\/p>\n\n\n\n<p>Aclar\u00f3 que, en nuestro pa\u00eds, han estado detenciones relevantes de manera permanente relacionadas con el c\u00e1rtel de Sinaloa.<\/p>\n\n\n\n<p>\u201c(Pero) relacionadas con un operativo o gran operativo de la DEA internacional, y que involucre M\u00e9xico, no, no hemos tenido ninguna operaci\u00f3n en conjunto\u201d, asegur\u00f3 en la conferencia matutina de la Presidenta de M\u00e9xico, Claudia Sheinbaum.<\/p>\n\n\n\n<p>La DEA hab\u00eda informado que ese operativo dej\u00f3 617 detenidos y la incautaci\u00f3n de m\u00e1s de 10 toneladas de drogas vinculadas a la organizaci\u00f3n criminal.<\/p>\n\n\n\n<p>Calific\u00f3 al c\u00e1rtel de Sinaloa como \u201cuna de las amenazas m\u00e1s importantes para la seguridad p\u00fablica, la salud p\u00fablica y nuestra seguridad nacional\u201d y dijo estar comprometida a \u201cdesmantelar sus redes de mando, control y distribuci\u00f3n\u201d, tras se\u00f1alarlo como responsable de inundar EU con drogas.<\/p>\n\n\n\n<p>Record\u00f3 que, en febrero pasado, este C\u00e1rtel fue uno de los seis mexicanos a los que el presidente Donald Trump design\u00f3 como organizaci\u00f3n terrorista extranjera.<\/p>\n\n\n\n<h4 class=\"wp-block-heading\">As\u00ed fue el golpe al grupo criminal<\/h4>\n\n\n\n<ul class=\"wp-block-list\">\n<li>La operaci\u00f3n contra el c\u00e1rtel se realiz\u00f3 entre el 25 y el 29 de agosto de este a\u00f1o. Participaron agentes de la DEA de 23 divisiones nacionales y siete regiones extranjeras.\u00a0<\/li>\n\n\n\n<li>Se incautaron 480 kilogramos de fentanilo en polvo, 714 mil 707 pastillas falsificadas, 2.2 toneladas de metanfetamina, 7.46 toneladas de coca\u00edna y 16.55 kilogramos de hero\u00edna.<\/li>\n\n\n\n<li>La DEA se\u00f1al\u00f3 que en las operaciones se incautaron 11 millones 111 mil 483 d\u00f3lares en efectivo, adem\u00e1s de 1 mill\u00f3n 697 mil 313 d\u00f3lares en bienes. Adem\u00e1s, se confiscaron 420 armas de fuego.<\/li>\n<\/ul>\n\n\n\n<p>AVANZAN LAS INDAGATORIAS<\/p>\n\n\n\n<h4 class=\"wp-block-heading\">Autoridades prometen que habr\u00e1 \u201ccero impunidad\u201d en huachicol fiscal<\/h4>\n\n\n\n<p>Omar Garc\u00eda Harfuch enfatiz\u00f3 que no habr\u00e1 impunidad en el caso de robo de combustible y corrupci\u00f3n relacionada con elementos de la Secretar\u00eda de Marina (Semar).<\/p>\n\n\n\n<p>Harfuch reiter\u00f3 que \u201cel actuar aislado de unos cuantos, no representa el actuar de la instituci\u00f3n\u201d.<\/p>\n\n\n\n<p>\u201cComo parte de la pol\u00edtica de cero tolerancia a la corrupci\u00f3n, instruida por la presidenta Claudia Sheinbaum, y resultado de trabajos de investigaci\u00f3n del Gabinete de Seguridad tras el aseguramiento de 10 millones de litros de di\u00e9sel en Tampico, Tamaulipas, en el mes de marzo, fueron detenidas en la Ciudad de M\u00e9xico, Nuevo Le\u00f3n, Tamaulipas y Veracruz, 15 personas entre las que se encontraban empresarios y algunos servidores p\u00fablicos relacionados con el mercado il\u00edcito de combustible\u201d, apunt\u00f3.<\/p>\n\n\n\n<h4 class=\"wp-block-heading\">Claudia Sheinbaum pide respetar festejos patrios de paisanos en EU<\/h4>\n\n\n\n<p>Cuestionada sobre las redadas en los festejos patrios de M\u00e9xico en Estados Unidos (EU), la Presidenta coment\u00f3 que, la cancelaci\u00f3n de estas celebraciones son decisiones propias, pero que revisar\u00e1 con la Secretar\u00eda de Relaciones Exteriores (SRE) que se puede plantear, en particular en Chicago.<\/p>\n\n\n\n<p>\u201cAlgunos han planteado que no se realice, y yo pienso que, si se hace de manera pac\u00edfica, relacionado con la independencia, pues no tendr\u00eda problema. Pero vamos a ver cu\u00e1l es la opini\u00f3n de Canciller\u00eda para no cometer alg\u00fan error\u201d, inform\u00f3.<\/p>\n","protected":false},"excerpt":{"rendered":"<p>Por Redacci\u00f3n QP El secretario apunta que se han mantenido los operativos y las detenciones&#8230;<\/p>\n","protected":false},"author":2,"featured_media":119008,"comment_status":"open","ping_status":"open","sticky":false,"template":"","format":"standard","meta":{"_monsterinsights_skip_tracking":false,"_monsterinsights_sitenote_active":false,"_monsterinsights_sitenote_note":"","_monsterinsights_sitenote_category":0,"footnotes":""},"categories":[280,2],"tags":[],"class_list":["post-119007","post","type-post","status-publish","format-standard","has-post-thumbnail","hentry","category-nacionales","category-noticias"],"yoast_head":"<!-- This site is optimized with the Yoast SEO plugin v27.3 - https:\/\/yoast.com\/product\/yoast-seo-wordpress\/ -->\n<title>Harfuch niega colaboraci\u00f3n con la DEA contra el C\u00e1rtel de Sinaloa -<\/title>\n<meta name=\"robots\" content=\"index, follow, max-snippet:-1, max-image-preview:large, max-video-preview:-1\" \/>\n<link rel=\"canonical\" href=\"https:\/\/quehacerpolitico.mx\/?p=119007\" \/>\n<meta property=\"og:locale\" content=\"es_MX\" \/>\n<meta property=\"og:type\" content=\"article\" \/>\n<meta property=\"og:title\" content=\"Harfuch niega colaboraci\u00f3n con la DEA contra el C\u00e1rtel de Sinaloa -\" \/>\n<meta property=\"og:description\" content=\"Por Redacci\u00f3n QP El secretario apunta que se han mantenido los operativos y las detenciones...\" \/>\n<meta property=\"og:url\" content=\"https:\/\/quehacerpolitico.mx\/?p=119007\" \/>\n<meta property=\"article:published_time\" content=\"2025-09-10T18:02:20+00:00\" \/>\n<meta property=\"article:modified_time\" content=\"2025-09-10T18:02:22+00:00\" \/>\n<meta property=\"og:image\" content=\"https:\/\/quehacerpolitico.mx\/wp-content\/uploads\/2025\/09\/IMG_3397.jpeg\" \/>\n\t<meta property=\"og:image:width\" content=\"678\" \/>\n\t<meta property=\"og:image:height\" content=\"452\" \/>\n\t<meta property=\"og:image:type\" content=\"image\/jpeg\" \/>\n<meta name=\"author\" content=\"Redacci\u00f3n QP\" \/>\n<meta name=\"twitter:card\" content=\"summary_large_image\" \/>\n<meta name=\"twitter:label1\" content=\"Escrito por\" \/>\n\t<meta name=\"twitter:data1\" content=\"Redacci\u00f3n QP\" \/>\n\t<meta name=\"twitter:label2\" content=\"Tiempo de lectura\" \/>\n\t<meta name=\"twitter:data2\" content=\"3 minutos\" \/>\n<script type=\"application\/ld+json\" class=\"yoast-schema-graph\">{\"@context\":\"https:\\\/\\\/schema.org\",\"@graph\":[{\"@type\":\"Article\",\"@id\":\"https:\\\/\\\/quehacerpolitico.mx\\\/?p=119007#article\",\"isPartOf\":{\"@id\":\"https:\\\/\\\/quehacerpolitico.mx\\\/?p=119007\"},\"author\":{\"name\":\"Redacci\u00f3n QP\",\"@id\":\"https:\\\/\\\/quehacerpolitico.mx\\\/#\\\/schema\\\/person\\\/496d8ad2d1d3f8036101dca7ee39e585\"},\"headline\":\"Harfuch niega colaboraci\u00f3n con la DEA contra el C\u00e1rtel de Sinaloa\",\"datePublished\":\"2025-09-10T18:02:20+00:00\",\"dateModified\":\"2025-09-10T18:02:22+00:00\",\"mainEntityOfPage\":{\"@id\":\"https:\\\/\\\/quehacerpolitico.mx\\\/?p=119007\"},\"wordCount\":590,\"commentCount\":0,\"image\":{\"@id\":\"https:\\\/\\\/quehacerpolitico.mx\\\/?p=119007#primaryimage\"},\"thumbnailUrl\":\"https:\\\/\\\/quehacerpolitico.mx\\\/wp-content\\\/uploads\\\/2025\\\/09\\\/IMG_3397.jpeg\",\"articleSection\":[\"Nacionales\",\"Noticias\"],\"inLanguage\":\"es\",\"potentialAction\":[{\"@type\":\"CommentAction\",\"name\":\"Comment\",\"target\":[\"https:\\\/\\\/quehacerpolitico.mx\\\/?p=119007#respond\"]}]},{\"@type\":\"WebPage\",\"@id\":\"https:\\\/\\\/quehacerpolitico.mx\\\/?p=119007\",\"url\":\"https:\\\/\\\/quehacerpolitico.mx\\\/?p=119007\",\"name\":\"Harfuch niega colaboraci\u00f3n con la DEA contra el C\u00e1rtel de Sinaloa -\",\"isPartOf\":{\"@id\":\"https:\\\/\\\/quehacerpolitico.mx\\\/#website\"},\"primaryImageOfPage\":{\"@id\":\"https:\\\/\\\/quehacerpolitico.mx\\\/?p=119007#primaryimage\"},\"image\":{\"@id\":\"https:\\\/\\\/quehacerpolitico.mx\\\/?p=119007#primaryimage\"},\"thumbnailUrl\":\"https:\\\/\\\/quehacerpolitico.mx\\\/wp-content\\\/uploads\\\/2025\\\/09\\\/IMG_3397.jpeg\",\"datePublished\":\"2025-09-10T18:02:20+00:00\",\"dateModified\":\"2025-09-10T18:02:22+00:00\",\"author\":{\"@id\":\"https:\\\/\\\/quehacerpolitico.mx\\\/#\\\/schema\\\/person\\\/496d8ad2d1d3f8036101dca7ee39e585\"},\"breadcrumb\":{\"@id\":\"https:\\\/\\\/quehacerpolitico.mx\\\/?p=119007#breadcrumb\"},\"inLanguage\":\"es\",\"potentialAction\":[{\"@type\":\"ReadAction\",\"target\":[\"https:\\\/\\\/quehacerpolitico.mx\\\/?p=119007\"]}]},{\"@type\":\"ImageObject\",\"inLanguage\":\"es\",\"@id\":\"https:\\\/\\\/quehacerpolitico.mx\\\/?p=119007#primaryimage\",\"url\":\"https:\\\/\\\/quehacerpolitico.mx\\\/wp-content\\\/uploads\\\/2025\\\/09\\\/IMG_3397.jpeg\",\"contentUrl\":\"https:\\\/\\\/quehacerpolitico.mx\\\/wp-content\\\/uploads\\\/2025\\\/09\\\/IMG_3397.jpeg\",\"width\":678,\"height\":452},{\"@type\":\"BreadcrumbList\",\"@id\":\"https:\\\/\\\/quehacerpolitico.mx\\\/?p=119007#breadcrumb\",\"itemListElement\":[{\"@type\":\"ListItem\",\"position\":1,\"name\":\"Inicio\",\"item\":\"https:\\\/\\\/quehacerpolitico.mx\\\/\"},{\"@type\":\"ListItem\",\"position\":2,\"name\":\"Harfuch niega colaboraci\u00f3n con la DEA contra el C\u00e1rtel de Sinaloa\"}]},{\"@type\":\"WebSite\",\"@id\":\"https:\\\/\\\/quehacerpolitico.mx\\\/#website\",\"url\":\"https:\\\/\\\/quehacerpolitico.mx\\\/\",\"name\":\"\",\"description\":\"\",\"potentialAction\":[{\"@type\":\"SearchAction\",\"target\":{\"@type\":\"EntryPoint\",\"urlTemplate\":\"https:\\\/\\\/quehacerpolitico.mx\\\/?s={search_term_string}\"},\"query-input\":{\"@type\":\"PropertyValueSpecification\",\"valueRequired\":true,\"valueName\":\"search_term_string\"}}],\"inLanguage\":\"es\"},{\"@type\":\"Person\",\"@id\":\"https:\\\/\\\/quehacerpolitico.mx\\\/#\\\/schema\\\/person\\\/496d8ad2d1d3f8036101dca7ee39e585\",\"name\":\"Redacci\u00f3n QP\",\"image\":{\"@type\":\"ImageObject\",\"inLanguage\":\"es\",\"@id\":\"https:\\\/\\\/secure.gravatar.com\\\/avatar\\\/c7164ed6fdec453195284ad24a5ae5b6e1eed2b848477fa2a4787ba9adf39a41?s=96&d=mm&r=g\",\"url\":\"https:\\\/\\\/secure.gravatar.com\\\/avatar\\\/c7164ed6fdec453195284ad24a5ae5b6e1eed2b848477fa2a4787ba9adf39a41?s=96&d=mm&r=g\",\"contentUrl\":\"https:\\\/\\\/secure.gravatar.com\\\/avatar\\\/c7164ed6fdec453195284ad24a5ae5b6e1eed2b848477fa2a4787ba9adf39a41?s=96&d=mm&r=g\",\"caption\":\"Redacci\u00f3n QP\"},\"url\":\"https:\\\/\\\/quehacerpolitico.mx\\\/?author=2\"}]}<\/script>\n<!-- \/ Yoast SEO plugin. -->","yoast_head_json":{"title":"Harfuch niega colaboraci\u00f3n con la DEA contra el C\u00e1rtel de Sinaloa -","robots":{"index":"index","follow":"follow","max-snippet":"max-snippet:-1","max-image-preview":"max-image-preview:large","max-video-preview":"max-video-preview:-1"},"canonical":"https:\/\/quehacerpolitico.mx\/?p=119007","og_locale":"es_MX","og_type":"article","og_title":"Harfuch niega colaboraci\u00f3n con la DEA contra el C\u00e1rtel de Sinaloa -","og_description":"Por Redacci\u00f3n QP El secretario apunta que se han mantenido los operativos y las detenciones...","og_url":"https:\/\/quehacerpolitico.mx\/?p=119007","article_published_time":"2025-09-10T18:02:20+00:00","article_modified_time":"2025-09-10T18:02:22+00:00","og_image":[{"width":678,"height":452,"url":"https:\/\/quehacerpolitico.mx\/wp-content\/uploads\/2025\/09\/IMG_3397.jpeg","type":"image\/jpeg"}],"author":"Redacci\u00f3n QP","twitter_card":"summary_large_image","twitter_misc":{"Escrito por":"Redacci\u00f3n QP","Tiempo de lectura":"3 minutos"},"schema":{"@context":"https:\/\/schema.org","@graph":[{"@type":"Article","@id":"https:\/\/quehacerpolitico.mx\/?p=119007#article","isPartOf":{"@id":"https:\/\/quehacerpolitico.mx\/?p=119007"},"author":{"name":"Redacci\u00f3n QP","@id":"https:\/\/quehacerpolitico.mx\/#\/schema\/person\/496d8ad2d1d3f8036101dca7ee39e585"},"headline":"Harfuch niega colaboraci\u00f3n con la DEA contra el C\u00e1rtel de Sinaloa","datePublished":"2025-09-10T18:02:20+00:00","dateModified":"2025-09-10T18:02:22+00:00","mainEntityOfPage":{"@id":"https:\/\/quehacerpolitico.mx\/?p=119007"},"wordCount":590,"commentCount":0,"image":{"@id":"https:\/\/quehacerpolitico.mx\/?p=119007#primaryimage"},"thumbnailUrl":"https:\/\/quehacerpolitico.mx\/wp-content\/uploads\/2025\/09\/IMG_3397.jpeg","articleSection":["Nacionales","Noticias"],"inLanguage":"es","potentialAction":[{"@type":"CommentAction","name":"Comment","target":["https:\/\/quehacerpolitico.mx\/?p=119007#respond"]}]},{"@type":"WebPage","@id":"https:\/\/quehacerpolitico.mx\/?p=119007","url":"https:\/\/quehacerpolitico.mx\/?p=119007","name":"Harfuch niega colaboraci\u00f3n con la DEA contra el C\u00e1rtel de Sinaloa -","isPartOf":{"@id":"https:\/\/quehacerpolitico.mx\/#website"},"primaryImageOfPage":{"@id":"https:\/\/quehacerpolitico.mx\/?p=119007#primaryimage"},"image":{"@id":"https:\/\/quehacerpolitico.mx\/?p=119007#primaryimage"},"thumbnailUrl":"https:\/\/quehacerpolitico.mx\/wp-content\/uploads\/2025\/09\/IMG_3397.jpeg","datePublished":"2025-09-10T18:02:20+00:00","dateModified":"2025-09-10T18:02:22+00:00","author":{"@id":"https:\/\/quehacerpolitico.mx\/#\/schema\/person\/496d8ad2d1d3f8036101dca7ee39e585"},"breadcrumb":{"@id":"https:\/\/quehacerpolitico.mx\/?p=119007#breadcrumb"},"inLanguage":"es","potentialAction":[{"@type":"ReadAction","target":["https:\/\/quehacerpolitico.mx\/?p=119007"]}]},{"@type":"ImageObject","inLanguage":"es","@id":"https:\/\/quehacerpolitico.mx\/?p=119007#primaryimage","url":"https:\/\/quehacerpolitico.mx\/wp-content\/uploads\/2025\/09\/IMG_3397.jpeg","contentUrl":"https:\/\/quehacerpolitico.mx\/wp-content\/uploads\/2025\/09\/IMG_3397.jpeg","width":678,"height":452},{"@type":"BreadcrumbList","@id":"https:\/\/quehacerpolitico.mx\/?p=119007#breadcrumb","itemListElement":[{"@type":"ListItem","position":1,"name":"Inicio","item":"https:\/\/quehacerpolitico.mx\/"},{"@type":"ListItem","position":2,"name":"Harfuch niega colaboraci\u00f3n con la DEA contra el C\u00e1rtel de Sinaloa"}]},{"@type":"WebSite","@id":"https:\/\/quehacerpolitico.mx\/#website","url":"https:\/\/quehacerpolitico.mx\/","name":"","description":"","potentialAction":[{"@type":"SearchAction","target":{"@type":"EntryPoint","urlTemplate":"https:\/\/quehacerpolitico.mx\/?s={search_term_string}"},"query-input":{"@type":"PropertyValueSpecification","valueRequired":true,"valueName":"search_term_string"}}],"inLanguage":"es"},{"@type":"Person","@id":"https:\/\/quehacerpolitico.mx\/#\/schema\/person\/496d8ad2d1d3f8036101dca7ee39e585","name":"Redacci\u00f3n QP","image":{"@type":"ImageObject","inLanguage":"es","@id":"https:\/\/secure.gravatar.com\/avatar\/c7164ed6fdec453195284ad24a5ae5b6e1eed2b848477fa2a4787ba9adf39a41?s=96&d=mm&r=g","url":"https:\/\/secure.gravatar.com\/avatar\/c7164ed6fdec453195284ad24a5ae5b6e1eed2b848477fa2a4787ba9adf39a41?s=96&d=mm&r=g","contentUrl":"https:\/\/secure.gravatar.com\/avatar\/c7164ed6fdec453195284ad24a5ae5b6e1eed2b848477fa2a4787ba9adf39a41?s=96&d=mm&r=g","caption":"Redacci\u00f3n QP"},"url":"https:\/\/quehacerpolitico.mx\/?author=2"}]}},"featured_image_urls":{"full":["https:\/\/quehacerpolitico.mx\/wp-content\/uploads\/2025\/09\/IMG_3397.jpeg",678,452,false],"thumbnail":["https:\/\/quehacerpolitico.mx\/wp-content\/uploads\/2025\/09\/IMG_3397-150x150.jpeg",150,150,true],"medium":["https:\/\/quehacerpolitico.mx\/wp-content\/uploads\/2025\/09\/IMG_3397-300x200.jpeg",300,200,true],"medium_large":["https:\/\/quehacerpolitico.mx\/wp-content\/uploads\/2025\/09\/IMG_3397.jpeg",640,427,false],"large":["https:\/\/quehacerpolitico.mx\/wp-content\/uploads\/2025\/09\/IMG_3397.jpeg",640,427,false],"1536x1536":["https:\/\/quehacerpolitico.mx\/wp-content\/uploads\/2025\/09\/IMG_3397.jpeg",678,452,false],"2048x2048":["https:\/\/quehacerpolitico.mx\/wp-content\/uploads\/2025\/09\/IMG_3397.jpeg",678,452,false],"covernews-featured":["https:\/\/quehacerpolitico.mx\/wp-content\/uploads\/2025\/09\/IMG_3397.jpeg",678,452,false],"covernews-medium":["https:\/\/quehacerpolitico.mx\/wp-content\/uploads\/2025\/09\/IMG_3397-540x340.jpeg",540,340,true]},"author_info":{"display_name":"Redacci\u00f3n QP","author_link":"https:\/\/quehacerpolitico.mx\/?author=2"},"category_info":"<a href=\"https:\/\/quehacerpolitico.mx\/?cat=280\" rel=\"category\">Nacionales<\/a> <a href=\"https:\/\/quehacerpolitico.mx\/?cat=2\" rel=\"category\">Noticias<\/a>","tag_info":"Noticias","comment_count":"0","_links":{"self":[{"href":"https:\/\/quehacerpolitico.mx\/index.php?rest_route=\/wp\/v2\/posts\/119007","targetHints":{"allow":["GET"]}}],"collection":[{"href":"https:\/\/quehacerpolitico.mx\/index.php?rest_route=\/wp\/v2\/posts"}],"about":[{"href":"https:\/\/quehacerpolitico.mx\/index.php?rest_route=\/wp\/v2\/types\/post"}],"author":[{"embeddable":true,"href":"https:\/\/quehacerpolitico.mx\/index.php?rest_route=\/wp\/v2\/users\/2"}],"replies":[{"embeddable":true,"href":"https:\/\/quehacerpolitico.mx\/index.php?rest_route=%2Fwp%2Fv2%2Fcomments&post=119007"}],"version-history":[{"count":1,"href":"https:\/\/quehacerpolitico.mx\/index.php?rest_route=\/wp\/v2\/posts\/119007\/revisions"}],"predecessor-version":[{"id":119009,"href":"https:\/\/quehacerpolitico.mx\/index.php?rest_route=\/wp\/v2\/posts\/119007\/revisions\/119009"}],"wp:featuredmedia":[{"embeddable":true,"href":"https:\/\/quehacerpolitico.mx\/index.php?rest_route=\/wp\/v2\/media\/119008"}],"wp:attachment":[{"href":"https:\/\/quehacerpolitico.mx\/index.php?rest_route=%2Fwp%2Fv2%2Fmedia&parent=119007"}],"wp:term":[{"taxonomy":"category","embeddable":true,"href":"https:\/\/quehacerpolitico.mx\/index.php?rest_route=%2Fwp%2Fv2%2Fcategories&post=119007"},{"taxonomy":"post_tag","embeddable":true,"href":"https:\/\/quehacerpolitico.mx\/index.php?rest_route=%2Fwp%2Fv2%2Ftags&post=119007"}],"curies":[{"name":"wp","href":"https:\/\/api.w.org\/{rel}","templated":true}]}}