{"id":118995,"date":"2025-09-09T20:05:20","date_gmt":"2025-09-10T02:05:20","guid":{"rendered":"https:\/\/quehacerpolitico.mx\/?p=118995"},"modified":"2025-09-09T20:05:22","modified_gmt":"2025-09-10T02:05:22","slug":"el-influencer-jezzini-reaparecio-la-manana-de-este-martes-en-el-programa-de-television-venga-la-alegria-con-una-nueva-identidad","status":"publish","type":"post","link":"https:\/\/quehacerpolitico.mx\/?p=118995","title":{"rendered":"El influencer\u00a0Jezzini\u00a0reapareci\u00f3 la ma\u00f1ana de este martes en el programa de televisi\u00f3n Venga la Alegr\u00eda con una nueva identidad"},"content":{"rendered":"\n<p>Por Redacci\u00f3n QP<\/p>\n\n\n\n<p>Jezzini reapareci\u00f3 con peluca negra y un comportamiento inusual, que gener\u00f3 sospechas y preocupaci\u00f3n entre su p\u00fablico<\/p>\n\n\n\n<p>El influencer&nbsp;<strong>Jezzini&nbsp;<\/strong><mark>reapareci\u00f3 la ma\u00f1ana de este martes en el programa de televisi\u00f3n Venga la Alegr\u00eda con una nueva identidad, una peluca negra y un extra\u00f1o anuncio.<\/mark><\/p>\n\n\n\n<p>El creador de contenido, conocido por sus videos c\u00f3micos en&nbsp;<strong>TikTok<\/strong>, volvi\u00f3 a escena luego de semanas de ausencia, mensajes extra\u00f1os e incoherencias en sus redes sociales.<\/p>\n\n\n\n<p>El originario de Monterrey se present\u00f3 este martes en el popular programa mexicano, donde lejos de calmar a su p\u00fablico<mark>&nbsp;gener\u00f3 m\u00e1s sospechas y preocupaci\u00f3n tras aparecer con una peluca negra y comportarse de manera at\u00edpica.<\/mark><\/p>\n\n\n\n<p>Jezzini aprovech\u00f3 el espacio televisivo para asegurar que no hay nada malo con \u00e9l y que todo est\u00e1 bien; sin embargo, explic\u00f3 que ahora se har\u00e1 llamar&nbsp;<strong>Zinni<\/strong>.<\/p>\n\n\n\n<figure class=\"wp-block-embed is-type-rich is-provider-twitter wp-block-embed-twitter\"><div class=\"wp-block-embed__wrapper\">\n<blockquote class=\"twitter-tweet\" data-width=\"550\" data-dnt=\"true\"><p lang=\"es\" dir=\"ltr\">Estas fueron las primeras revelaciones de Jezzini.<br><br>VLA \ud83d\udcfa Lunes a viernes, 8:55 a.m.<br>Azteca UNO EN VIVO <a href=\"https:\/\/t.co\/gQ6ToBhT0o\">https:\/\/t.co\/gQ6ToBhT0o<\/a> <a href=\"https:\/\/t.co\/l1UIBucH5F\">pic.twitter.com\/l1UIBucH5F<\/a><\/p>&mdash; Venga la Alegr\u00eda (@VengaLaAlegria) <a href=\"https:\/\/twitter.com\/VengaLaAlegria\/status\/1965469486913585231?ref_src=twsrc%5Etfw\">September 9, 2025<\/a><\/blockquote><script async src=\"https:\/\/platform.twitter.com\/widgets.js\" charset=\"utf-8\"><\/script>\n<\/div><\/figure>\n\n\n\n<p>\u201cM\u00e9xico, estoy bien. Me llamo Zinni (&#8230;) Me encant\u00f3 el episodio de Katy Perry\u201d, declar\u00f3 el creador de contenido.<\/p>\n\n\n\n<p>Durante su intervenci\u00f3n, el influencer detall\u00f3 que<mark>, tras pasar por un proceso de hipnosis, logr\u00f3 \u201cdespertar otra conciencia\u201d.<\/mark><\/p>\n\n\n\n<p>\u201cUna voz me dijo: \u2018Zinni despierta, atr\u00e9vete a hacer todo lo que siempre quisiste ser\u2019\u201d.<\/p>\n\n\n\n<p>El creador de contenido mencion\u00f3 que esta nueva etapa incluye proyectos, entre ellos una canci\u00f3n llamada Big Bang. \u201cM\u00e9xico, bienvenidos a mi Big Bang\u201d.<\/p>\n\n\n\n<p><strong>Mohamed Ramiro Jezzini Cant\u00fa,<\/strong>&nbsp;originario de Monterrey, Nuevo Le\u00f3n,&nbsp;<mark>es uno de los influencers mexicanos m\u00e1s conocidos del momento gracias a su estilo c\u00f3mico particular.<\/mark><\/p>\n\n\n\n<p>Con m\u00e1s de&nbsp;<strong>6.3 millones de seguidores en TikTok y 1.6 millones en Instagram<\/strong>, Jezzini se posicion\u00f3 r\u00e1pidamente en el imaginario colectivo mexicano al compartir parte de su vida en redes sociales.<\/p>\n\n\n\n<p>Sin embargo, en semanas recientes elimin\u00f3 todo su contenido y preocup\u00f3 a sus fan\u00e1ticos tras desaparecer sin dejar rastro.<\/p>\n\n\n\n<p>Aunque muchos especulan que este extra\u00f1o regreso forma parte de una estrategia de marketing, como ya lo ha hecho en ocasiones anteriores,&nbsp;<mark>varias personas se muestran consternadas y confundidas sobre el significado de la llegada de este nuevo personaje<\/mark>, Zinni.<\/p>\n\n\n\n<p>A\u00fan no se sabe con certeza de qu\u00e9 se trata, y son miles los usuarios que intentan descifrar el trasfondo de esta pol\u00e9mica y qu\u00e9 es lo que realmente depara para el influencer.<\/p>\n\n\n\n<figure class=\"wp-block-embed is-type-video is-provider-youtube wp-block-embed-youtube wp-embed-aspect-16-9 wp-has-aspect-ratio\"><div class=\"wp-block-embed__wrapper\">\n<iframe loading=\"lazy\" title=\"BIG BANG(ER) BY ZZINI\" width=\"640\" height=\"360\" src=\"https:\/\/www.youtube.com\/embed\/NnGnxhYxJ5U?feature=oembed\" frameborder=\"0\" allow=\"accelerometer; autoplay; clipboard-write; encrypted-media; gyroscope; picture-in-picture; web-share\" referrerpolicy=\"strict-origin-when-cross-origin\" allowfullscreen><\/iframe>\n<\/div><\/figure>\n","protected":false},"excerpt":{"rendered":"<p>Por Redacci\u00f3n QP Jezzini reapareci\u00f3 con peluca negra y un comportamiento inusual, que gener\u00f3 sospechas&#8230;<\/p>\n","protected":false},"author":2,"featured_media":118996,"comment_status":"open","ping_status":"open","sticky":false,"template":"","format":"standard","meta":{"_monsterinsights_skip_tracking":false,"_monsterinsights_sitenote_active":false,"_monsterinsights_sitenote_note":"","_monsterinsights_sitenote_category":0,"footnotes":""},"categories":[58],"tags":[],"class_list":["post-118995","post","type-post","status-publish","format-standard","has-post-thumbnail","hentry","category-cultura"],"yoast_head":"<!-- This site is optimized with the Yoast SEO plugin v27.3 - https:\/\/yoast.com\/product\/yoast-seo-wordpress\/ -->\n<title>El influencer\u00a0Jezzini\u00a0reapareci\u00f3 la ma\u00f1ana de este martes en el programa de televisi\u00f3n Venga la Alegr\u00eda con una nueva identidad -<\/title>\n<meta name=\"robots\" content=\"index, follow, max-snippet:-1, max-image-preview:large, max-video-preview:-1\" \/>\n<link rel=\"canonical\" href=\"https:\/\/quehacerpolitico.mx\/?p=118995\" \/>\n<meta property=\"og:locale\" content=\"es_MX\" \/>\n<meta property=\"og:type\" content=\"article\" \/>\n<meta property=\"og:title\" content=\"El influencer\u00a0Jezzini\u00a0reapareci\u00f3 la ma\u00f1ana de este martes en el programa de televisi\u00f3n Venga la Alegr\u00eda con una nueva identidad -\" \/>\n<meta property=\"og:description\" content=\"Por Redacci\u00f3n QP Jezzini reapareci\u00f3 con peluca negra y un comportamiento inusual, que gener\u00f3 sospechas...\" \/>\n<meta property=\"og:url\" content=\"https:\/\/quehacerpolitico.mx\/?p=118995\" \/>\n<meta property=\"article:published_time\" content=\"2025-09-10T02:05:20+00:00\" \/>\n<meta property=\"article:modified_time\" content=\"2025-09-10T02:05:22+00:00\" \/>\n<meta property=\"og:image\" content=\"https:\/\/quehacerpolitico.mx\/wp-content\/uploads\/2025\/09\/IMG_3389.jpeg\" \/>\n\t<meta property=\"og:image:width\" content=\"739\" \/>\n\t<meta property=\"og:image:height\" content=\"415\" \/>\n\t<meta property=\"og:image:type\" content=\"image\/jpeg\" \/>\n<meta name=\"author\" content=\"Redacci\u00f3n QP\" \/>\n<meta name=\"twitter:card\" content=\"summary_large_image\" \/>\n<meta name=\"twitter:label1\" content=\"Escrito por\" \/>\n\t<meta name=\"twitter:data1\" content=\"Redacci\u00f3n QP\" \/>\n\t<meta name=\"twitter:label2\" content=\"Tiempo de lectura\" \/>\n\t<meta name=\"twitter:data2\" content=\"2 minutos\" \/>\n<script type=\"application\/ld+json\" class=\"yoast-schema-graph\">{\"@context\":\"https:\\\/\\\/schema.org\",\"@graph\":[{\"@type\":\"Article\",\"@id\":\"https:\\\/\\\/quehacerpolitico.mx\\\/?p=118995#article\",\"isPartOf\":{\"@id\":\"https:\\\/\\\/quehacerpolitico.mx\\\/?p=118995\"},\"author\":{\"name\":\"Redacci\u00f3n QP\",\"@id\":\"https:\\\/\\\/quehacerpolitico.mx\\\/#\\\/schema\\\/person\\\/496d8ad2d1d3f8036101dca7ee39e585\"},\"headline\":\"El influencer\u00a0Jezzini\u00a0reapareci\u00f3 la ma\u00f1ana de este martes en el programa de televisi\u00f3n Venga la Alegr\u00eda con una nueva identidad\",\"datePublished\":\"2025-09-10T02:05:20+00:00\",\"dateModified\":\"2025-09-10T02:05:22+00:00\",\"mainEntityOfPage\":{\"@id\":\"https:\\\/\\\/quehacerpolitico.mx\\\/?p=118995\"},\"wordCount\":436,\"commentCount\":0,\"image\":{\"@id\":\"https:\\\/\\\/quehacerpolitico.mx\\\/?p=118995#primaryimage\"},\"thumbnailUrl\":\"https:\\\/\\\/quehacerpolitico.mx\\\/wp-content\\\/uploads\\\/2025\\\/09\\\/IMG_3389.jpeg\",\"articleSection\":[\"Cultura y Entretenimiento\"],\"inLanguage\":\"es\",\"potentialAction\":[{\"@type\":\"CommentAction\",\"name\":\"Comment\",\"target\":[\"https:\\\/\\\/quehacerpolitico.mx\\\/?p=118995#respond\"]}]},{\"@type\":\"WebPage\",\"@id\":\"https:\\\/\\\/quehacerpolitico.mx\\\/?p=118995\",\"url\":\"https:\\\/\\\/quehacerpolitico.mx\\\/?p=118995\",\"name\":\"El influencer\u00a0Jezzini\u00a0reapareci\u00f3 la ma\u00f1ana de este martes en el programa de televisi\u00f3n Venga la Alegr\u00eda con una nueva identidad -\",\"isPartOf\":{\"@id\":\"https:\\\/\\\/quehacerpolitico.mx\\\/#website\"},\"primaryImageOfPage\":{\"@id\":\"https:\\\/\\\/quehacerpolitico.mx\\\/?p=118995#primaryimage\"},\"image\":{\"@id\":\"https:\\\/\\\/quehacerpolitico.mx\\\/?p=118995#primaryimage\"},\"thumbnailUrl\":\"https:\\\/\\\/quehacerpolitico.mx\\\/wp-content\\\/uploads\\\/2025\\\/09\\\/IMG_3389.jpeg\",\"datePublished\":\"2025-09-10T02:05:20+00:00\",\"dateModified\":\"2025-09-10T02:05:22+00:00\",\"author\":{\"@id\":\"https:\\\/\\\/quehacerpolitico.mx\\\/#\\\/schema\\\/person\\\/496d8ad2d1d3f8036101dca7ee39e585\"},\"breadcrumb\":{\"@id\":\"https:\\\/\\\/quehacerpolitico.mx\\\/?p=118995#breadcrumb\"},\"inLanguage\":\"es\",\"potentialAction\":[{\"@type\":\"ReadAction\",\"target\":[\"https:\\\/\\\/quehacerpolitico.mx\\\/?p=118995\"]}]},{\"@type\":\"ImageObject\",\"inLanguage\":\"es\",\"@id\":\"https:\\\/\\\/quehacerpolitico.mx\\\/?p=118995#primaryimage\",\"url\":\"https:\\\/\\\/quehacerpolitico.mx\\\/wp-content\\\/uploads\\\/2025\\\/09\\\/IMG_3389.jpeg\",\"contentUrl\":\"https:\\\/\\\/quehacerpolitico.mx\\\/wp-content\\\/uploads\\\/2025\\\/09\\\/IMG_3389.jpeg\",\"width\":739,\"height\":415},{\"@type\":\"BreadcrumbList\",\"@id\":\"https:\\\/\\\/quehacerpolitico.mx\\\/?p=118995#breadcrumb\",\"itemListElement\":[{\"@type\":\"ListItem\",\"position\":1,\"name\":\"Inicio\",\"item\":\"https:\\\/\\\/quehacerpolitico.mx\\\/\"},{\"@type\":\"ListItem\",\"position\":2,\"name\":\"El influencer\u00a0Jezzini\u00a0reapareci\u00f3 la ma\u00f1ana de este martes en el programa de televisi\u00f3n Venga la Alegr\u00eda con una nueva identidad\"}]},{\"@type\":\"WebSite\",\"@id\":\"https:\\\/\\\/quehacerpolitico.mx\\\/#website\",\"url\":\"https:\\\/\\\/quehacerpolitico.mx\\\/\",\"name\":\"\",\"description\":\"\",\"potentialAction\":[{\"@type\":\"SearchAction\",\"target\":{\"@type\":\"EntryPoint\",\"urlTemplate\":\"https:\\\/\\\/quehacerpolitico.mx\\\/?s={search_term_string}\"},\"query-input\":{\"@type\":\"PropertyValueSpecification\",\"valueRequired\":true,\"valueName\":\"search_term_string\"}}],\"inLanguage\":\"es\"},{\"@type\":\"Person\",\"@id\":\"https:\\\/\\\/quehacerpolitico.mx\\\/#\\\/schema\\\/person\\\/496d8ad2d1d3f8036101dca7ee39e585\",\"name\":\"Redacci\u00f3n QP\",\"image\":{\"@type\":\"ImageObject\",\"inLanguage\":\"es\",\"@id\":\"https:\\\/\\\/secure.gravatar.com\\\/avatar\\\/c7164ed6fdec453195284ad24a5ae5b6e1eed2b848477fa2a4787ba9adf39a41?s=96&d=mm&r=g\",\"url\":\"https:\\\/\\\/secure.gravatar.com\\\/avatar\\\/c7164ed6fdec453195284ad24a5ae5b6e1eed2b848477fa2a4787ba9adf39a41?s=96&d=mm&r=g\",\"contentUrl\":\"https:\\\/\\\/secure.gravatar.com\\\/avatar\\\/c7164ed6fdec453195284ad24a5ae5b6e1eed2b848477fa2a4787ba9adf39a41?s=96&d=mm&r=g\",\"caption\":\"Redacci\u00f3n QP\"},\"url\":\"https:\\\/\\\/quehacerpolitico.mx\\\/?author=2\"}]}<\/script>\n<!-- \/ Yoast SEO plugin. -->","yoast_head_json":{"title":"El influencer\u00a0Jezzini\u00a0reapareci\u00f3 la ma\u00f1ana de este martes en el programa de televisi\u00f3n Venga la Alegr\u00eda con una nueva identidad -","robots":{"index":"index","follow":"follow","max-snippet":"max-snippet:-1","max-image-preview":"max-image-preview:large","max-video-preview":"max-video-preview:-1"},"canonical":"https:\/\/quehacerpolitico.mx\/?p=118995","og_locale":"es_MX","og_type":"article","og_title":"El influencer\u00a0Jezzini\u00a0reapareci\u00f3 la ma\u00f1ana de este martes en el programa de televisi\u00f3n Venga la Alegr\u00eda con una nueva identidad -","og_description":"Por Redacci\u00f3n QP Jezzini reapareci\u00f3 con peluca negra y un comportamiento inusual, que gener\u00f3 sospechas...","og_url":"https:\/\/quehacerpolitico.mx\/?p=118995","article_published_time":"2025-09-10T02:05:20+00:00","article_modified_time":"2025-09-10T02:05:22+00:00","og_image":[{"width":739,"height":415,"url":"https:\/\/quehacerpolitico.mx\/wp-content\/uploads\/2025\/09\/IMG_3389.jpeg","type":"image\/jpeg"}],"author":"Redacci\u00f3n QP","twitter_card":"summary_large_image","twitter_misc":{"Escrito por":"Redacci\u00f3n QP","Tiempo de lectura":"2 minutos"},"schema":{"@context":"https:\/\/schema.org","@graph":[{"@type":"Article","@id":"https:\/\/quehacerpolitico.mx\/?p=118995#article","isPartOf":{"@id":"https:\/\/quehacerpolitico.mx\/?p=118995"},"author":{"name":"Redacci\u00f3n QP","@id":"https:\/\/quehacerpolitico.mx\/#\/schema\/person\/496d8ad2d1d3f8036101dca7ee39e585"},"headline":"El influencer\u00a0Jezzini\u00a0reapareci\u00f3 la ma\u00f1ana de este martes en el programa de televisi\u00f3n Venga la Alegr\u00eda con una nueva identidad","datePublished":"2025-09-10T02:05:20+00:00","dateModified":"2025-09-10T02:05:22+00:00","mainEntityOfPage":{"@id":"https:\/\/quehacerpolitico.mx\/?p=118995"},"wordCount":436,"commentCount":0,"image":{"@id":"https:\/\/quehacerpolitico.mx\/?p=118995#primaryimage"},"thumbnailUrl":"https:\/\/quehacerpolitico.mx\/wp-content\/uploads\/2025\/09\/IMG_3389.jpeg","articleSection":["Cultura y Entretenimiento"],"inLanguage":"es","potentialAction":[{"@type":"CommentAction","name":"Comment","target":["https:\/\/quehacerpolitico.mx\/?p=118995#respond"]}]},{"@type":"WebPage","@id":"https:\/\/quehacerpolitico.mx\/?p=118995","url":"https:\/\/quehacerpolitico.mx\/?p=118995","name":"El influencer\u00a0Jezzini\u00a0reapareci\u00f3 la ma\u00f1ana de este martes en el programa de televisi\u00f3n Venga la Alegr\u00eda con una nueva identidad -","isPartOf":{"@id":"https:\/\/quehacerpolitico.mx\/#website"},"primaryImageOfPage":{"@id":"https:\/\/quehacerpolitico.mx\/?p=118995#primaryimage"},"image":{"@id":"https:\/\/quehacerpolitico.mx\/?p=118995#primaryimage"},"thumbnailUrl":"https:\/\/quehacerpolitico.mx\/wp-content\/uploads\/2025\/09\/IMG_3389.jpeg","datePublished":"2025-09-10T02:05:20+00:00","dateModified":"2025-09-10T02:05:22+00:00","author":{"@id":"https:\/\/quehacerpolitico.mx\/#\/schema\/person\/496d8ad2d1d3f8036101dca7ee39e585"},"breadcrumb":{"@id":"https:\/\/quehacerpolitico.mx\/?p=118995#breadcrumb"},"inLanguage":"es","potentialAction":[{"@type":"ReadAction","target":["https:\/\/quehacerpolitico.mx\/?p=118995"]}]},{"@type":"ImageObject","inLanguage":"es","@id":"https:\/\/quehacerpolitico.mx\/?p=118995#primaryimage","url":"https:\/\/quehacerpolitico.mx\/wp-content\/uploads\/2025\/09\/IMG_3389.jpeg","contentUrl":"https:\/\/quehacerpolitico.mx\/wp-content\/uploads\/2025\/09\/IMG_3389.jpeg","width":739,"height":415},{"@type":"BreadcrumbList","@id":"https:\/\/quehacerpolitico.mx\/?p=118995#breadcrumb","itemListElement":[{"@type":"ListItem","position":1,"name":"Inicio","item":"https:\/\/quehacerpolitico.mx\/"},{"@type":"ListItem","position":2,"name":"El influencer\u00a0Jezzini\u00a0reapareci\u00f3 la ma\u00f1ana de este martes en el programa de televisi\u00f3n Venga la Alegr\u00eda con una nueva identidad"}]},{"@type":"WebSite","@id":"https:\/\/quehacerpolitico.mx\/#website","url":"https:\/\/quehacerpolitico.mx\/","name":"","description":"","potentialAction":[{"@type":"SearchAction","target":{"@type":"EntryPoint","urlTemplate":"https:\/\/quehacerpolitico.mx\/?s={search_term_string}"},"query-input":{"@type":"PropertyValueSpecification","valueRequired":true,"valueName":"search_term_string"}}],"inLanguage":"es"},{"@type":"Person","@id":"https:\/\/quehacerpolitico.mx\/#\/schema\/person\/496d8ad2d1d3f8036101dca7ee39e585","name":"Redacci\u00f3n QP","image":{"@type":"ImageObject","inLanguage":"es","@id":"https:\/\/secure.gravatar.com\/avatar\/c7164ed6fdec453195284ad24a5ae5b6e1eed2b848477fa2a4787ba9adf39a41?s=96&d=mm&r=g","url":"https:\/\/secure.gravatar.com\/avatar\/c7164ed6fdec453195284ad24a5ae5b6e1eed2b848477fa2a4787ba9adf39a41?s=96&d=mm&r=g","contentUrl":"https:\/\/secure.gravatar.com\/avatar\/c7164ed6fdec453195284ad24a5ae5b6e1eed2b848477fa2a4787ba9adf39a41?s=96&d=mm&r=g","caption":"Redacci\u00f3n QP"},"url":"https:\/\/quehacerpolitico.mx\/?author=2"}]}},"featured_image_urls":{"full":["https:\/\/quehacerpolitico.mx\/wp-content\/uploads\/2025\/09\/IMG_3389.jpeg",739,415,false],"thumbnail":["https:\/\/quehacerpolitico.mx\/wp-content\/uploads\/2025\/09\/IMG_3389-150x150.jpeg",150,150,true],"medium":["https:\/\/quehacerpolitico.mx\/wp-content\/uploads\/2025\/09\/IMG_3389-300x168.jpeg",300,168,true],"medium_large":["https:\/\/quehacerpolitico.mx\/wp-content\/uploads\/2025\/09\/IMG_3389.jpeg",640,359,false],"large":["https:\/\/quehacerpolitico.mx\/wp-content\/uploads\/2025\/09\/IMG_3389.jpeg",640,359,false],"1536x1536":["https:\/\/quehacerpolitico.mx\/wp-content\/uploads\/2025\/09\/IMG_3389.jpeg",739,415,false],"2048x2048":["https:\/\/quehacerpolitico.mx\/wp-content\/uploads\/2025\/09\/IMG_3389.jpeg",739,415,false],"covernews-featured":["https:\/\/quehacerpolitico.mx\/wp-content\/uploads\/2025\/09\/IMG_3389.jpeg",739,415,false],"covernews-medium":["https:\/\/quehacerpolitico.mx\/wp-content\/uploads\/2025\/09\/IMG_3389-540x340.jpeg",540,340,true]},"author_info":{"display_name":"Redacci\u00f3n QP","author_link":"https:\/\/quehacerpolitico.mx\/?author=2"},"category_info":"<a href=\"https:\/\/quehacerpolitico.mx\/?cat=58\" rel=\"category\">Cultura y Entretenimiento<\/a>","tag_info":"Cultura y Entretenimiento","comment_count":"0","_links":{"self":[{"href":"https:\/\/quehacerpolitico.mx\/index.php?rest_route=\/wp\/v2\/posts\/118995","targetHints":{"allow":["GET"]}}],"collection":[{"href":"https:\/\/quehacerpolitico.mx\/index.php?rest_route=\/wp\/v2\/posts"}],"about":[{"href":"https:\/\/quehacerpolitico.mx\/index.php?rest_route=\/wp\/v2\/types\/post"}],"author":[{"embeddable":true,"href":"https:\/\/quehacerpolitico.mx\/index.php?rest_route=\/wp\/v2\/users\/2"}],"replies":[{"embeddable":true,"href":"https:\/\/quehacerpolitico.mx\/index.php?rest_route=%2Fwp%2Fv2%2Fcomments&post=118995"}],"version-history":[{"count":1,"href":"https:\/\/quehacerpolitico.mx\/index.php?rest_route=\/wp\/v2\/posts\/118995\/revisions"}],"predecessor-version":[{"id":118998,"href":"https:\/\/quehacerpolitico.mx\/index.php?rest_route=\/wp\/v2\/posts\/118995\/revisions\/118998"}],"wp:featuredmedia":[{"embeddable":true,"href":"https:\/\/quehacerpolitico.mx\/index.php?rest_route=\/wp\/v2\/media\/118996"}],"wp:attachment":[{"href":"https:\/\/quehacerpolitico.mx\/index.php?rest_route=%2Fwp%2Fv2%2Fmedia&parent=118995"}],"wp:term":[{"taxonomy":"category","embeddable":true,"href":"https:\/\/quehacerpolitico.mx\/index.php?rest_route=%2Fwp%2Fv2%2Fcategories&post=118995"},{"taxonomy":"post_tag","embeddable":true,"href":"https:\/\/quehacerpolitico.mx\/index.php?rest_route=%2Fwp%2Fv2%2Ftags&post=118995"}],"curies":[{"name":"wp","href":"https:\/\/api.w.org\/{rel}","templated":true}]}}